{"id":3520,"date":"2024-12-19T00:19:11","date_gmt":"2024-12-18T23:19:11","guid":{"rendered":"https:\/\/vieassociative.be\/actualites\/votre-enfant-est-il-trop-populaire-pour-son-propre-bien\/"},"modified":"2024-12-19T00:19:11","modified_gmt":"2024-12-18T23:19:11","slug":"votre-enfant-est-il-trop-populaire-pour-son-propre-bien","status":"publish","type":"post","link":"https:\/\/vieassociative.be\/actualites\/votre-enfant-est-il-trop-populaire-pour-son-propre-bien\/","title":{"rendered":"Votre enfant est-il trop populaire pour son propre bien\u00a0?"},"content":{"rendered":"<div class=\"mt-4 leading-6 md:mb-8\">Faire partie des \u00ab cool kids \u00bb ne m\u00e8ne pas n\u00e9cessairement \u00e0 avoir une vie cool.<\/div>\n<p><\/p>\n<p>Il est impossible pour des parents r\u00e9fl\u00e9chis de ne pas s\u2019inqui\u00e9ter de la popularit\u00e9 de leur enfant. Tu ne te souviens pas du tien<em> Seigneurs des mouches<\/em>-avec de la laque pour cheveux au lyc\u00e9e et ne vous demandez pas si vous avez pr\u00e9par\u00e9 votre enfant \u00e0 naviguer dans le paysage social charg\u00e9 de l&rsquo;\u00e2ge adulte.<\/p>\n<p>Si vous \u00eates comme moi, vous craignez que votre tout-petit ne soit sans amis au lyc\u00e9e, qu&rsquo;il d\u00e9jeune dans les toilettes et qu&rsquo;il envienne les enfants populaires. Mais ne poussez pas un soupir de soulagement si les choses ne semblent pas se diriger dans cette direction. Il y a toujours <em>quelque chose<\/em> s&rsquo;inqui\u00e9ter, et si votre enfant est appr\u00e9ci\u00e9 et admir\u00e9 largement par ses pairs, cela pourrait indiquer un autre type de probl\u00e8me\u00a0: il pourrait \u00eatre <em>aussi<\/em> populaire. <\/p>\n<h2 id=\"different-kinds-of-popularity\"><strong>Diff\u00e9rents types de popularit\u00e9<\/strong><\/h2>\n<p>Pour d\u00e9terminer si votre enfant est trop populaire, vous devez d\u2019abord d\u00e9finir \u00ab populaire \u00bb. Selon l&rsquo;expert en popularit\u00e9 et psychologue Dr Mitch Prinstein, auteur de <em>Populaire\u00a0:\u00a0Trouver le bonheur et le succ\u00e8s dans un monde qui se soucie trop des mauvais types de relations<\/em>il existe deux types de popularit\u00e9 : la r\u00e9putation sociale (statut) et la pr\u00e9f\u00e9rence sociale (likabilit\u00e9), et notre sympathie est un facteur cl\u00e9 qui d\u00e9termine nos r\u00e9sultats. \u00abC&rsquo;est la cl\u00e9 pour r\u00e9ussir dans le monde d&rsquo;aujourd&rsquo;hui. Mais c&rsquo;est un domaine dans lequel nous passons si peu de temps \u00e0 enseigner et \u00e0 surveiller \u2013 au d\u00e9triment de tout le monde \u00bb, a d\u00e9clar\u00e9 Prinstein au KQED.<\/p>\n<p>Le statut tel que d\u00e9fini par Prinstein est quelque chose comme \u00ab le pouvoir, la domination et l\u2019influence \u00bb. Ce sont l\u00e0 les traits caract\u00e9ristiques de la clique populaire st\u00e9r\u00e9otyp\u00e9e. Tous les autres enfants connaissent les enfants de haut rang \u2013 ce sont les sportifs et les m\u00e9chantes filles des com\u00e9dies pour adolescents des ann\u00e9es 80 et 90 \u2013 mais cela ne veut pas dire que tout le monde <em>go\u00fbts<\/em> eux. Au lyc\u00e9e comme dans la vie, les personnes de haut rang maintiennent souvent leur position gr\u00e2ce au harc\u00e8lement, \u00e0 l&rsquo;intimidation et aux intrigues machiav\u00e9liques, des traits qui peuvent vous placer au sommet du classement au lyc\u00e9e, mais qui ne vous rendent pas n\u00e9cessairement heureux et en bonne sant\u00e9 en tant qu&rsquo;\u00e9l\u00e8ve. adulte. <\/p>\n<p>Le deuxi\u00e8me type d&rsquo;enfants est \u00ab populaire \u00bb dans le sens o\u00f9 ils sont sympathiques. C\u2019est le genre de popularit\u00e9 que vous souhaitez encourager. C&rsquo;est la popularit\u00e9 favoris\u00e9e par les jeunes enfants, avant qu&rsquo;ils ne soient emport\u00e9s \u00e0 la d\u00e9rive dans la mer agit\u00e9e de la pubert\u00e9. Les personnes sympathiques accueillent les autres, sont inclusives, empathiques et gentilles. Cela ne se traduit pas n\u00e9cessairement par un large cercle d&rsquo;amis au cours de la pr\u00e9adolescence et de l&rsquo;adolescence, mais cela tend \u00e0 se traduire par des amiti\u00e9s et des relations plus profondes. <\/p>\n<p>Cette \u00e9tude longitudinale classique sur la popularit\u00e9 des adolescents indique qu\u2019environ un tiers des \u00e9tudiants sont consid\u00e9r\u00e9s par leurs pairs comme faisant partie de la clique populaire de premier plan. Environ la moiti\u00e9 des lyc\u00e9ens interrog\u00e9s \u00e9taient consid\u00e9r\u00e9s comme ayant un statut interm\u00e9diaire : ils avaient tendance \u00e0 ne pas aimer les gens populaires, mais avaient leurs propres petits cercles sociaux. Les 20 pour cent restants \u00e9taient soit des fid\u00e8les du peuple populaire, soit des solitaires socialement isol\u00e9s. Les r\u00e9sultats ne semblent pas excellents pour le tiers des enfants le plus populaire. <\/p>\n<p>Des recherches men\u00e9es par des psychologues de l&rsquo;Universit\u00e9 de Virginie indiquent que les \u00ab\u00a0enfants cool\u00a0\u00bb des coll\u00e8ges et lyc\u00e9es ne le restent pas. Les choses qui rendent un jeune de 13 ans socialement d\u00e9sirable et admirable \u2013 la prise de risque, la recherche d\u2019un statut social gr\u00e2ce \u00e0 des amiti\u00e9s avec d\u2019autres personnes populaires \u2013 semblent progressivement moins d\u00e9sirables aux yeux des autres \u00e0 mesure qu\u2019ils vieillissent. Au d\u00e9but de la vingtaine, les enfants cool \u00e9taient plus susceptibles d&rsquo;avoir des probl\u00e8mes de drogue ou d&rsquo;alcool et d&rsquo;\u00eatre condamn\u00e9s au criminel que leurs pairs pas cool, et ils sont \u00e9galement plus susceptibles d&rsquo;\u00eatre consid\u00e9r\u00e9s comme <em>moins<\/em> socialement comp\u00e9tent. Pensez \u00e0 vous saouler au club : si vous avez 25 ans, vous \u00eates consid\u00e9r\u00e9 comme une personne amusante qui fait la f\u00eate ; mais si vous avez 45 ans, vous \u00eates consid\u00e9r\u00e9 comme path\u00e9tique.<\/p>\n<p>Quant au groupe peu populaire mais pas sans amis\u00a0: une recherche publi\u00e9e dans le Journal of Child Development indique que les \u00e9tudiants qui ont quelques amis proches sont plus susceptibles d&rsquo;\u00eatre des adultes en meilleure sant\u00e9 mentale que leurs pairs qui ont eu de nombreuses amiti\u00e9s superficielles. Les types de personnes qui recherchent un statut social sont plus susceptibles de d\u00e9velopper des troubles anxieux, peut-\u00eatre parce que les choses qu\u2019ils faisaient lorsqu\u2019ils \u00e9taient jeunes adolescents pour influencer les autres ne fonctionnent plus. <\/p>\n<p>\u00ab\u00a0Notre recherche a r\u00e9v\u00e9l\u00e9 que la qualit\u00e9 des amiti\u00e9s \u00e0 l&rsquo;adolescence peut pr\u00e9dire directement certains aspects de la sant\u00e9 mentale et \u00e9motionnelle \u00e0 long terme\u00a0\u00bb, a \u00e9crit Rachel K. Narr, candidate au doctorat en psychologie clinique \u00e0 l&rsquo;Universit\u00e9 de Virginie, qui a dirig\u00e9 l&rsquo;\u00e9tude.<\/p>\n<h2 id=\"how-to-help-your-kid-become-the-right-kind-of-popular\"><strong>Comment aider votre enfant \u00e0 devenir le \u00ab bon \u00bb type de populaire<\/strong><\/h2>\n<p>Bien que certains aspects de la popularit\u00e9 soient g\u00e9n\u00e9tiques (les personnes belles ont plus de chances de r\u00e9ussir socialement, par exemple), la sympathie peut \u00eatre enseign\u00e9e. Modeler un comportement prosocial lorsque vos enfants sont tr\u00e8s jeunes est corr\u00e9l\u00e9 au fait que les enfants sont plus susceptibles d&rsquo;\u00eatre meilleurs en mati\u00e8re sociale, o\u00f9 les parents qui mod\u00e9lisent un comportement agressif peuvent affecter consid\u00e9rablement la fa\u00e7on dont leurs enfants interagissent avec leurs pairs. C&rsquo;est un clich\u00e9, mais c&rsquo;est vrai : vos enfants vous regardent pour obtenir des conseils d\u00e8s leur naissance, donc vos relations avec les autres leur seront transmises.<\/p>\n<p>Lorsque votre enfant est assez vieux pour des \u00ab rendez-vous de jeu \u00bb, organisez-en un grand nombre. Les parents peuvent inculquer de bonnes comp\u00e9tences sociales \u00e0 leurs enfants d\u00e8s l\u2019\u00e2ge pr\u00e9scolaire en leur offrant simplement de nombreuses opportunit\u00e9s d\u2019interagir avec d\u2019autres enfants. <\/p>\n<p>Au moment o\u00f9 votre enfant entre au coll\u00e8ge, il est probable qu&rsquo;il s&rsquo;\u00e9loigne de ses parents pour s&rsquo;inspirer de ses pairs, mais cela ne signifie pas que vous n&rsquo;avez aucune contribution. L&rsquo;influence parentale est toujours importante, m\u00eame pour les adolescents, m\u00eame si vous devez veiller \u00e0 la faire d&rsquo;une mani\u00e8re qui respecte l&rsquo;autonomie de l&rsquo;enfant. Vous ne pouvez pas d\u00e9cider avec qui votre enfant est ami comme vous le feriez avec des dates de jeu, mais vous pouvez le faire. \u00eatre un mentor de confiance. <\/p>\n<h2 id=\"social-media-friendships-and-popularity\"><strong>R\u00e9seaux sociaux, amiti\u00e9s et popularit\u00e9<\/strong><\/h2>\n<p>Comme on peut s&rsquo;y attendre, selon Prinstein, les m\u00e9dias sociaux encouragent le \u00ab mauvais \u00bb type de popularit\u00e9 ; les enfants (comme beaucoup d\u2019adultes) qui recherchent le genre d\u2019interactions sociales superficielles et stimulantes pour leur ego, analogues \u00e0 la popularit\u00e9 de haut rang, peuvent trouver de quoi \u00eatre obs\u00e9d\u00e9s en ligne. \u00ab\u00a0Cette pr\u00e9dilection semble devenir encore plus prononc\u00e9e maintenant que les adolescents peuvent participer \u00e0 une loterie sociale \u00e0 chaque clic de souris sur les r\u00e9seaux sociaux\u00a0\u00bb, pr\u00e9vient Prinstein.<\/p>\n<p>Les recherches sur les jeunes adultes et les m\u00e9dias sociaux sugg\u00e8rent un lien entre la d\u00e9pression et l&rsquo;utilisation intensive des m\u00e9dias sociaux, bien que la majeure partie des recherches dans ce domaine aient \u00e9t\u00e9 r\u00e9alis\u00e9es sur des plateformes plus anciennes comme Facebook et Twitter. Les nouvelles plateformes avec des bases d&rsquo;utilisateurs plus jeunes, comme TikTok, ont des structures et des exp\u00e9riences utilisateur diff\u00e9rentes de celles des plateformes de m\u00e9dias sociaux \u00ab traditionnelles \u00bb, il n&rsquo;est donc pas clair si les m\u00eames corr\u00e9lations sont valables.<\/p>\n<p>Pour l&rsquo;anecdote, mon propre adolescent et ses amis ne s&rsquo;int\u00e9ressent \u00e0 aucune plateforme de m\u00e9dias sociaux, mais ils jouent en ligne. <em>Apex\u00a0: L\u00e9gendes <\/em>ensemble tous les putains de soirs. Est-ce que tirer sur ses amis pendant des heures par jour va cr\u00e9er le genre d\u2019amiti\u00e9s profondes que j\u2019aimerais voir ? Lui et ses gar\u00e7ons ringards d\u00e9velopperont-ils des liens profonds, comme des fr\u00e8res d\u2019armes virtuels dans une foxhole virtuelle ? Ou s\u2019agit-il simplement de la m\u00eame qu\u00eate de statut que celle des cliques populaires, avec des ratios tu\u00e9s\/morts \u00e9lev\u00e9s remplac\u00e9s par des touch\u00e9s et des plaqu\u00e9s ? Je ne connais pas la r\u00e9ponse, mais au moins, cela m&rsquo;inqui\u00e8te, donc je dois faire quelque chose de bien. <\/p>\n<p><\/p>\n","protected":false},"excerpt":{"rendered":"<p>Faire partie des \u00ab cool kids \u00bb ne m\u00e8ne pas n\u00e9cessairement \u00e0 avoir une vie cool. Il est impossible pour des parents r\u00e9fl\u00e9chis de ne<\/p>\n","protected":false},"author":1,"featured_media":3521,"comment_status":"","ping_status":"","sticky":false,"template":"","format":"standard","meta":{"footnotes":""},"categories":[37],"tags":[254,295,586,4115,81,2292,800,656,8],"class_list":["post-3520","post","type-post","status-publish","format-standard","has-post-thumbnail","hentry","category-famille","tag-bien","tag-enfant","tag-estil","tag-populaire","tag-pour","tag-propre","tag-son","tag-trop","tag-votre","generate-columns","tablet-grid-50","mobile-grid-100","grid-parent","grid-33"],"yoast_head":"<!-- This site is optimized with the Yoast SEO plugin v24.0 - https:\/\/yoast.com\/wordpress\/plugins\/seo\/ -->\n<title>Votre enfant est-il trop populaire pour son propre bien\u00a0? | Vie Associative<\/title>\n<meta name=\"robots\" content=\"index, follow, max-snippet:-1, max-image-preview:large, max-video-preview:-1\" \/>\n<link rel=\"canonical\" href=\"https:\/\/vieassociative.be\/actualites\/votre-enfant-est-il-trop-populaire-pour-son-propre-bien\/\" \/>\n<meta property=\"og:locale\" content=\"fr_FR\" \/>\n<meta property=\"og:type\" content=\"article\" \/>\n<meta property=\"og:title\" content=\"Votre enfant est-il trop populaire pour son propre bien\u00a0? | Vie Associative\" \/>\n<meta property=\"og:description\" content=\"Faire partie des \u00ab cool kids \u00bb ne m\u00e8ne pas n\u00e9cessairement \u00e0 avoir une vie cool. Il est impossible pour des parents r\u00e9fl\u00e9chis de ne\" \/>\n<meta property=\"og:url\" content=\"https:\/\/vieassociative.be\/actualites\/votre-enfant-est-il-trop-populaire-pour-son-propre-bien\/\" \/>\n<meta property=\"og:site_name\" content=\"Vie Associative\" \/>\n<meta property=\"article:published_time\" content=\"2024-12-18T23:19:11+00:00\" \/>\n<meta property=\"og:image\" content=\"https:\/\/vieassociative.be\/actualites\/wp-content\/uploads\/2024\/09\/header_backgroundk-01-e1726694325946.png\" \/>\n\t<meta property=\"og:image:width\" content=\"279\" \/>\n\t<meta property=\"og:image:height\" content=\"92\" \/>\n\t<meta property=\"og:image:type\" content=\"image\/png\" \/>\n<meta name=\"author\" content=\"Julien\" \/>\n<meta name=\"twitter:card\" content=\"summary_large_image\" \/>\n<meta name=\"twitter:label1\" content=\"\u00c9crit par\" \/>\n\t<meta name=\"twitter:data1\" content=\"Julien\" \/>\n\t<meta name=\"twitter:label2\" content=\"Dur\u00e9e de lecture est.\" \/>\n\t<meta name=\"twitter:data2\" content=\"7 minutes\" \/>\n<script type=\"application\/ld+json\" class=\"yoast-schema-graph\">{\"@context\":\"https:\/\/schema.org\",\"@graph\":[{\"@type\":\"Article\",\"@id\":\"https:\/\/vieassociative.be\/actualites\/votre-enfant-est-il-trop-populaire-pour-son-propre-bien\/#article\",\"isPartOf\":{\"@id\":\"https:\/\/vieassociative.be\/actualites\/votre-enfant-est-il-trop-populaire-pour-son-propre-bien\/\"},\"author\":{\"name\":\"Julien\",\"@id\":\"https:\/\/vieassociative.be\/actualites\/#\/schema\/person\/b87ac4f82f9d4e7b7cec7395b679edc4\"},\"headline\":\"Votre enfant est-il trop populaire pour son propre bien\u00a0?\",\"datePublished\":\"2024-12-18T23:19:11+00:00\",\"dateModified\":\"2024-12-18T23:19:11+00:00\",\"mainEntityOfPage\":{\"@id\":\"https:\/\/vieassociative.be\/actualites\/votre-enfant-est-il-trop-populaire-pour-son-propre-bien\/\"},\"wordCount\":1512,\"publisher\":{\"@id\":\"https:\/\/vieassociative.be\/actualites\/#organization\"},\"image\":{\"@id\":\"https:\/\/vieassociative.be\/actualites\/votre-enfant-est-il-trop-populaire-pour-son-propre-bien\/#primaryimage\"},\"thumbnailUrl\":\"https:\/\/vieassociative.be\/actualites\/wp-content\/uploads\/2024\/12\/Votre-enfant-est-il-trop-populaire-pour-son-propre-bien.jpg\",\"keywords\":[\"bien\",\"enfant\",\"estil\",\"populaire\",\"pour\",\"propre\",\"son\",\"trop\",\"votre\"],\"articleSection\":[\"Famille\"],\"inLanguage\":\"fr-BE\"},{\"@type\":\"WebPage\",\"@id\":\"https:\/\/vieassociative.be\/actualites\/votre-enfant-est-il-trop-populaire-pour-son-propre-bien\/\",\"url\":\"https:\/\/vieassociative.be\/actualites\/votre-enfant-est-il-trop-populaire-pour-son-propre-bien\/\",\"name\":\"Votre enfant est-il trop populaire pour son propre bien\u00a0? | Vie Associative\",\"isPartOf\":{\"@id\":\"https:\/\/vieassociative.be\/actualites\/#website\"},\"primaryImageOfPage\":{\"@id\":\"https:\/\/vieassociative.be\/actualites\/votre-enfant-est-il-trop-populaire-pour-son-propre-bien\/#primaryimage\"},\"image\":{\"@id\":\"https:\/\/vieassociative.be\/actualites\/votre-enfant-est-il-trop-populaire-pour-son-propre-bien\/#primaryimage\"},\"thumbnailUrl\":\"https:\/\/vieassociative.be\/actualites\/wp-content\/uploads\/2024\/12\/Votre-enfant-est-il-trop-populaire-pour-son-propre-bien.jpg\",\"datePublished\":\"2024-12-18T23:19:11+00:00\",\"dateModified\":\"2024-12-18T23:19:11+00:00\",\"breadcrumb\":{\"@id\":\"https:\/\/vieassociative.be\/actualites\/votre-enfant-est-il-trop-populaire-pour-son-propre-bien\/#breadcrumb\"},\"inLanguage\":\"fr-BE\",\"potentialAction\":[{\"@type\":\"ReadAction\",\"target\":[\"https:\/\/vieassociative.be\/actualites\/votre-enfant-est-il-trop-populaire-pour-son-propre-bien\/\"]}]},{\"@type\":\"ImageObject\",\"inLanguage\":\"fr-BE\",\"@id\":\"https:\/\/vieassociative.be\/actualites\/votre-enfant-est-il-trop-populaire-pour-son-propre-bien\/#primaryimage\",\"url\":\"https:\/\/vieassociative.be\/actualites\/wp-content\/uploads\/2024\/12\/Votre-enfant-est-il-trop-populaire-pour-son-propre-bien.jpg\",\"contentUrl\":\"https:\/\/vieassociative.be\/actualites\/wp-content\/uploads\/2024\/12\/Votre-enfant-est-il-trop-populaire-pour-son-propre-bien.jpg\",\"width\":1200,\"height\":675,\"caption\":\"Votre enfant est-il trop populaire pour son propre bien\u00a0?\"},{\"@type\":\"BreadcrumbList\",\"@id\":\"https:\/\/vieassociative.be\/actualites\/votre-enfant-est-il-trop-populaire-pour-son-propre-bien\/#breadcrumb\",\"itemListElement\":[{\"@type\":\"ListItem\",\"position\":1,\"name\":\"Accueil\",\"item\":\"https:\/\/vieassociative.be\/actualites\/\"},{\"@type\":\"ListItem\",\"position\":2,\"name\":\"Votre enfant est-il trop populaire pour son propre bien\u00a0?\"}]},{\"@type\":\"WebSite\",\"@id\":\"https:\/\/vieassociative.be\/actualites\/#website\",\"url\":\"https:\/\/vieassociative.be\/actualites\/\",\"name\":\"Vie Associative\",\"description\":\"\",\"publisher\":{\"@id\":\"https:\/\/vieassociative.be\/actualites\/#organization\"},\"potentialAction\":[{\"@type\":\"SearchAction\",\"target\":{\"@type\":\"EntryPoint\",\"urlTemplate\":\"https:\/\/vieassociative.be\/actualites\/?s={search_term_string}\"},\"query-input\":{\"@type\":\"PropertyValueSpecification\",\"valueRequired\":true,\"valueName\":\"search_term_string\"}}],\"inLanguage\":\"fr-BE\"},{\"@type\":\"Organization\",\"@id\":\"https:\/\/vieassociative.be\/actualites\/#organization\",\"name\":\"Vie Associative\",\"url\":\"https:\/\/vieassociative.be\/actualites\/\",\"logo\":{\"@type\":\"ImageObject\",\"inLanguage\":\"fr-BE\",\"@id\":\"https:\/\/vieassociative.be\/actualites\/#\/schema\/logo\/image\/\",\"url\":\"https:\/\/vieassociative.be\/actualites\/wp-content\/uploads\/2024\/09\/cropped-vieassociative_favicon.ico.png\",\"contentUrl\":\"https:\/\/vieassociative.be\/actualites\/wp-content\/uploads\/2024\/09\/cropped-vieassociative_favicon.ico.png\",\"width\":512,\"height\":512,\"caption\":\"Vie Associative\"},\"image\":{\"@id\":\"https:\/\/vieassociative.be\/actualites\/#\/schema\/logo\/image\/\"}},{\"@type\":\"Person\",\"@id\":\"https:\/\/vieassociative.be\/actualites\/#\/schema\/person\/b87ac4f82f9d4e7b7cec7395b679edc4\",\"name\":\"Julien\",\"image\":{\"@type\":\"ImageObject\",\"inLanguage\":\"fr-BE\",\"@id\":\"https:\/\/vieassociative.be\/actualites\/#\/schema\/person\/image\/\",\"url\":\"https:\/\/vieassociative.be\/actualites\/wp-content\/uploads\/2024\/09\/vie-associative-1-150x150.jpg\",\"contentUrl\":\"https:\/\/vieassociative.be\/actualites\/wp-content\/uploads\/2024\/09\/vie-associative-1-150x150.jpg\",\"caption\":\"Julien\"},\"description\":\"Je suis Julien, r\u00e9dacteur pour Vie Associative. Passionn\u00e9 par le monde associatif depuis plus de 10 ans, j'ai \u00e0 c\u0153ur de partager des histoires inspirantes et de mettre en lumi\u00e8re les initiatives locales. Mon objectif est de sensibiliser et d'encourager l'engagement communautaire \u00e0 travers mes articles.\",\"sameAs\":[\"https:\/\/vieassociative.be\/\"]}]}<\/script>\n<!-- \/ Yoast SEO plugin. -->","yoast_head_json":{"title":"Votre enfant est-il trop populaire pour son propre bien\u00a0? | Vie Associative","robots":{"index":"index","follow":"follow","max-snippet":"max-snippet:-1","max-image-preview":"max-image-preview:large","max-video-preview":"max-video-preview:-1"},"canonical":"https:\/\/vieassociative.be\/actualites\/votre-enfant-est-il-trop-populaire-pour-son-propre-bien\/","og_locale":"fr_FR","og_type":"article","og_title":"Votre enfant est-il trop populaire pour son propre bien\u00a0? | Vie Associative","og_description":"Faire partie des \u00ab cool kids \u00bb ne m\u00e8ne pas n\u00e9cessairement \u00e0 avoir une vie cool. Il est impossible pour des parents r\u00e9fl\u00e9chis de ne","og_url":"https:\/\/vieassociative.be\/actualites\/votre-enfant-est-il-trop-populaire-pour-son-propre-bien\/","og_site_name":"Vie Associative","article_published_time":"2024-12-18T23:19:11+00:00","og_image":[{"width":279,"height":92,"url":"https:\/\/vieassociative.be\/actualites\/wp-content\/uploads\/2024\/09\/header_backgroundk-01-e1726694325946.png","type":"image\/png"}],"author":"Julien","twitter_card":"summary_large_image","twitter_misc":{"\u00c9crit par":"Julien","Dur\u00e9e de lecture est.":"7 minutes"},"schema":{"@context":"https:\/\/schema.org","@graph":[{"@type":"Article","@id":"https:\/\/vieassociative.be\/actualites\/votre-enfant-est-il-trop-populaire-pour-son-propre-bien\/#article","isPartOf":{"@id":"https:\/\/vieassociative.be\/actualites\/votre-enfant-est-il-trop-populaire-pour-son-propre-bien\/"},"author":{"name":"Julien","@id":"https:\/\/vieassociative.be\/actualites\/#\/schema\/person\/b87ac4f82f9d4e7b7cec7395b679edc4"},"headline":"Votre enfant est-il trop populaire pour son propre bien\u00a0?","datePublished":"2024-12-18T23:19:11+00:00","dateModified":"2024-12-18T23:19:11+00:00","mainEntityOfPage":{"@id":"https:\/\/vieassociative.be\/actualites\/votre-enfant-est-il-trop-populaire-pour-son-propre-bien\/"},"wordCount":1512,"publisher":{"@id":"https:\/\/vieassociative.be\/actualites\/#organization"},"image":{"@id":"https:\/\/vieassociative.be\/actualites\/votre-enfant-est-il-trop-populaire-pour-son-propre-bien\/#primaryimage"},"thumbnailUrl":"https:\/\/vieassociative.be\/actualites\/wp-content\/uploads\/2024\/12\/Votre-enfant-est-il-trop-populaire-pour-son-propre-bien.jpg","keywords":["bien","enfant","estil","populaire","pour","propre","son","trop","votre"],"articleSection":["Famille"],"inLanguage":"fr-BE"},{"@type":"WebPage","@id":"https:\/\/vieassociative.be\/actualites\/votre-enfant-est-il-trop-populaire-pour-son-propre-bien\/","url":"https:\/\/vieassociative.be\/actualites\/votre-enfant-est-il-trop-populaire-pour-son-propre-bien\/","name":"Votre enfant est-il trop populaire pour son propre bien\u00a0? | Vie Associative","isPartOf":{"@id":"https:\/\/vieassociative.be\/actualites\/#website"},"primaryImageOfPage":{"@id":"https:\/\/vieassociative.be\/actualites\/votre-enfant-est-il-trop-populaire-pour-son-propre-bien\/#primaryimage"},"image":{"@id":"https:\/\/vieassociative.be\/actualites\/votre-enfant-est-il-trop-populaire-pour-son-propre-bien\/#primaryimage"},"thumbnailUrl":"https:\/\/vieassociative.be\/actualites\/wp-content\/uploads\/2024\/12\/Votre-enfant-est-il-trop-populaire-pour-son-propre-bien.jpg","datePublished":"2024-12-18T23:19:11+00:00","dateModified":"2024-12-18T23:19:11+00:00","breadcrumb":{"@id":"https:\/\/vieassociative.be\/actualites\/votre-enfant-est-il-trop-populaire-pour-son-propre-bien\/#breadcrumb"},"inLanguage":"fr-BE","potentialAction":[{"@type":"ReadAction","target":["https:\/\/vieassociative.be\/actualites\/votre-enfant-est-il-trop-populaire-pour-son-propre-bien\/"]}]},{"@type":"ImageObject","inLanguage":"fr-BE","@id":"https:\/\/vieassociative.be\/actualites\/votre-enfant-est-il-trop-populaire-pour-son-propre-bien\/#primaryimage","url":"https:\/\/vieassociative.be\/actualites\/wp-content\/uploads\/2024\/12\/Votre-enfant-est-il-trop-populaire-pour-son-propre-bien.jpg","contentUrl":"https:\/\/vieassociative.be\/actualites\/wp-content\/uploads\/2024\/12\/Votre-enfant-est-il-trop-populaire-pour-son-propre-bien.jpg","width":1200,"height":675,"caption":"Votre enfant est-il trop populaire pour son propre bien\u00a0?"},{"@type":"BreadcrumbList","@id":"https:\/\/vieassociative.be\/actualites\/votre-enfant-est-il-trop-populaire-pour-son-propre-bien\/#breadcrumb","itemListElement":[{"@type":"ListItem","position":1,"name":"Accueil","item":"https:\/\/vieassociative.be\/actualites\/"},{"@type":"ListItem","position":2,"name":"Votre enfant est-il trop populaire pour son propre bien\u00a0?"}]},{"@type":"WebSite","@id":"https:\/\/vieassociative.be\/actualites\/#website","url":"https:\/\/vieassociative.be\/actualites\/","name":"Vie Associative","description":"","publisher":{"@id":"https:\/\/vieassociative.be\/actualites\/#organization"},"potentialAction":[{"@type":"SearchAction","target":{"@type":"EntryPoint","urlTemplate":"https:\/\/vieassociative.be\/actualites\/?s={search_term_string}"},"query-input":{"@type":"PropertyValueSpecification","valueRequired":true,"valueName":"search_term_string"}}],"inLanguage":"fr-BE"},{"@type":"Organization","@id":"https:\/\/vieassociative.be\/actualites\/#organization","name":"Vie Associative","url":"https:\/\/vieassociative.be\/actualites\/","logo":{"@type":"ImageObject","inLanguage":"fr-BE","@id":"https:\/\/vieassociative.be\/actualites\/#\/schema\/logo\/image\/","url":"https:\/\/vieassociative.be\/actualites\/wp-content\/uploads\/2024\/09\/cropped-vieassociative_favicon.ico.png","contentUrl":"https:\/\/vieassociative.be\/actualites\/wp-content\/uploads\/2024\/09\/cropped-vieassociative_favicon.ico.png","width":512,"height":512,"caption":"Vie Associative"},"image":{"@id":"https:\/\/vieassociative.be\/actualites\/#\/schema\/logo\/image\/"}},{"@type":"Person","@id":"https:\/\/vieassociative.be\/actualites\/#\/schema\/person\/b87ac4f82f9d4e7b7cec7395b679edc4","name":"Julien","image":{"@type":"ImageObject","inLanguage":"fr-BE","@id":"https:\/\/vieassociative.be\/actualites\/#\/schema\/person\/image\/","url":"https:\/\/vieassociative.be\/actualites\/wp-content\/uploads\/2024\/09\/vie-associative-1-150x150.jpg","contentUrl":"https:\/\/vieassociative.be\/actualites\/wp-content\/uploads\/2024\/09\/vie-associative-1-150x150.jpg","caption":"Julien"},"description":"Je suis Julien, r\u00e9dacteur pour Vie Associative. Passionn\u00e9 par le monde associatif depuis plus de 10 ans, j'ai \u00e0 c\u0153ur de partager des histoires inspirantes et de mettre en lumi\u00e8re les initiatives locales. Mon objectif est de sensibiliser et d'encourager l'engagement communautaire \u00e0 travers mes articles.","sameAs":["https:\/\/vieassociative.be\/"]}]}},"_links":{"self":[{"href":"https:\/\/vieassociative.be\/actualites\/wp-json\/wp\/v2\/posts\/3520"}],"collection":[{"href":"https:\/\/vieassociative.be\/actualites\/wp-json\/wp\/v2\/posts"}],"about":[{"href":"https:\/\/vieassociative.be\/actualites\/wp-json\/wp\/v2\/types\/post"}],"author":[{"embeddable":true,"href":"https:\/\/vieassociative.be\/actualites\/wp-json\/wp\/v2\/users\/1"}],"replies":[{"embeddable":true,"href":"https:\/\/vieassociative.be\/actualites\/wp-json\/wp\/v2\/comments?post=3520"}],"version-history":[{"count":0,"href":"https:\/\/vieassociative.be\/actualites\/wp-json\/wp\/v2\/posts\/3520\/revisions"}],"wp:featuredmedia":[{"embeddable":true,"href":"https:\/\/vieassociative.be\/actualites\/wp-json\/wp\/v2\/media\/3521"}],"wp:attachment":[{"href":"https:\/\/vieassociative.be\/actualites\/wp-json\/wp\/v2\/media?parent=3520"}],"wp:term":[{"taxonomy":"category","embeddable":true,"href":"https:\/\/vieassociative.be\/actualites\/wp-json\/wp\/v2\/categories?post=3520"},{"taxonomy":"post_tag","embeddable":true,"href":"https:\/\/vieassociative.be\/actualites\/wp-json\/wp\/v2\/tags?post=3520"}],"curies":[{"name":"wp","href":"https:\/\/api.w.org\/{rel}","templated":true}]}}