{"id":3517,"date":"2024-12-18T21:17:27","date_gmt":"2024-12-18T20:17:27","guid":{"rendered":"https:\/\/vieassociative.be\/actualites\/ard-et-zdf-prevoient-des-duels-televises-entre-scholz-et-merz-et-habeck-contre-weidel-mais-habeck-ne-veut-pas\/"},"modified":"2024-12-18T21:17:27","modified_gmt":"2024-12-18T20:17:27","slug":"ard-et-zdf-prevoient-des-duels-televises-entre-scholz-et-merz-et-habeck-contre-weidel-mais-habeck-ne-veut-pas","status":"publish","type":"post","link":"https:\/\/vieassociative.be\/actualites\/ard-et-zdf-prevoient-des-duels-televises-entre-scholz-et-merz-et-habeck-contre-weidel-mais-habeck-ne-veut-pas\/","title":{"rendered":"ARD et ZDF pr\u00e9voient des duels t\u00e9l\u00e9vis\u00e9s entre Scholz et Merz et Habeck contre Weidel &#8211; mais Habeck ne veut pas"},"content":{"rendered":"<p><strong>Scholz contre Merz et Habeck contre Weidel \u2013 c&rsquo;est ainsi que ARD et ZDF imaginent les duels t\u00e9l\u00e9vis\u00e9s entre les candidats \u00e0 la chancellerie lors de la campagne \u00e9lectorale. Mais au moins une personne n\u2019y participe pas. Des gens compl\u00e8tement diff\u00e9rents le veulent.<\/strong><\/p>\n<p><span id=\"more-404412\"><\/span>Apr\u00e8s les critiques, ARD a d\u00e9fendu son concept de duel t\u00e9l\u00e9vis\u00e9 pour les \u00e9lections f\u00e9d\u00e9rales. \u00ab\u00a0Il s&rsquo;agit de deux duels \u00e9gaux, qui devraient tous deux \u00eatre diffus\u00e9s aux heures de grande \u00e9coute\u00a0\u00bb, a d\u00e9clar\u00e9 la cha\u00eene publique ARD en r\u00e9ponse \u00e0 une demande de la dpa.<\/p>\n<p>L&rsquo;ARD et la ZDF organiseront ensemble deux duels : un entre Olaf Scholz (SPD) et Friedrich Merz (CDU) et un deuxi\u00e8me entre Robert Habeck (Verts) et Alice Weidel (AfD) est en discussion. Mais le candidat des Verts \u00e0 la chanceli\u00e8re ne le souhaite pas, comme son parti l&rsquo;a clairement fait savoir.<\/p>\n<div id=\"attachment_404417\" class=\"wp-caption alignleft\" style=\"max-width: 300px\"><img fetchpriority=\"high\" decoding=\"async\" class=\"wp-image-404417 size-medium\" src=\"https:\/\/vieassociative.be\/actualites\/wp-content\/uploads\/2024\/12\/ARD-et-ZDF-prevoient-des-duels-televises-entre-Scholz-et.jpg\" alt=\"\" width=\"300\" height=\"200\"><\/p>\n<p class=\"wp-caption-text\">22 novembre 2024, Berlin : le chancelier f\u00e9d\u00e9ral Olaf Scholz (SPD, ol), Alice Weidel (AfD, ou), Friedrich Merz (CDU\/CSU, ul) et Robert Habeck (Alliance 90\/Les Verts, ur). Photo : Kappeler\/Albert\/Wendt\/dpa<\/p>\n<\/div>\n<p>Le porte-parole de la campagne de Habeck a d\u00e9clar\u00e9 \u00e0 la r\u00e9daction allemande (RND) : \u00ab\u00a0Nous avions clairement exclu un tel duel \u00e0 l&rsquo;avance et avons \u00e9galement annonc\u00e9 que nous n&rsquo;accepterions pas une invitation. L&rsquo;ARD et la ZDF ont n\u00e9anmoins lanc\u00e9 une invitation et ont ensuite cr\u00e9\u00e9 des faits avec un communiqu\u00e9 de presse.\u00a0\u00bb . \u00abPourquoi cela a d\u00fb \u00eatre annonc\u00e9 deux mois avant les \u00e9lections est incompr\u00e9hensible. \u00ab\u00a0ARD et ZDF interviennent ainsi dans une campagne \u00e9lectorale extr\u00eamement courte, intensive et surtout ouverte\u00a0\u00bb, a d\u00e9clar\u00e9 le porte-parole.<\/p>\n<p>Interrog\u00e9s par l&rsquo;ARD, ils ont r\u00e9pondu : \u00ab Il n&rsquo;est pas vrai que le principal candidat du parti B\u00fcndnis90\/Die Gr\u00fcnen, Robert Habeck, s&rsquo;\u00e9tait d\u00e9j\u00e0 formellement prononc\u00e9 contre la participation avant l&rsquo;invitation \u00e9crite de l&rsquo;ARD et de la ZDF. \u00bb<\/p>\n<p>L&rsquo;ARD et la ZDF veulent laisser le chancelier Scholz (SPD) et le candidat chancelier de l&rsquo;Union Friedrich Merz (CDU) se pr\u00e9senter le 9 f\u00e9vrier. En outre, un autre duel est pr\u00e9vu conjointement par l&rsquo;ARD et la ZDF, pour lequel Habeck et Weidel ont \u00e9t\u00e9 sollicit\u00e9s, a annonc\u00e9 la cha\u00eene publique.<\/p>\n<p>L&rsquo;ARD souligne : \u00ab Notre concept \u00e9ditorial a \u00e9t\u00e9 d\u00e9velopp\u00e9 de mani\u00e8re totalement ind\u00e9pendante de toute condition ou influence politique. Il y aura \u00e9galement une retransmission \u2013 ce qu&rsquo;on appelle le tour final \u2013 avec tous les meilleurs candidats. \u00bb Les \u00e9lections f\u00e9d\u00e9rales auront lieu le 23 f\u00e9vrier.<\/p>\n<p>Le porte-parole de campagne de Habeck a appel\u00e9 l&rsquo;ARD et la ZDF \u00e0 reconsid\u00e9rer leurs plans. Les chiffres des sondages pour Habeck sont si bons que personne ne peut pr\u00e9dire quel sera le r\u00e9sultat le jour du scrutin. \u00ab\u00a0Pour rappel : \u00e0 la m\u00eame \u00e9poque, avant les \u00e9lections de 2021, le SPD \u00e9tait loin derri\u00e8re dans les sondages \u2013 et pourtant, l&rsquo;ARD et la ZDF pr\u00e9voyaient d\u00e8s le d\u00e9part une triade.\u00a0\u00bb<\/p>\n<\/p>\n<div id=\"attachment_296885\" class=\"wp-caption alignleft\" style=\"max-width: 300px\"><img decoding=\"async\" class=\"wp-image-296885 size-medium\" src=\"https:\/\/vieassociative.be\/actualites\/wp-content\/uploads\/2024\/12\/ARD-et-ZDF-prevoient-des-duels-televises-entre-Scholz-et.jpeg\" alt=\"\" width=\"300\" height=\"200\"><\/p>\n<p class=\"wp-caption-text\">12 septembre 2021, Berlin : le candidat chancelier OLAF Scholz (SPD, lr), la candidate chanceli\u00e8re Annalena Baerbock (B\u00fcndnis90\/les Verts) et le candidat chancelier Armin Laschet (CDU) se tiennent dans le studio de t\u00e9l\u00e9vision de TV Triell avant les \u00e9lections f\u00e9d\u00e9rales de 2021. Photo : Michael Kappeler\/dpa &#8211; Piscine\/dpa .<\/p>\n<\/div>\n<p>La dirigeante de l&rsquo;AfD, Alice Weidel, a \u00e9galement critiqu\u00e9 les projets des cha\u00eenes de t\u00e9l\u00e9vision. Un porte-parole de Weidel a d\u00e9clar\u00e9 \u00e0 \u00ab Bild \u00bb : \u00ab Nous examinerons l\u00e9galement si l\u2019AfD, en tant que parti actuellement en deuxi\u00e8me position dans les sondages, devrait dispara\u00eetre \u00e0 nouveau dans les cercles des fourmis. \u00bb<\/p>\n<p><strong>\u2013 Quelle est la situation juridique ?<\/strong> Il arrive r\u00e9guli\u00e8rement que des litiges juridiques \u00e9clatent \u00e0 propos d&rsquo;apparitions t\u00e9l\u00e9vis\u00e9es avant les \u00e9lections. En principe, la libert\u00e9 de radiodiffusion garantie par la Constitution s&rsquo;applique en Allemagne. Cela signifie que les radiodiffuseurs sont autoris\u00e9s \u00e0 d\u00e9cider eux-m\u00eames quel programme ils diffusent et peuvent cr\u00e9er leurs propres concepts de cha\u00eenes. Il ne doit y avoir aucune influence politique sur le programme.<\/p>\n<p>En revanche, il y a toujours des proc\u00e8s devant les tribunaux car il s&rsquo;agit de la question de l&rsquo;\u00e9galit\u00e9 des chances entre les parties. En fin de compte, il faut peser cela. Un exemple : le FDP du Brandebourg a \u00e9chou\u00e9 \u00e0 l&rsquo;automne lorsqu&rsquo;il a tent\u00e9 de faire participer ses principaux candidats \u00e0 une \u00e9mission t\u00e9l\u00e9vis\u00e9e sur le Rundfunk Berlin-Brandenburg (RBB) avant les \u00e9lections r\u00e9gionales. Un tribunal administratif a jug\u00e9 que le diffuseur n&rsquo;\u00e9tait pas oblig\u00e9 de le faire. Le RBB n&rsquo;a approuv\u00e9 que les candidats dont le parti \u00e9tait d\u00e9j\u00e0 repr\u00e9sent\u00e9 au parlement du Land ou, selon les sondages, franchirait la barre des cinq pour cent.<\/p>\n<p><strong>\u2013 Lindner et Wagenknecht se proposent comme rempla\u00e7ants de Habeck :<\/strong> Il y a maintenant des hommes politiques de premier plan d&rsquo;autres partis qui aimeraient reprendre le spot t\u00e9l\u00e9vis\u00e9 de Habeck. Le leader du FDP Christian Lindner publi\u00e9 sur la plateforme Si l\u2019on veut reconqu\u00e9rir ses \u00e9lecteurs, on ne peut pas h\u00e9siter \u00e0 opposer des id\u00e9es \u00e0 celles de l\u2019AfD.\u00bb<\/p>\n<p>Sahra Wagenknecht (BSW) prendrait \u00e9galement la place de Habeck. L&rsquo;homme politique a d\u00e9clar\u00e9 : \u00ab Si les radiodiffuseurs ont un besoin, je n&rsquo;ai aucun probl\u00e8me \u00e0 en discuter avec Mme Weidel. Je l&rsquo;ai d\u00e9j\u00e0 fait, j&rsquo;aime aussi le faire sur ARD et ZDF.\u00a0\u00bb (dpa)<\/p>\n<p><em><strong>Sur le sujet, voir aussi l&rsquo;article suivant sur l&rsquo;OD :<\/strong><\/em><\/p>\n<div class=\"responsive-embed widescreen\">\n<blockquote class=\"wp-embedded-content\" data-secret=\"wFXONZJeHF\">\n<p>Merz qualifie Scholz de \u00ab chancelier dont il faut avoir honte \u00bb \u2013 le Bundestag allemand ouvre la voie \u00e0 de nouvelles \u00e9lections<\/p>\n<\/blockquote>\n<p><iframe loading=\"lazy\" class=\"wp-embedded-content\" sandbox=\"allow-scripts\" security=\"restricted\" style=\"position: absolute; visibility: hidden;\" title=\"\u201eMerz nennt Scholz \u201eKanzler zum Fremdsch\u00e4men\u201c \u2013 Deutscher Bundestag macht Weg frei f\u00fcr Neuwahlen\u201c \u2014 Ostbelgien Direkt\" src=\"https:\/\/ostbelgiendirekt.be\/about:blank\" data-secret=\"wFXONZJeHF\" width=\"500\" height=\"282\" frameborder=\"0\" marginwidth=\"0\" marginheight=\"0\" scrolling=\"no\" data-rocket-lazyload=\"fitvidscompatible\" data-lazy-src=\"https:\/\/ostbelgiendirekt.be\/vertrauensfrage-im-bundestag-404234\/embed#?secret=eNy1yO3BvO#?secret=wFXONZJeHF\"><\/iframe><noscript><iframe class=\"wp-embedded-content\" sandbox=\"allow-scripts\" security=\"restricted\" style=\"position: absolute; visibility: hidden;\" title=\"\u201eMerz nennt Scholz \u201eKanzler zum Fremdsch\u00e4men\u201c \u2013 Deutscher Bundestag macht Weg frei f\u00fcr Neuwahlen\u201c \u2014 Ostbelgien Direkt\" src=\"https:\/\/ostbelgiendirekt.be\/vertrauensfrage-im-bundestag-404234\/embed#?secret=eNy1yO3BvO#?secret=wFXONZJeHF\" data-secret=\"wFXONZJeHF\" width=\"500\" height=\"282\" frameborder=\"0\" marginwidth=\"0\" marginheight=\"0\" scrolling=\"no\"><\/iframe><\/noscript><\/p>\n<\/div>\n","protected":false},"excerpt":{"rendered":"<p>Scholz contre Merz et Habeck contre Weidel \u2013 c&rsquo;est ainsi que ARD et ZDF imaginent les duels t\u00e9l\u00e9vis\u00e9s entre les candidats \u00e0 la chancellerie lors<\/p>\n","protected":false},"author":1,"featured_media":3518,"comment_status":"","ping_status":"","sticky":false,"template":"","format":"standard","meta":{"footnotes":""},"categories":[298],"tags":[4109,796,29,4112,70,4113,156,4061,126,4111,2866,2355,2635,4114,4110],"class_list":["post-3517","post","type-post","status-publish","format-standard","has-post-thumbnail","hentry","category-belgique","tag-ard","tag-contre","tag-des","tag-duels","tag-entre","tag-habeck","tag-mais","tag-merz","tag-pas","tag-prevoient","tag-scholz","tag-televises","tag-veut","tag-weidel","tag-zdf","generate-columns","tablet-grid-50","mobile-grid-100","grid-parent","grid-33"],"yoast_head":"<!-- This site is optimized with the Yoast SEO plugin v24.0 - https:\/\/yoast.com\/wordpress\/plugins\/seo\/ -->\n<title>ARD et ZDF pr\u00e9voient des duels t\u00e9l\u00e9vis\u00e9s entre Scholz et Merz et Habeck contre Weidel - mais Habeck ne veut pas | Vie Associative<\/title>\n<meta name=\"robots\" content=\"index, follow, max-snippet:-1, max-image-preview:large, max-video-preview:-1\" \/>\n<link rel=\"canonical\" href=\"https:\/\/vieassociative.be\/actualites\/ard-et-zdf-prevoient-des-duels-televises-entre-scholz-et-merz-et-habeck-contre-weidel-mais-habeck-ne-veut-pas\/\" \/>\n<meta property=\"og:locale\" content=\"fr_FR\" \/>\n<meta property=\"og:type\" content=\"article\" \/>\n<meta property=\"og:title\" content=\"ARD et ZDF pr\u00e9voient des duels t\u00e9l\u00e9vis\u00e9s entre Scholz et Merz et Habeck contre Weidel - mais Habeck ne veut pas | Vie Associative\" \/>\n<meta property=\"og:description\" content=\"Scholz contre Merz et Habeck contre Weidel \u2013 c&rsquo;est ainsi que ARD et ZDF imaginent les duels t\u00e9l\u00e9vis\u00e9s entre les candidats \u00e0 la chancellerie lors\" \/>\n<meta property=\"og:url\" content=\"https:\/\/vieassociative.be\/actualites\/ard-et-zdf-prevoient-des-duels-televises-entre-scholz-et-merz-et-habeck-contre-weidel-mais-habeck-ne-veut-pas\/\" \/>\n<meta property=\"og:site_name\" content=\"Vie Associative\" \/>\n<meta property=\"article:published_time\" content=\"2024-12-18T20:17:27+00:00\" \/>\n<meta property=\"og:image\" content=\"https:\/\/vieassociative.be\/actualites\/wp-content\/uploads\/2024\/09\/header_backgroundk-01-e1726694325946.png\" \/>\n\t<meta property=\"og:image:width\" content=\"279\" \/>\n\t<meta property=\"og:image:height\" content=\"92\" \/>\n\t<meta property=\"og:image:type\" content=\"image\/png\" \/>\n<meta name=\"author\" content=\"Julien\" \/>\n<meta name=\"twitter:card\" content=\"summary_large_image\" \/>\n<meta name=\"twitter:label1\" content=\"\u00c9crit par\" \/>\n\t<meta name=\"twitter:data1\" content=\"Julien\" \/>\n\t<meta name=\"twitter:label2\" content=\"Dur\u00e9e de lecture est.\" \/>\n\t<meta name=\"twitter:data2\" content=\"5 minutes\" \/>\n<script type=\"application\/ld+json\" class=\"yoast-schema-graph\">{\"@context\":\"https:\/\/schema.org\",\"@graph\":[{\"@type\":\"Article\",\"@id\":\"https:\/\/vieassociative.be\/actualites\/ard-et-zdf-prevoient-des-duels-televises-entre-scholz-et-merz-et-habeck-contre-weidel-mais-habeck-ne-veut-pas\/#article\",\"isPartOf\":{\"@id\":\"https:\/\/vieassociative.be\/actualites\/ard-et-zdf-prevoient-des-duels-televises-entre-scholz-et-merz-et-habeck-contre-weidel-mais-habeck-ne-veut-pas\/\"},\"author\":{\"name\":\"Julien\",\"@id\":\"https:\/\/vieassociative.be\/actualites\/#\/schema\/person\/b87ac4f82f9d4e7b7cec7395b679edc4\"},\"headline\":\"ARD et ZDF pr\u00e9voient des duels t\u00e9l\u00e9vis\u00e9s entre Scholz et Merz et Habeck contre Weidel &#8211; mais Habeck ne veut pas\",\"datePublished\":\"2024-12-18T20:17:27+00:00\",\"dateModified\":\"2024-12-18T20:17:27+00:00\",\"mainEntityOfPage\":{\"@id\":\"https:\/\/vieassociative.be\/actualites\/ard-et-zdf-prevoient-des-duels-televises-entre-scholz-et-merz-et-habeck-contre-weidel-mais-habeck-ne-veut-pas\/\"},\"wordCount\":979,\"publisher\":{\"@id\":\"https:\/\/vieassociative.be\/actualites\/#organization\"},\"image\":{\"@id\":\"https:\/\/vieassociative.be\/actualites\/ard-et-zdf-prevoient-des-duels-televises-entre-scholz-et-merz-et-habeck-contre-weidel-mais-habeck-ne-veut-pas\/#primaryimage\"},\"thumbnailUrl\":\"https:\/\/vieassociative.be\/actualites\/wp-content\/uploads\/2024\/12\/1734553047_ARD-et-ZDF-prevoient-des-duels-televises-entre-Scholz-et.jpg\",\"keywords\":[\"ARD\",\"contre\",\"Des\",\"duels\",\"entre\",\"Habeck\",\"mais\",\"Merz\",\"pas\",\"pr\u00e9voient\",\"Scholz\",\"t\u00e9l\u00e9vis\u00e9s\",\"veut\",\"Weidel\",\"ZDF\"],\"articleSection\":[\"Belgique\"],\"inLanguage\":\"fr-BE\"},{\"@type\":\"WebPage\",\"@id\":\"https:\/\/vieassociative.be\/actualites\/ard-et-zdf-prevoient-des-duels-televises-entre-scholz-et-merz-et-habeck-contre-weidel-mais-habeck-ne-veut-pas\/\",\"url\":\"https:\/\/vieassociative.be\/actualites\/ard-et-zdf-prevoient-des-duels-televises-entre-scholz-et-merz-et-habeck-contre-weidel-mais-habeck-ne-veut-pas\/\",\"name\":\"ARD et ZDF pr\u00e9voient des duels t\u00e9l\u00e9vis\u00e9s entre Scholz et Merz et Habeck contre Weidel - mais Habeck ne veut pas | Vie Associative\",\"isPartOf\":{\"@id\":\"https:\/\/vieassociative.be\/actualites\/#website\"},\"primaryImageOfPage\":{\"@id\":\"https:\/\/vieassociative.be\/actualites\/ard-et-zdf-prevoient-des-duels-televises-entre-scholz-et-merz-et-habeck-contre-weidel-mais-habeck-ne-veut-pas\/#primaryimage\"},\"image\":{\"@id\":\"https:\/\/vieassociative.be\/actualites\/ard-et-zdf-prevoient-des-duels-televises-entre-scholz-et-merz-et-habeck-contre-weidel-mais-habeck-ne-veut-pas\/#primaryimage\"},\"thumbnailUrl\":\"https:\/\/vieassociative.be\/actualites\/wp-content\/uploads\/2024\/12\/1734553047_ARD-et-ZDF-prevoient-des-duels-televises-entre-Scholz-et.jpg\",\"datePublished\":\"2024-12-18T20:17:27+00:00\",\"dateModified\":\"2024-12-18T20:17:27+00:00\",\"breadcrumb\":{\"@id\":\"https:\/\/vieassociative.be\/actualites\/ard-et-zdf-prevoient-des-duels-televises-entre-scholz-et-merz-et-habeck-contre-weidel-mais-habeck-ne-veut-pas\/#breadcrumb\"},\"inLanguage\":\"fr-BE\",\"potentialAction\":[{\"@type\":\"ReadAction\",\"target\":[\"https:\/\/vieassociative.be\/actualites\/ard-et-zdf-prevoient-des-duels-televises-entre-scholz-et-merz-et-habeck-contre-weidel-mais-habeck-ne-veut-pas\/\"]}]},{\"@type\":\"ImageObject\",\"inLanguage\":\"fr-BE\",\"@id\":\"https:\/\/vieassociative.be\/actualites\/ard-et-zdf-prevoient-des-duels-televises-entre-scholz-et-merz-et-habeck-contre-weidel-mais-habeck-ne-veut-pas\/#primaryimage\",\"url\":\"https:\/\/vieassociative.be\/actualites\/wp-content\/uploads\/2024\/12\/1734553047_ARD-et-ZDF-prevoient-des-duels-televises-entre-Scholz-et.jpg\",\"contentUrl\":\"https:\/\/vieassociative.be\/actualites\/wp-content\/uploads\/2024\/12\/1734553047_ARD-et-ZDF-prevoient-des-duels-televises-entre-Scholz-et.jpg\",\"width\":1200,\"height\":800,\"caption\":\"ARD et ZDF pr\u00e9voient des duels t\u00e9l\u00e9vis\u00e9s entre Scholz et Merz et Habeck contre Weidel - mais Habeck ne veut pas\"},{\"@type\":\"BreadcrumbList\",\"@id\":\"https:\/\/vieassociative.be\/actualites\/ard-et-zdf-prevoient-des-duels-televises-entre-scholz-et-merz-et-habeck-contre-weidel-mais-habeck-ne-veut-pas\/#breadcrumb\",\"itemListElement\":[{\"@type\":\"ListItem\",\"position\":1,\"name\":\"Accueil\",\"item\":\"https:\/\/vieassociative.be\/actualites\/\"},{\"@type\":\"ListItem\",\"position\":2,\"name\":\"ARD et ZDF pr\u00e9voient des duels t\u00e9l\u00e9vis\u00e9s entre Scholz et Merz et Habeck contre Weidel &#8211; mais Habeck ne veut pas\"}]},{\"@type\":\"WebSite\",\"@id\":\"https:\/\/vieassociative.be\/actualites\/#website\",\"url\":\"https:\/\/vieassociative.be\/actualites\/\",\"name\":\"Vie Associative\",\"description\":\"\",\"publisher\":{\"@id\":\"https:\/\/vieassociative.be\/actualites\/#organization\"},\"potentialAction\":[{\"@type\":\"SearchAction\",\"target\":{\"@type\":\"EntryPoint\",\"urlTemplate\":\"https:\/\/vieassociative.be\/actualites\/?s={search_term_string}\"},\"query-input\":{\"@type\":\"PropertyValueSpecification\",\"valueRequired\":true,\"valueName\":\"search_term_string\"}}],\"inLanguage\":\"fr-BE\"},{\"@type\":\"Organization\",\"@id\":\"https:\/\/vieassociative.be\/actualites\/#organization\",\"name\":\"Vie Associative\",\"url\":\"https:\/\/vieassociative.be\/actualites\/\",\"logo\":{\"@type\":\"ImageObject\",\"inLanguage\":\"fr-BE\",\"@id\":\"https:\/\/vieassociative.be\/actualites\/#\/schema\/logo\/image\/\",\"url\":\"https:\/\/vieassociative.be\/actualites\/wp-content\/uploads\/2024\/09\/cropped-vieassociative_favicon.ico.png\",\"contentUrl\":\"https:\/\/vieassociative.be\/actualites\/wp-content\/uploads\/2024\/09\/cropped-vieassociative_favicon.ico.png\",\"width\":512,\"height\":512,\"caption\":\"Vie Associative\"},\"image\":{\"@id\":\"https:\/\/vieassociative.be\/actualites\/#\/schema\/logo\/image\/\"}},{\"@type\":\"Person\",\"@id\":\"https:\/\/vieassociative.be\/actualites\/#\/schema\/person\/b87ac4f82f9d4e7b7cec7395b679edc4\",\"name\":\"Julien\",\"image\":{\"@type\":\"ImageObject\",\"inLanguage\":\"fr-BE\",\"@id\":\"https:\/\/vieassociative.be\/actualites\/#\/schema\/person\/image\/\",\"url\":\"https:\/\/vieassociative.be\/actualites\/wp-content\/uploads\/2024\/09\/vie-associative-1-150x150.jpg\",\"contentUrl\":\"https:\/\/vieassociative.be\/actualites\/wp-content\/uploads\/2024\/09\/vie-associative-1-150x150.jpg\",\"caption\":\"Julien\"},\"description\":\"Je suis Julien, r\u00e9dacteur pour Vie Associative. Passionn\u00e9 par le monde associatif depuis plus de 10 ans, j'ai \u00e0 c\u0153ur de partager des histoires inspirantes et de mettre en lumi\u00e8re les initiatives locales. Mon objectif est de sensibiliser et d'encourager l'engagement communautaire \u00e0 travers mes articles.\",\"sameAs\":[\"https:\/\/vieassociative.be\/\"]}]}<\/script>\n<!-- \/ Yoast SEO plugin. -->","yoast_head_json":{"title":"ARD et ZDF pr\u00e9voient des duels t\u00e9l\u00e9vis\u00e9s entre Scholz et Merz et Habeck contre Weidel - mais Habeck ne veut pas | Vie Associative","robots":{"index":"index","follow":"follow","max-snippet":"max-snippet:-1","max-image-preview":"max-image-preview:large","max-video-preview":"max-video-preview:-1"},"canonical":"https:\/\/vieassociative.be\/actualites\/ard-et-zdf-prevoient-des-duels-televises-entre-scholz-et-merz-et-habeck-contre-weidel-mais-habeck-ne-veut-pas\/","og_locale":"fr_FR","og_type":"article","og_title":"ARD et ZDF pr\u00e9voient des duels t\u00e9l\u00e9vis\u00e9s entre Scholz et Merz et Habeck contre Weidel - mais Habeck ne veut pas | Vie Associative","og_description":"Scholz contre Merz et Habeck contre Weidel \u2013 c&rsquo;est ainsi que ARD et ZDF imaginent les duels t\u00e9l\u00e9vis\u00e9s entre les candidats \u00e0 la chancellerie lors","og_url":"https:\/\/vieassociative.be\/actualites\/ard-et-zdf-prevoient-des-duels-televises-entre-scholz-et-merz-et-habeck-contre-weidel-mais-habeck-ne-veut-pas\/","og_site_name":"Vie Associative","article_published_time":"2024-12-18T20:17:27+00:00","og_image":[{"width":279,"height":92,"url":"https:\/\/vieassociative.be\/actualites\/wp-content\/uploads\/2024\/09\/header_backgroundk-01-e1726694325946.png","type":"image\/png"}],"author":"Julien","twitter_card":"summary_large_image","twitter_misc":{"\u00c9crit par":"Julien","Dur\u00e9e de lecture est.":"5 minutes"},"schema":{"@context":"https:\/\/schema.org","@graph":[{"@type":"Article","@id":"https:\/\/vieassociative.be\/actualites\/ard-et-zdf-prevoient-des-duels-televises-entre-scholz-et-merz-et-habeck-contre-weidel-mais-habeck-ne-veut-pas\/#article","isPartOf":{"@id":"https:\/\/vieassociative.be\/actualites\/ard-et-zdf-prevoient-des-duels-televises-entre-scholz-et-merz-et-habeck-contre-weidel-mais-habeck-ne-veut-pas\/"},"author":{"name":"Julien","@id":"https:\/\/vieassociative.be\/actualites\/#\/schema\/person\/b87ac4f82f9d4e7b7cec7395b679edc4"},"headline":"ARD et ZDF pr\u00e9voient des duels t\u00e9l\u00e9vis\u00e9s entre Scholz et Merz et Habeck contre Weidel &#8211; mais Habeck ne veut pas","datePublished":"2024-12-18T20:17:27+00:00","dateModified":"2024-12-18T20:17:27+00:00","mainEntityOfPage":{"@id":"https:\/\/vieassociative.be\/actualites\/ard-et-zdf-prevoient-des-duels-televises-entre-scholz-et-merz-et-habeck-contre-weidel-mais-habeck-ne-veut-pas\/"},"wordCount":979,"publisher":{"@id":"https:\/\/vieassociative.be\/actualites\/#organization"},"image":{"@id":"https:\/\/vieassociative.be\/actualites\/ard-et-zdf-prevoient-des-duels-televises-entre-scholz-et-merz-et-habeck-contre-weidel-mais-habeck-ne-veut-pas\/#primaryimage"},"thumbnailUrl":"https:\/\/vieassociative.be\/actualites\/wp-content\/uploads\/2024\/12\/1734553047_ARD-et-ZDF-prevoient-des-duels-televises-entre-Scholz-et.jpg","keywords":["ARD","contre","Des","duels","entre","Habeck","mais","Merz","pas","pr\u00e9voient","Scholz","t\u00e9l\u00e9vis\u00e9s","veut","Weidel","ZDF"],"articleSection":["Belgique"],"inLanguage":"fr-BE"},{"@type":"WebPage","@id":"https:\/\/vieassociative.be\/actualites\/ard-et-zdf-prevoient-des-duels-televises-entre-scholz-et-merz-et-habeck-contre-weidel-mais-habeck-ne-veut-pas\/","url":"https:\/\/vieassociative.be\/actualites\/ard-et-zdf-prevoient-des-duels-televises-entre-scholz-et-merz-et-habeck-contre-weidel-mais-habeck-ne-veut-pas\/","name":"ARD et ZDF pr\u00e9voient des duels t\u00e9l\u00e9vis\u00e9s entre Scholz et Merz et Habeck contre Weidel - mais Habeck ne veut pas | Vie Associative","isPartOf":{"@id":"https:\/\/vieassociative.be\/actualites\/#website"},"primaryImageOfPage":{"@id":"https:\/\/vieassociative.be\/actualites\/ard-et-zdf-prevoient-des-duels-televises-entre-scholz-et-merz-et-habeck-contre-weidel-mais-habeck-ne-veut-pas\/#primaryimage"},"image":{"@id":"https:\/\/vieassociative.be\/actualites\/ard-et-zdf-prevoient-des-duels-televises-entre-scholz-et-merz-et-habeck-contre-weidel-mais-habeck-ne-veut-pas\/#primaryimage"},"thumbnailUrl":"https:\/\/vieassociative.be\/actualites\/wp-content\/uploads\/2024\/12\/1734553047_ARD-et-ZDF-prevoient-des-duels-televises-entre-Scholz-et.jpg","datePublished":"2024-12-18T20:17:27+00:00","dateModified":"2024-12-18T20:17:27+00:00","breadcrumb":{"@id":"https:\/\/vieassociative.be\/actualites\/ard-et-zdf-prevoient-des-duels-televises-entre-scholz-et-merz-et-habeck-contre-weidel-mais-habeck-ne-veut-pas\/#breadcrumb"},"inLanguage":"fr-BE","potentialAction":[{"@type":"ReadAction","target":["https:\/\/vieassociative.be\/actualites\/ard-et-zdf-prevoient-des-duels-televises-entre-scholz-et-merz-et-habeck-contre-weidel-mais-habeck-ne-veut-pas\/"]}]},{"@type":"ImageObject","inLanguage":"fr-BE","@id":"https:\/\/vieassociative.be\/actualites\/ard-et-zdf-prevoient-des-duels-televises-entre-scholz-et-merz-et-habeck-contre-weidel-mais-habeck-ne-veut-pas\/#primaryimage","url":"https:\/\/vieassociative.be\/actualites\/wp-content\/uploads\/2024\/12\/1734553047_ARD-et-ZDF-prevoient-des-duels-televises-entre-Scholz-et.jpg","contentUrl":"https:\/\/vieassociative.be\/actualites\/wp-content\/uploads\/2024\/12\/1734553047_ARD-et-ZDF-prevoient-des-duels-televises-entre-Scholz-et.jpg","width":1200,"height":800,"caption":"ARD et ZDF pr\u00e9voient des duels t\u00e9l\u00e9vis\u00e9s entre Scholz et Merz et Habeck contre Weidel - mais Habeck ne veut pas"},{"@type":"BreadcrumbList","@id":"https:\/\/vieassociative.be\/actualites\/ard-et-zdf-prevoient-des-duels-televises-entre-scholz-et-merz-et-habeck-contre-weidel-mais-habeck-ne-veut-pas\/#breadcrumb","itemListElement":[{"@type":"ListItem","position":1,"name":"Accueil","item":"https:\/\/vieassociative.be\/actualites\/"},{"@type":"ListItem","position":2,"name":"ARD et ZDF pr\u00e9voient des duels t\u00e9l\u00e9vis\u00e9s entre Scholz et Merz et Habeck contre Weidel &#8211; mais Habeck ne veut pas"}]},{"@type":"WebSite","@id":"https:\/\/vieassociative.be\/actualites\/#website","url":"https:\/\/vieassociative.be\/actualites\/","name":"Vie Associative","description":"","publisher":{"@id":"https:\/\/vieassociative.be\/actualites\/#organization"},"potentialAction":[{"@type":"SearchAction","target":{"@type":"EntryPoint","urlTemplate":"https:\/\/vieassociative.be\/actualites\/?s={search_term_string}"},"query-input":{"@type":"PropertyValueSpecification","valueRequired":true,"valueName":"search_term_string"}}],"inLanguage":"fr-BE"},{"@type":"Organization","@id":"https:\/\/vieassociative.be\/actualites\/#organization","name":"Vie Associative","url":"https:\/\/vieassociative.be\/actualites\/","logo":{"@type":"ImageObject","inLanguage":"fr-BE","@id":"https:\/\/vieassociative.be\/actualites\/#\/schema\/logo\/image\/","url":"https:\/\/vieassociative.be\/actualites\/wp-content\/uploads\/2024\/09\/cropped-vieassociative_favicon.ico.png","contentUrl":"https:\/\/vieassociative.be\/actualites\/wp-content\/uploads\/2024\/09\/cropped-vieassociative_favicon.ico.png","width":512,"height":512,"caption":"Vie Associative"},"image":{"@id":"https:\/\/vieassociative.be\/actualites\/#\/schema\/logo\/image\/"}},{"@type":"Person","@id":"https:\/\/vieassociative.be\/actualites\/#\/schema\/person\/b87ac4f82f9d4e7b7cec7395b679edc4","name":"Julien","image":{"@type":"ImageObject","inLanguage":"fr-BE","@id":"https:\/\/vieassociative.be\/actualites\/#\/schema\/person\/image\/","url":"https:\/\/vieassociative.be\/actualites\/wp-content\/uploads\/2024\/09\/vie-associative-1-150x150.jpg","contentUrl":"https:\/\/vieassociative.be\/actualites\/wp-content\/uploads\/2024\/09\/vie-associative-1-150x150.jpg","caption":"Julien"},"description":"Je suis Julien, r\u00e9dacteur pour Vie Associative. Passionn\u00e9 par le monde associatif depuis plus de 10 ans, j'ai \u00e0 c\u0153ur de partager des histoires inspirantes et de mettre en lumi\u00e8re les initiatives locales. Mon objectif est de sensibiliser et d'encourager l'engagement communautaire \u00e0 travers mes articles.","sameAs":["https:\/\/vieassociative.be\/"]}]}},"_links":{"self":[{"href":"https:\/\/vieassociative.be\/actualites\/wp-json\/wp\/v2\/posts\/3517"}],"collection":[{"href":"https:\/\/vieassociative.be\/actualites\/wp-json\/wp\/v2\/posts"}],"about":[{"href":"https:\/\/vieassociative.be\/actualites\/wp-json\/wp\/v2\/types\/post"}],"author":[{"embeddable":true,"href":"https:\/\/vieassociative.be\/actualites\/wp-json\/wp\/v2\/users\/1"}],"replies":[{"embeddable":true,"href":"https:\/\/vieassociative.be\/actualites\/wp-json\/wp\/v2\/comments?post=3517"}],"version-history":[{"count":0,"href":"https:\/\/vieassociative.be\/actualites\/wp-json\/wp\/v2\/posts\/3517\/revisions"}],"wp:featuredmedia":[{"embeddable":true,"href":"https:\/\/vieassociative.be\/actualites\/wp-json\/wp\/v2\/media\/3518"}],"wp:attachment":[{"href":"https:\/\/vieassociative.be\/actualites\/wp-json\/wp\/v2\/media?parent=3517"}],"wp:term":[{"taxonomy":"category","embeddable":true,"href":"https:\/\/vieassociative.be\/actualites\/wp-json\/wp\/v2\/categories?post=3517"},{"taxonomy":"post_tag","embeddable":true,"href":"https:\/\/vieassociative.be\/actualites\/wp-json\/wp\/v2\/tags?post=3517"}],"curies":[{"name":"wp","href":"https:\/\/api.w.org\/{rel}","templated":true}]}}