{"id":3508,"date":"2024-12-18T15:17:27","date_gmt":"2024-12-18T14:17:27","guid":{"rendered":"https:\/\/vieassociative.be\/actualites\/il-etait-lun-des-plus-grands-de-lepoque-avant-eddy-merckx-le-double-champion-du-monde-de-cyclisme-rik-van-looy-est-decede\/"},"modified":"2024-12-18T15:17:27","modified_gmt":"2024-12-18T14:17:27","slug":"il-etait-lun-des-plus-grands-de-lepoque-avant-eddy-merckx-le-double-champion-du-monde-de-cyclisme-rik-van-looy-est-decede","status":"publish","type":"post","link":"https:\/\/vieassociative.be\/actualites\/il-etait-lun-des-plus-grands-de-lepoque-avant-eddy-merckx-le-double-champion-du-monde-de-cyclisme-rik-van-looy-est-decede\/","title":{"rendered":"Il \u00e9tait l&rsquo;un des plus grands de l&rsquo;\u00e9poque avant Eddy Merckx : le double champion du monde de cyclisme Rik Van Looy est d\u00e9c\u00e9d\u00e9"},"content":{"rendered":"<p><strong>Le cyclisme a perdu une ic\u00f4ne. Le professionnel belge Rik Van Looy est d\u00e9c\u00e9d\u00e9. Le Belge a c\u00e9l\u00e9br\u00e9 plus de 370 victoires au cours de sa carri\u00e8re.<\/strong><\/p>\n<p><span id=\"more-404394\"><\/span>Le monde du cyclisme pleure la perte du double champion du monde Rik Van Looy. Apr\u00e8s des semaines de maladie, le Belge est d\u00e9c\u00e9d\u00e9 cette nuit-l\u00e0 \u00e0 l&rsquo;\u00e2ge de 90 ans, a confirm\u00e9 le bourgmestre d&rsquo;Herentals \u00e0 l&rsquo;agence de presse Belga. L\u2019\u00ab empereur d\u2019Herentals \u00bb aurait eu 91 ans vendredi.<\/p>\n<\/p>\n<div id=\"attachment_404401\" class=\"wp-caption alignleft\" style=\"max-width: 300px\"><img fetchpriority=\"high\" decoding=\"async\" class=\"wp-image-404401 size-medium\" src=\"https:\/\/vieassociative.be\/actualites\/wp-content\/uploads\/2024\/12\/Il-etait-lun-des-plus-grands-de-lepoque-avant-Eddy.jpg\" alt=\"\" width=\"300\" height=\"222\"><\/p>\n<p class=\"wp-caption-text\">14 ao\u00fbt 1960, Hohenstein-Ernstthal : Le cycliste belge Rik Van Looy (M), sur le podium du vainqueur \u00e0 Hohenstein-Ernstthal le 14 ao\u00fbt 1960. (uniquement n\/b) Photo : Non cr\u00e9dit\u00e9\/AP\/dpa<\/p>\n<\/div>\n<p>Van Looy avait notamment remport\u00e9 deux titres de champion du monde (1960 et 1961), deux titres de champion de Belgique sur route et sept victoires d&rsquo;\u00e9tapes sur le Tour de France. Au total, il a c\u00e9l\u00e9br\u00e9 plus de 370 victoires au cours de sa carri\u00e8re de 1953 \u00e0 1970.<\/p>\n<p>Avec ses muscles forts et son sprint, Rik Van Looy a particuli\u00e8rement brill\u00e9 lors des grandes courses d&rsquo;un jour, qui figurent toutes \u00e0 son palmar\u00e8s. Il fut le premier cycliste professionnel, avant Eddy Merckx et Roger De Vlaeminck, \u00e0 remporter au moins une fois les cinq Monuments (Milan-Sanremo, Tour des Flandres, Paris-Roubaix, Li\u00e8ge-Bastogne-Li\u00e8ge et Tour de Lombardie). Surtout, il fut le seul \u00e0 remporter toutes les classiques de son \u00e9poque (seize victoires au total).<\/p>\n<div id=\"attachment_137823\" class=\"wp-caption alignleft\" style=\"max-width: 300px\"><img decoding=\"async\" class=\"wp-image-137823 size-medium\" src=\"https:\/\/vieassociative.be\/actualites\/wp-content\/uploads\/2024\/12\/1734531447_829_Il-etait-lun-des-plus-grands-de-lepoque-avant-Eddy.jpg\" alt=\"\" width=\"300\" height=\"200\"  ><\/p>\n<p class=\"wp-caption-text\">Un extrait du Grenz-Echo du 23 juin 1965 sur le passage du Tour de France \u00e0 Eupen la veille. Sur la photo, Rik Van Looy re\u00e7oit son sac de provisions dans la Ville Basse. (Cliquez sur l&rsquo;image pour l&rsquo;agrandir).<\/p>\n<\/div>\n<p>Ce n&rsquo;est que tardivement, \u00e0 l&rsquo;\u00e2ge de 28 ans, que Van Looy d\u00e9couvre le Tour de France en 1962, lorsque les \u00e9quipes nationales sont supprim\u00e9es. Pendant dix jours, il a brill\u00e9 dans les rues de la Grande Boucle avant d&rsquo;\u00eatre projet\u00e9 au sol par un motocycliste et de devoir abandonner. Il a re\u00e7u pas moins de 8 000 lettres de soutien apr\u00e8s sa chute.<\/p>\n<p>L&rsquo;ann\u00e9e suivante, le Belge remporte les quatre des sept \u00e9tapes figurant \u00e0 son palmar\u00e8s (la derni\u00e8re en 1969), ainsi que le maillot vert. Ses victoires incluent \u00e9galement l&rsquo;\u00e9tape du Tour de France 1965 entre Cologne et Li\u00e8ge, qui a men\u00e9 le peloton de coureurs \u00e0 travers la ville basse d&rsquo;Eupen, o\u00f9 de nombreux fans de l&rsquo;Est de la Belgique de Rik Van Looy \u00e9taient sur le bord de la route pour encourager ce qui \u00e9tait autrefois le meilleur belge.<\/p>\n<p>Comme beaucoup d\u2019autres grands champions, Rik Van Looy \u00e9tait en avance sur son temps. Il fut l&rsquo;un des premiers \u00e0 animer des cours pr\u00e9paratoires avec ses troupes sur le lac de Garde en Italie ou \u00e0 Keerbergen en Campine. Il pr\u00e9pare \u00e9galement sp\u00e9cifiquement certaines courses comme les Classiques ardennaises en s&rsquo;installant dans un h\u00f4tel de la vall\u00e9e d&rsquo;Amel pour s&rsquo;entra\u00eener sur les c\u00f4tes. (cr\u00e9\/dpa)<\/p>\n","protected":false},"excerpt":{"rendered":"<p>Le cyclisme a perdu une ic\u00f4ne. Le professionnel belge Rik Van Looy est d\u00e9c\u00e9d\u00e9. Le Belge a c\u00e9l\u00e9br\u00e9 plus de 370 victoires au cours de<\/p>\n","protected":false},"author":1,"featured_media":3509,"comment_status":"","ping_status":"","sticky":false,"template":"","format":"standard","meta":{"footnotes":""},"categories":[298],"tags":[142,2524,3010,1223,29,1328,4097,76,3854,1098,4096,4101,247,4098,237,4099,4100],"class_list":["post-3508","post","type-post","status-publish","format-standard","has-post-thumbnail","hentry","category-belgique","tag-avant","tag-champion","tag-cyclisme","tag-decede","tag-des","tag-double","tag-eddy","tag-est","tag-etait","tag-grands","tag-lepoque","tag-looy","tag-lun","tag-merckx","tag-monde","tag-rik","tag-van","generate-columns","tablet-grid-50","mobile-grid-100","grid-parent","grid-33"],"yoast_head":"<!-- This site is optimized with the Yoast SEO plugin v24.0 - https:\/\/yoast.com\/wordpress\/plugins\/seo\/ -->\n<title>Il \u00e9tait l&#039;un des plus grands de l&#039;\u00e9poque avant Eddy Merckx : le double champion du monde de cyclisme Rik Van Looy est d\u00e9c\u00e9d\u00e9 | Vie Associative<\/title>\n<meta name=\"robots\" content=\"index, follow, max-snippet:-1, max-image-preview:large, max-video-preview:-1\" \/>\n<link rel=\"canonical\" href=\"https:\/\/vieassociative.be\/actualites\/il-etait-lun-des-plus-grands-de-lepoque-avant-eddy-merckx-le-double-champion-du-monde-de-cyclisme-rik-van-looy-est-decede\/\" \/>\n<meta property=\"og:locale\" content=\"fr_FR\" \/>\n<meta property=\"og:type\" content=\"article\" \/>\n<meta property=\"og:title\" content=\"Il \u00e9tait l&#039;un des plus grands de l&#039;\u00e9poque avant Eddy Merckx : le double champion du monde de cyclisme Rik Van Looy est d\u00e9c\u00e9d\u00e9 | Vie Associative\" \/>\n<meta property=\"og:description\" content=\"Le cyclisme a perdu une ic\u00f4ne. Le professionnel belge Rik Van Looy est d\u00e9c\u00e9d\u00e9. Le Belge a c\u00e9l\u00e9br\u00e9 plus de 370 victoires au cours de\" \/>\n<meta property=\"og:url\" content=\"https:\/\/vieassociative.be\/actualites\/il-etait-lun-des-plus-grands-de-lepoque-avant-eddy-merckx-le-double-champion-du-monde-de-cyclisme-rik-van-looy-est-decede\/\" \/>\n<meta property=\"og:site_name\" content=\"Vie Associative\" \/>\n<meta property=\"article:published_time\" content=\"2024-12-18T14:17:27+00:00\" \/>\n<meta property=\"og:image\" content=\"https:\/\/vieassociative.be\/actualites\/wp-content\/uploads\/2024\/09\/header_backgroundk-01-e1726694325946.png\" \/>\n\t<meta property=\"og:image:width\" content=\"279\" \/>\n\t<meta property=\"og:image:height\" content=\"92\" \/>\n\t<meta property=\"og:image:type\" content=\"image\/png\" \/>\n<meta name=\"author\" content=\"Julien\" \/>\n<meta name=\"twitter:card\" content=\"summary_large_image\" \/>\n<meta name=\"twitter:label1\" content=\"\u00c9crit par\" \/>\n\t<meta name=\"twitter:data1\" content=\"Julien\" \/>\n\t<meta name=\"twitter:label2\" content=\"Dur\u00e9e de lecture est.\" \/>\n\t<meta name=\"twitter:data2\" content=\"2 minutes\" \/>\n<script type=\"application\/ld+json\" class=\"yoast-schema-graph\">{\"@context\":\"https:\/\/schema.org\",\"@graph\":[{\"@type\":\"Article\",\"@id\":\"https:\/\/vieassociative.be\/actualites\/il-etait-lun-des-plus-grands-de-lepoque-avant-eddy-merckx-le-double-champion-du-monde-de-cyclisme-rik-van-looy-est-decede\/#article\",\"isPartOf\":{\"@id\":\"https:\/\/vieassociative.be\/actualites\/il-etait-lun-des-plus-grands-de-lepoque-avant-eddy-merckx-le-double-champion-du-monde-de-cyclisme-rik-van-looy-est-decede\/\"},\"author\":{\"name\":\"Julien\",\"@id\":\"https:\/\/vieassociative.be\/actualites\/#\/schema\/person\/b87ac4f82f9d4e7b7cec7395b679edc4\"},\"headline\":\"Il \u00e9tait l&rsquo;un des plus grands de l&rsquo;\u00e9poque avant Eddy Merckx : le double champion du monde de cyclisme Rik Van Looy est d\u00e9c\u00e9d\u00e9\",\"datePublished\":\"2024-12-18T14:17:27+00:00\",\"dateModified\":\"2024-12-18T14:17:27+00:00\",\"mainEntityOfPage\":{\"@id\":\"https:\/\/vieassociative.be\/actualites\/il-etait-lun-des-plus-grands-de-lepoque-avant-eddy-merckx-le-double-champion-du-monde-de-cyclisme-rik-van-looy-est-decede\/\"},\"wordCount\":525,\"publisher\":{\"@id\":\"https:\/\/vieassociative.be\/actualites\/#organization\"},\"image\":{\"@id\":\"https:\/\/vieassociative.be\/actualites\/il-etait-lun-des-plus-grands-de-lepoque-avant-eddy-merckx-le-double-champion-du-monde-de-cyclisme-rik-van-looy-est-decede\/#primaryimage\"},\"thumbnailUrl\":\"https:\/\/vieassociative.be\/actualites\/wp-content\/uploads\/2024\/12\/1734531447_Il-etait-lun-des-plus-grands-de-lepoque-avant-Eddy.jpg\",\"keywords\":[\"avant\",\"champion\",\"cyclisme\",\"d\u00e9c\u00e9d\u00e9\",\"Des\",\"double\",\"Eddy\",\"est\",\"\u00e9tait\",\"grands\",\"l\u00e9poque\",\"Looy\",\"lun\",\"Merckx\",\"monde\",\"Rik\",\"Van\"],\"articleSection\":[\"Belgique\"],\"inLanguage\":\"fr-BE\"},{\"@type\":\"WebPage\",\"@id\":\"https:\/\/vieassociative.be\/actualites\/il-etait-lun-des-plus-grands-de-lepoque-avant-eddy-merckx-le-double-champion-du-monde-de-cyclisme-rik-van-looy-est-decede\/\",\"url\":\"https:\/\/vieassociative.be\/actualites\/il-etait-lun-des-plus-grands-de-lepoque-avant-eddy-merckx-le-double-champion-du-monde-de-cyclisme-rik-van-looy-est-decede\/\",\"name\":\"Il \u00e9tait l'un des plus grands de l'\u00e9poque avant Eddy Merckx : le double champion du monde de cyclisme Rik Van Looy est d\u00e9c\u00e9d\u00e9 | Vie Associative\",\"isPartOf\":{\"@id\":\"https:\/\/vieassociative.be\/actualites\/#website\"},\"primaryImageOfPage\":{\"@id\":\"https:\/\/vieassociative.be\/actualites\/il-etait-lun-des-plus-grands-de-lepoque-avant-eddy-merckx-le-double-champion-du-monde-de-cyclisme-rik-van-looy-est-decede\/#primaryimage\"},\"image\":{\"@id\":\"https:\/\/vieassociative.be\/actualites\/il-etait-lun-des-plus-grands-de-lepoque-avant-eddy-merckx-le-double-champion-du-monde-de-cyclisme-rik-van-looy-est-decede\/#primaryimage\"},\"thumbnailUrl\":\"https:\/\/vieassociative.be\/actualites\/wp-content\/uploads\/2024\/12\/1734531447_Il-etait-lun-des-plus-grands-de-lepoque-avant-Eddy.jpg\",\"datePublished\":\"2024-12-18T14:17:27+00:00\",\"dateModified\":\"2024-12-18T14:17:27+00:00\",\"breadcrumb\":{\"@id\":\"https:\/\/vieassociative.be\/actualites\/il-etait-lun-des-plus-grands-de-lepoque-avant-eddy-merckx-le-double-champion-du-monde-de-cyclisme-rik-van-looy-est-decede\/#breadcrumb\"},\"inLanguage\":\"fr-BE\",\"potentialAction\":[{\"@type\":\"ReadAction\",\"target\":[\"https:\/\/vieassociative.be\/actualites\/il-etait-lun-des-plus-grands-de-lepoque-avant-eddy-merckx-le-double-champion-du-monde-de-cyclisme-rik-van-looy-est-decede\/\"]}]},{\"@type\":\"ImageObject\",\"inLanguage\":\"fr-BE\",\"@id\":\"https:\/\/vieassociative.be\/actualites\/il-etait-lun-des-plus-grands-de-lepoque-avant-eddy-merckx-le-double-champion-du-monde-de-cyclisme-rik-van-looy-est-decede\/#primaryimage\",\"url\":\"https:\/\/vieassociative.be\/actualites\/wp-content\/uploads\/2024\/12\/1734531447_Il-etait-lun-des-plus-grands-de-lepoque-avant-Eddy.jpg\",\"contentUrl\":\"https:\/\/vieassociative.be\/actualites\/wp-content\/uploads\/2024\/12\/1734531447_Il-etait-lun-des-plus-grands-de-lepoque-avant-Eddy.jpg\",\"width\":1200,\"height\":803,\"caption\":\"Il \u00e9tait l'un des plus grands de l'\u00e9poque avant Eddy Merckx : le double champion du monde de cyclisme Rik Van Looy est d\u00e9c\u00e9d\u00e9\"},{\"@type\":\"BreadcrumbList\",\"@id\":\"https:\/\/vieassociative.be\/actualites\/il-etait-lun-des-plus-grands-de-lepoque-avant-eddy-merckx-le-double-champion-du-monde-de-cyclisme-rik-van-looy-est-decede\/#breadcrumb\",\"itemListElement\":[{\"@type\":\"ListItem\",\"position\":1,\"name\":\"Accueil\",\"item\":\"https:\/\/vieassociative.be\/actualites\/\"},{\"@type\":\"ListItem\",\"position\":2,\"name\":\"Il \u00e9tait l&rsquo;un des plus grands de l&rsquo;\u00e9poque avant Eddy Merckx : le double champion du monde de cyclisme Rik Van Looy est d\u00e9c\u00e9d\u00e9\"}]},{\"@type\":\"WebSite\",\"@id\":\"https:\/\/vieassociative.be\/actualites\/#website\",\"url\":\"https:\/\/vieassociative.be\/actualites\/\",\"name\":\"Vie Associative\",\"description\":\"\",\"publisher\":{\"@id\":\"https:\/\/vieassociative.be\/actualites\/#organization\"},\"potentialAction\":[{\"@type\":\"SearchAction\",\"target\":{\"@type\":\"EntryPoint\",\"urlTemplate\":\"https:\/\/vieassociative.be\/actualites\/?s={search_term_string}\"},\"query-input\":{\"@type\":\"PropertyValueSpecification\",\"valueRequired\":true,\"valueName\":\"search_term_string\"}}],\"inLanguage\":\"fr-BE\"},{\"@type\":\"Organization\",\"@id\":\"https:\/\/vieassociative.be\/actualites\/#organization\",\"name\":\"Vie Associative\",\"url\":\"https:\/\/vieassociative.be\/actualites\/\",\"logo\":{\"@type\":\"ImageObject\",\"inLanguage\":\"fr-BE\",\"@id\":\"https:\/\/vieassociative.be\/actualites\/#\/schema\/logo\/image\/\",\"url\":\"https:\/\/vieassociative.be\/actualites\/wp-content\/uploads\/2024\/09\/cropped-vieassociative_favicon.ico.png\",\"contentUrl\":\"https:\/\/vieassociative.be\/actualites\/wp-content\/uploads\/2024\/09\/cropped-vieassociative_favicon.ico.png\",\"width\":512,\"height\":512,\"caption\":\"Vie Associative\"},\"image\":{\"@id\":\"https:\/\/vieassociative.be\/actualites\/#\/schema\/logo\/image\/\"}},{\"@type\":\"Person\",\"@id\":\"https:\/\/vieassociative.be\/actualites\/#\/schema\/person\/b87ac4f82f9d4e7b7cec7395b679edc4\",\"name\":\"Julien\",\"image\":{\"@type\":\"ImageObject\",\"inLanguage\":\"fr-BE\",\"@id\":\"https:\/\/vieassociative.be\/actualites\/#\/schema\/person\/image\/\",\"url\":\"https:\/\/vieassociative.be\/actualites\/wp-content\/uploads\/2024\/09\/vie-associative-1-150x150.jpg\",\"contentUrl\":\"https:\/\/vieassociative.be\/actualites\/wp-content\/uploads\/2024\/09\/vie-associative-1-150x150.jpg\",\"caption\":\"Julien\"},\"description\":\"Je suis Julien, r\u00e9dacteur pour Vie Associative. Passionn\u00e9 par le monde associatif depuis plus de 10 ans, j'ai \u00e0 c\u0153ur de partager des histoires inspirantes et de mettre en lumi\u00e8re les initiatives locales. Mon objectif est de sensibiliser et d'encourager l'engagement communautaire \u00e0 travers mes articles.\",\"sameAs\":[\"https:\/\/vieassociative.be\/\"]}]}<\/script>\n<!-- \/ Yoast SEO plugin. -->","yoast_head_json":{"title":"Il \u00e9tait l'un des plus grands de l'\u00e9poque avant Eddy Merckx : le double champion du monde de cyclisme Rik Van Looy est d\u00e9c\u00e9d\u00e9 | Vie Associative","robots":{"index":"index","follow":"follow","max-snippet":"max-snippet:-1","max-image-preview":"max-image-preview:large","max-video-preview":"max-video-preview:-1"},"canonical":"https:\/\/vieassociative.be\/actualites\/il-etait-lun-des-plus-grands-de-lepoque-avant-eddy-merckx-le-double-champion-du-monde-de-cyclisme-rik-van-looy-est-decede\/","og_locale":"fr_FR","og_type":"article","og_title":"Il \u00e9tait l'un des plus grands de l'\u00e9poque avant Eddy Merckx : le double champion du monde de cyclisme Rik Van Looy est d\u00e9c\u00e9d\u00e9 | Vie Associative","og_description":"Le cyclisme a perdu une ic\u00f4ne. Le professionnel belge Rik Van Looy est d\u00e9c\u00e9d\u00e9. Le Belge a c\u00e9l\u00e9br\u00e9 plus de 370 victoires au cours de","og_url":"https:\/\/vieassociative.be\/actualites\/il-etait-lun-des-plus-grands-de-lepoque-avant-eddy-merckx-le-double-champion-du-monde-de-cyclisme-rik-van-looy-est-decede\/","og_site_name":"Vie Associative","article_published_time":"2024-12-18T14:17:27+00:00","og_image":[{"width":279,"height":92,"url":"https:\/\/vieassociative.be\/actualites\/wp-content\/uploads\/2024\/09\/header_backgroundk-01-e1726694325946.png","type":"image\/png"}],"author":"Julien","twitter_card":"summary_large_image","twitter_misc":{"\u00c9crit par":"Julien","Dur\u00e9e de lecture est.":"2 minutes"},"schema":{"@context":"https:\/\/schema.org","@graph":[{"@type":"Article","@id":"https:\/\/vieassociative.be\/actualites\/il-etait-lun-des-plus-grands-de-lepoque-avant-eddy-merckx-le-double-champion-du-monde-de-cyclisme-rik-van-looy-est-decede\/#article","isPartOf":{"@id":"https:\/\/vieassociative.be\/actualites\/il-etait-lun-des-plus-grands-de-lepoque-avant-eddy-merckx-le-double-champion-du-monde-de-cyclisme-rik-van-looy-est-decede\/"},"author":{"name":"Julien","@id":"https:\/\/vieassociative.be\/actualites\/#\/schema\/person\/b87ac4f82f9d4e7b7cec7395b679edc4"},"headline":"Il \u00e9tait l&rsquo;un des plus grands de l&rsquo;\u00e9poque avant Eddy Merckx : le double champion du monde de cyclisme Rik Van Looy est d\u00e9c\u00e9d\u00e9","datePublished":"2024-12-18T14:17:27+00:00","dateModified":"2024-12-18T14:17:27+00:00","mainEntityOfPage":{"@id":"https:\/\/vieassociative.be\/actualites\/il-etait-lun-des-plus-grands-de-lepoque-avant-eddy-merckx-le-double-champion-du-monde-de-cyclisme-rik-van-looy-est-decede\/"},"wordCount":525,"publisher":{"@id":"https:\/\/vieassociative.be\/actualites\/#organization"},"image":{"@id":"https:\/\/vieassociative.be\/actualites\/il-etait-lun-des-plus-grands-de-lepoque-avant-eddy-merckx-le-double-champion-du-monde-de-cyclisme-rik-van-looy-est-decede\/#primaryimage"},"thumbnailUrl":"https:\/\/vieassociative.be\/actualites\/wp-content\/uploads\/2024\/12\/1734531447_Il-etait-lun-des-plus-grands-de-lepoque-avant-Eddy.jpg","keywords":["avant","champion","cyclisme","d\u00e9c\u00e9d\u00e9","Des","double","Eddy","est","\u00e9tait","grands","l\u00e9poque","Looy","lun","Merckx","monde","Rik","Van"],"articleSection":["Belgique"],"inLanguage":"fr-BE"},{"@type":"WebPage","@id":"https:\/\/vieassociative.be\/actualites\/il-etait-lun-des-plus-grands-de-lepoque-avant-eddy-merckx-le-double-champion-du-monde-de-cyclisme-rik-van-looy-est-decede\/","url":"https:\/\/vieassociative.be\/actualites\/il-etait-lun-des-plus-grands-de-lepoque-avant-eddy-merckx-le-double-champion-du-monde-de-cyclisme-rik-van-looy-est-decede\/","name":"Il \u00e9tait l'un des plus grands de l'\u00e9poque avant Eddy Merckx : le double champion du monde de cyclisme Rik Van Looy est d\u00e9c\u00e9d\u00e9 | Vie Associative","isPartOf":{"@id":"https:\/\/vieassociative.be\/actualites\/#website"},"primaryImageOfPage":{"@id":"https:\/\/vieassociative.be\/actualites\/il-etait-lun-des-plus-grands-de-lepoque-avant-eddy-merckx-le-double-champion-du-monde-de-cyclisme-rik-van-looy-est-decede\/#primaryimage"},"image":{"@id":"https:\/\/vieassociative.be\/actualites\/il-etait-lun-des-plus-grands-de-lepoque-avant-eddy-merckx-le-double-champion-du-monde-de-cyclisme-rik-van-looy-est-decede\/#primaryimage"},"thumbnailUrl":"https:\/\/vieassociative.be\/actualites\/wp-content\/uploads\/2024\/12\/1734531447_Il-etait-lun-des-plus-grands-de-lepoque-avant-Eddy.jpg","datePublished":"2024-12-18T14:17:27+00:00","dateModified":"2024-12-18T14:17:27+00:00","breadcrumb":{"@id":"https:\/\/vieassociative.be\/actualites\/il-etait-lun-des-plus-grands-de-lepoque-avant-eddy-merckx-le-double-champion-du-monde-de-cyclisme-rik-van-looy-est-decede\/#breadcrumb"},"inLanguage":"fr-BE","potentialAction":[{"@type":"ReadAction","target":["https:\/\/vieassociative.be\/actualites\/il-etait-lun-des-plus-grands-de-lepoque-avant-eddy-merckx-le-double-champion-du-monde-de-cyclisme-rik-van-looy-est-decede\/"]}]},{"@type":"ImageObject","inLanguage":"fr-BE","@id":"https:\/\/vieassociative.be\/actualites\/il-etait-lun-des-plus-grands-de-lepoque-avant-eddy-merckx-le-double-champion-du-monde-de-cyclisme-rik-van-looy-est-decede\/#primaryimage","url":"https:\/\/vieassociative.be\/actualites\/wp-content\/uploads\/2024\/12\/1734531447_Il-etait-lun-des-plus-grands-de-lepoque-avant-Eddy.jpg","contentUrl":"https:\/\/vieassociative.be\/actualites\/wp-content\/uploads\/2024\/12\/1734531447_Il-etait-lun-des-plus-grands-de-lepoque-avant-Eddy.jpg","width":1200,"height":803,"caption":"Il \u00e9tait l'un des plus grands de l'\u00e9poque avant Eddy Merckx : le double champion du monde de cyclisme Rik Van Looy est d\u00e9c\u00e9d\u00e9"},{"@type":"BreadcrumbList","@id":"https:\/\/vieassociative.be\/actualites\/il-etait-lun-des-plus-grands-de-lepoque-avant-eddy-merckx-le-double-champion-du-monde-de-cyclisme-rik-van-looy-est-decede\/#breadcrumb","itemListElement":[{"@type":"ListItem","position":1,"name":"Accueil","item":"https:\/\/vieassociative.be\/actualites\/"},{"@type":"ListItem","position":2,"name":"Il \u00e9tait l&rsquo;un des plus grands de l&rsquo;\u00e9poque avant Eddy Merckx : le double champion du monde de cyclisme Rik Van Looy est d\u00e9c\u00e9d\u00e9"}]},{"@type":"WebSite","@id":"https:\/\/vieassociative.be\/actualites\/#website","url":"https:\/\/vieassociative.be\/actualites\/","name":"Vie Associative","description":"","publisher":{"@id":"https:\/\/vieassociative.be\/actualites\/#organization"},"potentialAction":[{"@type":"SearchAction","target":{"@type":"EntryPoint","urlTemplate":"https:\/\/vieassociative.be\/actualites\/?s={search_term_string}"},"query-input":{"@type":"PropertyValueSpecification","valueRequired":true,"valueName":"search_term_string"}}],"inLanguage":"fr-BE"},{"@type":"Organization","@id":"https:\/\/vieassociative.be\/actualites\/#organization","name":"Vie Associative","url":"https:\/\/vieassociative.be\/actualites\/","logo":{"@type":"ImageObject","inLanguage":"fr-BE","@id":"https:\/\/vieassociative.be\/actualites\/#\/schema\/logo\/image\/","url":"https:\/\/vieassociative.be\/actualites\/wp-content\/uploads\/2024\/09\/cropped-vieassociative_favicon.ico.png","contentUrl":"https:\/\/vieassociative.be\/actualites\/wp-content\/uploads\/2024\/09\/cropped-vieassociative_favicon.ico.png","width":512,"height":512,"caption":"Vie Associative"},"image":{"@id":"https:\/\/vieassociative.be\/actualites\/#\/schema\/logo\/image\/"}},{"@type":"Person","@id":"https:\/\/vieassociative.be\/actualites\/#\/schema\/person\/b87ac4f82f9d4e7b7cec7395b679edc4","name":"Julien","image":{"@type":"ImageObject","inLanguage":"fr-BE","@id":"https:\/\/vieassociative.be\/actualites\/#\/schema\/person\/image\/","url":"https:\/\/vieassociative.be\/actualites\/wp-content\/uploads\/2024\/09\/vie-associative-1-150x150.jpg","contentUrl":"https:\/\/vieassociative.be\/actualites\/wp-content\/uploads\/2024\/09\/vie-associative-1-150x150.jpg","caption":"Julien"},"description":"Je suis Julien, r\u00e9dacteur pour Vie Associative. Passionn\u00e9 par le monde associatif depuis plus de 10 ans, j'ai \u00e0 c\u0153ur de partager des histoires inspirantes et de mettre en lumi\u00e8re les initiatives locales. Mon objectif est de sensibiliser et d'encourager l'engagement communautaire \u00e0 travers mes articles.","sameAs":["https:\/\/vieassociative.be\/"]}]}},"_links":{"self":[{"href":"https:\/\/vieassociative.be\/actualites\/wp-json\/wp\/v2\/posts\/3508"}],"collection":[{"href":"https:\/\/vieassociative.be\/actualites\/wp-json\/wp\/v2\/posts"}],"about":[{"href":"https:\/\/vieassociative.be\/actualites\/wp-json\/wp\/v2\/types\/post"}],"author":[{"embeddable":true,"href":"https:\/\/vieassociative.be\/actualites\/wp-json\/wp\/v2\/users\/1"}],"replies":[{"embeddable":true,"href":"https:\/\/vieassociative.be\/actualites\/wp-json\/wp\/v2\/comments?post=3508"}],"version-history":[{"count":0,"href":"https:\/\/vieassociative.be\/actualites\/wp-json\/wp\/v2\/posts\/3508\/revisions"}],"wp:featuredmedia":[{"embeddable":true,"href":"https:\/\/vieassociative.be\/actualites\/wp-json\/wp\/v2\/media\/3509"}],"wp:attachment":[{"href":"https:\/\/vieassociative.be\/actualites\/wp-json\/wp\/v2\/media?parent=3508"}],"wp:term":[{"taxonomy":"category","embeddable":true,"href":"https:\/\/vieassociative.be\/actualites\/wp-json\/wp\/v2\/categories?post=3508"},{"taxonomy":"post_tag","embeddable":true,"href":"https:\/\/vieassociative.be\/actualites\/wp-json\/wp\/v2\/tags?post=3508"}],"curies":[{"name":"wp","href":"https:\/\/api.w.org\/{rel}","templated":true}]}}