{"id":3506,"date":"2024-12-18T14:17:18","date_gmt":"2024-12-18T13:17:18","guid":{"rendered":"https:\/\/vieassociative.be\/actualites\/jai-essaye-loreiller-de-voyage-trtl-et-je-ne-voyagerai-plus-sans-lui\/"},"modified":"2024-12-18T14:17:18","modified_gmt":"2024-12-18T13:17:18","slug":"jai-essaye-loreiller-de-voyage-trtl-et-je-ne-voyagerai-plus-sans-lui","status":"publish","type":"post","link":"https:\/\/vieassociative.be\/actualites\/jai-essaye-loreiller-de-voyage-trtl-et-je-ne-voyagerai-plus-sans-lui\/","title":{"rendered":"J&rsquo;ai essay\u00e9 l&rsquo;oreiller de voyage Trtl et je ne voyagerai plus sans lui"},"content":{"rendered":"<div class=\"mt-4 leading-6 md:mb-8\">Vos journ\u00e9es \u00e9puisantes de siestes en vol \u00e0 moiti\u00e9 \u00e9veill\u00e9es et \u00e0 moiti\u00e9 \u00e9veill\u00e9es sont enfin termin\u00e9es.<\/div>\n<p><\/p>\n<p>Je suis un expert pour passer les heures en avion. Je peux me distraire, m\u00eame dans un espace confin\u00e9, en lisant, en regardant des films ou en r\u00e9fl\u00e9chissant. Je peux m\u00eame trouver du plaisir dans le petit repas fade servi dans un avion. Cependant, ce pour quoi je n&rsquo;ai jamais \u00e9t\u00e9 dou\u00e9, c&rsquo;est le sommeil en vol. Il ne semble pas juste que seules les personnes assises dans des si\u00e8ges \u00e0 plat puissent profiter de leur rythme circadien sans interruption, mais je commen\u00e7ais \u00e0 me r\u00e9signer \u00e0 cette division de classe litt\u00e9rale, jusqu&rsquo;\u00e0 ce qu&rsquo;apr\u00e8s des centaines d&rsquo;heures de vol, je sois heureux d&rsquo;annoncer qu&rsquo;il y a enfin quelque chose qui fonctionne pour moi. J&rsquo;ai essay\u00e9 l&rsquo;oreiller de voyage Trtl et je ne ferai plus de longs vols sans lui.<\/p>\n<div class=\"pogoClear mb-12 mt-10 rounded-md border-2 border-gray-100 py-7 shadow-xl md:py-6\">\n<div class=\"flex flex-wrap justify-between px-7 text-black no-underline md:flex-nowrap md:px-8\">\n<div class=\"order-1 mx-auto flex flex-col justify-center md:order-2 md:ml-4 md:w-full md:grow\">\n<div class=\"block cursor-pointer text-center font-akshar text-2xl font-medium leading-7 text-brand-green duration-200 ease-in-out hover:text-brand-green-700 md:text-left md:text-xl md:leading-6\">Oreiller Trtl Oreiller de voyage super doux pour le cou, prouv\u00e9 scientifiquement\n                <\/div>\n<div class=\"mt-4 hidden md:flex md:justify-between\">\n<div class=\"self-end\">\n<div class=\"mb-0 h-11 md:flex md:flex-col md:justify-center\">\n<div class=\" font-sans leading-4 text-black\">\n<div class=\"flex flex-wrap items-center justify-center gap-x-1 md:justify-start\">\n        <span class=\"font-bold\"><\/p>\n<p>            45,49\u00a0$<br \/>\n                            <span class=\"font-medium\">chez Amazon<\/span><br \/>\n                    <\/span><br \/>\n                    <img decoding=\"async\" class=\"mt-0 h-(15px)\" src=\"https:\/\/vieassociative.be\/actualites\/wp-content\/uploads\/2024\/12\/Jai-essaye-loreiller-de-voyage-Trtl-et-je-ne-voyagerai.svg.svg+xml\" title=\"Amazon Premier\" alt=\"Amazon Premier\">\n            <\/div>\n<div class=\"flex items-center justify-center gap-x-1 font-bold md:justify-start\">\n            <span class=\"text-sm line-through\">64,99\u00a0$<\/span><br \/>\n            <span class=\"text-sm text-brand-green\">\u00c9conomisez 19,50\u00a0$<\/span>\n        <\/div>\n<\/p><\/div>\n<\/p><\/div>\n<\/p><\/div>\n<div class=\"w-44 self-end\">\n                            <button class=\"flex justify-center items-center w-full bg-brand-green text-white text-base font-sans font-medium rounded-md hover:bg-brand-green-700 hover:cursor-pointer md:text-sm h-11\"><\/p>\n<p>    Achetez maintenant<br \/>\n<\/button>\n                        <\/div>\n<\/p><\/div>\n<\/p><\/div>\n<div class=\"order-2 mt-5 h-auto w-full md:order-1 md:mt-0 md:hidden\">\n<div class=\"flex aspect-video items-center justify-center\">\n                                            <img decoding=\"async\" class=\"m-0 max-h-full max-w-full rounded-md\" src=\"https:\/\/vieassociative.be\/actualites\/wp-content\/uploads\/2024\/12\/Jai-essaye-loreiller-de-voyage-Trtl-et-je-ne-voyagerai.jpg\" alt=\"Oreiller Trtl Oreiller de voyage super doux pour le cou, prouv\u00e9 scientifiquement\" width=\"auto\" height=\"auto\" loading=\"lazy\">\n                                    <\/div>\n<\/p><\/div>\n<div class=\"order-2 ml-2 hidden w-32 shrink-0 items-center md:order-1 md:ml-0 md:flex\">\n<div class=\"flex aspect-video items-center justify-center\">\n                                            <img decoding=\"async\" class=\"m-0 max-h-full max-w-full rounded-md\" src=\"https:\/\/vieassociative.be\/actualites\/wp-content\/uploads\/2024\/12\/Jai-essaye-loreiller-de-voyage-Trtl-et-je-ne-voyagerai.jpg\" alt=\"Oreiller Trtl Oreiller de voyage super doux pour le cou, prouv\u00e9 scientifiquement\" width=\"auto\" height=\"auto\" loading=\"lazy\">\n                                    <\/div>\n<\/p><\/div>\n<div class=\"order-3 flex grow flex-wrap md:hidden md:grow-0\">\n<div class=\"mt-4 w-full\">\n                        <button class=\"flex justify-center items-center w-full bg-brand-green text-white text-base font-sans font-medium rounded-md hover:bg-brand-green-700 hover:cursor-pointer md:text-sm h-11\"><\/p>\n<p>    Achetez maintenant<br \/>\n<\/button>\n                    <\/div>\n<div class=\"mx-2 mt-4 w-full\">\n<div class=\" font-sans leading-4 text-black\">\n<div class=\"flex flex-wrap items-center justify-center gap-x-1 md:justify-start\">\n        <span class=\"font-bold\"><\/p>\n<p>            45,49\u00a0$<br \/>\n                            <span class=\"font-medium\">chez Amazon<\/span><br \/>\n                    <\/span><br \/>\n                    <img decoding=\"async\" class=\"mt-0 h-(15px)\" src=\"https:\/\/vieassociative.be\/actualites\/wp-content\/uploads\/2024\/12\/Jai-essaye-loreiller-de-voyage-Trtl-et-je-ne-voyagerai.svg.svg+xml\" title=\"Amazon Premier\" alt=\"Amazon Premier\">\n            <\/div>\n<div class=\"flex items-center justify-center gap-x-1 font-bold md:justify-start\">\n            <span class=\"text-sm line-through\">64,99\u00a0$<\/span><br \/>\n            <span class=\"text-sm text-brand-green\">\u00c9conomisez 19,50\u00a0$<\/span>\n        <\/div>\n<\/p><\/div>\n<\/p><\/div>\n<\/p><\/div>\n<\/p><\/div>\n<\/div>\n<p>La somnolence n\u2019est d\u00e9cid\u00e9ment pas aussi r\u00e9paratrice que le sommeil proprement dit. Mes siestes en vol \u00e9taient souvent courtes et sans enthousiasme. Habituellement, 20 minutes s&rsquo;\u00e9coulaient avant que je me r\u00e9veille parce que je ronflais \u00e0 nouveau la bouche ouverte. Un mauvais sommeil est une nuisance m\u00eame si vous voyagez occasionnellement, mais si vous voyagez souvent \u00e0 l&rsquo;\u00e9tranger, cela peut vraiment g\u00e2cher vos journ\u00e9es de voyage. Apr\u00e8s avoir essay\u00e9 plusieurs oreillers de voyage gonflables en forme de U d\u00e9cevants et d&rsquo;innombrables vestes et foulards en boule, j&rsquo;\u00e9tais sceptique quant \u00e0 l&rsquo;oreiller cervical de voyage Trtl. Mais c\u2019est le design inhabituel qui m\u2019a fait reconsid\u00e9rer ma d\u00e9cision.<\/p>\n<h2 id=\"my-flight-with-the-trtl\">Mon vol avec le Trtl<\/h2>\n<p>J&rsquo;ai re\u00e7u mon oreiller Trtl gris avant de prendre un vol de huit heures pour Copenhague. Ce n\u2019\u00e9tait pas encombrant et pesait \u00e0 peine quelque chose\u00a0; sa forme est juste un peu bizarre. Je me demandais o\u00f9 je le rangerais car il ne se plie pas et ne s&rsquo;effondre pas. J&rsquo;aurais pu l&rsquo;enrouler autour de la poign\u00e9e de mon sac \u00e0 dos, mais je n&rsquo;aime pas trop les objets qui pendent, alors j&rsquo;ai fini par installer le bord incurv\u00e9 sur mon cube d&#8217;emballage \u00e0 l&rsquo;int\u00e9rieur de mon sac \u00e0 dos. C&rsquo;\u00e9tait une pression, mais le sac \u00e0 dos s&rsquo;est ferm\u00e9. Fait. <\/p>\n<div class=\"eloquent-imagery-image\">\n<div class=\"flex justify-center\">\n                    <img decoding=\"async\" class=\"border border-gray-100\" src=\"https:\/\/vieassociative.be\/actualites\/wp-content\/uploads\/2024\/12\/1734527838_899_Jai-essaye-loreiller-de-voyage-Trtl-et-je-ne-voyagerai.jpg\" alt=\"L'oreiller de voyage Trtl sur une surface carrel\u00e9e.\" width=\"2000\" height=\"1124\" loading=\"lazy\"  >\n            <\/div>\n<\/p><\/div>\n<p>Apr\u00e8s m&rsquo;\u00eatre install\u00e9 sur mon si\u00e8ge c\u00f4t\u00e9 fen\u00eatre en classe \u00e9conomique et m&rsquo;\u00eatre \u00e9merveill\u00e9 de la fa\u00e7on dont la compagnie a\u00e9rienne avait r\u00e9ussi \u00e0 donner \u00e0 un plat d&rsquo;inspiration mexicaine un go\u00fbt absolument nul, je me suis pr\u00e9par\u00e9 \u00e0 accumuler quelques Z. J&rsquo;ai retir\u00e9 le support de cou Trtl, je l&rsquo;ai positionn\u00e9 sur le c\u00f4t\u00e9, j&rsquo;ai enroul\u00e9 la partie \u00e9charpe en polaire douce et extensible autour de mon cou et j&rsquo;ai fix\u00e9 l&rsquo;extr\u00e9mit\u00e9 au Velcro. C&rsquo;\u00e9tait plut\u00f4t bien. M\u00eame si je pense que la polaire sera un peu chaude en \u00e9t\u00e9, dans le froid hivernal actuel, elle \u00e9tait plut\u00f4t confortable. J&rsquo;en ai test\u00e9 la solidit\u00e9 et j&rsquo;ai d\u00e9cid\u00e9 de resserrer l&rsquo;\u00e9charpe polaire avant de fermer les yeux. <\/p>\n<div class=\"eloquent-imagery-image\">\n<div class=\"flex justify-center\">\n                    <img decoding=\"async\" class=\"border border-gray-100\" src=\"https:\/\/vieassociative.be\/actualites\/wp-content\/uploads\/2024\/12\/1734527838_128_Jai-essaye-loreiller-de-voyage-Trtl-et-je-ne-voyagerai.jpg\" alt=\"Allie avec l'oreiller de voyage Trtl autour du cou dans un avion.\" width=\"2000\" height=\"1125\" loading=\"lazy\"  >\n            <\/div>\n<\/p><\/div>\n<p>Non seulement j&rsquo;ai eu des heures (d&rsquo;affil\u00e9e !) de vrai sommeil, mais la polaire s&rsquo;est bien enroul\u00e9e sous mon menton, r\u00e9solvant ainsi mon dilemme de ronflement \u00e0 bouche ouverte. Je me suis r\u00e9veill\u00e9 une fois parce que mes \u00e9couteurs antibruit me rendaient claustrophobe, alors je les ai laiss\u00e9s de c\u00f4t\u00e9 sur mon vol de retour o\u00f9 j&rsquo;ai dormi cinq heures entre les repas. Le Trtl \u00e9tait confortable et efficace. De plus, comme vous pouvez le voir sur mon faux selfie de sommeil, j&rsquo;avais l&rsquo;air extr\u00eamement cool (j&rsquo;ai une r\u00e9putation \u00e0 entretenir). M\u00eame si vous n\u2019atteignez pas ce niveau de glamour, ce n\u2019est pas grave ; De toute fa\u00e7on, dormir n&rsquo;est pas une question d&rsquo;apparence.<\/p>\n<h2 id=\"why-the-trtl-works\">Pourquoi le Trtl fonctionne<\/h2>\n<p>L&rsquo;oreiller de voyage Trtl a une approche diff\u00e9rente de tout ce que j&rsquo;ai essay\u00e9. Au lieu de quelque chose de volumineux et gonfl\u00e9 sur lequel reposer votre t\u00eate, il s&rsquo;agit moins d&rsquo;un oreiller que d&rsquo;un support de soutien pour votre caboche. Il s\u2019agit essentiellement d\u2019une fine \u00e9charpe en polaire avec un support incurv\u00e9 rigide mais rembourr\u00e9 \u00e0 une extr\u00e9mit\u00e9. Vous placez le coude du support contre votre t\u00eate &#8211; ou devant, quel que soit le c\u00f4t\u00e9 vers lequel vous souhaitez vous pencher &#8211; enroulez la polaire une fois comme une \u00e9charpe et utilisez la bande Velcro pour s\u00e9curiser la tenue. Vous pouvez voir que le Velcro est vert citron sur le mien et le logo Trtl porte le partenaire Velco au dos.<\/p>\n<div class=\"eloquent-imagery-image\">\n<div class=\"flex justify-center\">\n                    <img decoding=\"async\" class=\"border border-gray-100\" src=\"https:\/\/vieassociative.be\/actualites\/wp-content\/uploads\/2024\/12\/1734527838_462_Jai-essaye-loreiller-de-voyage-Trtl-et-je-ne-voyagerai.jpg\" alt=\"L'oreiller de voyage Trtl\" width=\"2000\" height=\"1124\" loading=\"lazy\"  >\n            <\/div>\n<\/p><\/div>\n<p>La polaire extensible joue un r\u00f4le important dans la structure de maintien. Je trouve que le plus grand coupable d\u2019un mauvais sommeil en position assise est le mouvement de la t\u00eate. Quiconque a dormi dans un bus, un m\u00e9tro ou un train conna\u00eet le redoutable coup de t\u00eate. Vous commencez \u00e0 somnoler et la gravit\u00e9 prend le contr\u00f4le de votre t\u00eate de dix livres pendant une fraction de seconde. Vous sentez la chute et vous vous r\u00e9veillez \u00e0 temps pour reprendre votre t\u00eate, juste avant de vous somnoler \u00e0 nouveau pour r\u00e9p\u00e9ter cette danse somnolente. Cette chute de t\u00eate se produit \u00e9galement avec les oreillers de voyage gonflables\u00a0; votre t\u00eate peut glisser sur le c\u00f4t\u00e9 et vous r\u00e9veiller. Le Trtl, cependant, vous attache, fixant votre t\u00eate au cadre de support en plastique et \u00e9liminant tout mouvement de sommeil.<\/p>\n<p>L&rsquo;oreiller de voyage Trtl est en vente actuellement et se d\u00e9cline en plusieurs couleurs. M\u00eame si vous ne prenez pas l&rsquo;avion, cet appui-t\u00eate confortable peut \u00eatre utilis\u00e9 dans les trains, les trajets en bus ou les longs trajets. D&rsquo;ailleurs, il existe un oreiller Trtl junior (\u00e9galement en promotion). Pouvez-vous imaginer si vos enfants pouvaient r\u00e9ellement dormir sur la banquette arri\u00e8re pendant le trajet en voiture jusqu&rsquo;\u00e0 la maison de vos parents la semaine prochaine ? Je recommande fortement de profiter de cette offre pour vous-m\u00eame ou pour toute personne figurant sur votre liste de cadeaux qui voyage. Le Trtl va changer votre fa\u00e7on de passer vos vacances. <\/p>\n","protected":false},"excerpt":{"rendered":"<p>Vos journ\u00e9es \u00e9puisantes de siestes en vol \u00e0 moiti\u00e9 \u00e9veill\u00e9es et \u00e0 moiti\u00e9 \u00e9veill\u00e9es sont enfin termin\u00e9es. Je suis un expert pour passer les heures<\/p>\n","protected":false},"author":1,"featured_media":3507,"comment_status":"","ping_status":"","sticky":false,"template":"","format":"standard","meta":{"footnotes":""},"categories":[12],"tags":[2258,823,3121,1076,130,4094,1928,4095],"class_list":["post-3506","post","type-post","status-publish","format-standard","has-post-thumbnail","hentry","category-voyage","tag-essaye","tag-jai","tag-loreiller","tag-lui","tag-sans","tag-trtl","tag-voyage","tag-voyagerai","generate-columns","tablet-grid-50","mobile-grid-100","grid-parent","grid-33"],"yoast_head":"<!-- This site is optimized with the Yoast SEO plugin v24.0 - https:\/\/yoast.com\/wordpress\/plugins\/seo\/ -->\n<title>J&#039;ai essay\u00e9 l&#039;oreiller de voyage Trtl et je ne voyagerai plus sans lui | Vie Associative<\/title>\n<meta name=\"robots\" content=\"index, follow, max-snippet:-1, max-image-preview:large, max-video-preview:-1\" \/>\n<link rel=\"canonical\" href=\"https:\/\/vieassociative.be\/actualites\/jai-essaye-loreiller-de-voyage-trtl-et-je-ne-voyagerai-plus-sans-lui\/\" \/>\n<meta property=\"og:locale\" content=\"fr_FR\" \/>\n<meta property=\"og:type\" content=\"article\" \/>\n<meta property=\"og:title\" content=\"J&#039;ai essay\u00e9 l&#039;oreiller de voyage Trtl et je ne voyagerai plus sans lui | Vie Associative\" \/>\n<meta property=\"og:description\" content=\"Vos journ\u00e9es \u00e9puisantes de siestes en vol \u00e0 moiti\u00e9 \u00e9veill\u00e9es et \u00e0 moiti\u00e9 \u00e9veill\u00e9es sont enfin termin\u00e9es. Je suis un expert pour passer les heures\" \/>\n<meta property=\"og:url\" content=\"https:\/\/vieassociative.be\/actualites\/jai-essaye-loreiller-de-voyage-trtl-et-je-ne-voyagerai-plus-sans-lui\/\" \/>\n<meta property=\"og:site_name\" content=\"Vie Associative\" \/>\n<meta property=\"article:published_time\" content=\"2024-12-18T13:17:18+00:00\" \/>\n<meta property=\"og:image\" content=\"https:\/\/vieassociative.be\/actualites\/wp-content\/uploads\/2024\/12\/Jai-essaye-loreiller-de-voyage-Trtl-et-je-ne-voyagerai.svg.svg+xml\" \/>\n<meta name=\"author\" content=\"Julien\" \/>\n<meta name=\"twitter:card\" content=\"summary_large_image\" \/>\n<meta name=\"twitter:label1\" content=\"\u00c9crit par\" \/>\n\t<meta name=\"twitter:data1\" content=\"Julien\" \/>\n\t<meta name=\"twitter:label2\" content=\"Dur\u00e9e de lecture est.\" \/>\n\t<meta name=\"twitter:data2\" content=\"5 minutes\" \/>\n<script type=\"application\/ld+json\" class=\"yoast-schema-graph\">{\"@context\":\"https:\/\/schema.org\",\"@graph\":[{\"@type\":\"Article\",\"@id\":\"https:\/\/vieassociative.be\/actualites\/jai-essaye-loreiller-de-voyage-trtl-et-je-ne-voyagerai-plus-sans-lui\/#article\",\"isPartOf\":{\"@id\":\"https:\/\/vieassociative.be\/actualites\/jai-essaye-loreiller-de-voyage-trtl-et-je-ne-voyagerai-plus-sans-lui\/\"},\"author\":{\"name\":\"Julien\",\"@id\":\"https:\/\/vieassociative.be\/actualites\/#\/schema\/person\/b87ac4f82f9d4e7b7cec7395b679edc4\"},\"headline\":\"J&rsquo;ai essay\u00e9 l&rsquo;oreiller de voyage Trtl et je ne voyagerai plus sans lui\",\"datePublished\":\"2024-12-18T13:17:18+00:00\",\"dateModified\":\"2024-12-18T13:17:18+00:00\",\"mainEntityOfPage\":{\"@id\":\"https:\/\/vieassociative.be\/actualites\/jai-essaye-loreiller-de-voyage-trtl-et-je-ne-voyagerai-plus-sans-lui\/\"},\"wordCount\":1114,\"publisher\":{\"@id\":\"https:\/\/vieassociative.be\/actualites\/#organization\"},\"image\":{\"@id\":\"https:\/\/vieassociative.be\/actualites\/jai-essaye-loreiller-de-voyage-trtl-et-je-ne-voyagerai-plus-sans-lui\/#primaryimage\"},\"thumbnailUrl\":\"https:\/\/vieassociative.be\/actualites\/wp-content\/uploads\/2024\/12\/1734527838_Jai-essaye-loreiller-de-voyage-Trtl-et-je-ne-voyagerai.jpg\",\"keywords\":[\"essay\u00e9\",\"Jai\",\"loreiller\",\"lui\",\"sans\",\"Trtl\",\"voyage\",\"voyagerai\"],\"articleSection\":[\"Voyage\"],\"inLanguage\":\"fr-BE\"},{\"@type\":\"WebPage\",\"@id\":\"https:\/\/vieassociative.be\/actualites\/jai-essaye-loreiller-de-voyage-trtl-et-je-ne-voyagerai-plus-sans-lui\/\",\"url\":\"https:\/\/vieassociative.be\/actualites\/jai-essaye-loreiller-de-voyage-trtl-et-je-ne-voyagerai-plus-sans-lui\/\",\"name\":\"J'ai essay\u00e9 l'oreiller de voyage Trtl et je ne voyagerai plus sans lui | Vie Associative\",\"isPartOf\":{\"@id\":\"https:\/\/vieassociative.be\/actualites\/#website\"},\"primaryImageOfPage\":{\"@id\":\"https:\/\/vieassociative.be\/actualites\/jai-essaye-loreiller-de-voyage-trtl-et-je-ne-voyagerai-plus-sans-lui\/#primaryimage\"},\"image\":{\"@id\":\"https:\/\/vieassociative.be\/actualites\/jai-essaye-loreiller-de-voyage-trtl-et-je-ne-voyagerai-plus-sans-lui\/#primaryimage\"},\"thumbnailUrl\":\"https:\/\/vieassociative.be\/actualites\/wp-content\/uploads\/2024\/12\/1734527838_Jai-essaye-loreiller-de-voyage-Trtl-et-je-ne-voyagerai.jpg\",\"datePublished\":\"2024-12-18T13:17:18+00:00\",\"dateModified\":\"2024-12-18T13:17:18+00:00\",\"breadcrumb\":{\"@id\":\"https:\/\/vieassociative.be\/actualites\/jai-essaye-loreiller-de-voyage-trtl-et-je-ne-voyagerai-plus-sans-lui\/#breadcrumb\"},\"inLanguage\":\"fr-BE\",\"potentialAction\":[{\"@type\":\"ReadAction\",\"target\":[\"https:\/\/vieassociative.be\/actualites\/jai-essaye-loreiller-de-voyage-trtl-et-je-ne-voyagerai-plus-sans-lui\/\"]}]},{\"@type\":\"ImageObject\",\"inLanguage\":\"fr-BE\",\"@id\":\"https:\/\/vieassociative.be\/actualites\/jai-essaye-loreiller-de-voyage-trtl-et-je-ne-voyagerai-plus-sans-lui\/#primaryimage\",\"url\":\"https:\/\/vieassociative.be\/actualites\/wp-content\/uploads\/2024\/12\/1734527838_Jai-essaye-loreiller-de-voyage-Trtl-et-je-ne-voyagerai.jpg\",\"contentUrl\":\"https:\/\/vieassociative.be\/actualites\/wp-content\/uploads\/2024\/12\/1734527838_Jai-essaye-loreiller-de-voyage-Trtl-et-je-ne-voyagerai.jpg\",\"width\":1200,\"height\":675,\"caption\":\"J'ai essay\u00e9 l'oreiller de voyage Trtl et je ne voyagerai plus sans lui\"},{\"@type\":\"BreadcrumbList\",\"@id\":\"https:\/\/vieassociative.be\/actualites\/jai-essaye-loreiller-de-voyage-trtl-et-je-ne-voyagerai-plus-sans-lui\/#breadcrumb\",\"itemListElement\":[{\"@type\":\"ListItem\",\"position\":1,\"name\":\"Accueil\",\"item\":\"https:\/\/vieassociative.be\/actualites\/\"},{\"@type\":\"ListItem\",\"position\":2,\"name\":\"J&rsquo;ai essay\u00e9 l&rsquo;oreiller de voyage Trtl et je ne voyagerai plus sans lui\"}]},{\"@type\":\"WebSite\",\"@id\":\"https:\/\/vieassociative.be\/actualites\/#website\",\"url\":\"https:\/\/vieassociative.be\/actualites\/\",\"name\":\"Vie Associative\",\"description\":\"\",\"publisher\":{\"@id\":\"https:\/\/vieassociative.be\/actualites\/#organization\"},\"potentialAction\":[{\"@type\":\"SearchAction\",\"target\":{\"@type\":\"EntryPoint\",\"urlTemplate\":\"https:\/\/vieassociative.be\/actualites\/?s={search_term_string}\"},\"query-input\":{\"@type\":\"PropertyValueSpecification\",\"valueRequired\":true,\"valueName\":\"search_term_string\"}}],\"inLanguage\":\"fr-BE\"},{\"@type\":\"Organization\",\"@id\":\"https:\/\/vieassociative.be\/actualites\/#organization\",\"name\":\"Vie Associative\",\"url\":\"https:\/\/vieassociative.be\/actualites\/\",\"logo\":{\"@type\":\"ImageObject\",\"inLanguage\":\"fr-BE\",\"@id\":\"https:\/\/vieassociative.be\/actualites\/#\/schema\/logo\/image\/\",\"url\":\"https:\/\/vieassociative.be\/actualites\/wp-content\/uploads\/2024\/09\/cropped-vieassociative_favicon.ico.png\",\"contentUrl\":\"https:\/\/vieassociative.be\/actualites\/wp-content\/uploads\/2024\/09\/cropped-vieassociative_favicon.ico.png\",\"width\":512,\"height\":512,\"caption\":\"Vie Associative\"},\"image\":{\"@id\":\"https:\/\/vieassociative.be\/actualites\/#\/schema\/logo\/image\/\"}},{\"@type\":\"Person\",\"@id\":\"https:\/\/vieassociative.be\/actualites\/#\/schema\/person\/b87ac4f82f9d4e7b7cec7395b679edc4\",\"name\":\"Julien\",\"image\":{\"@type\":\"ImageObject\",\"inLanguage\":\"fr-BE\",\"@id\":\"https:\/\/vieassociative.be\/actualites\/#\/schema\/person\/image\/\",\"url\":\"https:\/\/vieassociative.be\/actualites\/wp-content\/uploads\/2024\/09\/vie-associative-1-150x150.jpg\",\"contentUrl\":\"https:\/\/vieassociative.be\/actualites\/wp-content\/uploads\/2024\/09\/vie-associative-1-150x150.jpg\",\"caption\":\"Julien\"},\"description\":\"Je suis Julien, r\u00e9dacteur pour Vie Associative. Passionn\u00e9 par le monde associatif depuis plus de 10 ans, j'ai \u00e0 c\u0153ur de partager des histoires inspirantes et de mettre en lumi\u00e8re les initiatives locales. Mon objectif est de sensibiliser et d'encourager l'engagement communautaire \u00e0 travers mes articles.\",\"sameAs\":[\"https:\/\/vieassociative.be\/\"]}]}<\/script>\n<!-- \/ Yoast SEO plugin. -->","yoast_head_json":{"title":"J'ai essay\u00e9 l'oreiller de voyage Trtl et je ne voyagerai plus sans lui | Vie Associative","robots":{"index":"index","follow":"follow","max-snippet":"max-snippet:-1","max-image-preview":"max-image-preview:large","max-video-preview":"max-video-preview:-1"},"canonical":"https:\/\/vieassociative.be\/actualites\/jai-essaye-loreiller-de-voyage-trtl-et-je-ne-voyagerai-plus-sans-lui\/","og_locale":"fr_FR","og_type":"article","og_title":"J'ai essay\u00e9 l'oreiller de voyage Trtl et je ne voyagerai plus sans lui | Vie Associative","og_description":"Vos journ\u00e9es \u00e9puisantes de siestes en vol \u00e0 moiti\u00e9 \u00e9veill\u00e9es et \u00e0 moiti\u00e9 \u00e9veill\u00e9es sont enfin termin\u00e9es. Je suis un expert pour passer les heures","og_url":"https:\/\/vieassociative.be\/actualites\/jai-essaye-loreiller-de-voyage-trtl-et-je-ne-voyagerai-plus-sans-lui\/","og_site_name":"Vie Associative","article_published_time":"2024-12-18T13:17:18+00:00","og_image":[{"url":"https:\/\/vieassociative.be\/actualites\/wp-content\/uploads\/2024\/12\/Jai-essaye-loreiller-de-voyage-Trtl-et-je-ne-voyagerai.svg.svg+xml","type":"","width":"","height":""}],"author":"Julien","twitter_card":"summary_large_image","twitter_misc":{"\u00c9crit par":"Julien","Dur\u00e9e de lecture est.":"5 minutes"},"schema":{"@context":"https:\/\/schema.org","@graph":[{"@type":"Article","@id":"https:\/\/vieassociative.be\/actualites\/jai-essaye-loreiller-de-voyage-trtl-et-je-ne-voyagerai-plus-sans-lui\/#article","isPartOf":{"@id":"https:\/\/vieassociative.be\/actualites\/jai-essaye-loreiller-de-voyage-trtl-et-je-ne-voyagerai-plus-sans-lui\/"},"author":{"name":"Julien","@id":"https:\/\/vieassociative.be\/actualites\/#\/schema\/person\/b87ac4f82f9d4e7b7cec7395b679edc4"},"headline":"J&rsquo;ai essay\u00e9 l&rsquo;oreiller de voyage Trtl et je ne voyagerai plus sans lui","datePublished":"2024-12-18T13:17:18+00:00","dateModified":"2024-12-18T13:17:18+00:00","mainEntityOfPage":{"@id":"https:\/\/vieassociative.be\/actualites\/jai-essaye-loreiller-de-voyage-trtl-et-je-ne-voyagerai-plus-sans-lui\/"},"wordCount":1114,"publisher":{"@id":"https:\/\/vieassociative.be\/actualites\/#organization"},"image":{"@id":"https:\/\/vieassociative.be\/actualites\/jai-essaye-loreiller-de-voyage-trtl-et-je-ne-voyagerai-plus-sans-lui\/#primaryimage"},"thumbnailUrl":"https:\/\/vieassociative.be\/actualites\/wp-content\/uploads\/2024\/12\/1734527838_Jai-essaye-loreiller-de-voyage-Trtl-et-je-ne-voyagerai.jpg","keywords":["essay\u00e9","Jai","loreiller","lui","sans","Trtl","voyage","voyagerai"],"articleSection":["Voyage"],"inLanguage":"fr-BE"},{"@type":"WebPage","@id":"https:\/\/vieassociative.be\/actualites\/jai-essaye-loreiller-de-voyage-trtl-et-je-ne-voyagerai-plus-sans-lui\/","url":"https:\/\/vieassociative.be\/actualites\/jai-essaye-loreiller-de-voyage-trtl-et-je-ne-voyagerai-plus-sans-lui\/","name":"J'ai essay\u00e9 l'oreiller de voyage Trtl et je ne voyagerai plus sans lui | Vie Associative","isPartOf":{"@id":"https:\/\/vieassociative.be\/actualites\/#website"},"primaryImageOfPage":{"@id":"https:\/\/vieassociative.be\/actualites\/jai-essaye-loreiller-de-voyage-trtl-et-je-ne-voyagerai-plus-sans-lui\/#primaryimage"},"image":{"@id":"https:\/\/vieassociative.be\/actualites\/jai-essaye-loreiller-de-voyage-trtl-et-je-ne-voyagerai-plus-sans-lui\/#primaryimage"},"thumbnailUrl":"https:\/\/vieassociative.be\/actualites\/wp-content\/uploads\/2024\/12\/1734527838_Jai-essaye-loreiller-de-voyage-Trtl-et-je-ne-voyagerai.jpg","datePublished":"2024-12-18T13:17:18+00:00","dateModified":"2024-12-18T13:17:18+00:00","breadcrumb":{"@id":"https:\/\/vieassociative.be\/actualites\/jai-essaye-loreiller-de-voyage-trtl-et-je-ne-voyagerai-plus-sans-lui\/#breadcrumb"},"inLanguage":"fr-BE","potentialAction":[{"@type":"ReadAction","target":["https:\/\/vieassociative.be\/actualites\/jai-essaye-loreiller-de-voyage-trtl-et-je-ne-voyagerai-plus-sans-lui\/"]}]},{"@type":"ImageObject","inLanguage":"fr-BE","@id":"https:\/\/vieassociative.be\/actualites\/jai-essaye-loreiller-de-voyage-trtl-et-je-ne-voyagerai-plus-sans-lui\/#primaryimage","url":"https:\/\/vieassociative.be\/actualites\/wp-content\/uploads\/2024\/12\/1734527838_Jai-essaye-loreiller-de-voyage-Trtl-et-je-ne-voyagerai.jpg","contentUrl":"https:\/\/vieassociative.be\/actualites\/wp-content\/uploads\/2024\/12\/1734527838_Jai-essaye-loreiller-de-voyage-Trtl-et-je-ne-voyagerai.jpg","width":1200,"height":675,"caption":"J'ai essay\u00e9 l'oreiller de voyage Trtl et je ne voyagerai plus sans lui"},{"@type":"BreadcrumbList","@id":"https:\/\/vieassociative.be\/actualites\/jai-essaye-loreiller-de-voyage-trtl-et-je-ne-voyagerai-plus-sans-lui\/#breadcrumb","itemListElement":[{"@type":"ListItem","position":1,"name":"Accueil","item":"https:\/\/vieassociative.be\/actualites\/"},{"@type":"ListItem","position":2,"name":"J&rsquo;ai essay\u00e9 l&rsquo;oreiller de voyage Trtl et je ne voyagerai plus sans lui"}]},{"@type":"WebSite","@id":"https:\/\/vieassociative.be\/actualites\/#website","url":"https:\/\/vieassociative.be\/actualites\/","name":"Vie Associative","description":"","publisher":{"@id":"https:\/\/vieassociative.be\/actualites\/#organization"},"potentialAction":[{"@type":"SearchAction","target":{"@type":"EntryPoint","urlTemplate":"https:\/\/vieassociative.be\/actualites\/?s={search_term_string}"},"query-input":{"@type":"PropertyValueSpecification","valueRequired":true,"valueName":"search_term_string"}}],"inLanguage":"fr-BE"},{"@type":"Organization","@id":"https:\/\/vieassociative.be\/actualites\/#organization","name":"Vie Associative","url":"https:\/\/vieassociative.be\/actualites\/","logo":{"@type":"ImageObject","inLanguage":"fr-BE","@id":"https:\/\/vieassociative.be\/actualites\/#\/schema\/logo\/image\/","url":"https:\/\/vieassociative.be\/actualites\/wp-content\/uploads\/2024\/09\/cropped-vieassociative_favicon.ico.png","contentUrl":"https:\/\/vieassociative.be\/actualites\/wp-content\/uploads\/2024\/09\/cropped-vieassociative_favicon.ico.png","width":512,"height":512,"caption":"Vie Associative"},"image":{"@id":"https:\/\/vieassociative.be\/actualites\/#\/schema\/logo\/image\/"}},{"@type":"Person","@id":"https:\/\/vieassociative.be\/actualites\/#\/schema\/person\/b87ac4f82f9d4e7b7cec7395b679edc4","name":"Julien","image":{"@type":"ImageObject","inLanguage":"fr-BE","@id":"https:\/\/vieassociative.be\/actualites\/#\/schema\/person\/image\/","url":"https:\/\/vieassociative.be\/actualites\/wp-content\/uploads\/2024\/09\/vie-associative-1-150x150.jpg","contentUrl":"https:\/\/vieassociative.be\/actualites\/wp-content\/uploads\/2024\/09\/vie-associative-1-150x150.jpg","caption":"Julien"},"description":"Je suis Julien, r\u00e9dacteur pour Vie Associative. Passionn\u00e9 par le monde associatif depuis plus de 10 ans, j'ai \u00e0 c\u0153ur de partager des histoires inspirantes et de mettre en lumi\u00e8re les initiatives locales. Mon objectif est de sensibiliser et d'encourager l'engagement communautaire \u00e0 travers mes articles.","sameAs":["https:\/\/vieassociative.be\/"]}]}},"_links":{"self":[{"href":"https:\/\/vieassociative.be\/actualites\/wp-json\/wp\/v2\/posts\/3506"}],"collection":[{"href":"https:\/\/vieassociative.be\/actualites\/wp-json\/wp\/v2\/posts"}],"about":[{"href":"https:\/\/vieassociative.be\/actualites\/wp-json\/wp\/v2\/types\/post"}],"author":[{"embeddable":true,"href":"https:\/\/vieassociative.be\/actualites\/wp-json\/wp\/v2\/users\/1"}],"replies":[{"embeddable":true,"href":"https:\/\/vieassociative.be\/actualites\/wp-json\/wp\/v2\/comments?post=3506"}],"version-history":[{"count":0,"href":"https:\/\/vieassociative.be\/actualites\/wp-json\/wp\/v2\/posts\/3506\/revisions"}],"wp:featuredmedia":[{"embeddable":true,"href":"https:\/\/vieassociative.be\/actualites\/wp-json\/wp\/v2\/media\/3507"}],"wp:attachment":[{"href":"https:\/\/vieassociative.be\/actualites\/wp-json\/wp\/v2\/media?parent=3506"}],"wp:term":[{"taxonomy":"category","embeddable":true,"href":"https:\/\/vieassociative.be\/actualites\/wp-json\/wp\/v2\/categories?post=3506"},{"taxonomy":"post_tag","embeddable":true,"href":"https:\/\/vieassociative.be\/actualites\/wp-json\/wp\/v2\/tags?post=3506"}],"curies":[{"name":"wp","href":"https:\/\/api.w.org\/{rel}","templated":true}]}}