{"id":3504,"date":"2024-12-18T13:19:02","date_gmt":"2024-12-18T12:19:02","guid":{"rendered":"https:\/\/vieassociative.be\/actualites\/les-films-de-2025-que-vous-voudrez-voir-sur-grand-ecran\/"},"modified":"2024-12-18T13:19:02","modified_gmt":"2024-12-18T12:19:02","slug":"les-films-de-2025-que-vous-voudrez-voir-sur-grand-ecran","status":"publish","type":"post","link":"https:\/\/vieassociative.be\/actualites\/les-films-de-2025-que-vous-voudrez-voir-sur-grand-ecran\/","title":{"rendered":"Les films de 2025 que vous voudrez voir sur grand \u00e9cran"},"content":{"rendered":"<div class=\"mt-4 leading-6 md:mb-8\">Pourquoi rester \u00e0 la maison quand on peut interagir avec les gens ?<\/div>\n<p><\/p>\n<p>Nous avons travers\u00e9 de nombreux cycles d\u2019actualit\u00e9s sur les d\u00e9c\u00e8s de salles de cin\u00e9ma, m\u00eame si le pic de la COVID semblait certainement avoir pu \u00eatre le point de rupture. Mais depuis, le public est revenu en masse au cin\u00e9ma, les derni\u00e8res ann\u00e9es \u00e9tant soutenues par quelques \u00e9v\u00e9nements majeurs : Barbenheimer en 2023, et un grand nombre de suites en 2024, parall\u00e8lement au moment culturel certain v\u00e9cu par <em>M\u00e9chant<\/em>. Bien qu&rsquo;il y ait beaucoup de propri\u00e9t\u00e9 intellectuelle pr\u00e9existante dans le mix, il y a toujours de l&rsquo;espoir qu&rsquo;un film original fasse une br\u00e8che au box-office en 2025. \u00c0 d\u00e9terminer. <\/p>\n<p>Bien que l\u2019\u00e8re du streaming soit largement derri\u00e8re nous, il y a au moins trois grands films que vous ne pourrez pas voir sur grand \u00e9cran : <em>Article 31<\/em>le premier <em>Star Trek<\/em> film pour sauter les salles et <em>aussi<\/em> le premier mettant en vedette Michelle Yeoh, laur\u00e9ate d&rsquo;un Oscar, sera diffus\u00e9 sur Paramount+ \u00e0 partir du 31 janvier ; com\u00e9die old-school pleine de stars <em>Vous \u00eates cordialement invit\u00e9<\/em> (avec Reese Witherspoon et Will Farrell) sera diffus\u00e9 sur Prime Video \u00e0 partir du 30 janvier\u00a0; et le quatri\u00e8me <em>Brigitte Jones<\/em> film, <em>Fou du gar\u00e7on<\/em>sera diffus\u00e9 sur Peacock \u00e0 partir du 13 f\u00e9vrier. <\/p>\n<p>Avec des fen\u00eatres de sortie courtes, il y a toutes les raisons de rester \u00e0 la maison ces jours-ci, mais il y a toujours quelque chose d&rsquo;assez magique et qui m\u00e9rite d&rsquo;\u00eatre sauvegard\u00e9 dans l&rsquo;exp\u00e9rience d&rsquo;aller au cin\u00e9ma. Voici les films de 2025 que vous voudrez peut-\u00eatre regarder sur grand \u00e9cran. Les dates, particuli\u00e8rement vers la fin de l&rsquo;ann\u00e9e, sont susceptibles de changer et font r\u00e9f\u00e9rence \u00e0 des diffusions \u00e0 l&rsquo;\u00e9chelle nord-am\u00e9ricaine.<\/p>\n<h2 id=\"better-man-january-10\"><em>Homme meilleur<\/em> (10 janvier)<\/h2>\n<div class=\"mx-auto mt-8 w-full max-w-4xl\">\n<div id=\"video-container-KVeH5T4wxkE\"><\/div>\n<\/div>\n<p>Un biopic sur la v\u00e9n\u00e9rable pop star britannique Robbie Williams dans lequel Williams s&rsquo;exprime sur un chimpanz\u00e9 en capture de mouvement. Je n&rsquo;ai aucune id\u00e9e \u00e0 qui est destin\u00e9 ce film, mais les critiques des festivals de cin\u00e9ma ont \u00e9t\u00e9 extr\u00eamement positives ; \u00e7a pourrait \u00eatre parfait pour <em>Prends \u00e7a<\/em> les fans attendent la suite <em>La plan\u00e8te des singes<\/em> tranche. Il sort dans des salles limit\u00e9es le jour de No\u00ebl, avec une sortie plus large en janvier.<\/p>\n<hr>\n<h2 id=\"wolf-man-january-17\"><em>Homme-loup<\/em> (17 janvier)<\/h2>\n<div class=\"mx-auto mt-8 w-full max-w-4xl\">\n<div id=\"video-container-3ZxOv-HqlDQ\"><\/div>\n<\/div>\n<p>Universal vise un red\u00e9marrage de sa biblioth\u00e8que de monstres bien-aim\u00e9e, avec des r\u00e9sultats mitig\u00e9s : le projet dirig\u00e9 par Tom Cruise <em>Momie <\/em>Le film \u00e9tait totalement mal con\u00e7u, tandis que le film r\u00e9alis\u00e9 par Leigh Whannell <em>L&rsquo;homme invisible<\/em> \u00e9tait une nouvelle prise plut\u00f4t brillante. Le retour de Whannell ici est de bon augure pour une nouvelle vision du trope souvent revisit\u00e9.<\/p>\n<hr>\n<h2 id=\"presence-january-17\"><em>Pr\u00e9sence <\/em>(17 janvier)<\/h2>\n<div class=\"mx-auto mt-8 w-full max-w-4xl\">\n<div id=\"video-container-XfSNmYhV8Xc\"><\/div>\n<\/div>\n<p>Steven Soderbergh montre ici sa gamme, faisant suite \u00e0 Magic <em>La derni\u00e8re danse de Mike<\/em> avec cette histoire de fant\u00f4mes. Lucy Liu et Chris Sullivan incarnent les nouveaux propri\u00e9taires d&rsquo;une maison hant\u00e9e observ\u00e9s par une pr\u00e9sence de plus en plus mena\u00e7ante. L&rsquo;astuce ici est que le film est film\u00e9 du point de vue du fant\u00f4me. <\/p>\n<hr>\n<h2 id=\"love-hurts-february-7\"><em>L&rsquo;amour fait mal (7 f\u00e9vrier)<\/em><\/h2>\n<div class=\"mx-auto mt-8 w-full max-w-4xl\">\n<div id=\"video-container-frYVyUDIwiE\"><\/div>\n<\/div>\n<p>Ke Huy Quan, laur\u00e9at d&rsquo;un Oscar, devient enfin l&rsquo;homme principal de cette com\u00e9die d&rsquo;action sur un agent immobilier apparemment aux mani\u00e8res douces dont le pass\u00e9 de tueur \u00e0 gages revient le hanter. Ariana DeBose, laur\u00e9ate d&rsquo;un Oscar, est co-star. \u00c7a a l&rsquo;air amusant.<\/p>\n<hr>\n<h2 id=\"the-monkey-february-21\"><em>Le Singe (21 f\u00e9vrier)<\/em><\/h2>\n<div class=\"mx-auto mt-8 w-full max-w-4xl\">\n<div id=\"video-container-3jfTApWPX7I\"><\/div>\n<\/div>\n<p>Cette adaptation de Stephen King sur un singe jouet vengeur suscite plus de buzz que pr\u00e9vu, en grande partie \u00e0 cause de la pr\u00e9sence du sc\u00e9nariste\/r\u00e9alisateur Osgood Perkins. Sa proc\u00e9dure polici\u00e8re <em>Longues jambes<\/em> \u00e9tait l\u2019un des films les plus anim\u00e9s de 2024 et a suscit\u00e9 l\u2019int\u00e9r\u00eat pour son suivi.<\/p>\n<hr>\n<h2 id=\"sinners-march-7\"><em>P\u00e9cheurs<\/em> (7 mars)<\/h2>\n<div class=\"mx-auto mt-8 w-full max-w-4xl\">\n<div id=\"video-container-bKGxHflevuk\"><\/div>\n<\/div>\n<p>Apr\u00e8s un long mais fructueux d\u00e9tour par <em>Credo<\/em> et <em>Panth\u00e8re noire<\/em> films, Ryan Coogler \u00e9crit et r\u00e9alise son premier projet original depuis le superbe film de 2013 <em>Gare de Fruitvale<\/em>. Le favori de Coogler, Michael B. Jordan, joue un double r\u00f4le dans ce thriller en tant que deux fr\u00e8res qui retournent dans leur ville natale pour d\u00e9couvrir un mal li\u00e9 \u00e0 leur enfance.<\/p>\n<hr>\n<h2 id=\"black-bag-march-14\"><em>Sac noir<\/em> (14 mars)<\/h2>\n<p>Attendez, vous pourriez vous dire, n&rsquo;ai-je pas d\u00e9j\u00e0 vu un film de Steven Soderberg cette ann\u00e9e ? Genre, il y a seulement quelques mois ? Bien que Pr\u00e9sence soit une situation de type fant\u00f4me\/horreur, <em>Sac noir<\/em> est un thriller d&rsquo;espionnage avec Cate Blanchett et Michael Fassbender. C&rsquo;est \u00e9crit par David Koepp, \u00e9galement de <em>Pr\u00e9sence<\/em>et qui, de m\u00eame, est responsable du sc\u00e9nario du film Jurassic Park qui sortira en juillet. <\/p>\n<hr>\n<h2 id=\"the-alto-knights-march-21\"><em>Les chevaliers de l&rsquo;Alto<\/em> (21 mars)<\/h2>\n<p>Robert De Niro joue un double r\u00f4le en tant que chefs de la mafia concurrents, Vito Genovese et Frank Costello, vers 1957. Il est r\u00e9alis\u00e9 par Barry Levinson et \u00e9crit par Nicholas Pileggi (<em>Les Affranchis<\/em>, <em>Casino<\/em>) donc cela pourrait, malgr\u00e9 sa vanit\u00e9 l\u00e9g\u00e8rement \u00e9trange de double De Niro, \u00eatre un retour bienvenu au cin\u00e9ma de gangsters \u00e0 l&rsquo;ancienne.<\/p>\n<hr>\n<h2 id=\"mickey-17-march-29\"><em>Mickey 17<\/em> (29 mars)<\/h2>\n<div class=\"mx-auto mt-8 w-full max-w-4xl\">\n<div id=\"video-container-osYpGSz_0i4\"><\/div>\n<\/div>\n<p>Le sc\u00e9nariste\/r\u00e9alisateur Bong Joon-ho n&rsquo;a jamais r\u00e9alis\u00e9 un film moins que brillant, nous pouvons donc pr\u00e9sumer\/esp\u00e9rer que sa nouvelle com\u00e9die de science-fiction (apr\u00e8s l&rsquo;Oscar du meilleur film) <em>Parasite<\/em>) suivra. Robert Pattinson incarne l&#8217;employ\u00e9 rempla\u00e7able d&rsquo;une entreprise de colonisation spatiale. Lorsqu&rsquo;il meurt, ses souvenirs sont principalement t\u00e9l\u00e9charg\u00e9s dans un nouveau corps qui peut se remettre imm\u00e9diatement au travail. Sauf que le 17\u00e8me Mickey survit l\u00e0 o\u00f9 il est cens\u00e9 mourir, d\u00e9clenchant un conflit entre lui et sa prochaine it\u00e9ration.<\/p>\n<hr>\n<h2 id=\"mission-impossible-the-final-reckoning-may-23\"><em>Mission : Impossible &#8211; Le jugement final<\/em> (23 mai)<\/h2>\n<div class=\"mx-auto mt-8 w-full max-w-4xl\">\n<div id=\"video-container-NOhDyUmT9z0\"><\/div>\n<\/div>\n<p>Le volet pr\u00e9c\u00e9dent de la s\u00e9rie a connu une l\u00e9g\u00e8re baisse du box-office, mais ce film a suscit\u00e9 des critiques tout aussi bonnes que les entr\u00e9es pr\u00e9c\u00e9dentes de la v\u00e9n\u00e9rable franchise (il se situe \u00e0 96% sur Rotten Tomatoes, pour ce que \u00e7a vaut). Film\u00e9 dos \u00e0 dos avec <em>\u00c0 l&rsquo;estime<\/em>il n&rsquo;y a aucune raison de croire que cette conclusion <em>Mission<\/em> va s&rsquo;autod\u00e9truire.<\/p>\n<hr>\n<h2 id=\"ballerina-june-6\"><em>Ballerine<\/em> (6 juin)<\/h2>\n<div class=\"mx-auto mt-8 w-full max-w-4xl\">\n<div id=\"video-container-2Cp5kSNWYSE\"><\/div>\n<\/div>\n<p>Le cinqui\u00e8me film du vers de John Wick (le titre complet est malheureusement <em>Du monde de John Wick : Ballerine<\/em>), celui-ci met en vedette Ana de Armas dans le r\u00f4le d&rsquo;une assassine en formation avec un d\u00e9sir ardent de venger son p\u00e8re assassin\u00e9 (qui n&rsquo;est, apparemment, pas un chien, peu importe). Lance Reddick, Ian McShane et Keanu lui-m\u00eame viennent du <em>M\u00e8che<\/em> films, rejoints par Anjelica Huston, Gabriel Byrne et Norman Reedus.<\/p>\n<hr>\n<h2 id=\"how-to-train-your-dragon-june-13\"><em>Comment dresser votre dragon<\/em> (13 juin)<\/h2>\n<p>Soyez sceptique sur le fait que nous avons besoin d&rsquo;une action en direct <em>Dragon<\/em> red\u00e9marre d\u00e9j\u00e0, mais Dean DeBlois, sc\u00e9nariste\/r\u00e9alisateur derri\u00e8re les films d&rsquo;animation, dirige \u00e9galement celui-ci. Il <em>pourrait<\/em> \u00eatre la prochaine grande nouveaut\u00e9 de la fantasy. <\/p>\n<hr>\n<h2 id=\"elio-june-13\"><em>\u00c9lio <\/em>(13 juin)<\/h2>\n<div class=\"mx-auto mt-8 w-full max-w-4xl\">\n<div id=\"video-container-8ocanbiSyV4\"><\/div>\n<\/div>\n<p>Le 28e long m\u00e9trage de Pixar suit Elio, 11 ans, maladroit, qui se retrouve pris pour un ambassadeur lorsqu&rsquo;il est t\u00e9l\u00e9port\u00e9 par inadvertance par des extraterrestres. \u00c7a a l&rsquo;air mignon. Chance certaine de larmes.<\/p>\n<hr>\n<h2 id=\"years-later-june-20\"><em>28 ans plus tard (20 juin)<\/em><\/h2>\n<div class=\"eloquent-imagery-image\">\n<div class=\"flex justify-center\">\n                    <img decoding=\"async\" class=\"border border-gray-100\" src=\"https:\/\/vieassociative.be\/actualites\/wp-content\/uploads\/2024\/12\/Les-films-de-2025-que-vous-voudrez-voir-sur-grand.jpg\" alt=\"28 ans plus tard\/Sony\" width=\"2000\" height=\"1174\" loading=\"lazy\"  >\n            <\/div>\n<\/p><\/div>\n<p>Un retour dans le monde du zombie Rage Virus, r\u00e9unissant le r\u00e9alisateur du premier film Danny Boyle, l&rsquo;\u00e9crivain Alex Garland et la star Cillian Murphy. Ils sont rejoints par les nouvelles victimes potentielles Jodie Comer, Aaron Taylor-Johnson et Ralph Fiennes. Tout aussi excitant, Nia DaCosta r\u00e9alise une deuxi\u00e8me suite dont la date de sortie est \u00e0 d\u00e9terminer.<\/p>\n<hr>\n<h2 id=\"m3gan-20-june-27\"><em>M3gan2.0 <\/em>(27 juin)<\/h2>\n<p>La sensation virale, l&rsquo;ic\u00f4ne de la danse et le robot IA meurtrier de masse reviennent, avec le casting principal du premier film compos\u00e9 d&rsquo;Allison Williams, Violet McGraw et Brian Jordan Alvarez. Aucun d\u00e9tail sur l&rsquo;intrigue (m\u00eame si elle concerne probablement le meurtre de robots), mais la sc\u00e9nariste Akela Cooper est \u00e9galement de retour. Un spin-off, SOULM8TE, est pr\u00e9vu pour 2026.<\/p>\n<hr>\n<h2 id=\"jurassic-world-rebirth-july-2\"><em>Renaissance du monde jurassique <\/em>(2 juillet)<\/h2>\n<p>J&rsquo;ai l&rsquo;impression que nous en avons tous fini avec tout \u00e7a, mais les dinosaures sont amusants et <em>Domination<\/em> gagn\u00e9 (litt\u00e9ralement) un milliard de dollars. Nous y voil\u00e0 donc, avec un red\u00e9marrage en douceur avec Scarlett Johansson, Mahershala Ali et Jonathan Bailey. <em>Voleur un <\/em>et <em>Le Cr\u00e9ateur<\/em> le r\u00e9alisateur Gareth Edwards est derri\u00e8re la cam\u00e9ra et le sc\u00e9nariste du premier film, David Koepp, revient dans la franchise apr\u00e8s quelques d\u00e9cennies.<\/p>\n<hr>\n<h2 id=\"superman-july-11\"><em>Superman<\/em> (11 juillet)<\/h2>\n<div class=\"eloquent-imagery-image\">\n<div class=\"flex justify-center\">\n                    <img decoding=\"async\" class=\"border border-gray-100\" src=\"https:\/\/vieassociative.be\/actualites\/wp-content\/uploads\/2024\/12\/1734524341_432_Les-films-de-2025-que-vous-voudrez-voir-sur-grand.jpg\" alt=\"Superman\/Warner Bros.\" width=\"2000\" height=\"1125\" loading=\"lazy\"  >\n            <\/div>\n<\/p><\/div>\n<p>Un autre jour, un autre red\u00e9marrage de super-h\u00e9ros. Celui-ci est un peu plus prometteur que la plupart des autres : le sc\u00e9nariste\/r\u00e9alisateur James Gunn \u00e9tait \u00e0 l&rsquo;origine du projet. <em>Gardiens de la Galaxie<\/em> films, trois vedettes cin\u00e9matographiques Marvel. Apr\u00e8s une s\u00e9rie de films DC sombres et aust\u00e8res, celui-ci promet un peu plus de lumi\u00e8re et peut-\u00eatre m\u00eame un peu de plaisir ; c&rsquo;est aussi probablement un succ\u00e8s ou un \u00e9chec pour l&rsquo;ensemble du projet de film DC. \u00c0 tout le moins, cela inclut les d\u00e9buts cin\u00e9matographiques de Krypto the Superdog, pour qui je serai assis. <\/p>\n<hr>\n<h2 id=\"the-fantastic-four-first-steps-july-25\"><em>Les Quatre Fantastiques\u00a0: premiers pas<\/em> (25 juillet)<\/h2>\n<p>Est-ce l\u00e0 que la premi\u00e8re famille de Marvel prend enfin son envol ? Les tentatives pr\u00e9c\u00e9dentes pour construire une franchise autour de Sue, Reed, Ben et Johnny ont \u00e9chou\u00e9, mais <em>WandaVision<\/em>Matt Shakman de &lsquo;s semble \u00eatre un bon choix \u00e0 r\u00e9aliser, et le look r\u00e9tro-futuriste promis, inspir\u00e9 des ann\u00e9es 1960, semble \u00e9galement parfait. La production de Marvel Studio est de plus en plus mitig\u00e9e, mais en voici une \u00e0 attendre (prudemment) avec impatience. <\/p>\n<hr>\n<h2 id=\"one-battle-after-another-august-8\"><em>Une bataille apr\u00e8s l&rsquo;autre<\/em> (8 ao\u00fbt)<\/h2>\n<p>Nous ne savons pratiquement rien du prochain film de Paul Thomas Anderson (m\u00eame le titre pourrait changer), mais le casting comprend Leonardo DiCaprio, Regina Hall, Sean Penn, Alana Haim, Teyana Taylor, Wood Harris et Benicio del Toro. C&rsquo;est donc assur\u00e9ment une sorte d&rsquo;\u00e9v\u00e9nement.<\/p>\n<hr>\n<h2 id=\"the-bride-september-26\"><em>La Mari\u00e9e !<\/em> (26 septembre)<\/h2>\n<div class=\"eloquent-imagery-image\">\n<div class=\"flex justify-center\">\n                    <img decoding=\"async\" class=\"border border-gray-100\" src=\"https:\/\/vieassociative.be\/actualites\/wp-content\/uploads\/2024\/12\/1734524341_898_Les-films-de-2025-que-vous-voudrez-voir-sur-grand.jpg\" alt=\"La mari\u00e9e !\/Warner Bros.\" width=\"2000\" height=\"959\" loading=\"lazy\"  >\n            <\/div>\n<\/p><\/div>\n<p>Maggie Gyllenhaal poursuit ses impressionnants d\u00e9buts en tant que r\u00e9alisatrice, 2021 <em>La derni\u00e8re fille<\/em>avec cette nouvelle version <em>La fianc\u00e9e de Frankenstein<\/em>pr\u00e9sent\u00e9 comme un \u00ab film monstre musical de science-fiction \u00bb. Vendu. Jessie Buckley tient le r\u00f4le titre, rejoint par Christian Bale dans le r\u00f4le du monstre de Frankenstein.<\/p>\n<hr>\n<h2 id=\"saw-xi-september-26\"><em>Scie XI <\/em>(26 septembre)<\/h2>\n<p>Comme toujours, celui-ci ne sera pas pour les d\u00e9licats, mais la franchise qui a eu son \u00ab\u00a0Final Chapter\u00a0\u00bb en 2010 a connu une r\u00e9surgence impressionnante ces derni\u00e8res ann\u00e9es, avec le film pr\u00e9c\u00e9dent, un pr\u00e9quel, gagnant certaines des meilleures critiques de la s\u00e9rie. Cela s&rsquo;est termin\u00e9 sur un cliffhanger, alors attendez-vous \u00e0 ce que celui-ci reprenne l\u00e0 o\u00f9 <em>X<\/em> laiss\u00e9 tomber. A part \u00e7a, tout ce que nous savons vraiment, c&rsquo;est que Tobin Bell est de retour dans le r\u00f4le de Jigsaw.<\/p>\n<hr>\n<h2 id=\"tron-ares-october-10\"><em>Tron\u00a0:\u00a0Ar\u00e8s<\/em> (10 octobre)<\/h2>\n<div class=\"eloquent-imagery-image\">\n<div class=\"flex justify-center\">\n                    <img decoding=\"async\" class=\"border border-gray-100\" src=\"https:\/\/vieassociative.be\/actualites\/wp-content\/uploads\/2024\/12\/1734524342_258_Les-films-de-2025-que-vous-voudrez-voir-sur-grand.jpg\" alt=\"Tron\u00a0:\u00a0Ar\u00e8s\/Disney\" width=\"2000\" height=\"1125\" loading=\"lazy\"  >\n            <\/div>\n<\/p><\/div>\n<p>J&rsquo;ai l&rsquo;impression d&rsquo;\u00eatre le seul \u00e0 avoir aim\u00e9 le deuxi\u00e8me <em>Tron<\/em> film de 2010, alors peut-\u00eatre que je serai le seul au cin\u00e9ma. Jared Leto incarne Ares, un programme sophistiqu\u00e9 qui s&rsquo;\u00e9chappe dans notre monde en mission. Jeff Bridges est de retour dans le r\u00f4le de Kevin Flynn, et Gillian Anderson est \u00e9galement l\u00e0.<\/p>\n<hr>\n<h2 id=\"wicked-part-two-november-21\"><em>M\u00e9chant deuxi\u00e8me partie<\/em> (21 novembre)<\/h2>\n<p>Il n&rsquo;\u00e9tait pas totalement inattendu que la premi\u00e8re partie du <em>M\u00e9chant<\/em> le duopole serait un succ\u00e8s au box-office ; il est peut-\u00eatre un peu plus surprenant qu&rsquo;il s&rsquo;agisse en fait d&rsquo;un tr\u00e8s bon film, et certainement d&rsquo;une exp\u00e9rience th\u00e9\u00e2trale impressionnante. Cynthia Erivo, Ariana Grande, Jonathan Bailey et compagnie seront tous de retour pour la conclusion. <\/p>\n<hr>\n<h2 id=\"the-running-man-november-21\"><em>L&rsquo;homme qui court<\/em> (21 novembre)<\/h2>\n<p>Vous pouvez attendre que les foules s&rsquo;\u00e9teignent \u00e0 Oz et plut\u00f4t assister \u00e0 ce remake du (extr\u00eamement divertissant) classique d&rsquo;action d&rsquo;Arnold Schwarzenegger de 1987. Encore une fois bas\u00e9 sur la nouvelle de Stephen King, celui-ci est r\u00e9alis\u00e9 par Edgar Wright et met en vedette Glen Powell. en tant que coureur titulaire. L\u2019histoire d\u2019un paysage infernal capitaliste dystopique bas\u00e9 sur la t\u00e9l\u00e9-r\u00e9alit\u00e9 pourrait \u00eatre un cheveu sur le nez en 2025, mais il y a toujours du plaisir \u00e0 avoir. <\/p>\n<hr>\n<h2 id=\"avatar-fire-and-ash-december-19\"><em>Avatar : Feu et Cendre<\/em> (19 d\u00e9cembre)<\/h2>\n<div class=\"eloquent-imagery-image\">\n<div class=\"flex justify-center\">\n                    <img decoding=\"async\" class=\"border border-gray-100\" src=\"https:\/\/vieassociative.be\/actualites\/wp-content\/uploads\/2024\/12\/1734524342_398_Les-films-de-2025-que-vous-voudrez-voir-sur-grand.jpg\" alt=\"Avatar : Feu et Cendres\/Temp\u00eate de Lumi\u00e8re\" width=\"2000\" height=\"1125\" loading=\"lazy\"  >\n            <\/div>\n<\/p><\/div>\n<p>Tout le monde aime rejeter le <em>Avatar<\/em> s\u00e9rie juste avant de tout laisser tomber et de courir au th\u00e9\u00e2tre. James Cameron est de retour avec le troisi\u00e8me volet d&rsquo;une s\u00e9rie r\u00e9alis\u00e9e aux alentours de 5,5 <em>milliard<\/em> dollars.<\/p>\n","protected":false},"excerpt":{"rendered":"<p>Pourquoi rester \u00e0 la maison quand on peut interagir avec les gens ? Nous avons travers\u00e9 de nombreux cycles d\u2019actualit\u00e9s sur les d\u00e9c\u00e8s de salles<\/p>\n","protected":false},"author":1,"featured_media":3505,"comment_status":"","ping_status":"","sticky":false,"template":"","format":"standard","meta":{"footnotes":""},"categories":[36],"tags":[2382,102,1119,14,33,486,2079,4],"class_list":["post-3504","post","type-post","status-publish","format-standard","has-post-thumbnail","hentry","category-divertissement","tag-ecran","tag-films","tag-grand","tag-les","tag-sur","tag-voir","tag-voudrez","tag-vous","generate-columns","tablet-grid-50","mobile-grid-100","grid-parent","grid-33"],"yoast_head":"<!-- This site is optimized with the Yoast SEO plugin v24.0 - https:\/\/yoast.com\/wordpress\/plugins\/seo\/ -->\n<title>Les films de 2025 que vous voudrez voir sur grand \u00e9cran | Vie Associative<\/title>\n<meta name=\"robots\" content=\"index, follow, max-snippet:-1, max-image-preview:large, max-video-preview:-1\" \/>\n<link rel=\"canonical\" href=\"https:\/\/vieassociative.be\/actualites\/les-films-de-2025-que-vous-voudrez-voir-sur-grand-ecran\/\" \/>\n<meta property=\"og:locale\" content=\"fr_FR\" \/>\n<meta property=\"og:type\" content=\"article\" \/>\n<meta property=\"og:title\" content=\"Les films de 2025 que vous voudrez voir sur grand \u00e9cran | Vie Associative\" \/>\n<meta property=\"og:description\" content=\"Pourquoi rester \u00e0 la maison quand on peut interagir avec les gens ? Nous avons travers\u00e9 de nombreux cycles d\u2019actualit\u00e9s sur les d\u00e9c\u00e8s de salles\" \/>\n<meta property=\"og:url\" content=\"https:\/\/vieassociative.be\/actualites\/les-films-de-2025-que-vous-voudrez-voir-sur-grand-ecran\/\" \/>\n<meta property=\"og:site_name\" content=\"Vie Associative\" \/>\n<meta property=\"article:published_time\" content=\"2024-12-18T12:19:02+00:00\" \/>\n<meta property=\"og:image\" content=\"https:\/\/vieassociative.be\/actualites\/wp-content\/uploads\/2024\/12\/Les-films-de-2025-que-vous-voudrez-voir-sur-grand.jpg\" \/>\n<meta name=\"author\" content=\"Julien\" \/>\n<meta name=\"twitter:card\" content=\"summary_large_image\" \/>\n<meta name=\"twitter:label1\" content=\"\u00c9crit par\" \/>\n\t<meta name=\"twitter:data1\" content=\"Julien\" \/>\n\t<meta name=\"twitter:label2\" content=\"Dur\u00e9e de lecture est.\" \/>\n\t<meta name=\"twitter:data2\" content=\"10 minutes\" \/>\n<script type=\"application\/ld+json\" class=\"yoast-schema-graph\">{\"@context\":\"https:\/\/schema.org\",\"@graph\":[{\"@type\":\"Article\",\"@id\":\"https:\/\/vieassociative.be\/actualites\/les-films-de-2025-que-vous-voudrez-voir-sur-grand-ecran\/#article\",\"isPartOf\":{\"@id\":\"https:\/\/vieassociative.be\/actualites\/les-films-de-2025-que-vous-voudrez-voir-sur-grand-ecran\/\"},\"author\":{\"name\":\"Julien\",\"@id\":\"https:\/\/vieassociative.be\/actualites\/#\/schema\/person\/b87ac4f82f9d4e7b7cec7395b679edc4\"},\"headline\":\"Les films de 2025 que vous voudrez voir sur grand \u00e9cran\",\"datePublished\":\"2024-12-18T12:19:02+00:00\",\"dateModified\":\"2024-12-18T12:19:02+00:00\",\"mainEntityOfPage\":{\"@id\":\"https:\/\/vieassociative.be\/actualites\/les-films-de-2025-que-vous-voudrez-voir-sur-grand-ecran\/\"},\"wordCount\":2132,\"publisher\":{\"@id\":\"https:\/\/vieassociative.be\/actualites\/#organization\"},\"image\":{\"@id\":\"https:\/\/vieassociative.be\/actualites\/les-films-de-2025-que-vous-voudrez-voir-sur-grand-ecran\/#primaryimage\"},\"thumbnailUrl\":\"https:\/\/vieassociative.be\/actualites\/wp-content\/uploads\/2024\/12\/1734524342_Les-films-de-2025-que-vous-voudrez-voir-sur-grand.jpg\",\"keywords\":[\"\u00e9cran\",\"films\",\"grand\",\"Les\",\"sur\",\"voir\",\"voudrez\",\"Vous\"],\"articleSection\":[\"Divertissement\"],\"inLanguage\":\"fr-BE\"},{\"@type\":\"WebPage\",\"@id\":\"https:\/\/vieassociative.be\/actualites\/les-films-de-2025-que-vous-voudrez-voir-sur-grand-ecran\/\",\"url\":\"https:\/\/vieassociative.be\/actualites\/les-films-de-2025-que-vous-voudrez-voir-sur-grand-ecran\/\",\"name\":\"Les films de 2025 que vous voudrez voir sur grand \u00e9cran | Vie Associative\",\"isPartOf\":{\"@id\":\"https:\/\/vieassociative.be\/actualites\/#website\"},\"primaryImageOfPage\":{\"@id\":\"https:\/\/vieassociative.be\/actualites\/les-films-de-2025-que-vous-voudrez-voir-sur-grand-ecran\/#primaryimage\"},\"image\":{\"@id\":\"https:\/\/vieassociative.be\/actualites\/les-films-de-2025-que-vous-voudrez-voir-sur-grand-ecran\/#primaryimage\"},\"thumbnailUrl\":\"https:\/\/vieassociative.be\/actualites\/wp-content\/uploads\/2024\/12\/1734524342_Les-films-de-2025-que-vous-voudrez-voir-sur-grand.jpg\",\"datePublished\":\"2024-12-18T12:19:02+00:00\",\"dateModified\":\"2024-12-18T12:19:02+00:00\",\"breadcrumb\":{\"@id\":\"https:\/\/vieassociative.be\/actualites\/les-films-de-2025-que-vous-voudrez-voir-sur-grand-ecran\/#breadcrumb\"},\"inLanguage\":\"fr-BE\",\"potentialAction\":[{\"@type\":\"ReadAction\",\"target\":[\"https:\/\/vieassociative.be\/actualites\/les-films-de-2025-que-vous-voudrez-voir-sur-grand-ecran\/\"]}]},{\"@type\":\"ImageObject\",\"inLanguage\":\"fr-BE\",\"@id\":\"https:\/\/vieassociative.be\/actualites\/les-films-de-2025-que-vous-voudrez-voir-sur-grand-ecran\/#primaryimage\",\"url\":\"https:\/\/vieassociative.be\/actualites\/wp-content\/uploads\/2024\/12\/1734524342_Les-films-de-2025-que-vous-voudrez-voir-sur-grand.jpg\",\"contentUrl\":\"https:\/\/vieassociative.be\/actualites\/wp-content\/uploads\/2024\/12\/1734524342_Les-films-de-2025-que-vous-voudrez-voir-sur-grand.jpg\",\"width\":1200,\"height\":675,\"caption\":\"Les films de 2025 que vous voudrez voir sur grand \u00e9cran\"},{\"@type\":\"BreadcrumbList\",\"@id\":\"https:\/\/vieassociative.be\/actualites\/les-films-de-2025-que-vous-voudrez-voir-sur-grand-ecran\/#breadcrumb\",\"itemListElement\":[{\"@type\":\"ListItem\",\"position\":1,\"name\":\"Accueil\",\"item\":\"https:\/\/vieassociative.be\/actualites\/\"},{\"@type\":\"ListItem\",\"position\":2,\"name\":\"Les films de 2025 que vous voudrez voir sur grand \u00e9cran\"}]},{\"@type\":\"WebSite\",\"@id\":\"https:\/\/vieassociative.be\/actualites\/#website\",\"url\":\"https:\/\/vieassociative.be\/actualites\/\",\"name\":\"Vie Associative\",\"description\":\"\",\"publisher\":{\"@id\":\"https:\/\/vieassociative.be\/actualites\/#organization\"},\"potentialAction\":[{\"@type\":\"SearchAction\",\"target\":{\"@type\":\"EntryPoint\",\"urlTemplate\":\"https:\/\/vieassociative.be\/actualites\/?s={search_term_string}\"},\"query-input\":{\"@type\":\"PropertyValueSpecification\",\"valueRequired\":true,\"valueName\":\"search_term_string\"}}],\"inLanguage\":\"fr-BE\"},{\"@type\":\"Organization\",\"@id\":\"https:\/\/vieassociative.be\/actualites\/#organization\",\"name\":\"Vie Associative\",\"url\":\"https:\/\/vieassociative.be\/actualites\/\",\"logo\":{\"@type\":\"ImageObject\",\"inLanguage\":\"fr-BE\",\"@id\":\"https:\/\/vieassociative.be\/actualites\/#\/schema\/logo\/image\/\",\"url\":\"https:\/\/vieassociative.be\/actualites\/wp-content\/uploads\/2024\/09\/cropped-vieassociative_favicon.ico.png\",\"contentUrl\":\"https:\/\/vieassociative.be\/actualites\/wp-content\/uploads\/2024\/09\/cropped-vieassociative_favicon.ico.png\",\"width\":512,\"height\":512,\"caption\":\"Vie Associative\"},\"image\":{\"@id\":\"https:\/\/vieassociative.be\/actualites\/#\/schema\/logo\/image\/\"}},{\"@type\":\"Person\",\"@id\":\"https:\/\/vieassociative.be\/actualites\/#\/schema\/person\/b87ac4f82f9d4e7b7cec7395b679edc4\",\"name\":\"Julien\",\"image\":{\"@type\":\"ImageObject\",\"inLanguage\":\"fr-BE\",\"@id\":\"https:\/\/vieassociative.be\/actualites\/#\/schema\/person\/image\/\",\"url\":\"https:\/\/vieassociative.be\/actualites\/wp-content\/uploads\/2024\/09\/vie-associative-1-150x150.jpg\",\"contentUrl\":\"https:\/\/vieassociative.be\/actualites\/wp-content\/uploads\/2024\/09\/vie-associative-1-150x150.jpg\",\"caption\":\"Julien\"},\"description\":\"Je suis Julien, r\u00e9dacteur pour Vie Associative. Passionn\u00e9 par le monde associatif depuis plus de 10 ans, j'ai \u00e0 c\u0153ur de partager des histoires inspirantes et de mettre en lumi\u00e8re les initiatives locales. Mon objectif est de sensibiliser et d'encourager l'engagement communautaire \u00e0 travers mes articles.\",\"sameAs\":[\"https:\/\/vieassociative.be\/\"]}]}<\/script>\n<!-- \/ Yoast SEO plugin. -->","yoast_head_json":{"title":"Les films de 2025 que vous voudrez voir sur grand \u00e9cran | Vie Associative","robots":{"index":"index","follow":"follow","max-snippet":"max-snippet:-1","max-image-preview":"max-image-preview:large","max-video-preview":"max-video-preview:-1"},"canonical":"https:\/\/vieassociative.be\/actualites\/les-films-de-2025-que-vous-voudrez-voir-sur-grand-ecran\/","og_locale":"fr_FR","og_type":"article","og_title":"Les films de 2025 que vous voudrez voir sur grand \u00e9cran | Vie Associative","og_description":"Pourquoi rester \u00e0 la maison quand on peut interagir avec les gens ? Nous avons travers\u00e9 de nombreux cycles d\u2019actualit\u00e9s sur les d\u00e9c\u00e8s de salles","og_url":"https:\/\/vieassociative.be\/actualites\/les-films-de-2025-que-vous-voudrez-voir-sur-grand-ecran\/","og_site_name":"Vie Associative","article_published_time":"2024-12-18T12:19:02+00:00","og_image":[{"url":"https:\/\/vieassociative.be\/actualites\/wp-content\/uploads\/2024\/12\/Les-films-de-2025-que-vous-voudrez-voir-sur-grand.jpg","type":"","width":"","height":""}],"author":"Julien","twitter_card":"summary_large_image","twitter_misc":{"\u00c9crit par":"Julien","Dur\u00e9e de lecture est.":"10 minutes"},"schema":{"@context":"https:\/\/schema.org","@graph":[{"@type":"Article","@id":"https:\/\/vieassociative.be\/actualites\/les-films-de-2025-que-vous-voudrez-voir-sur-grand-ecran\/#article","isPartOf":{"@id":"https:\/\/vieassociative.be\/actualites\/les-films-de-2025-que-vous-voudrez-voir-sur-grand-ecran\/"},"author":{"name":"Julien","@id":"https:\/\/vieassociative.be\/actualites\/#\/schema\/person\/b87ac4f82f9d4e7b7cec7395b679edc4"},"headline":"Les films de 2025 que vous voudrez voir sur grand \u00e9cran","datePublished":"2024-12-18T12:19:02+00:00","dateModified":"2024-12-18T12:19:02+00:00","mainEntityOfPage":{"@id":"https:\/\/vieassociative.be\/actualites\/les-films-de-2025-que-vous-voudrez-voir-sur-grand-ecran\/"},"wordCount":2132,"publisher":{"@id":"https:\/\/vieassociative.be\/actualites\/#organization"},"image":{"@id":"https:\/\/vieassociative.be\/actualites\/les-films-de-2025-que-vous-voudrez-voir-sur-grand-ecran\/#primaryimage"},"thumbnailUrl":"https:\/\/vieassociative.be\/actualites\/wp-content\/uploads\/2024\/12\/1734524342_Les-films-de-2025-que-vous-voudrez-voir-sur-grand.jpg","keywords":["\u00e9cran","films","grand","Les","sur","voir","voudrez","Vous"],"articleSection":["Divertissement"],"inLanguage":"fr-BE"},{"@type":"WebPage","@id":"https:\/\/vieassociative.be\/actualites\/les-films-de-2025-que-vous-voudrez-voir-sur-grand-ecran\/","url":"https:\/\/vieassociative.be\/actualites\/les-films-de-2025-que-vous-voudrez-voir-sur-grand-ecran\/","name":"Les films de 2025 que vous voudrez voir sur grand \u00e9cran | Vie Associative","isPartOf":{"@id":"https:\/\/vieassociative.be\/actualites\/#website"},"primaryImageOfPage":{"@id":"https:\/\/vieassociative.be\/actualites\/les-films-de-2025-que-vous-voudrez-voir-sur-grand-ecran\/#primaryimage"},"image":{"@id":"https:\/\/vieassociative.be\/actualites\/les-films-de-2025-que-vous-voudrez-voir-sur-grand-ecran\/#primaryimage"},"thumbnailUrl":"https:\/\/vieassociative.be\/actualites\/wp-content\/uploads\/2024\/12\/1734524342_Les-films-de-2025-que-vous-voudrez-voir-sur-grand.jpg","datePublished":"2024-12-18T12:19:02+00:00","dateModified":"2024-12-18T12:19:02+00:00","breadcrumb":{"@id":"https:\/\/vieassociative.be\/actualites\/les-films-de-2025-que-vous-voudrez-voir-sur-grand-ecran\/#breadcrumb"},"inLanguage":"fr-BE","potentialAction":[{"@type":"ReadAction","target":["https:\/\/vieassociative.be\/actualites\/les-films-de-2025-que-vous-voudrez-voir-sur-grand-ecran\/"]}]},{"@type":"ImageObject","inLanguage":"fr-BE","@id":"https:\/\/vieassociative.be\/actualites\/les-films-de-2025-que-vous-voudrez-voir-sur-grand-ecran\/#primaryimage","url":"https:\/\/vieassociative.be\/actualites\/wp-content\/uploads\/2024\/12\/1734524342_Les-films-de-2025-que-vous-voudrez-voir-sur-grand.jpg","contentUrl":"https:\/\/vieassociative.be\/actualites\/wp-content\/uploads\/2024\/12\/1734524342_Les-films-de-2025-que-vous-voudrez-voir-sur-grand.jpg","width":1200,"height":675,"caption":"Les films de 2025 que vous voudrez voir sur grand \u00e9cran"},{"@type":"BreadcrumbList","@id":"https:\/\/vieassociative.be\/actualites\/les-films-de-2025-que-vous-voudrez-voir-sur-grand-ecran\/#breadcrumb","itemListElement":[{"@type":"ListItem","position":1,"name":"Accueil","item":"https:\/\/vieassociative.be\/actualites\/"},{"@type":"ListItem","position":2,"name":"Les films de 2025 que vous voudrez voir sur grand \u00e9cran"}]},{"@type":"WebSite","@id":"https:\/\/vieassociative.be\/actualites\/#website","url":"https:\/\/vieassociative.be\/actualites\/","name":"Vie Associative","description":"","publisher":{"@id":"https:\/\/vieassociative.be\/actualites\/#organization"},"potentialAction":[{"@type":"SearchAction","target":{"@type":"EntryPoint","urlTemplate":"https:\/\/vieassociative.be\/actualites\/?s={search_term_string}"},"query-input":{"@type":"PropertyValueSpecification","valueRequired":true,"valueName":"search_term_string"}}],"inLanguage":"fr-BE"},{"@type":"Organization","@id":"https:\/\/vieassociative.be\/actualites\/#organization","name":"Vie Associative","url":"https:\/\/vieassociative.be\/actualites\/","logo":{"@type":"ImageObject","inLanguage":"fr-BE","@id":"https:\/\/vieassociative.be\/actualites\/#\/schema\/logo\/image\/","url":"https:\/\/vieassociative.be\/actualites\/wp-content\/uploads\/2024\/09\/cropped-vieassociative_favicon.ico.png","contentUrl":"https:\/\/vieassociative.be\/actualites\/wp-content\/uploads\/2024\/09\/cropped-vieassociative_favicon.ico.png","width":512,"height":512,"caption":"Vie Associative"},"image":{"@id":"https:\/\/vieassociative.be\/actualites\/#\/schema\/logo\/image\/"}},{"@type":"Person","@id":"https:\/\/vieassociative.be\/actualites\/#\/schema\/person\/b87ac4f82f9d4e7b7cec7395b679edc4","name":"Julien","image":{"@type":"ImageObject","inLanguage":"fr-BE","@id":"https:\/\/vieassociative.be\/actualites\/#\/schema\/person\/image\/","url":"https:\/\/vieassociative.be\/actualites\/wp-content\/uploads\/2024\/09\/vie-associative-1-150x150.jpg","contentUrl":"https:\/\/vieassociative.be\/actualites\/wp-content\/uploads\/2024\/09\/vie-associative-1-150x150.jpg","caption":"Julien"},"description":"Je suis Julien, r\u00e9dacteur pour Vie Associative. Passionn\u00e9 par le monde associatif depuis plus de 10 ans, j'ai \u00e0 c\u0153ur de partager des histoires inspirantes et de mettre en lumi\u00e8re les initiatives locales. Mon objectif est de sensibiliser et d'encourager l'engagement communautaire \u00e0 travers mes articles.","sameAs":["https:\/\/vieassociative.be\/"]}]}},"_links":{"self":[{"href":"https:\/\/vieassociative.be\/actualites\/wp-json\/wp\/v2\/posts\/3504"}],"collection":[{"href":"https:\/\/vieassociative.be\/actualites\/wp-json\/wp\/v2\/posts"}],"about":[{"href":"https:\/\/vieassociative.be\/actualites\/wp-json\/wp\/v2\/types\/post"}],"author":[{"embeddable":true,"href":"https:\/\/vieassociative.be\/actualites\/wp-json\/wp\/v2\/users\/1"}],"replies":[{"embeddable":true,"href":"https:\/\/vieassociative.be\/actualites\/wp-json\/wp\/v2\/comments?post=3504"}],"version-history":[{"count":0,"href":"https:\/\/vieassociative.be\/actualites\/wp-json\/wp\/v2\/posts\/3504\/revisions"}],"wp:featuredmedia":[{"embeddable":true,"href":"https:\/\/vieassociative.be\/actualites\/wp-json\/wp\/v2\/media\/3505"}],"wp:attachment":[{"href":"https:\/\/vieassociative.be\/actualites\/wp-json\/wp\/v2\/media?parent=3504"}],"wp:term":[{"taxonomy":"category","embeddable":true,"href":"https:\/\/vieassociative.be\/actualites\/wp-json\/wp\/v2\/categories?post=3504"},{"taxonomy":"post_tag","embeddable":true,"href":"https:\/\/vieassociative.be\/actualites\/wp-json\/wp\/v2\/tags?post=3504"}],"curies":[{"name":"wp","href":"https:\/\/api.w.org\/{rel}","templated":true}]}}