{"id":3502,"date":"2024-12-18T12:17:27","date_gmt":"2024-12-18T11:17:27","guid":{"rendered":"https:\/\/vieassociative.be\/actualites\/comment-expliquer-a-vos-enfants-pourquoi-vous-celebrez-noel-alors-que-vous-netes-pas-religieux\/"},"modified":"2024-12-18T12:17:27","modified_gmt":"2024-12-18T11:17:27","slug":"comment-expliquer-a-vos-enfants-pourquoi-vous-celebrez-noel-alors-que-vous-netes-pas-religieux","status":"publish","type":"post","link":"https:\/\/vieassociative.be\/actualites\/comment-expliquer-a-vos-enfants-pourquoi-vous-celebrez-noel-alors-que-vous-netes-pas-religieux\/","title":{"rendered":"Comment expliquer \u00e0 vos enfants pourquoi vous c\u00e9l\u00e9brez No\u00ebl alors que vous n&rsquo;\u00eates pas religieux"},"content":{"rendered":"<div class=\"mt-4 leading-6 md:mb-8\">\u00c0 un moment donn\u00e9, votre enfant peut se demander pourquoi vous ne lui avez jamais parl\u00e9 de l\u2019enfant J\u00e9sus.<\/div>\n<p><\/p>\n<p>L&rsquo;un des grands changements entre la g\u00e9n\u00e9ration de nos parents et la n\u00f4tre est le nombre croissant de familles qui choisissent d&rsquo;\u00e9lever leurs enfants sans croyance religieuse. Dans une enqu\u00eate de 2019 men\u00e9e par l&rsquo;American Enterprise Institute, seulement 42 % des familles avec enfants de moins de 18 ans d\u00e9clarent assister r\u00e9guli\u00e8rement \u00e0 des services religieux \u2013 \u00e0 comparer avec les 61 % de parents qui ont maintenant plus de 65 ans (et ont enfants adultes) qui ont d\u00e9clar\u00e9 assister r\u00e9guli\u00e8rement \u00e0 des services religieux lorsque leurs enfants \u00e9taient jeunes.<\/p>\n<p>Concr\u00e8tement, cela signifie que de nombreux parents qui ont grandi en c\u00e9l\u00e9brant des f\u00eates comme No\u00ebl et P\u00e2ques dans un foyer chr\u00e9tien, c\u00e9l\u00e8brent d\u00e9sormais ces m\u00eames f\u00eates avec leurs propres enfants, mais de mani\u00e8re la\u00efque. Cela peut pr\u00eater \u00e0 confusion pour les enfants qui ont des amis ou des camarades de classe qui c\u00e9l\u00e8brent la m\u00eame f\u00eate, mais d\u2019un point de vue plus religieux. <\/p>\n<h2 id=\"first-talk-to-your-kids-about-religion\">Tout d\u2019abord, parlez de religion \u00e0 vos enfants<\/h2>\n<p>\u00c0 un moment donn\u00e9, votre enfant pourrait rentrer de l&rsquo;\u00e9cole ou de la maison du voisin avec des questions sur les raisons pour lesquelles vous n&rsquo;avez pas de cr\u00e8che expos\u00e9e ou pourquoi vous ne lui avez jamais parl\u00e9 de l&rsquo;enfant J\u00e9sus. S\u2019ils le font, c\u2019est l\u2019ouverture parfaite pour commencer \u00e0 parler de religion ; mais m\u00eame s&rsquo;ils <em>ne le faites pas<\/em> Demandez-leur, il est important d&rsquo;avoir ces conversations tout au long de leur enfance afin qu&rsquo;ils puissent mieux comprendre les croyances des autres.<\/p>\n<p>Pour obtenir des conseils sur la fa\u00e7on de proc\u00e9der, nous avons discut\u00e9 avec la journaliste Wendy Thomas Russell, auteur du livre, <em>D\u00e9tendez-vous, c&rsquo;est juste Dieu\u00a0: comment et pourquoi parler de religion \u00e0 vos enfants quand vous n&rsquo;\u00eates pas religieux<\/em>plus t\u00f4t cette ann\u00e9e\u00a0:<\/p>\n<blockquote>\n<p>L&rsquo;ouverture, dit Russell, devrait \u00eatre l&rsquo;un de vos principaux principes directeurs lorsque vous parlez aux enfants de vos croyances religieuses (ou non-croyances, selon le cas). Vous pouvez \u00eatre ouvert sur ce que vous croyez, m\u00eame si ces croyances sont diff\u00e9rentes de la religion dont vous parlez, et vous pouvez discuter des deux points de vue sans honte \u00e0 personne.<\/p>\n<\/blockquote>\n<blockquote>\n<p>Je pense qu&rsquo;en fin de compte, ce n&rsquo;est pas vraiment compliqu\u00e9 \u00bb, dit-elle. \u00ab Nous compliquons simplement les choses parce que nous avons toutes ces hypoth\u00e8ses et tout ce bagage, honn\u00eatement, issus de notre propre \u00e9ducation et de nos propres exp\u00e9riences qui colorent en quelque sorte la fa\u00e7on dont nous voyons cette situation.<\/p>\n<\/blockquote>\n<blockquote>\n<p>Donc, s\u2019ils viennent vous poser des questions sur J\u00e9sus, vous pouvez dire : \u00ab Eh bien, les chr\u00e9tiens croient qu\u2019un homme nomm\u00e9 J\u00e9sus \u00e9tait le fils de Dieu, et voici ce que croient les gens d\u2019autres religions, et voici ce que je crois. \u00bb Tout cela peut \u00eatre tr\u00e8s concret sans que les enfants eux-m\u00eames ne sachent quoi croire \u2013 c&rsquo;est quelque chose qu&rsquo;ils d\u00e9termineront (et devraient) d\u00e9terminer eux-m\u00eames au fil du temps.<\/p>\n<\/blockquote>\n<h2 id=\"talk-about-and-embrace-the-holiday-traditions-that-arent-based-in-religion\"><strong>Parlez et adoptez les traditions des f\u00eates qui <em>ne sont pas<\/em> bas\u00e9 sur la religion<\/strong><\/h2>\n<p>Ce n\u2019est pas parce que vous ne mettez pas l\u2019accent sur les croyances chr\u00e9tiennes que vous ne pouvez pas c\u00e9l\u00e9brer No\u00ebl \u2013 vous voudrez probablement simplement vous pencher sur les mani\u00e8res non religieuses de c\u00e9l\u00e9brer. Et il y a beaucoup de choix.<\/p>\n<p>\u00ab\u00a0La plupart des fa\u00e7ons dont nous c\u00e9l\u00e9brons les f\u00eates religieuses n&rsquo;ont rien \u00e0 voir avec le christianisme\u00a0\u00bb, a d\u00e9clar\u00e9 Sarah Miller, directrice ex\u00e9cutive de Camp Quest, qui soutient des camps d&rsquo;\u00e9t\u00e9 la\u00efcs inclusifs pour les jeunes. <\/p>\n<p>Par exemple, de nombreuses traditions de No\u00ebl, y compris l&rsquo;arbre de No\u00ebl lui-m\u00eame, ont des racines pa\u00efennes et visaient \u00e0 l&rsquo;origine \u00e0 c\u00e9l\u00e9brer le solstice d&rsquo;hiver, qui est la nuit la plus longue de l&rsquo;ann\u00e9e. Quand on n&rsquo;a pas d&rsquo;\u00e9lectricit\u00e9, pas de chauffage central et que le sol est couvert de givre ou de neige depuis des mois, c\u00e9l\u00e9brer la nuit la plus longue de l&rsquo;ann\u00e9e en d\u00e9corant un arbre \u00e0 feuilles persistantes \u00e9tait un signe d&rsquo;espoir que dans les mois \u00e0 venir, la neige fondrait. , et les fleurs fleuriraient \u00e0 nouveau.<\/p>\n<p>Comme autre exemple, P\u00e2ques \u00e9tait \u00e0 l&rsquo;origine bas\u00e9e sur l&rsquo;\u00e9quinoxe de printemps, avec des \u0153ufs et des lapins repr\u00e9sentant la fertilit\u00e9 et l&rsquo;arriv\u00e9e du printemps. On pense que l\u2019origine du mot \u00ab P\u00e2ques \u00bb viendrait d\u2019une d\u00e9esse du printemps et de la fertilit\u00e9. Apr\u00e8s un hiver long et froid, il est naturel de vouloir c\u00e9l\u00e9brer la r\u00e9\u00e9mergence des premi\u00e8res plantes printani\u00e8res.<\/p>\n<p>Au lieu de lire des histoires religieuses pour No\u00ebl, vous pouvez lire des livres qui expliquent l&rsquo;histoire de ces f\u00eates, comme \u00ab<em>Le retour de la lumi\u00e8re : douze contes du monde entier pour le solstice d&rsquo;hiver<\/em>\u00bb, par Carolyn McVickar Edwards, \u00ab<em>Le jour le plus court\u00a0: c\u00e9l\u00e9brer le solstice d\u2019hiver\u00a0\u00bb<\/em> par Wendy Pfeffer, ou \u00ab<em>Oh, les choses auxquelles nous croyions\u00a0!<\/em>\u00bb qui explique une partie de l\u2019histoire de certaines traditions religieuses. <\/p>\n<p>Et puis vous pourrez vous appuyer sur les traditions que vous aimez, qu&rsquo;il s&rsquo;agisse de pr\u00e9parer des biscuits, de d\u00e9corer le sapin, d&rsquo;organiser un grand d\u00eener de famille, de faire du b\u00e9n\u00e9volat pour une organisation locale \u00e0 but non lucratif ou de farcir des bas.<\/p>\n<p>\u00ab\u00a0Tout ce que vous aimez en famille, faites-le\u00a0\u00bb, a d\u00e9clar\u00e9 Miller. <\/p>\n<p><\/p>\n","protected":false},"excerpt":{"rendered":"<p>\u00c0 un moment donn\u00e9, votre enfant peut se demander pourquoi vous ne lui avez jamais parl\u00e9 de l\u2019enfant J\u00e9sus. L&rsquo;un des grands changements entre la<\/p>\n","protected":false},"author":1,"featured_media":3503,"comment_status":"","ping_status":"","sticky":false,"template":"","format":"standard","meta":{"footnotes":""},"categories":[37],"tags":[422,4092,44,324,4091,2966,1557,126,734,4093,27,4],"class_list":["post-3502","post","type-post","status-publish","format-standard","has-post-thumbnail","hentry","category-famille","tag-alors","tag-celebrez","tag-comment","tag-enfants","tag-expliquer","tag-netes","tag-noel","tag-pas","tag-pourquoi","tag-religieux","tag-vos","tag-vous","generate-columns","tablet-grid-50","mobile-grid-100","grid-parent","grid-33"],"yoast_head":"<!-- This site is optimized with the Yoast SEO plugin v24.0 - https:\/\/yoast.com\/wordpress\/plugins\/seo\/ -->\n<title>Comment expliquer \u00e0 vos enfants pourquoi vous c\u00e9l\u00e9brez No\u00ebl alors que vous n&#039;\u00eates pas religieux | Vie Associative<\/title>\n<meta name=\"robots\" content=\"index, follow, max-snippet:-1, max-image-preview:large, max-video-preview:-1\" \/>\n<link rel=\"canonical\" href=\"https:\/\/vieassociative.be\/actualites\/comment-expliquer-a-vos-enfants-pourquoi-vous-celebrez-noel-alors-que-vous-netes-pas-religieux\/\" \/>\n<meta property=\"og:locale\" content=\"fr_FR\" \/>\n<meta property=\"og:type\" content=\"article\" \/>\n<meta property=\"og:title\" content=\"Comment expliquer \u00e0 vos enfants pourquoi vous c\u00e9l\u00e9brez No\u00ebl alors que vous n&#039;\u00eates pas religieux | Vie Associative\" \/>\n<meta property=\"og:description\" content=\"\u00c0 un moment donn\u00e9, votre enfant peut se demander pourquoi vous ne lui avez jamais parl\u00e9 de l\u2019enfant J\u00e9sus. L&rsquo;un des grands changements entre la\" \/>\n<meta property=\"og:url\" content=\"https:\/\/vieassociative.be\/actualites\/comment-expliquer-a-vos-enfants-pourquoi-vous-celebrez-noel-alors-que-vous-netes-pas-religieux\/\" \/>\n<meta property=\"og:site_name\" content=\"Vie Associative\" \/>\n<meta property=\"article:published_time\" content=\"2024-12-18T11:17:27+00:00\" \/>\n<meta property=\"og:image\" content=\"https:\/\/vieassociative.be\/actualites\/wp-content\/uploads\/2024\/09\/header_backgroundk-01-e1726694325946.png\" \/>\n\t<meta property=\"og:image:width\" content=\"279\" \/>\n\t<meta property=\"og:image:height\" content=\"92\" \/>\n\t<meta property=\"og:image:type\" content=\"image\/png\" \/>\n<meta name=\"author\" content=\"Julien\" \/>\n<meta name=\"twitter:card\" content=\"summary_large_image\" \/>\n<meta name=\"twitter:label1\" content=\"\u00c9crit par\" \/>\n\t<meta name=\"twitter:data1\" content=\"Julien\" \/>\n\t<meta name=\"twitter:label2\" content=\"Dur\u00e9e de lecture est.\" \/>\n\t<meta name=\"twitter:data2\" content=\"5 minutes\" \/>\n<script type=\"application\/ld+json\" class=\"yoast-schema-graph\">{\"@context\":\"https:\/\/schema.org\",\"@graph\":[{\"@type\":\"Article\",\"@id\":\"https:\/\/vieassociative.be\/actualites\/comment-expliquer-a-vos-enfants-pourquoi-vous-celebrez-noel-alors-que-vous-netes-pas-religieux\/#article\",\"isPartOf\":{\"@id\":\"https:\/\/vieassociative.be\/actualites\/comment-expliquer-a-vos-enfants-pourquoi-vous-celebrez-noel-alors-que-vous-netes-pas-religieux\/\"},\"author\":{\"name\":\"Julien\",\"@id\":\"https:\/\/vieassociative.be\/actualites\/#\/schema\/person\/b87ac4f82f9d4e7b7cec7395b679edc4\"},\"headline\":\"Comment expliquer \u00e0 vos enfants pourquoi vous c\u00e9l\u00e9brez No\u00ebl alors que vous n&rsquo;\u00eates pas religieux\",\"datePublished\":\"2024-12-18T11:17:27+00:00\",\"dateModified\":\"2024-12-18T11:17:27+00:00\",\"mainEntityOfPage\":{\"@id\":\"https:\/\/vieassociative.be\/actualites\/comment-expliquer-a-vos-enfants-pourquoi-vous-celebrez-noel-alors-que-vous-netes-pas-religieux\/\"},\"wordCount\":996,\"publisher\":{\"@id\":\"https:\/\/vieassociative.be\/actualites\/#organization\"},\"image\":{\"@id\":\"https:\/\/vieassociative.be\/actualites\/comment-expliquer-a-vos-enfants-pourquoi-vous-celebrez-noel-alors-que-vous-netes-pas-religieux\/#primaryimage\"},\"thumbnailUrl\":\"https:\/\/vieassociative.be\/actualites\/wp-content\/uploads\/2024\/12\/Comment-expliquer-a-vos-enfants-pourquoi-vous-celebrez-Noel-alors.jpg\",\"keywords\":[\"Alors\",\"c\u00e9l\u00e9brez\",\"Comment\",\"enfants\",\"expliquer\",\"n\u00eates\",\"No\u00ebl\",\"pas\",\"Pourquoi\",\"religieux\",\"vos\",\"Vous\"],\"articleSection\":[\"Famille\"],\"inLanguage\":\"fr-BE\"},{\"@type\":\"WebPage\",\"@id\":\"https:\/\/vieassociative.be\/actualites\/comment-expliquer-a-vos-enfants-pourquoi-vous-celebrez-noel-alors-que-vous-netes-pas-religieux\/\",\"url\":\"https:\/\/vieassociative.be\/actualites\/comment-expliquer-a-vos-enfants-pourquoi-vous-celebrez-noel-alors-que-vous-netes-pas-religieux\/\",\"name\":\"Comment expliquer \u00e0 vos enfants pourquoi vous c\u00e9l\u00e9brez No\u00ebl alors que vous n'\u00eates pas religieux | Vie Associative\",\"isPartOf\":{\"@id\":\"https:\/\/vieassociative.be\/actualites\/#website\"},\"primaryImageOfPage\":{\"@id\":\"https:\/\/vieassociative.be\/actualites\/comment-expliquer-a-vos-enfants-pourquoi-vous-celebrez-noel-alors-que-vous-netes-pas-religieux\/#primaryimage\"},\"image\":{\"@id\":\"https:\/\/vieassociative.be\/actualites\/comment-expliquer-a-vos-enfants-pourquoi-vous-celebrez-noel-alors-que-vous-netes-pas-religieux\/#primaryimage\"},\"thumbnailUrl\":\"https:\/\/vieassociative.be\/actualites\/wp-content\/uploads\/2024\/12\/Comment-expliquer-a-vos-enfants-pourquoi-vous-celebrez-Noel-alors.jpg\",\"datePublished\":\"2024-12-18T11:17:27+00:00\",\"dateModified\":\"2024-12-18T11:17:27+00:00\",\"breadcrumb\":{\"@id\":\"https:\/\/vieassociative.be\/actualites\/comment-expliquer-a-vos-enfants-pourquoi-vous-celebrez-noel-alors-que-vous-netes-pas-religieux\/#breadcrumb\"},\"inLanguage\":\"fr-BE\",\"potentialAction\":[{\"@type\":\"ReadAction\",\"target\":[\"https:\/\/vieassociative.be\/actualites\/comment-expliquer-a-vos-enfants-pourquoi-vous-celebrez-noel-alors-que-vous-netes-pas-religieux\/\"]}]},{\"@type\":\"ImageObject\",\"inLanguage\":\"fr-BE\",\"@id\":\"https:\/\/vieassociative.be\/actualites\/comment-expliquer-a-vos-enfants-pourquoi-vous-celebrez-noel-alors-que-vous-netes-pas-religieux\/#primaryimage\",\"url\":\"https:\/\/vieassociative.be\/actualites\/wp-content\/uploads\/2024\/12\/Comment-expliquer-a-vos-enfants-pourquoi-vous-celebrez-Noel-alors.jpg\",\"contentUrl\":\"https:\/\/vieassociative.be\/actualites\/wp-content\/uploads\/2024\/12\/Comment-expliquer-a-vos-enfants-pourquoi-vous-celebrez-Noel-alors.jpg\",\"width\":1200,\"height\":675,\"caption\":\"Comment expliquer \u00e0 vos enfants pourquoi vous c\u00e9l\u00e9brez No\u00ebl alors que vous n'\u00eates pas religieux\"},{\"@type\":\"BreadcrumbList\",\"@id\":\"https:\/\/vieassociative.be\/actualites\/comment-expliquer-a-vos-enfants-pourquoi-vous-celebrez-noel-alors-que-vous-netes-pas-religieux\/#breadcrumb\",\"itemListElement\":[{\"@type\":\"ListItem\",\"position\":1,\"name\":\"Accueil\",\"item\":\"https:\/\/vieassociative.be\/actualites\/\"},{\"@type\":\"ListItem\",\"position\":2,\"name\":\"Comment expliquer \u00e0 vos enfants pourquoi vous c\u00e9l\u00e9brez No\u00ebl alors que vous n&rsquo;\u00eates pas religieux\"}]},{\"@type\":\"WebSite\",\"@id\":\"https:\/\/vieassociative.be\/actualites\/#website\",\"url\":\"https:\/\/vieassociative.be\/actualites\/\",\"name\":\"Vie Associative\",\"description\":\"\",\"publisher\":{\"@id\":\"https:\/\/vieassociative.be\/actualites\/#organization\"},\"potentialAction\":[{\"@type\":\"SearchAction\",\"target\":{\"@type\":\"EntryPoint\",\"urlTemplate\":\"https:\/\/vieassociative.be\/actualites\/?s={search_term_string}\"},\"query-input\":{\"@type\":\"PropertyValueSpecification\",\"valueRequired\":true,\"valueName\":\"search_term_string\"}}],\"inLanguage\":\"fr-BE\"},{\"@type\":\"Organization\",\"@id\":\"https:\/\/vieassociative.be\/actualites\/#organization\",\"name\":\"Vie Associative\",\"url\":\"https:\/\/vieassociative.be\/actualites\/\",\"logo\":{\"@type\":\"ImageObject\",\"inLanguage\":\"fr-BE\",\"@id\":\"https:\/\/vieassociative.be\/actualites\/#\/schema\/logo\/image\/\",\"url\":\"https:\/\/vieassociative.be\/actualites\/wp-content\/uploads\/2024\/09\/cropped-vieassociative_favicon.ico.png\",\"contentUrl\":\"https:\/\/vieassociative.be\/actualites\/wp-content\/uploads\/2024\/09\/cropped-vieassociative_favicon.ico.png\",\"width\":512,\"height\":512,\"caption\":\"Vie Associative\"},\"image\":{\"@id\":\"https:\/\/vieassociative.be\/actualites\/#\/schema\/logo\/image\/\"}},{\"@type\":\"Person\",\"@id\":\"https:\/\/vieassociative.be\/actualites\/#\/schema\/person\/b87ac4f82f9d4e7b7cec7395b679edc4\",\"name\":\"Julien\",\"image\":{\"@type\":\"ImageObject\",\"inLanguage\":\"fr-BE\",\"@id\":\"https:\/\/vieassociative.be\/actualites\/#\/schema\/person\/image\/\",\"url\":\"https:\/\/vieassociative.be\/actualites\/wp-content\/uploads\/2024\/09\/vie-associative-1-150x150.jpg\",\"contentUrl\":\"https:\/\/vieassociative.be\/actualites\/wp-content\/uploads\/2024\/09\/vie-associative-1-150x150.jpg\",\"caption\":\"Julien\"},\"description\":\"Je suis Julien, r\u00e9dacteur pour Vie Associative. Passionn\u00e9 par le monde associatif depuis plus de 10 ans, j'ai \u00e0 c\u0153ur de partager des histoires inspirantes et de mettre en lumi\u00e8re les initiatives locales. Mon objectif est de sensibiliser et d'encourager l'engagement communautaire \u00e0 travers mes articles.\",\"sameAs\":[\"https:\/\/vieassociative.be\/\"]}]}<\/script>\n<!-- \/ Yoast SEO plugin. -->","yoast_head_json":{"title":"Comment expliquer \u00e0 vos enfants pourquoi vous c\u00e9l\u00e9brez No\u00ebl alors que vous n'\u00eates pas religieux | Vie Associative","robots":{"index":"index","follow":"follow","max-snippet":"max-snippet:-1","max-image-preview":"max-image-preview:large","max-video-preview":"max-video-preview:-1"},"canonical":"https:\/\/vieassociative.be\/actualites\/comment-expliquer-a-vos-enfants-pourquoi-vous-celebrez-noel-alors-que-vous-netes-pas-religieux\/","og_locale":"fr_FR","og_type":"article","og_title":"Comment expliquer \u00e0 vos enfants pourquoi vous c\u00e9l\u00e9brez No\u00ebl alors que vous n'\u00eates pas religieux | Vie Associative","og_description":"\u00c0 un moment donn\u00e9, votre enfant peut se demander pourquoi vous ne lui avez jamais parl\u00e9 de l\u2019enfant J\u00e9sus. L&rsquo;un des grands changements entre la","og_url":"https:\/\/vieassociative.be\/actualites\/comment-expliquer-a-vos-enfants-pourquoi-vous-celebrez-noel-alors-que-vous-netes-pas-religieux\/","og_site_name":"Vie Associative","article_published_time":"2024-12-18T11:17:27+00:00","og_image":[{"width":279,"height":92,"url":"https:\/\/vieassociative.be\/actualites\/wp-content\/uploads\/2024\/09\/header_backgroundk-01-e1726694325946.png","type":"image\/png"}],"author":"Julien","twitter_card":"summary_large_image","twitter_misc":{"\u00c9crit par":"Julien","Dur\u00e9e de lecture est.":"5 minutes"},"schema":{"@context":"https:\/\/schema.org","@graph":[{"@type":"Article","@id":"https:\/\/vieassociative.be\/actualites\/comment-expliquer-a-vos-enfants-pourquoi-vous-celebrez-noel-alors-que-vous-netes-pas-religieux\/#article","isPartOf":{"@id":"https:\/\/vieassociative.be\/actualites\/comment-expliquer-a-vos-enfants-pourquoi-vous-celebrez-noel-alors-que-vous-netes-pas-religieux\/"},"author":{"name":"Julien","@id":"https:\/\/vieassociative.be\/actualites\/#\/schema\/person\/b87ac4f82f9d4e7b7cec7395b679edc4"},"headline":"Comment expliquer \u00e0 vos enfants pourquoi vous c\u00e9l\u00e9brez No\u00ebl alors que vous n&rsquo;\u00eates pas religieux","datePublished":"2024-12-18T11:17:27+00:00","dateModified":"2024-12-18T11:17:27+00:00","mainEntityOfPage":{"@id":"https:\/\/vieassociative.be\/actualites\/comment-expliquer-a-vos-enfants-pourquoi-vous-celebrez-noel-alors-que-vous-netes-pas-religieux\/"},"wordCount":996,"publisher":{"@id":"https:\/\/vieassociative.be\/actualites\/#organization"},"image":{"@id":"https:\/\/vieassociative.be\/actualites\/comment-expliquer-a-vos-enfants-pourquoi-vous-celebrez-noel-alors-que-vous-netes-pas-religieux\/#primaryimage"},"thumbnailUrl":"https:\/\/vieassociative.be\/actualites\/wp-content\/uploads\/2024\/12\/Comment-expliquer-a-vos-enfants-pourquoi-vous-celebrez-Noel-alors.jpg","keywords":["Alors","c\u00e9l\u00e9brez","Comment","enfants","expliquer","n\u00eates","No\u00ebl","pas","Pourquoi","religieux","vos","Vous"],"articleSection":["Famille"],"inLanguage":"fr-BE"},{"@type":"WebPage","@id":"https:\/\/vieassociative.be\/actualites\/comment-expliquer-a-vos-enfants-pourquoi-vous-celebrez-noel-alors-que-vous-netes-pas-religieux\/","url":"https:\/\/vieassociative.be\/actualites\/comment-expliquer-a-vos-enfants-pourquoi-vous-celebrez-noel-alors-que-vous-netes-pas-religieux\/","name":"Comment expliquer \u00e0 vos enfants pourquoi vous c\u00e9l\u00e9brez No\u00ebl alors que vous n'\u00eates pas religieux | Vie Associative","isPartOf":{"@id":"https:\/\/vieassociative.be\/actualites\/#website"},"primaryImageOfPage":{"@id":"https:\/\/vieassociative.be\/actualites\/comment-expliquer-a-vos-enfants-pourquoi-vous-celebrez-noel-alors-que-vous-netes-pas-religieux\/#primaryimage"},"image":{"@id":"https:\/\/vieassociative.be\/actualites\/comment-expliquer-a-vos-enfants-pourquoi-vous-celebrez-noel-alors-que-vous-netes-pas-religieux\/#primaryimage"},"thumbnailUrl":"https:\/\/vieassociative.be\/actualites\/wp-content\/uploads\/2024\/12\/Comment-expliquer-a-vos-enfants-pourquoi-vous-celebrez-Noel-alors.jpg","datePublished":"2024-12-18T11:17:27+00:00","dateModified":"2024-12-18T11:17:27+00:00","breadcrumb":{"@id":"https:\/\/vieassociative.be\/actualites\/comment-expliquer-a-vos-enfants-pourquoi-vous-celebrez-noel-alors-que-vous-netes-pas-religieux\/#breadcrumb"},"inLanguage":"fr-BE","potentialAction":[{"@type":"ReadAction","target":["https:\/\/vieassociative.be\/actualites\/comment-expliquer-a-vos-enfants-pourquoi-vous-celebrez-noel-alors-que-vous-netes-pas-religieux\/"]}]},{"@type":"ImageObject","inLanguage":"fr-BE","@id":"https:\/\/vieassociative.be\/actualites\/comment-expliquer-a-vos-enfants-pourquoi-vous-celebrez-noel-alors-que-vous-netes-pas-religieux\/#primaryimage","url":"https:\/\/vieassociative.be\/actualites\/wp-content\/uploads\/2024\/12\/Comment-expliquer-a-vos-enfants-pourquoi-vous-celebrez-Noel-alors.jpg","contentUrl":"https:\/\/vieassociative.be\/actualites\/wp-content\/uploads\/2024\/12\/Comment-expliquer-a-vos-enfants-pourquoi-vous-celebrez-Noel-alors.jpg","width":1200,"height":675,"caption":"Comment expliquer \u00e0 vos enfants pourquoi vous c\u00e9l\u00e9brez No\u00ebl alors que vous n'\u00eates pas religieux"},{"@type":"BreadcrumbList","@id":"https:\/\/vieassociative.be\/actualites\/comment-expliquer-a-vos-enfants-pourquoi-vous-celebrez-noel-alors-que-vous-netes-pas-religieux\/#breadcrumb","itemListElement":[{"@type":"ListItem","position":1,"name":"Accueil","item":"https:\/\/vieassociative.be\/actualites\/"},{"@type":"ListItem","position":2,"name":"Comment expliquer \u00e0 vos enfants pourquoi vous c\u00e9l\u00e9brez No\u00ebl alors que vous n&rsquo;\u00eates pas religieux"}]},{"@type":"WebSite","@id":"https:\/\/vieassociative.be\/actualites\/#website","url":"https:\/\/vieassociative.be\/actualites\/","name":"Vie Associative","description":"","publisher":{"@id":"https:\/\/vieassociative.be\/actualites\/#organization"},"potentialAction":[{"@type":"SearchAction","target":{"@type":"EntryPoint","urlTemplate":"https:\/\/vieassociative.be\/actualites\/?s={search_term_string}"},"query-input":{"@type":"PropertyValueSpecification","valueRequired":true,"valueName":"search_term_string"}}],"inLanguage":"fr-BE"},{"@type":"Organization","@id":"https:\/\/vieassociative.be\/actualites\/#organization","name":"Vie Associative","url":"https:\/\/vieassociative.be\/actualites\/","logo":{"@type":"ImageObject","inLanguage":"fr-BE","@id":"https:\/\/vieassociative.be\/actualites\/#\/schema\/logo\/image\/","url":"https:\/\/vieassociative.be\/actualites\/wp-content\/uploads\/2024\/09\/cropped-vieassociative_favicon.ico.png","contentUrl":"https:\/\/vieassociative.be\/actualites\/wp-content\/uploads\/2024\/09\/cropped-vieassociative_favicon.ico.png","width":512,"height":512,"caption":"Vie Associative"},"image":{"@id":"https:\/\/vieassociative.be\/actualites\/#\/schema\/logo\/image\/"}},{"@type":"Person","@id":"https:\/\/vieassociative.be\/actualites\/#\/schema\/person\/b87ac4f82f9d4e7b7cec7395b679edc4","name":"Julien","image":{"@type":"ImageObject","inLanguage":"fr-BE","@id":"https:\/\/vieassociative.be\/actualites\/#\/schema\/person\/image\/","url":"https:\/\/vieassociative.be\/actualites\/wp-content\/uploads\/2024\/09\/vie-associative-1-150x150.jpg","contentUrl":"https:\/\/vieassociative.be\/actualites\/wp-content\/uploads\/2024\/09\/vie-associative-1-150x150.jpg","caption":"Julien"},"description":"Je suis Julien, r\u00e9dacteur pour Vie Associative. Passionn\u00e9 par le monde associatif depuis plus de 10 ans, j'ai \u00e0 c\u0153ur de partager des histoires inspirantes et de mettre en lumi\u00e8re les initiatives locales. Mon objectif est de sensibiliser et d'encourager l'engagement communautaire \u00e0 travers mes articles.","sameAs":["https:\/\/vieassociative.be\/"]}]}},"_links":{"self":[{"href":"https:\/\/vieassociative.be\/actualites\/wp-json\/wp\/v2\/posts\/3502"}],"collection":[{"href":"https:\/\/vieassociative.be\/actualites\/wp-json\/wp\/v2\/posts"}],"about":[{"href":"https:\/\/vieassociative.be\/actualites\/wp-json\/wp\/v2\/types\/post"}],"author":[{"embeddable":true,"href":"https:\/\/vieassociative.be\/actualites\/wp-json\/wp\/v2\/users\/1"}],"replies":[{"embeddable":true,"href":"https:\/\/vieassociative.be\/actualites\/wp-json\/wp\/v2\/comments?post=3502"}],"version-history":[{"count":0,"href":"https:\/\/vieassociative.be\/actualites\/wp-json\/wp\/v2\/posts\/3502\/revisions"}],"wp:featuredmedia":[{"embeddable":true,"href":"https:\/\/vieassociative.be\/actualites\/wp-json\/wp\/v2\/media\/3503"}],"wp:attachment":[{"href":"https:\/\/vieassociative.be\/actualites\/wp-json\/wp\/v2\/media?parent=3502"}],"wp:term":[{"taxonomy":"category","embeddable":true,"href":"https:\/\/vieassociative.be\/actualites\/wp-json\/wp\/v2\/categories?post=3502"},{"taxonomy":"post_tag","embeddable":true,"href":"https:\/\/vieassociative.be\/actualites\/wp-json\/wp\/v2\/tags?post=3502"}],"curies":[{"name":"wp","href":"https:\/\/api.w.org\/{rel}","templated":true}]}}