{"id":3492,"date":"2024-12-18T03:18:35","date_gmt":"2024-12-18T02:18:35","guid":{"rendered":"https:\/\/vieassociative.be\/actualites\/le-bon-vieux-temps-est-toujours-le-meilleur-livre-pour-le-80e-anniversaire-de-las-eupen-en-2025\/"},"modified":"2024-12-18T03:18:35","modified_gmt":"2024-12-18T02:18:35","slug":"le-bon-vieux-temps-est-toujours-le-meilleur-livre-pour-le-80e-anniversaire-de-las-eupen-en-2025","status":"publish","type":"post","link":"https:\/\/vieassociative.be\/actualites\/le-bon-vieux-temps-est-toujours-le-meilleur-livre-pour-le-80e-anniversaire-de-las-eupen-en-2025\/","title":{"rendered":"Le bon vieux temps est toujours le meilleur &#8211; livre pour le 80e anniversaire de l&rsquo;AS Eupen en 2025"},"content":{"rendered":"<p><strong>L\u2019AS Eupen aura 80 ans l\u2019ann\u00e9e prochaine. Un livre a d\u00e9j\u00e0 \u00e9t\u00e9 publi\u00e9 \u00e0 l&rsquo;occasion de cet anniversaire sous le titre \u00ab 1945-2025 Du noir et blanc seul \u00e0 l&rsquo;AS Eupen, nous sommes l\u00e0 \u00bb.<\/strong><\/p>\n<p><span id=\"more-404313\"><\/span>Les footballeurs de l&rsquo;AS, qui ont donn\u00e9 une s\u00e9ance d&rsquo;autographes au march\u00e9 de No\u00ebl d&rsquo;Eupen dimanche apr\u00e8s-midi dernier, ne sauront que faire de la plupart des 152 pages du livre anniversaire. Car chez AS c&rsquo;est comme dans tous les clubs traditionnels : les supporters r\u00eavent de grands succ\u00e8s, mais les plus grands succ\u00e8s sont toujours ceux du pass\u00e9. Le bon vieux temps est toujours le meilleur.<\/p>\n<p>Le livre du 80e anniversaire, \u00e9crit par Heinz Gensterblum, donne \u00e0 tous les fans de football l&rsquo;occasion de se replonger dans l&rsquo;\u00e9poque de l&rsquo;\u00e9quipe noire et blanche du Kehrweg.<\/p>\n<div id=\"attachment_404332\" class=\"wp-caption alignleft\" style=\"max-width: 300px\"><img fetchpriority=\"high\" decoding=\"async\" class=\"wp-image-404332 size-medium\" src=\"https:\/\/vieassociative.be\/actualites\/wp-content\/uploads\/2024\/12\/Le-bon-vieux-temps-est-toujours-le-meilleur-livre.jpg\" alt=\"\" width=\"300\" height=\"200\"  ><\/p>\n<p class=\"wp-caption-text\">Table ronde \u00e0 l&rsquo;occasion de la remise du livre anniversaire le 2 d\u00e9cembre 2024 \u00e0 l&rsquo;Ancien Abattoir d&rsquo;Eupen. De gauche \u00e0 droite : Heinz Gensterblum, G\u00fcnter Br\u00fcll, Elmar Keutgen, Frank Neumann, Ralph Lentz, Christoph Henkel, Elmar Brossel et le pr\u00e9sentateur Andr\u00e9 Goebels. Photo : Patrick von Staufenberg<\/p>\n<\/div>\n<p>L&rsquo;histoire du club de football le plus prestigieux de l&rsquo;Est de la Belgique peut \u00eatre divis\u00e9e en plusieurs chapitres. Si l\u2019on ne prend en compte que les succ\u00e8s, il convient de mentionner les \u00e9l\u00e9ments suivants\u00a0:<\/p>\n<p>&#8211; la p\u00e9riode comprise entre la fin des ann\u00e9es soixante et le milieu des ann\u00e9es soixante-dix, o\u00f9 fut r\u00e9alis\u00e9 le passage de la promotion \u00e0 la porte de la 1\u00e8re division,<\/p>\n<p>\u2013 les ann\u00e9es 2000, o\u00f9 les Noirs et Blancs sont parvenus \u00e0 se rapprocher tr\u00e8s pr\u00e8s de la premi\u00e8re division via la promotion lors de la saison 2002-2003, <\/p>\n<p>\u2013 le d\u00e9but des ann\u00e9es 2010 avec la premi\u00e8re promotion en 1\u00e8re division, <\/p>\n<p>\u2013 les huit ann\u00e9es pass\u00e9es au sommet du football belge entre 2016 et 2024.<\/p>\n<p>Le livre propose \u00e9galement des entretiens avec des t\u00e9moins contemporains et constitue donc un bon compl\u00e9ment au livre \u00ab m\u00e9pris\u00e9, m\u00e9pris\u00e9, idol\u00e2tr\u00e9 \u00bb publi\u00e9 en 1976 par Erich et Raymond Heeren et au livre anniversaire de 1995 pour le 50e anniversaire du club, qui s&rsquo;appelait autrefois \u00ab Alliance Sportive \u00bb, appel\u00e9e plus tard \u00ab Association G\u00e9n\u00e9rale des Sports \u00bb et aujourd&rsquo;hui KAS Eupen, bien que la plupart des supporters pr\u00e9f\u00e8rent ignorer le \u00ab K \u00bb et uniquement de l&rsquo;AS Eupen. parler.<\/p>\n<p>D\u2019autres t\u00e9moins contemporains auraient \u00e9galement pu \u00eatre interrog\u00e9s, mais peut-\u00eatre seront-ils autoris\u00e9s \u00e0 s\u2019exprimer sous une forme ou une autre au cours de l\u2019ann\u00e9e anniversaire \u00e0 venir. En plus des saisons et des joueurs sp\u00e9ciaux, le livre se penche \u00e9galement sur des matchs tr\u00e8s sp\u00e9ciaux de l&rsquo;AS Eupen. Rappelez-vous simplement les rencontres suivantes qui ont marqu\u00e9 l\u2019histoire du club :<\/p>\n<p><strong>\u2013 28 mai 1961 :<\/strong> Promotion en promotion apr\u00e8s avoir battu Amay en playoff \u00e0 Herve.<\/p>\n<p><strong>\u2013 5 mai 1968 :<\/strong> Perdu contre Witgoor Dessel lors de la deuxi\u00e8me prolongation des \u00e9liminatoires de promotion \u00e0 Waremme.<\/p>\n<p><strong>\u2013 10 mai 1970 :<\/strong> Victoire \u00e0 Braaschaat et promotion en 2\u00e8me division.<\/p>\n<p><strong>\u2013 5 mai 1974 :<\/strong> D\u00e9faite \u00e0 Lokeren dans la lutte pour la promotion en 1\u00e8re division.<\/p>\n<p><strong>\u2013 23 mai 2010 :<\/strong> Victoire contre Mons et promotion en 1\u00e8re Division.<\/p>\n<p><strong>\u2013 11 mars 2018 : <\/strong>Rel\u00e9gation en D1 apr\u00e8s une victoire totalement folle 4-0 face \u00e0 l&rsquo;Excel Mouscron.<\/p>\n<p>En une seule saison, l&rsquo;AS Eupen n&rsquo;\u00e9tait pas le club de football de Belgique de l&rsquo;Est le mieux class\u00e9 : \u00e0 la fin de la saison 1966-1967, la premi\u00e8re avec l&rsquo;entra\u00eeneur Paul Brossel et l&rsquo;entra\u00eeneur Hubert Vandormael, le RFC Union Kelmis \u00e9tait meilleur d&rsquo;une place et d&rsquo;un point au classement. tableau de promotion que l&rsquo;AS Eupen.<\/p>\n<p>Ce qui manque peut-\u00eatre dans le livre du 80e anniversaire, c&rsquo;est ce que contenaient les livres d&rsquo;anniversaire publi\u00e9s pr\u00e9c\u00e9demment et qui constitueraient un fantastique tr\u00e9sor pour chaque fan d&rsquo;AS : un aper\u00e7u de tous les matchs et de tous les tableaux des saisons du premier match du 26 ao\u00fbt 1945 et du 1er :1 \u00e0 Dolhain en \u00ab Provinciale \u00bb (saison 1945-1946) jusqu&rsquo;au dernier match contre le RWDM en ronde de rel\u00e9gation de la Jupiler Pro League en fin de saison 2023-2024. Peut-\u00eatre quelque chose pour les c\u00e9l\u00e9brations d&rsquo;anniversaire l&rsquo;ann\u00e9e prochaine. (cr\u00e9er)<\/p>\n<p><em>INFO \u2013 Du \u00ab Noir et Blanc seuls \u00bb \u00e0 \u00ab AS Eupen, nous sommes l\u00e0 \u00bb \u2013 Bilingue : allemand et fran\u00e7ais \u2013 Prix : 29,95 euros<\/em><\/p>\n<p><em><strong>Photo ci-dessous<\/strong><\/em><em><strong>celle du photographe Patrick von Staufenberg lors du lancement du livre dans l&rsquo;Ancien Abattoir le 2 d\u00e9cembre 2024 (cliquez sur l&rsquo;image pour l&rsquo;agrandir) :<\/strong><\/em><\/p>\n<div class=\"wp-gallery row\">\n<figure class=\"column small-6 medium-3 end\"><img decoding=\"async\" src=\"https:\/\/vieassociative.be\/actualites\/wp-content\/uploads\/2024\/12\/1734488314_665_Le-bon-vieux-temps-est-toujours-le-meilleur-livre.jpg\" width=\"159\" height=\"159\" alt=\"\"><\/figure>\n<figure class=\"column small-6 medium-3 end\"><img decoding=\"async\" src=\"https:\/\/vieassociative.be\/actualites\/wp-content\/uploads\/2024\/12\/1734488314_559_Le-bon-vieux-temps-est-toujours-le-meilleur-livre.jpg\" width=\"159\" height=\"159\" alt=\"\"><\/figure>\n<figure class=\"column small-6 medium-3 end\"><img loading=\"lazy\" decoding=\"async\" src=\"https:\/\/vieassociative.be\/actualites\/wp-content\/uploads\/2024\/12\/1734488314_771_Le-bon-vieux-temps-est-toujours-le-meilleur-livre.jpg\" width=\"159\" height=\"159\" alt=\"\"><\/figure>\n<figure class=\"column small-6 medium-3 end\"><img loading=\"lazy\" decoding=\"async\" src=\"https:\/\/vieassociative.be\/actualites\/wp-content\/uploads\/2024\/12\/1734488314_482_Le-bon-vieux-temps-est-toujours-le-meilleur-livre.jpg\" width=\"159\" height=\"159\" alt=\"\"><\/figure>\n<figure class=\"column small-6 medium-3 end\"><img loading=\"lazy\" decoding=\"async\" src=\"https:\/\/vieassociative.be\/actualites\/wp-content\/uploads\/2024\/12\/1734488314_466_Le-bon-vieux-temps-est-toujours-le-meilleur-livre.jpg\" width=\"159\" height=\"159\" alt=\"\"><\/figure>\n<figure class=\"column small-6 medium-3 end\"><img loading=\"lazy\" decoding=\"async\" src=\"https:\/\/vieassociative.be\/actualites\/wp-content\/uploads\/2024\/12\/1734488314_826_Le-bon-vieux-temps-est-toujours-le-meilleur-livre.jpg\" width=\"159\" height=\"159\" alt=\"\"><\/figure>\n<figure class=\"column small-6 medium-3 end\"><img loading=\"lazy\" decoding=\"async\" src=\"https:\/\/vieassociative.be\/actualites\/wp-content\/uploads\/2024\/12\/1734488314_374_Le-bon-vieux-temps-est-toujours-le-meilleur-livre.jpg\" width=\"159\" height=\"159\" alt=\"\"><\/figure>\n<figure class=\"column small-6 medium-3 end\"><img loading=\"lazy\" decoding=\"async\" src=\"https:\/\/vieassociative.be\/actualites\/wp-content\/uploads\/2024\/12\/1734488314_400_Le-bon-vieux-temps-est-toujours-le-meilleur-livre.jpg\" width=\"159\" height=\"159\" alt=\"\"><\/figure>\n<figure class=\"column small-6 medium-3 end\"><img loading=\"lazy\" decoding=\"async\" src=\"https:\/\/vieassociative.be\/actualites\/wp-content\/uploads\/2024\/12\/1734488314_682_Le-bon-vieux-temps-est-toujours-le-meilleur-livre.jpg\" width=\"159\" height=\"159\" alt=\"\"><\/figure>\n<figure class=\"column small-6 medium-3 end\"><img loading=\"lazy\" decoding=\"async\" src=\"https:\/\/vieassociative.be\/actualites\/wp-content\/uploads\/2024\/12\/1734488314_830_Le-bon-vieux-temps-est-toujours-le-meilleur-livre.jpg\" width=\"159\" height=\"159\" alt=\"\"><\/figure>\n<figure class=\"column small-6 medium-3 end\"><img loading=\"lazy\" decoding=\"async\" src=\"https:\/\/vieassociative.be\/actualites\/wp-content\/uploads\/2024\/12\/1734488314_991_Le-bon-vieux-temps-est-toujours-le-meilleur-livre.jpg\" width=\"159\" height=\"159\" alt=\"\"><\/figure>\n<figure class=\"column small-6 medium-3 end\"><img loading=\"lazy\" decoding=\"async\" src=\"https:\/\/vieassociative.be\/actualites\/wp-content\/uploads\/2024\/12\/1734488314_302_Le-bon-vieux-temps-est-toujours-le-meilleur-livre.jpg\" width=\"159\" height=\"159\" alt=\"\"><\/figure>\n<figure class=\"column small-6 medium-3 end\"><img loading=\"lazy\" decoding=\"async\" src=\"https:\/\/vieassociative.be\/actualites\/wp-content\/uploads\/2024\/12\/1734488314_580_Le-bon-vieux-temps-est-toujours-le-meilleur-livre.jpg\" width=\"159\" height=\"159\" alt=\"\"><\/figure>\n<figure class=\"column small-6 medium-3 end\"><img loading=\"lazy\" decoding=\"async\" src=\"https:\/\/vieassociative.be\/actualites\/wp-content\/uploads\/2024\/12\/1734488314_51_Le-bon-vieux-temps-est-toujours-le-meilleur-livre.jpg\" width=\"159\" height=\"159\" alt=\"\"><\/figure>\n<figure class=\"column small-6 medium-3 end\"><img loading=\"lazy\" decoding=\"async\" src=\"https:\/\/vieassociative.be\/actualites\/wp-content\/uploads\/2024\/12\/1734488315_430_Le-bon-vieux-temps-est-toujours-le-meilleur-livre.jpg\" width=\"159\" height=\"159\" alt=\"\"><\/figure>\n<figure class=\"column small-6 medium-3 end\"><img loading=\"lazy\" decoding=\"async\" src=\"https:\/\/vieassociative.be\/actualites\/wp-content\/uploads\/2024\/12\/1734488315_94_Le-bon-vieux-temps-est-toujours-le-meilleur-livre.jpg\" width=\"159\" height=\"159\" alt=\"\"><\/figure>\n<\/div>\n","protected":false},"excerpt":{"rendered":"<p>L\u2019AS Eupen aura 80 ans l\u2019ann\u00e9e prochaine. Un livre a d\u00e9j\u00e0 \u00e9t\u00e9 publi\u00e9 \u00e0 l&rsquo;occasion de cet anniversaire sous le titre \u00ab 1945-2025 Du noir<\/p>\n","protected":false},"author":1,"featured_media":3493,"comment_status":"","ping_status":"","sticky":false,"template":"","format":"standard","meta":{"footnotes":""},"categories":[298],"tags":[4085,4086,1036,76,2329,2353,2390,579,81,790,572,3881],"class_list":["post-3492","post","type-post","status-publish","format-standard","has-post-thumbnail","hentry","category-belgique","tag-80e","tag-anniversaire","tag-bon","tag-est","tag-eupen","tag-las","tag-livre","tag-meilleur","tag-pour","tag-temps","tag-toujours","tag-vieux","generate-columns","tablet-grid-50","mobile-grid-100","grid-parent","grid-33"],"yoast_head":"<!-- This site is optimized with the Yoast SEO plugin v24.0 - https:\/\/yoast.com\/wordpress\/plugins\/seo\/ -->\n<title>Le bon vieux temps est toujours le meilleur - livre pour le 80e anniversaire de l&#039;AS Eupen en 2025 | Vie Associative<\/title>\n<meta name=\"robots\" content=\"index, follow, max-snippet:-1, max-image-preview:large, max-video-preview:-1\" \/>\n<link rel=\"canonical\" href=\"https:\/\/vieassociative.be\/actualites\/le-bon-vieux-temps-est-toujours-le-meilleur-livre-pour-le-80e-anniversaire-de-las-eupen-en-2025\/\" \/>\n<meta property=\"og:locale\" content=\"fr_FR\" \/>\n<meta property=\"og:type\" content=\"article\" \/>\n<meta property=\"og:title\" content=\"Le bon vieux temps est toujours le meilleur - livre pour le 80e anniversaire de l&#039;AS Eupen en 2025 | Vie Associative\" \/>\n<meta property=\"og:description\" content=\"L\u2019AS Eupen aura 80 ans l\u2019ann\u00e9e prochaine. Un livre a d\u00e9j\u00e0 \u00e9t\u00e9 publi\u00e9 \u00e0 l&rsquo;occasion de cet anniversaire sous le titre \u00ab 1945-2025 Du noir\" \/>\n<meta property=\"og:url\" content=\"https:\/\/vieassociative.be\/actualites\/le-bon-vieux-temps-est-toujours-le-meilleur-livre-pour-le-80e-anniversaire-de-las-eupen-en-2025\/\" \/>\n<meta property=\"og:site_name\" content=\"Vie Associative\" \/>\n<meta property=\"article:published_time\" content=\"2024-12-18T02:18:35+00:00\" \/>\n<meta property=\"og:image\" content=\"https:\/\/vieassociative.be\/actualites\/wp-content\/uploads\/2024\/09\/header_backgroundk-01-e1726694325946.png\" \/>\n\t<meta property=\"og:image:width\" content=\"279\" \/>\n\t<meta property=\"og:image:height\" content=\"92\" \/>\n\t<meta property=\"og:image:type\" content=\"image\/png\" \/>\n<meta name=\"author\" content=\"Julien\" \/>\n<meta name=\"twitter:card\" content=\"summary_large_image\" \/>\n<meta name=\"twitter:label1\" content=\"\u00c9crit par\" \/>\n\t<meta name=\"twitter:data1\" content=\"Julien\" \/>\n\t<meta name=\"twitter:label2\" content=\"Dur\u00e9e de lecture est.\" \/>\n\t<meta name=\"twitter:data2\" content=\"4 minutes\" \/>\n<script type=\"application\/ld+json\" class=\"yoast-schema-graph\">{\"@context\":\"https:\/\/schema.org\",\"@graph\":[{\"@type\":\"Article\",\"@id\":\"https:\/\/vieassociative.be\/actualites\/le-bon-vieux-temps-est-toujours-le-meilleur-livre-pour-le-80e-anniversaire-de-las-eupen-en-2025\/#article\",\"isPartOf\":{\"@id\":\"https:\/\/vieassociative.be\/actualites\/le-bon-vieux-temps-est-toujours-le-meilleur-livre-pour-le-80e-anniversaire-de-las-eupen-en-2025\/\"},\"author\":{\"name\":\"Julien\",\"@id\":\"https:\/\/vieassociative.be\/actualites\/#\/schema\/person\/b87ac4f82f9d4e7b7cec7395b679edc4\"},\"headline\":\"Le bon vieux temps est toujours le meilleur &#8211; livre pour le 80e anniversaire de l&rsquo;AS Eupen en 2025\",\"datePublished\":\"2024-12-18T02:18:35+00:00\",\"dateModified\":\"2024-12-18T02:18:35+00:00\",\"mainEntityOfPage\":{\"@id\":\"https:\/\/vieassociative.be\/actualites\/le-bon-vieux-temps-est-toujours-le-meilleur-livre-pour-le-80e-anniversaire-de-las-eupen-en-2025\/\"},\"wordCount\":780,\"publisher\":{\"@id\":\"https:\/\/vieassociative.be\/actualites\/#organization\"},\"image\":{\"@id\":\"https:\/\/vieassociative.be\/actualites\/le-bon-vieux-temps-est-toujours-le-meilleur-livre-pour-le-80e-anniversaire-de-las-eupen-en-2025\/#primaryimage\"},\"thumbnailUrl\":\"https:\/\/vieassociative.be\/actualites\/wp-content\/uploads\/2024\/12\/1734488315_Le-bon-vieux-temps-est-toujours-le-meilleur-livre.jpg\",\"keywords\":[\"80e\",\"anniversaire\",\"bon\",\"est\",\"Eupen\",\"lAS\",\"Livre\",\"meilleur\",\"pour\",\"temps\",\"toujours\",\"vieux\"],\"articleSection\":[\"Belgique\"],\"inLanguage\":\"fr-BE\"},{\"@type\":\"WebPage\",\"@id\":\"https:\/\/vieassociative.be\/actualites\/le-bon-vieux-temps-est-toujours-le-meilleur-livre-pour-le-80e-anniversaire-de-las-eupen-en-2025\/\",\"url\":\"https:\/\/vieassociative.be\/actualites\/le-bon-vieux-temps-est-toujours-le-meilleur-livre-pour-le-80e-anniversaire-de-las-eupen-en-2025\/\",\"name\":\"Le bon vieux temps est toujours le meilleur - livre pour le 80e anniversaire de l'AS Eupen en 2025 | Vie Associative\",\"isPartOf\":{\"@id\":\"https:\/\/vieassociative.be\/actualites\/#website\"},\"primaryImageOfPage\":{\"@id\":\"https:\/\/vieassociative.be\/actualites\/le-bon-vieux-temps-est-toujours-le-meilleur-livre-pour-le-80e-anniversaire-de-las-eupen-en-2025\/#primaryimage\"},\"image\":{\"@id\":\"https:\/\/vieassociative.be\/actualites\/le-bon-vieux-temps-est-toujours-le-meilleur-livre-pour-le-80e-anniversaire-de-las-eupen-en-2025\/#primaryimage\"},\"thumbnailUrl\":\"https:\/\/vieassociative.be\/actualites\/wp-content\/uploads\/2024\/12\/1734488315_Le-bon-vieux-temps-est-toujours-le-meilleur-livre.jpg\",\"datePublished\":\"2024-12-18T02:18:35+00:00\",\"dateModified\":\"2024-12-18T02:18:35+00:00\",\"breadcrumb\":{\"@id\":\"https:\/\/vieassociative.be\/actualites\/le-bon-vieux-temps-est-toujours-le-meilleur-livre-pour-le-80e-anniversaire-de-las-eupen-en-2025\/#breadcrumb\"},\"inLanguage\":\"fr-BE\",\"potentialAction\":[{\"@type\":\"ReadAction\",\"target\":[\"https:\/\/vieassociative.be\/actualites\/le-bon-vieux-temps-est-toujours-le-meilleur-livre-pour-le-80e-anniversaire-de-las-eupen-en-2025\/\"]}]},{\"@type\":\"ImageObject\",\"inLanguage\":\"fr-BE\",\"@id\":\"https:\/\/vieassociative.be\/actualites\/le-bon-vieux-temps-est-toujours-le-meilleur-livre-pour-le-80e-anniversaire-de-las-eupen-en-2025\/#primaryimage\",\"url\":\"https:\/\/vieassociative.be\/actualites\/wp-content\/uploads\/2024\/12\/1734488315_Le-bon-vieux-temps-est-toujours-le-meilleur-livre.jpg\",\"contentUrl\":\"https:\/\/vieassociative.be\/actualites\/wp-content\/uploads\/2024\/12\/1734488315_Le-bon-vieux-temps-est-toujours-le-meilleur-livre.jpg\",\"width\":1200,\"height\":800,\"caption\":\"Le bon vieux temps est toujours le meilleur - livre pour le 80e anniversaire de l'AS Eupen en 2025\"},{\"@type\":\"BreadcrumbList\",\"@id\":\"https:\/\/vieassociative.be\/actualites\/le-bon-vieux-temps-est-toujours-le-meilleur-livre-pour-le-80e-anniversaire-de-las-eupen-en-2025\/#breadcrumb\",\"itemListElement\":[{\"@type\":\"ListItem\",\"position\":1,\"name\":\"Accueil\",\"item\":\"https:\/\/vieassociative.be\/actualites\/\"},{\"@type\":\"ListItem\",\"position\":2,\"name\":\"Le bon vieux temps est toujours le meilleur &#8211; livre pour le 80e anniversaire de l&rsquo;AS Eupen en 2025\"}]},{\"@type\":\"WebSite\",\"@id\":\"https:\/\/vieassociative.be\/actualites\/#website\",\"url\":\"https:\/\/vieassociative.be\/actualites\/\",\"name\":\"Vie Associative\",\"description\":\"\",\"publisher\":{\"@id\":\"https:\/\/vieassociative.be\/actualites\/#organization\"},\"potentialAction\":[{\"@type\":\"SearchAction\",\"target\":{\"@type\":\"EntryPoint\",\"urlTemplate\":\"https:\/\/vieassociative.be\/actualites\/?s={search_term_string}\"},\"query-input\":{\"@type\":\"PropertyValueSpecification\",\"valueRequired\":true,\"valueName\":\"search_term_string\"}}],\"inLanguage\":\"fr-BE\"},{\"@type\":\"Organization\",\"@id\":\"https:\/\/vieassociative.be\/actualites\/#organization\",\"name\":\"Vie Associative\",\"url\":\"https:\/\/vieassociative.be\/actualites\/\",\"logo\":{\"@type\":\"ImageObject\",\"inLanguage\":\"fr-BE\",\"@id\":\"https:\/\/vieassociative.be\/actualites\/#\/schema\/logo\/image\/\",\"url\":\"https:\/\/vieassociative.be\/actualites\/wp-content\/uploads\/2024\/09\/cropped-vieassociative_favicon.ico.png\",\"contentUrl\":\"https:\/\/vieassociative.be\/actualites\/wp-content\/uploads\/2024\/09\/cropped-vieassociative_favicon.ico.png\",\"width\":512,\"height\":512,\"caption\":\"Vie Associative\"},\"image\":{\"@id\":\"https:\/\/vieassociative.be\/actualites\/#\/schema\/logo\/image\/\"}},{\"@type\":\"Person\",\"@id\":\"https:\/\/vieassociative.be\/actualites\/#\/schema\/person\/b87ac4f82f9d4e7b7cec7395b679edc4\",\"name\":\"Julien\",\"image\":{\"@type\":\"ImageObject\",\"inLanguage\":\"fr-BE\",\"@id\":\"https:\/\/vieassociative.be\/actualites\/#\/schema\/person\/image\/\",\"url\":\"https:\/\/vieassociative.be\/actualites\/wp-content\/uploads\/2024\/09\/vie-associative-1-150x150.jpg\",\"contentUrl\":\"https:\/\/vieassociative.be\/actualites\/wp-content\/uploads\/2024\/09\/vie-associative-1-150x150.jpg\",\"caption\":\"Julien\"},\"description\":\"Je suis Julien, r\u00e9dacteur pour Vie Associative. Passionn\u00e9 par le monde associatif depuis plus de 10 ans, j'ai \u00e0 c\u0153ur de partager des histoires inspirantes et de mettre en lumi\u00e8re les initiatives locales. Mon objectif est de sensibiliser et d'encourager l'engagement communautaire \u00e0 travers mes articles.\",\"sameAs\":[\"https:\/\/vieassociative.be\/\"]}]}<\/script>\n<!-- \/ Yoast SEO plugin. -->","yoast_head_json":{"title":"Le bon vieux temps est toujours le meilleur - livre pour le 80e anniversaire de l'AS Eupen en 2025 | Vie Associative","robots":{"index":"index","follow":"follow","max-snippet":"max-snippet:-1","max-image-preview":"max-image-preview:large","max-video-preview":"max-video-preview:-1"},"canonical":"https:\/\/vieassociative.be\/actualites\/le-bon-vieux-temps-est-toujours-le-meilleur-livre-pour-le-80e-anniversaire-de-las-eupen-en-2025\/","og_locale":"fr_FR","og_type":"article","og_title":"Le bon vieux temps est toujours le meilleur - livre pour le 80e anniversaire de l'AS Eupen en 2025 | Vie Associative","og_description":"L\u2019AS Eupen aura 80 ans l\u2019ann\u00e9e prochaine. Un livre a d\u00e9j\u00e0 \u00e9t\u00e9 publi\u00e9 \u00e0 l&rsquo;occasion de cet anniversaire sous le titre \u00ab 1945-2025 Du noir","og_url":"https:\/\/vieassociative.be\/actualites\/le-bon-vieux-temps-est-toujours-le-meilleur-livre-pour-le-80e-anniversaire-de-las-eupen-en-2025\/","og_site_name":"Vie Associative","article_published_time":"2024-12-18T02:18:35+00:00","og_image":[{"width":279,"height":92,"url":"https:\/\/vieassociative.be\/actualites\/wp-content\/uploads\/2024\/09\/header_backgroundk-01-e1726694325946.png","type":"image\/png"}],"author":"Julien","twitter_card":"summary_large_image","twitter_misc":{"\u00c9crit par":"Julien","Dur\u00e9e de lecture est.":"4 minutes"},"schema":{"@context":"https:\/\/schema.org","@graph":[{"@type":"Article","@id":"https:\/\/vieassociative.be\/actualites\/le-bon-vieux-temps-est-toujours-le-meilleur-livre-pour-le-80e-anniversaire-de-las-eupen-en-2025\/#article","isPartOf":{"@id":"https:\/\/vieassociative.be\/actualites\/le-bon-vieux-temps-est-toujours-le-meilleur-livre-pour-le-80e-anniversaire-de-las-eupen-en-2025\/"},"author":{"name":"Julien","@id":"https:\/\/vieassociative.be\/actualites\/#\/schema\/person\/b87ac4f82f9d4e7b7cec7395b679edc4"},"headline":"Le bon vieux temps est toujours le meilleur &#8211; livre pour le 80e anniversaire de l&rsquo;AS Eupen en 2025","datePublished":"2024-12-18T02:18:35+00:00","dateModified":"2024-12-18T02:18:35+00:00","mainEntityOfPage":{"@id":"https:\/\/vieassociative.be\/actualites\/le-bon-vieux-temps-est-toujours-le-meilleur-livre-pour-le-80e-anniversaire-de-las-eupen-en-2025\/"},"wordCount":780,"publisher":{"@id":"https:\/\/vieassociative.be\/actualites\/#organization"},"image":{"@id":"https:\/\/vieassociative.be\/actualites\/le-bon-vieux-temps-est-toujours-le-meilleur-livre-pour-le-80e-anniversaire-de-las-eupen-en-2025\/#primaryimage"},"thumbnailUrl":"https:\/\/vieassociative.be\/actualites\/wp-content\/uploads\/2024\/12\/1734488315_Le-bon-vieux-temps-est-toujours-le-meilleur-livre.jpg","keywords":["80e","anniversaire","bon","est","Eupen","lAS","Livre","meilleur","pour","temps","toujours","vieux"],"articleSection":["Belgique"],"inLanguage":"fr-BE"},{"@type":"WebPage","@id":"https:\/\/vieassociative.be\/actualites\/le-bon-vieux-temps-est-toujours-le-meilleur-livre-pour-le-80e-anniversaire-de-las-eupen-en-2025\/","url":"https:\/\/vieassociative.be\/actualites\/le-bon-vieux-temps-est-toujours-le-meilleur-livre-pour-le-80e-anniversaire-de-las-eupen-en-2025\/","name":"Le bon vieux temps est toujours le meilleur - livre pour le 80e anniversaire de l'AS Eupen en 2025 | Vie Associative","isPartOf":{"@id":"https:\/\/vieassociative.be\/actualites\/#website"},"primaryImageOfPage":{"@id":"https:\/\/vieassociative.be\/actualites\/le-bon-vieux-temps-est-toujours-le-meilleur-livre-pour-le-80e-anniversaire-de-las-eupen-en-2025\/#primaryimage"},"image":{"@id":"https:\/\/vieassociative.be\/actualites\/le-bon-vieux-temps-est-toujours-le-meilleur-livre-pour-le-80e-anniversaire-de-las-eupen-en-2025\/#primaryimage"},"thumbnailUrl":"https:\/\/vieassociative.be\/actualites\/wp-content\/uploads\/2024\/12\/1734488315_Le-bon-vieux-temps-est-toujours-le-meilleur-livre.jpg","datePublished":"2024-12-18T02:18:35+00:00","dateModified":"2024-12-18T02:18:35+00:00","breadcrumb":{"@id":"https:\/\/vieassociative.be\/actualites\/le-bon-vieux-temps-est-toujours-le-meilleur-livre-pour-le-80e-anniversaire-de-las-eupen-en-2025\/#breadcrumb"},"inLanguage":"fr-BE","potentialAction":[{"@type":"ReadAction","target":["https:\/\/vieassociative.be\/actualites\/le-bon-vieux-temps-est-toujours-le-meilleur-livre-pour-le-80e-anniversaire-de-las-eupen-en-2025\/"]}]},{"@type":"ImageObject","inLanguage":"fr-BE","@id":"https:\/\/vieassociative.be\/actualites\/le-bon-vieux-temps-est-toujours-le-meilleur-livre-pour-le-80e-anniversaire-de-las-eupen-en-2025\/#primaryimage","url":"https:\/\/vieassociative.be\/actualites\/wp-content\/uploads\/2024\/12\/1734488315_Le-bon-vieux-temps-est-toujours-le-meilleur-livre.jpg","contentUrl":"https:\/\/vieassociative.be\/actualites\/wp-content\/uploads\/2024\/12\/1734488315_Le-bon-vieux-temps-est-toujours-le-meilleur-livre.jpg","width":1200,"height":800,"caption":"Le bon vieux temps est toujours le meilleur - livre pour le 80e anniversaire de l'AS Eupen en 2025"},{"@type":"BreadcrumbList","@id":"https:\/\/vieassociative.be\/actualites\/le-bon-vieux-temps-est-toujours-le-meilleur-livre-pour-le-80e-anniversaire-de-las-eupen-en-2025\/#breadcrumb","itemListElement":[{"@type":"ListItem","position":1,"name":"Accueil","item":"https:\/\/vieassociative.be\/actualites\/"},{"@type":"ListItem","position":2,"name":"Le bon vieux temps est toujours le meilleur &#8211; livre pour le 80e anniversaire de l&rsquo;AS Eupen en 2025"}]},{"@type":"WebSite","@id":"https:\/\/vieassociative.be\/actualites\/#website","url":"https:\/\/vieassociative.be\/actualites\/","name":"Vie Associative","description":"","publisher":{"@id":"https:\/\/vieassociative.be\/actualites\/#organization"},"potentialAction":[{"@type":"SearchAction","target":{"@type":"EntryPoint","urlTemplate":"https:\/\/vieassociative.be\/actualites\/?s={search_term_string}"},"query-input":{"@type":"PropertyValueSpecification","valueRequired":true,"valueName":"search_term_string"}}],"inLanguage":"fr-BE"},{"@type":"Organization","@id":"https:\/\/vieassociative.be\/actualites\/#organization","name":"Vie Associative","url":"https:\/\/vieassociative.be\/actualites\/","logo":{"@type":"ImageObject","inLanguage":"fr-BE","@id":"https:\/\/vieassociative.be\/actualites\/#\/schema\/logo\/image\/","url":"https:\/\/vieassociative.be\/actualites\/wp-content\/uploads\/2024\/09\/cropped-vieassociative_favicon.ico.png","contentUrl":"https:\/\/vieassociative.be\/actualites\/wp-content\/uploads\/2024\/09\/cropped-vieassociative_favicon.ico.png","width":512,"height":512,"caption":"Vie Associative"},"image":{"@id":"https:\/\/vieassociative.be\/actualites\/#\/schema\/logo\/image\/"}},{"@type":"Person","@id":"https:\/\/vieassociative.be\/actualites\/#\/schema\/person\/b87ac4f82f9d4e7b7cec7395b679edc4","name":"Julien","image":{"@type":"ImageObject","inLanguage":"fr-BE","@id":"https:\/\/vieassociative.be\/actualites\/#\/schema\/person\/image\/","url":"https:\/\/vieassociative.be\/actualites\/wp-content\/uploads\/2024\/09\/vie-associative-1-150x150.jpg","contentUrl":"https:\/\/vieassociative.be\/actualites\/wp-content\/uploads\/2024\/09\/vie-associative-1-150x150.jpg","caption":"Julien"},"description":"Je suis Julien, r\u00e9dacteur pour Vie Associative. Passionn\u00e9 par le monde associatif depuis plus de 10 ans, j'ai \u00e0 c\u0153ur de partager des histoires inspirantes et de mettre en lumi\u00e8re les initiatives locales. Mon objectif est de sensibiliser et d'encourager l'engagement communautaire \u00e0 travers mes articles.","sameAs":["https:\/\/vieassociative.be\/"]}]}},"_links":{"self":[{"href":"https:\/\/vieassociative.be\/actualites\/wp-json\/wp\/v2\/posts\/3492"}],"collection":[{"href":"https:\/\/vieassociative.be\/actualites\/wp-json\/wp\/v2\/posts"}],"about":[{"href":"https:\/\/vieassociative.be\/actualites\/wp-json\/wp\/v2\/types\/post"}],"author":[{"embeddable":true,"href":"https:\/\/vieassociative.be\/actualites\/wp-json\/wp\/v2\/users\/1"}],"replies":[{"embeddable":true,"href":"https:\/\/vieassociative.be\/actualites\/wp-json\/wp\/v2\/comments?post=3492"}],"version-history":[{"count":0,"href":"https:\/\/vieassociative.be\/actualites\/wp-json\/wp\/v2\/posts\/3492\/revisions"}],"wp:featuredmedia":[{"embeddable":true,"href":"https:\/\/vieassociative.be\/actualites\/wp-json\/wp\/v2\/media\/3493"}],"wp:attachment":[{"href":"https:\/\/vieassociative.be\/actualites\/wp-json\/wp\/v2\/media?parent=3492"}],"wp:term":[{"taxonomy":"category","embeddable":true,"href":"https:\/\/vieassociative.be\/actualites\/wp-json\/wp\/v2\/categories?post=3492"},{"taxonomy":"post_tag","embeddable":true,"href":"https:\/\/vieassociative.be\/actualites\/wp-json\/wp\/v2\/tags?post=3492"}],"curies":[{"name":"wp","href":"https:\/\/api.w.org\/{rel}","templated":true}]}}