{"id":3482,"date":"2024-12-17T21:18:19","date_gmt":"2024-12-17T20:18:19","guid":{"rendered":"https:\/\/vieassociative.be\/actualites\/gala-a-doha-vinicius-junior-honore-comme-footballeur-mondial-par-la-fifa\/"},"modified":"2024-12-17T21:18:19","modified_gmt":"2024-12-17T20:18:19","slug":"gala-a-doha-vinicius-junior-honore-comme-footballeur-mondial-par-la-fifa","status":"publish","type":"post","link":"https:\/\/vieassociative.be\/actualites\/gala-a-doha-vinicius-junior-honore-comme-footballeur-mondial-par-la-fifa\/","title":{"rendered":"Gala \u00e0 Doha : Vin\u00edcius J\u00fanior honor\u00e9 comme footballeur mondial par la FIFA"},"content":{"rendered":"<p><strong>Apr\u00e8s les ennuis du Ballon d&rsquo;Or, Vin\u00edcius J\u00fanior peut encore faire la f\u00eate. Le Br\u00e9silien a \u00e9t\u00e9 honor\u00e9 en tant que footballeur mondial lors du d\u00eener de gala de la FIFA \u00e0 Doha et a succ\u00e9d\u00e9 \u00e0 la superstar Lionel Messi.<\/strong><\/p>\n<p><span id=\"more-404368\"><\/span>En octobre, il a d\u00fb c\u00e9der sa place au champion d&rsquo;Europe espagnol Rodri au Ballon d&rsquo;Or, ce qui a provoqu\u00e9 une vive surprise dans son club du Real Madrid.<\/p>\n<p>\u00ab Cela me paraissait impossible d\u2019arriver ici sur cette sc\u00e8ne. Je viens d&rsquo;une petite ville, proche de la pauvret\u00e9 et de la criminalit\u00e9. Maintenant, je suis l\u00e0\u00a0\u00bb, a d\u00e9clar\u00e9 Vin\u00edcius J\u00fanior, qui a gagn\u00e9 avec 48 points d&rsquo;avance sur Rodri (43) et Jude Bellingham (37).<\/p>\n<div id=\"attachment_378088\" class=\"wp-caption alignleft\" style=\"max-width: 300px\"><img fetchpriority=\"high\" decoding=\"async\" class=\"wp-image-378088 size-medium\" src=\"https:\/\/vieassociative.be\/actualites\/wp-content\/uploads\/2024\/12\/Gala-a-Doha-Vinicius-Junior-honore-comme-footballeur-mondial.jpg\" alt=\"\" width=\"300\" height=\"213\"><\/p>\n<p class=\"wp-caption-text\">7 mars 2024, Espagne, Madrid : Vinicius Junior (l) du Real c\u00e9l\u00e8bre son objectif de le faire 1-0 devant Willi Orban de Leipzig. Photo : Jan Woitas\/dpa<\/p>\n<\/div>\n<p>Comme l&rsquo;ann\u00e9e pr\u00e9c\u00e9dente, Aitana Bonmat\u00ed du FC Barcelone, vainqueur de la Ligue des Champions, a triomph\u00e9 dans la cat\u00e9gorie f\u00e9minine. La FIFA n&rsquo;a annonc\u00e9 que dans un d\u00e9lai tr\u00e8s court le moment de la remise du prix, qui a eu lieu \u00e0 la veille de la Coupe Intercontinentale entre le Real Madrid et le CF Pachuca.<\/p>\n<p>Lors de l&rsquo;\u00e9lection du s\u00e9lectionneur mondial, le ma\u00eetre-entra\u00eeneur de Leverkusen, Xabi Alonso, a d\u00fb c\u00e9der sa place au maestro italien Carlo Ancelotti du Real Madrid, vainqueur de la cat\u00e9gorie reine. L&rsquo;Argentin Emiliano Martinez d&rsquo;Aston Villa est redevenu gardien mondial.<\/p>\n<p>En octobre, le choix du Ballon d&rsquo;Or au Real Madrid avait suscit\u00e9 une vive col\u00e8re. Le club est rest\u00e9 \u00e0 l&rsquo;\u00e9cart de la c\u00e9r\u00e9monie au Th\u00e9\u00e2tre du Ch\u00e2telet \u00e0 Paris apr\u00e8s qu&rsquo;il ait \u00e9t\u00e9 r\u00e9v\u00e9l\u00e9 qu&rsquo;aucun joueur du Real ne recevrait le troph\u00e9e tant convoit\u00e9.<\/p>\n<div id=\"attachment_383484\" class=\"wp-caption alignleft\" style=\"max-width: 300px\"><img decoding=\"async\" class=\"wp-image-383484 size-medium\" src=\"https:\/\/vieassociative.be\/actualites\/wp-content\/uploads\/2024\/12\/1734466699_179_Gala-a-Doha-Vinicius-Junior-honore-comme-footballeur-mondial.jpg\" alt=\"\" width=\"300\" height=\"212\"  ><\/p>\n<p class=\"wp-caption-text\">Le v\u00e9ritable entra\u00eeneur Carlo Ancelotti lors de la conf\u00e9rence de presse. Photo : Niklas Treppner\/dpa<\/p>\n<\/div>\n<p>M\u00eame l\u00e0, Vin\u00edcius J\u00fanior \u00e9tait le grand favori pour gagner. Avec le Real, il avait au moins remport\u00e9 le championnat et la cat\u00e9gorie reine. Mais l&rsquo;attaquant vedette, victime de racisme \u00e0 plusieurs reprises en Espagne, n&rsquo;est pas sans pol\u00e9mique. Sa tendance au th\u00e9\u00e2tre suscite \u00e9galement des critiques.<\/p>\n<p>La FIFA honore les footballeurs du monde entier depuis 1991. Entre 2010 et 2015, la FIFA a nou\u00e9 une coop\u00e9ration avec le Groupe Amaury, au cours de laquelle le prix du footballeur mondial a \u00e9t\u00e9 d\u00e9cern\u00e9 sous le nom de \u00ab FIFA Ballon d&rsquo;Or \u00bb. Depuis, deux prix ont \u00e9t\u00e9 d\u00e9cern\u00e9s au meilleur footballeur.<\/p>\n<p>Le r\u00e8glement de l&rsquo;\u00e9lection de la FIFA est diff\u00e9rent de celui du Ballon d&rsquo;Or, dont seuls les journalistes d\u00e9cident. La FIFA a vot\u00e9 pour les entra\u00eeneurs nationaux, les capitaines des \u00e9quipes nationales, les journalistes et les supporters du monde entier. Le vote \u00e9tait possible jusqu&rsquo;au 10 d\u00e9cembre. (dpa)<\/p>\n","protected":false},"excerpt":{"rendered":"<p>Apr\u00e8s les ennuis du Ballon d&rsquo;Or, Vin\u00edcius J\u00fanior peut encore faire la f\u00eate. Le Br\u00e9silien a \u00e9t\u00e9 honor\u00e9 en tant que footballeur mondial lors du<\/p>\n","protected":false},"author":1,"featured_media":3483,"comment_status":"","ping_status":"","sticky":false,"template":"","format":"standard","meta":{"footnotes":""},"categories":[298],"tags":[1254,4076,4080,4079,4075,2413,4078,3995,676,4077],"class_list":["post-3482","post","type-post","status-publish","format-standard","has-post-thumbnail","hentry","category-belgique","tag-comme","tag-doha","tag-fifa","tag-footballeur","tag-gala","tag-honore","tag-junior","tag-mondial","tag-par","tag-vinicius","generate-columns","tablet-grid-50","mobile-grid-100","grid-parent","grid-33"],"yoast_head":"<!-- This site is optimized with the Yoast SEO plugin v24.0 - https:\/\/yoast.com\/wordpress\/plugins\/seo\/ -->\n<title>Gala \u00e0 Doha : Vin\u00edcius J\u00fanior honor\u00e9 comme footballeur mondial par la FIFA | Vie Associative<\/title>\n<meta name=\"robots\" content=\"index, follow, max-snippet:-1, max-image-preview:large, max-video-preview:-1\" \/>\n<link rel=\"canonical\" href=\"https:\/\/vieassociative.be\/actualites\/gala-a-doha-vinicius-junior-honore-comme-footballeur-mondial-par-la-fifa\/\" \/>\n<meta property=\"og:locale\" content=\"fr_FR\" \/>\n<meta property=\"og:type\" content=\"article\" \/>\n<meta property=\"og:title\" content=\"Gala \u00e0 Doha : Vin\u00edcius J\u00fanior honor\u00e9 comme footballeur mondial par la FIFA | Vie Associative\" \/>\n<meta property=\"og:description\" content=\"Apr\u00e8s les ennuis du Ballon d&rsquo;Or, Vin\u00edcius J\u00fanior peut encore faire la f\u00eate. Le Br\u00e9silien a \u00e9t\u00e9 honor\u00e9 en tant que footballeur mondial lors du\" \/>\n<meta property=\"og:url\" content=\"https:\/\/vieassociative.be\/actualites\/gala-a-doha-vinicius-junior-honore-comme-footballeur-mondial-par-la-fifa\/\" \/>\n<meta property=\"og:site_name\" content=\"Vie Associative\" \/>\n<meta property=\"article:published_time\" content=\"2024-12-17T20:18:19+00:00\" \/>\n<meta property=\"og:image\" content=\"https:\/\/vieassociative.be\/actualites\/wp-content\/uploads\/2024\/09\/header_backgroundk-01-e1726694325946.png\" \/>\n\t<meta property=\"og:image:width\" content=\"279\" \/>\n\t<meta property=\"og:image:height\" content=\"92\" \/>\n\t<meta property=\"og:image:type\" content=\"image\/png\" \/>\n<meta name=\"author\" content=\"Julien\" \/>\n<meta name=\"twitter:card\" content=\"summary_large_image\" \/>\n<meta name=\"twitter:label1\" content=\"\u00c9crit par\" \/>\n\t<meta name=\"twitter:data1\" content=\"Julien\" \/>\n\t<meta name=\"twitter:label2\" content=\"Dur\u00e9e de lecture est.\" \/>\n\t<meta name=\"twitter:data2\" content=\"2 minutes\" \/>\n<script type=\"application\/ld+json\" class=\"yoast-schema-graph\">{\"@context\":\"https:\/\/schema.org\",\"@graph\":[{\"@type\":\"Article\",\"@id\":\"https:\/\/vieassociative.be\/actualites\/gala-a-doha-vinicius-junior-honore-comme-footballeur-mondial-par-la-fifa\/#article\",\"isPartOf\":{\"@id\":\"https:\/\/vieassociative.be\/actualites\/gala-a-doha-vinicius-junior-honore-comme-footballeur-mondial-par-la-fifa\/\"},\"author\":{\"name\":\"Julien\",\"@id\":\"https:\/\/vieassociative.be\/actualites\/#\/schema\/person\/b87ac4f82f9d4e7b7cec7395b679edc4\"},\"headline\":\"Gala \u00e0 Doha : Vin\u00edcius J\u00fanior honor\u00e9 comme footballeur mondial par la FIFA\",\"datePublished\":\"2024-12-17T20:18:19+00:00\",\"dateModified\":\"2024-12-17T20:18:19+00:00\",\"mainEntityOfPage\":{\"@id\":\"https:\/\/vieassociative.be\/actualites\/gala-a-doha-vinicius-junior-honore-comme-footballeur-mondial-par-la-fifa\/\"},\"wordCount\":514,\"publisher\":{\"@id\":\"https:\/\/vieassociative.be\/actualites\/#organization\"},\"image\":{\"@id\":\"https:\/\/vieassociative.be\/actualites\/gala-a-doha-vinicius-junior-honore-comme-footballeur-mondial-par-la-fifa\/#primaryimage\"},\"thumbnailUrl\":\"https:\/\/vieassociative.be\/actualites\/wp-content\/uploads\/2024\/12\/1734466699_Gala-a-Doha-Vinicius-Junior-honore-comme-footballeur-mondial.jpg\",\"keywords\":[\"comme\",\"Doha\",\"FIFA\",\"footballeur\",\"Gala\",\"honor\u00e9\",\"J\u00fanior\",\"Mondial\",\"par\",\"Vin\u00edcius\"],\"articleSection\":[\"Belgique\"],\"inLanguage\":\"fr-BE\"},{\"@type\":\"WebPage\",\"@id\":\"https:\/\/vieassociative.be\/actualites\/gala-a-doha-vinicius-junior-honore-comme-footballeur-mondial-par-la-fifa\/\",\"url\":\"https:\/\/vieassociative.be\/actualites\/gala-a-doha-vinicius-junior-honore-comme-footballeur-mondial-par-la-fifa\/\",\"name\":\"Gala \u00e0 Doha : Vin\u00edcius J\u00fanior honor\u00e9 comme footballeur mondial par la FIFA | Vie Associative\",\"isPartOf\":{\"@id\":\"https:\/\/vieassociative.be\/actualites\/#website\"},\"primaryImageOfPage\":{\"@id\":\"https:\/\/vieassociative.be\/actualites\/gala-a-doha-vinicius-junior-honore-comme-footballeur-mondial-par-la-fifa\/#primaryimage\"},\"image\":{\"@id\":\"https:\/\/vieassociative.be\/actualites\/gala-a-doha-vinicius-junior-honore-comme-footballeur-mondial-par-la-fifa\/#primaryimage\"},\"thumbnailUrl\":\"https:\/\/vieassociative.be\/actualites\/wp-content\/uploads\/2024\/12\/1734466699_Gala-a-Doha-Vinicius-Junior-honore-comme-footballeur-mondial.jpg\",\"datePublished\":\"2024-12-17T20:18:19+00:00\",\"dateModified\":\"2024-12-17T20:18:19+00:00\",\"breadcrumb\":{\"@id\":\"https:\/\/vieassociative.be\/actualites\/gala-a-doha-vinicius-junior-honore-comme-footballeur-mondial-par-la-fifa\/#breadcrumb\"},\"inLanguage\":\"fr-BE\",\"potentialAction\":[{\"@type\":\"ReadAction\",\"target\":[\"https:\/\/vieassociative.be\/actualites\/gala-a-doha-vinicius-junior-honore-comme-footballeur-mondial-par-la-fifa\/\"]}]},{\"@type\":\"ImageObject\",\"inLanguage\":\"fr-BE\",\"@id\":\"https:\/\/vieassociative.be\/actualites\/gala-a-doha-vinicius-junior-honore-comme-footballeur-mondial-par-la-fifa\/#primaryimage\",\"url\":\"https:\/\/vieassociative.be\/actualites\/wp-content\/uploads\/2024\/12\/1734466699_Gala-a-Doha-Vinicius-Junior-honore-comme-footballeur-mondial.jpg\",\"contentUrl\":\"https:\/\/vieassociative.be\/actualites\/wp-content\/uploads\/2024\/12\/1734466699_Gala-a-Doha-Vinicius-Junior-honore-comme-footballeur-mondial.jpg\",\"width\":1200,\"height\":800,\"caption\":\"Gala \u00e0 Doha : Vin\u00edcius J\u00fanior honor\u00e9 comme footballeur mondial par la FIFA\"},{\"@type\":\"BreadcrumbList\",\"@id\":\"https:\/\/vieassociative.be\/actualites\/gala-a-doha-vinicius-junior-honore-comme-footballeur-mondial-par-la-fifa\/#breadcrumb\",\"itemListElement\":[{\"@type\":\"ListItem\",\"position\":1,\"name\":\"Accueil\",\"item\":\"https:\/\/vieassociative.be\/actualites\/\"},{\"@type\":\"ListItem\",\"position\":2,\"name\":\"Gala \u00e0 Doha : Vin\u00edcius J\u00fanior honor\u00e9 comme footballeur mondial par la FIFA\"}]},{\"@type\":\"WebSite\",\"@id\":\"https:\/\/vieassociative.be\/actualites\/#website\",\"url\":\"https:\/\/vieassociative.be\/actualites\/\",\"name\":\"Vie Associative\",\"description\":\"\",\"publisher\":{\"@id\":\"https:\/\/vieassociative.be\/actualites\/#organization\"},\"potentialAction\":[{\"@type\":\"SearchAction\",\"target\":{\"@type\":\"EntryPoint\",\"urlTemplate\":\"https:\/\/vieassociative.be\/actualites\/?s={search_term_string}\"},\"query-input\":{\"@type\":\"PropertyValueSpecification\",\"valueRequired\":true,\"valueName\":\"search_term_string\"}}],\"inLanguage\":\"fr-BE\"},{\"@type\":\"Organization\",\"@id\":\"https:\/\/vieassociative.be\/actualites\/#organization\",\"name\":\"Vie Associative\",\"url\":\"https:\/\/vieassociative.be\/actualites\/\",\"logo\":{\"@type\":\"ImageObject\",\"inLanguage\":\"fr-BE\",\"@id\":\"https:\/\/vieassociative.be\/actualites\/#\/schema\/logo\/image\/\",\"url\":\"https:\/\/vieassociative.be\/actualites\/wp-content\/uploads\/2024\/09\/cropped-vieassociative_favicon.ico.png\",\"contentUrl\":\"https:\/\/vieassociative.be\/actualites\/wp-content\/uploads\/2024\/09\/cropped-vieassociative_favicon.ico.png\",\"width\":512,\"height\":512,\"caption\":\"Vie Associative\"},\"image\":{\"@id\":\"https:\/\/vieassociative.be\/actualites\/#\/schema\/logo\/image\/\"}},{\"@type\":\"Person\",\"@id\":\"https:\/\/vieassociative.be\/actualites\/#\/schema\/person\/b87ac4f82f9d4e7b7cec7395b679edc4\",\"name\":\"Julien\",\"image\":{\"@type\":\"ImageObject\",\"inLanguage\":\"fr-BE\",\"@id\":\"https:\/\/vieassociative.be\/actualites\/#\/schema\/person\/image\/\",\"url\":\"https:\/\/vieassociative.be\/actualites\/wp-content\/uploads\/2024\/09\/vie-associative-1-150x150.jpg\",\"contentUrl\":\"https:\/\/vieassociative.be\/actualites\/wp-content\/uploads\/2024\/09\/vie-associative-1-150x150.jpg\",\"caption\":\"Julien\"},\"description\":\"Je suis Julien, r\u00e9dacteur pour Vie Associative. Passionn\u00e9 par le monde associatif depuis plus de 10 ans, j'ai \u00e0 c\u0153ur de partager des histoires inspirantes et de mettre en lumi\u00e8re les initiatives locales. Mon objectif est de sensibiliser et d'encourager l'engagement communautaire \u00e0 travers mes articles.\",\"sameAs\":[\"https:\/\/vieassociative.be\/\"]}]}<\/script>\n<!-- \/ Yoast SEO plugin. -->","yoast_head_json":{"title":"Gala \u00e0 Doha : Vin\u00edcius J\u00fanior honor\u00e9 comme footballeur mondial par la FIFA | Vie Associative","robots":{"index":"index","follow":"follow","max-snippet":"max-snippet:-1","max-image-preview":"max-image-preview:large","max-video-preview":"max-video-preview:-1"},"canonical":"https:\/\/vieassociative.be\/actualites\/gala-a-doha-vinicius-junior-honore-comme-footballeur-mondial-par-la-fifa\/","og_locale":"fr_FR","og_type":"article","og_title":"Gala \u00e0 Doha : Vin\u00edcius J\u00fanior honor\u00e9 comme footballeur mondial par la FIFA | Vie Associative","og_description":"Apr\u00e8s les ennuis du Ballon d&rsquo;Or, Vin\u00edcius J\u00fanior peut encore faire la f\u00eate. Le Br\u00e9silien a \u00e9t\u00e9 honor\u00e9 en tant que footballeur mondial lors du","og_url":"https:\/\/vieassociative.be\/actualites\/gala-a-doha-vinicius-junior-honore-comme-footballeur-mondial-par-la-fifa\/","og_site_name":"Vie Associative","article_published_time":"2024-12-17T20:18:19+00:00","og_image":[{"width":279,"height":92,"url":"https:\/\/vieassociative.be\/actualites\/wp-content\/uploads\/2024\/09\/header_backgroundk-01-e1726694325946.png","type":"image\/png"}],"author":"Julien","twitter_card":"summary_large_image","twitter_misc":{"\u00c9crit par":"Julien","Dur\u00e9e de lecture est.":"2 minutes"},"schema":{"@context":"https:\/\/schema.org","@graph":[{"@type":"Article","@id":"https:\/\/vieassociative.be\/actualites\/gala-a-doha-vinicius-junior-honore-comme-footballeur-mondial-par-la-fifa\/#article","isPartOf":{"@id":"https:\/\/vieassociative.be\/actualites\/gala-a-doha-vinicius-junior-honore-comme-footballeur-mondial-par-la-fifa\/"},"author":{"name":"Julien","@id":"https:\/\/vieassociative.be\/actualites\/#\/schema\/person\/b87ac4f82f9d4e7b7cec7395b679edc4"},"headline":"Gala \u00e0 Doha : Vin\u00edcius J\u00fanior honor\u00e9 comme footballeur mondial par la FIFA","datePublished":"2024-12-17T20:18:19+00:00","dateModified":"2024-12-17T20:18:19+00:00","mainEntityOfPage":{"@id":"https:\/\/vieassociative.be\/actualites\/gala-a-doha-vinicius-junior-honore-comme-footballeur-mondial-par-la-fifa\/"},"wordCount":514,"publisher":{"@id":"https:\/\/vieassociative.be\/actualites\/#organization"},"image":{"@id":"https:\/\/vieassociative.be\/actualites\/gala-a-doha-vinicius-junior-honore-comme-footballeur-mondial-par-la-fifa\/#primaryimage"},"thumbnailUrl":"https:\/\/vieassociative.be\/actualites\/wp-content\/uploads\/2024\/12\/1734466699_Gala-a-Doha-Vinicius-Junior-honore-comme-footballeur-mondial.jpg","keywords":["comme","Doha","FIFA","footballeur","Gala","honor\u00e9","J\u00fanior","Mondial","par","Vin\u00edcius"],"articleSection":["Belgique"],"inLanguage":"fr-BE"},{"@type":"WebPage","@id":"https:\/\/vieassociative.be\/actualites\/gala-a-doha-vinicius-junior-honore-comme-footballeur-mondial-par-la-fifa\/","url":"https:\/\/vieassociative.be\/actualites\/gala-a-doha-vinicius-junior-honore-comme-footballeur-mondial-par-la-fifa\/","name":"Gala \u00e0 Doha : Vin\u00edcius J\u00fanior honor\u00e9 comme footballeur mondial par la FIFA | Vie Associative","isPartOf":{"@id":"https:\/\/vieassociative.be\/actualites\/#website"},"primaryImageOfPage":{"@id":"https:\/\/vieassociative.be\/actualites\/gala-a-doha-vinicius-junior-honore-comme-footballeur-mondial-par-la-fifa\/#primaryimage"},"image":{"@id":"https:\/\/vieassociative.be\/actualites\/gala-a-doha-vinicius-junior-honore-comme-footballeur-mondial-par-la-fifa\/#primaryimage"},"thumbnailUrl":"https:\/\/vieassociative.be\/actualites\/wp-content\/uploads\/2024\/12\/1734466699_Gala-a-Doha-Vinicius-Junior-honore-comme-footballeur-mondial.jpg","datePublished":"2024-12-17T20:18:19+00:00","dateModified":"2024-12-17T20:18:19+00:00","breadcrumb":{"@id":"https:\/\/vieassociative.be\/actualites\/gala-a-doha-vinicius-junior-honore-comme-footballeur-mondial-par-la-fifa\/#breadcrumb"},"inLanguage":"fr-BE","potentialAction":[{"@type":"ReadAction","target":["https:\/\/vieassociative.be\/actualites\/gala-a-doha-vinicius-junior-honore-comme-footballeur-mondial-par-la-fifa\/"]}]},{"@type":"ImageObject","inLanguage":"fr-BE","@id":"https:\/\/vieassociative.be\/actualites\/gala-a-doha-vinicius-junior-honore-comme-footballeur-mondial-par-la-fifa\/#primaryimage","url":"https:\/\/vieassociative.be\/actualites\/wp-content\/uploads\/2024\/12\/1734466699_Gala-a-Doha-Vinicius-Junior-honore-comme-footballeur-mondial.jpg","contentUrl":"https:\/\/vieassociative.be\/actualites\/wp-content\/uploads\/2024\/12\/1734466699_Gala-a-Doha-Vinicius-Junior-honore-comme-footballeur-mondial.jpg","width":1200,"height":800,"caption":"Gala \u00e0 Doha : Vin\u00edcius J\u00fanior honor\u00e9 comme footballeur mondial par la FIFA"},{"@type":"BreadcrumbList","@id":"https:\/\/vieassociative.be\/actualites\/gala-a-doha-vinicius-junior-honore-comme-footballeur-mondial-par-la-fifa\/#breadcrumb","itemListElement":[{"@type":"ListItem","position":1,"name":"Accueil","item":"https:\/\/vieassociative.be\/actualites\/"},{"@type":"ListItem","position":2,"name":"Gala \u00e0 Doha : Vin\u00edcius J\u00fanior honor\u00e9 comme footballeur mondial par la FIFA"}]},{"@type":"WebSite","@id":"https:\/\/vieassociative.be\/actualites\/#website","url":"https:\/\/vieassociative.be\/actualites\/","name":"Vie Associative","description":"","publisher":{"@id":"https:\/\/vieassociative.be\/actualites\/#organization"},"potentialAction":[{"@type":"SearchAction","target":{"@type":"EntryPoint","urlTemplate":"https:\/\/vieassociative.be\/actualites\/?s={search_term_string}"},"query-input":{"@type":"PropertyValueSpecification","valueRequired":true,"valueName":"search_term_string"}}],"inLanguage":"fr-BE"},{"@type":"Organization","@id":"https:\/\/vieassociative.be\/actualites\/#organization","name":"Vie Associative","url":"https:\/\/vieassociative.be\/actualites\/","logo":{"@type":"ImageObject","inLanguage":"fr-BE","@id":"https:\/\/vieassociative.be\/actualites\/#\/schema\/logo\/image\/","url":"https:\/\/vieassociative.be\/actualites\/wp-content\/uploads\/2024\/09\/cropped-vieassociative_favicon.ico.png","contentUrl":"https:\/\/vieassociative.be\/actualites\/wp-content\/uploads\/2024\/09\/cropped-vieassociative_favicon.ico.png","width":512,"height":512,"caption":"Vie Associative"},"image":{"@id":"https:\/\/vieassociative.be\/actualites\/#\/schema\/logo\/image\/"}},{"@type":"Person","@id":"https:\/\/vieassociative.be\/actualites\/#\/schema\/person\/b87ac4f82f9d4e7b7cec7395b679edc4","name":"Julien","image":{"@type":"ImageObject","inLanguage":"fr-BE","@id":"https:\/\/vieassociative.be\/actualites\/#\/schema\/person\/image\/","url":"https:\/\/vieassociative.be\/actualites\/wp-content\/uploads\/2024\/09\/vie-associative-1-150x150.jpg","contentUrl":"https:\/\/vieassociative.be\/actualites\/wp-content\/uploads\/2024\/09\/vie-associative-1-150x150.jpg","caption":"Julien"},"description":"Je suis Julien, r\u00e9dacteur pour Vie Associative. Passionn\u00e9 par le monde associatif depuis plus de 10 ans, j'ai \u00e0 c\u0153ur de partager des histoires inspirantes et de mettre en lumi\u00e8re les initiatives locales. Mon objectif est de sensibiliser et d'encourager l'engagement communautaire \u00e0 travers mes articles.","sameAs":["https:\/\/vieassociative.be\/"]}]}},"_links":{"self":[{"href":"https:\/\/vieassociative.be\/actualites\/wp-json\/wp\/v2\/posts\/3482"}],"collection":[{"href":"https:\/\/vieassociative.be\/actualites\/wp-json\/wp\/v2\/posts"}],"about":[{"href":"https:\/\/vieassociative.be\/actualites\/wp-json\/wp\/v2\/types\/post"}],"author":[{"embeddable":true,"href":"https:\/\/vieassociative.be\/actualites\/wp-json\/wp\/v2\/users\/1"}],"replies":[{"embeddable":true,"href":"https:\/\/vieassociative.be\/actualites\/wp-json\/wp\/v2\/comments?post=3482"}],"version-history":[{"count":0,"href":"https:\/\/vieassociative.be\/actualites\/wp-json\/wp\/v2\/posts\/3482\/revisions"}],"wp:featuredmedia":[{"embeddable":true,"href":"https:\/\/vieassociative.be\/actualites\/wp-json\/wp\/v2\/media\/3483"}],"wp:attachment":[{"href":"https:\/\/vieassociative.be\/actualites\/wp-json\/wp\/v2\/media?parent=3482"}],"wp:term":[{"taxonomy":"category","embeddable":true,"href":"https:\/\/vieassociative.be\/actualites\/wp-json\/wp\/v2\/categories?post=3482"},{"taxonomy":"post_tag","embeddable":true,"href":"https:\/\/vieassociative.be\/actualites\/wp-json\/wp\/v2\/tags?post=3482"}],"curies":[{"name":"wp","href":"https:\/\/api.w.org\/{rel}","templated":true}]}}