{"id":3478,"date":"2024-12-17T19:17:46","date_gmt":"2024-12-17T18:17:46","guid":{"rendered":"https:\/\/vieassociative.be\/actualites\/ces-1929-oeuvres-protegees-par-le-droit-dauteur-entreront-dans-le-domaine-public-en-2025\/"},"modified":"2024-12-17T19:17:46","modified_gmt":"2024-12-17T18:17:46","slug":"ces-1929-oeuvres-protegees-par-le-droit-dauteur-entreront-dans-le-domaine-public-en-2025","status":"publish","type":"post","link":"https:\/\/vieassociative.be\/actualites\/ces-1929-oeuvres-protegees-par-le-droit-dauteur-entreront-dans-le-domaine-public-en-2025\/","title":{"rendered":"Ces 1929 \u0153uvres prot\u00e9g\u00e9es par le droit d&rsquo;auteur entreront dans le domaine public en 2025"},"content":{"rendered":"<div class=\"mt-4 leading-6 md:mb-8\">Popeye, Tintin et \u00ab\u00a0Singin&rsquo; in the Rain\u00a0\u00bb font partie des cr\u00e9ations qui tomberont bient\u00f4t dans le domaine public.<\/div>\n<p><\/p>\n<p>M\u00eame si vous n&rsquo;\u00eates pas du genre \u00e0 vous habiller et \u00e0 sortir pour f\u00eater la nouvelle ann\u00e9e, il y a quand m\u00eame quelque chose \u00e0 c\u00e9l\u00e9brer le 1er janvier : un nouveau lot d&rsquo;\u0153uvres prot\u00e9g\u00e9es par le droit d&rsquo;auteur entrant dans le domaine public. En 2025, les droits sur les personnages, livres, pi\u00e8ces de th\u00e9\u00e2tre, films, dessins, peintures et photographies de 1929, ainsi que sur les enregistrements sonores de 1924, expireront, ce qui signifie que le public (c&rsquo;est-\u00e0-dire nous) pourra l\u00e9galement copier, partager et s&rsquo;appuyer sur sans autorisation ni paiement de frais, selon le Centre pour l&rsquo;\u00e9tude du domaine public de l&rsquo;Universit\u00e9 Duke. Voici quelques-uns des faits saillants.<\/p>\n<h2 id=\"notable-characters-entering-the-public-domain-in-2025\">Personnages notables entrant dans le domaine public en 2025<\/h2>\n<ul>\n<li>\n<p><strong>Popeye<\/strong>: Le marin robuste d&rsquo;EC Segar est apparu pour la premi\u00e8re fois dans \u00ab\u00a0Gobs of Work\u00a0\u00bb dans son <em>Th\u00e9\u00e2tre du d\u00e9 \u00e0 coudre<\/em> bande dessin\u00e9e<\/p>\n<\/li>\n<li>\n<p><strong>Tintin<\/strong>: Le jeune reporter d&rsquo;investigation fait ses d\u00e9buts dans \u00ab\u00a0Les Aventures de Tintin\u00a0\u00bb du caricaturiste belge Herg\u00e9 dans le magazine <em>Le Petit Vingti\u00e8me <\/em><\/p>\n<\/li>\n<\/ul>\n<h2 id=\"notable-books-and-plays-entering-the-public-domain-in-2025\">Livres et pi\u00e8ces de th\u00e9\u00e2tre remarquables entrant dans le domaine public en 2025<\/h2>\n<ul>\n<li>\n<p>Celui de William Faulkner <strong><em>Le son et la fureur <\/em><\/strong><\/p>\n<\/li>\n<li>\n<p>Celui d&rsquo;Ernest Hemingway <strong><em>Un adieu aux armes<\/em><\/strong><\/p>\n<\/li>\n<li>\n<p>Celle de Virginie Woolf <strong><em>Une chambre \u00e0 soi<\/em><\/strong><\/p>\n<\/li>\n<li>\n<p>Dashiell Hammett <strong><em>Le faucon maltais<\/em><\/strong>  (tel que publi\u00e9 en s\u00e9rie dans <em>Masque noir<\/em> revue)<\/p>\n<\/li>\n<li>\n<p>Celui de John Steinbeck <strong><em>Coupe d&rsquo;or<\/em><\/strong>  (son premier roman)<\/p>\n<\/li>\n<li>\n<p>Premi\u00e8re traduction anglaise d&rsquo;Arthur Wesley Wheen de <strong><em>Tout est calme sur le front occidental<\/em><\/strong>  par Erich Maria Remarque<\/p>\n<\/li>\n<li>\n<p>Agatha Christie&rsquo;s<strong><em>  Myst\u00e8re des sept cadrans<\/em><\/strong><\/p>\n<\/li>\n<li>\n<p>Celui de Robert Graves <strong><em>Au revoir \u00e0 tout \u00e7a<\/em><\/strong><\/p>\n<\/li>\n<\/ul>\n<h2 id=\"notable-films-entering-the-public-domain-in-2025\">Films notables entrant dans le domaine public en 2025<\/h2>\n<ul>\n<li>\n<p>12 de plus <strong>Dessins anim\u00e9s de Mickey Mouse<\/strong>y compris la premi\u00e8re apparition parlante de Mickey dans <em>L&rsquo;enfant du carnaval<\/em><em> <\/em>(Mickey et Minnie Mouse sont entr\u00e9s pour la premi\u00e8re fois dans le domaine public cette ann\u00e9e)<\/p>\n<\/li>\n<li>\n<p><strong><em>La danse des squelettes<\/em><\/strong>r\u00e9alis\u00e9 par Walt Disney et anim\u00e9 par Ub Iwerks (le premier <em>Symphonie idiote<\/em> court-m\u00e9trage de Disney)<\/p>\n<\/li>\n<li>\n<p><strong><em>Chantage<\/em><\/strong>r\u00e9alis\u00e9 par Alfred Hitchcock (le premier film sonore d&rsquo;Hitchcock)<\/p>\n<\/li>\n<li>\n<p><strong><em>Les noix de coco<\/em><\/strong>r\u00e9alis\u00e9 par Robert Florey et Joseph Santley (le premier long m\u00e9trage des Marx Brothers)<\/p>\n<\/li>\n<li>\n<p><strong><em>La m\u00e9lodie de Broadway<\/em><\/strong>r\u00e9alis\u00e9 par Harry Beaumont (laur\u00e9at de l&rsquo;Oscar du meilleur film)<\/p>\n<\/li>\n<li>\n<p><strong><em>All\u00e9luia<\/em><\/strong>r\u00e9alis\u00e9 par King Vidor (le premier film d&rsquo;un grand studio avec un casting enti\u00e8rement noir)<\/p>\n<\/li>\n<li>\n<p><strong><em>La Revue Hollywoodienne de 1929<\/em><\/strong>r\u00e9alis\u00e9 par Charles Reisner (avec la chanson \u00ab Singin&rsquo; in the Rain \u00bb)<\/p>\n<\/li>\n<li>\n<p><strong><em>La f\u00eate sauvage<\/em><\/strong>r\u00e9alis\u00e9 par Dorothy Arzner (le premier film parlant de Clara Bow)<\/p>\n<\/li>\n<li>\n<p><strong><em>Afficher le bateau<\/em><\/strong>r\u00e9alis\u00e9 par Harry A. Pollard (adaptation du roman et de la com\u00e9die musicale)<\/p>\n<\/li>\n<\/ul>\n<h2 id=\"notable-musical-compositions-entering-the-public-domain-in-2025\">Compositions musicales notables entrant dans le domaine public en 2025<\/h2>\n<ul>\n<li>\n<p><strong><em>Chanter sous la pluie<\/em><\/strong>paroles d&rsquo;Arthur Freed, musique de Nacio Herb Brown<\/p>\n<\/li>\n<li>\n<p><strong><em>Il n&rsquo;y a pas de mauvais comportement<\/em><\/strong>paroles d&rsquo;Andy Paul Razaf, musique de Thomas W. (\u00ab Fats \u00bb) Waller et Harry Brooks (de la com\u00e9die musicale <em>Chocolats chauds<\/em>)<\/p>\n<\/li>\n<li>\n<p><strong><em>Un Am\u00e9ricain \u00e0 Paris<\/em><\/strong>George Gershwin<\/p>\n<\/li>\n<li>\n<p><strong><em>Bol\u00e9ro<\/em><\/strong>composition orchestrale de Maurice Ravel<\/p>\n<\/li>\n<li>\n<p><strong><em>(Qu&rsquo;ai-je fait pour \u00eatre ainsi) Noir et bleu<\/em><\/strong>paroles d&rsquo;Andy Paul Razaf, musique de Thomas W. \u00ab Fats \u00bb Waller et Harry Brooks (une chanson sur l&rsquo;injustice raciale de la com\u00e9die musicale <em>Chocolats chauds<\/em>)<\/p>\n<\/li>\n<li>\n<p><strong><em>La pointe des pieds \u00e0 travers les tulipes<\/em><\/strong>paroles d&rsquo;Alfred Dubin, musique de Joseph Burke (Remarque\u00a0: l&rsquo;enregistrement de 1968 de Tiny Tim est toujours prot\u00e9g\u00e9 par le droit d&rsquo;auteur)<\/p>\n<\/li>\n<li>\n<p><strong><em>Les jours heureux sont de retour<\/em><\/strong>paroles de Jack Yellen, musique de Milton Ager (la chanson th\u00e8me de la campagne pr\u00e9sidentielle de Franklin D. Roosevelt en 1932)<\/p>\n<\/li>\n<\/ul>\n<h2 id=\"notable-sound-recordings-from-1924-entering-the-public-domain-in-2025\">Enregistrements sonores notables de 1924 entrant dans le domaine public en 2025<\/h2>\n<ul>\n<li>\n<p><strong><em>Personne ne conna\u00eet les probl\u00e8mes que j&rsquo;ai vus<\/em><\/strong>enregistr\u00e9 par Marian Anderson<\/p>\n<\/li>\n<li>\n<p><strong><em>Rhapsodie en bleu<\/em><\/strong>enregistr\u00e9 par George Gershwin<\/p>\n<\/li>\n<li>\n<p><strong><em>Shreveport pi\u00e9tiner<\/em><\/strong>enregistr\u00e9 par Jelly Roll Morton<\/p>\n<\/li>\n<li>\n<p><strong><em>Tout le monde aime mon b\u00e9b\u00e9 (mais mon b\u00e9b\u00e9 n&rsquo;aime personne d&rsquo;autre que moi)<\/em><\/strong>enregistr\u00e9 par Blue Five de Louis Armstrong et Clarence Williams<\/p>\n<\/li>\n<li>\n<p><strong><em>Bleus de mer d&rsquo;un bleu profond<\/em><\/strong>enregistr\u00e9 par Clara Smith<\/p>\n<\/li>\n<li>\n<p><strong><em>\u00c7a devait \u00eatre toi<\/em><\/strong>enregistr\u00e9 par l&rsquo;Isham Jones Orchestra et par Marion Harris<\/p>\n<\/li>\n<li>\n<p><strong><em>Californie, je viens<\/em><\/strong>enregistr\u00e9 par Al Jolson<\/p>\n<\/li>\n<\/ul>\n<p>Pour des \u0153uvres suppl\u00e9mentaires entrant dans le domaine public, consultez les listes du Centre pour l&rsquo;\u00e9tude du domaine public de l&rsquo;Universit\u00e9 Duke et Copyright Lately.<\/p>\n","protected":false},"excerpt":{"rendered":"<p>Popeye, Tintin et \u00ab\u00a0Singin&rsquo; in the Rain\u00a0\u00bb font partie des cr\u00e9ations qui tomberont bient\u00f4t dans le domaine public. M\u00eame si vous n&rsquo;\u00eates pas du genre<\/p>\n","protected":false},"author":1,"featured_media":3479,"comment_status":"","ping_status":"","sticky":false,"template":"","format":"standard","meta":{"footnotes":""},"categories":[36],"tags":[248,166,4073,555,4072,4074,3676,676,4071,659],"class_list":["post-3478","post","type-post","status-publish","format-standard","has-post-thumbnail","hentry","category-divertissement","tag-ces","tag-dans","tag-dauteur","tag-domaine","tag-droit","tag-entreront","tag-oeuvres","tag-par","tag-protegees","tag-public","generate-columns","tablet-grid-50","mobile-grid-100","grid-parent","grid-33"],"yoast_head":"<!-- This site is optimized with the Yoast SEO plugin v24.0 - https:\/\/yoast.com\/wordpress\/plugins\/seo\/ -->\n<title>Ces 1929 \u0153uvres prot\u00e9g\u00e9es par le droit d&#039;auteur entreront dans le domaine public en 2025 | Vie Associative<\/title>\n<meta name=\"robots\" content=\"index, follow, max-snippet:-1, max-image-preview:large, max-video-preview:-1\" \/>\n<link rel=\"canonical\" href=\"https:\/\/vieassociative.be\/actualites\/ces-1929-oeuvres-protegees-par-le-droit-dauteur-entreront-dans-le-domaine-public-en-2025\/\" \/>\n<meta property=\"og:locale\" content=\"fr_FR\" \/>\n<meta property=\"og:type\" content=\"article\" \/>\n<meta property=\"og:title\" content=\"Ces 1929 \u0153uvres prot\u00e9g\u00e9es par le droit d&#039;auteur entreront dans le domaine public en 2025 | Vie Associative\" \/>\n<meta property=\"og:description\" content=\"Popeye, Tintin et \u00ab\u00a0Singin&rsquo; in the Rain\u00a0\u00bb font partie des cr\u00e9ations qui tomberont bient\u00f4t dans le domaine public. M\u00eame si vous n&rsquo;\u00eates pas du genre\" \/>\n<meta property=\"og:url\" content=\"https:\/\/vieassociative.be\/actualites\/ces-1929-oeuvres-protegees-par-le-droit-dauteur-entreront-dans-le-domaine-public-en-2025\/\" \/>\n<meta property=\"og:site_name\" content=\"Vie Associative\" \/>\n<meta property=\"article:published_time\" content=\"2024-12-17T18:17:46+00:00\" \/>\n<meta property=\"og:image\" content=\"https:\/\/vieassociative.be\/actualites\/wp-content\/uploads\/2024\/09\/header_backgroundk-01-e1726694325946.png\" \/>\n\t<meta property=\"og:image:width\" content=\"279\" \/>\n\t<meta property=\"og:image:height\" content=\"92\" \/>\n\t<meta property=\"og:image:type\" content=\"image\/png\" \/>\n<meta name=\"author\" content=\"Julien\" \/>\n<meta name=\"twitter:card\" content=\"summary_large_image\" \/>\n<meta name=\"twitter:label1\" content=\"\u00c9crit par\" \/>\n\t<meta name=\"twitter:data1\" content=\"Julien\" \/>\n\t<meta name=\"twitter:label2\" content=\"Dur\u00e9e de lecture est.\" \/>\n\t<meta name=\"twitter:data2\" content=\"4 minutes\" \/>\n<script type=\"application\/ld+json\" class=\"yoast-schema-graph\">{\"@context\":\"https:\/\/schema.org\",\"@graph\":[{\"@type\":\"Article\",\"@id\":\"https:\/\/vieassociative.be\/actualites\/ces-1929-oeuvres-protegees-par-le-droit-dauteur-entreront-dans-le-domaine-public-en-2025\/#article\",\"isPartOf\":{\"@id\":\"https:\/\/vieassociative.be\/actualites\/ces-1929-oeuvres-protegees-par-le-droit-dauteur-entreront-dans-le-domaine-public-en-2025\/\"},\"author\":{\"name\":\"Julien\",\"@id\":\"https:\/\/vieassociative.be\/actualites\/#\/schema\/person\/b87ac4f82f9d4e7b7cec7395b679edc4\"},\"headline\":\"Ces 1929 \u0153uvres prot\u00e9g\u00e9es par le droit d&rsquo;auteur entreront dans le domaine public en 2025\",\"datePublished\":\"2024-12-17T18:17:46+00:00\",\"dateModified\":\"2024-12-17T18:17:46+00:00\",\"mainEntityOfPage\":{\"@id\":\"https:\/\/vieassociative.be\/actualites\/ces-1929-oeuvres-protegees-par-le-droit-dauteur-entreront-dans-le-domaine-public-en-2025\/\"},\"wordCount\":795,\"publisher\":{\"@id\":\"https:\/\/vieassociative.be\/actualites\/#organization\"},\"image\":{\"@id\":\"https:\/\/vieassociative.be\/actualites\/ces-1929-oeuvres-protegees-par-le-droit-dauteur-entreront-dans-le-domaine-public-en-2025\/#primaryimage\"},\"thumbnailUrl\":\"https:\/\/vieassociative.be\/actualites\/wp-content\/uploads\/2024\/12\/Ces-1929-oeuvres-protegees-par-le-droit-dauteur-entreront-dans.png\",\"keywords\":[\"ces\",\"dans\",\"dauteur\",\"domaine\",\"droit\",\"entreront\",\"\u0153uvres\",\"par\",\"prot\u00e9g\u00e9es\",\"public\"],\"articleSection\":[\"Divertissement\"],\"inLanguage\":\"fr-BE\"},{\"@type\":\"WebPage\",\"@id\":\"https:\/\/vieassociative.be\/actualites\/ces-1929-oeuvres-protegees-par-le-droit-dauteur-entreront-dans-le-domaine-public-en-2025\/\",\"url\":\"https:\/\/vieassociative.be\/actualites\/ces-1929-oeuvres-protegees-par-le-droit-dauteur-entreront-dans-le-domaine-public-en-2025\/\",\"name\":\"Ces 1929 \u0153uvres prot\u00e9g\u00e9es par le droit d'auteur entreront dans le domaine public en 2025 | Vie Associative\",\"isPartOf\":{\"@id\":\"https:\/\/vieassociative.be\/actualites\/#website\"},\"primaryImageOfPage\":{\"@id\":\"https:\/\/vieassociative.be\/actualites\/ces-1929-oeuvres-protegees-par-le-droit-dauteur-entreront-dans-le-domaine-public-en-2025\/#primaryimage\"},\"image\":{\"@id\":\"https:\/\/vieassociative.be\/actualites\/ces-1929-oeuvres-protegees-par-le-droit-dauteur-entreront-dans-le-domaine-public-en-2025\/#primaryimage\"},\"thumbnailUrl\":\"https:\/\/vieassociative.be\/actualites\/wp-content\/uploads\/2024\/12\/Ces-1929-oeuvres-protegees-par-le-droit-dauteur-entreront-dans.png\",\"datePublished\":\"2024-12-17T18:17:46+00:00\",\"dateModified\":\"2024-12-17T18:17:46+00:00\",\"breadcrumb\":{\"@id\":\"https:\/\/vieassociative.be\/actualites\/ces-1929-oeuvres-protegees-par-le-droit-dauteur-entreront-dans-le-domaine-public-en-2025\/#breadcrumb\"},\"inLanguage\":\"fr-BE\",\"potentialAction\":[{\"@type\":\"ReadAction\",\"target\":[\"https:\/\/vieassociative.be\/actualites\/ces-1929-oeuvres-protegees-par-le-droit-dauteur-entreront-dans-le-domaine-public-en-2025\/\"]}]},{\"@type\":\"ImageObject\",\"inLanguage\":\"fr-BE\",\"@id\":\"https:\/\/vieassociative.be\/actualites\/ces-1929-oeuvres-protegees-par-le-droit-dauteur-entreront-dans-le-domaine-public-en-2025\/#primaryimage\",\"url\":\"https:\/\/vieassociative.be\/actualites\/wp-content\/uploads\/2024\/12\/Ces-1929-oeuvres-protegees-par-le-droit-dauteur-entreront-dans.png\",\"contentUrl\":\"https:\/\/vieassociative.be\/actualites\/wp-content\/uploads\/2024\/12\/Ces-1929-oeuvres-protegees-par-le-droit-dauteur-entreront-dans.png\",\"width\":1200,\"height\":675,\"caption\":\"Ces 1929 \u0153uvres prot\u00e9g\u00e9es par le droit d'auteur entreront dans le domaine public en 2025\"},{\"@type\":\"BreadcrumbList\",\"@id\":\"https:\/\/vieassociative.be\/actualites\/ces-1929-oeuvres-protegees-par-le-droit-dauteur-entreront-dans-le-domaine-public-en-2025\/#breadcrumb\",\"itemListElement\":[{\"@type\":\"ListItem\",\"position\":1,\"name\":\"Accueil\",\"item\":\"https:\/\/vieassociative.be\/actualites\/\"},{\"@type\":\"ListItem\",\"position\":2,\"name\":\"Ces 1929 \u0153uvres prot\u00e9g\u00e9es par le droit d&rsquo;auteur entreront dans le domaine public en 2025\"}]},{\"@type\":\"WebSite\",\"@id\":\"https:\/\/vieassociative.be\/actualites\/#website\",\"url\":\"https:\/\/vieassociative.be\/actualites\/\",\"name\":\"Vie Associative\",\"description\":\"\",\"publisher\":{\"@id\":\"https:\/\/vieassociative.be\/actualites\/#organization\"},\"potentialAction\":[{\"@type\":\"SearchAction\",\"target\":{\"@type\":\"EntryPoint\",\"urlTemplate\":\"https:\/\/vieassociative.be\/actualites\/?s={search_term_string}\"},\"query-input\":{\"@type\":\"PropertyValueSpecification\",\"valueRequired\":true,\"valueName\":\"search_term_string\"}}],\"inLanguage\":\"fr-BE\"},{\"@type\":\"Organization\",\"@id\":\"https:\/\/vieassociative.be\/actualites\/#organization\",\"name\":\"Vie Associative\",\"url\":\"https:\/\/vieassociative.be\/actualites\/\",\"logo\":{\"@type\":\"ImageObject\",\"inLanguage\":\"fr-BE\",\"@id\":\"https:\/\/vieassociative.be\/actualites\/#\/schema\/logo\/image\/\",\"url\":\"https:\/\/vieassociative.be\/actualites\/wp-content\/uploads\/2024\/09\/cropped-vieassociative_favicon.ico.png\",\"contentUrl\":\"https:\/\/vieassociative.be\/actualites\/wp-content\/uploads\/2024\/09\/cropped-vieassociative_favicon.ico.png\",\"width\":512,\"height\":512,\"caption\":\"Vie Associative\"},\"image\":{\"@id\":\"https:\/\/vieassociative.be\/actualites\/#\/schema\/logo\/image\/\"}},{\"@type\":\"Person\",\"@id\":\"https:\/\/vieassociative.be\/actualites\/#\/schema\/person\/b87ac4f82f9d4e7b7cec7395b679edc4\",\"name\":\"Julien\",\"image\":{\"@type\":\"ImageObject\",\"inLanguage\":\"fr-BE\",\"@id\":\"https:\/\/vieassociative.be\/actualites\/#\/schema\/person\/image\/\",\"url\":\"https:\/\/vieassociative.be\/actualites\/wp-content\/uploads\/2024\/09\/vie-associative-1-150x150.jpg\",\"contentUrl\":\"https:\/\/vieassociative.be\/actualites\/wp-content\/uploads\/2024\/09\/vie-associative-1-150x150.jpg\",\"caption\":\"Julien\"},\"description\":\"Je suis Julien, r\u00e9dacteur pour Vie Associative. Passionn\u00e9 par le monde associatif depuis plus de 10 ans, j'ai \u00e0 c\u0153ur de partager des histoires inspirantes et de mettre en lumi\u00e8re les initiatives locales. Mon objectif est de sensibiliser et d'encourager l'engagement communautaire \u00e0 travers mes articles.\",\"sameAs\":[\"https:\/\/vieassociative.be\/\"]}]}<\/script>\n<!-- \/ Yoast SEO plugin. -->","yoast_head_json":{"title":"Ces 1929 \u0153uvres prot\u00e9g\u00e9es par le droit d'auteur entreront dans le domaine public en 2025 | Vie Associative","robots":{"index":"index","follow":"follow","max-snippet":"max-snippet:-1","max-image-preview":"max-image-preview:large","max-video-preview":"max-video-preview:-1"},"canonical":"https:\/\/vieassociative.be\/actualites\/ces-1929-oeuvres-protegees-par-le-droit-dauteur-entreront-dans-le-domaine-public-en-2025\/","og_locale":"fr_FR","og_type":"article","og_title":"Ces 1929 \u0153uvres prot\u00e9g\u00e9es par le droit d'auteur entreront dans le domaine public en 2025 | Vie Associative","og_description":"Popeye, Tintin et \u00ab\u00a0Singin&rsquo; in the Rain\u00a0\u00bb font partie des cr\u00e9ations qui tomberont bient\u00f4t dans le domaine public. M\u00eame si vous n&rsquo;\u00eates pas du genre","og_url":"https:\/\/vieassociative.be\/actualites\/ces-1929-oeuvres-protegees-par-le-droit-dauteur-entreront-dans-le-domaine-public-en-2025\/","og_site_name":"Vie Associative","article_published_time":"2024-12-17T18:17:46+00:00","og_image":[{"width":279,"height":92,"url":"https:\/\/vieassociative.be\/actualites\/wp-content\/uploads\/2024\/09\/header_backgroundk-01-e1726694325946.png","type":"image\/png"}],"author":"Julien","twitter_card":"summary_large_image","twitter_misc":{"\u00c9crit par":"Julien","Dur\u00e9e de lecture est.":"4 minutes"},"schema":{"@context":"https:\/\/schema.org","@graph":[{"@type":"Article","@id":"https:\/\/vieassociative.be\/actualites\/ces-1929-oeuvres-protegees-par-le-droit-dauteur-entreront-dans-le-domaine-public-en-2025\/#article","isPartOf":{"@id":"https:\/\/vieassociative.be\/actualites\/ces-1929-oeuvres-protegees-par-le-droit-dauteur-entreront-dans-le-domaine-public-en-2025\/"},"author":{"name":"Julien","@id":"https:\/\/vieassociative.be\/actualites\/#\/schema\/person\/b87ac4f82f9d4e7b7cec7395b679edc4"},"headline":"Ces 1929 \u0153uvres prot\u00e9g\u00e9es par le droit d&rsquo;auteur entreront dans le domaine public en 2025","datePublished":"2024-12-17T18:17:46+00:00","dateModified":"2024-12-17T18:17:46+00:00","mainEntityOfPage":{"@id":"https:\/\/vieassociative.be\/actualites\/ces-1929-oeuvres-protegees-par-le-droit-dauteur-entreront-dans-le-domaine-public-en-2025\/"},"wordCount":795,"publisher":{"@id":"https:\/\/vieassociative.be\/actualites\/#organization"},"image":{"@id":"https:\/\/vieassociative.be\/actualites\/ces-1929-oeuvres-protegees-par-le-droit-dauteur-entreront-dans-le-domaine-public-en-2025\/#primaryimage"},"thumbnailUrl":"https:\/\/vieassociative.be\/actualites\/wp-content\/uploads\/2024\/12\/Ces-1929-oeuvres-protegees-par-le-droit-dauteur-entreront-dans.png","keywords":["ces","dans","dauteur","domaine","droit","entreront","\u0153uvres","par","prot\u00e9g\u00e9es","public"],"articleSection":["Divertissement"],"inLanguage":"fr-BE"},{"@type":"WebPage","@id":"https:\/\/vieassociative.be\/actualites\/ces-1929-oeuvres-protegees-par-le-droit-dauteur-entreront-dans-le-domaine-public-en-2025\/","url":"https:\/\/vieassociative.be\/actualites\/ces-1929-oeuvres-protegees-par-le-droit-dauteur-entreront-dans-le-domaine-public-en-2025\/","name":"Ces 1929 \u0153uvres prot\u00e9g\u00e9es par le droit d'auteur entreront dans le domaine public en 2025 | Vie Associative","isPartOf":{"@id":"https:\/\/vieassociative.be\/actualites\/#website"},"primaryImageOfPage":{"@id":"https:\/\/vieassociative.be\/actualites\/ces-1929-oeuvres-protegees-par-le-droit-dauteur-entreront-dans-le-domaine-public-en-2025\/#primaryimage"},"image":{"@id":"https:\/\/vieassociative.be\/actualites\/ces-1929-oeuvres-protegees-par-le-droit-dauteur-entreront-dans-le-domaine-public-en-2025\/#primaryimage"},"thumbnailUrl":"https:\/\/vieassociative.be\/actualites\/wp-content\/uploads\/2024\/12\/Ces-1929-oeuvres-protegees-par-le-droit-dauteur-entreront-dans.png","datePublished":"2024-12-17T18:17:46+00:00","dateModified":"2024-12-17T18:17:46+00:00","breadcrumb":{"@id":"https:\/\/vieassociative.be\/actualites\/ces-1929-oeuvres-protegees-par-le-droit-dauteur-entreront-dans-le-domaine-public-en-2025\/#breadcrumb"},"inLanguage":"fr-BE","potentialAction":[{"@type":"ReadAction","target":["https:\/\/vieassociative.be\/actualites\/ces-1929-oeuvres-protegees-par-le-droit-dauteur-entreront-dans-le-domaine-public-en-2025\/"]}]},{"@type":"ImageObject","inLanguage":"fr-BE","@id":"https:\/\/vieassociative.be\/actualites\/ces-1929-oeuvres-protegees-par-le-droit-dauteur-entreront-dans-le-domaine-public-en-2025\/#primaryimage","url":"https:\/\/vieassociative.be\/actualites\/wp-content\/uploads\/2024\/12\/Ces-1929-oeuvres-protegees-par-le-droit-dauteur-entreront-dans.png","contentUrl":"https:\/\/vieassociative.be\/actualites\/wp-content\/uploads\/2024\/12\/Ces-1929-oeuvres-protegees-par-le-droit-dauteur-entreront-dans.png","width":1200,"height":675,"caption":"Ces 1929 \u0153uvres prot\u00e9g\u00e9es par le droit d'auteur entreront dans le domaine public en 2025"},{"@type":"BreadcrumbList","@id":"https:\/\/vieassociative.be\/actualites\/ces-1929-oeuvres-protegees-par-le-droit-dauteur-entreront-dans-le-domaine-public-en-2025\/#breadcrumb","itemListElement":[{"@type":"ListItem","position":1,"name":"Accueil","item":"https:\/\/vieassociative.be\/actualites\/"},{"@type":"ListItem","position":2,"name":"Ces 1929 \u0153uvres prot\u00e9g\u00e9es par le droit d&rsquo;auteur entreront dans le domaine public en 2025"}]},{"@type":"WebSite","@id":"https:\/\/vieassociative.be\/actualites\/#website","url":"https:\/\/vieassociative.be\/actualites\/","name":"Vie Associative","description":"","publisher":{"@id":"https:\/\/vieassociative.be\/actualites\/#organization"},"potentialAction":[{"@type":"SearchAction","target":{"@type":"EntryPoint","urlTemplate":"https:\/\/vieassociative.be\/actualites\/?s={search_term_string}"},"query-input":{"@type":"PropertyValueSpecification","valueRequired":true,"valueName":"search_term_string"}}],"inLanguage":"fr-BE"},{"@type":"Organization","@id":"https:\/\/vieassociative.be\/actualites\/#organization","name":"Vie Associative","url":"https:\/\/vieassociative.be\/actualites\/","logo":{"@type":"ImageObject","inLanguage":"fr-BE","@id":"https:\/\/vieassociative.be\/actualites\/#\/schema\/logo\/image\/","url":"https:\/\/vieassociative.be\/actualites\/wp-content\/uploads\/2024\/09\/cropped-vieassociative_favicon.ico.png","contentUrl":"https:\/\/vieassociative.be\/actualites\/wp-content\/uploads\/2024\/09\/cropped-vieassociative_favicon.ico.png","width":512,"height":512,"caption":"Vie Associative"},"image":{"@id":"https:\/\/vieassociative.be\/actualites\/#\/schema\/logo\/image\/"}},{"@type":"Person","@id":"https:\/\/vieassociative.be\/actualites\/#\/schema\/person\/b87ac4f82f9d4e7b7cec7395b679edc4","name":"Julien","image":{"@type":"ImageObject","inLanguage":"fr-BE","@id":"https:\/\/vieassociative.be\/actualites\/#\/schema\/person\/image\/","url":"https:\/\/vieassociative.be\/actualites\/wp-content\/uploads\/2024\/09\/vie-associative-1-150x150.jpg","contentUrl":"https:\/\/vieassociative.be\/actualites\/wp-content\/uploads\/2024\/09\/vie-associative-1-150x150.jpg","caption":"Julien"},"description":"Je suis Julien, r\u00e9dacteur pour Vie Associative. Passionn\u00e9 par le monde associatif depuis plus de 10 ans, j'ai \u00e0 c\u0153ur de partager des histoires inspirantes et de mettre en lumi\u00e8re les initiatives locales. Mon objectif est de sensibiliser et d'encourager l'engagement communautaire \u00e0 travers mes articles.","sameAs":["https:\/\/vieassociative.be\/"]}]}},"_links":{"self":[{"href":"https:\/\/vieassociative.be\/actualites\/wp-json\/wp\/v2\/posts\/3478"}],"collection":[{"href":"https:\/\/vieassociative.be\/actualites\/wp-json\/wp\/v2\/posts"}],"about":[{"href":"https:\/\/vieassociative.be\/actualites\/wp-json\/wp\/v2\/types\/post"}],"author":[{"embeddable":true,"href":"https:\/\/vieassociative.be\/actualites\/wp-json\/wp\/v2\/users\/1"}],"replies":[{"embeddable":true,"href":"https:\/\/vieassociative.be\/actualites\/wp-json\/wp\/v2\/comments?post=3478"}],"version-history":[{"count":0,"href":"https:\/\/vieassociative.be\/actualites\/wp-json\/wp\/v2\/posts\/3478\/revisions"}],"wp:featuredmedia":[{"embeddable":true,"href":"https:\/\/vieassociative.be\/actualites\/wp-json\/wp\/v2\/media\/3479"}],"wp:attachment":[{"href":"https:\/\/vieassociative.be\/actualites\/wp-json\/wp\/v2\/media?parent=3478"}],"wp:term":[{"taxonomy":"category","embeddable":true,"href":"https:\/\/vieassociative.be\/actualites\/wp-json\/wp\/v2\/categories?post=3478"},{"taxonomy":"post_tag","embeddable":true,"href":"https:\/\/vieassociative.be\/actualites\/wp-json\/wp\/v2\/tags?post=3478"}],"curies":[{"name":"wp","href":"https:\/\/api.w.org\/{rel}","templated":true}]}}