{"id":3473,"date":"2024-12-17T14:17:55","date_gmt":"2024-12-17T13:17:55","guid":{"rendered":"https:\/\/vieassociative.be\/actualites\/vous-pouvez-desormais-poser-des-questions-pendant-les-podcasts-ia-de-google\/"},"modified":"2024-12-17T14:17:55","modified_gmt":"2024-12-17T13:17:55","slug":"vous-pouvez-desormais-poser-des-questions-pendant-les-podcasts-ia-de-google","status":"publish","type":"post","link":"https:\/\/vieassociative.be\/actualites\/vous-pouvez-desormais-poser-des-questions-pendant-les-podcasts-ia-de-google\/","title":{"rendered":"Vous pouvez d\u00e9sormais poser des questions pendant les podcasts IA de Google"},"content":{"rendered":"<div class=\"mt-4 leading-6 md:mb-8\">\u00c0 l&rsquo;\u00e9coute de longue date, c&rsquo;est la premi\u00e8re fois que j&rsquo;appelle.<\/div>\n<p><\/p>\n<p>L&rsquo;outil de podcast NotebookLM AI de Google a r\u00e9cemment \u00e9t\u00e9 lanc\u00e9 dans le grand public gr\u00e2ce \u00e0 une collaboration avec Spotify Wrapped, mais apr\u00e8s une r\u00e9cente mise \u00e0 jour, il est soudainement beaucoup plus interactif. D\u00e9sormais, au lieu de simplement vous asseoir et d\u2019\u00e9couter, vous pouvez r\u00e9ellement participer \u00e0 la conversation. <\/p>\n<p>Selon Google, les utilisateurs de NotebookLM ont d\u00e9j\u00e0 g\u00e9n\u00e9r\u00e9 \u00ab plus de 350 ans d\u2019aper\u00e7us audio \u00bb, qui prennent essentiellement les documents t\u00e9l\u00e9charg\u00e9s et les transforment en conversations bidirectionnelles h\u00e9berg\u00e9es par l\u2019IA pour les rendre plus faciles \u00e0 dig\u00e9rer. L&rsquo;id\u00e9e est que vous pourriez soumettre un livre blanc de recherche de 50 pages, par exemple, et que le podcast vous donnerait une analyse rapide que vous pourriez \u00e9couter tout en faisant autre chose.<\/p>\n<p>C&rsquo;est peut-\u00eatre parce que Google utilise les m\u00eames voix pour chaque aper\u00e7u audio, mais d&rsquo;apr\u00e8s mon exp\u00e9rience, elles ressemblent g\u00e9n\u00e9ralement \u00e9trangement \u00e0 un v\u00e9ritable va-et-vient, voire sans une certaine rigidit\u00e9 ou raideur robotique. Cela dit, pour un outil cens\u00e9 faciliter la compr\u00e9hension de sujets complexes, il ne donnait jusqu&rsquo;\u00e0 pr\u00e9sent que peu de contr\u00f4le aux utilisateurs sur la fa\u00e7on de guider ses conversations avec l&rsquo;IA.<\/p>\n<p>Dans le cadre d&rsquo;une mise \u00e0 jour plus vaste qui r\u00e9vise l&rsquo;interface utilisateur et ajoute des fonctionnalit\u00e9s suppl\u00e9mentaires pour les entreprises clientes, Google vous permet \u00e9galement d\u00e9sormais de participer aux podcasts IA. La fonctionnalit\u00e9, appel\u00e9e Rejoindre, ne vous permettra pas de converser directement avec vos h\u00f4tes IA, mais plut\u00f4t d&rsquo;interrompre le podcast pour poser une question et diriger la conversation. Par exemple, si vous \u00e9coutez un r\u00e9capitulatif des dates importantes de l&rsquo;histoire am\u00e9ricaine, mais que vos h\u00f4tes sont distraits par les oiseaux d&rsquo;\u00c9tat, vous pouvez les arr\u00eater pour les remettre sur la bonne voie. Alternativement, vous pouvez simplement leur demander d&rsquo;approfondir un sujet particulier ou de r\u00e9it\u00e9rer quelque chose qu&rsquo;ils ont d\u00e9j\u00e0 abord\u00e9.<\/p>\n<p>La fonctionnalit\u00e9 est actuellement d\u00e9ploy\u00e9e en version b\u00eata et, malheureusement, je ne l&rsquo;ai pas encore mise la main. Si vous avez plus de chance que moi, Google indique que vous pouvez l&rsquo;essayer en suivant les \u00e9tapes suivantes\u00a0:<\/p>\n<blockquote>\n<ul>\n<li>\n<p>Cr\u00e9er un nouvel aper\u00e7u audio<\/p>\n<\/li>\n<li>\n<p>Appuyez sur le nouveau bouton du mode interactif (BETA) et appuyez sur Play.<\/p>\n<\/li>\n<li>\n<p>Pendant l&rsquo;\u00e9coute, appuyez sur \u00ab Rejoindre \u00bb. Un h\u00f4te vous appellera.<\/p>\n<\/li>\n<li>\n<p>Posez votre question !<\/p>\n<\/li>\n<\/ul>\n<\/blockquote>\n<p>La soci\u00e9t\u00e9 a publi\u00e9 un exemple de la fonctionnalit\u00e9 en action, et il semble que vous deviez cliquer sur \u00ab Rejoindre \u00bb pour chaque question que vous vous posez. Il semble vraiment que Google opte ici pour un format de questions-r\u00e9ponses plut\u00f4t que de vous traiter comme un troisi\u00e8me h\u00f4te.<\/p>\n<div class=\"mx-auto mt-8 w-full max-w-4xl\">\n<div id=\"video-container-SE753Tm913s\"><\/div>\n<\/div>\n<p>Le r\u00e9sultat me rappelle un peu Gemini Live, qui vous permet \u00e9galement de parler \u00e0 l&rsquo;IA de Google en temps r\u00e9el, mais qui pr\u00e9sente quelques bizarreries en termes de pr\u00e9cision ou de compr\u00e9hension lorsque j&rsquo;ai essay\u00e9 de l&rsquo;utiliser dans le pass\u00e9. Il est donc logique que Google r\u00e9p\u00e8te que la fonctionnalit\u00e9 Rejoindre est \u00ab exp\u00e9rimentale \u00bb et que les h\u00f4tes peuvent \u00ab faire une pause maladroite avant de r\u00e9pondre et peuvent occasionnellement introduire des inexactitudes \u00bb. De plus, la fonctionnalit\u00e9 ne fonctionnera que pour les nouveaux podcasts, alors ne vous attendez pas \u00e0 r\u00e9inventer soudainement les conversations que vous avez d\u00e9j\u00e0 g\u00e9n\u00e9r\u00e9es.<\/p>\n<p><script async src=\"\/\/www.tiktok.com\/embed.js\"><\/script><\/p>\n","protected":false},"excerpt":{"rendered":"<p>\u00c0 l&rsquo;\u00e9coute de longue date, c&rsquo;est la premi\u00e8re fois que j&rsquo;appelle. L&rsquo;outil de podcast NotebookLM AI de Google a r\u00e9cemment \u00e9t\u00e9 lanc\u00e9 dans le grand<\/p>\n","protected":false},"author":1,"featured_media":3474,"comment_status":"","ping_status":"","sticky":false,"template":"","format":"standard","meta":{"footnotes":""},"categories":[13],"tags":[29,6,968,14,198,158,482,5,481,4],"class_list":["post-3473","post","type-post","status-publish","format-standard","has-post-thumbnail","hentry","category-technologie","tag-des","tag-desormais","tag-google","tag-les","tag-pendant","tag-podcasts","tag-poser","tag-pouvez","tag-questions","tag-vous","generate-columns","tablet-grid-50","mobile-grid-100","grid-parent","grid-33"],"yoast_head":"<!-- This site is optimized with the Yoast SEO plugin v24.0 - https:\/\/yoast.com\/wordpress\/plugins\/seo\/ -->\n<title>Vous pouvez d\u00e9sormais poser des questions pendant les podcasts IA de Google | Vie Associative<\/title>\n<meta name=\"robots\" content=\"index, follow, max-snippet:-1, max-image-preview:large, max-video-preview:-1\" \/>\n<link rel=\"canonical\" href=\"https:\/\/vieassociative.be\/actualites\/vous-pouvez-desormais-poser-des-questions-pendant-les-podcasts-ia-de-google\/\" \/>\n<meta property=\"og:locale\" content=\"fr_FR\" \/>\n<meta property=\"og:type\" content=\"article\" \/>\n<meta property=\"og:title\" content=\"Vous pouvez d\u00e9sormais poser des questions pendant les podcasts IA de Google | Vie Associative\" \/>\n<meta property=\"og:description\" content=\"\u00c0 l&rsquo;\u00e9coute de longue date, c&rsquo;est la premi\u00e8re fois que j&rsquo;appelle. L&rsquo;outil de podcast NotebookLM AI de Google a r\u00e9cemment \u00e9t\u00e9 lanc\u00e9 dans le grand\" \/>\n<meta property=\"og:url\" content=\"https:\/\/vieassociative.be\/actualites\/vous-pouvez-desormais-poser-des-questions-pendant-les-podcasts-ia-de-google\/\" \/>\n<meta property=\"og:site_name\" content=\"Vie Associative\" \/>\n<meta property=\"article:published_time\" content=\"2024-12-17T13:17:55+00:00\" \/>\n<meta property=\"og:image\" content=\"https:\/\/vieassociative.be\/actualites\/wp-content\/uploads\/2024\/09\/header_backgroundk-01-e1726694325946.png\" \/>\n\t<meta property=\"og:image:width\" content=\"279\" \/>\n\t<meta property=\"og:image:height\" content=\"92\" \/>\n\t<meta property=\"og:image:type\" content=\"image\/png\" \/>\n<meta name=\"author\" content=\"Julien\" \/>\n<meta name=\"twitter:card\" content=\"summary_large_image\" \/>\n<meta name=\"twitter:label1\" content=\"\u00c9crit par\" \/>\n\t<meta name=\"twitter:data1\" content=\"Julien\" \/>\n\t<meta name=\"twitter:label2\" content=\"Dur\u00e9e de lecture est.\" \/>\n\t<meta name=\"twitter:data2\" content=\"3 minutes\" \/>\n<script type=\"application\/ld+json\" class=\"yoast-schema-graph\">{\"@context\":\"https:\/\/schema.org\",\"@graph\":[{\"@type\":\"Article\",\"@id\":\"https:\/\/vieassociative.be\/actualites\/vous-pouvez-desormais-poser-des-questions-pendant-les-podcasts-ia-de-google\/#article\",\"isPartOf\":{\"@id\":\"https:\/\/vieassociative.be\/actualites\/vous-pouvez-desormais-poser-des-questions-pendant-les-podcasts-ia-de-google\/\"},\"author\":{\"name\":\"Julien\",\"@id\":\"https:\/\/vieassociative.be\/actualites\/#\/schema\/person\/b87ac4f82f9d4e7b7cec7395b679edc4\"},\"headline\":\"Vous pouvez d\u00e9sormais poser des questions pendant les podcasts IA de Google\",\"datePublished\":\"2024-12-17T13:17:55+00:00\",\"dateModified\":\"2024-12-17T13:17:55+00:00\",\"mainEntityOfPage\":{\"@id\":\"https:\/\/vieassociative.be\/actualites\/vous-pouvez-desormais-poser-des-questions-pendant-les-podcasts-ia-de-google\/\"},\"wordCount\":620,\"publisher\":{\"@id\":\"https:\/\/vieassociative.be\/actualites\/#organization\"},\"image\":{\"@id\":\"https:\/\/vieassociative.be\/actualites\/vous-pouvez-desormais-poser-des-questions-pendant-les-podcasts-ia-de-google\/#primaryimage\"},\"thumbnailUrl\":\"https:\/\/vieassociative.be\/actualites\/wp-content\/uploads\/2024\/12\/Vous-pouvez-desormais-poser-des-questions-pendant-les-podcasts-IA.webp.webp\",\"keywords\":[\"Des\",\"d\u00e9sormais\",\"Google\",\"Les\",\"pendant\",\"podcasts\",\"poser\",\"pouvez\",\"questions\",\"Vous\"],\"articleSection\":[\"Technologie\"],\"inLanguage\":\"fr-BE\"},{\"@type\":\"WebPage\",\"@id\":\"https:\/\/vieassociative.be\/actualites\/vous-pouvez-desormais-poser-des-questions-pendant-les-podcasts-ia-de-google\/\",\"url\":\"https:\/\/vieassociative.be\/actualites\/vous-pouvez-desormais-poser-des-questions-pendant-les-podcasts-ia-de-google\/\",\"name\":\"Vous pouvez d\u00e9sormais poser des questions pendant les podcasts IA de Google | Vie Associative\",\"isPartOf\":{\"@id\":\"https:\/\/vieassociative.be\/actualites\/#website\"},\"primaryImageOfPage\":{\"@id\":\"https:\/\/vieassociative.be\/actualites\/vous-pouvez-desormais-poser-des-questions-pendant-les-podcasts-ia-de-google\/#primaryimage\"},\"image\":{\"@id\":\"https:\/\/vieassociative.be\/actualites\/vous-pouvez-desormais-poser-des-questions-pendant-les-podcasts-ia-de-google\/#primaryimage\"},\"thumbnailUrl\":\"https:\/\/vieassociative.be\/actualites\/wp-content\/uploads\/2024\/12\/Vous-pouvez-desormais-poser-des-questions-pendant-les-podcasts-IA.webp.webp\",\"datePublished\":\"2024-12-17T13:17:55+00:00\",\"dateModified\":\"2024-12-17T13:17:55+00:00\",\"breadcrumb\":{\"@id\":\"https:\/\/vieassociative.be\/actualites\/vous-pouvez-desormais-poser-des-questions-pendant-les-podcasts-ia-de-google\/#breadcrumb\"},\"inLanguage\":\"fr-BE\",\"potentialAction\":[{\"@type\":\"ReadAction\",\"target\":[\"https:\/\/vieassociative.be\/actualites\/vous-pouvez-desormais-poser-des-questions-pendant-les-podcasts-ia-de-google\/\"]}]},{\"@type\":\"ImageObject\",\"inLanguage\":\"fr-BE\",\"@id\":\"https:\/\/vieassociative.be\/actualites\/vous-pouvez-desormais-poser-des-questions-pendant-les-podcasts-ia-de-google\/#primaryimage\",\"url\":\"https:\/\/vieassociative.be\/actualites\/wp-content\/uploads\/2024\/12\/Vous-pouvez-desormais-poser-des-questions-pendant-les-podcasts-IA.webp.webp\",\"contentUrl\":\"https:\/\/vieassociative.be\/actualites\/wp-content\/uploads\/2024\/12\/Vous-pouvez-desormais-poser-des-questions-pendant-les-podcasts-IA.webp.webp\",\"width\":1200,\"height\":675,\"caption\":\"Vous pouvez d\u00e9sormais poser des questions pendant les podcasts IA de Google\"},{\"@type\":\"BreadcrumbList\",\"@id\":\"https:\/\/vieassociative.be\/actualites\/vous-pouvez-desormais-poser-des-questions-pendant-les-podcasts-ia-de-google\/#breadcrumb\",\"itemListElement\":[{\"@type\":\"ListItem\",\"position\":1,\"name\":\"Accueil\",\"item\":\"https:\/\/vieassociative.be\/actualites\/\"},{\"@type\":\"ListItem\",\"position\":2,\"name\":\"Vous pouvez d\u00e9sormais poser des questions pendant les podcasts IA de Google\"}]},{\"@type\":\"WebSite\",\"@id\":\"https:\/\/vieassociative.be\/actualites\/#website\",\"url\":\"https:\/\/vieassociative.be\/actualites\/\",\"name\":\"Vie Associative\",\"description\":\"\",\"publisher\":{\"@id\":\"https:\/\/vieassociative.be\/actualites\/#organization\"},\"potentialAction\":[{\"@type\":\"SearchAction\",\"target\":{\"@type\":\"EntryPoint\",\"urlTemplate\":\"https:\/\/vieassociative.be\/actualites\/?s={search_term_string}\"},\"query-input\":{\"@type\":\"PropertyValueSpecification\",\"valueRequired\":true,\"valueName\":\"search_term_string\"}}],\"inLanguage\":\"fr-BE\"},{\"@type\":\"Organization\",\"@id\":\"https:\/\/vieassociative.be\/actualites\/#organization\",\"name\":\"Vie Associative\",\"url\":\"https:\/\/vieassociative.be\/actualites\/\",\"logo\":{\"@type\":\"ImageObject\",\"inLanguage\":\"fr-BE\",\"@id\":\"https:\/\/vieassociative.be\/actualites\/#\/schema\/logo\/image\/\",\"url\":\"https:\/\/vieassociative.be\/actualites\/wp-content\/uploads\/2024\/09\/cropped-vieassociative_favicon.ico.png\",\"contentUrl\":\"https:\/\/vieassociative.be\/actualites\/wp-content\/uploads\/2024\/09\/cropped-vieassociative_favicon.ico.png\",\"width\":512,\"height\":512,\"caption\":\"Vie Associative\"},\"image\":{\"@id\":\"https:\/\/vieassociative.be\/actualites\/#\/schema\/logo\/image\/\"}},{\"@type\":\"Person\",\"@id\":\"https:\/\/vieassociative.be\/actualites\/#\/schema\/person\/b87ac4f82f9d4e7b7cec7395b679edc4\",\"name\":\"Julien\",\"image\":{\"@type\":\"ImageObject\",\"inLanguage\":\"fr-BE\",\"@id\":\"https:\/\/vieassociative.be\/actualites\/#\/schema\/person\/image\/\",\"url\":\"https:\/\/vieassociative.be\/actualites\/wp-content\/uploads\/2024\/09\/vie-associative-1-150x150.jpg\",\"contentUrl\":\"https:\/\/vieassociative.be\/actualites\/wp-content\/uploads\/2024\/09\/vie-associative-1-150x150.jpg\",\"caption\":\"Julien\"},\"description\":\"Je suis Julien, r\u00e9dacteur pour Vie Associative. Passionn\u00e9 par le monde associatif depuis plus de 10 ans, j'ai \u00e0 c\u0153ur de partager des histoires inspirantes et de mettre en lumi\u00e8re les initiatives locales. Mon objectif est de sensibiliser et d'encourager l'engagement communautaire \u00e0 travers mes articles.\",\"sameAs\":[\"https:\/\/vieassociative.be\/\"]}]}<\/script>\n<!-- \/ Yoast SEO plugin. -->","yoast_head_json":{"title":"Vous pouvez d\u00e9sormais poser des questions pendant les podcasts IA de Google | Vie Associative","robots":{"index":"index","follow":"follow","max-snippet":"max-snippet:-1","max-image-preview":"max-image-preview:large","max-video-preview":"max-video-preview:-1"},"canonical":"https:\/\/vieassociative.be\/actualites\/vous-pouvez-desormais-poser-des-questions-pendant-les-podcasts-ia-de-google\/","og_locale":"fr_FR","og_type":"article","og_title":"Vous pouvez d\u00e9sormais poser des questions pendant les podcasts IA de Google | Vie Associative","og_description":"\u00c0 l&rsquo;\u00e9coute de longue date, c&rsquo;est la premi\u00e8re fois que j&rsquo;appelle. L&rsquo;outil de podcast NotebookLM AI de Google a r\u00e9cemment \u00e9t\u00e9 lanc\u00e9 dans le grand","og_url":"https:\/\/vieassociative.be\/actualites\/vous-pouvez-desormais-poser-des-questions-pendant-les-podcasts-ia-de-google\/","og_site_name":"Vie Associative","article_published_time":"2024-12-17T13:17:55+00:00","og_image":[{"width":279,"height":92,"url":"https:\/\/vieassociative.be\/actualites\/wp-content\/uploads\/2024\/09\/header_backgroundk-01-e1726694325946.png","type":"image\/png"}],"author":"Julien","twitter_card":"summary_large_image","twitter_misc":{"\u00c9crit par":"Julien","Dur\u00e9e de lecture est.":"3 minutes"},"schema":{"@context":"https:\/\/schema.org","@graph":[{"@type":"Article","@id":"https:\/\/vieassociative.be\/actualites\/vous-pouvez-desormais-poser-des-questions-pendant-les-podcasts-ia-de-google\/#article","isPartOf":{"@id":"https:\/\/vieassociative.be\/actualites\/vous-pouvez-desormais-poser-des-questions-pendant-les-podcasts-ia-de-google\/"},"author":{"name":"Julien","@id":"https:\/\/vieassociative.be\/actualites\/#\/schema\/person\/b87ac4f82f9d4e7b7cec7395b679edc4"},"headline":"Vous pouvez d\u00e9sormais poser des questions pendant les podcasts IA de Google","datePublished":"2024-12-17T13:17:55+00:00","dateModified":"2024-12-17T13:17:55+00:00","mainEntityOfPage":{"@id":"https:\/\/vieassociative.be\/actualites\/vous-pouvez-desormais-poser-des-questions-pendant-les-podcasts-ia-de-google\/"},"wordCount":620,"publisher":{"@id":"https:\/\/vieassociative.be\/actualites\/#organization"},"image":{"@id":"https:\/\/vieassociative.be\/actualites\/vous-pouvez-desormais-poser-des-questions-pendant-les-podcasts-ia-de-google\/#primaryimage"},"thumbnailUrl":"https:\/\/vieassociative.be\/actualites\/wp-content\/uploads\/2024\/12\/Vous-pouvez-desormais-poser-des-questions-pendant-les-podcasts-IA.webp.webp","keywords":["Des","d\u00e9sormais","Google","Les","pendant","podcasts","poser","pouvez","questions","Vous"],"articleSection":["Technologie"],"inLanguage":"fr-BE"},{"@type":"WebPage","@id":"https:\/\/vieassociative.be\/actualites\/vous-pouvez-desormais-poser-des-questions-pendant-les-podcasts-ia-de-google\/","url":"https:\/\/vieassociative.be\/actualites\/vous-pouvez-desormais-poser-des-questions-pendant-les-podcasts-ia-de-google\/","name":"Vous pouvez d\u00e9sormais poser des questions pendant les podcasts IA de Google | Vie Associative","isPartOf":{"@id":"https:\/\/vieassociative.be\/actualites\/#website"},"primaryImageOfPage":{"@id":"https:\/\/vieassociative.be\/actualites\/vous-pouvez-desormais-poser-des-questions-pendant-les-podcasts-ia-de-google\/#primaryimage"},"image":{"@id":"https:\/\/vieassociative.be\/actualites\/vous-pouvez-desormais-poser-des-questions-pendant-les-podcasts-ia-de-google\/#primaryimage"},"thumbnailUrl":"https:\/\/vieassociative.be\/actualites\/wp-content\/uploads\/2024\/12\/Vous-pouvez-desormais-poser-des-questions-pendant-les-podcasts-IA.webp.webp","datePublished":"2024-12-17T13:17:55+00:00","dateModified":"2024-12-17T13:17:55+00:00","breadcrumb":{"@id":"https:\/\/vieassociative.be\/actualites\/vous-pouvez-desormais-poser-des-questions-pendant-les-podcasts-ia-de-google\/#breadcrumb"},"inLanguage":"fr-BE","potentialAction":[{"@type":"ReadAction","target":["https:\/\/vieassociative.be\/actualites\/vous-pouvez-desormais-poser-des-questions-pendant-les-podcasts-ia-de-google\/"]}]},{"@type":"ImageObject","inLanguage":"fr-BE","@id":"https:\/\/vieassociative.be\/actualites\/vous-pouvez-desormais-poser-des-questions-pendant-les-podcasts-ia-de-google\/#primaryimage","url":"https:\/\/vieassociative.be\/actualites\/wp-content\/uploads\/2024\/12\/Vous-pouvez-desormais-poser-des-questions-pendant-les-podcasts-IA.webp.webp","contentUrl":"https:\/\/vieassociative.be\/actualites\/wp-content\/uploads\/2024\/12\/Vous-pouvez-desormais-poser-des-questions-pendant-les-podcasts-IA.webp.webp","width":1200,"height":675,"caption":"Vous pouvez d\u00e9sormais poser des questions pendant les podcasts IA de Google"},{"@type":"BreadcrumbList","@id":"https:\/\/vieassociative.be\/actualites\/vous-pouvez-desormais-poser-des-questions-pendant-les-podcasts-ia-de-google\/#breadcrumb","itemListElement":[{"@type":"ListItem","position":1,"name":"Accueil","item":"https:\/\/vieassociative.be\/actualites\/"},{"@type":"ListItem","position":2,"name":"Vous pouvez d\u00e9sormais poser des questions pendant les podcasts IA de Google"}]},{"@type":"WebSite","@id":"https:\/\/vieassociative.be\/actualites\/#website","url":"https:\/\/vieassociative.be\/actualites\/","name":"Vie Associative","description":"","publisher":{"@id":"https:\/\/vieassociative.be\/actualites\/#organization"},"potentialAction":[{"@type":"SearchAction","target":{"@type":"EntryPoint","urlTemplate":"https:\/\/vieassociative.be\/actualites\/?s={search_term_string}"},"query-input":{"@type":"PropertyValueSpecification","valueRequired":true,"valueName":"search_term_string"}}],"inLanguage":"fr-BE"},{"@type":"Organization","@id":"https:\/\/vieassociative.be\/actualites\/#organization","name":"Vie Associative","url":"https:\/\/vieassociative.be\/actualites\/","logo":{"@type":"ImageObject","inLanguage":"fr-BE","@id":"https:\/\/vieassociative.be\/actualites\/#\/schema\/logo\/image\/","url":"https:\/\/vieassociative.be\/actualites\/wp-content\/uploads\/2024\/09\/cropped-vieassociative_favicon.ico.png","contentUrl":"https:\/\/vieassociative.be\/actualites\/wp-content\/uploads\/2024\/09\/cropped-vieassociative_favicon.ico.png","width":512,"height":512,"caption":"Vie Associative"},"image":{"@id":"https:\/\/vieassociative.be\/actualites\/#\/schema\/logo\/image\/"}},{"@type":"Person","@id":"https:\/\/vieassociative.be\/actualites\/#\/schema\/person\/b87ac4f82f9d4e7b7cec7395b679edc4","name":"Julien","image":{"@type":"ImageObject","inLanguage":"fr-BE","@id":"https:\/\/vieassociative.be\/actualites\/#\/schema\/person\/image\/","url":"https:\/\/vieassociative.be\/actualites\/wp-content\/uploads\/2024\/09\/vie-associative-1-150x150.jpg","contentUrl":"https:\/\/vieassociative.be\/actualites\/wp-content\/uploads\/2024\/09\/vie-associative-1-150x150.jpg","caption":"Julien"},"description":"Je suis Julien, r\u00e9dacteur pour Vie Associative. Passionn\u00e9 par le monde associatif depuis plus de 10 ans, j'ai \u00e0 c\u0153ur de partager des histoires inspirantes et de mettre en lumi\u00e8re les initiatives locales. Mon objectif est de sensibiliser et d'encourager l'engagement communautaire \u00e0 travers mes articles.","sameAs":["https:\/\/vieassociative.be\/"]}]}},"_links":{"self":[{"href":"https:\/\/vieassociative.be\/actualites\/wp-json\/wp\/v2\/posts\/3473"}],"collection":[{"href":"https:\/\/vieassociative.be\/actualites\/wp-json\/wp\/v2\/posts"}],"about":[{"href":"https:\/\/vieassociative.be\/actualites\/wp-json\/wp\/v2\/types\/post"}],"author":[{"embeddable":true,"href":"https:\/\/vieassociative.be\/actualites\/wp-json\/wp\/v2\/users\/1"}],"replies":[{"embeddable":true,"href":"https:\/\/vieassociative.be\/actualites\/wp-json\/wp\/v2\/comments?post=3473"}],"version-history":[{"count":0,"href":"https:\/\/vieassociative.be\/actualites\/wp-json\/wp\/v2\/posts\/3473\/revisions"}],"wp:featuredmedia":[{"embeddable":true,"href":"https:\/\/vieassociative.be\/actualites\/wp-json\/wp\/v2\/media\/3474"}],"wp:attachment":[{"href":"https:\/\/vieassociative.be\/actualites\/wp-json\/wp\/v2\/media?parent=3473"}],"wp:term":[{"taxonomy":"category","embeddable":true,"href":"https:\/\/vieassociative.be\/actualites\/wp-json\/wp\/v2\/categories?post=3473"},{"taxonomy":"post_tag","embeddable":true,"href":"https:\/\/vieassociative.be\/actualites\/wp-json\/wp\/v2\/tags?post=3473"}],"curies":[{"name":"wp","href":"https:\/\/api.w.org\/{rel}","templated":true}]}}