{"id":3466,"date":"2024-12-17T09:19:09","date_gmt":"2024-12-17T08:19:09","guid":{"rendered":"https:\/\/vieassociative.be\/actualites\/pendant-que-lallemagne-se-plaint-dune-croissance-faible-ca-va-bien-en-grece\/"},"modified":"2024-12-17T09:19:09","modified_gmt":"2024-12-17T08:19:09","slug":"pendant-que-lallemagne-se-plaint-dune-croissance-faible-ca-va-bien-en-grece","status":"publish","type":"post","link":"https:\/\/vieassociative.be\/actualites\/pendant-que-lallemagne-se-plaint-dune-croissance-faible-ca-va-bien-en-grece\/","title":{"rendered":"Pendant que l&rsquo;Allemagne se plaint d&rsquo;une croissance faible, \u00e7a va bien&#8230; en Gr\u00e8ce"},"content":{"rendered":"<p><strong>Ce retour est d\u2019autant plus remarquable que la Gr\u00e8ce a \u00e9t\u00e9 plusieurs fois au bord de la faillite lors de la crise de la dette des ann\u00e9es 2010. C&rsquo;est possible gr\u00e2ce \u00e0 la croissance et aux succ\u00e8s dans la lutte contre l&rsquo;\u00e9vasion fiscale : la Gr\u00e8ce est toujours lourdement endett\u00e9e, mais l&rsquo;ancien candidat \u00e0 la faillite fait de grands progr\u00e8s.<\/strong><\/p>\n<p><span id=\"more-404209\"><\/span>Il y a dix ans, la Gr\u00e8ce \u00e9tait humili\u00e9e par d\u2019autres pays de l\u2019UE, notamment par l\u2019Allemagne. Aujourd\u2019hui, la Gr\u00e8ce est en avance sur de nombreux autres pays de l\u2019UE. Alors que la moyenne europ\u00e9enne est de 0,9 pour cent de croissance, la Commission europ\u00e9enne s&rsquo;attend \u00e0 ce que la Gr\u00e8ce connaisse une croissance de 2,3 pour cent en 2025, apr\u00e8s 2,1 pour cent cette ann\u00e9e. L&rsquo;ambiance ne pourrait gu\u00e8re \u00eatre meilleure.<\/p>\n<p>Vous souvenez-vous encore des r\u00e9primandes du gouvernement grec par le gouvernement allemand Merkel, notamment par son ministre des Finances Wolfgang Sch\u00e4uble ?<\/p>\n<div id=\"attachment_371694\" class=\"wp-caption alignleft\" style=\"max-width: 300px\"><img fetchpriority=\"high\" decoding=\"async\" class=\"wp-image-371694 size-medium\" src=\"https:\/\/vieassociative.be\/actualites\/wp-content\/uploads\/2024\/12\/Pendant-que-lAllemagne-se-plaint-dune-croissance-faible-ca-va.jpg\" alt=\"\" width=\"300\" height=\"226\"><\/p>\n<p class=\"wp-caption-text\">11 f\u00e9vrier 2015, Belgique, Bruxelles : le ministre des Finances de l&rsquo;\u00e9poque Wolfgang Sch\u00e4uble (CDU, l) et le ministre grec des Finances Yanis Varoufakis se saluent avant le d\u00e9but d&rsquo;une r\u00e9union. Photo : Olivier Hoslet\/EPA\/dpa<\/p>\n<\/div>\n<p>Les disputes que Sch\u00e4uble a eues avec son homologue grec de l\u2019\u00e9poque, Yanis Varoufakis, au plus fort de la crise grecque en 2015, sont l\u00e9gendaires. \u00c0 cette \u00e9poque, Sch\u00e4uble avait m\u00eame \u00e9voqu\u00e9 un Grexit temporaire.<\/p>\n<p>Le budget a \u00e9t\u00e9 adopt\u00e9 dimanche soir par le Parlement \u00e0 Ath\u00e8nes. Le ministre des Finances Kostis Hatzidakis s&rsquo;attendait initialement \u00e0 un exc\u00e9dent budg\u00e9taire de 6,1 milliards d&rsquo;euros dans son projet de budget. Aujourd\u2019hui, c\u2019est 13,5 milliards. C\u2019est certainement parce que Hatzidakis \u00e9tait \u00e9conome, estiment les experts financiers grecs. Mais il y a d\u2019autres raisons importantes \u00e0 cette aubaine.<\/p>\n<p><strong>\u2013 Lutte contre la fraude fiscale :<\/strong> D\u2019une part, la lutte acharn\u00e9e contre l\u2019\u00e9vasion fiscale porte ses fruits. La digitalisation du fisc a permis, entre autres, de r\u00e9duire la fraude \u00e0 la TVA, par exemple via le travail dissimul\u00e9. Les pertes qui en ont r\u00e9sult\u00e9 ont \u00e9t\u00e9 r\u00e9duites de moiti\u00e9 \u00e0 3,2 milliards d&rsquo;euros au cours des cinq derni\u00e8res ann\u00e9es. De plus, le gouvernement conservateur continue de privatiser. En 2024, cela devrait rapporter 5,8 milliards d\u2019euros ; l\u2019\u00c9tat \u00e0 lui seul a r\u00e9colt\u00e9 3,3 milliards d\u2019euros gr\u00e2ce \u00e0 la concession de l\u2019autoroute urbaine d\u2019Ath\u00e8nes.<\/p>\n<p><strong>\u2013 Vacanciers et investisseurs :<\/strong> Cela n\u2019est pas uniquement d\u00fb \u00e0 l\u2019essor du tourisme. Le gouvernement a plut\u00f4t r\u00e9ussi \u00e0 regagner la confiance des march\u00e9s. Les agences de notation internationales estiment que le pays m\u00e9rite \u00e0 nouveau d&rsquo;\u00eatre investi. Microsoft, Google et Pfizer se sont install\u00e9s en Gr\u00e8ce ces derni\u00e8res ann\u00e9es, et des soci\u00e9t\u00e9s allemandes telles que Fraport, RWE, Boehringer Ingelheim et Teamviewer sont \u00e9galement actives en Gr\u00e8ce.<\/p>\n<div id=\"attachment_185456\" class=\"wp-caption alignleft\" style=\"max-width: 300px\"><img decoding=\"async\" class=\"wp-image-185456 size-medium\" src=\"https:\/\/vieassociative.be\/actualites\/wp-content\/uploads\/2024\/12\/Pendant-que-lAllemagne-se-plaint-dune-croissance-faible-ca-va.jpeg\" alt=\"\" width=\"300\" height=\"200\"  ><\/p>\n<p class=\"wp-caption-text\">30 juin 2015, Gr\u00e8ce, Ath\u00e8nes : un faux billet de dix euros colle au front d&rsquo;un homme lors d&rsquo;une manifestation devant le Parlement grec. Photo : Socrate Baltagiannis\/dpa<\/p>\n<\/div>\n<p>Malgr\u00e9 la bonne \u00e9volution, Mitsotakis pr\u00e9vient de garder le ballon \u00e0 plat. La raison en est la pauvret\u00e9 relative persistante des Grecs, dont les retraites et les salaires ont \u00e9t\u00e9 r\u00e9duits lors de la crise financi\u00e8re du pays de 2010 \u00e0 2018.<\/p>\n<p><strong>\u2013 Les revenus augmentent :<\/strong> La reprise ne touche que lentement la population, m\u00eame si le gouvernement a l\u00e9g\u00e8rement augment\u00e9 \u00e0 plusieurs reprises les retraites et le salaire minimum. Une augmentation des retraites de 2,4 pour cent est pr\u00e9vue pour l&rsquo;ann\u00e9e \u00e0 venir et le salaire minimum de 830 euros par mois devrait augmenter progressivement jusqu&rsquo;\u00e0 950 euros d&rsquo;ici 2027. Et \u00e0 l\u2019avenir, les salari\u00e9s et les employeurs devront chacun payer 0,5 point de pourcentage de cotisations sociales en moins. Ces mesures, ainsi que d\u2019autres, visent \u00e0 aider les gens \u00e0 se remettre sur pied.<\/p>\n<p>Le ch\u00f4mage devrait tomber \u00e0 moins de 10 pour cent l\u2019ann\u00e9e prochaine \u2013 apr\u00e8s plus de 40 pour cent au plus fort de la crise. Le pays est \u00e9galement exemplaire en mati\u00e8re de service de sa dette : les pr\u00eats aux cr\u00e9anciers internationaux sont en cours de remboursement et Ath\u00e8nes a m\u00eame rembours\u00e9 plus t\u00f4t que pr\u00e9vu le pr\u00eat de crise du Fonds mon\u00e9taire international (FMI). Le taux d\u2019endettement national devrait tomber \u00e0 147 pour cent en 2025, contre 164 pour cent il y a deux ans. (dpa\/cr\u00e9)<\/p>\n","protected":false},"excerpt":{"rendered":"<p>Ce retour est d\u2019autant plus remarquable que la Gr\u00e8ce a \u00e9t\u00e9 plusieurs fois au bord de la faillite lors de la crise de la dette<\/p>\n","protected":false},"author":1,"featured_media":3467,"comment_status":"","ping_status":"","sticky":false,"template":"","format":"standard","meta":{"footnotes":""},"categories":[298],"tags":[254,3208,4068,698,740,4069,2375,198,4067],"class_list":["post-3466","post","type-post","status-publish","format-standard","has-post-thumbnail","hentry","category-belgique","tag-bien","tag-ca","tag-croissance","tag-dune","tag-faible","tag-grece","tag-lallemagne","tag-pendant","tag-plaint","generate-columns","tablet-grid-50","mobile-grid-100","grid-parent","grid-33"],"yoast_head":"<!-- This site is optimized with the Yoast SEO plugin v24.0 - https:\/\/yoast.com\/wordpress\/plugins\/seo\/ -->\n<title>Pendant que l&#039;Allemagne se plaint d&#039;une croissance faible, \u00e7a va bien... en Gr\u00e8ce | Vie Associative<\/title>\n<meta name=\"robots\" content=\"index, follow, max-snippet:-1, max-image-preview:large, max-video-preview:-1\" \/>\n<link rel=\"canonical\" href=\"https:\/\/vieassociative.be\/actualites\/pendant-que-lallemagne-se-plaint-dune-croissance-faible-ca-va-bien-en-grece\/\" \/>\n<meta property=\"og:locale\" content=\"fr_FR\" \/>\n<meta property=\"og:type\" content=\"article\" \/>\n<meta property=\"og:title\" content=\"Pendant que l&#039;Allemagne se plaint d&#039;une croissance faible, \u00e7a va bien... en Gr\u00e8ce | Vie Associative\" \/>\n<meta property=\"og:description\" content=\"Ce retour est d\u2019autant plus remarquable que la Gr\u00e8ce a \u00e9t\u00e9 plusieurs fois au bord de la faillite lors de la crise de la dette\" \/>\n<meta property=\"og:url\" content=\"https:\/\/vieassociative.be\/actualites\/pendant-que-lallemagne-se-plaint-dune-croissance-faible-ca-va-bien-en-grece\/\" \/>\n<meta property=\"og:site_name\" content=\"Vie Associative\" \/>\n<meta property=\"article:published_time\" content=\"2024-12-17T08:19:09+00:00\" \/>\n<meta property=\"og:image\" content=\"https:\/\/vieassociative.be\/actualites\/wp-content\/uploads\/2024\/09\/header_backgroundk-01-e1726694325946.png\" \/>\n\t<meta property=\"og:image:width\" content=\"279\" \/>\n\t<meta property=\"og:image:height\" content=\"92\" \/>\n\t<meta property=\"og:image:type\" content=\"image\/png\" \/>\n<meta name=\"author\" content=\"Julien\" \/>\n<meta name=\"twitter:card\" content=\"summary_large_image\" \/>\n<meta name=\"twitter:label1\" content=\"\u00c9crit par\" \/>\n\t<meta name=\"twitter:data1\" content=\"Julien\" \/>\n\t<meta name=\"twitter:label2\" content=\"Dur\u00e9e de lecture est.\" \/>\n\t<meta name=\"twitter:data2\" content=\"4 minutes\" \/>\n<script type=\"application\/ld+json\" class=\"yoast-schema-graph\">{\"@context\":\"https:\/\/schema.org\",\"@graph\":[{\"@type\":\"Article\",\"@id\":\"https:\/\/vieassociative.be\/actualites\/pendant-que-lallemagne-se-plaint-dune-croissance-faible-ca-va-bien-en-grece\/#article\",\"isPartOf\":{\"@id\":\"https:\/\/vieassociative.be\/actualites\/pendant-que-lallemagne-se-plaint-dune-croissance-faible-ca-va-bien-en-grece\/\"},\"author\":{\"name\":\"Julien\",\"@id\":\"https:\/\/vieassociative.be\/actualites\/#\/schema\/person\/b87ac4f82f9d4e7b7cec7395b679edc4\"},\"headline\":\"Pendant que l&rsquo;Allemagne se plaint d&rsquo;une croissance faible, \u00e7a va bien&#8230; en Gr\u00e8ce\",\"datePublished\":\"2024-12-17T08:19:09+00:00\",\"dateModified\":\"2024-12-17T08:19:09+00:00\",\"mainEntityOfPage\":{\"@id\":\"https:\/\/vieassociative.be\/actualites\/pendant-que-lallemagne-se-plaint-dune-croissance-faible-ca-va-bien-en-grece\/\"},\"wordCount\":763,\"publisher\":{\"@id\":\"https:\/\/vieassociative.be\/actualites\/#organization\"},\"image\":{\"@id\":\"https:\/\/vieassociative.be\/actualites\/pendant-que-lallemagne-se-plaint-dune-croissance-faible-ca-va-bien-en-grece\/#primaryimage\"},\"thumbnailUrl\":\"https:\/\/vieassociative.be\/actualites\/wp-content\/uploads\/2024\/12\/1734423549_Pendant-que-lAllemagne-se-plaint-dune-croissance-faible-ca-va.jpg\",\"keywords\":[\"bien\",\"\u00e7a\",\"croissance\",\"dune\",\"faible\",\"Gr\u00e8ce\",\"lAllemagne\",\"pendant\",\"plaint\"],\"articleSection\":[\"Belgique\"],\"inLanguage\":\"fr-BE\"},{\"@type\":\"WebPage\",\"@id\":\"https:\/\/vieassociative.be\/actualites\/pendant-que-lallemagne-se-plaint-dune-croissance-faible-ca-va-bien-en-grece\/\",\"url\":\"https:\/\/vieassociative.be\/actualites\/pendant-que-lallemagne-se-plaint-dune-croissance-faible-ca-va-bien-en-grece\/\",\"name\":\"Pendant que l'Allemagne se plaint d'une croissance faible, \u00e7a va bien... en Gr\u00e8ce | Vie Associative\",\"isPartOf\":{\"@id\":\"https:\/\/vieassociative.be\/actualites\/#website\"},\"primaryImageOfPage\":{\"@id\":\"https:\/\/vieassociative.be\/actualites\/pendant-que-lallemagne-se-plaint-dune-croissance-faible-ca-va-bien-en-grece\/#primaryimage\"},\"image\":{\"@id\":\"https:\/\/vieassociative.be\/actualites\/pendant-que-lallemagne-se-plaint-dune-croissance-faible-ca-va-bien-en-grece\/#primaryimage\"},\"thumbnailUrl\":\"https:\/\/vieassociative.be\/actualites\/wp-content\/uploads\/2024\/12\/1734423549_Pendant-que-lAllemagne-se-plaint-dune-croissance-faible-ca-va.jpg\",\"datePublished\":\"2024-12-17T08:19:09+00:00\",\"dateModified\":\"2024-12-17T08:19:09+00:00\",\"breadcrumb\":{\"@id\":\"https:\/\/vieassociative.be\/actualites\/pendant-que-lallemagne-se-plaint-dune-croissance-faible-ca-va-bien-en-grece\/#breadcrumb\"},\"inLanguage\":\"fr-BE\",\"potentialAction\":[{\"@type\":\"ReadAction\",\"target\":[\"https:\/\/vieassociative.be\/actualites\/pendant-que-lallemagne-se-plaint-dune-croissance-faible-ca-va-bien-en-grece\/\"]}]},{\"@type\":\"ImageObject\",\"inLanguage\":\"fr-BE\",\"@id\":\"https:\/\/vieassociative.be\/actualites\/pendant-que-lallemagne-se-plaint-dune-croissance-faible-ca-va-bien-en-grece\/#primaryimage\",\"url\":\"https:\/\/vieassociative.be\/actualites\/wp-content\/uploads\/2024\/12\/1734423549_Pendant-que-lAllemagne-se-plaint-dune-croissance-faible-ca-va.jpg\",\"contentUrl\":\"https:\/\/vieassociative.be\/actualites\/wp-content\/uploads\/2024\/12\/1734423549_Pendant-que-lAllemagne-se-plaint-dune-croissance-faible-ca-va.jpg\",\"width\":1200,\"height\":798,\"caption\":\"Pendant que l'Allemagne se plaint d'une croissance faible, \u00e7a va bien... en Gr\u00e8ce\"},{\"@type\":\"BreadcrumbList\",\"@id\":\"https:\/\/vieassociative.be\/actualites\/pendant-que-lallemagne-se-plaint-dune-croissance-faible-ca-va-bien-en-grece\/#breadcrumb\",\"itemListElement\":[{\"@type\":\"ListItem\",\"position\":1,\"name\":\"Accueil\",\"item\":\"https:\/\/vieassociative.be\/actualites\/\"},{\"@type\":\"ListItem\",\"position\":2,\"name\":\"Pendant que l&rsquo;Allemagne se plaint d&rsquo;une croissance faible, \u00e7a va bien&#8230; en Gr\u00e8ce\"}]},{\"@type\":\"WebSite\",\"@id\":\"https:\/\/vieassociative.be\/actualites\/#website\",\"url\":\"https:\/\/vieassociative.be\/actualites\/\",\"name\":\"Vie Associative\",\"description\":\"\",\"publisher\":{\"@id\":\"https:\/\/vieassociative.be\/actualites\/#organization\"},\"potentialAction\":[{\"@type\":\"SearchAction\",\"target\":{\"@type\":\"EntryPoint\",\"urlTemplate\":\"https:\/\/vieassociative.be\/actualites\/?s={search_term_string}\"},\"query-input\":{\"@type\":\"PropertyValueSpecification\",\"valueRequired\":true,\"valueName\":\"search_term_string\"}}],\"inLanguage\":\"fr-BE\"},{\"@type\":\"Organization\",\"@id\":\"https:\/\/vieassociative.be\/actualites\/#organization\",\"name\":\"Vie Associative\",\"url\":\"https:\/\/vieassociative.be\/actualites\/\",\"logo\":{\"@type\":\"ImageObject\",\"inLanguage\":\"fr-BE\",\"@id\":\"https:\/\/vieassociative.be\/actualites\/#\/schema\/logo\/image\/\",\"url\":\"https:\/\/vieassociative.be\/actualites\/wp-content\/uploads\/2024\/09\/cropped-vieassociative_favicon.ico.png\",\"contentUrl\":\"https:\/\/vieassociative.be\/actualites\/wp-content\/uploads\/2024\/09\/cropped-vieassociative_favicon.ico.png\",\"width\":512,\"height\":512,\"caption\":\"Vie Associative\"},\"image\":{\"@id\":\"https:\/\/vieassociative.be\/actualites\/#\/schema\/logo\/image\/\"}},{\"@type\":\"Person\",\"@id\":\"https:\/\/vieassociative.be\/actualites\/#\/schema\/person\/b87ac4f82f9d4e7b7cec7395b679edc4\",\"name\":\"Julien\",\"image\":{\"@type\":\"ImageObject\",\"inLanguage\":\"fr-BE\",\"@id\":\"https:\/\/vieassociative.be\/actualites\/#\/schema\/person\/image\/\",\"url\":\"https:\/\/vieassociative.be\/actualites\/wp-content\/uploads\/2024\/09\/vie-associative-1-150x150.jpg\",\"contentUrl\":\"https:\/\/vieassociative.be\/actualites\/wp-content\/uploads\/2024\/09\/vie-associative-1-150x150.jpg\",\"caption\":\"Julien\"},\"description\":\"Je suis Julien, r\u00e9dacteur pour Vie Associative. Passionn\u00e9 par le monde associatif depuis plus de 10 ans, j'ai \u00e0 c\u0153ur de partager des histoires inspirantes et de mettre en lumi\u00e8re les initiatives locales. Mon objectif est de sensibiliser et d'encourager l'engagement communautaire \u00e0 travers mes articles.\",\"sameAs\":[\"https:\/\/vieassociative.be\/\"]}]}<\/script>\n<!-- \/ Yoast SEO plugin. -->","yoast_head_json":{"title":"Pendant que l'Allemagne se plaint d'une croissance faible, \u00e7a va bien... en Gr\u00e8ce | Vie Associative","robots":{"index":"index","follow":"follow","max-snippet":"max-snippet:-1","max-image-preview":"max-image-preview:large","max-video-preview":"max-video-preview:-1"},"canonical":"https:\/\/vieassociative.be\/actualites\/pendant-que-lallemagne-se-plaint-dune-croissance-faible-ca-va-bien-en-grece\/","og_locale":"fr_FR","og_type":"article","og_title":"Pendant que l'Allemagne se plaint d'une croissance faible, \u00e7a va bien... en Gr\u00e8ce | Vie Associative","og_description":"Ce retour est d\u2019autant plus remarquable que la Gr\u00e8ce a \u00e9t\u00e9 plusieurs fois au bord de la faillite lors de la crise de la dette","og_url":"https:\/\/vieassociative.be\/actualites\/pendant-que-lallemagne-se-plaint-dune-croissance-faible-ca-va-bien-en-grece\/","og_site_name":"Vie Associative","article_published_time":"2024-12-17T08:19:09+00:00","og_image":[{"width":279,"height":92,"url":"https:\/\/vieassociative.be\/actualites\/wp-content\/uploads\/2024\/09\/header_backgroundk-01-e1726694325946.png","type":"image\/png"}],"author":"Julien","twitter_card":"summary_large_image","twitter_misc":{"\u00c9crit par":"Julien","Dur\u00e9e de lecture est.":"4 minutes"},"schema":{"@context":"https:\/\/schema.org","@graph":[{"@type":"Article","@id":"https:\/\/vieassociative.be\/actualites\/pendant-que-lallemagne-se-plaint-dune-croissance-faible-ca-va-bien-en-grece\/#article","isPartOf":{"@id":"https:\/\/vieassociative.be\/actualites\/pendant-que-lallemagne-se-plaint-dune-croissance-faible-ca-va-bien-en-grece\/"},"author":{"name":"Julien","@id":"https:\/\/vieassociative.be\/actualites\/#\/schema\/person\/b87ac4f82f9d4e7b7cec7395b679edc4"},"headline":"Pendant que l&rsquo;Allemagne se plaint d&rsquo;une croissance faible, \u00e7a va bien&#8230; en Gr\u00e8ce","datePublished":"2024-12-17T08:19:09+00:00","dateModified":"2024-12-17T08:19:09+00:00","mainEntityOfPage":{"@id":"https:\/\/vieassociative.be\/actualites\/pendant-que-lallemagne-se-plaint-dune-croissance-faible-ca-va-bien-en-grece\/"},"wordCount":763,"publisher":{"@id":"https:\/\/vieassociative.be\/actualites\/#organization"},"image":{"@id":"https:\/\/vieassociative.be\/actualites\/pendant-que-lallemagne-se-plaint-dune-croissance-faible-ca-va-bien-en-grece\/#primaryimage"},"thumbnailUrl":"https:\/\/vieassociative.be\/actualites\/wp-content\/uploads\/2024\/12\/1734423549_Pendant-que-lAllemagne-se-plaint-dune-croissance-faible-ca-va.jpg","keywords":["bien","\u00e7a","croissance","dune","faible","Gr\u00e8ce","lAllemagne","pendant","plaint"],"articleSection":["Belgique"],"inLanguage":"fr-BE"},{"@type":"WebPage","@id":"https:\/\/vieassociative.be\/actualites\/pendant-que-lallemagne-se-plaint-dune-croissance-faible-ca-va-bien-en-grece\/","url":"https:\/\/vieassociative.be\/actualites\/pendant-que-lallemagne-se-plaint-dune-croissance-faible-ca-va-bien-en-grece\/","name":"Pendant que l'Allemagne se plaint d'une croissance faible, \u00e7a va bien... en Gr\u00e8ce | Vie Associative","isPartOf":{"@id":"https:\/\/vieassociative.be\/actualites\/#website"},"primaryImageOfPage":{"@id":"https:\/\/vieassociative.be\/actualites\/pendant-que-lallemagne-se-plaint-dune-croissance-faible-ca-va-bien-en-grece\/#primaryimage"},"image":{"@id":"https:\/\/vieassociative.be\/actualites\/pendant-que-lallemagne-se-plaint-dune-croissance-faible-ca-va-bien-en-grece\/#primaryimage"},"thumbnailUrl":"https:\/\/vieassociative.be\/actualites\/wp-content\/uploads\/2024\/12\/1734423549_Pendant-que-lAllemagne-se-plaint-dune-croissance-faible-ca-va.jpg","datePublished":"2024-12-17T08:19:09+00:00","dateModified":"2024-12-17T08:19:09+00:00","breadcrumb":{"@id":"https:\/\/vieassociative.be\/actualites\/pendant-que-lallemagne-se-plaint-dune-croissance-faible-ca-va-bien-en-grece\/#breadcrumb"},"inLanguage":"fr-BE","potentialAction":[{"@type":"ReadAction","target":["https:\/\/vieassociative.be\/actualites\/pendant-que-lallemagne-se-plaint-dune-croissance-faible-ca-va-bien-en-grece\/"]}]},{"@type":"ImageObject","inLanguage":"fr-BE","@id":"https:\/\/vieassociative.be\/actualites\/pendant-que-lallemagne-se-plaint-dune-croissance-faible-ca-va-bien-en-grece\/#primaryimage","url":"https:\/\/vieassociative.be\/actualites\/wp-content\/uploads\/2024\/12\/1734423549_Pendant-que-lAllemagne-se-plaint-dune-croissance-faible-ca-va.jpg","contentUrl":"https:\/\/vieassociative.be\/actualites\/wp-content\/uploads\/2024\/12\/1734423549_Pendant-que-lAllemagne-se-plaint-dune-croissance-faible-ca-va.jpg","width":1200,"height":798,"caption":"Pendant que l'Allemagne se plaint d'une croissance faible, \u00e7a va bien... en Gr\u00e8ce"},{"@type":"BreadcrumbList","@id":"https:\/\/vieassociative.be\/actualites\/pendant-que-lallemagne-se-plaint-dune-croissance-faible-ca-va-bien-en-grece\/#breadcrumb","itemListElement":[{"@type":"ListItem","position":1,"name":"Accueil","item":"https:\/\/vieassociative.be\/actualites\/"},{"@type":"ListItem","position":2,"name":"Pendant que l&rsquo;Allemagne se plaint d&rsquo;une croissance faible, \u00e7a va bien&#8230; en Gr\u00e8ce"}]},{"@type":"WebSite","@id":"https:\/\/vieassociative.be\/actualites\/#website","url":"https:\/\/vieassociative.be\/actualites\/","name":"Vie Associative","description":"","publisher":{"@id":"https:\/\/vieassociative.be\/actualites\/#organization"},"potentialAction":[{"@type":"SearchAction","target":{"@type":"EntryPoint","urlTemplate":"https:\/\/vieassociative.be\/actualites\/?s={search_term_string}"},"query-input":{"@type":"PropertyValueSpecification","valueRequired":true,"valueName":"search_term_string"}}],"inLanguage":"fr-BE"},{"@type":"Organization","@id":"https:\/\/vieassociative.be\/actualites\/#organization","name":"Vie Associative","url":"https:\/\/vieassociative.be\/actualites\/","logo":{"@type":"ImageObject","inLanguage":"fr-BE","@id":"https:\/\/vieassociative.be\/actualites\/#\/schema\/logo\/image\/","url":"https:\/\/vieassociative.be\/actualites\/wp-content\/uploads\/2024\/09\/cropped-vieassociative_favicon.ico.png","contentUrl":"https:\/\/vieassociative.be\/actualites\/wp-content\/uploads\/2024\/09\/cropped-vieassociative_favicon.ico.png","width":512,"height":512,"caption":"Vie Associative"},"image":{"@id":"https:\/\/vieassociative.be\/actualites\/#\/schema\/logo\/image\/"}},{"@type":"Person","@id":"https:\/\/vieassociative.be\/actualites\/#\/schema\/person\/b87ac4f82f9d4e7b7cec7395b679edc4","name":"Julien","image":{"@type":"ImageObject","inLanguage":"fr-BE","@id":"https:\/\/vieassociative.be\/actualites\/#\/schema\/person\/image\/","url":"https:\/\/vieassociative.be\/actualites\/wp-content\/uploads\/2024\/09\/vie-associative-1-150x150.jpg","contentUrl":"https:\/\/vieassociative.be\/actualites\/wp-content\/uploads\/2024\/09\/vie-associative-1-150x150.jpg","caption":"Julien"},"description":"Je suis Julien, r\u00e9dacteur pour Vie Associative. Passionn\u00e9 par le monde associatif depuis plus de 10 ans, j'ai \u00e0 c\u0153ur de partager des histoires inspirantes et de mettre en lumi\u00e8re les initiatives locales. Mon objectif est de sensibiliser et d'encourager l'engagement communautaire \u00e0 travers mes articles.","sameAs":["https:\/\/vieassociative.be\/"]}]}},"_links":{"self":[{"href":"https:\/\/vieassociative.be\/actualites\/wp-json\/wp\/v2\/posts\/3466"}],"collection":[{"href":"https:\/\/vieassociative.be\/actualites\/wp-json\/wp\/v2\/posts"}],"about":[{"href":"https:\/\/vieassociative.be\/actualites\/wp-json\/wp\/v2\/types\/post"}],"author":[{"embeddable":true,"href":"https:\/\/vieassociative.be\/actualites\/wp-json\/wp\/v2\/users\/1"}],"replies":[{"embeddable":true,"href":"https:\/\/vieassociative.be\/actualites\/wp-json\/wp\/v2\/comments?post=3466"}],"version-history":[{"count":0,"href":"https:\/\/vieassociative.be\/actualites\/wp-json\/wp\/v2\/posts\/3466\/revisions"}],"wp:featuredmedia":[{"embeddable":true,"href":"https:\/\/vieassociative.be\/actualites\/wp-json\/wp\/v2\/media\/3467"}],"wp:attachment":[{"href":"https:\/\/vieassociative.be\/actualites\/wp-json\/wp\/v2\/media?parent=3466"}],"wp:term":[{"taxonomy":"category","embeddable":true,"href":"https:\/\/vieassociative.be\/actualites\/wp-json\/wp\/v2\/categories?post=3466"},{"taxonomy":"post_tag","embeddable":true,"href":"https:\/\/vieassociative.be\/actualites\/wp-json\/wp\/v2\/tags?post=3466"}],"curies":[{"name":"wp","href":"https:\/\/api.w.org\/{rel}","templated":true}]}}