{"id":3459,"date":"2024-12-17T03:18:34","date_gmt":"2024-12-17T02:18:34","guid":{"rendered":"https:\/\/vieassociative.be\/actualites\/merz-qualifie-scholz-de-chancelier-dont-il-faut-avoir-honte-le-bundestag-allemand-ouvre-la-voie-a-de-nouvelles-elections\/"},"modified":"2024-12-17T03:18:34","modified_gmt":"2024-12-17T02:18:34","slug":"merz-qualifie-scholz-de-chancelier-dont-il-faut-avoir-honte-le-bundestag-allemand-ouvre-la-voie-a-de-nouvelles-elections","status":"publish","type":"post","link":"https:\/\/vieassociative.be\/actualites\/merz-qualifie-scholz-de-chancelier-dont-il-faut-avoir-honte-le-bundestag-allemand-ouvre-la-voie-a-de-nouvelles-elections\/","title":{"rendered":"Merz qualifie Scholz de \u00ab chancelier dont il faut avoir honte \u00bb \u2013 le Bundestag allemand ouvre la voie \u00e0 de nouvelles \u00e9lections"},"content":{"rendered":"<p><strong>MISE \u00c0 JOUR &#8211; C&rsquo;est une d\u00e9faite comme pr\u00e9vu pour le chancelier allemand : le Bundestag lui a retir\u00e9 sa confiance. Il ne reste plus que deux \u00e9tapes avant les nouvelles \u00e9lections.<\/strong><\/p>\n<p><span id=\"more-404234\"><\/span>Le Bundestag a retir\u00e9 sa confiance au chancelier Olaf Scholz, ouvrant ainsi la voie \u00e0 de nouvelles \u00e9lections en Allemagne le 23 f\u00e9vrier.<\/p>\n<p>Lors du vote de confiance, 207 d\u00e9put\u00e9s ont vot\u00e9 pour Scholz, 394 contre lui et 116 se sont abstenus, comme l&rsquo;a annonc\u00e9 le pr\u00e9sident du Bundestag, B\u00e4rbel Bas. Comme pr\u00e9vu, la chanceli\u00e8re n\u2019a clairement pas obtenu la majorit\u00e9 n\u00e9cessaire de 367 voix.<\/p>\n<div id=\"attachment_404243\" class=\"wp-caption alignleft\" style=\"max-width: 300px\"><img fetchpriority=\"high\" decoding=\"async\" class=\"wp-image-404243 size-medium\" src=\"https:\/\/vieassociative.be\/actualites\/wp-content\/uploads\/2024\/12\/Merz-qualifie-Scholz-de-chancelier-dont-il-faut-avoir.jpg\" alt=\"\" width=\"300\" height=\"200\"><\/p>\n<p class=\"wp-caption-text\">16 d\u00e9cembre 2024, Berlin : le chancelier f\u00e9d\u00e9ral OLAF Scholz (SPD, \u00e0 droite) s&rsquo;exprime lors du d\u00e9bat apr\u00e8s son vote de confiance avec le ministre f\u00e9d\u00e9ral de l&rsquo;\u00e9conomie Robert Habeck (Alliance 90\/les Verts). Photo : Michael Kappeler\/dpa<\/p>\n<\/div>\n<p>Scholz se rend au ch\u00e2teau de Bellevue et propose au pr\u00e9sident f\u00e9d\u00e9ral Frank-Walter Steinmeier de dissoudre le Bundestag. Il dispose alors de 21 jours pour d\u00e9cider s\u2019il est d\u2019accord et convoque de nouvelles \u00e9lections dans les 60 jours.<\/p>\n<p>\u00c9tant donn\u00e9 qu&rsquo;il existe un large consensus au Bundestag pour avancer les \u00e9lections f\u00e9d\u00e9rales initialement pr\u00e9vues le 28 septembre 2025, l&rsquo;approbation de Steinmeier est consid\u00e9r\u00e9e comme certaine. Il a d\u00e9j\u00e0 indiqu\u00e9 qu&rsquo;il \u00e9tait d&rsquo;accord avec la date cible du 23 f\u00e9vrier.<\/p>\n<p><strong>\u2013 Scholz accuse Lindner de \u00ab semaines de sabotage \u00bb :<\/strong> Le d\u00e9bat pr\u00e9c\u00e9dant le vote \u00e9tait d\u00e9j\u00e0 enti\u00e8rement domin\u00e9 par la campagne \u00e9lectorale. Scholz a utilis\u00e9 son discours pour lancer une attaque s\u00e9v\u00e8re contre le FDP. Les \u00ab semaines de sabotage \u00bb perp\u00e9tr\u00e9es par les lib\u00e9raux du chef du parti Christian Lindner ont non seulement port\u00e9 atteinte au gouvernement \u00ab aux feux tricolores \u00bb, mais aussi \u00e0 la d\u00e9mocratie dans son ensemble, a-t-il d\u00e9clar\u00e9. \u00ab\u00a0Rejoindre un gouvernement n\u00e9cessite la maturit\u00e9 morale n\u00e9cessaire.\u00a0\u00bb<\/p>\n<p>La coalition des \u00ab feux tricolores \u00bb de Scholz s&rsquo;est effondr\u00e9e le 6 novembre dans le conflit sur le frein \u00e0 l&rsquo;endettement. \u00c0 l\u2019\u00e9poque, Scholz avait limog\u00e9 le ministre des Finances et leader du FDP, Christian Lindner, qui avait r\u00e9sist\u00e9 \u00e0 la suspension du frein \u00e0 l\u2019endettement.<\/p>\n<\/p>\n<div id=\"attachment_404244\" class=\"wp-caption alignleft\" style=\"max-width: 300px\"><img decoding=\"async\" class=\"wp-image-404244 size-medium\" src=\"https:\/\/vieassociative.be\/actualites\/wp-content\/uploads\/2024\/12\/1734401914_735_Merz-qualifie-Scholz-de-chancelier-dont-il-faut-avoir.jpg\" alt=\"\" width=\"300\" height=\"200\"><\/p>\n<p class=\"wp-caption-text\">16 d\u00e9cembre 2024, Berlin : Christian Lindner, pr\u00e9sident f\u00e9d\u00e9ral du FDP, s&rsquo;entretient avec le candidat chancelier de l&rsquo;Union Friedrich Merz (CDU), avant la r\u00e9union sur le vote de confiance du chancelier Scholz. Photo : Kay Nietfeld\/dpa<\/p>\n<\/div>\n<p>Scholz n\u2019a abord\u00e9 que bri\u00e8vement la question de la confiance dans son discours de pr\u00e8s de 30 minutes. Il s&rsquo;agit pour les citoyens de pouvoir red\u00e9finir l&rsquo;orientation politique de l&rsquo;Allemagne. \u00ab\u00a0C&rsquo;est pourquoi j&rsquo;aborde aujourd&rsquo;hui la question de la confiance des \u00e9lecteurs.\u00a0\u00bb Scholz a ensuite utilis\u00e9 la majeure partie de son discours de pr\u00e8s d&rsquo;une demi-heure pour expliquer quel programme il souhaitait utiliser pour convaincre les \u00e9lecteurs de voter pour le SPD.<\/p>\n<p>Le chef du groupe parlementaire CDU\/CSU et candidat \u00e0 la chancellerie Friedrich Merz a qualifi\u00e9 l&rsquo;attaque contre Lindner de \u00ab pure impudence \u00bb dans sa r\u00e9ponse. En retour, le chef de l\u2019opposition a accus\u00e9 Scholz d\u2019avoir laiss\u00e9 le pays dans l\u2019une des plus grandes crises \u00e9conomiques de l\u2019histoire de l\u2019apr\u00e8s-guerre et d\u2019avoir \u00e9chou\u00e9 au niveau europ\u00e9en. \u00ab Vous embarrassez l\u2019Allemagne \u00bb, a-t-il d\u00e9clar\u00e9. La mani\u00e8re dont la chanceli\u00e8re agit au sein de l\u2019Union europ\u00e9enne est \u00ab une honte pour les autres \u00bb.<\/p>\n<p>Lindner a \u00e9galement r\u00e9pliqu\u00e9 en lan\u00e7ant une contre-attaque contre la politique \u00e9conomique de la chanceli\u00e8re, qui ignore le probl\u00e8me profond du manque de comp\u00e9titivit\u00e9. \u00c0 titre d&rsquo;exemple, Lindner a cit\u00e9 la r\u00e9cente proposition de Scholz de r\u00e9duire la TVA sur les produits alimentaires. \u00ab Le prince du carnaval peut distribuer des chameaux le lundi des roses pour devenir populaire. Mais la R\u00e9publique f\u00e9d\u00e9rale d\u2019Allemagne ne doit pas \u00eatre gouvern\u00e9e de cette fa\u00e7on.\u00bb<\/p>\n<p><strong>\u2013 Le seul nouveau levier \u00e9lectoral de la Chanceli\u00e8re :<\/strong> Scholz \u00e9tait accompagn\u00e9 au Bundestag par son \u00e9pouse Britta Ernst. Pour lui, le vote de confiance est le seul moyen de provoquer des \u00e9lections f\u00e9d\u00e9rales anticip\u00e9es. Il avait d\u00e9j\u00e0 annonc\u00e9 cette mesure le 6 novembre, imm\u00e9diatement apr\u00e8s le limogeage du ministre des Finances du FDP Lindner et la fin de sa coalition des feux tricolores, mais il ne souhaitait en r\u00e9alit\u00e9 pas la prendre avant janvier, ce qui aurait donn\u00e9 lieu \u00e0 de nouvelles \u00e9lections un mois plus tard.<\/p>\n<\/p>\n<div id=\"attachment_404242\" class=\"wp-caption alignleft\" style=\"max-width: 300px\"><img decoding=\"async\" class=\"wp-image-404242 size-medium\" src=\"https:\/\/vieassociative.be\/actualites\/wp-content\/uploads\/2024\/12\/1734401914_984_Merz-qualifie-Scholz-de-chancelier-dont-il-faut-avoir.jpg\" alt=\"\" width=\"300\" height=\"200\"><\/p>\n<p class=\"wp-caption-text\">16 d\u00e9cembre 2024, Berlin : le chancelier f\u00e9d\u00e9ral OLAF Scholz (SPD) vote lors du vote de confiance. Photo : Kay Nietfeld\/dpa<\/p>\n<\/div>\n<p>Depuis, Scholz dirige un gouvernement soutenu par le SPD et les Verts, qui n\u2019a plus la majorit\u00e9 au Bundestag. Sans le soutien de l\u2019opposition, elle ne peut plus rien r\u00e9aliser.<\/p>\n<p>Le nombre de votes positifs du SPD sur les 207 ne sera connu que lorsque le comportement \u00e9lectoral des diff\u00e9rents d\u00e9put\u00e9s sera publi\u00e9 plus tard dans l&rsquo;apr\u00e8s-midi. C\u2019est exactement le nombre de repr\u00e9sentants du SPD. Mais des votes de l\u2019AfD en faveur de Scholz \u00e9taient attendus.<\/p>\n<p>La direction du Parti vert a toutefois recommand\u00e9 \u00e0 ses 117 parlementaires de s&rsquo;abstenir. Ce faisant, elle voulait exclure la possibilit\u00e9 que Scholz obtienne par inadvertance une majorit\u00e9 gr\u00e2ce aux votes de l\u2019AfD.<\/p>\n<p>La dirigeante de l&rsquo;AfD, Alice Weidel, a d\u00e9clar\u00e9 avant le vote que trois membres de son groupe souhaitaient voter pour Scholz. Ils s&rsquo;inqui\u00e8tent du \u00ab chancelier de guerre Friedrich Merz \u00bb qui envisage de livrer des missiles de croisi\u00e8re Taurus \u00e0 l&rsquo;Ukraine, a d\u00e9clar\u00e9 Weidel. Elle n&rsquo;a pas cit\u00e9 de noms. Selon les informations du DPA, il s&rsquo;agit des d\u00e9put\u00e9s J\u00fcrgen Pohl, Christina Baum et Edgar Naujok. Selon les informations, un ou deux d\u00e9put\u00e9s pourraient \u00e9galement s&rsquo;abstenir. (dpa)<\/p>\n","protected":false},"excerpt":{"rendered":"<p>MISE \u00c0 JOUR &#8211; C&rsquo;est une d\u00e9faite comme pr\u00e9vu pour le chancelier allemand : le Bundestag lui a retir\u00e9 sa confiance. Il ne reste plus<\/p>\n","protected":false},"author":1,"featured_media":3460,"comment_status":"","ping_status":"","sticky":false,"template":"","format":"standard","meta":{"footnotes":""},"categories":[298],"tags":[2732,224,4063,2865,257,2569,2548,1975,4061,1215,3760,4062,2866,2815],"class_list":["post-3459","post","type-post","status-publish","format-standard","has-post-thumbnail","hentry","category-belgique","tag-allemand","tag-avoir","tag-bundestag","tag-chancelier","tag-dont","tag-elections","tag-faut","tag-honte","tag-merz","tag-nouvelles","tag-ouvre","tag-qualifie","tag-scholz","tag-voie","generate-columns","tablet-grid-50","mobile-grid-100","grid-parent","grid-33"],"yoast_head":"<!-- This site is optimized with the Yoast SEO plugin v24.0 - https:\/\/yoast.com\/wordpress\/plugins\/seo\/ -->\n<title>Merz qualifie Scholz de \u00ab chancelier dont il faut avoir honte \u00bb \u2013 le Bundestag allemand ouvre la voie \u00e0 de nouvelles \u00e9lections | Vie Associative<\/title>\n<meta name=\"robots\" content=\"index, follow, max-snippet:-1, max-image-preview:large, max-video-preview:-1\" \/>\n<link rel=\"canonical\" href=\"https:\/\/vieassociative.be\/actualites\/merz-qualifie-scholz-de-chancelier-dont-il-faut-avoir-honte-le-bundestag-allemand-ouvre-la-voie-a-de-nouvelles-elections\/\" \/>\n<meta property=\"og:locale\" content=\"fr_FR\" \/>\n<meta property=\"og:type\" content=\"article\" \/>\n<meta property=\"og:title\" content=\"Merz qualifie Scholz de \u00ab chancelier dont il faut avoir honte \u00bb \u2013 le Bundestag allemand ouvre la voie \u00e0 de nouvelles \u00e9lections | Vie Associative\" \/>\n<meta property=\"og:description\" content=\"MISE \u00c0 JOUR &#8211; C&rsquo;est une d\u00e9faite comme pr\u00e9vu pour le chancelier allemand : le Bundestag lui a retir\u00e9 sa confiance. Il ne reste plus\" \/>\n<meta property=\"og:url\" content=\"https:\/\/vieassociative.be\/actualites\/merz-qualifie-scholz-de-chancelier-dont-il-faut-avoir-honte-le-bundestag-allemand-ouvre-la-voie-a-de-nouvelles-elections\/\" \/>\n<meta property=\"og:site_name\" content=\"Vie Associative\" \/>\n<meta property=\"article:published_time\" content=\"2024-12-17T02:18:34+00:00\" \/>\n<meta property=\"og:image\" content=\"https:\/\/vieassociative.be\/actualites\/wp-content\/uploads\/2024\/09\/header_backgroundk-01-e1726694325946.png\" \/>\n\t<meta property=\"og:image:width\" content=\"279\" \/>\n\t<meta property=\"og:image:height\" content=\"92\" \/>\n\t<meta property=\"og:image:type\" content=\"image\/png\" \/>\n<meta name=\"author\" content=\"Julien\" \/>\n<meta name=\"twitter:card\" content=\"summary_large_image\" \/>\n<meta name=\"twitter:label1\" content=\"\u00c9crit par\" \/>\n\t<meta name=\"twitter:data1\" content=\"Julien\" \/>\n\t<meta name=\"twitter:label2\" content=\"Dur\u00e9e de lecture est.\" \/>\n\t<meta name=\"twitter:data2\" content=\"5 minutes\" \/>\n<script type=\"application\/ld+json\" class=\"yoast-schema-graph\">{\"@context\":\"https:\/\/schema.org\",\"@graph\":[{\"@type\":\"Article\",\"@id\":\"https:\/\/vieassociative.be\/actualites\/merz-qualifie-scholz-de-chancelier-dont-il-faut-avoir-honte-le-bundestag-allemand-ouvre-la-voie-a-de-nouvelles-elections\/#article\",\"isPartOf\":{\"@id\":\"https:\/\/vieassociative.be\/actualites\/merz-qualifie-scholz-de-chancelier-dont-il-faut-avoir-honte-le-bundestag-allemand-ouvre-la-voie-a-de-nouvelles-elections\/\"},\"author\":{\"name\":\"Julien\",\"@id\":\"https:\/\/vieassociative.be\/actualites\/#\/schema\/person\/b87ac4f82f9d4e7b7cec7395b679edc4\"},\"headline\":\"Merz qualifie Scholz de \u00ab chancelier dont il faut avoir honte \u00bb \u2013 le Bundestag allemand ouvre la voie \u00e0 de nouvelles \u00e9lections\",\"datePublished\":\"2024-12-17T02:18:34+00:00\",\"dateModified\":\"2024-12-17T02:18:34+00:00\",\"mainEntityOfPage\":{\"@id\":\"https:\/\/vieassociative.be\/actualites\/merz-qualifie-scholz-de-chancelier-dont-il-faut-avoir-honte-le-bundestag-allemand-ouvre-la-voie-a-de-nouvelles-elections\/\"},\"wordCount\":1011,\"publisher\":{\"@id\":\"https:\/\/vieassociative.be\/actualites\/#organization\"},\"image\":{\"@id\":\"https:\/\/vieassociative.be\/actualites\/merz-qualifie-scholz-de-chancelier-dont-il-faut-avoir-honte-le-bundestag-allemand-ouvre-la-voie-a-de-nouvelles-elections\/#primaryimage\"},\"thumbnailUrl\":\"https:\/\/vieassociative.be\/actualites\/wp-content\/uploads\/2024\/12\/1734401914_Merz-qualifie-Scholz-de-chancelier-dont-il-faut-avoir.jpg\",\"keywords\":[\"allemand\",\"avoir\",\"Bundestag\",\"chancelier\",\"dont\",\"\u00e9lections\",\"faut\",\"honte\",\"Merz\",\"nouvelles\",\"ouvre\",\"qualifie\",\"Scholz\",\"voie\"],\"articleSection\":[\"Belgique\"],\"inLanguage\":\"fr-BE\"},{\"@type\":\"WebPage\",\"@id\":\"https:\/\/vieassociative.be\/actualites\/merz-qualifie-scholz-de-chancelier-dont-il-faut-avoir-honte-le-bundestag-allemand-ouvre-la-voie-a-de-nouvelles-elections\/\",\"url\":\"https:\/\/vieassociative.be\/actualites\/merz-qualifie-scholz-de-chancelier-dont-il-faut-avoir-honte-le-bundestag-allemand-ouvre-la-voie-a-de-nouvelles-elections\/\",\"name\":\"Merz qualifie Scholz de \u00ab chancelier dont il faut avoir honte \u00bb \u2013 le Bundestag allemand ouvre la voie \u00e0 de nouvelles \u00e9lections | Vie Associative\",\"isPartOf\":{\"@id\":\"https:\/\/vieassociative.be\/actualites\/#website\"},\"primaryImageOfPage\":{\"@id\":\"https:\/\/vieassociative.be\/actualites\/merz-qualifie-scholz-de-chancelier-dont-il-faut-avoir-honte-le-bundestag-allemand-ouvre-la-voie-a-de-nouvelles-elections\/#primaryimage\"},\"image\":{\"@id\":\"https:\/\/vieassociative.be\/actualites\/merz-qualifie-scholz-de-chancelier-dont-il-faut-avoir-honte-le-bundestag-allemand-ouvre-la-voie-a-de-nouvelles-elections\/#primaryimage\"},\"thumbnailUrl\":\"https:\/\/vieassociative.be\/actualites\/wp-content\/uploads\/2024\/12\/1734401914_Merz-qualifie-Scholz-de-chancelier-dont-il-faut-avoir.jpg\",\"datePublished\":\"2024-12-17T02:18:34+00:00\",\"dateModified\":\"2024-12-17T02:18:34+00:00\",\"breadcrumb\":{\"@id\":\"https:\/\/vieassociative.be\/actualites\/merz-qualifie-scholz-de-chancelier-dont-il-faut-avoir-honte-le-bundestag-allemand-ouvre-la-voie-a-de-nouvelles-elections\/#breadcrumb\"},\"inLanguage\":\"fr-BE\",\"potentialAction\":[{\"@type\":\"ReadAction\",\"target\":[\"https:\/\/vieassociative.be\/actualites\/merz-qualifie-scholz-de-chancelier-dont-il-faut-avoir-honte-le-bundestag-allemand-ouvre-la-voie-a-de-nouvelles-elections\/\"]}]},{\"@type\":\"ImageObject\",\"inLanguage\":\"fr-BE\",\"@id\":\"https:\/\/vieassociative.be\/actualites\/merz-qualifie-scholz-de-chancelier-dont-il-faut-avoir-honte-le-bundestag-allemand-ouvre-la-voie-a-de-nouvelles-elections\/#primaryimage\",\"url\":\"https:\/\/vieassociative.be\/actualites\/wp-content\/uploads\/2024\/12\/1734401914_Merz-qualifie-Scholz-de-chancelier-dont-il-faut-avoir.jpg\",\"contentUrl\":\"https:\/\/vieassociative.be\/actualites\/wp-content\/uploads\/2024\/12\/1734401914_Merz-qualifie-Scholz-de-chancelier-dont-il-faut-avoir.jpg\",\"width\":1200,\"height\":801,\"caption\":\"Merz qualifie Scholz de \u00ab chancelier dont il faut avoir honte \u00bb \u2013 le Bundestag allemand ouvre la voie \u00e0 de nouvelles \u00e9lections\"},{\"@type\":\"BreadcrumbList\",\"@id\":\"https:\/\/vieassociative.be\/actualites\/merz-qualifie-scholz-de-chancelier-dont-il-faut-avoir-honte-le-bundestag-allemand-ouvre-la-voie-a-de-nouvelles-elections\/#breadcrumb\",\"itemListElement\":[{\"@type\":\"ListItem\",\"position\":1,\"name\":\"Accueil\",\"item\":\"https:\/\/vieassociative.be\/actualites\/\"},{\"@type\":\"ListItem\",\"position\":2,\"name\":\"Merz qualifie Scholz de \u00ab chancelier dont il faut avoir honte \u00bb \u2013 le Bundestag allemand ouvre la voie \u00e0 de nouvelles \u00e9lections\"}]},{\"@type\":\"WebSite\",\"@id\":\"https:\/\/vieassociative.be\/actualites\/#website\",\"url\":\"https:\/\/vieassociative.be\/actualites\/\",\"name\":\"Vie Associative\",\"description\":\"\",\"publisher\":{\"@id\":\"https:\/\/vieassociative.be\/actualites\/#organization\"},\"potentialAction\":[{\"@type\":\"SearchAction\",\"target\":{\"@type\":\"EntryPoint\",\"urlTemplate\":\"https:\/\/vieassociative.be\/actualites\/?s={search_term_string}\"},\"query-input\":{\"@type\":\"PropertyValueSpecification\",\"valueRequired\":true,\"valueName\":\"search_term_string\"}}],\"inLanguage\":\"fr-BE\"},{\"@type\":\"Organization\",\"@id\":\"https:\/\/vieassociative.be\/actualites\/#organization\",\"name\":\"Vie Associative\",\"url\":\"https:\/\/vieassociative.be\/actualites\/\",\"logo\":{\"@type\":\"ImageObject\",\"inLanguage\":\"fr-BE\",\"@id\":\"https:\/\/vieassociative.be\/actualites\/#\/schema\/logo\/image\/\",\"url\":\"https:\/\/vieassociative.be\/actualites\/wp-content\/uploads\/2024\/09\/cropped-vieassociative_favicon.ico.png\",\"contentUrl\":\"https:\/\/vieassociative.be\/actualites\/wp-content\/uploads\/2024\/09\/cropped-vieassociative_favicon.ico.png\",\"width\":512,\"height\":512,\"caption\":\"Vie Associative\"},\"image\":{\"@id\":\"https:\/\/vieassociative.be\/actualites\/#\/schema\/logo\/image\/\"}},{\"@type\":\"Person\",\"@id\":\"https:\/\/vieassociative.be\/actualites\/#\/schema\/person\/b87ac4f82f9d4e7b7cec7395b679edc4\",\"name\":\"Julien\",\"image\":{\"@type\":\"ImageObject\",\"inLanguage\":\"fr-BE\",\"@id\":\"https:\/\/vieassociative.be\/actualites\/#\/schema\/person\/image\/\",\"url\":\"https:\/\/vieassociative.be\/actualites\/wp-content\/uploads\/2024\/09\/vie-associative-1-150x150.jpg\",\"contentUrl\":\"https:\/\/vieassociative.be\/actualites\/wp-content\/uploads\/2024\/09\/vie-associative-1-150x150.jpg\",\"caption\":\"Julien\"},\"description\":\"Je suis Julien, r\u00e9dacteur pour Vie Associative. Passionn\u00e9 par le monde associatif depuis plus de 10 ans, j'ai \u00e0 c\u0153ur de partager des histoires inspirantes et de mettre en lumi\u00e8re les initiatives locales. Mon objectif est de sensibiliser et d'encourager l'engagement communautaire \u00e0 travers mes articles.\",\"sameAs\":[\"https:\/\/vieassociative.be\/\"]}]}<\/script>\n<!-- \/ Yoast SEO plugin. -->","yoast_head_json":{"title":"Merz qualifie Scholz de \u00ab chancelier dont il faut avoir honte \u00bb \u2013 le Bundestag allemand ouvre la voie \u00e0 de nouvelles \u00e9lections | Vie Associative","robots":{"index":"index","follow":"follow","max-snippet":"max-snippet:-1","max-image-preview":"max-image-preview:large","max-video-preview":"max-video-preview:-1"},"canonical":"https:\/\/vieassociative.be\/actualites\/merz-qualifie-scholz-de-chancelier-dont-il-faut-avoir-honte-le-bundestag-allemand-ouvre-la-voie-a-de-nouvelles-elections\/","og_locale":"fr_FR","og_type":"article","og_title":"Merz qualifie Scholz de \u00ab chancelier dont il faut avoir honte \u00bb \u2013 le Bundestag allemand ouvre la voie \u00e0 de nouvelles \u00e9lections | Vie Associative","og_description":"MISE \u00c0 JOUR &#8211; C&rsquo;est une d\u00e9faite comme pr\u00e9vu pour le chancelier allemand : le Bundestag lui a retir\u00e9 sa confiance. Il ne reste plus","og_url":"https:\/\/vieassociative.be\/actualites\/merz-qualifie-scholz-de-chancelier-dont-il-faut-avoir-honte-le-bundestag-allemand-ouvre-la-voie-a-de-nouvelles-elections\/","og_site_name":"Vie Associative","article_published_time":"2024-12-17T02:18:34+00:00","og_image":[{"width":279,"height":92,"url":"https:\/\/vieassociative.be\/actualites\/wp-content\/uploads\/2024\/09\/header_backgroundk-01-e1726694325946.png","type":"image\/png"}],"author":"Julien","twitter_card":"summary_large_image","twitter_misc":{"\u00c9crit par":"Julien","Dur\u00e9e de lecture est.":"5 minutes"},"schema":{"@context":"https:\/\/schema.org","@graph":[{"@type":"Article","@id":"https:\/\/vieassociative.be\/actualites\/merz-qualifie-scholz-de-chancelier-dont-il-faut-avoir-honte-le-bundestag-allemand-ouvre-la-voie-a-de-nouvelles-elections\/#article","isPartOf":{"@id":"https:\/\/vieassociative.be\/actualites\/merz-qualifie-scholz-de-chancelier-dont-il-faut-avoir-honte-le-bundestag-allemand-ouvre-la-voie-a-de-nouvelles-elections\/"},"author":{"name":"Julien","@id":"https:\/\/vieassociative.be\/actualites\/#\/schema\/person\/b87ac4f82f9d4e7b7cec7395b679edc4"},"headline":"Merz qualifie Scholz de \u00ab chancelier dont il faut avoir honte \u00bb \u2013 le Bundestag allemand ouvre la voie \u00e0 de nouvelles \u00e9lections","datePublished":"2024-12-17T02:18:34+00:00","dateModified":"2024-12-17T02:18:34+00:00","mainEntityOfPage":{"@id":"https:\/\/vieassociative.be\/actualites\/merz-qualifie-scholz-de-chancelier-dont-il-faut-avoir-honte-le-bundestag-allemand-ouvre-la-voie-a-de-nouvelles-elections\/"},"wordCount":1011,"publisher":{"@id":"https:\/\/vieassociative.be\/actualites\/#organization"},"image":{"@id":"https:\/\/vieassociative.be\/actualites\/merz-qualifie-scholz-de-chancelier-dont-il-faut-avoir-honte-le-bundestag-allemand-ouvre-la-voie-a-de-nouvelles-elections\/#primaryimage"},"thumbnailUrl":"https:\/\/vieassociative.be\/actualites\/wp-content\/uploads\/2024\/12\/1734401914_Merz-qualifie-Scholz-de-chancelier-dont-il-faut-avoir.jpg","keywords":["allemand","avoir","Bundestag","chancelier","dont","\u00e9lections","faut","honte","Merz","nouvelles","ouvre","qualifie","Scholz","voie"],"articleSection":["Belgique"],"inLanguage":"fr-BE"},{"@type":"WebPage","@id":"https:\/\/vieassociative.be\/actualites\/merz-qualifie-scholz-de-chancelier-dont-il-faut-avoir-honte-le-bundestag-allemand-ouvre-la-voie-a-de-nouvelles-elections\/","url":"https:\/\/vieassociative.be\/actualites\/merz-qualifie-scholz-de-chancelier-dont-il-faut-avoir-honte-le-bundestag-allemand-ouvre-la-voie-a-de-nouvelles-elections\/","name":"Merz qualifie Scholz de \u00ab chancelier dont il faut avoir honte \u00bb \u2013 le Bundestag allemand ouvre la voie \u00e0 de nouvelles \u00e9lections | Vie Associative","isPartOf":{"@id":"https:\/\/vieassociative.be\/actualites\/#website"},"primaryImageOfPage":{"@id":"https:\/\/vieassociative.be\/actualites\/merz-qualifie-scholz-de-chancelier-dont-il-faut-avoir-honte-le-bundestag-allemand-ouvre-la-voie-a-de-nouvelles-elections\/#primaryimage"},"image":{"@id":"https:\/\/vieassociative.be\/actualites\/merz-qualifie-scholz-de-chancelier-dont-il-faut-avoir-honte-le-bundestag-allemand-ouvre-la-voie-a-de-nouvelles-elections\/#primaryimage"},"thumbnailUrl":"https:\/\/vieassociative.be\/actualites\/wp-content\/uploads\/2024\/12\/1734401914_Merz-qualifie-Scholz-de-chancelier-dont-il-faut-avoir.jpg","datePublished":"2024-12-17T02:18:34+00:00","dateModified":"2024-12-17T02:18:34+00:00","breadcrumb":{"@id":"https:\/\/vieassociative.be\/actualites\/merz-qualifie-scholz-de-chancelier-dont-il-faut-avoir-honte-le-bundestag-allemand-ouvre-la-voie-a-de-nouvelles-elections\/#breadcrumb"},"inLanguage":"fr-BE","potentialAction":[{"@type":"ReadAction","target":["https:\/\/vieassociative.be\/actualites\/merz-qualifie-scholz-de-chancelier-dont-il-faut-avoir-honte-le-bundestag-allemand-ouvre-la-voie-a-de-nouvelles-elections\/"]}]},{"@type":"ImageObject","inLanguage":"fr-BE","@id":"https:\/\/vieassociative.be\/actualites\/merz-qualifie-scholz-de-chancelier-dont-il-faut-avoir-honte-le-bundestag-allemand-ouvre-la-voie-a-de-nouvelles-elections\/#primaryimage","url":"https:\/\/vieassociative.be\/actualites\/wp-content\/uploads\/2024\/12\/1734401914_Merz-qualifie-Scholz-de-chancelier-dont-il-faut-avoir.jpg","contentUrl":"https:\/\/vieassociative.be\/actualites\/wp-content\/uploads\/2024\/12\/1734401914_Merz-qualifie-Scholz-de-chancelier-dont-il-faut-avoir.jpg","width":1200,"height":801,"caption":"Merz qualifie Scholz de \u00ab chancelier dont il faut avoir honte \u00bb \u2013 le Bundestag allemand ouvre la voie \u00e0 de nouvelles \u00e9lections"},{"@type":"BreadcrumbList","@id":"https:\/\/vieassociative.be\/actualites\/merz-qualifie-scholz-de-chancelier-dont-il-faut-avoir-honte-le-bundestag-allemand-ouvre-la-voie-a-de-nouvelles-elections\/#breadcrumb","itemListElement":[{"@type":"ListItem","position":1,"name":"Accueil","item":"https:\/\/vieassociative.be\/actualites\/"},{"@type":"ListItem","position":2,"name":"Merz qualifie Scholz de \u00ab chancelier dont il faut avoir honte \u00bb \u2013 le Bundestag allemand ouvre la voie \u00e0 de nouvelles \u00e9lections"}]},{"@type":"WebSite","@id":"https:\/\/vieassociative.be\/actualites\/#website","url":"https:\/\/vieassociative.be\/actualites\/","name":"Vie Associative","description":"","publisher":{"@id":"https:\/\/vieassociative.be\/actualites\/#organization"},"potentialAction":[{"@type":"SearchAction","target":{"@type":"EntryPoint","urlTemplate":"https:\/\/vieassociative.be\/actualites\/?s={search_term_string}"},"query-input":{"@type":"PropertyValueSpecification","valueRequired":true,"valueName":"search_term_string"}}],"inLanguage":"fr-BE"},{"@type":"Organization","@id":"https:\/\/vieassociative.be\/actualites\/#organization","name":"Vie Associative","url":"https:\/\/vieassociative.be\/actualites\/","logo":{"@type":"ImageObject","inLanguage":"fr-BE","@id":"https:\/\/vieassociative.be\/actualites\/#\/schema\/logo\/image\/","url":"https:\/\/vieassociative.be\/actualites\/wp-content\/uploads\/2024\/09\/cropped-vieassociative_favicon.ico.png","contentUrl":"https:\/\/vieassociative.be\/actualites\/wp-content\/uploads\/2024\/09\/cropped-vieassociative_favicon.ico.png","width":512,"height":512,"caption":"Vie Associative"},"image":{"@id":"https:\/\/vieassociative.be\/actualites\/#\/schema\/logo\/image\/"}},{"@type":"Person","@id":"https:\/\/vieassociative.be\/actualites\/#\/schema\/person\/b87ac4f82f9d4e7b7cec7395b679edc4","name":"Julien","image":{"@type":"ImageObject","inLanguage":"fr-BE","@id":"https:\/\/vieassociative.be\/actualites\/#\/schema\/person\/image\/","url":"https:\/\/vieassociative.be\/actualites\/wp-content\/uploads\/2024\/09\/vie-associative-1-150x150.jpg","contentUrl":"https:\/\/vieassociative.be\/actualites\/wp-content\/uploads\/2024\/09\/vie-associative-1-150x150.jpg","caption":"Julien"},"description":"Je suis Julien, r\u00e9dacteur pour Vie Associative. Passionn\u00e9 par le monde associatif depuis plus de 10 ans, j'ai \u00e0 c\u0153ur de partager des histoires inspirantes et de mettre en lumi\u00e8re les initiatives locales. Mon objectif est de sensibiliser et d'encourager l'engagement communautaire \u00e0 travers mes articles.","sameAs":["https:\/\/vieassociative.be\/"]}]}},"_links":{"self":[{"href":"https:\/\/vieassociative.be\/actualites\/wp-json\/wp\/v2\/posts\/3459"}],"collection":[{"href":"https:\/\/vieassociative.be\/actualites\/wp-json\/wp\/v2\/posts"}],"about":[{"href":"https:\/\/vieassociative.be\/actualites\/wp-json\/wp\/v2\/types\/post"}],"author":[{"embeddable":true,"href":"https:\/\/vieassociative.be\/actualites\/wp-json\/wp\/v2\/users\/1"}],"replies":[{"embeddable":true,"href":"https:\/\/vieassociative.be\/actualites\/wp-json\/wp\/v2\/comments?post=3459"}],"version-history":[{"count":0,"href":"https:\/\/vieassociative.be\/actualites\/wp-json\/wp\/v2\/posts\/3459\/revisions"}],"wp:featuredmedia":[{"embeddable":true,"href":"https:\/\/vieassociative.be\/actualites\/wp-json\/wp\/v2\/media\/3460"}],"wp:attachment":[{"href":"https:\/\/vieassociative.be\/actualites\/wp-json\/wp\/v2\/media?parent=3459"}],"wp:term":[{"taxonomy":"category","embeddable":true,"href":"https:\/\/vieassociative.be\/actualites\/wp-json\/wp\/v2\/categories?post=3459"},{"taxonomy":"post_tag","embeddable":true,"href":"https:\/\/vieassociative.be\/actualites\/wp-json\/wp\/v2\/tags?post=3459"}],"curies":[{"name":"wp","href":"https:\/\/api.w.org\/{rel}","templated":true}]}}