{"id":3453,"date":"2024-12-17T00:18:11","date_gmt":"2024-12-16T23:18:11","guid":{"rendered":"https:\/\/vieassociative.be\/actualites\/a-quel-point-le-froid-est-il-froid-pour-un-chien\/"},"modified":"2024-12-17T00:18:11","modified_gmt":"2024-12-16T23:18:11","slug":"a-quel-point-le-froid-est-il-froid-pour-un-chien","status":"publish","type":"post","link":"https:\/\/vieassociative.be\/actualites\/a-quel-point-le-froid-est-il-froid-pour-un-chien\/","title":{"rendered":"\u00c0 quel point le froid est-il \u00ab froid \u00bb pour un chien ?"},"content":{"rendered":"<div class=\"mt-4 leading-6 md:mb-8\">Ce qu\u2019il faut savoir pour assurer la s\u00e9curit\u00e9 de votre chien par temps froid et hivernal.<\/div>\n<p><\/p>\n<p>L&rsquo;hiver n&rsquo;est peut-\u00eatre pas la saison pr\u00e9f\u00e9r\u00e9e de tout le monde, mais il produit certains des meilleurs contenus (ou du moins les plus mignons) sur Internet : des vid\u00e9os de chiots jouant dans la neige. Mais s&rsquo;amuser rapidement dans la poudreuse fra\u00eeche est une chose : que diriez-vous de rester dehors ou de plus longues p\u00e9riodes ?<\/p>\n<p>En bref, le temps qu&rsquo;un chien peut passer dehors par temps froid d\u00e9pend d&rsquo;un certain nombre de facteurs, notamment sa race, sa taille, son \u00e2ge, son \u00e9tat de sant\u00e9 et son pelage. Voici ce qu&rsquo;il faut savoir.<\/p>\n<h2 id=\"how-long-can-dogs-stay-outside-in-the-winter\">Combien de temps les chiens peuvent-ils rester dehors en hiver ?<\/h2>\n<p>Selon l&rsquo;American Kennel Club (AKC), il n&rsquo;existe pas de r\u00e8gle unique quant \u00e0 la dur\u00e9e pendant laquelle les chiens peuvent rester dehors en toute s\u00e9curit\u00e9 les jours o\u00f9 les temp\u00e9ratures sont plus froides. Mais d&rsquo;une mani\u00e8re g\u00e9n\u00e9rale, les chiens plus grands avec un pelage plus \u00e9pais sont capables de rester dehors par temps froid plus longtemps que les petits chiens \u00e0 un seul poil ou sans poils, qui peuvent passer plus de temps dehors par temps chaud, mais ne sont pas \u00e9quip\u00e9s pour supporter le froid.<\/p>\n<p>En plus de sa taille et de sa race, vous devez \u00e9galement prendre en compte des facteurs tels que l&rsquo;\u00e2ge de votre chien, son \u00e9tat de sant\u00e9 g\u00e9n\u00e9ral et la longueur de son pelage pour d\u00e9terminer combien de temps il peut rester dehors en toute s\u00e9curit\u00e9 en hiver, mais la v\u00e9t\u00e9rinaire Dr Sarah Wooten a partag\u00e9 ces lignes directrices avec l&rsquo;AKC\u00a0:<\/p>\n<ul>\n<li>\n<p><strong>Chiots de moins de 8 semaines<\/strong>: Conserver \u00e0 l&rsquo;int\u00e9rieur par temps froid<\/p>\n<\/li>\n<li>\n<p><strong>Races de jouets<\/strong>: Conserver \u00e0 l&rsquo;int\u00e9rieur par temps froid<\/p>\n<\/li>\n<li>\n<p><strong>Races brachyc\u00e9phales<\/strong> (c&rsquo;est-\u00e0-dire les chiens au nez court, comme les carlins et les bouledogues fran\u00e7ais)\u00a0: garder \u00e0 l&rsquo;int\u00e9rieur (surtout lorsque vous faites de l&rsquo;exercice)<\/p>\n<\/li>\n<li>\n<p><strong>Races plus petites<\/strong>: Limiter les sorties par temp\u00e9ratures inf\u00e9rieures \u00e0 32\u00baF \u00e0 10-15 minutes<\/p>\n<\/li>\n<li>\n<p><strong>Races plus grandes<\/strong>: Limiter les sorties \u00e0 des temp\u00e9ratures inf\u00e9rieures \u00e0 32\u00baF \u00e0 30-60 minutes<\/p>\n<\/li>\n<li>\n<p><strong>Races arctiques<\/strong>: Peuvent rester dehors ind\u00e9finiment au froid, \u00e0 condition d&rsquo;\u00eatre acclimat\u00e9s<\/p>\n<\/li>\n<\/ul>\n<p>L&rsquo;American Society for the Prevention of Cruelty to Animals (ASPCA) a une recommandation encore plus simple : \u00ab S&rsquo;il fait trop froid pour vous, il fait probablement trop froid pour votre animal de compagnie, alors gardez vos animaux \u00e0 l&rsquo;int\u00e9rieur. \u00bb<\/p>\n<h2 id=\"signs-of-hypothermia-in-dogs\">Signes d&rsquo;hypothermie chez le chien<\/h2>\n<p>Si un chien reste trop longtemps dehors par temps froid, il court le risque de d\u00e9velopper une hypothermie, qui s&rsquo;installe lorsque sa temp\u00e9rature corporelle descend en dessous de 99\u00b0F. En plus des frissons et du fait de se recroqueviller pour se r\u00e9chauffer, d&rsquo;autres signes d&rsquo;hypothermie chez les chiens comprennent des pupilles dilat\u00e9es, une augmentation de la fr\u00e9quence cardiaque suivie d&rsquo;un rythme cardiaque plus lent, de la lenteur et des r\u00e9flexes retard\u00e9s, selon l&rsquo;AKC. <\/p>\n<p>Pour plus d&rsquo;informations sur la s\u00e9curit\u00e9 des chiens par temps froid, consultez certaines des ressources fournies par l&rsquo;AKC, l&rsquo;ASPCA et la Croix-Rouge.<\/p>\n","protected":false},"excerpt":{"rendered":"<p>Ce qu\u2019il faut savoir pour assurer la s\u00e9curit\u00e9 de votre chien par temps froid et hivernal. L&rsquo;hiver n&rsquo;est peut-\u00eatre pas la saison pr\u00e9f\u00e9r\u00e9e de tout<\/p>\n","protected":false},"author":1,"featured_media":3454,"comment_status":"","ping_status":"","sticky":false,"template":"","format":"standard","meta":{"footnotes":""},"categories":[37],"tags":[91,586,1130,174,81,794],"class_list":["post-3453","post","type-post","status-publish","format-standard","has-post-thumbnail","hentry","category-famille","tag-chien","tag-estil","tag-froid","tag-point","tag-pour","tag-quel","generate-columns","tablet-grid-50","mobile-grid-100","grid-parent","grid-33"],"yoast_head":"<!-- This site is optimized with the Yoast SEO plugin v24.0 - https:\/\/yoast.com\/wordpress\/plugins\/seo\/ -->\n<title>\u00c0 quel point le froid est-il \u00ab froid \u00bb pour un chien ? | Vie Associative<\/title>\n<meta name=\"robots\" content=\"index, follow, max-snippet:-1, max-image-preview:large, max-video-preview:-1\" \/>\n<link rel=\"canonical\" href=\"https:\/\/vieassociative.be\/actualites\/a-quel-point-le-froid-est-il-froid-pour-un-chien\/\" \/>\n<meta property=\"og:locale\" content=\"fr_FR\" \/>\n<meta property=\"og:type\" content=\"article\" \/>\n<meta property=\"og:title\" content=\"\u00c0 quel point le froid est-il \u00ab froid \u00bb pour un chien ? | Vie Associative\" \/>\n<meta property=\"og:description\" content=\"Ce qu\u2019il faut savoir pour assurer la s\u00e9curit\u00e9 de votre chien par temps froid et hivernal. L&rsquo;hiver n&rsquo;est peut-\u00eatre pas la saison pr\u00e9f\u00e9r\u00e9e de tout\" \/>\n<meta property=\"og:url\" content=\"https:\/\/vieassociative.be\/actualites\/a-quel-point-le-froid-est-il-froid-pour-un-chien\/\" \/>\n<meta property=\"og:site_name\" content=\"Vie Associative\" \/>\n<meta property=\"article:published_time\" content=\"2024-12-16T23:18:11+00:00\" \/>\n<meta property=\"og:image\" content=\"https:\/\/vieassociative.be\/actualites\/wp-content\/uploads\/2024\/09\/header_backgroundk-01-e1726694325946.png\" \/>\n\t<meta property=\"og:image:width\" content=\"279\" \/>\n\t<meta property=\"og:image:height\" content=\"92\" \/>\n\t<meta property=\"og:image:type\" content=\"image\/png\" \/>\n<meta name=\"author\" content=\"Julien\" \/>\n<meta name=\"twitter:card\" content=\"summary_large_image\" \/>\n<meta name=\"twitter:label1\" content=\"\u00c9crit par\" \/>\n\t<meta name=\"twitter:data1\" content=\"Julien\" \/>\n\t<meta name=\"twitter:label2\" content=\"Dur\u00e9e de lecture est.\" \/>\n\t<meta name=\"twitter:data2\" content=\"3 minutes\" \/>\n<script type=\"application\/ld+json\" class=\"yoast-schema-graph\">{\"@context\":\"https:\/\/schema.org\",\"@graph\":[{\"@type\":\"Article\",\"@id\":\"https:\/\/vieassociative.be\/actualites\/a-quel-point-le-froid-est-il-froid-pour-un-chien\/#article\",\"isPartOf\":{\"@id\":\"https:\/\/vieassociative.be\/actualites\/a-quel-point-le-froid-est-il-froid-pour-un-chien\/\"},\"author\":{\"name\":\"Julien\",\"@id\":\"https:\/\/vieassociative.be\/actualites\/#\/schema\/person\/b87ac4f82f9d4e7b7cec7395b679edc4\"},\"headline\":\"\u00c0 quel point le froid est-il \u00ab froid \u00bb pour un chien ?\",\"datePublished\":\"2024-12-16T23:18:11+00:00\",\"dateModified\":\"2024-12-16T23:18:11+00:00\",\"mainEntityOfPage\":{\"@id\":\"https:\/\/vieassociative.be\/actualites\/a-quel-point-le-froid-est-il-froid-pour-un-chien\/\"},\"wordCount\":558,\"publisher\":{\"@id\":\"https:\/\/vieassociative.be\/actualites\/#organization\"},\"image\":{\"@id\":\"https:\/\/vieassociative.be\/actualites\/a-quel-point-le-froid-est-il-froid-pour-un-chien\/#primaryimage\"},\"thumbnailUrl\":\"https:\/\/vieassociative.be\/actualites\/wp-content\/uploads\/2024\/12\/A-quel-point-le-froid-est-il-froid-pour.jpg\",\"keywords\":[\"chien\",\"estil\",\"froid\",\"point\",\"pour\",\"Quel\"],\"articleSection\":[\"Famille\"],\"inLanguage\":\"fr-BE\"},{\"@type\":\"WebPage\",\"@id\":\"https:\/\/vieassociative.be\/actualites\/a-quel-point-le-froid-est-il-froid-pour-un-chien\/\",\"url\":\"https:\/\/vieassociative.be\/actualites\/a-quel-point-le-froid-est-il-froid-pour-un-chien\/\",\"name\":\"\u00c0 quel point le froid est-il \u00ab froid \u00bb pour un chien ? | Vie Associative\",\"isPartOf\":{\"@id\":\"https:\/\/vieassociative.be\/actualites\/#website\"},\"primaryImageOfPage\":{\"@id\":\"https:\/\/vieassociative.be\/actualites\/a-quel-point-le-froid-est-il-froid-pour-un-chien\/#primaryimage\"},\"image\":{\"@id\":\"https:\/\/vieassociative.be\/actualites\/a-quel-point-le-froid-est-il-froid-pour-un-chien\/#primaryimage\"},\"thumbnailUrl\":\"https:\/\/vieassociative.be\/actualites\/wp-content\/uploads\/2024\/12\/A-quel-point-le-froid-est-il-froid-pour.jpg\",\"datePublished\":\"2024-12-16T23:18:11+00:00\",\"dateModified\":\"2024-12-16T23:18:11+00:00\",\"breadcrumb\":{\"@id\":\"https:\/\/vieassociative.be\/actualites\/a-quel-point-le-froid-est-il-froid-pour-un-chien\/#breadcrumb\"},\"inLanguage\":\"fr-BE\",\"potentialAction\":[{\"@type\":\"ReadAction\",\"target\":[\"https:\/\/vieassociative.be\/actualites\/a-quel-point-le-froid-est-il-froid-pour-un-chien\/\"]}]},{\"@type\":\"ImageObject\",\"inLanguage\":\"fr-BE\",\"@id\":\"https:\/\/vieassociative.be\/actualites\/a-quel-point-le-froid-est-il-froid-pour-un-chien\/#primaryimage\",\"url\":\"https:\/\/vieassociative.be\/actualites\/wp-content\/uploads\/2024\/12\/A-quel-point-le-froid-est-il-froid-pour.jpg\",\"contentUrl\":\"https:\/\/vieassociative.be\/actualites\/wp-content\/uploads\/2024\/12\/A-quel-point-le-froid-est-il-froid-pour.jpg\",\"width\":1200,\"height\":675,\"caption\":\"\u00c0 quel point le froid est-il \u00ab froid \u00bb pour un chien ?\"},{\"@type\":\"BreadcrumbList\",\"@id\":\"https:\/\/vieassociative.be\/actualites\/a-quel-point-le-froid-est-il-froid-pour-un-chien\/#breadcrumb\",\"itemListElement\":[{\"@type\":\"ListItem\",\"position\":1,\"name\":\"Accueil\",\"item\":\"https:\/\/vieassociative.be\/actualites\/\"},{\"@type\":\"ListItem\",\"position\":2,\"name\":\"\u00c0 quel point le froid est-il \u00ab froid \u00bb pour un chien ?\"}]},{\"@type\":\"WebSite\",\"@id\":\"https:\/\/vieassociative.be\/actualites\/#website\",\"url\":\"https:\/\/vieassociative.be\/actualites\/\",\"name\":\"Vie Associative\",\"description\":\"\",\"publisher\":{\"@id\":\"https:\/\/vieassociative.be\/actualites\/#organization\"},\"potentialAction\":[{\"@type\":\"SearchAction\",\"target\":{\"@type\":\"EntryPoint\",\"urlTemplate\":\"https:\/\/vieassociative.be\/actualites\/?s={search_term_string}\"},\"query-input\":{\"@type\":\"PropertyValueSpecification\",\"valueRequired\":true,\"valueName\":\"search_term_string\"}}],\"inLanguage\":\"fr-BE\"},{\"@type\":\"Organization\",\"@id\":\"https:\/\/vieassociative.be\/actualites\/#organization\",\"name\":\"Vie Associative\",\"url\":\"https:\/\/vieassociative.be\/actualites\/\",\"logo\":{\"@type\":\"ImageObject\",\"inLanguage\":\"fr-BE\",\"@id\":\"https:\/\/vieassociative.be\/actualites\/#\/schema\/logo\/image\/\",\"url\":\"https:\/\/vieassociative.be\/actualites\/wp-content\/uploads\/2024\/09\/cropped-vieassociative_favicon.ico.png\",\"contentUrl\":\"https:\/\/vieassociative.be\/actualites\/wp-content\/uploads\/2024\/09\/cropped-vieassociative_favicon.ico.png\",\"width\":512,\"height\":512,\"caption\":\"Vie Associative\"},\"image\":{\"@id\":\"https:\/\/vieassociative.be\/actualites\/#\/schema\/logo\/image\/\"}},{\"@type\":\"Person\",\"@id\":\"https:\/\/vieassociative.be\/actualites\/#\/schema\/person\/b87ac4f82f9d4e7b7cec7395b679edc4\",\"name\":\"Julien\",\"image\":{\"@type\":\"ImageObject\",\"inLanguage\":\"fr-BE\",\"@id\":\"https:\/\/vieassociative.be\/actualites\/#\/schema\/person\/image\/\",\"url\":\"https:\/\/vieassociative.be\/actualites\/wp-content\/uploads\/2024\/09\/vie-associative-1-150x150.jpg\",\"contentUrl\":\"https:\/\/vieassociative.be\/actualites\/wp-content\/uploads\/2024\/09\/vie-associative-1-150x150.jpg\",\"caption\":\"Julien\"},\"description\":\"Je suis Julien, r\u00e9dacteur pour Vie Associative. Passionn\u00e9 par le monde associatif depuis plus de 10 ans, j'ai \u00e0 c\u0153ur de partager des histoires inspirantes et de mettre en lumi\u00e8re les initiatives locales. Mon objectif est de sensibiliser et d'encourager l'engagement communautaire \u00e0 travers mes articles.\",\"sameAs\":[\"https:\/\/vieassociative.be\/\"]}]}<\/script>\n<!-- \/ Yoast SEO plugin. -->","yoast_head_json":{"title":"\u00c0 quel point le froid est-il \u00ab froid \u00bb pour un chien ? | Vie Associative","robots":{"index":"index","follow":"follow","max-snippet":"max-snippet:-1","max-image-preview":"max-image-preview:large","max-video-preview":"max-video-preview:-1"},"canonical":"https:\/\/vieassociative.be\/actualites\/a-quel-point-le-froid-est-il-froid-pour-un-chien\/","og_locale":"fr_FR","og_type":"article","og_title":"\u00c0 quel point le froid est-il \u00ab froid \u00bb pour un chien ? | Vie Associative","og_description":"Ce qu\u2019il faut savoir pour assurer la s\u00e9curit\u00e9 de votre chien par temps froid et hivernal. L&rsquo;hiver n&rsquo;est peut-\u00eatre pas la saison pr\u00e9f\u00e9r\u00e9e de tout","og_url":"https:\/\/vieassociative.be\/actualites\/a-quel-point-le-froid-est-il-froid-pour-un-chien\/","og_site_name":"Vie Associative","article_published_time":"2024-12-16T23:18:11+00:00","og_image":[{"width":279,"height":92,"url":"https:\/\/vieassociative.be\/actualites\/wp-content\/uploads\/2024\/09\/header_backgroundk-01-e1726694325946.png","type":"image\/png"}],"author":"Julien","twitter_card":"summary_large_image","twitter_misc":{"\u00c9crit par":"Julien","Dur\u00e9e de lecture est.":"3 minutes"},"schema":{"@context":"https:\/\/schema.org","@graph":[{"@type":"Article","@id":"https:\/\/vieassociative.be\/actualites\/a-quel-point-le-froid-est-il-froid-pour-un-chien\/#article","isPartOf":{"@id":"https:\/\/vieassociative.be\/actualites\/a-quel-point-le-froid-est-il-froid-pour-un-chien\/"},"author":{"name":"Julien","@id":"https:\/\/vieassociative.be\/actualites\/#\/schema\/person\/b87ac4f82f9d4e7b7cec7395b679edc4"},"headline":"\u00c0 quel point le froid est-il \u00ab froid \u00bb pour un chien ?","datePublished":"2024-12-16T23:18:11+00:00","dateModified":"2024-12-16T23:18:11+00:00","mainEntityOfPage":{"@id":"https:\/\/vieassociative.be\/actualites\/a-quel-point-le-froid-est-il-froid-pour-un-chien\/"},"wordCount":558,"publisher":{"@id":"https:\/\/vieassociative.be\/actualites\/#organization"},"image":{"@id":"https:\/\/vieassociative.be\/actualites\/a-quel-point-le-froid-est-il-froid-pour-un-chien\/#primaryimage"},"thumbnailUrl":"https:\/\/vieassociative.be\/actualites\/wp-content\/uploads\/2024\/12\/A-quel-point-le-froid-est-il-froid-pour.jpg","keywords":["chien","estil","froid","point","pour","Quel"],"articleSection":["Famille"],"inLanguage":"fr-BE"},{"@type":"WebPage","@id":"https:\/\/vieassociative.be\/actualites\/a-quel-point-le-froid-est-il-froid-pour-un-chien\/","url":"https:\/\/vieassociative.be\/actualites\/a-quel-point-le-froid-est-il-froid-pour-un-chien\/","name":"\u00c0 quel point le froid est-il \u00ab froid \u00bb pour un chien ? | Vie Associative","isPartOf":{"@id":"https:\/\/vieassociative.be\/actualites\/#website"},"primaryImageOfPage":{"@id":"https:\/\/vieassociative.be\/actualites\/a-quel-point-le-froid-est-il-froid-pour-un-chien\/#primaryimage"},"image":{"@id":"https:\/\/vieassociative.be\/actualites\/a-quel-point-le-froid-est-il-froid-pour-un-chien\/#primaryimage"},"thumbnailUrl":"https:\/\/vieassociative.be\/actualites\/wp-content\/uploads\/2024\/12\/A-quel-point-le-froid-est-il-froid-pour.jpg","datePublished":"2024-12-16T23:18:11+00:00","dateModified":"2024-12-16T23:18:11+00:00","breadcrumb":{"@id":"https:\/\/vieassociative.be\/actualites\/a-quel-point-le-froid-est-il-froid-pour-un-chien\/#breadcrumb"},"inLanguage":"fr-BE","potentialAction":[{"@type":"ReadAction","target":["https:\/\/vieassociative.be\/actualites\/a-quel-point-le-froid-est-il-froid-pour-un-chien\/"]}]},{"@type":"ImageObject","inLanguage":"fr-BE","@id":"https:\/\/vieassociative.be\/actualites\/a-quel-point-le-froid-est-il-froid-pour-un-chien\/#primaryimage","url":"https:\/\/vieassociative.be\/actualites\/wp-content\/uploads\/2024\/12\/A-quel-point-le-froid-est-il-froid-pour.jpg","contentUrl":"https:\/\/vieassociative.be\/actualites\/wp-content\/uploads\/2024\/12\/A-quel-point-le-froid-est-il-froid-pour.jpg","width":1200,"height":675,"caption":"\u00c0 quel point le froid est-il \u00ab froid \u00bb pour un chien ?"},{"@type":"BreadcrumbList","@id":"https:\/\/vieassociative.be\/actualites\/a-quel-point-le-froid-est-il-froid-pour-un-chien\/#breadcrumb","itemListElement":[{"@type":"ListItem","position":1,"name":"Accueil","item":"https:\/\/vieassociative.be\/actualites\/"},{"@type":"ListItem","position":2,"name":"\u00c0 quel point le froid est-il \u00ab froid \u00bb pour un chien ?"}]},{"@type":"WebSite","@id":"https:\/\/vieassociative.be\/actualites\/#website","url":"https:\/\/vieassociative.be\/actualites\/","name":"Vie Associative","description":"","publisher":{"@id":"https:\/\/vieassociative.be\/actualites\/#organization"},"potentialAction":[{"@type":"SearchAction","target":{"@type":"EntryPoint","urlTemplate":"https:\/\/vieassociative.be\/actualites\/?s={search_term_string}"},"query-input":{"@type":"PropertyValueSpecification","valueRequired":true,"valueName":"search_term_string"}}],"inLanguage":"fr-BE"},{"@type":"Organization","@id":"https:\/\/vieassociative.be\/actualites\/#organization","name":"Vie Associative","url":"https:\/\/vieassociative.be\/actualites\/","logo":{"@type":"ImageObject","inLanguage":"fr-BE","@id":"https:\/\/vieassociative.be\/actualites\/#\/schema\/logo\/image\/","url":"https:\/\/vieassociative.be\/actualites\/wp-content\/uploads\/2024\/09\/cropped-vieassociative_favicon.ico.png","contentUrl":"https:\/\/vieassociative.be\/actualites\/wp-content\/uploads\/2024\/09\/cropped-vieassociative_favicon.ico.png","width":512,"height":512,"caption":"Vie Associative"},"image":{"@id":"https:\/\/vieassociative.be\/actualites\/#\/schema\/logo\/image\/"}},{"@type":"Person","@id":"https:\/\/vieassociative.be\/actualites\/#\/schema\/person\/b87ac4f82f9d4e7b7cec7395b679edc4","name":"Julien","image":{"@type":"ImageObject","inLanguage":"fr-BE","@id":"https:\/\/vieassociative.be\/actualites\/#\/schema\/person\/image\/","url":"https:\/\/vieassociative.be\/actualites\/wp-content\/uploads\/2024\/09\/vie-associative-1-150x150.jpg","contentUrl":"https:\/\/vieassociative.be\/actualites\/wp-content\/uploads\/2024\/09\/vie-associative-1-150x150.jpg","caption":"Julien"},"description":"Je suis Julien, r\u00e9dacteur pour Vie Associative. Passionn\u00e9 par le monde associatif depuis plus de 10 ans, j'ai \u00e0 c\u0153ur de partager des histoires inspirantes et de mettre en lumi\u00e8re les initiatives locales. Mon objectif est de sensibiliser et d'encourager l'engagement communautaire \u00e0 travers mes articles.","sameAs":["https:\/\/vieassociative.be\/"]}]}},"_links":{"self":[{"href":"https:\/\/vieassociative.be\/actualites\/wp-json\/wp\/v2\/posts\/3453"}],"collection":[{"href":"https:\/\/vieassociative.be\/actualites\/wp-json\/wp\/v2\/posts"}],"about":[{"href":"https:\/\/vieassociative.be\/actualites\/wp-json\/wp\/v2\/types\/post"}],"author":[{"embeddable":true,"href":"https:\/\/vieassociative.be\/actualites\/wp-json\/wp\/v2\/users\/1"}],"replies":[{"embeddable":true,"href":"https:\/\/vieassociative.be\/actualites\/wp-json\/wp\/v2\/comments?post=3453"}],"version-history":[{"count":0,"href":"https:\/\/vieassociative.be\/actualites\/wp-json\/wp\/v2\/posts\/3453\/revisions"}],"wp:featuredmedia":[{"embeddable":true,"href":"https:\/\/vieassociative.be\/actualites\/wp-json\/wp\/v2\/media\/3454"}],"wp:attachment":[{"href":"https:\/\/vieassociative.be\/actualites\/wp-json\/wp\/v2\/media?parent=3453"}],"wp:term":[{"taxonomy":"category","embeddable":true,"href":"https:\/\/vieassociative.be\/actualites\/wp-json\/wp\/v2\/categories?post=3453"},{"taxonomy":"post_tag","embeddable":true,"href":"https:\/\/vieassociative.be\/actualites\/wp-json\/wp\/v2\/tags?post=3453"}],"curies":[{"name":"wp","href":"https:\/\/api.w.org\/{rel}","templated":true}]}}