{"id":3450,"date":"2024-12-16T21:17:42","date_gmt":"2024-12-16T20:17:42","guid":{"rendered":"https:\/\/vieassociative.be\/actualites\/championnat-deurope-de-football-feminin-2025-la-belgique-est-dans-un-groupe-difficile-avec-lespagne-le-portugal-et-litalie\/"},"modified":"2024-12-16T21:17:42","modified_gmt":"2024-12-16T20:17:42","slug":"championnat-deurope-de-football-feminin-2025-la-belgique-est-dans-un-groupe-difficile-avec-lespagne-le-portugal-et-litalie","status":"publish","type":"post","link":"https:\/\/vieassociative.be\/actualites\/championnat-deurope-de-football-feminin-2025-la-belgique-est-dans-un-groupe-difficile-avec-lespagne-le-portugal-et-litalie\/","title":{"rendered":"Championnat d&rsquo;Europe de football f\u00e9minin 2025 : la Belgique est dans un groupe difficile avec l&rsquo;Espagne, le Portugal et l&rsquo;Italie"},"content":{"rendered":"<p><strong>Les Red Flames participeront au Championnat d&rsquo;Europe de football f\u00e9minin 2025 en Suisse dans moins de six mois. L&rsquo;\u00e9quipe d&rsquo;Ives Serneels s&rsquo;est qualifi\u00e9e pour la troisi\u00e8me fois cons\u00e9cutive pour la finale de ce tournoi majeur, apr\u00e8s avoir atteint les quarts de finale en 2022.<\/strong><\/p>\n<p><span id=\"more-404251\"><\/span>Pour r\u00e9it\u00e9rer ce succ\u00e8s, la Belgique aura beaucoup de travail devant elle. Les Red Flames esp\u00e9raient former un groupe avec la Suisse lors du tirage au sort de lundi \u00e0 Lausanne, mais ils affronteront l&rsquo;Espagne, championne du monde en titre, ainsi que l&rsquo;Italie et le Portugal. Une sorte de groupe de marteaux.<\/p>\n<p>Les Red Flames d\u00e9butent leur tournoi contre l&rsquo;Italie. Viennent ensuite le Portugal et l&rsquo;Espagne, deux rencontres (tr\u00e8s) compliqu\u00e9es sur le papier.<\/p>\n<p>La Suisse, la Norv\u00e8ge et la Finlande se retrouvent dans les autres groupes. Dans le groupe, l&rsquo;Allemagne affrontera le Danemark, la Pologne et la Su\u00e8de. Enfin, la France rencontre l&rsquo;Angleterre en ouverture du groupe D. Le Pays de Galles et les Pays-Bas sont les deux autres adversaires du groupe. Il s&rsquo;agit \u00e9galement du v\u00e9ritable groupe de p\u00e9tards, compos\u00e9 de la France, de l&rsquo;Angleterre, du Pays de Galles et des Pays-Bas. Le match d&rsquo;ouverture sera jou\u00e9 par l&rsquo;\u00e9quipe h\u00f4te de la Suisse \u00e0 B\u00e2le contre la Norv\u00e8ge. (cr\u00e9er)<\/p>\n","protected":false},"excerpt":{"rendered":"<p>Les Red Flames participeront au Championnat d&rsquo;Europe de football f\u00e9minin 2025 en Suisse dans moins de six mois. L&rsquo;\u00e9quipe d&rsquo;Ives Serneels s&rsquo;est qualifi\u00e9e pour la<\/p>\n","protected":false},"author":1,"featured_media":3451,"comment_status":"","ping_status":"","sticky":false,"template":"","format":"standard","meta":{"footnotes":""},"categories":[298],"tags":[61,383,4054,166,3976,3470,76,4055,1104,1827,2511,3003,4056],"class_list":["post-3450","post","type-post","status-publish","format-standard","has-post-thumbnail","hentry","category-belgique","tag-avec","tag-belgique","tag-championnat","tag-dans","tag-deurope","tag-difficile","tag-est","tag-feminin","tag-football","tag-groupe","tag-lespagne","tag-litalie","tag-portugal","generate-columns","tablet-grid-50","mobile-grid-100","grid-parent","grid-33"],"yoast_head":"<!-- This site is optimized with the Yoast SEO plugin v24.0 - https:\/\/yoast.com\/wordpress\/plugins\/seo\/ -->\n<title>Championnat d&#039;Europe de football f\u00e9minin 2025 : la Belgique est dans un groupe difficile avec l&#039;Espagne, le Portugal et l&#039;Italie | Vie Associative<\/title>\n<meta name=\"robots\" content=\"index, follow, max-snippet:-1, max-image-preview:large, max-video-preview:-1\" \/>\n<link rel=\"canonical\" href=\"https:\/\/vieassociative.be\/actualites\/championnat-deurope-de-football-feminin-2025-la-belgique-est-dans-un-groupe-difficile-avec-lespagne-le-portugal-et-litalie\/\" \/>\n<meta property=\"og:locale\" content=\"fr_FR\" \/>\n<meta property=\"og:type\" content=\"article\" \/>\n<meta property=\"og:title\" content=\"Championnat d&#039;Europe de football f\u00e9minin 2025 : la Belgique est dans un groupe difficile avec l&#039;Espagne, le Portugal et l&#039;Italie | Vie Associative\" \/>\n<meta property=\"og:description\" content=\"Les Red Flames participeront au Championnat d&rsquo;Europe de football f\u00e9minin 2025 en Suisse dans moins de six mois. L&rsquo;\u00e9quipe d&rsquo;Ives Serneels s&rsquo;est qualifi\u00e9e pour la\" \/>\n<meta property=\"og:url\" content=\"https:\/\/vieassociative.be\/actualites\/championnat-deurope-de-football-feminin-2025-la-belgique-est-dans-un-groupe-difficile-avec-lespagne-le-portugal-et-litalie\/\" \/>\n<meta property=\"og:site_name\" content=\"Vie Associative\" \/>\n<meta property=\"article:published_time\" content=\"2024-12-16T20:17:42+00:00\" \/>\n<meta property=\"og:image\" content=\"https:\/\/vieassociative.be\/actualites\/wp-content\/uploads\/2024\/09\/header_backgroundk-01-e1726694325946.png\" \/>\n\t<meta property=\"og:image:width\" content=\"279\" \/>\n\t<meta property=\"og:image:height\" content=\"92\" \/>\n\t<meta property=\"og:image:type\" content=\"image\/png\" \/>\n<meta name=\"author\" content=\"Julien\" \/>\n<meta name=\"twitter:card\" content=\"summary_large_image\" \/>\n<meta name=\"twitter:label1\" content=\"\u00c9crit par\" \/>\n\t<meta name=\"twitter:data1\" content=\"Julien\" \/>\n\t<meta name=\"twitter:label2\" content=\"Dur\u00e9e de lecture est.\" \/>\n\t<meta name=\"twitter:data2\" content=\"1 minute\" \/>\n<script type=\"application\/ld+json\" class=\"yoast-schema-graph\">{\"@context\":\"https:\/\/schema.org\",\"@graph\":[{\"@type\":\"Article\",\"@id\":\"https:\/\/vieassociative.be\/actualites\/championnat-deurope-de-football-feminin-2025-la-belgique-est-dans-un-groupe-difficile-avec-lespagne-le-portugal-et-litalie\/#article\",\"isPartOf\":{\"@id\":\"https:\/\/vieassociative.be\/actualites\/championnat-deurope-de-football-feminin-2025-la-belgique-est-dans-un-groupe-difficile-avec-lespagne-le-portugal-et-litalie\/\"},\"author\":{\"name\":\"Julien\",\"@id\":\"https:\/\/vieassociative.be\/actualites\/#\/schema\/person\/b87ac4f82f9d4e7b7cec7395b679edc4\"},\"headline\":\"Championnat d&rsquo;Europe de football f\u00e9minin 2025 : la Belgique est dans un groupe difficile avec l&rsquo;Espagne, le Portugal et l&rsquo;Italie\",\"datePublished\":\"2024-12-16T20:17:42+00:00\",\"dateModified\":\"2024-12-16T20:17:42+00:00\",\"mainEntityOfPage\":{\"@id\":\"https:\/\/vieassociative.be\/actualites\/championnat-deurope-de-football-feminin-2025-la-belgique-est-dans-un-groupe-difficile-avec-lespagne-le-portugal-et-litalie\/\"},\"wordCount\":256,\"publisher\":{\"@id\":\"https:\/\/vieassociative.be\/actualites\/#organization\"},\"image\":{\"@id\":\"https:\/\/vieassociative.be\/actualites\/championnat-deurope-de-football-feminin-2025-la-belgique-est-dans-un-groupe-difficile-avec-lespagne-le-portugal-et-litalie\/#primaryimage\"},\"thumbnailUrl\":\"https:\/\/vieassociative.be\/actualites\/wp-content\/uploads\/2024\/12\/Championnat-dEurope-de-football-feminin-2025-la-Belgique-est.jpg\",\"keywords\":[\"avec\",\"Belgique\",\"Championnat\",\"dans\",\"dEurope\",\"difficile\",\"est\",\"f\u00e9minin\",\"football\",\"groupe\",\"LEspagne\",\"lItalie\",\"Portugal\"],\"articleSection\":[\"Belgique\"],\"inLanguage\":\"fr-BE\"},{\"@type\":\"WebPage\",\"@id\":\"https:\/\/vieassociative.be\/actualites\/championnat-deurope-de-football-feminin-2025-la-belgique-est-dans-un-groupe-difficile-avec-lespagne-le-portugal-et-litalie\/\",\"url\":\"https:\/\/vieassociative.be\/actualites\/championnat-deurope-de-football-feminin-2025-la-belgique-est-dans-un-groupe-difficile-avec-lespagne-le-portugal-et-litalie\/\",\"name\":\"Championnat d'Europe de football f\u00e9minin 2025 : la Belgique est dans un groupe difficile avec l'Espagne, le Portugal et l'Italie | Vie Associative\",\"isPartOf\":{\"@id\":\"https:\/\/vieassociative.be\/actualites\/#website\"},\"primaryImageOfPage\":{\"@id\":\"https:\/\/vieassociative.be\/actualites\/championnat-deurope-de-football-feminin-2025-la-belgique-est-dans-un-groupe-difficile-avec-lespagne-le-portugal-et-litalie\/#primaryimage\"},\"image\":{\"@id\":\"https:\/\/vieassociative.be\/actualites\/championnat-deurope-de-football-feminin-2025-la-belgique-est-dans-un-groupe-difficile-avec-lespagne-le-portugal-et-litalie\/#primaryimage\"},\"thumbnailUrl\":\"https:\/\/vieassociative.be\/actualites\/wp-content\/uploads\/2024\/12\/Championnat-dEurope-de-football-feminin-2025-la-Belgique-est.jpg\",\"datePublished\":\"2024-12-16T20:17:42+00:00\",\"dateModified\":\"2024-12-16T20:17:42+00:00\",\"breadcrumb\":{\"@id\":\"https:\/\/vieassociative.be\/actualites\/championnat-deurope-de-football-feminin-2025-la-belgique-est-dans-un-groupe-difficile-avec-lespagne-le-portugal-et-litalie\/#breadcrumb\"},\"inLanguage\":\"fr-BE\",\"potentialAction\":[{\"@type\":\"ReadAction\",\"target\":[\"https:\/\/vieassociative.be\/actualites\/championnat-deurope-de-football-feminin-2025-la-belgique-est-dans-un-groupe-difficile-avec-lespagne-le-portugal-et-litalie\/\"]}]},{\"@type\":\"ImageObject\",\"inLanguage\":\"fr-BE\",\"@id\":\"https:\/\/vieassociative.be\/actualites\/championnat-deurope-de-football-feminin-2025-la-belgique-est-dans-un-groupe-difficile-avec-lespagne-le-portugal-et-litalie\/#primaryimage\",\"url\":\"https:\/\/vieassociative.be\/actualites\/wp-content\/uploads\/2024\/12\/Championnat-dEurope-de-football-feminin-2025-la-Belgique-est.jpg\",\"contentUrl\":\"https:\/\/vieassociative.be\/actualites\/wp-content\/uploads\/2024\/12\/Championnat-dEurope-de-football-feminin-2025-la-Belgique-est.jpg\",\"width\":1200,\"height\":800,\"caption\":\"Championnat d'Europe de football f\u00e9minin 2025 : la Belgique est dans un groupe difficile avec l'Espagne, le Portugal et l'Italie\"},{\"@type\":\"BreadcrumbList\",\"@id\":\"https:\/\/vieassociative.be\/actualites\/championnat-deurope-de-football-feminin-2025-la-belgique-est-dans-un-groupe-difficile-avec-lespagne-le-portugal-et-litalie\/#breadcrumb\",\"itemListElement\":[{\"@type\":\"ListItem\",\"position\":1,\"name\":\"Accueil\",\"item\":\"https:\/\/vieassociative.be\/actualites\/\"},{\"@type\":\"ListItem\",\"position\":2,\"name\":\"Championnat d&rsquo;Europe de football f\u00e9minin 2025 : la Belgique est dans un groupe difficile avec l&rsquo;Espagne, le Portugal et l&rsquo;Italie\"}]},{\"@type\":\"WebSite\",\"@id\":\"https:\/\/vieassociative.be\/actualites\/#website\",\"url\":\"https:\/\/vieassociative.be\/actualites\/\",\"name\":\"Vie Associative\",\"description\":\"\",\"publisher\":{\"@id\":\"https:\/\/vieassociative.be\/actualites\/#organization\"},\"potentialAction\":[{\"@type\":\"SearchAction\",\"target\":{\"@type\":\"EntryPoint\",\"urlTemplate\":\"https:\/\/vieassociative.be\/actualites\/?s={search_term_string}\"},\"query-input\":{\"@type\":\"PropertyValueSpecification\",\"valueRequired\":true,\"valueName\":\"search_term_string\"}}],\"inLanguage\":\"fr-BE\"},{\"@type\":\"Organization\",\"@id\":\"https:\/\/vieassociative.be\/actualites\/#organization\",\"name\":\"Vie Associative\",\"url\":\"https:\/\/vieassociative.be\/actualites\/\",\"logo\":{\"@type\":\"ImageObject\",\"inLanguage\":\"fr-BE\",\"@id\":\"https:\/\/vieassociative.be\/actualites\/#\/schema\/logo\/image\/\",\"url\":\"https:\/\/vieassociative.be\/actualites\/wp-content\/uploads\/2024\/09\/cropped-vieassociative_favicon.ico.png\",\"contentUrl\":\"https:\/\/vieassociative.be\/actualites\/wp-content\/uploads\/2024\/09\/cropped-vieassociative_favicon.ico.png\",\"width\":512,\"height\":512,\"caption\":\"Vie Associative\"},\"image\":{\"@id\":\"https:\/\/vieassociative.be\/actualites\/#\/schema\/logo\/image\/\"}},{\"@type\":\"Person\",\"@id\":\"https:\/\/vieassociative.be\/actualites\/#\/schema\/person\/b87ac4f82f9d4e7b7cec7395b679edc4\",\"name\":\"Julien\",\"image\":{\"@type\":\"ImageObject\",\"inLanguage\":\"fr-BE\",\"@id\":\"https:\/\/vieassociative.be\/actualites\/#\/schema\/person\/image\/\",\"url\":\"https:\/\/vieassociative.be\/actualites\/wp-content\/uploads\/2024\/09\/vie-associative-1-150x150.jpg\",\"contentUrl\":\"https:\/\/vieassociative.be\/actualites\/wp-content\/uploads\/2024\/09\/vie-associative-1-150x150.jpg\",\"caption\":\"Julien\"},\"description\":\"Je suis Julien, r\u00e9dacteur pour Vie Associative. Passionn\u00e9 par le monde associatif depuis plus de 10 ans, j'ai \u00e0 c\u0153ur de partager des histoires inspirantes et de mettre en lumi\u00e8re les initiatives locales. Mon objectif est de sensibiliser et d'encourager l'engagement communautaire \u00e0 travers mes articles.\",\"sameAs\":[\"https:\/\/vieassociative.be\/\"]}]}<\/script>\n<!-- \/ Yoast SEO plugin. -->","yoast_head_json":{"title":"Championnat d'Europe de football f\u00e9minin 2025 : la Belgique est dans un groupe difficile avec l'Espagne, le Portugal et l'Italie | Vie Associative","robots":{"index":"index","follow":"follow","max-snippet":"max-snippet:-1","max-image-preview":"max-image-preview:large","max-video-preview":"max-video-preview:-1"},"canonical":"https:\/\/vieassociative.be\/actualites\/championnat-deurope-de-football-feminin-2025-la-belgique-est-dans-un-groupe-difficile-avec-lespagne-le-portugal-et-litalie\/","og_locale":"fr_FR","og_type":"article","og_title":"Championnat d'Europe de football f\u00e9minin 2025 : la Belgique est dans un groupe difficile avec l'Espagne, le Portugal et l'Italie | Vie Associative","og_description":"Les Red Flames participeront au Championnat d&rsquo;Europe de football f\u00e9minin 2025 en Suisse dans moins de six mois. L&rsquo;\u00e9quipe d&rsquo;Ives Serneels s&rsquo;est qualifi\u00e9e pour la","og_url":"https:\/\/vieassociative.be\/actualites\/championnat-deurope-de-football-feminin-2025-la-belgique-est-dans-un-groupe-difficile-avec-lespagne-le-portugal-et-litalie\/","og_site_name":"Vie Associative","article_published_time":"2024-12-16T20:17:42+00:00","og_image":[{"width":279,"height":92,"url":"https:\/\/vieassociative.be\/actualites\/wp-content\/uploads\/2024\/09\/header_backgroundk-01-e1726694325946.png","type":"image\/png"}],"author":"Julien","twitter_card":"summary_large_image","twitter_misc":{"\u00c9crit par":"Julien","Dur\u00e9e de lecture est.":"1 minute"},"schema":{"@context":"https:\/\/schema.org","@graph":[{"@type":"Article","@id":"https:\/\/vieassociative.be\/actualites\/championnat-deurope-de-football-feminin-2025-la-belgique-est-dans-un-groupe-difficile-avec-lespagne-le-portugal-et-litalie\/#article","isPartOf":{"@id":"https:\/\/vieassociative.be\/actualites\/championnat-deurope-de-football-feminin-2025-la-belgique-est-dans-un-groupe-difficile-avec-lespagne-le-portugal-et-litalie\/"},"author":{"name":"Julien","@id":"https:\/\/vieassociative.be\/actualites\/#\/schema\/person\/b87ac4f82f9d4e7b7cec7395b679edc4"},"headline":"Championnat d&rsquo;Europe de football f\u00e9minin 2025 : la Belgique est dans un groupe difficile avec l&rsquo;Espagne, le Portugal et l&rsquo;Italie","datePublished":"2024-12-16T20:17:42+00:00","dateModified":"2024-12-16T20:17:42+00:00","mainEntityOfPage":{"@id":"https:\/\/vieassociative.be\/actualites\/championnat-deurope-de-football-feminin-2025-la-belgique-est-dans-un-groupe-difficile-avec-lespagne-le-portugal-et-litalie\/"},"wordCount":256,"publisher":{"@id":"https:\/\/vieassociative.be\/actualites\/#organization"},"image":{"@id":"https:\/\/vieassociative.be\/actualites\/championnat-deurope-de-football-feminin-2025-la-belgique-est-dans-un-groupe-difficile-avec-lespagne-le-portugal-et-litalie\/#primaryimage"},"thumbnailUrl":"https:\/\/vieassociative.be\/actualites\/wp-content\/uploads\/2024\/12\/Championnat-dEurope-de-football-feminin-2025-la-Belgique-est.jpg","keywords":["avec","Belgique","Championnat","dans","dEurope","difficile","est","f\u00e9minin","football","groupe","LEspagne","lItalie","Portugal"],"articleSection":["Belgique"],"inLanguage":"fr-BE"},{"@type":"WebPage","@id":"https:\/\/vieassociative.be\/actualites\/championnat-deurope-de-football-feminin-2025-la-belgique-est-dans-un-groupe-difficile-avec-lespagne-le-portugal-et-litalie\/","url":"https:\/\/vieassociative.be\/actualites\/championnat-deurope-de-football-feminin-2025-la-belgique-est-dans-un-groupe-difficile-avec-lespagne-le-portugal-et-litalie\/","name":"Championnat d'Europe de football f\u00e9minin 2025 : la Belgique est dans un groupe difficile avec l'Espagne, le Portugal et l'Italie | Vie Associative","isPartOf":{"@id":"https:\/\/vieassociative.be\/actualites\/#website"},"primaryImageOfPage":{"@id":"https:\/\/vieassociative.be\/actualites\/championnat-deurope-de-football-feminin-2025-la-belgique-est-dans-un-groupe-difficile-avec-lespagne-le-portugal-et-litalie\/#primaryimage"},"image":{"@id":"https:\/\/vieassociative.be\/actualites\/championnat-deurope-de-football-feminin-2025-la-belgique-est-dans-un-groupe-difficile-avec-lespagne-le-portugal-et-litalie\/#primaryimage"},"thumbnailUrl":"https:\/\/vieassociative.be\/actualites\/wp-content\/uploads\/2024\/12\/Championnat-dEurope-de-football-feminin-2025-la-Belgique-est.jpg","datePublished":"2024-12-16T20:17:42+00:00","dateModified":"2024-12-16T20:17:42+00:00","breadcrumb":{"@id":"https:\/\/vieassociative.be\/actualites\/championnat-deurope-de-football-feminin-2025-la-belgique-est-dans-un-groupe-difficile-avec-lespagne-le-portugal-et-litalie\/#breadcrumb"},"inLanguage":"fr-BE","potentialAction":[{"@type":"ReadAction","target":["https:\/\/vieassociative.be\/actualites\/championnat-deurope-de-football-feminin-2025-la-belgique-est-dans-un-groupe-difficile-avec-lespagne-le-portugal-et-litalie\/"]}]},{"@type":"ImageObject","inLanguage":"fr-BE","@id":"https:\/\/vieassociative.be\/actualites\/championnat-deurope-de-football-feminin-2025-la-belgique-est-dans-un-groupe-difficile-avec-lespagne-le-portugal-et-litalie\/#primaryimage","url":"https:\/\/vieassociative.be\/actualites\/wp-content\/uploads\/2024\/12\/Championnat-dEurope-de-football-feminin-2025-la-Belgique-est.jpg","contentUrl":"https:\/\/vieassociative.be\/actualites\/wp-content\/uploads\/2024\/12\/Championnat-dEurope-de-football-feminin-2025-la-Belgique-est.jpg","width":1200,"height":800,"caption":"Championnat d'Europe de football f\u00e9minin 2025 : la Belgique est dans un groupe difficile avec l'Espagne, le Portugal et l'Italie"},{"@type":"BreadcrumbList","@id":"https:\/\/vieassociative.be\/actualites\/championnat-deurope-de-football-feminin-2025-la-belgique-est-dans-un-groupe-difficile-avec-lespagne-le-portugal-et-litalie\/#breadcrumb","itemListElement":[{"@type":"ListItem","position":1,"name":"Accueil","item":"https:\/\/vieassociative.be\/actualites\/"},{"@type":"ListItem","position":2,"name":"Championnat d&rsquo;Europe de football f\u00e9minin 2025 : la Belgique est dans un groupe difficile avec l&rsquo;Espagne, le Portugal et l&rsquo;Italie"}]},{"@type":"WebSite","@id":"https:\/\/vieassociative.be\/actualites\/#website","url":"https:\/\/vieassociative.be\/actualites\/","name":"Vie Associative","description":"","publisher":{"@id":"https:\/\/vieassociative.be\/actualites\/#organization"},"potentialAction":[{"@type":"SearchAction","target":{"@type":"EntryPoint","urlTemplate":"https:\/\/vieassociative.be\/actualites\/?s={search_term_string}"},"query-input":{"@type":"PropertyValueSpecification","valueRequired":true,"valueName":"search_term_string"}}],"inLanguage":"fr-BE"},{"@type":"Organization","@id":"https:\/\/vieassociative.be\/actualites\/#organization","name":"Vie Associative","url":"https:\/\/vieassociative.be\/actualites\/","logo":{"@type":"ImageObject","inLanguage":"fr-BE","@id":"https:\/\/vieassociative.be\/actualites\/#\/schema\/logo\/image\/","url":"https:\/\/vieassociative.be\/actualites\/wp-content\/uploads\/2024\/09\/cropped-vieassociative_favicon.ico.png","contentUrl":"https:\/\/vieassociative.be\/actualites\/wp-content\/uploads\/2024\/09\/cropped-vieassociative_favicon.ico.png","width":512,"height":512,"caption":"Vie Associative"},"image":{"@id":"https:\/\/vieassociative.be\/actualites\/#\/schema\/logo\/image\/"}},{"@type":"Person","@id":"https:\/\/vieassociative.be\/actualites\/#\/schema\/person\/b87ac4f82f9d4e7b7cec7395b679edc4","name":"Julien","image":{"@type":"ImageObject","inLanguage":"fr-BE","@id":"https:\/\/vieassociative.be\/actualites\/#\/schema\/person\/image\/","url":"https:\/\/vieassociative.be\/actualites\/wp-content\/uploads\/2024\/09\/vie-associative-1-150x150.jpg","contentUrl":"https:\/\/vieassociative.be\/actualites\/wp-content\/uploads\/2024\/09\/vie-associative-1-150x150.jpg","caption":"Julien"},"description":"Je suis Julien, r\u00e9dacteur pour Vie Associative. Passionn\u00e9 par le monde associatif depuis plus de 10 ans, j'ai \u00e0 c\u0153ur de partager des histoires inspirantes et de mettre en lumi\u00e8re les initiatives locales. Mon objectif est de sensibiliser et d'encourager l'engagement communautaire \u00e0 travers mes articles.","sameAs":["https:\/\/vieassociative.be\/"]}]}},"_links":{"self":[{"href":"https:\/\/vieassociative.be\/actualites\/wp-json\/wp\/v2\/posts\/3450"}],"collection":[{"href":"https:\/\/vieassociative.be\/actualites\/wp-json\/wp\/v2\/posts"}],"about":[{"href":"https:\/\/vieassociative.be\/actualites\/wp-json\/wp\/v2\/types\/post"}],"author":[{"embeddable":true,"href":"https:\/\/vieassociative.be\/actualites\/wp-json\/wp\/v2\/users\/1"}],"replies":[{"embeddable":true,"href":"https:\/\/vieassociative.be\/actualites\/wp-json\/wp\/v2\/comments?post=3450"}],"version-history":[{"count":0,"href":"https:\/\/vieassociative.be\/actualites\/wp-json\/wp\/v2\/posts\/3450\/revisions"}],"wp:featuredmedia":[{"embeddable":true,"href":"https:\/\/vieassociative.be\/actualites\/wp-json\/wp\/v2\/media\/3451"}],"wp:attachment":[{"href":"https:\/\/vieassociative.be\/actualites\/wp-json\/wp\/v2\/media?parent=3450"}],"wp:term":[{"taxonomy":"category","embeddable":true,"href":"https:\/\/vieassociative.be\/actualites\/wp-json\/wp\/v2\/categories?post=3450"},{"taxonomy":"post_tag","embeddable":true,"href":"https:\/\/vieassociative.be\/actualites\/wp-json\/wp\/v2\/tags?post=3450"}],"curies":[{"name":"wp","href":"https:\/\/api.w.org\/{rel}","templated":true}]}}