{"id":3442,"date":"2024-12-16T15:19:50","date_gmt":"2024-12-16T14:19:50","guid":{"rendered":"https:\/\/vieassociative.be\/actualites\/premiere-reunion-du-nouveau-conseil-municipal-deupen-aujourdhui\/"},"modified":"2024-12-16T15:19:50","modified_gmt":"2024-12-16T14:19:50","slug":"premiere-reunion-du-nouveau-conseil-municipal-deupen-aujourdhui","status":"publish","type":"post","link":"https:\/\/vieassociative.be\/actualites\/premiere-reunion-du-nouveau-conseil-municipal-deupen-aujourdhui\/","title":{"rendered":"Premi\u00e8re r\u00e9union du nouveau conseil municipal d&rsquo;Eupen aujourd&rsquo;hui"},"content":{"rendered":"<p><strong>Ce lundi \u00e0 19h30 le nouveau conseil municipal d&rsquo;Eupen se r\u00e9unira pour sa premi\u00e8re s\u00e9ance \u00e0 l&rsquo;h\u00f4tel de ville. Sous la nouvelle coalition dirig\u00e9e par le maire Thomas Lennertz (CSP), un vent diff\u00e9rent devrait souffler.<\/strong><\/p>\n<p><span id=\"more-404222\"><\/span>La prestation de serment des membres du conseil municipal et du bourgmestre Lennertz a eu lieu d\u00e9but d\u00e9cembre (\u00e0 l&rsquo;exception de Patrick Scholl, qui ne pr\u00eatera probablement serment qu&rsquo;en janvier 2025).<\/p>\n<p><strong><em>Le coll\u00e8ge communautaire<\/em><\/strong><\/p>\n<p><em>Maire:<\/em> Thomas Lennertz (CSP)<\/p>\n<p><em>1. \u00c9chevins :<\/em> Nicolas <em>Pommee<\/em> (OBL)<\/p>\n<p><em>2\u00e8me juge non professionnel :<\/em> Lucas Reul (PFF-MR)<\/p>\n<p><em>3\u00e8me juge non professionnel :<\/em> Caroline V\u00f6ll (OBL)<\/p>\n<p><em>4\u00e8me \u00e9chevine :<\/em> Jo\u00eblle Birnbaum-K\u00f6ttgen (PFF-MR)<\/p>\n<p><em>5. \u00c9chevins :<\/em> Joseph Thaeter (CSP)<\/p>\n<p><em>6. \u00c9chevins :<\/em> Fabrice Paulus (CSP)<\/p>\n<div id=\"attachment_401078\" class=\"wp-caption alignleft\" style=\"max-width: 300px\"><img fetchpriority=\"high\" decoding=\"async\" class=\"wp-image-401078 size-medium\" src=\"https:\/\/vieassociative.be\/actualites\/wp-content\/uploads\/2024\/12\/Premiere-reunion-du-nouveau-conseil-municipal-dEupen-aujourdhui.jpg\" alt=\"\" width=\"300\" height=\"200\"><\/p>\n<p class=\"wp-caption-text\">Le coll\u00e8ge communautaire d&rsquo;Eupen (de gauche \u00e0 droite) : Joseph Thaeter, Caroline V\u00f6ll, Nicolas Pomm\u00e9e, Thomas Lennertz, Lucas Reul, Jo\u00eblle Birnbaum-K\u00f6ttgen et Fabrice Paulus. Photo : Patrick von Staufenberg<\/p>\n<\/div>\n<p><em><strong>Autres membres du conseil municipal<\/strong><\/em><\/p>\n<p><em>Fournisseur de services de chiffrement\u00a0:<\/em> Nathalie Johnen-Pauquet, Simen Van Meensel, Joky Ortmann, Elmar Keutgen, Lukas Teller, Alexander Pons, Fanny Michel<\/p>\n<p><em>\u00c9cologique\u00a0:<\/em> Claudia Niessen, Catherine Br\u00fcll, Daniel Offermann, Anne-Marie Jouck, Martine Engels, Tom Rosenstein, Shqirim Thaqi<\/p>\n<p><em>PFF-MR\u00a0: <\/em>Michael Scholl, Jenny Baltus-M\u00f6res<\/p>\n<p><em>OBL\u00a0: <\/em>Philippe Klein, Colin Kraft<\/p>\n<p><em>SPplus\u00a0: <\/em>Alexandra Barth-Vandenhirtz, Patrick Scholl<\/p>\n<p><em><strong>Commissions municipales<\/strong><\/em><\/p>\n<p><em>Comit\u00e9 des finances\u00a0:<\/em> Joky Ortmann, Lukas Teller, Simen Van Meensel, Philippe Klein, Michael Scholl, Anne-Marie Jouck, Daniel Offermann, Alexandra Barth-Vandenhirtz<\/p>\n<p><em>Commission Construction et Mobilit\u00e9 :<\/em> Nathalie Johnen-Pauquet, Elmar Keutgen, Fanny Michel, Philippe Klein, Michael Scholl, Anne-Marie Jouck, Daniel Offermann, Patrick Scholl<\/p>\n<p><em>Comit\u00e9 Culturel :<\/em> Nathalie Johnen-Pauquet, Lukas Teller, Simen Van Meensel, Philippe Klein, Jenny Baltus-M\u00f6res, Daniel Offermann, Shqiprim Thaqi, Alexandra Barth-Vandenhirtz<\/p>\n<p><em>Comit\u00e9 d&rsquo;\u00e9cole :<\/em> Fanny Michel, Alexander Pons, Lukas Teller, Colin Kraft, Jenny Baltus-M\u00f6res, Catherine Br\u00fcll, Anne-Marie Jouck, Alexandra Barth-Vandenhirtz<\/p>\n<p><em>Comit\u00e9 social :<\/em> Elmar Keutgen, Fanny Michel, Joky Ortmann, Philippe Klein, Jo\u00eblle Birnbaum-K\u00f6ttgen, Catherine Br\u00fcll, Martine Engels, Patrick Scholl<\/p>\n<p><em>Comit\u00e9 sportif :<\/em> Fanny Michel, Joky Ortmann, Lukas Teller, Colin Kraft, Michael Scholl, Anne-Marie Jouck, Tom Rosenstein, Alexandra Barth-Vandenhirtz<\/p>\n<p><em>Comit\u00e9 \u00e9conomique :<\/em> Nathalie Johnen-Pauquet, Elmar Keutgen, Simen Van Meensel, Colin Kraft, Jenny Baltus-M\u00f6res, Claudia Niessen, Shqiprim Thaqi, Patrick Scholl<\/p>\n<p><em>Commission de la protection de l&rsquo;environnement et de l&rsquo;\u00e9nergie\u00a0:<\/em> Elmar Keutgen, Joky Ortmann, Alexander Pons, Colin Kraft, Lucas Reul, Catherine Br\u00fcll, Claudia Niessen, Patrick Scholl<\/p>\n<p><em>Comit\u00e9 des for\u00eats et de l&rsquo;agriculture\u00a0:<\/em> Elmar Keutgen, Alexander Pons, Lukas Teller, Colin Kraft, Michael Scholl, Martine Engels, Claudia Niessen, Patrick Scholl<\/p>\n","protected":false},"excerpt":{"rendered":"<p>Ce lundi \u00e0 19h30 le nouveau conseil municipal d&rsquo;Eupen se r\u00e9unira pour sa premi\u00e8re s\u00e9ance \u00e0 l&rsquo;h\u00f4tel de ville. Sous la nouvelle coalition dirig\u00e9e par<\/p>\n","protected":false},"author":1,"featured_media":3443,"comment_status":"","ping_status":"","sticky":false,"template":"","format":"standard","meta":{"footnotes":""},"categories":[298],"tags":[2330,1085,2403,4052,553,610,4051],"class_list":["post-3442","post","type-post","status-publish","format-standard","has-post-thumbnail","hentry","category-belgique","tag-aujourdhui","tag-conseil","tag-deupen","tag-municipal","tag-nouveau","tag-premiere","tag-reunion","generate-columns","tablet-grid-50","mobile-grid-100","grid-parent","grid-33"],"yoast_head":"<!-- This site is optimized with the Yoast SEO plugin v24.0 - https:\/\/yoast.com\/wordpress\/plugins\/seo\/ -->\n<title>Premi\u00e8re r\u00e9union du nouveau conseil municipal d&#039;Eupen aujourd&#039;hui | Vie Associative<\/title>\n<meta name=\"robots\" content=\"index, follow, max-snippet:-1, max-image-preview:large, max-video-preview:-1\" \/>\n<link rel=\"canonical\" href=\"https:\/\/vieassociative.be\/actualites\/premiere-reunion-du-nouveau-conseil-municipal-deupen-aujourdhui\/\" \/>\n<meta property=\"og:locale\" content=\"fr_FR\" \/>\n<meta property=\"og:type\" content=\"article\" \/>\n<meta property=\"og:title\" content=\"Premi\u00e8re r\u00e9union du nouveau conseil municipal d&#039;Eupen aujourd&#039;hui | Vie Associative\" \/>\n<meta property=\"og:description\" content=\"Ce lundi \u00e0 19h30 le nouveau conseil municipal d&rsquo;Eupen se r\u00e9unira pour sa premi\u00e8re s\u00e9ance \u00e0 l&rsquo;h\u00f4tel de ville. Sous la nouvelle coalition dirig\u00e9e par\" \/>\n<meta property=\"og:url\" content=\"https:\/\/vieassociative.be\/actualites\/premiere-reunion-du-nouveau-conseil-municipal-deupen-aujourdhui\/\" \/>\n<meta property=\"og:site_name\" content=\"Vie Associative\" \/>\n<meta property=\"article:published_time\" content=\"2024-12-16T14:19:50+00:00\" \/>\n<meta property=\"og:image\" content=\"https:\/\/vieassociative.be\/actualites\/wp-content\/uploads\/2024\/09\/header_backgroundk-01-e1726694325946.png\" \/>\n\t<meta property=\"og:image:width\" content=\"279\" \/>\n\t<meta property=\"og:image:height\" content=\"92\" \/>\n\t<meta property=\"og:image:type\" content=\"image\/png\" \/>\n<meta name=\"author\" content=\"Julien\" \/>\n<meta name=\"twitter:card\" content=\"summary_large_image\" \/>\n<meta name=\"twitter:label1\" content=\"\u00c9crit par\" \/>\n\t<meta name=\"twitter:data1\" content=\"Julien\" \/>\n\t<meta name=\"twitter:label2\" content=\"Dur\u00e9e de lecture est.\" \/>\n\t<meta name=\"twitter:data2\" content=\"2 minutes\" \/>\n<script type=\"application\/ld+json\" class=\"yoast-schema-graph\">{\"@context\":\"https:\/\/schema.org\",\"@graph\":[{\"@type\":\"Article\",\"@id\":\"https:\/\/vieassociative.be\/actualites\/premiere-reunion-du-nouveau-conseil-municipal-deupen-aujourdhui\/#article\",\"isPartOf\":{\"@id\":\"https:\/\/vieassociative.be\/actualites\/premiere-reunion-du-nouveau-conseil-municipal-deupen-aujourdhui\/\"},\"author\":{\"name\":\"Julien\",\"@id\":\"https:\/\/vieassociative.be\/actualites\/#\/schema\/person\/b87ac4f82f9d4e7b7cec7395b679edc4\"},\"headline\":\"Premi\u00e8re r\u00e9union du nouveau conseil municipal d&rsquo;Eupen aujourd&rsquo;hui\",\"datePublished\":\"2024-12-16T14:19:50+00:00\",\"dateModified\":\"2024-12-16T14:19:50+00:00\",\"mainEntityOfPage\":{\"@id\":\"https:\/\/vieassociative.be\/actualites\/premiere-reunion-du-nouveau-conseil-municipal-deupen-aujourdhui\/\"},\"wordCount\":412,\"publisher\":{\"@id\":\"https:\/\/vieassociative.be\/actualites\/#organization\"},\"image\":{\"@id\":\"https:\/\/vieassociative.be\/actualites\/premiere-reunion-du-nouveau-conseil-municipal-deupen-aujourdhui\/#primaryimage\"},\"thumbnailUrl\":\"https:\/\/vieassociative.be\/actualites\/wp-content\/uploads\/2024\/12\/1734358790_Premiere-reunion-du-nouveau-conseil-municipal-dEupen-aujourdhui.jpg\",\"keywords\":[\"aujourdhui\",\"conseil\",\"dEupen\",\"municipal\",\"nouveau\",\"premi\u00e8re\",\"r\u00e9union\"],\"articleSection\":[\"Belgique\"],\"inLanguage\":\"fr-BE\"},{\"@type\":\"WebPage\",\"@id\":\"https:\/\/vieassociative.be\/actualites\/premiere-reunion-du-nouveau-conseil-municipal-deupen-aujourdhui\/\",\"url\":\"https:\/\/vieassociative.be\/actualites\/premiere-reunion-du-nouveau-conseil-municipal-deupen-aujourdhui\/\",\"name\":\"Premi\u00e8re r\u00e9union du nouveau conseil municipal d'Eupen aujourd'hui | Vie Associative\",\"isPartOf\":{\"@id\":\"https:\/\/vieassociative.be\/actualites\/#website\"},\"primaryImageOfPage\":{\"@id\":\"https:\/\/vieassociative.be\/actualites\/premiere-reunion-du-nouveau-conseil-municipal-deupen-aujourdhui\/#primaryimage\"},\"image\":{\"@id\":\"https:\/\/vieassociative.be\/actualites\/premiere-reunion-du-nouveau-conseil-municipal-deupen-aujourdhui\/#primaryimage\"},\"thumbnailUrl\":\"https:\/\/vieassociative.be\/actualites\/wp-content\/uploads\/2024\/12\/1734358790_Premiere-reunion-du-nouveau-conseil-municipal-dEupen-aujourdhui.jpg\",\"datePublished\":\"2024-12-16T14:19:50+00:00\",\"dateModified\":\"2024-12-16T14:19:50+00:00\",\"breadcrumb\":{\"@id\":\"https:\/\/vieassociative.be\/actualites\/premiere-reunion-du-nouveau-conseil-municipal-deupen-aujourdhui\/#breadcrumb\"},\"inLanguage\":\"fr-BE\",\"potentialAction\":[{\"@type\":\"ReadAction\",\"target\":[\"https:\/\/vieassociative.be\/actualites\/premiere-reunion-du-nouveau-conseil-municipal-deupen-aujourdhui\/\"]}]},{\"@type\":\"ImageObject\",\"inLanguage\":\"fr-BE\",\"@id\":\"https:\/\/vieassociative.be\/actualites\/premiere-reunion-du-nouveau-conseil-municipal-deupen-aujourdhui\/#primaryimage\",\"url\":\"https:\/\/vieassociative.be\/actualites\/wp-content\/uploads\/2024\/12\/1734358790_Premiere-reunion-du-nouveau-conseil-municipal-dEupen-aujourdhui.jpg\",\"contentUrl\":\"https:\/\/vieassociative.be\/actualites\/wp-content\/uploads\/2024\/12\/1734358790_Premiere-reunion-du-nouveau-conseil-municipal-dEupen-aujourdhui.jpg\",\"width\":2560,\"height\":1711,\"caption\":\"Premi\u00e8re r\u00e9union du nouveau conseil municipal d'Eupen aujourd'hui\"},{\"@type\":\"BreadcrumbList\",\"@id\":\"https:\/\/vieassociative.be\/actualites\/premiere-reunion-du-nouveau-conseil-municipal-deupen-aujourdhui\/#breadcrumb\",\"itemListElement\":[{\"@type\":\"ListItem\",\"position\":1,\"name\":\"Accueil\",\"item\":\"https:\/\/vieassociative.be\/actualites\/\"},{\"@type\":\"ListItem\",\"position\":2,\"name\":\"Premi\u00e8re r\u00e9union du nouveau conseil municipal d&rsquo;Eupen aujourd&rsquo;hui\"}]},{\"@type\":\"WebSite\",\"@id\":\"https:\/\/vieassociative.be\/actualites\/#website\",\"url\":\"https:\/\/vieassociative.be\/actualites\/\",\"name\":\"Vie Associative\",\"description\":\"\",\"publisher\":{\"@id\":\"https:\/\/vieassociative.be\/actualites\/#organization\"},\"potentialAction\":[{\"@type\":\"SearchAction\",\"target\":{\"@type\":\"EntryPoint\",\"urlTemplate\":\"https:\/\/vieassociative.be\/actualites\/?s={search_term_string}\"},\"query-input\":{\"@type\":\"PropertyValueSpecification\",\"valueRequired\":true,\"valueName\":\"search_term_string\"}}],\"inLanguage\":\"fr-BE\"},{\"@type\":\"Organization\",\"@id\":\"https:\/\/vieassociative.be\/actualites\/#organization\",\"name\":\"Vie Associative\",\"url\":\"https:\/\/vieassociative.be\/actualites\/\",\"logo\":{\"@type\":\"ImageObject\",\"inLanguage\":\"fr-BE\",\"@id\":\"https:\/\/vieassociative.be\/actualites\/#\/schema\/logo\/image\/\",\"url\":\"https:\/\/vieassociative.be\/actualites\/wp-content\/uploads\/2024\/09\/cropped-vieassociative_favicon.ico.png\",\"contentUrl\":\"https:\/\/vieassociative.be\/actualites\/wp-content\/uploads\/2024\/09\/cropped-vieassociative_favicon.ico.png\",\"width\":512,\"height\":512,\"caption\":\"Vie Associative\"},\"image\":{\"@id\":\"https:\/\/vieassociative.be\/actualites\/#\/schema\/logo\/image\/\"}},{\"@type\":\"Person\",\"@id\":\"https:\/\/vieassociative.be\/actualites\/#\/schema\/person\/b87ac4f82f9d4e7b7cec7395b679edc4\",\"name\":\"Julien\",\"image\":{\"@type\":\"ImageObject\",\"inLanguage\":\"fr-BE\",\"@id\":\"https:\/\/vieassociative.be\/actualites\/#\/schema\/person\/image\/\",\"url\":\"https:\/\/vieassociative.be\/actualites\/wp-content\/uploads\/2024\/09\/vie-associative-1-150x150.jpg\",\"contentUrl\":\"https:\/\/vieassociative.be\/actualites\/wp-content\/uploads\/2024\/09\/vie-associative-1-150x150.jpg\",\"caption\":\"Julien\"},\"description\":\"Je suis Julien, r\u00e9dacteur pour Vie Associative. Passionn\u00e9 par le monde associatif depuis plus de 10 ans, j'ai \u00e0 c\u0153ur de partager des histoires inspirantes et de mettre en lumi\u00e8re les initiatives locales. Mon objectif est de sensibiliser et d'encourager l'engagement communautaire \u00e0 travers mes articles.\",\"sameAs\":[\"https:\/\/vieassociative.be\/\"]}]}<\/script>\n<!-- \/ Yoast SEO plugin. -->","yoast_head_json":{"title":"Premi\u00e8re r\u00e9union du nouveau conseil municipal d'Eupen aujourd'hui | Vie Associative","robots":{"index":"index","follow":"follow","max-snippet":"max-snippet:-1","max-image-preview":"max-image-preview:large","max-video-preview":"max-video-preview:-1"},"canonical":"https:\/\/vieassociative.be\/actualites\/premiere-reunion-du-nouveau-conseil-municipal-deupen-aujourdhui\/","og_locale":"fr_FR","og_type":"article","og_title":"Premi\u00e8re r\u00e9union du nouveau conseil municipal d'Eupen aujourd'hui | Vie Associative","og_description":"Ce lundi \u00e0 19h30 le nouveau conseil municipal d&rsquo;Eupen se r\u00e9unira pour sa premi\u00e8re s\u00e9ance \u00e0 l&rsquo;h\u00f4tel de ville. Sous la nouvelle coalition dirig\u00e9e par","og_url":"https:\/\/vieassociative.be\/actualites\/premiere-reunion-du-nouveau-conseil-municipal-deupen-aujourdhui\/","og_site_name":"Vie Associative","article_published_time":"2024-12-16T14:19:50+00:00","og_image":[{"width":279,"height":92,"url":"https:\/\/vieassociative.be\/actualites\/wp-content\/uploads\/2024\/09\/header_backgroundk-01-e1726694325946.png","type":"image\/png"}],"author":"Julien","twitter_card":"summary_large_image","twitter_misc":{"\u00c9crit par":"Julien","Dur\u00e9e de lecture est.":"2 minutes"},"schema":{"@context":"https:\/\/schema.org","@graph":[{"@type":"Article","@id":"https:\/\/vieassociative.be\/actualites\/premiere-reunion-du-nouveau-conseil-municipal-deupen-aujourdhui\/#article","isPartOf":{"@id":"https:\/\/vieassociative.be\/actualites\/premiere-reunion-du-nouveau-conseil-municipal-deupen-aujourdhui\/"},"author":{"name":"Julien","@id":"https:\/\/vieassociative.be\/actualites\/#\/schema\/person\/b87ac4f82f9d4e7b7cec7395b679edc4"},"headline":"Premi\u00e8re r\u00e9union du nouveau conseil municipal d&rsquo;Eupen aujourd&rsquo;hui","datePublished":"2024-12-16T14:19:50+00:00","dateModified":"2024-12-16T14:19:50+00:00","mainEntityOfPage":{"@id":"https:\/\/vieassociative.be\/actualites\/premiere-reunion-du-nouveau-conseil-municipal-deupen-aujourdhui\/"},"wordCount":412,"publisher":{"@id":"https:\/\/vieassociative.be\/actualites\/#organization"},"image":{"@id":"https:\/\/vieassociative.be\/actualites\/premiere-reunion-du-nouveau-conseil-municipal-deupen-aujourdhui\/#primaryimage"},"thumbnailUrl":"https:\/\/vieassociative.be\/actualites\/wp-content\/uploads\/2024\/12\/1734358790_Premiere-reunion-du-nouveau-conseil-municipal-dEupen-aujourdhui.jpg","keywords":["aujourdhui","conseil","dEupen","municipal","nouveau","premi\u00e8re","r\u00e9union"],"articleSection":["Belgique"],"inLanguage":"fr-BE"},{"@type":"WebPage","@id":"https:\/\/vieassociative.be\/actualites\/premiere-reunion-du-nouveau-conseil-municipal-deupen-aujourdhui\/","url":"https:\/\/vieassociative.be\/actualites\/premiere-reunion-du-nouveau-conseil-municipal-deupen-aujourdhui\/","name":"Premi\u00e8re r\u00e9union du nouveau conseil municipal d'Eupen aujourd'hui | Vie Associative","isPartOf":{"@id":"https:\/\/vieassociative.be\/actualites\/#website"},"primaryImageOfPage":{"@id":"https:\/\/vieassociative.be\/actualites\/premiere-reunion-du-nouveau-conseil-municipal-deupen-aujourdhui\/#primaryimage"},"image":{"@id":"https:\/\/vieassociative.be\/actualites\/premiere-reunion-du-nouveau-conseil-municipal-deupen-aujourdhui\/#primaryimage"},"thumbnailUrl":"https:\/\/vieassociative.be\/actualites\/wp-content\/uploads\/2024\/12\/1734358790_Premiere-reunion-du-nouveau-conseil-municipal-dEupen-aujourdhui.jpg","datePublished":"2024-12-16T14:19:50+00:00","dateModified":"2024-12-16T14:19:50+00:00","breadcrumb":{"@id":"https:\/\/vieassociative.be\/actualites\/premiere-reunion-du-nouveau-conseil-municipal-deupen-aujourdhui\/#breadcrumb"},"inLanguage":"fr-BE","potentialAction":[{"@type":"ReadAction","target":["https:\/\/vieassociative.be\/actualites\/premiere-reunion-du-nouveau-conseil-municipal-deupen-aujourdhui\/"]}]},{"@type":"ImageObject","inLanguage":"fr-BE","@id":"https:\/\/vieassociative.be\/actualites\/premiere-reunion-du-nouveau-conseil-municipal-deupen-aujourdhui\/#primaryimage","url":"https:\/\/vieassociative.be\/actualites\/wp-content\/uploads\/2024\/12\/1734358790_Premiere-reunion-du-nouveau-conseil-municipal-dEupen-aujourdhui.jpg","contentUrl":"https:\/\/vieassociative.be\/actualites\/wp-content\/uploads\/2024\/12\/1734358790_Premiere-reunion-du-nouveau-conseil-municipal-dEupen-aujourdhui.jpg","width":2560,"height":1711,"caption":"Premi\u00e8re r\u00e9union du nouveau conseil municipal d'Eupen aujourd'hui"},{"@type":"BreadcrumbList","@id":"https:\/\/vieassociative.be\/actualites\/premiere-reunion-du-nouveau-conseil-municipal-deupen-aujourdhui\/#breadcrumb","itemListElement":[{"@type":"ListItem","position":1,"name":"Accueil","item":"https:\/\/vieassociative.be\/actualites\/"},{"@type":"ListItem","position":2,"name":"Premi\u00e8re r\u00e9union du nouveau conseil municipal d&rsquo;Eupen aujourd&rsquo;hui"}]},{"@type":"WebSite","@id":"https:\/\/vieassociative.be\/actualites\/#website","url":"https:\/\/vieassociative.be\/actualites\/","name":"Vie Associative","description":"","publisher":{"@id":"https:\/\/vieassociative.be\/actualites\/#organization"},"potentialAction":[{"@type":"SearchAction","target":{"@type":"EntryPoint","urlTemplate":"https:\/\/vieassociative.be\/actualites\/?s={search_term_string}"},"query-input":{"@type":"PropertyValueSpecification","valueRequired":true,"valueName":"search_term_string"}}],"inLanguage":"fr-BE"},{"@type":"Organization","@id":"https:\/\/vieassociative.be\/actualites\/#organization","name":"Vie Associative","url":"https:\/\/vieassociative.be\/actualites\/","logo":{"@type":"ImageObject","inLanguage":"fr-BE","@id":"https:\/\/vieassociative.be\/actualites\/#\/schema\/logo\/image\/","url":"https:\/\/vieassociative.be\/actualites\/wp-content\/uploads\/2024\/09\/cropped-vieassociative_favicon.ico.png","contentUrl":"https:\/\/vieassociative.be\/actualites\/wp-content\/uploads\/2024\/09\/cropped-vieassociative_favicon.ico.png","width":512,"height":512,"caption":"Vie Associative"},"image":{"@id":"https:\/\/vieassociative.be\/actualites\/#\/schema\/logo\/image\/"}},{"@type":"Person","@id":"https:\/\/vieassociative.be\/actualites\/#\/schema\/person\/b87ac4f82f9d4e7b7cec7395b679edc4","name":"Julien","image":{"@type":"ImageObject","inLanguage":"fr-BE","@id":"https:\/\/vieassociative.be\/actualites\/#\/schema\/person\/image\/","url":"https:\/\/vieassociative.be\/actualites\/wp-content\/uploads\/2024\/09\/vie-associative-1-150x150.jpg","contentUrl":"https:\/\/vieassociative.be\/actualites\/wp-content\/uploads\/2024\/09\/vie-associative-1-150x150.jpg","caption":"Julien"},"description":"Je suis Julien, r\u00e9dacteur pour Vie Associative. Passionn\u00e9 par le monde associatif depuis plus de 10 ans, j'ai \u00e0 c\u0153ur de partager des histoires inspirantes et de mettre en lumi\u00e8re les initiatives locales. Mon objectif est de sensibiliser et d'encourager l'engagement communautaire \u00e0 travers mes articles.","sameAs":["https:\/\/vieassociative.be\/"]}]}},"_links":{"self":[{"href":"https:\/\/vieassociative.be\/actualites\/wp-json\/wp\/v2\/posts\/3442"}],"collection":[{"href":"https:\/\/vieassociative.be\/actualites\/wp-json\/wp\/v2\/posts"}],"about":[{"href":"https:\/\/vieassociative.be\/actualites\/wp-json\/wp\/v2\/types\/post"}],"author":[{"embeddable":true,"href":"https:\/\/vieassociative.be\/actualites\/wp-json\/wp\/v2\/users\/1"}],"replies":[{"embeddable":true,"href":"https:\/\/vieassociative.be\/actualites\/wp-json\/wp\/v2\/comments?post=3442"}],"version-history":[{"count":0,"href":"https:\/\/vieassociative.be\/actualites\/wp-json\/wp\/v2\/posts\/3442\/revisions"}],"wp:featuredmedia":[{"embeddable":true,"href":"https:\/\/vieassociative.be\/actualites\/wp-json\/wp\/v2\/media\/3443"}],"wp:attachment":[{"href":"https:\/\/vieassociative.be\/actualites\/wp-json\/wp\/v2\/media?parent=3442"}],"wp:term":[{"taxonomy":"category","embeddable":true,"href":"https:\/\/vieassociative.be\/actualites\/wp-json\/wp\/v2\/categories?post=3442"},{"taxonomy":"post_tag","embeddable":true,"href":"https:\/\/vieassociative.be\/actualites\/wp-json\/wp\/v2\/tags?post=3442"}],"curies":[{"name":"wp","href":"https:\/\/api.w.org\/{rel}","templated":true}]}}