{"id":3440,"date":"2024-12-16T14:18:48","date_gmt":"2024-12-16T13:18:48","guid":{"rendered":"https:\/\/vieassociative.be\/actualites\/il-est-temps-dapprendre-ce-quest-reellement-le-sommeil-de-base\/"},"modified":"2024-12-16T14:18:48","modified_gmt":"2024-12-16T13:18:48","slug":"il-est-temps-dapprendre-ce-quest-reellement-le-sommeil-de-base","status":"publish","type":"post","link":"https:\/\/vieassociative.be\/actualites\/il-est-temps-dapprendre-ce-quest-reellement-le-sommeil-de-base\/","title":{"rendered":"Il est temps d&rsquo;apprendre ce qu&rsquo;est r\u00e9ellement le \u00ab\u00a0sommeil de base\u00a0\u00bb"},"content":{"rendered":"<div class=\"mt-4 leading-6 md:mb-8\">Les scientifiques du sommeil ont une signification pour ce terme\u00a0; l&rsquo;Apple Watch en a un autre.<\/div>\n<p><\/p>\n<p>Mes amis, parlons de l&rsquo;un des termes les plus d\u00e9routants que vous verrez sur votre tracker de fitness, en particulier votre Apple Watch. \u00c0 c\u00f4t\u00e9 du sommeil paradoxal, dont vous avez probablement entendu parler, et du sommeil \u00ab profond \u00bb, qui semble explicite, il y a le sommeil \u00ab central \u00bb. Et si vous recherchez sur Google ce que signifie le sommeil profond, vous obtiendrez une d\u00e9finition qui est <em>tout \u00e0 fait \u00e0 l&rsquo;oppos\u00e9<\/em> d&rsquo;apr\u00e8s la fa\u00e7on dont Apple utilise le terme. Alors d\u00e9composons-le.<\/p>\n<p>La racine de la confusion r\u00e9side dans le fait que le terme \u00ab sommeil profond \u00bb a \u00e9t\u00e9 utilis\u00e9 dans la litt\u00e9rature scientifique pour d\u00e9signer diff\u00e9rentes choses. Surtout, c&rsquo;est <em>pas<\/em> une \u00e9tape de sommeil reconnue. Apple, de son c\u00f4t\u00e9, a d\u00e9cid\u00e9 de renommer les phases de sommeil que sa montre peut d\u00e9tecter, et a appel\u00e9 l&rsquo;une d&rsquo;entre elles \u00ab\u00a0sommeil central\u00a0\u00bb, mais cela n&rsquo;a aucun rapport avec<em> n&rsquo;importe lequel<\/em> des usages courants pr\u00e9c\u00e9dents du terme.<\/p>\n<h2 id=\"core-sleep-in-the-apple-watch-is-the-same-as-light-sleep\">Le \u00ab\u00a0sommeil de base\u00a0\u00bb dans l&rsquo;Apple Watch est identique au sommeil l\u00e9ger<\/h2>\n<p>Laissez-moi vous donner une explication simple de ce que vous voyez lorsque vous consultez vos donn\u00e9es de sommeil Apple. <\/p>\n<p>Votre Apple Watch essaie de deviner, principalement gr\u00e2ce \u00e0 vos mouvements, \u00e0 quel moment vous vous trouvez \u00e0 chaque \u00e9tape de votre sommeil. (Pour vraiment conna\u00eetre vos phases de sommeil, il faudrait une \u00e9tude du sommeil avec un \u00e9quipement plus sophistiqu\u00e9, comme un \u00e9lectroenc\u00e9phalogramme. La montre fait de son mieux avec les donn\u00e9es dont elle dispose.) <\/p>\n<p>Apple affirme que sa montre peut faire la diff\u00e9rence entre quatre \u00e9tats diff\u00e9rents\u00a0: <\/p>\n<ul>\n<li>\n<p>\u00c9veill\u00e9<\/p>\n<\/li>\n<li>\n<p>Sommeil l\u00e9ger (\u00ab de base \u00bb)<\/p>\n<\/li>\n<li>\n<p>Sommeil profond<\/p>\n<\/li>\n<li>\n<p>Sommeil paradoxal<\/p>\n<\/li>\n<\/ul>\n<p>Ces cat\u00e9gories correspondent \u00e0 peu pr\u00e8s aux phases du sommeil que les neuroscientifiques peuvent observer gr\u00e2ce \u00e0 la polysomnographie, qui consiste \u00e0 vous connecter \u00e0 un \u00e9lectroenc\u00e9phalogramme, ou EEG. (C&rsquo;est le truc o\u00f9 ils attachent des fils \u00e0 votre t\u00eate). Les scientifiques reconnaissent trois phases du sommeil non paradoxal, la troisi\u00e8me \u00e9tant d\u00e9crite comme le sommeil profond. Cela signifie que les \u00e9tapes 1 et 2, parfois appel\u00e9es sommeil \u00ab l\u00e9ger \u00bb, sont \u00e9tiquet\u00e9es comme sommeil \u00ab principal \u00bb par votre portable.  <\/p>\n<p>En d\u2019autres termes : la d\u00e9finition d\u2019Apple du \u00ab sommeil profond \u00bb est identique \u00e0 la d\u00e9finition du \u00ab sommeil l\u00e9ger \u00bb donn\u00e9e par les scientifiques. Il est \u00e9galement connu sous le nom de sommeil N2. (Plus d&rsquo;informations \u00e0 ce sujet dans une minute.)<\/p>\n<p>Alors pourquoi Apple n\u2019a-t-il pas utilis\u00e9 la m\u00eame formulation que tout le monde ? La soci\u00e9t\u00e9 d\u00e9clare dans un document sur son algorithme de stade du sommeil qu&rsquo;elle craignait que les gens comprennent mal le terme \u00ab\u00a0sommeil l\u00e9ger\u00a0\u00bb s&rsquo;ils l&rsquo;appelaient ainsi.<\/p>\n<blockquote>\n<p>L&rsquo;\u00e9tiquette Core a \u00e9t\u00e9 choisie pour \u00e9viter d&rsquo;\u00e9ventuelles implications involontaires du terme lumi\u00e8re, car le stade N2 est pr\u00e9dominant (repr\u00e9sentant souvent plus de 50 pour cent du sommeil d&rsquo;une nuit), normal et constitue un aspect important de la physiologie du sommeil, contenant des fuseaux de sommeil et du K. -complexes.   <\/p>\n<\/blockquote>\n<p>En d\u2019autres termes, ils ont pens\u00e9 que nous pourrions supposer que le sommeil \u00ab l\u00e9ger \u00bb est moins important que le sommeil \u00ab profond \u00bb, ils ont donc choisi un nouveau nom \u00e0 consonance importante \u00e0 utiliser \u00e0 la place de \u00ab l\u00e9ger \u00bb. <\/p>\n<p>Un tableau sur la m\u00eame page le pr\u00e9sente\u00a0: les stades non paradoxaux 1 et 2 rel\u00e8vent de la cat\u00e9gorie Apple du sommeil \u00ab principal \u00bb, tandis que le stade 3 est le sommeil \u00ab profond \u00bb. C&rsquo;est ainsi qu&rsquo;Apple l&rsquo;a d\u00e9fini lors des tests : si un EEG indiquait qu&rsquo;une personne \u00e9tait au stade 2 alors que la montre indiquait qu&rsquo;elle \u00e9tait au \u00ab c\u0153ur \u00bb, cela \u00e9tait consid\u00e9r\u00e9 comme un succ\u00e8s pour l&rsquo;algorithme.<\/p>\n<h2 id=\"what-are-the-known-sleep-stages-and-where-does-core-sleep-fit-in\">Quelles sont les \u00e9tapes connues du sommeil et o\u00f9 se situe le sommeil de base\u00a0?<\/h2>\n<p>Revenons en arri\u00e8re pour consid\u00e9rer ce que l&rsquo;on savait sur les phases du sommeil <em>avant<\/em> Apple a commenc\u00e9 \u00e0 les renommer. La compr\u00e9hension scientifique actuelle, bas\u00e9e sur les sch\u00e9mas d&rsquo;ondes c\u00e9r\u00e9brales pouvant \u00eatre lues avec un EEG, comprend les \u00e9tapes suivantes\u00a0: <\/p>\n<h3>Stade 1 non REM (N1) <\/h3>\n<p>N1 ne dure que quelques minutes. Vous respirez normalement. Votre corps commence \u00e0 se d\u00e9tendre et vos ondes c\u00e9r\u00e9brales commencent \u00e0 \u00eatre diff\u00e9rentes de ce qu&rsquo;elles sont lorsque vous \u00eates \u00e9veill\u00e9. Cela serait consid\u00e9r\u00e9 comme faisant partie de votre sommeil \u00ab l\u00e9ger \u00bb. L\u2019Apple Watch consid\u00e8re que cela fait partie de votre phase principale de sommeil.<\/p>\n<h3>Stade 2 non REM (N2)<\/h3>\n<p>\u00c9galement g\u00e9n\u00e9ralement consid\u00e9r\u00e9 comme un sommeil \u00ab l\u00e9ger \u00bb, le N2 repr\u00e9sente environ la moiti\u00e9 de votre temps de sommeil. Cette \u00e9tape comprend des pics d\u2019activit\u00e9 c\u00e9r\u00e9brale appel\u00e9s fuseaux de sommeil et des mod\u00e8les d\u2019ondes c\u00e9r\u00e9brales distinctifs appel\u00e9s complexes K. (C&rsquo;est ce que mentionne le document Apple ci-dessus.) On pense que cette \u00e9tape du sommeil correspond au moment o\u00f9 nous consolidons nos souvenirs. Fait int\u00e9ressant\u00a0: si vous grincez des dents pendant votre sommeil, ce sera principalement \u00e0 ce stade. Cette \u00e9tape constitue l\u2019essentiel de ce qu\u2019Apple consid\u00e8re comme votre sommeil principal.<\/p>\n<h3>Stade 3 non REM (N3) <\/h3>\n<p>N3 est souvent appel\u00e9 sommeil \u00ab profond \u00bb, et cette \u00e9tape repr\u00e9sente environ un quart de votre nuit. Il poss\u00e8de les ondes c\u00e9r\u00e9brales les plus lentes, c&rsquo;est pourquoi on l&rsquo;appelle parfois \u00ab\u00a0sommeil lent\u00a0\u00bb. Il est difficile de r\u00e9veiller quelqu&rsquo;un \u00e0 partir de ce stade, et si vous r\u00e9ussissez, il sera groggy pendant un petit moment. C\u2019est l\u2019\u00e9tape o\u00f9 la plus grande r\u00e9paration corporelle a tendance \u00e0 se produire, notamment la r\u00e9cup\u00e9ration musculaire, la croissance osseuse chez les enfants et le renforcement du syst\u00e8me immunitaire. En vieillissant, on passe moins de temps en N3 et plus de temps en N2.<\/p>\n<p>(Il existait une classification plus ancienne qui divisait le sommeil le plus profond en son propre stade, l&rsquo;appelant stade 4 non paradoxal, mais actuellement, cette partie la plus profonde est simplement consid\u00e9r\u00e9e comme faisant partie du stade 3.) <\/p>\n<h3>Sommeil paradoxal<\/h3>\n<p>Le sommeil paradoxal est ainsi nomm\u00e9 parce que c\u2019est l\u00e0 que se produisent les mouvements oculaires rapides. Votre corps est temporairement paralys\u00e9, \u00e0 l&rsquo;exception des yeux et des muscles respiratoires. C\u2019est l\u2019\u00e9tape la plus connue pour r\u00eaver (bien que les r\u00eaves puissent \u00e9galement se produire \u00e0 d\u2019autres \u00e9tapes).<\/p>\n<p>Les ondes c\u00e9r\u00e9brales d&rsquo;une personne en sommeil paradoxal ressemblent beaucoup \u00e0 celles d&rsquo;une personne \u00e9veill\u00e9e, c&rsquo;est pourquoi certaines applications de suivi du sommeil affichent des blocs de sommeil paradoxal comme se produisant vers le haut du graphique, pr\u00e8s de l&rsquo;\u00e9veil. Nous n\u2019entrons g\u00e9n\u00e9ralement pas en sommeil paradoxal avant d\u2019avoir franchi les autres \u00e9tapes, et nous parcourons ces \u00e9tapes toute la nuit. Habituellement, le sommeil paradoxal est assez court au d\u00e9but de la nuit et s\u2019allonge \u00e0 chaque cycle. <\/p>\n<h2 id=\"how-much-core-sleep-do-i-need\">De quelle quantit\u00e9 de sommeil de base ai-je besoin\u00a0? <\/h2>\n<p>En utilisant la d\u00e9finition d&rsquo;Apple, dans laquelle le sommeil de base est identique au sommeil l\u00e9ger, il est normal que pr\u00e8s de la moiti\u00e9 de votre sommeil soit du sommeil de base. Les scientifiques du sommeil donnent une r\u00e9partition approximative (bien que les chiffres exacts puissent varier d&rsquo;une personne \u00e0 l&rsquo;autre et que vos besoins ne soient pas toujours les m\u00eames chaque nuit)\u00a0:<\/p>\n<ul>\n<li>\n<p><strong>N1 (sommeil tr\u00e8s l\u00e9ger) :<\/strong> Environ 5% du total (quelques minutes seulement)<\/p>\n<\/li>\n<li>\n<p><strong>N2 (sommeil l\u00e9ger ou \u00ab de base \u00bb) :<\/strong> Environ 45 %, soit un peu moins de quatre heures si vous dormez normalement huit heures<\/p>\n<\/li>\n<li>\n<p><strong>N3 (sommeil profond)\u00a0:<\/strong> Environ 25 %, soit environ deux heures si vous dormez normalement huit heures<\/p>\n<\/li>\n<li>\n<p><strong>REM\u00a0:<\/strong> Environ 25%, donc aussi environ deux heures.<\/p>\n<\/li>\n<\/ul>\n<h2 id=\"how-to-get-more-core-sleep\">Comment obtenir plus de sommeil de base<\/h2>\n<p>Si votre montre Apple indique que vous dormez moins que ce que nous avons mentionn\u00e9 ci-dessus, vous vous demandez peut-\u00eatre comment obtenir plus de sommeil (ou l\u00e9ger). Avant d&rsquo;agir, cependant, vous devez savoir que les appareils portables ne sont pas tr\u00e8s efficaces pour d\u00e9terminer exactement \u00e0 quel stade de votre sommeil vous vous trouvez. Ils sont g\u00e9n\u00e9ralement (mais pas toujours !) assez efficaces pour d\u00e9terminer quand vous \u00eates endormi ou \u00e9veill\u00e9, ils peuvent donc \u00eatre utiles pour savoir si vous avez dormi six heures ou huit heures. Mais je n\u2019apporterais aucun changement \u00e0 ma routine en fonction des nombres sp\u00e9cifiques de stades de sommeil. L\u2019algorithme peut facilement classer \u00e0 tort une partie de votre sommeil l\u00e9ger comme un sommeil profond, ou vice versa. <\/p>\n<p>Cela dit, la meilleure fa\u00e7on d\u2019obtenir davantage de sommeil de base est de dormir plus et mieux en g\u00e9n\u00e9ral. Commencez par cette liste de contr\u00f4le de base en mati\u00e8re d\u2019hygi\u00e8ne du sommeil. Parmi les \u00e9l\u00e9ments les plus importants : <\/p>\n<ul>\n<li>\n<p>Donnez-vous une routine au coucher avec au moins 30 minutes de d\u00e9tente pendant lesquelles vous essayez de faire quelque chose de relaxant.<\/p>\n<\/li>\n<li>\n<p>Ayez une heure de r\u00e9veil constante.<\/p>\n<\/li>\n<li>\n<p>Ne regardez pas les \u00e9crans juste avant de vous coucher. <\/p>\n<\/li>\n<li>\n<p>Gardez votre chambre sombre et fra\u00eeche.<\/p>\n<\/li>\n<li>\n<p>Ne buvez pas d&rsquo;alcool ni de caf\u00e9ine le soir.<\/p>\n<\/li>\n<\/ul>\n<p>Am\u00e9liorer votre sommeil en g\u00e9n\u00e9ral am\u00e9liorera <em>tous<\/em> vos phases de sommeil, que votre Apple Watch puisse les distinguer ou non.<\/p>\n<h2 id=\"other-ways-people-use-the-term-core-sleep\">Autres fa\u00e7ons dont les gens utilisent le terme \u00ab sommeil profond \u00bb<\/h2>\n<p>J&rsquo;aurais vraiment aim\u00e9 qu&rsquo;Apple choisisse un autre terme, car l&rsquo;expression \u00ab\u00a0sommeil de base\u00a0\u00bb a \u00e9t\u00e9 utilis\u00e9e d&rsquo;autres mani\u00e8res. Soit il ne fait pas r\u00e9f\u00e9rence \u00e0 une \u00e9tape du sommeil, soit s&rsquo;il est associ\u00e9 \u00e0 des \u00e9tapes du sommeil, il est utilis\u00e9 pour d\u00e9signer <em>profond<\/em> \u00e9tapes du sommeil. <\/p>\n<p>Dans les ann\u00e9es 1980, le sp\u00e9cialiste du sommeil James Horne a propos\u00e9 que les premiers cycles de sommeil (occupant peut-\u00eatre les cinq premi\u00e8res heures de la nuit) constituent le sommeil \u00ab essentiel \u00bb dont nous avons tous besoin pour fonctionner. Le reste de la nuit est un sommeil \u00ab facultatif \u00bb, que nous aurions id\u00e9alement toutes les nuits, mais dont il n&rsquo;est pas grave de se priver de temps en temps. Il a d\u00e9crit cela dans un livre de 1988 intitul\u00e9 <em>Pourquoi nous dormons <\/em>(aucun rapport avec le livre de 2017 d&rsquo;un autre auteur) mais vous pouvez voir son article pr\u00e9c\u00e9dent sur le sujet ici. Il utilise les termes sommeil \u00ab obligatoire \u00bb et \u00ab facultatif \u00bb dans cet article, et est ensuite pass\u00e9 \u00e0 la terminologie de base\/facultatif. <\/p>\n<p>Vous trouverez \u00e9galement des personnes utilisant l&rsquo;expression \u00ab\u00a0sommeil central\u00a0\u00bb pour d\u00e9signer tout. <em>mais<\/em> sommeil l\u00e9ger. Par exemple, cet article sur la fa\u00e7on dont le sommeil change avec l&rsquo;\u00e2ge compare leurs r\u00e9sultats en termes de stades de sommeil avec la d\u00e9finition de Horne du sommeil central. Ce faisant, ils d\u00e9crivent le sommeil central comme \u00e9tant principalement constitu\u00e9 des \u00e9tapes N3-N4 (en d\u2019autres termes, N3 comme d\u00e9crit ci-dessus). <\/p>\n<p>\u00c0 partir de l\u00e0, Internet a eu l\u2019id\u00e9e que N3 <em>et <\/em>Le sommeil paradoxal est consid\u00e9r\u00e9 comme un sommeil \u00ab essentiel \u00bb. Je ne sais pas comment cela s&rsquo;est produit, et je ne le vois pas lorsque je consulte la litt\u00e9rature scientifique. je <em>faire<\/em> voyez-le sur \u00ab\u00a0Qu&rsquo;est-ce que le sommeil de base\u00a0?\u00a0\u00bb des articles ind\u00e9sirables sur les sites Web d&rsquo;entreprises vendant des couvertures lest\u00e9es et des bonbons g\u00e9lifi\u00e9s \u00e0 la m\u00e9latonine. <\/p>\n<p>Pour une derni\u00e8re d\u00e9finition contradictoire, l\u2019expression \u00ab sommeil profond \u00bb est \u00e9galement utilis\u00e9e par les personnes qui pratiquent le sommeil polyphasique. C&rsquo;est l&rsquo;id\u00e9e selon laquelle vous pouvez remplacer une nuit compl\u00e8te de sommeil par plusieurs siestes pendant la journ\u00e9e, quelque chose que les types de biohackers continuent d&rsquo;essayer de r\u00e9aliser, m\u00eame si cela n&rsquo;aboutit jamais. Ils utilisent le terme assez simplement : si vous faites une sieste nocturne plus longue que vos autres siestes, c&rsquo;est votre \u00ab sommeil de base \u00bb. Honn\u00eatement, c&rsquo;est une utilisation juste du mot. Je vais le permettre.<\/p>\n<p>Donc, pour conclure\u00a0: le sommeil de base, si vous faites une sieste, est la plus longue p\u00e9riode de sommeil que vous obtenez au cours d&rsquo;une journ\u00e9e. Pour les scientifiques qui \u00e9tudient la privation de sommeil, le sommeil profond est une hypoth\u00e8se sur la partie du sommeil la plus importante d&rsquo;une nuit. Mais si vous \u00eates ici simplement parce que vous vous demandez ce que votre application de sommeil Apple entend par \u00ab\u00a0sommeil de base\u00a0\u00bb, cela signifie les \u00e9tapes N1-N2, ou sommeil l\u00e9ger.<\/p>\n","protected":false},"excerpt":{"rendered":"<p>Les scientifiques du sommeil ont une signification pour ce terme\u00a0; l&rsquo;Apple Watch en a un autre. Mes amis, parlons de l&rsquo;un des termes les plus<\/p>\n","protected":false},"author":1,"featured_media":3441,"comment_status":"","ping_status":"","sticky":false,"template":"","format":"standard","meta":{"footnotes":""},"categories":[38],"tags":[582,1116,76,955,85,4050,790],"class_list":["post-3440","post","type-post","status-publish","format-standard","has-post-thumbnail","hentry","category-sante","tag-base","tag-dapprendre","tag-est","tag-quest","tag-reellement","tag-sommeil","tag-temps","generate-columns","tablet-grid-50","mobile-grid-100","grid-parent","grid-33"],"yoast_head":"<!-- This site is optimized with the Yoast SEO plugin v24.0 - https:\/\/yoast.com\/wordpress\/plugins\/seo\/ -->\n<title>Il est temps d&#039;apprendre ce qu&#039;est r\u00e9ellement le \u00ab\u00a0sommeil de base\u00a0\u00bb | Vie Associative<\/title>\n<meta name=\"robots\" content=\"index, follow, max-snippet:-1, max-image-preview:large, max-video-preview:-1\" \/>\n<link rel=\"canonical\" href=\"https:\/\/vieassociative.be\/actualites\/il-est-temps-dapprendre-ce-quest-reellement-le-sommeil-de-base\/\" \/>\n<meta property=\"og:locale\" content=\"fr_FR\" \/>\n<meta property=\"og:type\" content=\"article\" \/>\n<meta property=\"og:title\" content=\"Il est temps d&#039;apprendre ce qu&#039;est r\u00e9ellement le \u00ab\u00a0sommeil de base\u00a0\u00bb | Vie Associative\" \/>\n<meta property=\"og:description\" content=\"Les scientifiques du sommeil ont une signification pour ce terme\u00a0; l&rsquo;Apple Watch en a un autre. Mes amis, parlons de l&rsquo;un des termes les plus\" \/>\n<meta property=\"og:url\" content=\"https:\/\/vieassociative.be\/actualites\/il-est-temps-dapprendre-ce-quest-reellement-le-sommeil-de-base\/\" \/>\n<meta property=\"og:site_name\" content=\"Vie Associative\" \/>\n<meta property=\"article:published_time\" content=\"2024-12-16T13:18:48+00:00\" \/>\n<meta property=\"og:image\" content=\"https:\/\/vieassociative.be\/actualites\/wp-content\/uploads\/2024\/09\/header_backgroundk-01-e1726694325946.png\" \/>\n\t<meta property=\"og:image:width\" content=\"279\" \/>\n\t<meta property=\"og:image:height\" content=\"92\" \/>\n\t<meta property=\"og:image:type\" content=\"image\/png\" \/>\n<meta name=\"author\" content=\"Julien\" \/>\n<meta name=\"twitter:card\" content=\"summary_large_image\" \/>\n<meta name=\"twitter:label1\" content=\"\u00c9crit par\" \/>\n\t<meta name=\"twitter:data1\" content=\"Julien\" \/>\n\t<meta name=\"twitter:label2\" content=\"Dur\u00e9e de lecture est.\" \/>\n\t<meta name=\"twitter:data2\" content=\"10 minutes\" \/>\n<script type=\"application\/ld+json\" class=\"yoast-schema-graph\">{\"@context\":\"https:\/\/schema.org\",\"@graph\":[{\"@type\":\"Article\",\"@id\":\"https:\/\/vieassociative.be\/actualites\/il-est-temps-dapprendre-ce-quest-reellement-le-sommeil-de-base\/#article\",\"isPartOf\":{\"@id\":\"https:\/\/vieassociative.be\/actualites\/il-est-temps-dapprendre-ce-quest-reellement-le-sommeil-de-base\/\"},\"author\":{\"name\":\"Julien\",\"@id\":\"https:\/\/vieassociative.be\/actualites\/#\/schema\/person\/b87ac4f82f9d4e7b7cec7395b679edc4\"},\"headline\":\"Il est temps d&rsquo;apprendre ce qu&rsquo;est r\u00e9ellement le \u00ab\u00a0sommeil de base\u00a0\u00bb\",\"datePublished\":\"2024-12-16T13:18:48+00:00\",\"dateModified\":\"2024-12-16T13:18:48+00:00\",\"mainEntityOfPage\":{\"@id\":\"https:\/\/vieassociative.be\/actualites\/il-est-temps-dapprendre-ce-quest-reellement-le-sommeil-de-base\/\"},\"wordCount\":2141,\"publisher\":{\"@id\":\"https:\/\/vieassociative.be\/actualites\/#organization\"},\"image\":{\"@id\":\"https:\/\/vieassociative.be\/actualites\/il-est-temps-dapprendre-ce-quest-reellement-le-sommeil-de-base\/#primaryimage\"},\"thumbnailUrl\":\"https:\/\/vieassociative.be\/actualites\/wp-content\/uploads\/2024\/12\/Il-est-temps-dapprendre-ce-quest-reellement-le-sommeil-de.jpg\",\"keywords\":[\"base\",\"dapprendre\",\"est\",\"Quest\",\"r\u00e9ellement\",\"sommeil\",\"temps\"],\"articleSection\":[\"Sant\u00e9\"],\"inLanguage\":\"fr-BE\"},{\"@type\":\"WebPage\",\"@id\":\"https:\/\/vieassociative.be\/actualites\/il-est-temps-dapprendre-ce-quest-reellement-le-sommeil-de-base\/\",\"url\":\"https:\/\/vieassociative.be\/actualites\/il-est-temps-dapprendre-ce-quest-reellement-le-sommeil-de-base\/\",\"name\":\"Il est temps d'apprendre ce qu'est r\u00e9ellement le \u00ab\u00a0sommeil de base\u00a0\u00bb | Vie Associative\",\"isPartOf\":{\"@id\":\"https:\/\/vieassociative.be\/actualites\/#website\"},\"primaryImageOfPage\":{\"@id\":\"https:\/\/vieassociative.be\/actualites\/il-est-temps-dapprendre-ce-quest-reellement-le-sommeil-de-base\/#primaryimage\"},\"image\":{\"@id\":\"https:\/\/vieassociative.be\/actualites\/il-est-temps-dapprendre-ce-quest-reellement-le-sommeil-de-base\/#primaryimage\"},\"thumbnailUrl\":\"https:\/\/vieassociative.be\/actualites\/wp-content\/uploads\/2024\/12\/Il-est-temps-dapprendre-ce-quest-reellement-le-sommeil-de.jpg\",\"datePublished\":\"2024-12-16T13:18:48+00:00\",\"dateModified\":\"2024-12-16T13:18:48+00:00\",\"breadcrumb\":{\"@id\":\"https:\/\/vieassociative.be\/actualites\/il-est-temps-dapprendre-ce-quest-reellement-le-sommeil-de-base\/#breadcrumb\"},\"inLanguage\":\"fr-BE\",\"potentialAction\":[{\"@type\":\"ReadAction\",\"target\":[\"https:\/\/vieassociative.be\/actualites\/il-est-temps-dapprendre-ce-quest-reellement-le-sommeil-de-base\/\"]}]},{\"@type\":\"ImageObject\",\"inLanguage\":\"fr-BE\",\"@id\":\"https:\/\/vieassociative.be\/actualites\/il-est-temps-dapprendre-ce-quest-reellement-le-sommeil-de-base\/#primaryimage\",\"url\":\"https:\/\/vieassociative.be\/actualites\/wp-content\/uploads\/2024\/12\/Il-est-temps-dapprendre-ce-quest-reellement-le-sommeil-de.jpg\",\"contentUrl\":\"https:\/\/vieassociative.be\/actualites\/wp-content\/uploads\/2024\/12\/Il-est-temps-dapprendre-ce-quest-reellement-le-sommeil-de.jpg\",\"width\":1200,\"height\":675,\"caption\":\"Il est temps d'apprendre ce qu'est r\u00e9ellement le \u00ab\u00a0sommeil de base\u00a0\u00bb\"},{\"@type\":\"BreadcrumbList\",\"@id\":\"https:\/\/vieassociative.be\/actualites\/il-est-temps-dapprendre-ce-quest-reellement-le-sommeil-de-base\/#breadcrumb\",\"itemListElement\":[{\"@type\":\"ListItem\",\"position\":1,\"name\":\"Accueil\",\"item\":\"https:\/\/vieassociative.be\/actualites\/\"},{\"@type\":\"ListItem\",\"position\":2,\"name\":\"Il est temps d&rsquo;apprendre ce qu&rsquo;est r\u00e9ellement le \u00ab\u00a0sommeil de base\u00a0\u00bb\"}]},{\"@type\":\"WebSite\",\"@id\":\"https:\/\/vieassociative.be\/actualites\/#website\",\"url\":\"https:\/\/vieassociative.be\/actualites\/\",\"name\":\"Vie Associative\",\"description\":\"\",\"publisher\":{\"@id\":\"https:\/\/vieassociative.be\/actualites\/#organization\"},\"potentialAction\":[{\"@type\":\"SearchAction\",\"target\":{\"@type\":\"EntryPoint\",\"urlTemplate\":\"https:\/\/vieassociative.be\/actualites\/?s={search_term_string}\"},\"query-input\":{\"@type\":\"PropertyValueSpecification\",\"valueRequired\":true,\"valueName\":\"search_term_string\"}}],\"inLanguage\":\"fr-BE\"},{\"@type\":\"Organization\",\"@id\":\"https:\/\/vieassociative.be\/actualites\/#organization\",\"name\":\"Vie Associative\",\"url\":\"https:\/\/vieassociative.be\/actualites\/\",\"logo\":{\"@type\":\"ImageObject\",\"inLanguage\":\"fr-BE\",\"@id\":\"https:\/\/vieassociative.be\/actualites\/#\/schema\/logo\/image\/\",\"url\":\"https:\/\/vieassociative.be\/actualites\/wp-content\/uploads\/2024\/09\/cropped-vieassociative_favicon.ico.png\",\"contentUrl\":\"https:\/\/vieassociative.be\/actualites\/wp-content\/uploads\/2024\/09\/cropped-vieassociative_favicon.ico.png\",\"width\":512,\"height\":512,\"caption\":\"Vie Associative\"},\"image\":{\"@id\":\"https:\/\/vieassociative.be\/actualites\/#\/schema\/logo\/image\/\"}},{\"@type\":\"Person\",\"@id\":\"https:\/\/vieassociative.be\/actualites\/#\/schema\/person\/b87ac4f82f9d4e7b7cec7395b679edc4\",\"name\":\"Julien\",\"image\":{\"@type\":\"ImageObject\",\"inLanguage\":\"fr-BE\",\"@id\":\"https:\/\/vieassociative.be\/actualites\/#\/schema\/person\/image\/\",\"url\":\"https:\/\/vieassociative.be\/actualites\/wp-content\/uploads\/2024\/09\/vie-associative-1-150x150.jpg\",\"contentUrl\":\"https:\/\/vieassociative.be\/actualites\/wp-content\/uploads\/2024\/09\/vie-associative-1-150x150.jpg\",\"caption\":\"Julien\"},\"description\":\"Je suis Julien, r\u00e9dacteur pour Vie Associative. Passionn\u00e9 par le monde associatif depuis plus de 10 ans, j'ai \u00e0 c\u0153ur de partager des histoires inspirantes et de mettre en lumi\u00e8re les initiatives locales. Mon objectif est de sensibiliser et d'encourager l'engagement communautaire \u00e0 travers mes articles.\",\"sameAs\":[\"https:\/\/vieassociative.be\/\"]}]}<\/script>\n<!-- \/ Yoast SEO plugin. -->","yoast_head_json":{"title":"Il est temps d'apprendre ce qu'est r\u00e9ellement le \u00ab\u00a0sommeil de base\u00a0\u00bb | Vie Associative","robots":{"index":"index","follow":"follow","max-snippet":"max-snippet:-1","max-image-preview":"max-image-preview:large","max-video-preview":"max-video-preview:-1"},"canonical":"https:\/\/vieassociative.be\/actualites\/il-est-temps-dapprendre-ce-quest-reellement-le-sommeil-de-base\/","og_locale":"fr_FR","og_type":"article","og_title":"Il est temps d'apprendre ce qu'est r\u00e9ellement le \u00ab\u00a0sommeil de base\u00a0\u00bb | Vie Associative","og_description":"Les scientifiques du sommeil ont une signification pour ce terme\u00a0; l&rsquo;Apple Watch en a un autre. Mes amis, parlons de l&rsquo;un des termes les plus","og_url":"https:\/\/vieassociative.be\/actualites\/il-est-temps-dapprendre-ce-quest-reellement-le-sommeil-de-base\/","og_site_name":"Vie Associative","article_published_time":"2024-12-16T13:18:48+00:00","og_image":[{"width":279,"height":92,"url":"https:\/\/vieassociative.be\/actualites\/wp-content\/uploads\/2024\/09\/header_backgroundk-01-e1726694325946.png","type":"image\/png"}],"author":"Julien","twitter_card":"summary_large_image","twitter_misc":{"\u00c9crit par":"Julien","Dur\u00e9e de lecture est.":"10 minutes"},"schema":{"@context":"https:\/\/schema.org","@graph":[{"@type":"Article","@id":"https:\/\/vieassociative.be\/actualites\/il-est-temps-dapprendre-ce-quest-reellement-le-sommeil-de-base\/#article","isPartOf":{"@id":"https:\/\/vieassociative.be\/actualites\/il-est-temps-dapprendre-ce-quest-reellement-le-sommeil-de-base\/"},"author":{"name":"Julien","@id":"https:\/\/vieassociative.be\/actualites\/#\/schema\/person\/b87ac4f82f9d4e7b7cec7395b679edc4"},"headline":"Il est temps d&rsquo;apprendre ce qu&rsquo;est r\u00e9ellement le \u00ab\u00a0sommeil de base\u00a0\u00bb","datePublished":"2024-12-16T13:18:48+00:00","dateModified":"2024-12-16T13:18:48+00:00","mainEntityOfPage":{"@id":"https:\/\/vieassociative.be\/actualites\/il-est-temps-dapprendre-ce-quest-reellement-le-sommeil-de-base\/"},"wordCount":2141,"publisher":{"@id":"https:\/\/vieassociative.be\/actualites\/#organization"},"image":{"@id":"https:\/\/vieassociative.be\/actualites\/il-est-temps-dapprendre-ce-quest-reellement-le-sommeil-de-base\/#primaryimage"},"thumbnailUrl":"https:\/\/vieassociative.be\/actualites\/wp-content\/uploads\/2024\/12\/Il-est-temps-dapprendre-ce-quest-reellement-le-sommeil-de.jpg","keywords":["base","dapprendre","est","Quest","r\u00e9ellement","sommeil","temps"],"articleSection":["Sant\u00e9"],"inLanguage":"fr-BE"},{"@type":"WebPage","@id":"https:\/\/vieassociative.be\/actualites\/il-est-temps-dapprendre-ce-quest-reellement-le-sommeil-de-base\/","url":"https:\/\/vieassociative.be\/actualites\/il-est-temps-dapprendre-ce-quest-reellement-le-sommeil-de-base\/","name":"Il est temps d'apprendre ce qu'est r\u00e9ellement le \u00ab\u00a0sommeil de base\u00a0\u00bb | Vie Associative","isPartOf":{"@id":"https:\/\/vieassociative.be\/actualites\/#website"},"primaryImageOfPage":{"@id":"https:\/\/vieassociative.be\/actualites\/il-est-temps-dapprendre-ce-quest-reellement-le-sommeil-de-base\/#primaryimage"},"image":{"@id":"https:\/\/vieassociative.be\/actualites\/il-est-temps-dapprendre-ce-quest-reellement-le-sommeil-de-base\/#primaryimage"},"thumbnailUrl":"https:\/\/vieassociative.be\/actualites\/wp-content\/uploads\/2024\/12\/Il-est-temps-dapprendre-ce-quest-reellement-le-sommeil-de.jpg","datePublished":"2024-12-16T13:18:48+00:00","dateModified":"2024-12-16T13:18:48+00:00","breadcrumb":{"@id":"https:\/\/vieassociative.be\/actualites\/il-est-temps-dapprendre-ce-quest-reellement-le-sommeil-de-base\/#breadcrumb"},"inLanguage":"fr-BE","potentialAction":[{"@type":"ReadAction","target":["https:\/\/vieassociative.be\/actualites\/il-est-temps-dapprendre-ce-quest-reellement-le-sommeil-de-base\/"]}]},{"@type":"ImageObject","inLanguage":"fr-BE","@id":"https:\/\/vieassociative.be\/actualites\/il-est-temps-dapprendre-ce-quest-reellement-le-sommeil-de-base\/#primaryimage","url":"https:\/\/vieassociative.be\/actualites\/wp-content\/uploads\/2024\/12\/Il-est-temps-dapprendre-ce-quest-reellement-le-sommeil-de.jpg","contentUrl":"https:\/\/vieassociative.be\/actualites\/wp-content\/uploads\/2024\/12\/Il-est-temps-dapprendre-ce-quest-reellement-le-sommeil-de.jpg","width":1200,"height":675,"caption":"Il est temps d'apprendre ce qu'est r\u00e9ellement le \u00ab\u00a0sommeil de base\u00a0\u00bb"},{"@type":"BreadcrumbList","@id":"https:\/\/vieassociative.be\/actualites\/il-est-temps-dapprendre-ce-quest-reellement-le-sommeil-de-base\/#breadcrumb","itemListElement":[{"@type":"ListItem","position":1,"name":"Accueil","item":"https:\/\/vieassociative.be\/actualites\/"},{"@type":"ListItem","position":2,"name":"Il est temps d&rsquo;apprendre ce qu&rsquo;est r\u00e9ellement le \u00ab\u00a0sommeil de base\u00a0\u00bb"}]},{"@type":"WebSite","@id":"https:\/\/vieassociative.be\/actualites\/#website","url":"https:\/\/vieassociative.be\/actualites\/","name":"Vie Associative","description":"","publisher":{"@id":"https:\/\/vieassociative.be\/actualites\/#organization"},"potentialAction":[{"@type":"SearchAction","target":{"@type":"EntryPoint","urlTemplate":"https:\/\/vieassociative.be\/actualites\/?s={search_term_string}"},"query-input":{"@type":"PropertyValueSpecification","valueRequired":true,"valueName":"search_term_string"}}],"inLanguage":"fr-BE"},{"@type":"Organization","@id":"https:\/\/vieassociative.be\/actualites\/#organization","name":"Vie Associative","url":"https:\/\/vieassociative.be\/actualites\/","logo":{"@type":"ImageObject","inLanguage":"fr-BE","@id":"https:\/\/vieassociative.be\/actualites\/#\/schema\/logo\/image\/","url":"https:\/\/vieassociative.be\/actualites\/wp-content\/uploads\/2024\/09\/cropped-vieassociative_favicon.ico.png","contentUrl":"https:\/\/vieassociative.be\/actualites\/wp-content\/uploads\/2024\/09\/cropped-vieassociative_favicon.ico.png","width":512,"height":512,"caption":"Vie Associative"},"image":{"@id":"https:\/\/vieassociative.be\/actualites\/#\/schema\/logo\/image\/"}},{"@type":"Person","@id":"https:\/\/vieassociative.be\/actualites\/#\/schema\/person\/b87ac4f82f9d4e7b7cec7395b679edc4","name":"Julien","image":{"@type":"ImageObject","inLanguage":"fr-BE","@id":"https:\/\/vieassociative.be\/actualites\/#\/schema\/person\/image\/","url":"https:\/\/vieassociative.be\/actualites\/wp-content\/uploads\/2024\/09\/vie-associative-1-150x150.jpg","contentUrl":"https:\/\/vieassociative.be\/actualites\/wp-content\/uploads\/2024\/09\/vie-associative-1-150x150.jpg","caption":"Julien"},"description":"Je suis Julien, r\u00e9dacteur pour Vie Associative. Passionn\u00e9 par le monde associatif depuis plus de 10 ans, j'ai \u00e0 c\u0153ur de partager des histoires inspirantes et de mettre en lumi\u00e8re les initiatives locales. Mon objectif est de sensibiliser et d'encourager l'engagement communautaire \u00e0 travers mes articles.","sameAs":["https:\/\/vieassociative.be\/"]}]}},"_links":{"self":[{"href":"https:\/\/vieassociative.be\/actualites\/wp-json\/wp\/v2\/posts\/3440"}],"collection":[{"href":"https:\/\/vieassociative.be\/actualites\/wp-json\/wp\/v2\/posts"}],"about":[{"href":"https:\/\/vieassociative.be\/actualites\/wp-json\/wp\/v2\/types\/post"}],"author":[{"embeddable":true,"href":"https:\/\/vieassociative.be\/actualites\/wp-json\/wp\/v2\/users\/1"}],"replies":[{"embeddable":true,"href":"https:\/\/vieassociative.be\/actualites\/wp-json\/wp\/v2\/comments?post=3440"}],"version-history":[{"count":0,"href":"https:\/\/vieassociative.be\/actualites\/wp-json\/wp\/v2\/posts\/3440\/revisions"}],"wp:featuredmedia":[{"embeddable":true,"href":"https:\/\/vieassociative.be\/actualites\/wp-json\/wp\/v2\/media\/3441"}],"wp:attachment":[{"href":"https:\/\/vieassociative.be\/actualites\/wp-json\/wp\/v2\/media?parent=3440"}],"wp:term":[{"taxonomy":"category","embeddable":true,"href":"https:\/\/vieassociative.be\/actualites\/wp-json\/wp\/v2\/categories?post=3440"},{"taxonomy":"post_tag","embeddable":true,"href":"https:\/\/vieassociative.be\/actualites\/wp-json\/wp\/v2\/tags?post=3440"}],"curies":[{"name":"wp","href":"https:\/\/api.w.org\/{rel}","templated":true}]}}