{"id":343,"date":"2024-09-23T04:21:40","date_gmt":"2024-09-23T02:21:40","guid":{"rendered":"https:\/\/vieassociative.be\/actualites\/schalke-deux-elgert-schuler-nommes-pour-lequipe-nationale\/"},"modified":"2024-09-23T04:21:43","modified_gmt":"2024-09-23T02:21:43","slug":"schalke-deux-elgert-schuler-nommes-pour-lequipe-nationale","status":"publish","type":"post","link":"https:\/\/vieassociative.be\/actualites\/schalke-deux-elgert-schuler-nommes-pour-lequipe-nationale\/","title":{"rendered":"Schalke: Deux Elgert-Sch\u00fcler nomm\u00e9s pour l&rsquo;\u00e9quipe nationale"},"content":{"rendered":"<p><\/p>\n<p class=\"font-sans font-medium\">  Les Schalker A-Juniors Mehmet Can Aydin et Kerim \u00c7alhano\u011flu sont pr\u00e9sents dans l&rsquo;Aufgebot pour les matchs tests de la Nationalmannschaft allemande U-19.<\/p>\n<aside class=\"h-ad-280+text lg:h-0 \" data-slot-id=\"pos1_sm\" data-breakpoint=\"sm\" data-hide-ad-text=\"false\" data-module-id=\"SparkAdSlotModule\"><\/aside>\n<p>Pour l&rsquo;\u00e9quipe nationale allemande U-19, cela commence par la pr\u00e9paration des deux Qualifikationsrunde zur Europameisterschaft dans le Nordirland. L&rsquo;entra\u00eeneur Christian W\u00f6rns a nomm\u00e9 26 joueurs pour les tests en Pologne et en Belgique et a pr\u00e9par\u00e9 15 autres matches pour Abruf.<\/p>\n<\/p>\n<div id=\"piano-banner-kampagne\" class=\"mb-4 block\"><\/div>\n<div id=\"piano-reco-widget\" class=\"mb-4 block\"><\/div>\n<p>Zum festen 26-Mann-Kader der deutschen A-Junioren entendu en m\u00eame temps que les joueurs du FC Schalke 04 de la U-19-Bundesliga-Mannschaft von Trainer Norbert Elgert : der 18-year-old Mehmet Can Aydin et \u2013 aussi Jungjahrgang (2003) \u2013 Kerim \u00c7alhano\u011flu, 17 ans, l&rsquo;\u00e9t\u00e9 du TSG 1899 Hoffenheim est n\u00e9 en bleu royal. Vom Revierrivals Borussia Dortmund est Ansgar Knauff, 18 ans, sous la garde de l&rsquo;actuel joueur national Christian W\u00f6rns, l&rsquo;entra\u00eeneur en chef de la Schalker Bundesliga-B-Juniors lors de la saison 2013\/14.<\/p>\n<h3>Matchs tests le 3 septembre contre la Pologne et le 8 septembre contre le Danemark<\/h3>\n<p>Les U-19-Auswahl allemands se retrouveront le 3 septembre (Donnerstag, 18h) \u00e0 Kalisz en Pologne. Le F\u00fcnf Tage Sp\u00e4ter a eu lieu le 8 septembre (Journal, 11 heures) \u00e0 Genk par le Vergleich avec la Nationalmannschaft belge U-19 folgen. En raison de la pand\u00e9mie de Corona, tous les aspects des matchs et des entra\u00eenements ont \u00e9t\u00e9 d\u00e9termin\u00e9s en fonction des circonstances physiques. Le premier Qualifikationsrunde en route vers l&rsquo;Europameisterschaft en mars 2021 avait le DFB-Auswahl derri\u00e8re l&rsquo;\u00c9cosse sur les deux places abgeschlossen.<\/p>\n<p><!-- opinary --><\/p>\n<div class=\"w-full bg-background-100\">\n<div id=\"opinary-automation-placeholder\" class=\"w-full\"><\/div>\n<\/p><\/div>\n<aside class=\"h-ad-600+text lg:h-0 \" data-slot-id=\"pos2_sm\" data-breakpoint=\"sm\" data-hide-ad-text=\"false\" data-module-id=\"SparkAdSlotModule\"><\/aside>\n<\/p>\n<p>\u00ab\u00a0Le Coronavirus est encore sous contr\u00f4le toute la journ\u00e9e, c&rsquo;est une question de temps, en raison du risque des matchs nationaux et il y aura peu de normalit\u00e9 \u00e0 l&rsquo;avenir\u00a0\u00bb, d\u00e9clare Christian W\u00f6rns, 48 \u200b\u200bans (66 matchs nationaux). sur dfb.de. \u00ab Nous sommes responsables et conscients de nos concepts d\u2019hygi\u00e8ne. Pour l&rsquo;entra\u00eenement des jeunes joueurs depuis le Partien auf hohem internationalm Niveau von gro\u00dfer Bedeutung. Nous commencerons la saison Country Play 2020\/21 avec la Pologne et la Belgique avec deux opportunit\u00e9s de voyage, car tout sera oubli\u00e9. Apr\u00e8s une longue p\u00e9riode, la p\u00e9riode sera plus longue, ce qui sera utile pour la sant\u00e9 mentale et le d\u00e9veloppement mental. Nous avons pu nous amuser beaucoup dans les deux L\u00e4nderspielen (AHa).<\/p>\n","protected":false},"excerpt":{"rendered":"<p>Les Schalker A-Juniors Mehmet Can Aydin et Kerim \u00c7alhano\u011flu sont pr\u00e9sents dans l&rsquo;Aufgebot pour les matchs tests de la Nationalmannschaft allemande U-19. Pour l&rsquo;\u00e9quipe nationale<\/p>\n","protected":false},"author":1,"featured_media":344,"comment_status":"closed","ping_status":"","sticky":false,"template":"","format":"standard","meta":{"footnotes":""},"categories":[298],"tags":[114,535,537,538,536,81,534],"class_list":["post-343","post","type-post","status-publish","format-standard","has-post-thumbnail","hentry","category-belgique","tag-deux","tag-elgertschuler","tag-lequipe","tag-nationale","tag-nommes","tag-pour","tag-schalke","generate-columns","tablet-grid-50","mobile-grid-100","grid-parent","grid-33"],"yoast_head":"<!-- This site is optimized with the Yoast SEO plugin v24.0 - https:\/\/yoast.com\/wordpress\/plugins\/seo\/ -->\n<title>Schalke: Deux Elgert-Sch\u00fcler nomm\u00e9s pour l&#039;\u00e9quipe nationale | Vie Associative<\/title>\n<meta name=\"robots\" content=\"index, follow, max-snippet:-1, max-image-preview:large, max-video-preview:-1\" \/>\n<link rel=\"canonical\" href=\"https:\/\/vieassociative.be\/actualites\/schalke-deux-elgert-schuler-nommes-pour-lequipe-nationale\/\" \/>\n<meta property=\"og:locale\" content=\"fr_FR\" \/>\n<meta property=\"og:type\" content=\"article\" \/>\n<meta property=\"og:title\" content=\"Schalke: Deux Elgert-Sch\u00fcler nomm\u00e9s pour l&#039;\u00e9quipe nationale | Vie Associative\" \/>\n<meta property=\"og:description\" content=\"Les Schalker A-Juniors Mehmet Can Aydin et Kerim \u00c7alhano\u011flu sont pr\u00e9sents dans l&rsquo;Aufgebot pour les matchs tests de la Nationalmannschaft allemande U-19. Pour l&rsquo;\u00e9quipe nationale\" \/>\n<meta property=\"og:url\" content=\"https:\/\/vieassociative.be\/actualites\/schalke-deux-elgert-schuler-nommes-pour-lequipe-nationale\/\" \/>\n<meta property=\"og:site_name\" content=\"Vie Associative\" \/>\n<meta property=\"article:published_time\" content=\"2024-09-23T02:21:40+00:00\" \/>\n<meta property=\"article:modified_time\" content=\"2024-09-23T02:21:43+00:00\" \/>\n<meta property=\"og:image\" content=\"https:\/\/vieassociative.be\/actualites\/wp-content\/uploads\/2024\/09\/1727058101_Schalke-Deux-Elgert-Schuler-nommes-pour-lequipe-nationale.jpeg\" \/>\n\t<meta property=\"og:image:width\" content=\"1600\" \/>\n\t<meta property=\"og:image:height\" content=\"900\" \/>\n\t<meta property=\"og:image:type\" content=\"image\/jpeg\" \/>\n<meta name=\"author\" content=\"Julien\" \/>\n<meta name=\"twitter:card\" content=\"summary_large_image\" \/>\n<meta name=\"twitter:label1\" content=\"\u00c9crit par\" \/>\n\t<meta name=\"twitter:data1\" content=\"Julien\" \/>\n\t<meta name=\"twitter:label2\" content=\"Dur\u00e9e de lecture est.\" \/>\n\t<meta name=\"twitter:data2\" content=\"2 minutes\" \/>\n<script type=\"application\/ld+json\" class=\"yoast-schema-graph\">{\"@context\":\"https:\/\/schema.org\",\"@graph\":[{\"@type\":\"Article\",\"@id\":\"https:\/\/vieassociative.be\/actualites\/schalke-deux-elgert-schuler-nommes-pour-lequipe-nationale\/#article\",\"isPartOf\":{\"@id\":\"https:\/\/vieassociative.be\/actualites\/schalke-deux-elgert-schuler-nommes-pour-lequipe-nationale\/\"},\"author\":{\"name\":\"Julien\",\"@id\":\"https:\/\/vieassociative.be\/actualites\/#\/schema\/person\/b87ac4f82f9d4e7b7cec7395b679edc4\"},\"headline\":\"Schalke: Deux Elgert-Sch\u00fcler nomm\u00e9s pour l&rsquo;\u00e9quipe nationale\",\"datePublished\":\"2024-09-23T02:21:40+00:00\",\"dateModified\":\"2024-09-23T02:21:43+00:00\",\"mainEntityOfPage\":{\"@id\":\"https:\/\/vieassociative.be\/actualites\/schalke-deux-elgert-schuler-nommes-pour-lequipe-nationale\/\"},\"wordCount\":389,\"publisher\":{\"@id\":\"https:\/\/vieassociative.be\/actualites\/#organization\"},\"image\":{\"@id\":\"https:\/\/vieassociative.be\/actualites\/schalke-deux-elgert-schuler-nommes-pour-lequipe-nationale\/#primaryimage\"},\"thumbnailUrl\":\"https:\/\/vieassociative.be\/actualites\/wp-content\/uploads\/2024\/09\/1727058101_Schalke-Deux-Elgert-Schuler-nommes-pour-lequipe-nationale.jpeg\",\"keywords\":[\"deux\",\"ElgertSch\u00fcler\",\"l\u00e9quipe\",\"nationale\",\"nomm\u00e9s\",\"pour\",\"Schalke\"],\"articleSection\":[\"Belgique\"],\"inLanguage\":\"fr-BE\"},{\"@type\":\"WebPage\",\"@id\":\"https:\/\/vieassociative.be\/actualites\/schalke-deux-elgert-schuler-nommes-pour-lequipe-nationale\/\",\"url\":\"https:\/\/vieassociative.be\/actualites\/schalke-deux-elgert-schuler-nommes-pour-lequipe-nationale\/\",\"name\":\"Schalke: Deux Elgert-Sch\u00fcler nomm\u00e9s pour l'\u00e9quipe nationale | Vie Associative\",\"isPartOf\":{\"@id\":\"https:\/\/vieassociative.be\/actualites\/#website\"},\"primaryImageOfPage\":{\"@id\":\"https:\/\/vieassociative.be\/actualites\/schalke-deux-elgert-schuler-nommes-pour-lequipe-nationale\/#primaryimage\"},\"image\":{\"@id\":\"https:\/\/vieassociative.be\/actualites\/schalke-deux-elgert-schuler-nommes-pour-lequipe-nationale\/#primaryimage\"},\"thumbnailUrl\":\"https:\/\/vieassociative.be\/actualites\/wp-content\/uploads\/2024\/09\/1727058101_Schalke-Deux-Elgert-Schuler-nommes-pour-lequipe-nationale.jpeg\",\"datePublished\":\"2024-09-23T02:21:40+00:00\",\"dateModified\":\"2024-09-23T02:21:43+00:00\",\"breadcrumb\":{\"@id\":\"https:\/\/vieassociative.be\/actualites\/schalke-deux-elgert-schuler-nommes-pour-lequipe-nationale\/#breadcrumb\"},\"inLanguage\":\"fr-BE\",\"potentialAction\":[{\"@type\":\"ReadAction\",\"target\":[\"https:\/\/vieassociative.be\/actualites\/schalke-deux-elgert-schuler-nommes-pour-lequipe-nationale\/\"]}]},{\"@type\":\"ImageObject\",\"inLanguage\":\"fr-BE\",\"@id\":\"https:\/\/vieassociative.be\/actualites\/schalke-deux-elgert-schuler-nommes-pour-lequipe-nationale\/#primaryimage\",\"url\":\"https:\/\/vieassociative.be\/actualites\/wp-content\/uploads\/2024\/09\/1727058101_Schalke-Deux-Elgert-Schuler-nommes-pour-lequipe-nationale.jpeg\",\"contentUrl\":\"https:\/\/vieassociative.be\/actualites\/wp-content\/uploads\/2024\/09\/1727058101_Schalke-Deux-Elgert-Schuler-nommes-pour-lequipe-nationale.jpeg\",\"width\":1600,\"height\":900,\"caption\":\"Schalke: Deux Elgert-Sch\u00fcler nomm\u00e9s pour l'\u00e9quipe nationale\"},{\"@type\":\"BreadcrumbList\",\"@id\":\"https:\/\/vieassociative.be\/actualites\/schalke-deux-elgert-schuler-nommes-pour-lequipe-nationale\/#breadcrumb\",\"itemListElement\":[{\"@type\":\"ListItem\",\"position\":1,\"name\":\"Accueil\",\"item\":\"https:\/\/vieassociative.be\/actualites\/\"},{\"@type\":\"ListItem\",\"position\":2,\"name\":\"Schalke: Deux Elgert-Sch\u00fcler nomm\u00e9s pour l&rsquo;\u00e9quipe nationale\"}]},{\"@type\":\"WebSite\",\"@id\":\"https:\/\/vieassociative.be\/actualites\/#website\",\"url\":\"https:\/\/vieassociative.be\/actualites\/\",\"name\":\"Vie Associative\",\"description\":\"\",\"publisher\":{\"@id\":\"https:\/\/vieassociative.be\/actualites\/#organization\"},\"potentialAction\":[{\"@type\":\"SearchAction\",\"target\":{\"@type\":\"EntryPoint\",\"urlTemplate\":\"https:\/\/vieassociative.be\/actualites\/?s={search_term_string}\"},\"query-input\":{\"@type\":\"PropertyValueSpecification\",\"valueRequired\":true,\"valueName\":\"search_term_string\"}}],\"inLanguage\":\"fr-BE\"},{\"@type\":\"Organization\",\"@id\":\"https:\/\/vieassociative.be\/actualites\/#organization\",\"name\":\"Vie Associative\",\"url\":\"https:\/\/vieassociative.be\/actualites\/\",\"logo\":{\"@type\":\"ImageObject\",\"inLanguage\":\"fr-BE\",\"@id\":\"https:\/\/vieassociative.be\/actualites\/#\/schema\/logo\/image\/\",\"url\":\"https:\/\/vieassociative.be\/actualites\/wp-content\/uploads\/2024\/09\/cropped-vieassociative_favicon.ico.png\",\"contentUrl\":\"https:\/\/vieassociative.be\/actualites\/wp-content\/uploads\/2024\/09\/cropped-vieassociative_favicon.ico.png\",\"width\":512,\"height\":512,\"caption\":\"Vie Associative\"},\"image\":{\"@id\":\"https:\/\/vieassociative.be\/actualites\/#\/schema\/logo\/image\/\"}},{\"@type\":\"Person\",\"@id\":\"https:\/\/vieassociative.be\/actualites\/#\/schema\/person\/b87ac4f82f9d4e7b7cec7395b679edc4\",\"name\":\"Julien\",\"image\":{\"@type\":\"ImageObject\",\"inLanguage\":\"fr-BE\",\"@id\":\"https:\/\/vieassociative.be\/actualites\/#\/schema\/person\/image\/\",\"url\":\"https:\/\/vieassociative.be\/actualites\/wp-content\/uploads\/2024\/09\/vie-associative-1-150x150.jpg\",\"contentUrl\":\"https:\/\/vieassociative.be\/actualites\/wp-content\/uploads\/2024\/09\/vie-associative-1-150x150.jpg\",\"caption\":\"Julien\"},\"description\":\"Je suis Julien, r\u00e9dacteur pour Vie Associative. Passionn\u00e9 par le monde associatif depuis plus de 10 ans, j'ai \u00e0 c\u0153ur de partager des histoires inspirantes et de mettre en lumi\u00e8re les initiatives locales. Mon objectif est de sensibiliser et d'encourager l'engagement communautaire \u00e0 travers mes articles.\",\"sameAs\":[\"https:\/\/vieassociative.be\/\"]}]}<\/script>\n<!-- \/ Yoast SEO plugin. -->","yoast_head_json":{"title":"Schalke: Deux Elgert-Sch\u00fcler nomm\u00e9s pour l'\u00e9quipe nationale | Vie Associative","robots":{"index":"index","follow":"follow","max-snippet":"max-snippet:-1","max-image-preview":"max-image-preview:large","max-video-preview":"max-video-preview:-1"},"canonical":"https:\/\/vieassociative.be\/actualites\/schalke-deux-elgert-schuler-nommes-pour-lequipe-nationale\/","og_locale":"fr_FR","og_type":"article","og_title":"Schalke: Deux Elgert-Sch\u00fcler nomm\u00e9s pour l'\u00e9quipe nationale | Vie Associative","og_description":"Les Schalker A-Juniors Mehmet Can Aydin et Kerim \u00c7alhano\u011flu sont pr\u00e9sents dans l&rsquo;Aufgebot pour les matchs tests de la Nationalmannschaft allemande U-19. Pour l&rsquo;\u00e9quipe nationale","og_url":"https:\/\/vieassociative.be\/actualites\/schalke-deux-elgert-schuler-nommes-pour-lequipe-nationale\/","og_site_name":"Vie Associative","article_published_time":"2024-09-23T02:21:40+00:00","article_modified_time":"2024-09-23T02:21:43+00:00","og_image":[{"width":1600,"height":900,"url":"https:\/\/vieassociative.be\/actualites\/wp-content\/uploads\/2024\/09\/1727058101_Schalke-Deux-Elgert-Schuler-nommes-pour-lequipe-nationale.jpeg","type":"image\/jpeg"}],"author":"Julien","twitter_card":"summary_large_image","twitter_misc":{"\u00c9crit par":"Julien","Dur\u00e9e de lecture est.":"2 minutes"},"schema":{"@context":"https:\/\/schema.org","@graph":[{"@type":"Article","@id":"https:\/\/vieassociative.be\/actualites\/schalke-deux-elgert-schuler-nommes-pour-lequipe-nationale\/#article","isPartOf":{"@id":"https:\/\/vieassociative.be\/actualites\/schalke-deux-elgert-schuler-nommes-pour-lequipe-nationale\/"},"author":{"name":"Julien","@id":"https:\/\/vieassociative.be\/actualites\/#\/schema\/person\/b87ac4f82f9d4e7b7cec7395b679edc4"},"headline":"Schalke: Deux Elgert-Sch\u00fcler nomm\u00e9s pour l&rsquo;\u00e9quipe nationale","datePublished":"2024-09-23T02:21:40+00:00","dateModified":"2024-09-23T02:21:43+00:00","mainEntityOfPage":{"@id":"https:\/\/vieassociative.be\/actualites\/schalke-deux-elgert-schuler-nommes-pour-lequipe-nationale\/"},"wordCount":389,"publisher":{"@id":"https:\/\/vieassociative.be\/actualites\/#organization"},"image":{"@id":"https:\/\/vieassociative.be\/actualites\/schalke-deux-elgert-schuler-nommes-pour-lequipe-nationale\/#primaryimage"},"thumbnailUrl":"https:\/\/vieassociative.be\/actualites\/wp-content\/uploads\/2024\/09\/1727058101_Schalke-Deux-Elgert-Schuler-nommes-pour-lequipe-nationale.jpeg","keywords":["deux","ElgertSch\u00fcler","l\u00e9quipe","nationale","nomm\u00e9s","pour","Schalke"],"articleSection":["Belgique"],"inLanguage":"fr-BE"},{"@type":"WebPage","@id":"https:\/\/vieassociative.be\/actualites\/schalke-deux-elgert-schuler-nommes-pour-lequipe-nationale\/","url":"https:\/\/vieassociative.be\/actualites\/schalke-deux-elgert-schuler-nommes-pour-lequipe-nationale\/","name":"Schalke: Deux Elgert-Sch\u00fcler nomm\u00e9s pour l'\u00e9quipe nationale | Vie Associative","isPartOf":{"@id":"https:\/\/vieassociative.be\/actualites\/#website"},"primaryImageOfPage":{"@id":"https:\/\/vieassociative.be\/actualites\/schalke-deux-elgert-schuler-nommes-pour-lequipe-nationale\/#primaryimage"},"image":{"@id":"https:\/\/vieassociative.be\/actualites\/schalke-deux-elgert-schuler-nommes-pour-lequipe-nationale\/#primaryimage"},"thumbnailUrl":"https:\/\/vieassociative.be\/actualites\/wp-content\/uploads\/2024\/09\/1727058101_Schalke-Deux-Elgert-Schuler-nommes-pour-lequipe-nationale.jpeg","datePublished":"2024-09-23T02:21:40+00:00","dateModified":"2024-09-23T02:21:43+00:00","breadcrumb":{"@id":"https:\/\/vieassociative.be\/actualites\/schalke-deux-elgert-schuler-nommes-pour-lequipe-nationale\/#breadcrumb"},"inLanguage":"fr-BE","potentialAction":[{"@type":"ReadAction","target":["https:\/\/vieassociative.be\/actualites\/schalke-deux-elgert-schuler-nommes-pour-lequipe-nationale\/"]}]},{"@type":"ImageObject","inLanguage":"fr-BE","@id":"https:\/\/vieassociative.be\/actualites\/schalke-deux-elgert-schuler-nommes-pour-lequipe-nationale\/#primaryimage","url":"https:\/\/vieassociative.be\/actualites\/wp-content\/uploads\/2024\/09\/1727058101_Schalke-Deux-Elgert-Schuler-nommes-pour-lequipe-nationale.jpeg","contentUrl":"https:\/\/vieassociative.be\/actualites\/wp-content\/uploads\/2024\/09\/1727058101_Schalke-Deux-Elgert-Schuler-nommes-pour-lequipe-nationale.jpeg","width":1600,"height":900,"caption":"Schalke: Deux Elgert-Sch\u00fcler nomm\u00e9s pour l'\u00e9quipe nationale"},{"@type":"BreadcrumbList","@id":"https:\/\/vieassociative.be\/actualites\/schalke-deux-elgert-schuler-nommes-pour-lequipe-nationale\/#breadcrumb","itemListElement":[{"@type":"ListItem","position":1,"name":"Accueil","item":"https:\/\/vieassociative.be\/actualites\/"},{"@type":"ListItem","position":2,"name":"Schalke: Deux Elgert-Sch\u00fcler nomm\u00e9s pour l&rsquo;\u00e9quipe nationale"}]},{"@type":"WebSite","@id":"https:\/\/vieassociative.be\/actualites\/#website","url":"https:\/\/vieassociative.be\/actualites\/","name":"Vie Associative","description":"","publisher":{"@id":"https:\/\/vieassociative.be\/actualites\/#organization"},"potentialAction":[{"@type":"SearchAction","target":{"@type":"EntryPoint","urlTemplate":"https:\/\/vieassociative.be\/actualites\/?s={search_term_string}"},"query-input":{"@type":"PropertyValueSpecification","valueRequired":true,"valueName":"search_term_string"}}],"inLanguage":"fr-BE"},{"@type":"Organization","@id":"https:\/\/vieassociative.be\/actualites\/#organization","name":"Vie Associative","url":"https:\/\/vieassociative.be\/actualites\/","logo":{"@type":"ImageObject","inLanguage":"fr-BE","@id":"https:\/\/vieassociative.be\/actualites\/#\/schema\/logo\/image\/","url":"https:\/\/vieassociative.be\/actualites\/wp-content\/uploads\/2024\/09\/cropped-vieassociative_favicon.ico.png","contentUrl":"https:\/\/vieassociative.be\/actualites\/wp-content\/uploads\/2024\/09\/cropped-vieassociative_favicon.ico.png","width":512,"height":512,"caption":"Vie Associative"},"image":{"@id":"https:\/\/vieassociative.be\/actualites\/#\/schema\/logo\/image\/"}},{"@type":"Person","@id":"https:\/\/vieassociative.be\/actualites\/#\/schema\/person\/b87ac4f82f9d4e7b7cec7395b679edc4","name":"Julien","image":{"@type":"ImageObject","inLanguage":"fr-BE","@id":"https:\/\/vieassociative.be\/actualites\/#\/schema\/person\/image\/","url":"https:\/\/vieassociative.be\/actualites\/wp-content\/uploads\/2024\/09\/vie-associative-1-150x150.jpg","contentUrl":"https:\/\/vieassociative.be\/actualites\/wp-content\/uploads\/2024\/09\/vie-associative-1-150x150.jpg","caption":"Julien"},"description":"Je suis Julien, r\u00e9dacteur pour Vie Associative. Passionn\u00e9 par le monde associatif depuis plus de 10 ans, j'ai \u00e0 c\u0153ur de partager des histoires inspirantes et de mettre en lumi\u00e8re les initiatives locales. Mon objectif est de sensibiliser et d'encourager l'engagement communautaire \u00e0 travers mes articles.","sameAs":["https:\/\/vieassociative.be\/"]}]}},"_links":{"self":[{"href":"https:\/\/vieassociative.be\/actualites\/wp-json\/wp\/v2\/posts\/343"}],"collection":[{"href":"https:\/\/vieassociative.be\/actualites\/wp-json\/wp\/v2\/posts"}],"about":[{"href":"https:\/\/vieassociative.be\/actualites\/wp-json\/wp\/v2\/types\/post"}],"author":[{"embeddable":true,"href":"https:\/\/vieassociative.be\/actualites\/wp-json\/wp\/v2\/users\/1"}],"replies":[{"embeddable":true,"href":"https:\/\/vieassociative.be\/actualites\/wp-json\/wp\/v2\/comments?post=343"}],"version-history":[{"count":1,"href":"https:\/\/vieassociative.be\/actualites\/wp-json\/wp\/v2\/posts\/343\/revisions"}],"predecessor-version":[{"id":345,"href":"https:\/\/vieassociative.be\/actualites\/wp-json\/wp\/v2\/posts\/343\/revisions\/345"}],"wp:featuredmedia":[{"embeddable":true,"href":"https:\/\/vieassociative.be\/actualites\/wp-json\/wp\/v2\/media\/344"}],"wp:attachment":[{"href":"https:\/\/vieassociative.be\/actualites\/wp-json\/wp\/v2\/media?parent=343"}],"wp:term":[{"taxonomy":"category","embeddable":true,"href":"https:\/\/vieassociative.be\/actualites\/wp-json\/wp\/v2\/categories?post=343"},{"taxonomy":"post_tag","embeddable":true,"href":"https:\/\/vieassociative.be\/actualites\/wp-json\/wp\/v2\/tags?post=343"}],"curies":[{"name":"wp","href":"https:\/\/api.w.org\/{rel}","templated":true}]}}