{"id":3424,"date":"2024-12-16T00:17:49","date_gmt":"2024-12-15T23:17:49","guid":{"rendered":"https:\/\/vieassociative.be\/actualites\/comment-gerer-un-enfant-collant\/"},"modified":"2024-12-16T00:17:49","modified_gmt":"2024-12-15T23:17:49","slug":"comment-gerer-un-enfant-collant","status":"publish","type":"post","link":"https:\/\/vieassociative.be\/actualites\/comment-gerer-un-enfant-collant\/","title":{"rendered":"Comment g\u00e9rer un enfant collant"},"content":{"rendered":"<div class=\"mt-4 leading-6 md:mb-8\">La \u00ab phase collante \u00bb fait partie du d\u00e9veloppement normal de l\u2019enfant. Voici comment la surmonter.<\/div>\n<p><\/p>\n<p>La \u00ab phase collante \u00bb est courante chez les petits enfants. Ils peuvent ressentir l&rsquo;anxi\u00e9t\u00e9 de s\u00e9paration lorsqu&rsquo;il est temps d&rsquo;aller \u00e0 la garderie ou \u00e0 l&rsquo;\u00e9cole, ou ils peuvent ne pas vouloir vous quitter des yeux, m\u00eame dans votre propre maison. Cela peut \u00eatre une p\u00e9riode frustrante pour les parents et les enfants, mais cela fait aussi partie du d\u00e9veloppement normal de l\u2019enfant.<\/p>\n<p>\u00ab\u00a0Ce que nous dit le comportement (collant), c&rsquo;est que, pour une raison quelconque, notre enfant, \u00e0 ce stade, a besoin de beaucoup de r\u00e9confort, et il a besoin de beaucoup de confort et de connexion suppl\u00e9mentaires\u00a0\u00bb, a d\u00e9clar\u00e9 Rebecca Parlakian, experte en \u00e9ducation de la petite enfance. avec l&rsquo;organisation \u00e0 but non lucratif Zero to Three.<\/p>\n<h2 id=\"why-little-kids-become-clingy\"><strong>Pourquoi les petits enfants deviennent collants<\/strong><\/h2>\n<p>Les perturbations majeures dans la vie d&rsquo;un enfant (d\u00e9but d&rsquo;une nouvelle \u00e9cole, d\u00e9m\u00e9nagement ou introduction d&rsquo;un nouveau fr\u00e8re ou s\u0153ur, pour n&rsquo;en nommer que quelques-uns) peuvent l&rsquo;amener \u00e0 ressentir un sentiment de s\u00e9curit\u00e9 suppl\u00e9mentaire.<\/p>\n<p>\u00abC&rsquo;est particuli\u00e8rement fr\u00e9quent lorsqu&rsquo;il se passe beaucoup de choses dans la vie d&rsquo;un enfant qu&rsquo;il ne comprend pas\u00bb, a d\u00e9clar\u00e9 Parlakian. <\/p>\n<p>Cela a peut-\u00eatre \u00e9t\u00e9 particuli\u00e8rement vrai au cours des deux derni\u00e8res ann\u00e9es, car tous les enfants (et adultes) ont d\u00fb faire face \u00e0 d\u2019innombrables perturbations dans leur routine normale.<\/p>\n<p>\u00ab\u00a0En tant qu&rsquo;enfant, vous vous sentez parfois tr\u00e8s impuissant\u00a0\u00bb, a d\u00e9clar\u00e9 Melissa Goldberg-Mintz, psychologue pour enfants et fondatrice de Secure Base Psychology. \u00ab\u00a0Vous avez cette routine qui vous aide \u00e0 vous sentir ancr\u00e9, mais elle dispara\u00eet et vous vous sentez d\u00e9connect\u00e9\u00a0; bien s\u00fbr, vous voulez vous connecter \u00e0 nouveau \u00e0 votre principal soignant.\u00a0\u00bb<\/p>\n<p>Si vous savez qu&rsquo;un grand changement va se produire, il peut \u00eatre utile de pr\u00e9parer votre enfant \u00e0 l&rsquo;avance en lui expliquant ce qui va se passer et pourquoi plusieurs fois, afin qu&rsquo;il ne soit pas pris au d\u00e9pourvu.<\/p>\n<h2 id=\"how-to-help-a-clingy-child\">Comment aider un enfant collant<\/h2>\n<p>La meilleure fa\u00e7on d\u2019aider votre enfant \u00e0 traverser une phase collante est d\u2019agir comme la base s\u00fbre et s\u00e9curis\u00e9e dont il a besoin. Du temps et de l&rsquo;attention suppl\u00e9mentaires sont de mise, alors passez du temps en t\u00eate-\u00e0-t\u00eate, m\u00eame si vous ne pouvez g\u00e9rer cela que par petites tranches de temps tout au long de la journ\u00e9e. Recherchez ces moments rapides de connexion.<\/p>\n<p>\u00ab\u00a0R\u00e9agir \u00e0 l&rsquo;attachement aidera \u00e0 favoriser un attachement s\u00fbr avec votre enfant, de sorte qu&rsquo;\u00e0 terme, il int\u00e9riorisera le sentiment que s&rsquo;il a besoin de maman ou de papa, il peut \u00eatre s\u00fbr qu&rsquo;il sera l\u00e0\u00a0\u00bb, a d\u00e9clar\u00e9 Goldberg-Mintz.<\/p>\n<p>Tout en traversant une phase collante, les parents peuvent \u00e9galement aider leurs enfants \u00e0 d\u00e9velopper des strat\u00e9gies d&rsquo;adaptation aux grands changements de la vie qui les perturbent. S&rsquo;ils ont peur d&rsquo;aller \u00e0 l&rsquo;\u00e9cole, encouragez-les \u00e0 parler de leurs peurs et \u00e0 r\u00e9fl\u00e9chir ensemble \u00e0 des solutions. Pour faciliter un peu certaines de ces transitions, Goldberg-Mintz recommande des livres comme <em>La cha\u00eene invisible<\/em> par Patrice Karst et <em>La main qui s&#8217;embrasse <\/em>par Audrey Penn. Qu&rsquo;est-ce que tu <em>ne le faites pas<\/em> Ce qu&rsquo;ils veulent faire, c&rsquo;est invalider leurs sentiments en leur disant simplement que tout ira bien et qu&rsquo;ils ne devraient pas s&rsquo;inqui\u00e9ter.<\/p>\n<p>  Bien s\u00fbr, il y a une adh\u00e9rence normale, et puis il y a une adh\u00e9rence qui semble trop intense ou qui dure trop longtemps. La psychologue clinicienne Elizabeth Westrupp \u00e9crit pour The Conversation que les parents devraient consid\u00e9rer trois choses\u00a0: le contexte (tout changement qu&rsquo;ils subissent), l&rsquo;intensit\u00e9 du comportement (dans quelle mesure il interf\u00e8re dans leur vie habituelle) et depuis combien de temps il se produit. . <\/p>\n<p>\u00ab\u00a0Si le comportement se produit quotidiennement et dure plus de quatre semaines et interf\u00e8re avec la vie de l&rsquo;enfant\u00a0\u00bb, \u00e9crit Westrupp, \u00ab\u00a0il peut \u00eatre utile de consulter un professionnel tel qu&rsquo;un m\u00e9decin g\u00e9n\u00e9raliste, un p\u00e9diatre, un psychologue ou un conseiller scolaire\u00a0\u00bb.<\/p>\n","protected":false},"excerpt":{"rendered":"<p>La \u00ab phase collante \u00bb fait partie du d\u00e9veloppement normal de l\u2019enfant. Voici comment la surmonter. La \u00ab phase collante \u00bb est courante chez les<\/p>\n","protected":false},"author":1,"featured_media":3425,"comment_status":"","ping_status":"","sticky":false,"template":"","format":"standard","meta":{"footnotes":""},"categories":[37],"tags":[4044,44,295,109],"class_list":["post-3424","post","type-post","status-publish","format-standard","has-post-thumbnail","hentry","category-famille","tag-collant","tag-comment","tag-enfant","tag-gerer","generate-columns","tablet-grid-50","mobile-grid-100","grid-parent","grid-33"],"yoast_head":"<!-- This site is optimized with the Yoast SEO plugin v24.0 - https:\/\/yoast.com\/wordpress\/plugins\/seo\/ -->\n<title>Comment g\u00e9rer un enfant collant | Vie Associative<\/title>\n<meta name=\"robots\" content=\"index, follow, max-snippet:-1, max-image-preview:large, max-video-preview:-1\" \/>\n<link rel=\"canonical\" href=\"https:\/\/vieassociative.be\/actualites\/comment-gerer-un-enfant-collant\/\" \/>\n<meta property=\"og:locale\" content=\"fr_FR\" \/>\n<meta property=\"og:type\" content=\"article\" \/>\n<meta property=\"og:title\" content=\"Comment g\u00e9rer un enfant collant | Vie Associative\" \/>\n<meta property=\"og:description\" content=\"La \u00ab phase collante \u00bb fait partie du d\u00e9veloppement normal de l\u2019enfant. Voici comment la surmonter. La \u00ab phase collante \u00bb est courante chez les\" \/>\n<meta property=\"og:url\" content=\"https:\/\/vieassociative.be\/actualites\/comment-gerer-un-enfant-collant\/\" \/>\n<meta property=\"og:site_name\" content=\"Vie Associative\" \/>\n<meta property=\"article:published_time\" content=\"2024-12-15T23:17:49+00:00\" \/>\n<meta property=\"og:image\" content=\"https:\/\/vieassociative.be\/actualites\/wp-content\/uploads\/2024\/09\/header_backgroundk-01-e1726694325946.png\" \/>\n\t<meta property=\"og:image:width\" content=\"279\" \/>\n\t<meta property=\"og:image:height\" content=\"92\" \/>\n\t<meta property=\"og:image:type\" content=\"image\/png\" \/>\n<meta name=\"author\" content=\"Julien\" \/>\n<meta name=\"twitter:card\" content=\"summary_large_image\" \/>\n<meta name=\"twitter:label1\" content=\"\u00c9crit par\" \/>\n\t<meta name=\"twitter:data1\" content=\"Julien\" \/>\n\t<meta name=\"twitter:label2\" content=\"Dur\u00e9e de lecture est.\" \/>\n\t<meta name=\"twitter:data2\" content=\"3 minutes\" \/>\n<script type=\"application\/ld+json\" class=\"yoast-schema-graph\">{\"@context\":\"https:\/\/schema.org\",\"@graph\":[{\"@type\":\"Article\",\"@id\":\"https:\/\/vieassociative.be\/actualites\/comment-gerer-un-enfant-collant\/#article\",\"isPartOf\":{\"@id\":\"https:\/\/vieassociative.be\/actualites\/comment-gerer-un-enfant-collant\/\"},\"author\":{\"name\":\"Julien\",\"@id\":\"https:\/\/vieassociative.be\/actualites\/#\/schema\/person\/b87ac4f82f9d4e7b7cec7395b679edc4\"},\"headline\":\"Comment g\u00e9rer un enfant collant\",\"datePublished\":\"2024-12-15T23:17:49+00:00\",\"dateModified\":\"2024-12-15T23:17:49+00:00\",\"mainEntityOfPage\":{\"@id\":\"https:\/\/vieassociative.be\/actualites\/comment-gerer-un-enfant-collant\/\"},\"wordCount\":722,\"publisher\":{\"@id\":\"https:\/\/vieassociative.be\/actualites\/#organization\"},\"image\":{\"@id\":\"https:\/\/vieassociative.be\/actualites\/comment-gerer-un-enfant-collant\/#primaryimage\"},\"thumbnailUrl\":\"https:\/\/vieassociative.be\/actualites\/wp-content\/uploads\/2024\/12\/Comment-gerer-un-enfant-collant.jpg\",\"keywords\":[\"collant\",\"Comment\",\"enfant\",\"g\u00e9rer\"],\"articleSection\":[\"Famille\"],\"inLanguage\":\"fr-BE\"},{\"@type\":\"WebPage\",\"@id\":\"https:\/\/vieassociative.be\/actualites\/comment-gerer-un-enfant-collant\/\",\"url\":\"https:\/\/vieassociative.be\/actualites\/comment-gerer-un-enfant-collant\/\",\"name\":\"Comment g\u00e9rer un enfant collant | Vie Associative\",\"isPartOf\":{\"@id\":\"https:\/\/vieassociative.be\/actualites\/#website\"},\"primaryImageOfPage\":{\"@id\":\"https:\/\/vieassociative.be\/actualites\/comment-gerer-un-enfant-collant\/#primaryimage\"},\"image\":{\"@id\":\"https:\/\/vieassociative.be\/actualites\/comment-gerer-un-enfant-collant\/#primaryimage\"},\"thumbnailUrl\":\"https:\/\/vieassociative.be\/actualites\/wp-content\/uploads\/2024\/12\/Comment-gerer-un-enfant-collant.jpg\",\"datePublished\":\"2024-12-15T23:17:49+00:00\",\"dateModified\":\"2024-12-15T23:17:49+00:00\",\"breadcrumb\":{\"@id\":\"https:\/\/vieassociative.be\/actualites\/comment-gerer-un-enfant-collant\/#breadcrumb\"},\"inLanguage\":\"fr-BE\",\"potentialAction\":[{\"@type\":\"ReadAction\",\"target\":[\"https:\/\/vieassociative.be\/actualites\/comment-gerer-un-enfant-collant\/\"]}]},{\"@type\":\"ImageObject\",\"inLanguage\":\"fr-BE\",\"@id\":\"https:\/\/vieassociative.be\/actualites\/comment-gerer-un-enfant-collant\/#primaryimage\",\"url\":\"https:\/\/vieassociative.be\/actualites\/wp-content\/uploads\/2024\/12\/Comment-gerer-un-enfant-collant.jpg\",\"contentUrl\":\"https:\/\/vieassociative.be\/actualites\/wp-content\/uploads\/2024\/12\/Comment-gerer-un-enfant-collant.jpg\",\"width\":1200,\"height\":675,\"caption\":\"Comment g\u00e9rer un enfant collant\"},{\"@type\":\"BreadcrumbList\",\"@id\":\"https:\/\/vieassociative.be\/actualites\/comment-gerer-un-enfant-collant\/#breadcrumb\",\"itemListElement\":[{\"@type\":\"ListItem\",\"position\":1,\"name\":\"Accueil\",\"item\":\"https:\/\/vieassociative.be\/actualites\/\"},{\"@type\":\"ListItem\",\"position\":2,\"name\":\"Comment g\u00e9rer un enfant collant\"}]},{\"@type\":\"WebSite\",\"@id\":\"https:\/\/vieassociative.be\/actualites\/#website\",\"url\":\"https:\/\/vieassociative.be\/actualites\/\",\"name\":\"Vie Associative\",\"description\":\"\",\"publisher\":{\"@id\":\"https:\/\/vieassociative.be\/actualites\/#organization\"},\"potentialAction\":[{\"@type\":\"SearchAction\",\"target\":{\"@type\":\"EntryPoint\",\"urlTemplate\":\"https:\/\/vieassociative.be\/actualites\/?s={search_term_string}\"},\"query-input\":{\"@type\":\"PropertyValueSpecification\",\"valueRequired\":true,\"valueName\":\"search_term_string\"}}],\"inLanguage\":\"fr-BE\"},{\"@type\":\"Organization\",\"@id\":\"https:\/\/vieassociative.be\/actualites\/#organization\",\"name\":\"Vie Associative\",\"url\":\"https:\/\/vieassociative.be\/actualites\/\",\"logo\":{\"@type\":\"ImageObject\",\"inLanguage\":\"fr-BE\",\"@id\":\"https:\/\/vieassociative.be\/actualites\/#\/schema\/logo\/image\/\",\"url\":\"https:\/\/vieassociative.be\/actualites\/wp-content\/uploads\/2024\/09\/cropped-vieassociative_favicon.ico.png\",\"contentUrl\":\"https:\/\/vieassociative.be\/actualites\/wp-content\/uploads\/2024\/09\/cropped-vieassociative_favicon.ico.png\",\"width\":512,\"height\":512,\"caption\":\"Vie Associative\"},\"image\":{\"@id\":\"https:\/\/vieassociative.be\/actualites\/#\/schema\/logo\/image\/\"}},{\"@type\":\"Person\",\"@id\":\"https:\/\/vieassociative.be\/actualites\/#\/schema\/person\/b87ac4f82f9d4e7b7cec7395b679edc4\",\"name\":\"Julien\",\"image\":{\"@type\":\"ImageObject\",\"inLanguage\":\"fr-BE\",\"@id\":\"https:\/\/vieassociative.be\/actualites\/#\/schema\/person\/image\/\",\"url\":\"https:\/\/vieassociative.be\/actualites\/wp-content\/uploads\/2024\/09\/vie-associative-1-150x150.jpg\",\"contentUrl\":\"https:\/\/vieassociative.be\/actualites\/wp-content\/uploads\/2024\/09\/vie-associative-1-150x150.jpg\",\"caption\":\"Julien\"},\"description\":\"Je suis Julien, r\u00e9dacteur pour Vie Associative. Passionn\u00e9 par le monde associatif depuis plus de 10 ans, j'ai \u00e0 c\u0153ur de partager des histoires inspirantes et de mettre en lumi\u00e8re les initiatives locales. Mon objectif est de sensibiliser et d'encourager l'engagement communautaire \u00e0 travers mes articles.\",\"sameAs\":[\"https:\/\/vieassociative.be\/\"]}]}<\/script>\n<!-- \/ Yoast SEO plugin. -->","yoast_head_json":{"title":"Comment g\u00e9rer un enfant collant | Vie Associative","robots":{"index":"index","follow":"follow","max-snippet":"max-snippet:-1","max-image-preview":"max-image-preview:large","max-video-preview":"max-video-preview:-1"},"canonical":"https:\/\/vieassociative.be\/actualites\/comment-gerer-un-enfant-collant\/","og_locale":"fr_FR","og_type":"article","og_title":"Comment g\u00e9rer un enfant collant | Vie Associative","og_description":"La \u00ab phase collante \u00bb fait partie du d\u00e9veloppement normal de l\u2019enfant. Voici comment la surmonter. La \u00ab phase collante \u00bb est courante chez les","og_url":"https:\/\/vieassociative.be\/actualites\/comment-gerer-un-enfant-collant\/","og_site_name":"Vie Associative","article_published_time":"2024-12-15T23:17:49+00:00","og_image":[{"width":279,"height":92,"url":"https:\/\/vieassociative.be\/actualites\/wp-content\/uploads\/2024\/09\/header_backgroundk-01-e1726694325946.png","type":"image\/png"}],"author":"Julien","twitter_card":"summary_large_image","twitter_misc":{"\u00c9crit par":"Julien","Dur\u00e9e de lecture est.":"3 minutes"},"schema":{"@context":"https:\/\/schema.org","@graph":[{"@type":"Article","@id":"https:\/\/vieassociative.be\/actualites\/comment-gerer-un-enfant-collant\/#article","isPartOf":{"@id":"https:\/\/vieassociative.be\/actualites\/comment-gerer-un-enfant-collant\/"},"author":{"name":"Julien","@id":"https:\/\/vieassociative.be\/actualites\/#\/schema\/person\/b87ac4f82f9d4e7b7cec7395b679edc4"},"headline":"Comment g\u00e9rer un enfant collant","datePublished":"2024-12-15T23:17:49+00:00","dateModified":"2024-12-15T23:17:49+00:00","mainEntityOfPage":{"@id":"https:\/\/vieassociative.be\/actualites\/comment-gerer-un-enfant-collant\/"},"wordCount":722,"publisher":{"@id":"https:\/\/vieassociative.be\/actualites\/#organization"},"image":{"@id":"https:\/\/vieassociative.be\/actualites\/comment-gerer-un-enfant-collant\/#primaryimage"},"thumbnailUrl":"https:\/\/vieassociative.be\/actualites\/wp-content\/uploads\/2024\/12\/Comment-gerer-un-enfant-collant.jpg","keywords":["collant","Comment","enfant","g\u00e9rer"],"articleSection":["Famille"],"inLanguage":"fr-BE"},{"@type":"WebPage","@id":"https:\/\/vieassociative.be\/actualites\/comment-gerer-un-enfant-collant\/","url":"https:\/\/vieassociative.be\/actualites\/comment-gerer-un-enfant-collant\/","name":"Comment g\u00e9rer un enfant collant | Vie Associative","isPartOf":{"@id":"https:\/\/vieassociative.be\/actualites\/#website"},"primaryImageOfPage":{"@id":"https:\/\/vieassociative.be\/actualites\/comment-gerer-un-enfant-collant\/#primaryimage"},"image":{"@id":"https:\/\/vieassociative.be\/actualites\/comment-gerer-un-enfant-collant\/#primaryimage"},"thumbnailUrl":"https:\/\/vieassociative.be\/actualites\/wp-content\/uploads\/2024\/12\/Comment-gerer-un-enfant-collant.jpg","datePublished":"2024-12-15T23:17:49+00:00","dateModified":"2024-12-15T23:17:49+00:00","breadcrumb":{"@id":"https:\/\/vieassociative.be\/actualites\/comment-gerer-un-enfant-collant\/#breadcrumb"},"inLanguage":"fr-BE","potentialAction":[{"@type":"ReadAction","target":["https:\/\/vieassociative.be\/actualites\/comment-gerer-un-enfant-collant\/"]}]},{"@type":"ImageObject","inLanguage":"fr-BE","@id":"https:\/\/vieassociative.be\/actualites\/comment-gerer-un-enfant-collant\/#primaryimage","url":"https:\/\/vieassociative.be\/actualites\/wp-content\/uploads\/2024\/12\/Comment-gerer-un-enfant-collant.jpg","contentUrl":"https:\/\/vieassociative.be\/actualites\/wp-content\/uploads\/2024\/12\/Comment-gerer-un-enfant-collant.jpg","width":1200,"height":675,"caption":"Comment g\u00e9rer un enfant collant"},{"@type":"BreadcrumbList","@id":"https:\/\/vieassociative.be\/actualites\/comment-gerer-un-enfant-collant\/#breadcrumb","itemListElement":[{"@type":"ListItem","position":1,"name":"Accueil","item":"https:\/\/vieassociative.be\/actualites\/"},{"@type":"ListItem","position":2,"name":"Comment g\u00e9rer un enfant collant"}]},{"@type":"WebSite","@id":"https:\/\/vieassociative.be\/actualites\/#website","url":"https:\/\/vieassociative.be\/actualites\/","name":"Vie Associative","description":"","publisher":{"@id":"https:\/\/vieassociative.be\/actualites\/#organization"},"potentialAction":[{"@type":"SearchAction","target":{"@type":"EntryPoint","urlTemplate":"https:\/\/vieassociative.be\/actualites\/?s={search_term_string}"},"query-input":{"@type":"PropertyValueSpecification","valueRequired":true,"valueName":"search_term_string"}}],"inLanguage":"fr-BE"},{"@type":"Organization","@id":"https:\/\/vieassociative.be\/actualites\/#organization","name":"Vie Associative","url":"https:\/\/vieassociative.be\/actualites\/","logo":{"@type":"ImageObject","inLanguage":"fr-BE","@id":"https:\/\/vieassociative.be\/actualites\/#\/schema\/logo\/image\/","url":"https:\/\/vieassociative.be\/actualites\/wp-content\/uploads\/2024\/09\/cropped-vieassociative_favicon.ico.png","contentUrl":"https:\/\/vieassociative.be\/actualites\/wp-content\/uploads\/2024\/09\/cropped-vieassociative_favicon.ico.png","width":512,"height":512,"caption":"Vie Associative"},"image":{"@id":"https:\/\/vieassociative.be\/actualites\/#\/schema\/logo\/image\/"}},{"@type":"Person","@id":"https:\/\/vieassociative.be\/actualites\/#\/schema\/person\/b87ac4f82f9d4e7b7cec7395b679edc4","name":"Julien","image":{"@type":"ImageObject","inLanguage":"fr-BE","@id":"https:\/\/vieassociative.be\/actualites\/#\/schema\/person\/image\/","url":"https:\/\/vieassociative.be\/actualites\/wp-content\/uploads\/2024\/09\/vie-associative-1-150x150.jpg","contentUrl":"https:\/\/vieassociative.be\/actualites\/wp-content\/uploads\/2024\/09\/vie-associative-1-150x150.jpg","caption":"Julien"},"description":"Je suis Julien, r\u00e9dacteur pour Vie Associative. Passionn\u00e9 par le monde associatif depuis plus de 10 ans, j'ai \u00e0 c\u0153ur de partager des histoires inspirantes et de mettre en lumi\u00e8re les initiatives locales. Mon objectif est de sensibiliser et d'encourager l'engagement communautaire \u00e0 travers mes articles.","sameAs":["https:\/\/vieassociative.be\/"]}]}},"_links":{"self":[{"href":"https:\/\/vieassociative.be\/actualites\/wp-json\/wp\/v2\/posts\/3424"}],"collection":[{"href":"https:\/\/vieassociative.be\/actualites\/wp-json\/wp\/v2\/posts"}],"about":[{"href":"https:\/\/vieassociative.be\/actualites\/wp-json\/wp\/v2\/types\/post"}],"author":[{"embeddable":true,"href":"https:\/\/vieassociative.be\/actualites\/wp-json\/wp\/v2\/users\/1"}],"replies":[{"embeddable":true,"href":"https:\/\/vieassociative.be\/actualites\/wp-json\/wp\/v2\/comments?post=3424"}],"version-history":[{"count":0,"href":"https:\/\/vieassociative.be\/actualites\/wp-json\/wp\/v2\/posts\/3424\/revisions"}],"wp:featuredmedia":[{"embeddable":true,"href":"https:\/\/vieassociative.be\/actualites\/wp-json\/wp\/v2\/media\/3425"}],"wp:attachment":[{"href":"https:\/\/vieassociative.be\/actualites\/wp-json\/wp\/v2\/media?parent=3424"}],"wp:term":[{"taxonomy":"category","embeddable":true,"href":"https:\/\/vieassociative.be\/actualites\/wp-json\/wp\/v2\/categories?post=3424"},{"taxonomy":"post_tag","embeddable":true,"href":"https:\/\/vieassociative.be\/actualites\/wp-json\/wp\/v2\/tags?post=3424"}],"curies":[{"name":"wp","href":"https:\/\/api.w.org\/{rel}","templated":true}]}}