{"id":3421,"date":"2024-12-15T21:18:30","date_gmt":"2024-12-15T20:18:30","guid":{"rendered":"https:\/\/vieassociative.be\/actualites\/oliver-paasch-au-sommet-de-la-grande-region-a-mayence-les-radicaux-et-les-populistes-mettent-leurope-en-danger\/"},"modified":"2024-12-15T21:18:30","modified_gmt":"2024-12-15T20:18:30","slug":"oliver-paasch-au-sommet-de-la-grande-region-a-mayence-les-radicaux-et-les-populistes-mettent-leurope-en-danger","status":"publish","type":"post","link":"https:\/\/vieassociative.be\/actualites\/oliver-paasch-au-sommet-de-la-grande-region-a-mayence-les-radicaux-et-les-populistes-mettent-leurope-en-danger\/","title":{"rendered":"Oliver Paasch au Sommet de la Grande R\u00e9gion \u00e0 Mayence \u2013 \u00ab Les radicaux et les populistes mettent l\u2019Europe en danger \u00bb"},"content":{"rendered":"<p><strong>\u00c0 l&rsquo;invitation du Premier ministre de Rh\u00e9nanie-Palatinat Alexander Schweitzer, les membres du Sommet de la Grande R\u00e9gion se sont r\u00e9unis vendredi \u00e0 la Chancellerie d&rsquo;\u00c9tat de Mayence du Land de Rh\u00e9nanie-Palatinat pour r\u00e9affirmer leur \u00ab coop\u00e9ration commune et leur vision d&rsquo;un d\u00e9veloppement durable, Grande R\u00e9gion prosp\u00e8re et stable \u00bb.<\/strong><\/p>\n<p><span id=\"more-404179\"><\/span>Lorsqu\u2019un contemporain entend des termes comme \u00ab sommet \u00bb ou \u00ab grande r\u00e9gion \u00bb, il pense g\u00e9n\u00e9ralement aux r\u00e9unions des chefs d\u2019\u00c9tat et de gouvernement de l\u2019UE, de l\u2019OTAN ou du G7. C&rsquo;est pourquoi il doit sourire un peu lorsqu&rsquo;il lit que le DG-Premier ministre Oliver Paasch a particip\u00e9 vendredi \u00e0 un sommet pour la Grande R\u00e9gion \u00e0 la Chancellerie d&rsquo;\u00c9tat de Mayence \u00e0 l&rsquo;invitation du Premier ministre de Rh\u00e9nanie-Palatinat, Alexander Schweitzer, successeur de la d\u00e9missionnaire Malu Dreyer.<\/p>\n<p>\u00ab Sommet \u00bb et \u00ab Grande R\u00e9gion \u00bb sont les noms officiels d&rsquo;une r\u00e9union supr\u00eame des chefs de gouvernement de Rh\u00e9nanie-Palatinat, de Sarre, du Grand-Duch\u00e9 de Luxembourg, de Lorraine, de la Communaut\u00e9 germanophone de Belgique et de la R\u00e9gion wallonne.<\/p>\n<div id=\"attachment_404188\" class=\"wp-caption alignleft\" style=\"max-width: 249px\"><img fetchpriority=\"high\" decoding=\"async\" class=\"wp-image-404188 size-medium\" src=\"https:\/\/vieassociative.be\/actualites\/wp-content\/uploads\/2024\/12\/Oliver-Paasch-au-Sommet-de-la-Grande-Region-a-Mayence.jpg\" alt=\"\" width=\"249\" height=\"300\"><\/p>\n<p class=\"wp-caption-text\">Photo de groupe des participants au Sommet de la Grande R\u00e9gion \u00e0 Mayence avec le DG-Premier ministre Oliver Paasch. Photo : Chancellerie d&rsquo;\u00c9tat RLP \/ Jonas Werner-Hohensee<\/p>\n<\/div>\n<p>La grande r\u00e9gion, autrefois appel\u00e9e grande r\u00e9gion Sarre-Lor-Lux, est le pendant m\u00e9ridional de l&rsquo;Euregio Meuse-Rhin au nord, qui comprend, outre la DG et la Wallonie, la r\u00e9gion urbaine d&rsquo;Aix-la-Chapelle et les provinces de Limbourg n\u00e9erlandais et Limbourg belge. <\/p>\n<p>La grande r\u00e9gion couvre une superficie de 65 401 kilom\u00e8tres carr\u00e9s et compte 11,4 millions d&rsquo;habitants. La Rh\u00e9nanie-Palatinat assurera la pr\u00e9sidence de la grande r\u00e9gion jusqu&rsquo;\u00e0 la fin de cette ann\u00e9e.<\/p>\n<p>Lors du sommet de vendredi, les participants ont voulu r\u00e9affirmer \u00ab leur coop\u00e9ration commune et leur vision d&rsquo;une grande r\u00e9gion durable, prosp\u00e8re et stable \u00bb. Le DG Premier ministre Oliver Paasch et le Premier ministre wallon Adrien Dolimont ont pr\u00e9sent\u00e9 les \u00ab Perspectives 2025-2026 \u00bb que la future Pr\u00e9sidence wallonne souhaite d\u00e9velopper dans la Grande R\u00e9gion dans les ann\u00e9es \u00e0 venir en coop\u00e9ration avec les pays germanophones et francophones. communaut\u00e9s.<\/p>\n<p>\u00ab La p\u00e9riode actuelle de turbulences et d\u2019incertitudes renforce les radicaux et les populistes qui pr\u00f4nent le protectionnisme. \u00abCela met en danger les acquis de l&rsquo;int\u00e9gration europ\u00e9enne\u00bb, a \u00e9t\u00e9 l&rsquo;opinion unanime des personnes pr\u00e9sentes. \u00ab Il est donc plus important que jamais que nous, en tant que r\u00e9gion transfrontali\u00e8re, soulignions notre attachement aux valeurs fondamentales de la coop\u00e9ration europ\u00e9enne, de la paix et de la compr\u00e9hension. \u00bb<\/p>\n<p>Dans le cadre du sommet, une d\u00e9claration commune a \u00e9t\u00e9 adopt\u00e9e qui couvre des sujets et des initiatives importants pour la coop\u00e9ration future au sein de la Grande R\u00e9gion et avec l&rsquo;Union europ\u00e9enne. Les ex\u00e9cutifs s&rsquo;engagent en faveur d&rsquo;une Europe intelligente, comp\u00e9titive, durable et sociale, conform\u00e9ment aux priorit\u00e9s de la Commission europ\u00e9enne. Ils r\u00e9affirment leur engagement en faveur d&rsquo;une Europe forte qui met en \u0153uvre une politique de coh\u00e9sion ambitieuse et promeut la coop\u00e9ration transfrontali\u00e8re \u00e0 travers des programmes renforc\u00e9s. (cr\u00e9er)<\/p>\n","protected":false},"excerpt":{"rendered":"<p>\u00c0 l&rsquo;invitation du Premier ministre de Rh\u00e9nanie-Palatinat Alexander Schweitzer, les membres du Sommet de la Grande R\u00e9gion se sont r\u00e9unis vendredi \u00e0 la Chancellerie d&rsquo;\u00c9tat<\/p>\n","protected":false},"author":1,"featured_media":3422,"comment_status":"","ping_status":"","sticky":false,"template":"","format":"standard","meta":{"footnotes":""},"categories":[298],"tags":[587,1787,14,2785,4026,1391,3141,2553,4043,4042,4041,4040],"class_list":["post-3421","post","type-post","status-publish","format-standard","has-post-thumbnail","hentry","category-belgique","tag-danger","tag-grande","tag-les","tag-leurope","tag-mayence","tag-mettent","tag-oliver","tag-paasch","tag-populistes","tag-radicaux","tag-region","tag-sommet","generate-columns","tablet-grid-50","mobile-grid-100","grid-parent","grid-33"],"yoast_head":"<!-- This site is optimized with the Yoast SEO plugin v24.0 - https:\/\/yoast.com\/wordpress\/plugins\/seo\/ -->\n<title>Oliver Paasch au Sommet de la Grande R\u00e9gion \u00e0 Mayence \u2013 \u00ab Les radicaux et les populistes mettent l\u2019Europe en danger \u00bb | Vie Associative<\/title>\n<meta name=\"robots\" content=\"index, follow, max-snippet:-1, max-image-preview:large, max-video-preview:-1\" \/>\n<link rel=\"canonical\" href=\"https:\/\/vieassociative.be\/actualites\/oliver-paasch-au-sommet-de-la-grande-region-a-mayence-les-radicaux-et-les-populistes-mettent-leurope-en-danger\/\" \/>\n<meta property=\"og:locale\" content=\"fr_FR\" \/>\n<meta property=\"og:type\" content=\"article\" \/>\n<meta property=\"og:title\" content=\"Oliver Paasch au Sommet de la Grande R\u00e9gion \u00e0 Mayence \u2013 \u00ab Les radicaux et les populistes mettent l\u2019Europe en danger \u00bb | Vie Associative\" \/>\n<meta property=\"og:description\" content=\"\u00c0 l&rsquo;invitation du Premier ministre de Rh\u00e9nanie-Palatinat Alexander Schweitzer, les membres du Sommet de la Grande R\u00e9gion se sont r\u00e9unis vendredi \u00e0 la Chancellerie d&rsquo;\u00c9tat\" \/>\n<meta property=\"og:url\" content=\"https:\/\/vieassociative.be\/actualites\/oliver-paasch-au-sommet-de-la-grande-region-a-mayence-les-radicaux-et-les-populistes-mettent-leurope-en-danger\/\" \/>\n<meta property=\"og:site_name\" content=\"Vie Associative\" \/>\n<meta property=\"article:published_time\" content=\"2024-12-15T20:18:30+00:00\" \/>\n<meta property=\"og:image\" content=\"https:\/\/vieassociative.be\/actualites\/wp-content\/uploads\/2024\/09\/header_backgroundk-01-e1726694325946.png\" \/>\n\t<meta property=\"og:image:width\" content=\"279\" \/>\n\t<meta property=\"og:image:height\" content=\"92\" \/>\n\t<meta property=\"og:image:type\" content=\"image\/png\" \/>\n<meta name=\"author\" content=\"Julien\" \/>\n<meta name=\"twitter:card\" content=\"summary_large_image\" \/>\n<meta name=\"twitter:label1\" content=\"\u00c9crit par\" \/>\n\t<meta name=\"twitter:data1\" content=\"Julien\" \/>\n\t<meta name=\"twitter:label2\" content=\"Dur\u00e9e de lecture est.\" \/>\n\t<meta name=\"twitter:data2\" content=\"3 minutes\" \/>\n<script type=\"application\/ld+json\" class=\"yoast-schema-graph\">{\"@context\":\"https:\/\/schema.org\",\"@graph\":[{\"@type\":\"Article\",\"@id\":\"https:\/\/vieassociative.be\/actualites\/oliver-paasch-au-sommet-de-la-grande-region-a-mayence-les-radicaux-et-les-populistes-mettent-leurope-en-danger\/#article\",\"isPartOf\":{\"@id\":\"https:\/\/vieassociative.be\/actualites\/oliver-paasch-au-sommet-de-la-grande-region-a-mayence-les-radicaux-et-les-populistes-mettent-leurope-en-danger\/\"},\"author\":{\"name\":\"Julien\",\"@id\":\"https:\/\/vieassociative.be\/actualites\/#\/schema\/person\/b87ac4f82f9d4e7b7cec7395b679edc4\"},\"headline\":\"Oliver Paasch au Sommet de la Grande R\u00e9gion \u00e0 Mayence \u2013 \u00ab Les radicaux et les populistes mettent l\u2019Europe en danger \u00bb\",\"datePublished\":\"2024-12-15T20:18:30+00:00\",\"dateModified\":\"2024-12-15T20:18:30+00:00\",\"mainEntityOfPage\":{\"@id\":\"https:\/\/vieassociative.be\/actualites\/oliver-paasch-au-sommet-de-la-grande-region-a-mayence-les-radicaux-et-les-populistes-mettent-leurope-en-danger\/\"},\"wordCount\":567,\"publisher\":{\"@id\":\"https:\/\/vieassociative.be\/actualites\/#organization\"},\"image\":{\"@id\":\"https:\/\/vieassociative.be\/actualites\/oliver-paasch-au-sommet-de-la-grande-region-a-mayence-les-radicaux-et-les-populistes-mettent-leurope-en-danger\/#primaryimage\"},\"thumbnailUrl\":\"https:\/\/vieassociative.be\/actualites\/wp-content\/uploads\/2024\/12\/1734293910_Oliver-Paasch-au-Sommet-de-la-Grande-Region-a-Mayence.jpg\",\"keywords\":[\"danger\",\"grande\",\"Les\",\"lEurope\",\"Mayence\",\"mettent\",\"Oliver\",\"Paasch\",\"populistes\",\"radicaux\",\"R\u00e9gion\",\"Sommet\"],\"articleSection\":[\"Belgique\"],\"inLanguage\":\"fr-BE\"},{\"@type\":\"WebPage\",\"@id\":\"https:\/\/vieassociative.be\/actualites\/oliver-paasch-au-sommet-de-la-grande-region-a-mayence-les-radicaux-et-les-populistes-mettent-leurope-en-danger\/\",\"url\":\"https:\/\/vieassociative.be\/actualites\/oliver-paasch-au-sommet-de-la-grande-region-a-mayence-les-radicaux-et-les-populistes-mettent-leurope-en-danger\/\",\"name\":\"Oliver Paasch au Sommet de la Grande R\u00e9gion \u00e0 Mayence \u2013 \u00ab Les radicaux et les populistes mettent l\u2019Europe en danger \u00bb | Vie Associative\",\"isPartOf\":{\"@id\":\"https:\/\/vieassociative.be\/actualites\/#website\"},\"primaryImageOfPage\":{\"@id\":\"https:\/\/vieassociative.be\/actualites\/oliver-paasch-au-sommet-de-la-grande-region-a-mayence-les-radicaux-et-les-populistes-mettent-leurope-en-danger\/#primaryimage\"},\"image\":{\"@id\":\"https:\/\/vieassociative.be\/actualites\/oliver-paasch-au-sommet-de-la-grande-region-a-mayence-les-radicaux-et-les-populistes-mettent-leurope-en-danger\/#primaryimage\"},\"thumbnailUrl\":\"https:\/\/vieassociative.be\/actualites\/wp-content\/uploads\/2024\/12\/1734293910_Oliver-Paasch-au-Sommet-de-la-Grande-Region-a-Mayence.jpg\",\"datePublished\":\"2024-12-15T20:18:30+00:00\",\"dateModified\":\"2024-12-15T20:18:30+00:00\",\"breadcrumb\":{\"@id\":\"https:\/\/vieassociative.be\/actualites\/oliver-paasch-au-sommet-de-la-grande-region-a-mayence-les-radicaux-et-les-populistes-mettent-leurope-en-danger\/#breadcrumb\"},\"inLanguage\":\"fr-BE\",\"potentialAction\":[{\"@type\":\"ReadAction\",\"target\":[\"https:\/\/vieassociative.be\/actualites\/oliver-paasch-au-sommet-de-la-grande-region-a-mayence-les-radicaux-et-les-populistes-mettent-leurope-en-danger\/\"]}]},{\"@type\":\"ImageObject\",\"inLanguage\":\"fr-BE\",\"@id\":\"https:\/\/vieassociative.be\/actualites\/oliver-paasch-au-sommet-de-la-grande-region-a-mayence-les-radicaux-et-les-populistes-mettent-leurope-en-danger\/#primaryimage\",\"url\":\"https:\/\/vieassociative.be\/actualites\/wp-content\/uploads\/2024\/12\/1734293910_Oliver-Paasch-au-Sommet-de-la-Grande-Region-a-Mayence.jpg\",\"contentUrl\":\"https:\/\/vieassociative.be\/actualites\/wp-content\/uploads\/2024\/12\/1734293910_Oliver-Paasch-au-Sommet-de-la-Grande-Region-a-Mayence.jpg\",\"width\":1200,\"height\":800,\"caption\":\"Oliver Paasch au Sommet de la Grande R\u00e9gion \u00e0 Mayence \u2013 \u00ab Les radicaux et les populistes mettent l\u2019Europe en danger \u00bb\"},{\"@type\":\"BreadcrumbList\",\"@id\":\"https:\/\/vieassociative.be\/actualites\/oliver-paasch-au-sommet-de-la-grande-region-a-mayence-les-radicaux-et-les-populistes-mettent-leurope-en-danger\/#breadcrumb\",\"itemListElement\":[{\"@type\":\"ListItem\",\"position\":1,\"name\":\"Accueil\",\"item\":\"https:\/\/vieassociative.be\/actualites\/\"},{\"@type\":\"ListItem\",\"position\":2,\"name\":\"Oliver Paasch au Sommet de la Grande R\u00e9gion \u00e0 Mayence \u2013 \u00ab Les radicaux et les populistes mettent l\u2019Europe en danger \u00bb\"}]},{\"@type\":\"WebSite\",\"@id\":\"https:\/\/vieassociative.be\/actualites\/#website\",\"url\":\"https:\/\/vieassociative.be\/actualites\/\",\"name\":\"Vie Associative\",\"description\":\"\",\"publisher\":{\"@id\":\"https:\/\/vieassociative.be\/actualites\/#organization\"},\"potentialAction\":[{\"@type\":\"SearchAction\",\"target\":{\"@type\":\"EntryPoint\",\"urlTemplate\":\"https:\/\/vieassociative.be\/actualites\/?s={search_term_string}\"},\"query-input\":{\"@type\":\"PropertyValueSpecification\",\"valueRequired\":true,\"valueName\":\"search_term_string\"}}],\"inLanguage\":\"fr-BE\"},{\"@type\":\"Organization\",\"@id\":\"https:\/\/vieassociative.be\/actualites\/#organization\",\"name\":\"Vie Associative\",\"url\":\"https:\/\/vieassociative.be\/actualites\/\",\"logo\":{\"@type\":\"ImageObject\",\"inLanguage\":\"fr-BE\",\"@id\":\"https:\/\/vieassociative.be\/actualites\/#\/schema\/logo\/image\/\",\"url\":\"https:\/\/vieassociative.be\/actualites\/wp-content\/uploads\/2024\/09\/cropped-vieassociative_favicon.ico.png\",\"contentUrl\":\"https:\/\/vieassociative.be\/actualites\/wp-content\/uploads\/2024\/09\/cropped-vieassociative_favicon.ico.png\",\"width\":512,\"height\":512,\"caption\":\"Vie Associative\"},\"image\":{\"@id\":\"https:\/\/vieassociative.be\/actualites\/#\/schema\/logo\/image\/\"}},{\"@type\":\"Person\",\"@id\":\"https:\/\/vieassociative.be\/actualites\/#\/schema\/person\/b87ac4f82f9d4e7b7cec7395b679edc4\",\"name\":\"Julien\",\"image\":{\"@type\":\"ImageObject\",\"inLanguage\":\"fr-BE\",\"@id\":\"https:\/\/vieassociative.be\/actualites\/#\/schema\/person\/image\/\",\"url\":\"https:\/\/vieassociative.be\/actualites\/wp-content\/uploads\/2024\/09\/vie-associative-1-150x150.jpg\",\"contentUrl\":\"https:\/\/vieassociative.be\/actualites\/wp-content\/uploads\/2024\/09\/vie-associative-1-150x150.jpg\",\"caption\":\"Julien\"},\"description\":\"Je suis Julien, r\u00e9dacteur pour Vie Associative. Passionn\u00e9 par le monde associatif depuis plus de 10 ans, j'ai \u00e0 c\u0153ur de partager des histoires inspirantes et de mettre en lumi\u00e8re les initiatives locales. Mon objectif est de sensibiliser et d'encourager l'engagement communautaire \u00e0 travers mes articles.\",\"sameAs\":[\"https:\/\/vieassociative.be\/\"]}]}<\/script>\n<!-- \/ Yoast SEO plugin. -->","yoast_head_json":{"title":"Oliver Paasch au Sommet de la Grande R\u00e9gion \u00e0 Mayence \u2013 \u00ab Les radicaux et les populistes mettent l\u2019Europe en danger \u00bb | Vie Associative","robots":{"index":"index","follow":"follow","max-snippet":"max-snippet:-1","max-image-preview":"max-image-preview:large","max-video-preview":"max-video-preview:-1"},"canonical":"https:\/\/vieassociative.be\/actualites\/oliver-paasch-au-sommet-de-la-grande-region-a-mayence-les-radicaux-et-les-populistes-mettent-leurope-en-danger\/","og_locale":"fr_FR","og_type":"article","og_title":"Oliver Paasch au Sommet de la Grande R\u00e9gion \u00e0 Mayence \u2013 \u00ab Les radicaux et les populistes mettent l\u2019Europe en danger \u00bb | Vie Associative","og_description":"\u00c0 l&rsquo;invitation du Premier ministre de Rh\u00e9nanie-Palatinat Alexander Schweitzer, les membres du Sommet de la Grande R\u00e9gion se sont r\u00e9unis vendredi \u00e0 la Chancellerie d&rsquo;\u00c9tat","og_url":"https:\/\/vieassociative.be\/actualites\/oliver-paasch-au-sommet-de-la-grande-region-a-mayence-les-radicaux-et-les-populistes-mettent-leurope-en-danger\/","og_site_name":"Vie Associative","article_published_time":"2024-12-15T20:18:30+00:00","og_image":[{"width":279,"height":92,"url":"https:\/\/vieassociative.be\/actualites\/wp-content\/uploads\/2024\/09\/header_backgroundk-01-e1726694325946.png","type":"image\/png"}],"author":"Julien","twitter_card":"summary_large_image","twitter_misc":{"\u00c9crit par":"Julien","Dur\u00e9e de lecture est.":"3 minutes"},"schema":{"@context":"https:\/\/schema.org","@graph":[{"@type":"Article","@id":"https:\/\/vieassociative.be\/actualites\/oliver-paasch-au-sommet-de-la-grande-region-a-mayence-les-radicaux-et-les-populistes-mettent-leurope-en-danger\/#article","isPartOf":{"@id":"https:\/\/vieassociative.be\/actualites\/oliver-paasch-au-sommet-de-la-grande-region-a-mayence-les-radicaux-et-les-populistes-mettent-leurope-en-danger\/"},"author":{"name":"Julien","@id":"https:\/\/vieassociative.be\/actualites\/#\/schema\/person\/b87ac4f82f9d4e7b7cec7395b679edc4"},"headline":"Oliver Paasch au Sommet de la Grande R\u00e9gion \u00e0 Mayence \u2013 \u00ab Les radicaux et les populistes mettent l\u2019Europe en danger \u00bb","datePublished":"2024-12-15T20:18:30+00:00","dateModified":"2024-12-15T20:18:30+00:00","mainEntityOfPage":{"@id":"https:\/\/vieassociative.be\/actualites\/oliver-paasch-au-sommet-de-la-grande-region-a-mayence-les-radicaux-et-les-populistes-mettent-leurope-en-danger\/"},"wordCount":567,"publisher":{"@id":"https:\/\/vieassociative.be\/actualites\/#organization"},"image":{"@id":"https:\/\/vieassociative.be\/actualites\/oliver-paasch-au-sommet-de-la-grande-region-a-mayence-les-radicaux-et-les-populistes-mettent-leurope-en-danger\/#primaryimage"},"thumbnailUrl":"https:\/\/vieassociative.be\/actualites\/wp-content\/uploads\/2024\/12\/1734293910_Oliver-Paasch-au-Sommet-de-la-Grande-Region-a-Mayence.jpg","keywords":["danger","grande","Les","lEurope","Mayence","mettent","Oliver","Paasch","populistes","radicaux","R\u00e9gion","Sommet"],"articleSection":["Belgique"],"inLanguage":"fr-BE"},{"@type":"WebPage","@id":"https:\/\/vieassociative.be\/actualites\/oliver-paasch-au-sommet-de-la-grande-region-a-mayence-les-radicaux-et-les-populistes-mettent-leurope-en-danger\/","url":"https:\/\/vieassociative.be\/actualites\/oliver-paasch-au-sommet-de-la-grande-region-a-mayence-les-radicaux-et-les-populistes-mettent-leurope-en-danger\/","name":"Oliver Paasch au Sommet de la Grande R\u00e9gion \u00e0 Mayence \u2013 \u00ab Les radicaux et les populistes mettent l\u2019Europe en danger \u00bb | Vie Associative","isPartOf":{"@id":"https:\/\/vieassociative.be\/actualites\/#website"},"primaryImageOfPage":{"@id":"https:\/\/vieassociative.be\/actualites\/oliver-paasch-au-sommet-de-la-grande-region-a-mayence-les-radicaux-et-les-populistes-mettent-leurope-en-danger\/#primaryimage"},"image":{"@id":"https:\/\/vieassociative.be\/actualites\/oliver-paasch-au-sommet-de-la-grande-region-a-mayence-les-radicaux-et-les-populistes-mettent-leurope-en-danger\/#primaryimage"},"thumbnailUrl":"https:\/\/vieassociative.be\/actualites\/wp-content\/uploads\/2024\/12\/1734293910_Oliver-Paasch-au-Sommet-de-la-Grande-Region-a-Mayence.jpg","datePublished":"2024-12-15T20:18:30+00:00","dateModified":"2024-12-15T20:18:30+00:00","breadcrumb":{"@id":"https:\/\/vieassociative.be\/actualites\/oliver-paasch-au-sommet-de-la-grande-region-a-mayence-les-radicaux-et-les-populistes-mettent-leurope-en-danger\/#breadcrumb"},"inLanguage":"fr-BE","potentialAction":[{"@type":"ReadAction","target":["https:\/\/vieassociative.be\/actualites\/oliver-paasch-au-sommet-de-la-grande-region-a-mayence-les-radicaux-et-les-populistes-mettent-leurope-en-danger\/"]}]},{"@type":"ImageObject","inLanguage":"fr-BE","@id":"https:\/\/vieassociative.be\/actualites\/oliver-paasch-au-sommet-de-la-grande-region-a-mayence-les-radicaux-et-les-populistes-mettent-leurope-en-danger\/#primaryimage","url":"https:\/\/vieassociative.be\/actualites\/wp-content\/uploads\/2024\/12\/1734293910_Oliver-Paasch-au-Sommet-de-la-Grande-Region-a-Mayence.jpg","contentUrl":"https:\/\/vieassociative.be\/actualites\/wp-content\/uploads\/2024\/12\/1734293910_Oliver-Paasch-au-Sommet-de-la-Grande-Region-a-Mayence.jpg","width":1200,"height":800,"caption":"Oliver Paasch au Sommet de la Grande R\u00e9gion \u00e0 Mayence \u2013 \u00ab Les radicaux et les populistes mettent l\u2019Europe en danger \u00bb"},{"@type":"BreadcrumbList","@id":"https:\/\/vieassociative.be\/actualites\/oliver-paasch-au-sommet-de-la-grande-region-a-mayence-les-radicaux-et-les-populistes-mettent-leurope-en-danger\/#breadcrumb","itemListElement":[{"@type":"ListItem","position":1,"name":"Accueil","item":"https:\/\/vieassociative.be\/actualites\/"},{"@type":"ListItem","position":2,"name":"Oliver Paasch au Sommet de la Grande R\u00e9gion \u00e0 Mayence \u2013 \u00ab Les radicaux et les populistes mettent l\u2019Europe en danger \u00bb"}]},{"@type":"WebSite","@id":"https:\/\/vieassociative.be\/actualites\/#website","url":"https:\/\/vieassociative.be\/actualites\/","name":"Vie Associative","description":"","publisher":{"@id":"https:\/\/vieassociative.be\/actualites\/#organization"},"potentialAction":[{"@type":"SearchAction","target":{"@type":"EntryPoint","urlTemplate":"https:\/\/vieassociative.be\/actualites\/?s={search_term_string}"},"query-input":{"@type":"PropertyValueSpecification","valueRequired":true,"valueName":"search_term_string"}}],"inLanguage":"fr-BE"},{"@type":"Organization","@id":"https:\/\/vieassociative.be\/actualites\/#organization","name":"Vie Associative","url":"https:\/\/vieassociative.be\/actualites\/","logo":{"@type":"ImageObject","inLanguage":"fr-BE","@id":"https:\/\/vieassociative.be\/actualites\/#\/schema\/logo\/image\/","url":"https:\/\/vieassociative.be\/actualites\/wp-content\/uploads\/2024\/09\/cropped-vieassociative_favicon.ico.png","contentUrl":"https:\/\/vieassociative.be\/actualites\/wp-content\/uploads\/2024\/09\/cropped-vieassociative_favicon.ico.png","width":512,"height":512,"caption":"Vie Associative"},"image":{"@id":"https:\/\/vieassociative.be\/actualites\/#\/schema\/logo\/image\/"}},{"@type":"Person","@id":"https:\/\/vieassociative.be\/actualites\/#\/schema\/person\/b87ac4f82f9d4e7b7cec7395b679edc4","name":"Julien","image":{"@type":"ImageObject","inLanguage":"fr-BE","@id":"https:\/\/vieassociative.be\/actualites\/#\/schema\/person\/image\/","url":"https:\/\/vieassociative.be\/actualites\/wp-content\/uploads\/2024\/09\/vie-associative-1-150x150.jpg","contentUrl":"https:\/\/vieassociative.be\/actualites\/wp-content\/uploads\/2024\/09\/vie-associative-1-150x150.jpg","caption":"Julien"},"description":"Je suis Julien, r\u00e9dacteur pour Vie Associative. Passionn\u00e9 par le monde associatif depuis plus de 10 ans, j'ai \u00e0 c\u0153ur de partager des histoires inspirantes et de mettre en lumi\u00e8re les initiatives locales. Mon objectif est de sensibiliser et d'encourager l'engagement communautaire \u00e0 travers mes articles.","sameAs":["https:\/\/vieassociative.be\/"]}]}},"_links":{"self":[{"href":"https:\/\/vieassociative.be\/actualites\/wp-json\/wp\/v2\/posts\/3421"}],"collection":[{"href":"https:\/\/vieassociative.be\/actualites\/wp-json\/wp\/v2\/posts"}],"about":[{"href":"https:\/\/vieassociative.be\/actualites\/wp-json\/wp\/v2\/types\/post"}],"author":[{"embeddable":true,"href":"https:\/\/vieassociative.be\/actualites\/wp-json\/wp\/v2\/users\/1"}],"replies":[{"embeddable":true,"href":"https:\/\/vieassociative.be\/actualites\/wp-json\/wp\/v2\/comments?post=3421"}],"version-history":[{"count":0,"href":"https:\/\/vieassociative.be\/actualites\/wp-json\/wp\/v2\/posts\/3421\/revisions"}],"wp:featuredmedia":[{"embeddable":true,"href":"https:\/\/vieassociative.be\/actualites\/wp-json\/wp\/v2\/media\/3422"}],"wp:attachment":[{"href":"https:\/\/vieassociative.be\/actualites\/wp-json\/wp\/v2\/media?parent=3421"}],"wp:term":[{"taxonomy":"category","embeddable":true,"href":"https:\/\/vieassociative.be\/actualites\/wp-json\/wp\/v2\/categories?post=3421"},{"taxonomy":"post_tag","embeddable":true,"href":"https:\/\/vieassociative.be\/actualites\/wp-json\/wp\/v2\/tags?post=3421"}],"curies":[{"name":"wp","href":"https:\/\/api.w.org\/{rel}","templated":true}]}}