{"id":3419,"date":"2024-12-15T20:18:30","date_gmt":"2024-12-15T19:18:30","guid":{"rendered":"https:\/\/vieassociative.be\/actualites\/vous-pouvez-maximiser-vos-cotisations-ira-plus-longtemps-que-vous-ne-le-pensez\/"},"modified":"2024-12-15T20:18:30","modified_gmt":"2024-12-15T19:18:30","slug":"vous-pouvez-maximiser-vos-cotisations-ira-plus-longtemps-que-vous-ne-le-pensez","status":"publish","type":"post","link":"https:\/\/vieassociative.be\/actualites\/vous-pouvez-maximiser-vos-cotisations-ira-plus-longtemps-que-vous-ne-le-pensez\/","title":{"rendered":"Vous pouvez maximiser vos cotisations IRA plus longtemps que vous ne le pensez"},"content":{"rendered":"<div class=\"mt-4 leading-6 md:mb-8\">Si vous n&rsquo;avez pas atteint le plafond de cotisation pour 2024, vous pouvez toujours alimenter votre compte apr\u00e8s la nouvelle ann\u00e9e.<\/div>\n<p><\/p>\n<p>Les comptes de retraite individuels (IRA) sont accessibles \u00e0 toute personne ayant un revenu imposable, m\u00eame si vous b\u00e9n\u00e9ficiez de prestations de retraite au travail. Comme les autres types de comptes de retraite, les IRA sont fiscalement avantageux : si vous cotisez \u00e0 un IRA traditionnel, vous b\u00e9n\u00e9ficiez d&rsquo;une d\u00e9duction fiscale maintenant, tandis qu&rsquo;un Roth IRA peut \u00eatre retir\u00e9 en franchise d&rsquo;imp\u00f4t \u00e0 l&rsquo;avenir. Les limites de cotisation annuelles \u00e0 l&rsquo;IRA sont relativement faibles par rapport \u00e0 d&rsquo;autres types de comptes fiscalement avantageux : jusqu&rsquo;\u00e0 7\u00a0000 $ au total pour vos IRA pour 2024 ou 8\u00a0000 $ si vous avez 50 ans ou plus. <\/p>\n<p>Si vous avez plus d&rsquo;un IRA (un Roth IRA et un IRA traditionnel, par exemple), vous pouvez verser 7 000 $ de cotisations dans les deux, et non 7 000 $ chacun. Cela peut \u00eatre r\u00e9parti comme vous le souhaitez, mais il existe des limites aux cotisations Roth en fonction de vos revenus et de votre statut de d\u00e9p\u00f4t. (Il existe \u00e9galement des limites de d\u00e9duction pour les IRA traditionnels si vous ou votre conjoint disposez d&rsquo;un plan de retraite parrain\u00e9 par l&#8217;employeur.) <\/p>\n<p>Bien que la date limite pour cotiser \u00e0 certains comptes de retraite afin de b\u00e9n\u00e9ficier de l&rsquo;avantage fiscal soit le 31 d\u00e9cembre, vous disposez de quelques mois suppl\u00e9mentaires pour cotiser \u00e0 l&rsquo;IRA. <\/p>\n<h2 id=\"when-is-the-ira-contribution-deadline\">Quelle est la date limite de cotisation \u00e0 l\u2019IRA ?<\/h2>\n<p>Le dernier jour pour contribuer au plafond annuel de votre IRA est la date limite de production pour cette ann\u00e9e fiscale. Par exemple, vous avez jusqu&rsquo;au 15 avril 2025, date \u00e0 laquelle les d\u00e9clarations de revenus de 2024 sont dues, pour maximiser vos cotisations IRA de 2024. Les cotisations pour 2025 peuvent \u00eatre vers\u00e9es jusqu&rsquo;au 15 avril 2026, et ainsi de suite. <\/p>\n<p>La demande de prolongation pour soumettre votre d\u00e9claration ne prolonge pas la date limite pour les cotisations IRA.<\/p>\n<h2 id=\"why-you-might-want-to-max-out-your-annual-contributions\">Pourquoi vous voudrez peut-\u00eatre maximiser vos cotisations annuelles<\/h2>\n<p>Si vous n&rsquo;avez pas atteint votre maximum pour votre (vos) IRA en 2024 pour une raison quelconque (vous avez ouvert le compte plus tard dans l&rsquo;ann\u00e9e ou effectu\u00e9 des cotisations plus modestes tout au long de l&rsquo;ann\u00e9e, par exemple), vous pouvez appliquer des cotisations au d\u00e9but de 2025 ainsi que des cotisations suppl\u00e9mentaires. encaisse jusqu&rsquo;\u00e0 votre limite de 2024. Si vous gagnez plus ou avez plus d\u2019argent \u00e0 investir plus tard dans l\u2019ann\u00e9e, vous pourrez profiter des avantages fiscaux maximaux pour les deux ann\u00e9es. Vous pourrez peut-\u00eatre m\u00eame aller de l&rsquo;avant en maximisant 2025 avant la fin de l&rsquo;ann\u00e9e et \u00eatre pr\u00eat \u00e0 cotiser une somme forfaitaire plus importante pour l&rsquo;ann\u00e9e suivante d\u00e8s le d\u00e9but de 2026 (un investissement pr\u00e9coce signifie plus de temps pour que la capitalisation fonctionne). <\/p>\n<p>La meilleure marche \u00e0 suivre pour votre argent et vos investissements d\u00e9pend de votre situation personnelle, et c&rsquo;est toujours une bonne id\u00e9e de consulter un fiscaliste avant de prendre toute d\u00e9cision importante.<\/p>\n<h2 id=\"how-to-change-your-preferred-tax-year-for-contributions\">Comment changer votre ann\u00e9e d&rsquo;imposition pr\u00e9f\u00e9r\u00e9e pour les cotisations<\/h2>\n<p>De mani\u00e8re g\u00e9n\u00e9rale, vos cotisations IRA seront appliqu\u00e9es par d\u00e9faut \u00e0 l&rsquo;ann\u00e9e fiscale au cours de laquelle elles sont vers\u00e9es : les cotisations vers\u00e9es avant le 31 d\u00e9cembre 2024 iront vers votre plafond 2024, tandis que celles vers\u00e9es le 1er janvier 2025 et apr\u00e8s s&rsquo;appliqueront \u00e0 2025. Si vous souhaitez que les fonds d\u00e9pos\u00e9s \u00e0 compter du 1er janvier s&rsquo;appliquent \u00e0 l&rsquo;ann\u00e9e d&rsquo;imposition pr\u00e9c\u00e9dente, contactez la maison de courtage qui g\u00e8re votre compte. Vous pouvez probablement le faire de mani\u00e8re proactive ou r\u00e9troactive jusqu&rsquo;au 15 avril, mais vous devrez vous renseigner sur le processus de votre maison de courtage pour g\u00e9rer les pr\u00e9f\u00e9rences pour l&rsquo;ann\u00e9e d&rsquo;imposition. <\/p>\n<p>Si vous cotisez accidentellement au-del\u00e0 du plafond annuel, vous avez \u00e9galement jusqu&rsquo;\u00e0 la production de votre d\u00e9claration pour transf\u00e9rer ou retirer l&rsquo;exc\u00e9dent. Sinon, vous paierez une p\u00e9nalit\u00e9 fiscale de 6 % sur ce montant. <\/p>\n","protected":false},"excerpt":{"rendered":"<p>Si vous n&rsquo;avez pas atteint le plafond de cotisation pour 2024, vous pouvez toujours alimenter votre compte apr\u00e8s la nouvelle ann\u00e9e. Les comptes de retraite<\/p>\n","protected":false},"author":1,"featured_media":3420,"comment_status":"","ping_status":"","sticky":false,"template":"","format":"standard","meta":{"footnotes":""},"categories":[41],"tags":[4038,4039,3088,1012,2434,5,27,4],"class_list":["post-3419","post","type-post","status-publish","format-standard","has-post-thumbnail","hentry","category-argent","tag-cotisations","tag-ira","tag-longtemps","tag-maximiser","tag-pensez","tag-pouvez","tag-vos","tag-vous","generate-columns","tablet-grid-50","mobile-grid-100","grid-parent","grid-33"],"yoast_head":"<!-- This site is optimized with the Yoast SEO plugin v24.0 - https:\/\/yoast.com\/wordpress\/plugins\/seo\/ -->\n<title>Vous pouvez maximiser vos cotisations IRA plus longtemps que vous ne le pensez | Vie Associative<\/title>\n<meta name=\"robots\" content=\"index, follow, max-snippet:-1, max-image-preview:large, max-video-preview:-1\" \/>\n<link rel=\"canonical\" href=\"https:\/\/vieassociative.be\/actualites\/vous-pouvez-maximiser-vos-cotisations-ira-plus-longtemps-que-vous-ne-le-pensez\/\" \/>\n<meta property=\"og:locale\" content=\"fr_FR\" \/>\n<meta property=\"og:type\" content=\"article\" \/>\n<meta property=\"og:title\" content=\"Vous pouvez maximiser vos cotisations IRA plus longtemps que vous ne le pensez | Vie Associative\" \/>\n<meta property=\"og:description\" content=\"Si vous n&rsquo;avez pas atteint le plafond de cotisation pour 2024, vous pouvez toujours alimenter votre compte apr\u00e8s la nouvelle ann\u00e9e. Les comptes de retraite\" \/>\n<meta property=\"og:url\" content=\"https:\/\/vieassociative.be\/actualites\/vous-pouvez-maximiser-vos-cotisations-ira-plus-longtemps-que-vous-ne-le-pensez\/\" \/>\n<meta property=\"og:site_name\" content=\"Vie Associative\" \/>\n<meta property=\"article:published_time\" content=\"2024-12-15T19:18:30+00:00\" \/>\n<meta property=\"og:image\" content=\"https:\/\/vieassociative.be\/actualites\/wp-content\/uploads\/2024\/09\/header_backgroundk-01-e1726694325946.png\" \/>\n\t<meta property=\"og:image:width\" content=\"279\" \/>\n\t<meta property=\"og:image:height\" content=\"92\" \/>\n\t<meta property=\"og:image:type\" content=\"image\/png\" \/>\n<meta name=\"author\" content=\"Julien\" \/>\n<meta name=\"twitter:card\" content=\"summary_large_image\" \/>\n<meta name=\"twitter:label1\" content=\"\u00c9crit par\" \/>\n\t<meta name=\"twitter:data1\" content=\"Julien\" \/>\n\t<meta name=\"twitter:label2\" content=\"Dur\u00e9e de lecture est.\" \/>\n\t<meta name=\"twitter:data2\" content=\"3 minutes\" \/>\n<script type=\"application\/ld+json\" class=\"yoast-schema-graph\">{\"@context\":\"https:\/\/schema.org\",\"@graph\":[{\"@type\":\"Article\",\"@id\":\"https:\/\/vieassociative.be\/actualites\/vous-pouvez-maximiser-vos-cotisations-ira-plus-longtemps-que-vous-ne-le-pensez\/#article\",\"isPartOf\":{\"@id\":\"https:\/\/vieassociative.be\/actualites\/vous-pouvez-maximiser-vos-cotisations-ira-plus-longtemps-que-vous-ne-le-pensez\/\"},\"author\":{\"name\":\"Julien\",\"@id\":\"https:\/\/vieassociative.be\/actualites\/#\/schema\/person\/b87ac4f82f9d4e7b7cec7395b679edc4\"},\"headline\":\"Vous pouvez maximiser vos cotisations IRA plus longtemps que vous ne le pensez\",\"datePublished\":\"2024-12-15T19:18:30+00:00\",\"dateModified\":\"2024-12-15T19:18:30+00:00\",\"mainEntityOfPage\":{\"@id\":\"https:\/\/vieassociative.be\/actualites\/vous-pouvez-maximiser-vos-cotisations-ira-plus-longtemps-que-vous-ne-le-pensez\/\"},\"wordCount\":711,\"publisher\":{\"@id\":\"https:\/\/vieassociative.be\/actualites\/#organization\"},\"image\":{\"@id\":\"https:\/\/vieassociative.be\/actualites\/vous-pouvez-maximiser-vos-cotisations-ira-plus-longtemps-que-vous-ne-le-pensez\/#primaryimage\"},\"thumbnailUrl\":\"https:\/\/vieassociative.be\/actualites\/wp-content\/uploads\/2024\/12\/Vous-pouvez-maximiser-vos-cotisations-IRA-plus-longtemps-que-vous.png\",\"keywords\":[\"cotisations\",\"IRA\",\"longtemps\",\"maximiser\",\"pensez\",\"pouvez\",\"vos\",\"Vous\"],\"articleSection\":[\"Argent\"],\"inLanguage\":\"fr-BE\"},{\"@type\":\"WebPage\",\"@id\":\"https:\/\/vieassociative.be\/actualites\/vous-pouvez-maximiser-vos-cotisations-ira-plus-longtemps-que-vous-ne-le-pensez\/\",\"url\":\"https:\/\/vieassociative.be\/actualites\/vous-pouvez-maximiser-vos-cotisations-ira-plus-longtemps-que-vous-ne-le-pensez\/\",\"name\":\"Vous pouvez maximiser vos cotisations IRA plus longtemps que vous ne le pensez | Vie Associative\",\"isPartOf\":{\"@id\":\"https:\/\/vieassociative.be\/actualites\/#website\"},\"primaryImageOfPage\":{\"@id\":\"https:\/\/vieassociative.be\/actualites\/vous-pouvez-maximiser-vos-cotisations-ira-plus-longtemps-que-vous-ne-le-pensez\/#primaryimage\"},\"image\":{\"@id\":\"https:\/\/vieassociative.be\/actualites\/vous-pouvez-maximiser-vos-cotisations-ira-plus-longtemps-que-vous-ne-le-pensez\/#primaryimage\"},\"thumbnailUrl\":\"https:\/\/vieassociative.be\/actualites\/wp-content\/uploads\/2024\/12\/Vous-pouvez-maximiser-vos-cotisations-IRA-plus-longtemps-que-vous.png\",\"datePublished\":\"2024-12-15T19:18:30+00:00\",\"dateModified\":\"2024-12-15T19:18:30+00:00\",\"breadcrumb\":{\"@id\":\"https:\/\/vieassociative.be\/actualites\/vous-pouvez-maximiser-vos-cotisations-ira-plus-longtemps-que-vous-ne-le-pensez\/#breadcrumb\"},\"inLanguage\":\"fr-BE\",\"potentialAction\":[{\"@type\":\"ReadAction\",\"target\":[\"https:\/\/vieassociative.be\/actualites\/vous-pouvez-maximiser-vos-cotisations-ira-plus-longtemps-que-vous-ne-le-pensez\/\"]}]},{\"@type\":\"ImageObject\",\"inLanguage\":\"fr-BE\",\"@id\":\"https:\/\/vieassociative.be\/actualites\/vous-pouvez-maximiser-vos-cotisations-ira-plus-longtemps-que-vous-ne-le-pensez\/#primaryimage\",\"url\":\"https:\/\/vieassociative.be\/actualites\/wp-content\/uploads\/2024\/12\/Vous-pouvez-maximiser-vos-cotisations-IRA-plus-longtemps-que-vous.png\",\"contentUrl\":\"https:\/\/vieassociative.be\/actualites\/wp-content\/uploads\/2024\/12\/Vous-pouvez-maximiser-vos-cotisations-IRA-plus-longtemps-que-vous.png\",\"width\":1200,\"height\":675,\"caption\":\"Vous pouvez maximiser vos cotisations IRA plus longtemps que vous ne le pensez\"},{\"@type\":\"BreadcrumbList\",\"@id\":\"https:\/\/vieassociative.be\/actualites\/vous-pouvez-maximiser-vos-cotisations-ira-plus-longtemps-que-vous-ne-le-pensez\/#breadcrumb\",\"itemListElement\":[{\"@type\":\"ListItem\",\"position\":1,\"name\":\"Accueil\",\"item\":\"https:\/\/vieassociative.be\/actualites\/\"},{\"@type\":\"ListItem\",\"position\":2,\"name\":\"Vous pouvez maximiser vos cotisations IRA plus longtemps que vous ne le pensez\"}]},{\"@type\":\"WebSite\",\"@id\":\"https:\/\/vieassociative.be\/actualites\/#website\",\"url\":\"https:\/\/vieassociative.be\/actualites\/\",\"name\":\"Vie Associative\",\"description\":\"\",\"publisher\":{\"@id\":\"https:\/\/vieassociative.be\/actualites\/#organization\"},\"potentialAction\":[{\"@type\":\"SearchAction\",\"target\":{\"@type\":\"EntryPoint\",\"urlTemplate\":\"https:\/\/vieassociative.be\/actualites\/?s={search_term_string}\"},\"query-input\":{\"@type\":\"PropertyValueSpecification\",\"valueRequired\":true,\"valueName\":\"search_term_string\"}}],\"inLanguage\":\"fr-BE\"},{\"@type\":\"Organization\",\"@id\":\"https:\/\/vieassociative.be\/actualites\/#organization\",\"name\":\"Vie Associative\",\"url\":\"https:\/\/vieassociative.be\/actualites\/\",\"logo\":{\"@type\":\"ImageObject\",\"inLanguage\":\"fr-BE\",\"@id\":\"https:\/\/vieassociative.be\/actualites\/#\/schema\/logo\/image\/\",\"url\":\"https:\/\/vieassociative.be\/actualites\/wp-content\/uploads\/2024\/09\/cropped-vieassociative_favicon.ico.png\",\"contentUrl\":\"https:\/\/vieassociative.be\/actualites\/wp-content\/uploads\/2024\/09\/cropped-vieassociative_favicon.ico.png\",\"width\":512,\"height\":512,\"caption\":\"Vie Associative\"},\"image\":{\"@id\":\"https:\/\/vieassociative.be\/actualites\/#\/schema\/logo\/image\/\"}},{\"@type\":\"Person\",\"@id\":\"https:\/\/vieassociative.be\/actualites\/#\/schema\/person\/b87ac4f82f9d4e7b7cec7395b679edc4\",\"name\":\"Julien\",\"image\":{\"@type\":\"ImageObject\",\"inLanguage\":\"fr-BE\",\"@id\":\"https:\/\/vieassociative.be\/actualites\/#\/schema\/person\/image\/\",\"url\":\"https:\/\/vieassociative.be\/actualites\/wp-content\/uploads\/2024\/09\/vie-associative-1-150x150.jpg\",\"contentUrl\":\"https:\/\/vieassociative.be\/actualites\/wp-content\/uploads\/2024\/09\/vie-associative-1-150x150.jpg\",\"caption\":\"Julien\"},\"description\":\"Je suis Julien, r\u00e9dacteur pour Vie Associative. Passionn\u00e9 par le monde associatif depuis plus de 10 ans, j'ai \u00e0 c\u0153ur de partager des histoires inspirantes et de mettre en lumi\u00e8re les initiatives locales. Mon objectif est de sensibiliser et d'encourager l'engagement communautaire \u00e0 travers mes articles.\",\"sameAs\":[\"https:\/\/vieassociative.be\/\"]}]}<\/script>\n<!-- \/ Yoast SEO plugin. -->","yoast_head_json":{"title":"Vous pouvez maximiser vos cotisations IRA plus longtemps que vous ne le pensez | Vie Associative","robots":{"index":"index","follow":"follow","max-snippet":"max-snippet:-1","max-image-preview":"max-image-preview:large","max-video-preview":"max-video-preview:-1"},"canonical":"https:\/\/vieassociative.be\/actualites\/vous-pouvez-maximiser-vos-cotisations-ira-plus-longtemps-que-vous-ne-le-pensez\/","og_locale":"fr_FR","og_type":"article","og_title":"Vous pouvez maximiser vos cotisations IRA plus longtemps que vous ne le pensez | Vie Associative","og_description":"Si vous n&rsquo;avez pas atteint le plafond de cotisation pour 2024, vous pouvez toujours alimenter votre compte apr\u00e8s la nouvelle ann\u00e9e. Les comptes de retraite","og_url":"https:\/\/vieassociative.be\/actualites\/vous-pouvez-maximiser-vos-cotisations-ira-plus-longtemps-que-vous-ne-le-pensez\/","og_site_name":"Vie Associative","article_published_time":"2024-12-15T19:18:30+00:00","og_image":[{"width":279,"height":92,"url":"https:\/\/vieassociative.be\/actualites\/wp-content\/uploads\/2024\/09\/header_backgroundk-01-e1726694325946.png","type":"image\/png"}],"author":"Julien","twitter_card":"summary_large_image","twitter_misc":{"\u00c9crit par":"Julien","Dur\u00e9e de lecture est.":"3 minutes"},"schema":{"@context":"https:\/\/schema.org","@graph":[{"@type":"Article","@id":"https:\/\/vieassociative.be\/actualites\/vous-pouvez-maximiser-vos-cotisations-ira-plus-longtemps-que-vous-ne-le-pensez\/#article","isPartOf":{"@id":"https:\/\/vieassociative.be\/actualites\/vous-pouvez-maximiser-vos-cotisations-ira-plus-longtemps-que-vous-ne-le-pensez\/"},"author":{"name":"Julien","@id":"https:\/\/vieassociative.be\/actualites\/#\/schema\/person\/b87ac4f82f9d4e7b7cec7395b679edc4"},"headline":"Vous pouvez maximiser vos cotisations IRA plus longtemps que vous ne le pensez","datePublished":"2024-12-15T19:18:30+00:00","dateModified":"2024-12-15T19:18:30+00:00","mainEntityOfPage":{"@id":"https:\/\/vieassociative.be\/actualites\/vous-pouvez-maximiser-vos-cotisations-ira-plus-longtemps-que-vous-ne-le-pensez\/"},"wordCount":711,"publisher":{"@id":"https:\/\/vieassociative.be\/actualites\/#organization"},"image":{"@id":"https:\/\/vieassociative.be\/actualites\/vous-pouvez-maximiser-vos-cotisations-ira-plus-longtemps-que-vous-ne-le-pensez\/#primaryimage"},"thumbnailUrl":"https:\/\/vieassociative.be\/actualites\/wp-content\/uploads\/2024\/12\/Vous-pouvez-maximiser-vos-cotisations-IRA-plus-longtemps-que-vous.png","keywords":["cotisations","IRA","longtemps","maximiser","pensez","pouvez","vos","Vous"],"articleSection":["Argent"],"inLanguage":"fr-BE"},{"@type":"WebPage","@id":"https:\/\/vieassociative.be\/actualites\/vous-pouvez-maximiser-vos-cotisations-ira-plus-longtemps-que-vous-ne-le-pensez\/","url":"https:\/\/vieassociative.be\/actualites\/vous-pouvez-maximiser-vos-cotisations-ira-plus-longtemps-que-vous-ne-le-pensez\/","name":"Vous pouvez maximiser vos cotisations IRA plus longtemps que vous ne le pensez | Vie Associative","isPartOf":{"@id":"https:\/\/vieassociative.be\/actualites\/#website"},"primaryImageOfPage":{"@id":"https:\/\/vieassociative.be\/actualites\/vous-pouvez-maximiser-vos-cotisations-ira-plus-longtemps-que-vous-ne-le-pensez\/#primaryimage"},"image":{"@id":"https:\/\/vieassociative.be\/actualites\/vous-pouvez-maximiser-vos-cotisations-ira-plus-longtemps-que-vous-ne-le-pensez\/#primaryimage"},"thumbnailUrl":"https:\/\/vieassociative.be\/actualites\/wp-content\/uploads\/2024\/12\/Vous-pouvez-maximiser-vos-cotisations-IRA-plus-longtemps-que-vous.png","datePublished":"2024-12-15T19:18:30+00:00","dateModified":"2024-12-15T19:18:30+00:00","breadcrumb":{"@id":"https:\/\/vieassociative.be\/actualites\/vous-pouvez-maximiser-vos-cotisations-ira-plus-longtemps-que-vous-ne-le-pensez\/#breadcrumb"},"inLanguage":"fr-BE","potentialAction":[{"@type":"ReadAction","target":["https:\/\/vieassociative.be\/actualites\/vous-pouvez-maximiser-vos-cotisations-ira-plus-longtemps-que-vous-ne-le-pensez\/"]}]},{"@type":"ImageObject","inLanguage":"fr-BE","@id":"https:\/\/vieassociative.be\/actualites\/vous-pouvez-maximiser-vos-cotisations-ira-plus-longtemps-que-vous-ne-le-pensez\/#primaryimage","url":"https:\/\/vieassociative.be\/actualites\/wp-content\/uploads\/2024\/12\/Vous-pouvez-maximiser-vos-cotisations-IRA-plus-longtemps-que-vous.png","contentUrl":"https:\/\/vieassociative.be\/actualites\/wp-content\/uploads\/2024\/12\/Vous-pouvez-maximiser-vos-cotisations-IRA-plus-longtemps-que-vous.png","width":1200,"height":675,"caption":"Vous pouvez maximiser vos cotisations IRA plus longtemps que vous ne le pensez"},{"@type":"BreadcrumbList","@id":"https:\/\/vieassociative.be\/actualites\/vous-pouvez-maximiser-vos-cotisations-ira-plus-longtemps-que-vous-ne-le-pensez\/#breadcrumb","itemListElement":[{"@type":"ListItem","position":1,"name":"Accueil","item":"https:\/\/vieassociative.be\/actualites\/"},{"@type":"ListItem","position":2,"name":"Vous pouvez maximiser vos cotisations IRA plus longtemps que vous ne le pensez"}]},{"@type":"WebSite","@id":"https:\/\/vieassociative.be\/actualites\/#website","url":"https:\/\/vieassociative.be\/actualites\/","name":"Vie Associative","description":"","publisher":{"@id":"https:\/\/vieassociative.be\/actualites\/#organization"},"potentialAction":[{"@type":"SearchAction","target":{"@type":"EntryPoint","urlTemplate":"https:\/\/vieassociative.be\/actualites\/?s={search_term_string}"},"query-input":{"@type":"PropertyValueSpecification","valueRequired":true,"valueName":"search_term_string"}}],"inLanguage":"fr-BE"},{"@type":"Organization","@id":"https:\/\/vieassociative.be\/actualites\/#organization","name":"Vie Associative","url":"https:\/\/vieassociative.be\/actualites\/","logo":{"@type":"ImageObject","inLanguage":"fr-BE","@id":"https:\/\/vieassociative.be\/actualites\/#\/schema\/logo\/image\/","url":"https:\/\/vieassociative.be\/actualites\/wp-content\/uploads\/2024\/09\/cropped-vieassociative_favicon.ico.png","contentUrl":"https:\/\/vieassociative.be\/actualites\/wp-content\/uploads\/2024\/09\/cropped-vieassociative_favicon.ico.png","width":512,"height":512,"caption":"Vie Associative"},"image":{"@id":"https:\/\/vieassociative.be\/actualites\/#\/schema\/logo\/image\/"}},{"@type":"Person","@id":"https:\/\/vieassociative.be\/actualites\/#\/schema\/person\/b87ac4f82f9d4e7b7cec7395b679edc4","name":"Julien","image":{"@type":"ImageObject","inLanguage":"fr-BE","@id":"https:\/\/vieassociative.be\/actualites\/#\/schema\/person\/image\/","url":"https:\/\/vieassociative.be\/actualites\/wp-content\/uploads\/2024\/09\/vie-associative-1-150x150.jpg","contentUrl":"https:\/\/vieassociative.be\/actualites\/wp-content\/uploads\/2024\/09\/vie-associative-1-150x150.jpg","caption":"Julien"},"description":"Je suis Julien, r\u00e9dacteur pour Vie Associative. Passionn\u00e9 par le monde associatif depuis plus de 10 ans, j'ai \u00e0 c\u0153ur de partager des histoires inspirantes et de mettre en lumi\u00e8re les initiatives locales. Mon objectif est de sensibiliser et d'encourager l'engagement communautaire \u00e0 travers mes articles.","sameAs":["https:\/\/vieassociative.be\/"]}]}},"_links":{"self":[{"href":"https:\/\/vieassociative.be\/actualites\/wp-json\/wp\/v2\/posts\/3419"}],"collection":[{"href":"https:\/\/vieassociative.be\/actualites\/wp-json\/wp\/v2\/posts"}],"about":[{"href":"https:\/\/vieassociative.be\/actualites\/wp-json\/wp\/v2\/types\/post"}],"author":[{"embeddable":true,"href":"https:\/\/vieassociative.be\/actualites\/wp-json\/wp\/v2\/users\/1"}],"replies":[{"embeddable":true,"href":"https:\/\/vieassociative.be\/actualites\/wp-json\/wp\/v2\/comments?post=3419"}],"version-history":[{"count":0,"href":"https:\/\/vieassociative.be\/actualites\/wp-json\/wp\/v2\/posts\/3419\/revisions"}],"wp:featuredmedia":[{"embeddable":true,"href":"https:\/\/vieassociative.be\/actualites\/wp-json\/wp\/v2\/media\/3420"}],"wp:attachment":[{"href":"https:\/\/vieassociative.be\/actualites\/wp-json\/wp\/v2\/media?parent=3419"}],"wp:term":[{"taxonomy":"category","embeddable":true,"href":"https:\/\/vieassociative.be\/actualites\/wp-json\/wp\/v2\/categories?post=3419"},{"taxonomy":"post_tag","embeddable":true,"href":"https:\/\/vieassociative.be\/actualites\/wp-json\/wp\/v2\/tags?post=3419"}],"curies":[{"name":"wp","href":"https:\/\/api.w.org\/{rel}","templated":true}]}}