{"id":3416,"date":"2024-12-15T15:19:28","date_gmt":"2024-12-15T14:19:28","guid":{"rendered":"https:\/\/vieassociative.be\/actualites\/lumieres-de-lavent-une-fois-de-plus-des-tracteurs-decores-de-couleurs-vives-lors-dun-voyage-aux-chandelles-a-travers-lest-de-la-belgique-galerie-de-photos\/"},"modified":"2024-12-15T15:19:28","modified_gmt":"2024-12-15T14:19:28","slug":"lumieres-de-lavent-une-fois-de-plus-des-tracteurs-decores-de-couleurs-vives-lors-dun-voyage-aux-chandelles-a-travers-lest-de-la-belgique-galerie-de-photos","status":"publish","type":"post","link":"https:\/\/vieassociative.be\/actualites\/lumieres-de-lavent-une-fois-de-plus-des-tracteurs-decores-de-couleurs-vives-lors-dun-voyage-aux-chandelles-a-travers-lest-de-la-belgique-galerie-de-photos\/","title":{"rendered":"\u00ab Lumi\u00e8res de l&rsquo;Avent \u00bb : une fois de plus des tracteurs d\u00e9cor\u00e9s de couleurs vives lors d&rsquo;un voyage aux chandelles \u00e0 travers l&rsquo;Est de la Belgique (galerie de photos)"},"content":{"rendered":"<p><strong>Le samedi 14 d\u00e9cembre, de nombreux habitants du nord de notre r\u00e9gion \u00e9taient encore une fois ravis de voir une file interminable de tracteurs passer devant leur porte d&rsquo;entr\u00e9e ou quelque part sur le bord de la route.<\/strong><\/p>\n<p><span id=\"more-404101\"><\/span>Pour \u00ab Ostbelgien Direkt \u00bb, le photographe Patrick von Staufenberg a observ\u00e9 samedi soir le d\u00e9fil\u00e9 illumin\u00e9 des tracteurs \u00e0 Eupen (voir GALERIE PHOTOS ci-dessous).<\/p>\n<p>C&rsquo;est le voyage lumi\u00e8re organis\u00e9 \u00e0 l&rsquo;initiative du Quartier Vert de l&rsquo;Est de la Belgique. Les \u00ab Lumi\u00e8res de l&rsquo;Avent des tracteurs \u00bb, comme on les appelle, \u00e9taient destin\u00e9es \u00e0 illuminer les rues et les esprits des habitants des quatre communes du nord d&rsquo;Eupen, Lontzen, Raeren et Kelmis pendant cette p\u00e9riode pr\u00e9c\u00e9dant No\u00ebl.<\/p>\n<\/p>\n<div id=\"attachment_404161\" class=\"wp-caption alignnone\" style=\"max-width: 300px\"><img fetchpriority=\"high\" decoding=\"async\" src=\"https:\/\/vieassociative.be\/actualites\/wp-content\/uploads\/2024\/12\/Lumieres-de-lAvent-une-fois-de-plus.jpg\" alt=\"\" width=\"300\" height=\"200\" class=\"size-medium wp-image-404161\"  ><\/p>\n<p class=\"wp-caption-text\">Photo : Patrick von Stauffenberg.<\/p>\n<\/div>\n<p>Le voyage de la lumi\u00e8re a d\u00e9but\u00e9 samedi \u00e0 17h30 dans la ville basse d&rsquo;Eupen. Nous sommes all\u00e9s dans la ville haute via l&rsquo;Olengraben. Vous arrivez \u00e0 la place de la mairie en passant par Rotenberg, Hufengasse et Pavestrasse. Viennent ensuite l&rsquo;Aachener Stra\u00dfe et la Weimserstra\u00dfe \u00e0 Kettenis.<\/p>\n<p>D&rsquo;autres arr\u00eats \u00e9taient Walhorn et Lontzen, Raeren, Eynatten, Hauset jusqu&rsquo;\u00e0 Hergenrath et de l\u00e0 jusqu&rsquo;\u00e0 Kelmis. Le dernier arr\u00eat \u00e9tait l\u00e0.<\/p>\n<p>Le voyage des lumi\u00e8res remonte \u00e0 l&rsquo;initiative \u00ab Advent Lights \u00bb ou \u00ab Christmas Lights \u00bb en Allemagne. Cela est n\u00e9 de l\u2019urgence de la crise du Corona. Samedi prochain, le 21 d\u00e9cembre 2024, les lumi\u00e8res de l&rsquo;Avent sur les tracteurs pourront \u00eatre admir\u00e9es dans les communaut\u00e9s de l&rsquo;Eifel.<\/p>\n<p><b><i>Vous trouverez ci-dessous une GALERIE DE PHOTOS avec des photos du photographe Patrick von Staufenberg des \u00ab tracteurs de No\u00ebl \u00bb qui ont illumin\u00e9 samedi les rues des communes du nord de la DG. Cliquez sur l&rsquo;image pour l&rsquo;agrandir :<\/i><\/b><\/p>\n<div class=\"wp-gallery row\">\n<figure class=\"column small-6 medium-3 end\"><img decoding=\"async\" src=\"https:\/\/vieassociative.be\/actualites\/wp-content\/uploads\/2024\/12\/1734272367_517_Lumieres-de-lAvent-une-fois-de-plus.jpg\" width=\"159\" height=\"159\" alt=\"\"><\/figure>\n<figure class=\"column small-6 medium-3 end\"><img decoding=\"async\" src=\"https:\/\/vieassociative.be\/actualites\/wp-content\/uploads\/2024\/12\/1734272367_113_Lumieres-de-lAvent-une-fois-de-plus.jpg\" width=\"159\" height=\"159\" alt=\"\"><\/figure>\n<figure class=\"column small-6 medium-3 end\"><img loading=\"lazy\" decoding=\"async\" src=\"https:\/\/vieassociative.be\/actualites\/wp-content\/uploads\/2024\/12\/1734272367_105_Lumieres-de-lAvent-une-fois-de-plus.jpg\" width=\"159\" height=\"159\" alt=\"\"><\/figure>\n<figure class=\"column small-6 medium-3 end\"><img loading=\"lazy\" decoding=\"async\" src=\"https:\/\/vieassociative.be\/actualites\/wp-content\/uploads\/2024\/12\/1734272367_944_Lumieres-de-lAvent-une-fois-de-plus.jpg\" width=\"159\" height=\"159\" alt=\"\"><\/figure>\n<figure class=\"column small-6 medium-3 end\"><img loading=\"lazy\" decoding=\"async\" src=\"https:\/\/vieassociative.be\/actualites\/wp-content\/uploads\/2024\/12\/1734272367_297_Lumieres-de-lAvent-une-fois-de-plus.jpg\" width=\"159\" height=\"159\" alt=\"\"><\/figure>\n<figure class=\"column small-6 medium-3 end\"><img loading=\"lazy\" decoding=\"async\" src=\"https:\/\/vieassociative.be\/actualites\/wp-content\/uploads\/2024\/12\/1734272367_366_Lumieres-de-lAvent-une-fois-de-plus.jpg\" width=\"159\" height=\"159\" alt=\"\"><\/figure>\n<figure class=\"column small-6 medium-3 end\"><img loading=\"lazy\" decoding=\"async\" src=\"https:\/\/vieassociative.be\/actualites\/wp-content\/uploads\/2024\/12\/1734272367_259_Lumieres-de-lAvent-une-fois-de-plus.jpg\" width=\"159\" height=\"159\" alt=\"\"><\/figure>\n<figure class=\"column small-6 medium-3 end\"><img loading=\"lazy\" decoding=\"async\" src=\"https:\/\/vieassociative.be\/actualites\/wp-content\/uploads\/2024\/12\/1734272367_431_Lumieres-de-lAvent-une-fois-de-plus.jpg\" width=\"159\" height=\"159\" alt=\"\"><\/figure>\n<figure class=\"column small-6 medium-3 end\"><img loading=\"lazy\" decoding=\"async\" src=\"https:\/\/vieassociative.be\/actualites\/wp-content\/uploads\/2024\/12\/1734272367_682_Lumieres-de-lAvent-une-fois-de-plus.jpg\" width=\"159\" height=\"159\" alt=\"\"><\/figure>\n<figure class=\"column small-6 medium-3 end\"><img loading=\"lazy\" decoding=\"async\" src=\"https:\/\/vieassociative.be\/actualites\/wp-content\/uploads\/2024\/12\/1734272367_839_Lumieres-de-lAvent-une-fois-de-plus.jpg\" width=\"159\" height=\"159\" alt=\"\"><\/figure>\n<figure class=\"column small-6 medium-3 end\"><img loading=\"lazy\" decoding=\"async\" src=\"https:\/\/vieassociative.be\/actualites\/wp-content\/uploads\/2024\/12\/1734272367_675_Lumieres-de-lAvent-une-fois-de-plus.jpg\" width=\"159\" height=\"159\" alt=\"\"><\/figure>\n<figure class=\"column small-6 medium-3 end\"><img loading=\"lazy\" decoding=\"async\" src=\"https:\/\/vieassociative.be\/actualites\/wp-content\/uploads\/2024\/12\/1734272367_378_Lumieres-de-lAvent-une-fois-de-plus.jpg\" width=\"159\" height=\"159\" alt=\"\"><\/figure>\n<figure class=\"column small-6 medium-3 end\"><img loading=\"lazy\" decoding=\"async\" src=\"https:\/\/vieassociative.be\/actualites\/wp-content\/uploads\/2024\/12\/1734272367_763_Lumieres-de-lAvent-une-fois-de-plus.jpg\" width=\"159\" height=\"159\" alt=\"\"><\/figure>\n<figure class=\"column small-6 medium-3 end\"><img loading=\"lazy\" decoding=\"async\" src=\"https:\/\/vieassociative.be\/actualites\/wp-content\/uploads\/2024\/12\/1734272367_866_Lumieres-de-lAvent-une-fois-de-plus.jpg\" width=\"159\" height=\"159\" alt=\"\"><\/figure>\n<figure class=\"column small-6 medium-3 end\"><img loading=\"lazy\" decoding=\"async\" src=\"https:\/\/vieassociative.be\/actualites\/wp-content\/uploads\/2024\/12\/1734272367_125_Lumieres-de-lAvent-une-fois-de-plus.jpg\" width=\"159\" height=\"159\" alt=\"\"><\/figure>\n<figure class=\"column small-6 medium-3 end\"><img loading=\"lazy\" decoding=\"async\" src=\"https:\/\/vieassociative.be\/actualites\/wp-content\/uploads\/2024\/12\/1734272367_454_Lumieres-de-lAvent-une-fois-de-plus.jpg\" width=\"159\" height=\"159\" alt=\"\"><\/figure>\n<figure class=\"column small-6 medium-3 end\"><img loading=\"lazy\" decoding=\"async\" src=\"https:\/\/vieassociative.be\/actualites\/wp-content\/uploads\/2024\/12\/1734272367_441_Lumieres-de-lAvent-une-fois-de-plus.jpg\" width=\"159\" height=\"159\" alt=\"\"><\/figure>\n<figure class=\"column small-6 medium-3 end\"><img loading=\"lazy\" decoding=\"async\" src=\"https:\/\/vieassociative.be\/actualites\/wp-content\/uploads\/2024\/12\/1734272367_375_Lumieres-de-lAvent-une-fois-de-plus.jpg\" width=\"159\" height=\"159\" alt=\"\"><\/figure>\n<figure class=\"column small-6 medium-3 end\"><img loading=\"lazy\" decoding=\"async\" src=\"https:\/\/vieassociative.be\/actualites\/wp-content\/uploads\/2024\/12\/1734272367_714_Lumieres-de-lAvent-une-fois-de-plus.jpg\" width=\"159\" height=\"159\" alt=\"\"><\/figure>\n<figure class=\"column small-6 medium-3 end\"><img loading=\"lazy\" decoding=\"async\" src=\"https:\/\/vieassociative.be\/actualites\/wp-content\/uploads\/2024\/12\/1734272367_266_Lumieres-de-lAvent-une-fois-de-plus.jpg\" width=\"159\" height=\"159\" alt=\"\"><\/figure>\n<figure class=\"column small-6 medium-3 end\"><img loading=\"lazy\" decoding=\"async\" src=\"https:\/\/vieassociative.be\/actualites\/wp-content\/uploads\/2024\/12\/1734272367_174_Lumieres-de-lAvent-une-fois-de-plus.jpg\" width=\"159\" height=\"159\" alt=\"\"><\/figure>\n<figure class=\"column small-6 medium-3 end\"><img loading=\"lazy\" decoding=\"async\" src=\"https:\/\/vieassociative.be\/actualites\/wp-content\/uploads\/2024\/12\/1734272367_769_Lumieres-de-lAvent-une-fois-de-plus.jpg\" width=\"159\" height=\"159\" alt=\"\"><\/figure>\n<figure class=\"column small-6 medium-3 end\"><img loading=\"lazy\" decoding=\"async\" src=\"https:\/\/vieassociative.be\/actualites\/wp-content\/uploads\/2024\/12\/1734272367_553_Lumieres-de-lAvent-une-fois-de-plus.jpg\" width=\"159\" height=\"159\" alt=\"\"><\/figure>\n<figure class=\"column small-6 medium-3 end\"><img loading=\"lazy\" decoding=\"async\" src=\"https:\/\/vieassociative.be\/actualites\/wp-content\/uploads\/2024\/12\/1734272367_809_Lumieres-de-lAvent-une-fois-de-plus.jpg\" width=\"159\" height=\"159\" alt=\"\"><\/figure>\n<figure class=\"column small-6 medium-3 end\"><img loading=\"lazy\" decoding=\"async\" src=\"https:\/\/vieassociative.be\/actualites\/wp-content\/uploads\/2024\/12\/1734272367_454_Lumieres-de-lAvent-une-fois-de-plus.jpg\" width=\"159\" height=\"159\" alt=\"\"><\/figure>\n<figure class=\"column small-6 medium-3 end\"><img loading=\"lazy\" decoding=\"async\" src=\"https:\/\/vieassociative.be\/actualites\/wp-content\/uploads\/2024\/12\/1734272367_986_Lumieres-de-lAvent-une-fois-de-plus.jpg\" width=\"159\" height=\"159\" alt=\"\"><\/figure>\n<figure class=\"column small-6 medium-3 end\"><img loading=\"lazy\" decoding=\"async\" src=\"https:\/\/vieassociative.be\/actualites\/wp-content\/uploads\/2024\/12\/1734272367_306_Lumieres-de-lAvent-une-fois-de-plus.jpg\" width=\"159\" height=\"159\" alt=\"\"><\/figure>\n<figure class=\"column small-6 medium-3 end\"><img loading=\"lazy\" decoding=\"async\" src=\"https:\/\/vieassociative.be\/actualites\/wp-content\/uploads\/2024\/12\/1734272367_165_Lumieres-de-lAvent-une-fois-de-plus.jpg\" width=\"159\" height=\"159\" alt=\"\"><\/figure>\n<figure class=\"column small-6 medium-3 end\"><img loading=\"lazy\" decoding=\"async\" src=\"https:\/\/vieassociative.be\/actualites\/wp-content\/uploads\/2024\/12\/1734272367_866_Lumieres-de-lAvent-une-fois-de-plus.jpg\" width=\"159\" height=\"159\" alt=\"\"><\/figure>\n<figure class=\"column small-6 medium-3 end\"><img loading=\"lazy\" decoding=\"async\" src=\"https:\/\/vieassociative.be\/actualites\/wp-content\/uploads\/2024\/12\/1734272368_241_Lumieres-de-lAvent-une-fois-de-plus.jpg\" width=\"159\" height=\"159\" alt=\"\"><\/figure>\n<figure class=\"column small-6 medium-3 end\"><img loading=\"lazy\" decoding=\"async\" src=\"https:\/\/vieassociative.be\/actualites\/wp-content\/uploads\/2024\/12\/1734272368_728_Lumieres-de-lAvent-une-fois-de-plus.jpg\" width=\"159\" height=\"159\" alt=\"\"><\/figure>\n<figure class=\"column small-6 medium-3 end\"><img loading=\"lazy\" decoding=\"async\" src=\"https:\/\/vieassociative.be\/actualites\/wp-content\/uploads\/2024\/12\/1734272368_670_Lumieres-de-lAvent-une-fois-de-plus.jpg\" width=\"159\" height=\"159\" alt=\"\"><\/figure>\n<figure class=\"column small-6 medium-3 end\"><img loading=\"lazy\" decoding=\"async\" src=\"https:\/\/vieassociative.be\/actualites\/wp-content\/uploads\/2024\/12\/1734272368_956_Lumieres-de-lAvent-une-fois-de-plus.jpg\" width=\"159\" height=\"159\" alt=\"\"><\/figure>\n<figure class=\"column small-6 medium-3 end\"><img loading=\"lazy\" decoding=\"async\" src=\"https:\/\/vieassociative.be\/actualites\/wp-content\/uploads\/2024\/12\/1734272368_788_Lumieres-de-lAvent-une-fois-de-plus.jpg\" width=\"159\" height=\"159\" alt=\"\"><\/figure>\n<figure class=\"column small-6 medium-3 end\"><img loading=\"lazy\" decoding=\"async\" src=\"https:\/\/vieassociative.be\/actualites\/wp-content\/uploads\/2024\/12\/1734272368_289_Lumieres-de-lAvent-une-fois-de-plus.jpg\" width=\"159\" height=\"159\" alt=\"\"><\/figure>\n<figure class=\"column small-6 medium-3 end\"><img loading=\"lazy\" decoding=\"async\" src=\"https:\/\/vieassociative.be\/actualites\/wp-content\/uploads\/2024\/12\/1734272368_904_Lumieres-de-lAvent-une-fois-de-plus.jpg\" width=\"159\" height=\"159\" alt=\"\"><\/figure>\n<figure class=\"column small-6 medium-3 end\"><img loading=\"lazy\" decoding=\"async\" src=\"https:\/\/vieassociative.be\/actualites\/wp-content\/uploads\/2024\/12\/1734272368_282_Lumieres-de-lAvent-une-fois-de-plus.jpg\" width=\"159\" height=\"159\" alt=\"\"><\/figure>\n<figure class=\"column small-6 medium-3 end\"><img loading=\"lazy\" decoding=\"async\" src=\"https:\/\/vieassociative.be\/actualites\/wp-content\/uploads\/2024\/12\/1734272368_17_Lumieres-de-lAvent-une-fois-de-plus.jpg\" width=\"159\" height=\"159\" alt=\"\"><\/figure>\n<figure class=\"column small-6 medium-3 end\"><img loading=\"lazy\" decoding=\"async\" src=\"https:\/\/vieassociative.be\/actualites\/wp-content\/uploads\/2024\/12\/1734272368_321_Lumieres-de-lAvent-une-fois-de-plus.jpg\" width=\"159\" height=\"159\" alt=\"\"><\/figure>\n<figure class=\"column small-6 medium-3 end\"><img loading=\"lazy\" decoding=\"async\" src=\"https:\/\/vieassociative.be\/actualites\/wp-content\/uploads\/2024\/12\/1734272368_745_Lumieres-de-lAvent-une-fois-de-plus.jpg\" width=\"159\" height=\"159\" alt=\"\"><\/figure>\n<figure class=\"column small-6 medium-3 end\"><img loading=\"lazy\" decoding=\"async\" src=\"https:\/\/vieassociative.be\/actualites\/wp-content\/uploads\/2024\/12\/1734272368_858_Lumieres-de-lAvent-une-fois-de-plus.jpg\" width=\"159\" height=\"159\" alt=\"\"><\/figure>\n<figure class=\"column small-6 medium-3 end\"><img loading=\"lazy\" decoding=\"async\" src=\"https:\/\/vieassociative.be\/actualites\/wp-content\/uploads\/2024\/12\/1734272368_631_Lumieres-de-lAvent-une-fois-de-plus.jpg\" width=\"159\" height=\"159\" alt=\"\"><\/figure>\n<figure class=\"column small-6 medium-3 end\"><img loading=\"lazy\" decoding=\"async\" src=\"https:\/\/vieassociative.be\/actualites\/wp-content\/uploads\/2024\/12\/1734272368_856_Lumieres-de-lAvent-une-fois-de-plus.jpg\" width=\"159\" height=\"159\" alt=\"\"><\/figure>\n<figure class=\"column small-6 medium-3 end\"><img loading=\"lazy\" decoding=\"async\" src=\"https:\/\/vieassociative.be\/actualites\/wp-content\/uploads\/2024\/12\/1734272368_504_Lumieres-de-lAvent-une-fois-de-plus.jpg\" width=\"159\" height=\"159\" alt=\"\"><\/figure>\n<figure class=\"column small-6 medium-3 end\"><img loading=\"lazy\" decoding=\"async\" src=\"https:\/\/vieassociative.be\/actualites\/wp-content\/uploads\/2024\/12\/1734272368_785_Lumieres-de-lAvent-une-fois-de-plus.jpg\" width=\"159\" height=\"159\" alt=\"\"><\/figure>\n<figure class=\"column small-6 medium-3 end\"><img loading=\"lazy\" decoding=\"async\" src=\"https:\/\/vieassociative.be\/actualites\/wp-content\/uploads\/2024\/12\/1734272368_565_Lumieres-de-lAvent-une-fois-de-plus.jpg\" width=\"159\" height=\"159\" alt=\"\"><\/figure>\n<figure class=\"column small-6 medium-3 end\"><img loading=\"lazy\" decoding=\"async\" src=\"https:\/\/vieassociative.be\/actualites\/wp-content\/uploads\/2024\/12\/1734272368_26_Lumieres-de-lAvent-une-fois-de-plus.jpg\" width=\"159\" height=\"159\" alt=\"\"><\/figure>\n<figure class=\"column small-6 medium-3 end\"><img loading=\"lazy\" decoding=\"async\" src=\"https:\/\/vieassociative.be\/actualites\/wp-content\/uploads\/2024\/12\/1734272368_20_Lumieres-de-lAvent-une-fois-de-plus.jpg\" width=\"159\" height=\"159\" alt=\"\"><\/figure>\n<figure class=\"column small-6 medium-3 end\"><img loading=\"lazy\" decoding=\"async\" src=\"https:\/\/vieassociative.be\/actualites\/wp-content\/uploads\/2024\/12\/1734272368_867_Lumieres-de-lAvent-une-fois-de-plus.jpg\" width=\"159\" height=\"159\" alt=\"\"><\/figure>\n<figure class=\"column small-6 medium-3 end\"><img loading=\"lazy\" decoding=\"async\" src=\"https:\/\/vieassociative.be\/actualites\/wp-content\/uploads\/2024\/12\/1734272368_945_Lumieres-de-lAvent-une-fois-de-plus.jpg\" width=\"159\" height=\"159\" alt=\"\"><\/figure>\n<\/div>\n","protected":false},"excerpt":{"rendered":"<p>Le samedi 14 d\u00e9cembre, de nombreux habitants du nord de notre r\u00e9gion \u00e9taient encore une fois ravis de voir une file interminable de tracteurs passer<\/p>\n","protected":false},"author":1,"featured_media":3417,"comment_status":"","ping_status":"","sticky":false,"template":"","format":"standard","meta":{"footnotes":""},"categories":[298],"tags":[289,383,4037,909,4035,29,354,774,3257,3586,353,1331,283,4034,838,110,4036,1928],"class_list":["post-3416","post","type-post","status-publish","format-standard","has-post-thumbnail","hentry","category-belgique","tag-aux","tag-belgique","tag-chandelles","tag-couleurs","tag-decores","tag-des","tag-dun","tag-fois","tag-galerie","tag-lavent","tag-lors","tag-lumieres","tag-photos","tag-tracteurs","tag-travers","tag-une","tag-vives","tag-voyage","generate-columns","tablet-grid-50","mobile-grid-100","grid-parent","grid-33"],"yoast_head":"<!-- This site is optimized with the Yoast SEO plugin v24.0 - https:\/\/yoast.com\/wordpress\/plugins\/seo\/ -->\n<title>\u00ab Lumi\u00e8res de l&#039;Avent \u00bb : une fois de plus des tracteurs d\u00e9cor\u00e9s de couleurs vives lors d&#039;un voyage aux chandelles \u00e0 travers l&#039;Est de la Belgique (galerie de photos) | Vie Associative<\/title>\n<meta name=\"robots\" content=\"index, follow, max-snippet:-1, max-image-preview:large, max-video-preview:-1\" \/>\n<link rel=\"canonical\" href=\"https:\/\/vieassociative.be\/actualites\/lumieres-de-lavent-une-fois-de-plus-des-tracteurs-decores-de-couleurs-vives-lors-dun-voyage-aux-chandelles-a-travers-lest-de-la-belgique-galerie-de-photos\/\" \/>\n<meta property=\"og:locale\" content=\"fr_FR\" \/>\n<meta property=\"og:type\" content=\"article\" \/>\n<meta property=\"og:title\" content=\"\u00ab Lumi\u00e8res de l&#039;Avent \u00bb : une fois de plus des tracteurs d\u00e9cor\u00e9s de couleurs vives lors d&#039;un voyage aux chandelles \u00e0 travers l&#039;Est de la Belgique (galerie de photos) | Vie Associative\" \/>\n<meta property=\"og:description\" content=\"Le samedi 14 d\u00e9cembre, de nombreux habitants du nord de notre r\u00e9gion \u00e9taient encore une fois ravis de voir une file interminable de tracteurs passer\" \/>\n<meta property=\"og:url\" content=\"https:\/\/vieassociative.be\/actualites\/lumieres-de-lavent-une-fois-de-plus-des-tracteurs-decores-de-couleurs-vives-lors-dun-voyage-aux-chandelles-a-travers-lest-de-la-belgique-galerie-de-photos\/\" \/>\n<meta property=\"og:site_name\" content=\"Vie Associative\" \/>\n<meta property=\"article:published_time\" content=\"2024-12-15T14:19:28+00:00\" \/>\n<meta property=\"og:image\" content=\"https:\/\/vieassociative.be\/actualites\/wp-content\/uploads\/2024\/09\/header_backgroundk-01-e1726694325946.png\" \/>\n\t<meta property=\"og:image:width\" content=\"279\" \/>\n\t<meta property=\"og:image:height\" content=\"92\" \/>\n\t<meta property=\"og:image:type\" content=\"image\/png\" \/>\n<meta name=\"author\" content=\"Julien\" \/>\n<meta name=\"twitter:card\" content=\"summary_large_image\" \/>\n<meta name=\"twitter:label1\" content=\"\u00c9crit par\" \/>\n\t<meta name=\"twitter:data1\" content=\"Julien\" \/>\n\t<meta name=\"twitter:label2\" content=\"Dur\u00e9e de lecture est.\" \/>\n\t<meta name=\"twitter:data2\" content=\"1 minute\" \/>\n<script type=\"application\/ld+json\" class=\"yoast-schema-graph\">{\"@context\":\"https:\/\/schema.org\",\"@graph\":[{\"@type\":\"Article\",\"@id\":\"https:\/\/vieassociative.be\/actualites\/lumieres-de-lavent-une-fois-de-plus-des-tracteurs-decores-de-couleurs-vives-lors-dun-voyage-aux-chandelles-a-travers-lest-de-la-belgique-galerie-de-photos\/#article\",\"isPartOf\":{\"@id\":\"https:\/\/vieassociative.be\/actualites\/lumieres-de-lavent-une-fois-de-plus-des-tracteurs-decores-de-couleurs-vives-lors-dun-voyage-aux-chandelles-a-travers-lest-de-la-belgique-galerie-de-photos\/\"},\"author\":{\"name\":\"Julien\",\"@id\":\"https:\/\/vieassociative.be\/actualites\/#\/schema\/person\/b87ac4f82f9d4e7b7cec7395b679edc4\"},\"headline\":\"\u00ab Lumi\u00e8res de l&rsquo;Avent \u00bb : une fois de plus des tracteurs d\u00e9cor\u00e9s de couleurs vives lors d&rsquo;un voyage aux chandelles \u00e0 travers l&rsquo;Est de la Belgique (galerie de photos)\",\"datePublished\":\"2024-12-15T14:19:28+00:00\",\"dateModified\":\"2024-12-15T14:19:28+00:00\",\"mainEntityOfPage\":{\"@id\":\"https:\/\/vieassociative.be\/actualites\/lumieres-de-lavent-une-fois-de-plus-des-tracteurs-decores-de-couleurs-vives-lors-dun-voyage-aux-chandelles-a-travers-lest-de-la-belgique-galerie-de-photos\/\"},\"wordCount\":329,\"publisher\":{\"@id\":\"https:\/\/vieassociative.be\/actualites\/#organization\"},\"image\":{\"@id\":\"https:\/\/vieassociative.be\/actualites\/lumieres-de-lavent-une-fois-de-plus-des-tracteurs-decores-de-couleurs-vives-lors-dun-voyage-aux-chandelles-a-travers-lest-de-la-belgique-galerie-de-photos\/#primaryimage\"},\"thumbnailUrl\":\"https:\/\/vieassociative.be\/actualites\/wp-content\/uploads\/2024\/12\/1734272369_Lumieres-de-lAvent-une-fois-de-plus.jpg\",\"keywords\":[\"aux\",\"Belgique\",\"chandelles\",\"couleurs\",\"d\u00e9cor\u00e9s\",\"Des\",\"dun\",\"fois\",\"galerie\",\"lAvent\",\"lors\",\"lumi\u00e8res\",\"Photos\",\"tracteurs\",\"travers\",\"une\",\"vives\",\"voyage\"],\"articleSection\":[\"Belgique\"],\"inLanguage\":\"fr-BE\"},{\"@type\":\"WebPage\",\"@id\":\"https:\/\/vieassociative.be\/actualites\/lumieres-de-lavent-une-fois-de-plus-des-tracteurs-decores-de-couleurs-vives-lors-dun-voyage-aux-chandelles-a-travers-lest-de-la-belgique-galerie-de-photos\/\",\"url\":\"https:\/\/vieassociative.be\/actualites\/lumieres-de-lavent-une-fois-de-plus-des-tracteurs-decores-de-couleurs-vives-lors-dun-voyage-aux-chandelles-a-travers-lest-de-la-belgique-galerie-de-photos\/\",\"name\":\"\u00ab Lumi\u00e8res de l'Avent \u00bb : une fois de plus des tracteurs d\u00e9cor\u00e9s de couleurs vives lors d'un voyage aux chandelles \u00e0 travers l'Est de la Belgique (galerie de photos) | Vie Associative\",\"isPartOf\":{\"@id\":\"https:\/\/vieassociative.be\/actualites\/#website\"},\"primaryImageOfPage\":{\"@id\":\"https:\/\/vieassociative.be\/actualites\/lumieres-de-lavent-une-fois-de-plus-des-tracteurs-decores-de-couleurs-vives-lors-dun-voyage-aux-chandelles-a-travers-lest-de-la-belgique-galerie-de-photos\/#primaryimage\"},\"image\":{\"@id\":\"https:\/\/vieassociative.be\/actualites\/lumieres-de-lavent-une-fois-de-plus-des-tracteurs-decores-de-couleurs-vives-lors-dun-voyage-aux-chandelles-a-travers-lest-de-la-belgique-galerie-de-photos\/#primaryimage\"},\"thumbnailUrl\":\"https:\/\/vieassociative.be\/actualites\/wp-content\/uploads\/2024\/12\/1734272369_Lumieres-de-lAvent-une-fois-de-plus.jpg\",\"datePublished\":\"2024-12-15T14:19:28+00:00\",\"dateModified\":\"2024-12-15T14:19:28+00:00\",\"breadcrumb\":{\"@id\":\"https:\/\/vieassociative.be\/actualites\/lumieres-de-lavent-une-fois-de-plus-des-tracteurs-decores-de-couleurs-vives-lors-dun-voyage-aux-chandelles-a-travers-lest-de-la-belgique-galerie-de-photos\/#breadcrumb\"},\"inLanguage\":\"fr-BE\",\"potentialAction\":[{\"@type\":\"ReadAction\",\"target\":[\"https:\/\/vieassociative.be\/actualites\/lumieres-de-lavent-une-fois-de-plus-des-tracteurs-decores-de-couleurs-vives-lors-dun-voyage-aux-chandelles-a-travers-lest-de-la-belgique-galerie-de-photos\/\"]}]},{\"@type\":\"ImageObject\",\"inLanguage\":\"fr-BE\",\"@id\":\"https:\/\/vieassociative.be\/actualites\/lumieres-de-lavent-une-fois-de-plus-des-tracteurs-decores-de-couleurs-vives-lors-dun-voyage-aux-chandelles-a-travers-lest-de-la-belgique-galerie-de-photos\/#primaryimage\",\"url\":\"https:\/\/vieassociative.be\/actualites\/wp-content\/uploads\/2024\/12\/1734272369_Lumieres-de-lAvent-une-fois-de-plus.jpg\",\"contentUrl\":\"https:\/\/vieassociative.be\/actualites\/wp-content\/uploads\/2024\/12\/1734272369_Lumieres-de-lAvent-une-fois-de-plus.jpg\",\"width\":2560,\"height\":1711,\"caption\":\"\u00ab Lumi\u00e8res de l'Avent \u00bb : une fois de plus des tracteurs d\u00e9cor\u00e9s de couleurs vives lors d'un voyage aux chandelles \u00e0 travers l'Est de la Belgique (galerie de photos)\"},{\"@type\":\"BreadcrumbList\",\"@id\":\"https:\/\/vieassociative.be\/actualites\/lumieres-de-lavent-une-fois-de-plus-des-tracteurs-decores-de-couleurs-vives-lors-dun-voyage-aux-chandelles-a-travers-lest-de-la-belgique-galerie-de-photos\/#breadcrumb\",\"itemListElement\":[{\"@type\":\"ListItem\",\"position\":1,\"name\":\"Accueil\",\"item\":\"https:\/\/vieassociative.be\/actualites\/\"},{\"@type\":\"ListItem\",\"position\":2,\"name\":\"\u00ab Lumi\u00e8res de l&rsquo;Avent \u00bb : une fois de plus des tracteurs d\u00e9cor\u00e9s de couleurs vives lors d&rsquo;un voyage aux chandelles \u00e0 travers l&rsquo;Est de la Belgique (galerie de photos)\"}]},{\"@type\":\"WebSite\",\"@id\":\"https:\/\/vieassociative.be\/actualites\/#website\",\"url\":\"https:\/\/vieassociative.be\/actualites\/\",\"name\":\"Vie Associative\",\"description\":\"\",\"publisher\":{\"@id\":\"https:\/\/vieassociative.be\/actualites\/#organization\"},\"potentialAction\":[{\"@type\":\"SearchAction\",\"target\":{\"@type\":\"EntryPoint\",\"urlTemplate\":\"https:\/\/vieassociative.be\/actualites\/?s={search_term_string}\"},\"query-input\":{\"@type\":\"PropertyValueSpecification\",\"valueRequired\":true,\"valueName\":\"search_term_string\"}}],\"inLanguage\":\"fr-BE\"},{\"@type\":\"Organization\",\"@id\":\"https:\/\/vieassociative.be\/actualites\/#organization\",\"name\":\"Vie Associative\",\"url\":\"https:\/\/vieassociative.be\/actualites\/\",\"logo\":{\"@type\":\"ImageObject\",\"inLanguage\":\"fr-BE\",\"@id\":\"https:\/\/vieassociative.be\/actualites\/#\/schema\/logo\/image\/\",\"url\":\"https:\/\/vieassociative.be\/actualites\/wp-content\/uploads\/2024\/09\/cropped-vieassociative_favicon.ico.png\",\"contentUrl\":\"https:\/\/vieassociative.be\/actualites\/wp-content\/uploads\/2024\/09\/cropped-vieassociative_favicon.ico.png\",\"width\":512,\"height\":512,\"caption\":\"Vie Associative\"},\"image\":{\"@id\":\"https:\/\/vieassociative.be\/actualites\/#\/schema\/logo\/image\/\"}},{\"@type\":\"Person\",\"@id\":\"https:\/\/vieassociative.be\/actualites\/#\/schema\/person\/b87ac4f82f9d4e7b7cec7395b679edc4\",\"name\":\"Julien\",\"image\":{\"@type\":\"ImageObject\",\"inLanguage\":\"fr-BE\",\"@id\":\"https:\/\/vieassociative.be\/actualites\/#\/schema\/person\/image\/\",\"url\":\"https:\/\/vieassociative.be\/actualites\/wp-content\/uploads\/2024\/09\/vie-associative-1-150x150.jpg\",\"contentUrl\":\"https:\/\/vieassociative.be\/actualites\/wp-content\/uploads\/2024\/09\/vie-associative-1-150x150.jpg\",\"caption\":\"Julien\"},\"description\":\"Je suis Julien, r\u00e9dacteur pour Vie Associative. Passionn\u00e9 par le monde associatif depuis plus de 10 ans, j'ai \u00e0 c\u0153ur de partager des histoires inspirantes et de mettre en lumi\u00e8re les initiatives locales. Mon objectif est de sensibiliser et d'encourager l'engagement communautaire \u00e0 travers mes articles.\",\"sameAs\":[\"https:\/\/vieassociative.be\/\"]}]}<\/script>\n<!-- \/ Yoast SEO plugin. -->","yoast_head_json":{"title":"\u00ab Lumi\u00e8res de l'Avent \u00bb : une fois de plus des tracteurs d\u00e9cor\u00e9s de couleurs vives lors d'un voyage aux chandelles \u00e0 travers l'Est de la Belgique (galerie de photos) | Vie Associative","robots":{"index":"index","follow":"follow","max-snippet":"max-snippet:-1","max-image-preview":"max-image-preview:large","max-video-preview":"max-video-preview:-1"},"canonical":"https:\/\/vieassociative.be\/actualites\/lumieres-de-lavent-une-fois-de-plus-des-tracteurs-decores-de-couleurs-vives-lors-dun-voyage-aux-chandelles-a-travers-lest-de-la-belgique-galerie-de-photos\/","og_locale":"fr_FR","og_type":"article","og_title":"\u00ab Lumi\u00e8res de l'Avent \u00bb : une fois de plus des tracteurs d\u00e9cor\u00e9s de couleurs vives lors d'un voyage aux chandelles \u00e0 travers l'Est de la Belgique (galerie de photos) | Vie Associative","og_description":"Le samedi 14 d\u00e9cembre, de nombreux habitants du nord de notre r\u00e9gion \u00e9taient encore une fois ravis de voir une file interminable de tracteurs passer","og_url":"https:\/\/vieassociative.be\/actualites\/lumieres-de-lavent-une-fois-de-plus-des-tracteurs-decores-de-couleurs-vives-lors-dun-voyage-aux-chandelles-a-travers-lest-de-la-belgique-galerie-de-photos\/","og_site_name":"Vie Associative","article_published_time":"2024-12-15T14:19:28+00:00","og_image":[{"width":279,"height":92,"url":"https:\/\/vieassociative.be\/actualites\/wp-content\/uploads\/2024\/09\/header_backgroundk-01-e1726694325946.png","type":"image\/png"}],"author":"Julien","twitter_card":"summary_large_image","twitter_misc":{"\u00c9crit par":"Julien","Dur\u00e9e de lecture est.":"1 minute"},"schema":{"@context":"https:\/\/schema.org","@graph":[{"@type":"Article","@id":"https:\/\/vieassociative.be\/actualites\/lumieres-de-lavent-une-fois-de-plus-des-tracteurs-decores-de-couleurs-vives-lors-dun-voyage-aux-chandelles-a-travers-lest-de-la-belgique-galerie-de-photos\/#article","isPartOf":{"@id":"https:\/\/vieassociative.be\/actualites\/lumieres-de-lavent-une-fois-de-plus-des-tracteurs-decores-de-couleurs-vives-lors-dun-voyage-aux-chandelles-a-travers-lest-de-la-belgique-galerie-de-photos\/"},"author":{"name":"Julien","@id":"https:\/\/vieassociative.be\/actualites\/#\/schema\/person\/b87ac4f82f9d4e7b7cec7395b679edc4"},"headline":"\u00ab Lumi\u00e8res de l&rsquo;Avent \u00bb : une fois de plus des tracteurs d\u00e9cor\u00e9s de couleurs vives lors d&rsquo;un voyage aux chandelles \u00e0 travers l&rsquo;Est de la Belgique (galerie de photos)","datePublished":"2024-12-15T14:19:28+00:00","dateModified":"2024-12-15T14:19:28+00:00","mainEntityOfPage":{"@id":"https:\/\/vieassociative.be\/actualites\/lumieres-de-lavent-une-fois-de-plus-des-tracteurs-decores-de-couleurs-vives-lors-dun-voyage-aux-chandelles-a-travers-lest-de-la-belgique-galerie-de-photos\/"},"wordCount":329,"publisher":{"@id":"https:\/\/vieassociative.be\/actualites\/#organization"},"image":{"@id":"https:\/\/vieassociative.be\/actualites\/lumieres-de-lavent-une-fois-de-plus-des-tracteurs-decores-de-couleurs-vives-lors-dun-voyage-aux-chandelles-a-travers-lest-de-la-belgique-galerie-de-photos\/#primaryimage"},"thumbnailUrl":"https:\/\/vieassociative.be\/actualites\/wp-content\/uploads\/2024\/12\/1734272369_Lumieres-de-lAvent-une-fois-de-plus.jpg","keywords":["aux","Belgique","chandelles","couleurs","d\u00e9cor\u00e9s","Des","dun","fois","galerie","lAvent","lors","lumi\u00e8res","Photos","tracteurs","travers","une","vives","voyage"],"articleSection":["Belgique"],"inLanguage":"fr-BE"},{"@type":"WebPage","@id":"https:\/\/vieassociative.be\/actualites\/lumieres-de-lavent-une-fois-de-plus-des-tracteurs-decores-de-couleurs-vives-lors-dun-voyage-aux-chandelles-a-travers-lest-de-la-belgique-galerie-de-photos\/","url":"https:\/\/vieassociative.be\/actualites\/lumieres-de-lavent-une-fois-de-plus-des-tracteurs-decores-de-couleurs-vives-lors-dun-voyage-aux-chandelles-a-travers-lest-de-la-belgique-galerie-de-photos\/","name":"\u00ab Lumi\u00e8res de l'Avent \u00bb : une fois de plus des tracteurs d\u00e9cor\u00e9s de couleurs vives lors d'un voyage aux chandelles \u00e0 travers l'Est de la Belgique (galerie de photos) | Vie Associative","isPartOf":{"@id":"https:\/\/vieassociative.be\/actualites\/#website"},"primaryImageOfPage":{"@id":"https:\/\/vieassociative.be\/actualites\/lumieres-de-lavent-une-fois-de-plus-des-tracteurs-decores-de-couleurs-vives-lors-dun-voyage-aux-chandelles-a-travers-lest-de-la-belgique-galerie-de-photos\/#primaryimage"},"image":{"@id":"https:\/\/vieassociative.be\/actualites\/lumieres-de-lavent-une-fois-de-plus-des-tracteurs-decores-de-couleurs-vives-lors-dun-voyage-aux-chandelles-a-travers-lest-de-la-belgique-galerie-de-photos\/#primaryimage"},"thumbnailUrl":"https:\/\/vieassociative.be\/actualites\/wp-content\/uploads\/2024\/12\/1734272369_Lumieres-de-lAvent-une-fois-de-plus.jpg","datePublished":"2024-12-15T14:19:28+00:00","dateModified":"2024-12-15T14:19:28+00:00","breadcrumb":{"@id":"https:\/\/vieassociative.be\/actualites\/lumieres-de-lavent-une-fois-de-plus-des-tracteurs-decores-de-couleurs-vives-lors-dun-voyage-aux-chandelles-a-travers-lest-de-la-belgique-galerie-de-photos\/#breadcrumb"},"inLanguage":"fr-BE","potentialAction":[{"@type":"ReadAction","target":["https:\/\/vieassociative.be\/actualites\/lumieres-de-lavent-une-fois-de-plus-des-tracteurs-decores-de-couleurs-vives-lors-dun-voyage-aux-chandelles-a-travers-lest-de-la-belgique-galerie-de-photos\/"]}]},{"@type":"ImageObject","inLanguage":"fr-BE","@id":"https:\/\/vieassociative.be\/actualites\/lumieres-de-lavent-une-fois-de-plus-des-tracteurs-decores-de-couleurs-vives-lors-dun-voyage-aux-chandelles-a-travers-lest-de-la-belgique-galerie-de-photos\/#primaryimage","url":"https:\/\/vieassociative.be\/actualites\/wp-content\/uploads\/2024\/12\/1734272369_Lumieres-de-lAvent-une-fois-de-plus.jpg","contentUrl":"https:\/\/vieassociative.be\/actualites\/wp-content\/uploads\/2024\/12\/1734272369_Lumieres-de-lAvent-une-fois-de-plus.jpg","width":2560,"height":1711,"caption":"\u00ab Lumi\u00e8res de l'Avent \u00bb : une fois de plus des tracteurs d\u00e9cor\u00e9s de couleurs vives lors d'un voyage aux chandelles \u00e0 travers l'Est de la Belgique (galerie de photos)"},{"@type":"BreadcrumbList","@id":"https:\/\/vieassociative.be\/actualites\/lumieres-de-lavent-une-fois-de-plus-des-tracteurs-decores-de-couleurs-vives-lors-dun-voyage-aux-chandelles-a-travers-lest-de-la-belgique-galerie-de-photos\/#breadcrumb","itemListElement":[{"@type":"ListItem","position":1,"name":"Accueil","item":"https:\/\/vieassociative.be\/actualites\/"},{"@type":"ListItem","position":2,"name":"\u00ab Lumi\u00e8res de l&rsquo;Avent \u00bb : une fois de plus des tracteurs d\u00e9cor\u00e9s de couleurs vives lors d&rsquo;un voyage aux chandelles \u00e0 travers l&rsquo;Est de la Belgique (galerie de photos)"}]},{"@type":"WebSite","@id":"https:\/\/vieassociative.be\/actualites\/#website","url":"https:\/\/vieassociative.be\/actualites\/","name":"Vie Associative","description":"","publisher":{"@id":"https:\/\/vieassociative.be\/actualites\/#organization"},"potentialAction":[{"@type":"SearchAction","target":{"@type":"EntryPoint","urlTemplate":"https:\/\/vieassociative.be\/actualites\/?s={search_term_string}"},"query-input":{"@type":"PropertyValueSpecification","valueRequired":true,"valueName":"search_term_string"}}],"inLanguage":"fr-BE"},{"@type":"Organization","@id":"https:\/\/vieassociative.be\/actualites\/#organization","name":"Vie Associative","url":"https:\/\/vieassociative.be\/actualites\/","logo":{"@type":"ImageObject","inLanguage":"fr-BE","@id":"https:\/\/vieassociative.be\/actualites\/#\/schema\/logo\/image\/","url":"https:\/\/vieassociative.be\/actualites\/wp-content\/uploads\/2024\/09\/cropped-vieassociative_favicon.ico.png","contentUrl":"https:\/\/vieassociative.be\/actualites\/wp-content\/uploads\/2024\/09\/cropped-vieassociative_favicon.ico.png","width":512,"height":512,"caption":"Vie Associative"},"image":{"@id":"https:\/\/vieassociative.be\/actualites\/#\/schema\/logo\/image\/"}},{"@type":"Person","@id":"https:\/\/vieassociative.be\/actualites\/#\/schema\/person\/b87ac4f82f9d4e7b7cec7395b679edc4","name":"Julien","image":{"@type":"ImageObject","inLanguage":"fr-BE","@id":"https:\/\/vieassociative.be\/actualites\/#\/schema\/person\/image\/","url":"https:\/\/vieassociative.be\/actualites\/wp-content\/uploads\/2024\/09\/vie-associative-1-150x150.jpg","contentUrl":"https:\/\/vieassociative.be\/actualites\/wp-content\/uploads\/2024\/09\/vie-associative-1-150x150.jpg","caption":"Julien"},"description":"Je suis Julien, r\u00e9dacteur pour Vie Associative. Passionn\u00e9 par le monde associatif depuis plus de 10 ans, j'ai \u00e0 c\u0153ur de partager des histoires inspirantes et de mettre en lumi\u00e8re les initiatives locales. Mon objectif est de sensibiliser et d'encourager l'engagement communautaire \u00e0 travers mes articles.","sameAs":["https:\/\/vieassociative.be\/"]}]}},"_links":{"self":[{"href":"https:\/\/vieassociative.be\/actualites\/wp-json\/wp\/v2\/posts\/3416"}],"collection":[{"href":"https:\/\/vieassociative.be\/actualites\/wp-json\/wp\/v2\/posts"}],"about":[{"href":"https:\/\/vieassociative.be\/actualites\/wp-json\/wp\/v2\/types\/post"}],"author":[{"embeddable":true,"href":"https:\/\/vieassociative.be\/actualites\/wp-json\/wp\/v2\/users\/1"}],"replies":[{"embeddable":true,"href":"https:\/\/vieassociative.be\/actualites\/wp-json\/wp\/v2\/comments?post=3416"}],"version-history":[{"count":0,"href":"https:\/\/vieassociative.be\/actualites\/wp-json\/wp\/v2\/posts\/3416\/revisions"}],"wp:featuredmedia":[{"embeddable":true,"href":"https:\/\/vieassociative.be\/actualites\/wp-json\/wp\/v2\/media\/3417"}],"wp:attachment":[{"href":"https:\/\/vieassociative.be\/actualites\/wp-json\/wp\/v2\/media?parent=3416"}],"wp:term":[{"taxonomy":"category","embeddable":true,"href":"https:\/\/vieassociative.be\/actualites\/wp-json\/wp\/v2\/categories?post=3416"},{"taxonomy":"post_tag","embeddable":true,"href":"https:\/\/vieassociative.be\/actualites\/wp-json\/wp\/v2\/tags?post=3416"}],"curies":[{"name":"wp","href":"https:\/\/api.w.org\/{rel}","templated":true}]}}