{"id":3410,"date":"2024-12-15T12:17:53","date_gmt":"2024-12-15T11:17:53","guid":{"rendered":"https:\/\/vieassociative.be\/actualites\/comment-arreter-de-precipiter-vos-enfants-dehors-le-matin\/"},"modified":"2024-12-15T12:17:53","modified_gmt":"2024-12-15T11:17:53","slug":"comment-arreter-de-precipiter-vos-enfants-dehors-le-matin","status":"publish","type":"post","link":"https:\/\/vieassociative.be\/actualites\/comment-arreter-de-precipiter-vos-enfants-dehors-le-matin\/","title":{"rendered":"Comment arr\u00eater de pr\u00e9cipiter vos enfants dehors le matin"},"content":{"rendered":"<div class=\"mt-4 leading-6 md:mb-8\">Cela peut sembler impossible, mais il existe des moyens de rendre la matin\u00e9e un peu moins stressante pour tout le monde.<\/div>\n<p><\/p>\n<p>Certains matins, il semble impossible de faire sortir vos enfants sans survoler, leur demander quatre fois s&rsquo;ils ont leur collation et r\u00e9p\u00e9ter \u00e0 plusieurs reprises \u00ab Allez, continuons ! sur un ton toi <em>savoir <\/em>semble plus agit\u00e9 que vous ne le souhaiteriez. Mais vous n\u2019y pouvez rien. Des vestes et des sacs \u00e0 dos sont \u00e9parpill\u00e9s partout, le bus arrive dans quatre minutes et vous venez de remarquer qu&rsquo;un enfant porte son pantalon \u00e0 l&rsquo;envers.<\/p>\n<p>Faire sortir les enfants le matin est un exercice d\u2019essais et d\u2019erreurs, de ma\u00eetrise de soi \u00e9motionnelle (la v\u00f4tre) et d\u2019une patience surhumaine. Les pr\u00e9cipiter ne fera que provoquer davantage de stress, d\u2019anxi\u00e9t\u00e9, de luttes de pouvoir et de col\u00e8re \u2013 pour toutes les personnes impliqu\u00e9es. Voici comment vous pouvez vous pr\u00e9cipiter moins tout en arrivant l\u00e0 o\u00f9 vous devez \u00eatre \u00e0 temps.<\/p>\n<h2 id=\"get-on-the-same-team\">Rejoignez la m\u00eame \u00e9quipe <\/h2>\n<p>Lorsque vous voulez quelque chose qui n&rsquo;int\u00e9resse pas votre enfant (quitter la maison de mani\u00e8re efficace et opportune), il est facile de le consid\u00e9rer comme votre adversaire, et vice versa. (Surtout lorsqu&rsquo;ils r\u00e9sistent physiquement \u00e0 vos meilleurs efforts.) Gardez \u00e0 l&rsquo;esprit que les enfants ont tr\u00e8s peu de pouvoir de d\u00e9cision et ont soif d&rsquo;un sentiment d&rsquo;autonomie dans leur vie. Essayez de changer votre \u00e9tat d&rsquo;esprit d&rsquo;un \u00e9tat d&rsquo;esprit autoritaire et bas\u00e9 sur le pouvoir, \u00ab Je suis en charge et ils doivent faire ce que je dis \u00bb \u00e0 un \u00e9tat d&rsquo;esprit plus collaboratif : \u00ab Nous sommes dans la m\u00eame \u00e9quipe, comment puis-je les aider ? <\/p>\n<h2 id=\"start-earlier-and-prepare-the-environment\">Commencez plus t\u00f4t et pr\u00e9parez l\u2019environnement <\/h2>\n<p><em>Commencer plus t\u00f4t, dites-vous ? Eh bien, parfois, ce n\u2019est tout simplement pas possible ! Et parfois, m\u00eame si nous le faisons, un d\u00e9versement, une crise de col\u00e8re ou une sortie d\u2019urgence aux toilettes peut nous ramener directement au fil du temps. <\/em><\/p>\n<p>Je sais; Vraiment. Mais je ne peux pas nier les matins o\u00f9 nous descendons un peu plus t\u00f4t, sinon je re\u00e7ois <em>moi-m\u00eame<\/em> pr\u00eat 10 \u00e0 15 minutes plus t\u00f4t, cela se passe g\u00e9n\u00e9ralement plus facilement. Parce que <em>JE-<\/em>et par extension, mes enfants sont<em> <\/em>plus d\u00e9tendu. <\/p>\n<p>Assurez-vous que tout ce dont vos enfants ont besoin est facilement accessible. Si vous le pouvez, cr\u00e9ez une zone o\u00f9 tout ce dont ils ont besoin est regroup\u00e9. Chaussettes, chaussures, manteaux, chapeaux, gants, le tout dans des conteneurs et sur des \u00e9tag\u00e8res auxquels ils peuvent acc\u00e9der eux-m\u00eames. (Il peut \u00eatre utile de d\u00e9signer une \u00e9tag\u00e8re ou un tiroir pour chaque enfant, afin qu&rsquo;ils n&rsquo;aient pas besoin de fouiller dans une bo\u00eete de mitaines de chacun pour trouver les leurs.)<\/p>\n<h2 id=\"post-a-visual\">Publier un visuel <\/h2>\n<p>Lorsqu&rsquo;un enfant \u00e9tait particuli\u00e8rement difficile et grincheux \u00e0 l&rsquo;id\u00e9e de se pr\u00e9parer pour l&rsquo;\u00e9cole, j&rsquo;ai annonc\u00e9 que les choses devaient changer pour \u00e9viter d&rsquo;autres matin\u00e9es difficiles. Apr\u00e8s avoir d\u00e9fini les attentes d&rsquo;un changement positif, j&rsquo;ai r\u00e9sist\u00e9 \u00e0 ma premi\u00e8re envie de cr\u00e9er moi-m\u00eame rapidement un calendrier matinal et j&rsquo;ai plut\u00f4t travaill\u00e9 <em>avec lui<\/em> d&rsquo;\u00e9laborer un calendrier. Apr\u00e8s lui avoir demand\u00e9 de lister les \u00e9tapes de \u00ab pr\u00e9paration \u00bb du matin, je lui ai demand\u00e9 de d\u00e9cider dans quel ordre il souhaitait les r\u00e9aliser. Une fois qu\u2019ils ont \u00e9t\u00e9 class\u00e9s du premier au dernier, j\u2019ai attribu\u00e9 \u00e0 chacun des incr\u00e9ments de cinq minutes. Nous disposons d\u00e9sormais d&rsquo;un programme matinal personnalis\u00e9, qu&rsquo;il a con\u00e7u, avec des heures assign\u00e9es pour chaque t\u00e2che, affich\u00e9es sur le r\u00e9frig\u00e9rateur pour faciliter la r\u00e9f\u00e9rence. <\/p>\n<h2 id=\"let-your-child-decide-what-to-do-next-and-give-choices\">Laissez votre enfant d\u00e9cider quoi faire ensuite (et donnez-lui des choix) <\/h2>\n<p>En tant que personne ponctuelle, lorsque je manque de temps (et que je vois des gens autour de moi lire des cartes Pok\u00e9mon ou pousser Pop Its au lieu de progresser jusqu&rsquo;\u00e0 la ligne d&rsquo;arriv\u00e9e), mon anxi\u00e9t\u00e9 monte en fl\u00e8che. Ce qui me fait un peu&#8230; aboyer. <em>Vous avez votre bouteille d&rsquo;eau ? Obtenez votre masque. Allez, c&rsquo;est l&rsquo;heure de se brosser les dents. Vous n&rsquo;avez pas encore vos chaussures ? Vous avez besoin de vos chaussures. Maintenant! <\/em>M\u00eame s\u2019il est difficile de contenir notre propre d\u00e9sir de diriger l\u2019ensemble du processus, les enfants seront plus susceptibles de coop\u00e9rer s\u2019ils ont le sentiment d\u2019avoir un certain contr\u00f4le.<\/p>\n<p>Des phrases telles que \u00ab\u00a0OK, quelle est la prochaine \u00e9tape\u00a0?\u00a0\u00bb \u00ab Que reste-t-il \u00e0 faire ? \u00ab Je ne vois rien sur tes pieds mais tu sors \u00bb ou \u00ab Voudrais-tu mettre ton manteau ou tes chaussures ensuite ? \u00bb peut les aider \u00e0 se sentir moins dirig\u00e9s. (S&rsquo;ils r\u00e9pondent \u00ab ni l&rsquo;un ni l&rsquo;autre \u00bb, ma r\u00e9ponse fid\u00e8le est : \u00ab Eh bien, nous devons faire les deux. Donc soit vous pouvez choisir, soit je choisirai. \u00bb) <\/p>\n<h2 id=\"create-incentives\">Cr\u00e9er des incitations<\/h2>\n<p>Les experts en parentalit\u00e9 sont divis\u00e9s sur l&rsquo;opportunit\u00e9 d&rsquo;utiliser des tableaux d&rsquo;autocollants, mais il s&rsquo;agit toujours d&rsquo;un outil disponible \u00e0 court terme. Dans notre maison, l&rsquo;attrait de r\u00e9cup\u00e9rer une Nintendo Switch r\u00e9cemment annul\u00e9e en suivant une routine matinale sans chichi (cette partie est importante) a plut\u00f4t bien fonctionn\u00e9 comme incitation. Et il n\u2019est pas n\u00e9cessaire que ce soit quelque chose de grand. Il peut s&rsquo;agir simplement de la promesse de lire un livre pr\u00e9f\u00e9r\u00e9 ou de jouer \u00e0 un petit jeu s&rsquo;ils sont pr\u00eats quelques minutes plus t\u00f4t. <\/p>\n<h2 id=\"remove-distractions\">Supprimer les distractions<\/h2>\n<p>Dans ma maison de trois enfants, des jouets, des livres et des objets se retrouvent constamment dans la zone de rassemblement principale de l&rsquo;\u00e9cole (la cuisine) \u00e0 mon insu et sans mon consentement. Il n&rsquo;y a pas assez d&rsquo;heures dans la journ\u00e9e pour nettoyer la cuisine de toute distraction, mais \u00e9liminer les plus gros d\u00e9linquants peut faire des merveilles pour am\u00e9liorer la concentration. Le simple fait de cacher la r\u00e9serve de voitures de mon plus jeune m&rsquo;a permis d&rsquo;\u00e9conomiser d&rsquo;innombrables minutes \u00e0 arbitrer des querelles, des n\u00e9gociations et \u00e0 \u00eatre un grand m\u00e9chant qui arr\u00eate tout jeu et tout plaisir parce que nous <em>je dois y aller<\/em>. \u00c9liminez autant de distractions que possible. <\/p>\n<h2 id=\"press-reset\"><strong>Appuyez sur \u00ab r\u00e9initialiser \u00bb<\/strong><\/h2>\n<p>Dans ma maison, lorsque les \u00e9motions commencent \u00e0 d\u00e9raper, nous appuyons parfois sur \u00ab r\u00e9initialiser \u00bb, ce qui consiste \u00e0 nous arr\u00eater, \u00e0 \u00e9tablir un contact visuel, \u00e0 presser nos index l&rsquo;un contre l&rsquo;autre et \u00e0 prendre un moment pour arr\u00eater le chemin qui nous donne des coups de t\u00eate et repartir \u00e0 z\u00e9ro. Il s\u2019agit d\u2019excuses tacites pour des propos mal prononc\u00e9s, d\u2019une diffusion de tension et d\u2019un rappel de travailler ensemble. (Parfois, des excuses verbales ext\u00e9rieures sont n\u00e9cessaires. Cela aide \u00e9galement de dire : \u00ab Je fais partie de votre \u00e9quipe. Avez-vous besoin d&rsquo;aide ou pouvez-vous passer \u00e0 l&rsquo;\u00e9tape suivante par vous-m\u00eame ? \u00bb)<\/p>\n<h2 id=\"keep-it-short-and-quiet\">Soyez bref (et silencieux) <\/h2>\n<p>Au lieu de longues explications : \u00ab Il faut mettre des gants, sinon tu auras vraiment froid aux mains ! Tu te souviens de ce qui s&rsquo;est pass\u00e9 la derni\u00e8re fois que tu es sorti sans gants\u00a0?\u00a0\u00bb\u00a0&#8211; essayez d&rsquo;utiliser des instructions en un seul mot. \u00ab\u00a0Gants. Chaussures. Manteau.\u00a0\u00bb Cela leur donne moins de choses \u00e0 traiter (et potentiellement \u00e0 discuter).<\/p>\n<p>Chuchoter est un autre moyen \u00e9tonnamment efficace d\u2019attirer l\u2019attention d\u2019un enfant. Cela n\u00e9cessite une proximit\u00e9 physique et un contact visuel, deux choses qui motivent les enfants \u00e0 coop\u00e9rer. <\/p>\n<h2 id=\"acknowledge-their-progress\">Reconna\u00eetre leurs progr\u00e8s<\/h2>\n<p>Tout le monde veut \u00eatre reconnu pour un travail bien fait, surtout s&rsquo;il n\u00e9cessite un changement de comportement ou la formation d&rsquo;une nouvelle habitude. Des choses comme \u00ab Wow, tu as fait \u00e7a tout seul \u00bb, ou impressionn\u00e9 : \u00ab Tu as fait \u00e7a <em>d\u00e9j\u00e0<\/em>? C&rsquo;\u00e9tait rapide \u00bb ou \u00ab Oh mon Dieu, je n&rsquo;ai m\u00eame pas eu besoin de vous le dire ! \u00bb aide les tout-petits \u00e0 ressentir un sentiment de fiert\u00e9, ce qui les pousse \u00e0 recommencer. <\/p>\n<p><\/p>\n","protected":false},"excerpt":{"rendered":"<p>Cela peut sembler impossible, mais il existe des moyens de rendre la matin\u00e9e un peu moins stressante pour tout le monde. Certains matins, il semble<\/p>\n","protected":false},"author":1,"featured_media":3411,"comment_status":"","ping_status":"","sticky":false,"template":"","format":"standard","meta":{"footnotes":""},"categories":[37],"tags":[1575,44,2585,324,2005,4031,27],"class_list":["post-3410","post","type-post","status-publish","format-standard","has-post-thumbnail","hentry","category-famille","tag-arreter","tag-comment","tag-dehors","tag-enfants","tag-matin","tag-precipiter","tag-vos","generate-columns","tablet-grid-50","mobile-grid-100","grid-parent","grid-33"],"yoast_head":"<!-- This site is optimized with the Yoast SEO plugin v24.0 - https:\/\/yoast.com\/wordpress\/plugins\/seo\/ -->\n<title>Comment arr\u00eater de pr\u00e9cipiter vos enfants dehors le matin | Vie Associative<\/title>\n<meta name=\"robots\" content=\"index, follow, max-snippet:-1, max-image-preview:large, max-video-preview:-1\" \/>\n<link rel=\"canonical\" href=\"https:\/\/vieassociative.be\/actualites\/comment-arreter-de-precipiter-vos-enfants-dehors-le-matin\/\" \/>\n<meta property=\"og:locale\" content=\"fr_FR\" \/>\n<meta property=\"og:type\" content=\"article\" \/>\n<meta property=\"og:title\" content=\"Comment arr\u00eater de pr\u00e9cipiter vos enfants dehors le matin | Vie Associative\" \/>\n<meta property=\"og:description\" content=\"Cela peut sembler impossible, mais il existe des moyens de rendre la matin\u00e9e un peu moins stressante pour tout le monde. Certains matins, il semble\" \/>\n<meta property=\"og:url\" content=\"https:\/\/vieassociative.be\/actualites\/comment-arreter-de-precipiter-vos-enfants-dehors-le-matin\/\" \/>\n<meta property=\"og:site_name\" content=\"Vie Associative\" \/>\n<meta property=\"article:published_time\" content=\"2024-12-15T11:17:53+00:00\" \/>\n<meta property=\"og:image\" content=\"https:\/\/vieassociative.be\/actualites\/wp-content\/uploads\/2024\/09\/header_backgroundk-01-e1726694325946.png\" \/>\n\t<meta property=\"og:image:width\" content=\"279\" \/>\n\t<meta property=\"og:image:height\" content=\"92\" \/>\n\t<meta property=\"og:image:type\" content=\"image\/png\" \/>\n<meta name=\"author\" content=\"Julien\" \/>\n<meta name=\"twitter:card\" content=\"summary_large_image\" \/>\n<meta name=\"twitter:label1\" content=\"\u00c9crit par\" \/>\n\t<meta name=\"twitter:data1\" content=\"Julien\" \/>\n\t<meta name=\"twitter:label2\" content=\"Dur\u00e9e de lecture est.\" \/>\n\t<meta name=\"twitter:data2\" content=\"7 minutes\" \/>\n<script type=\"application\/ld+json\" class=\"yoast-schema-graph\">{\"@context\":\"https:\/\/schema.org\",\"@graph\":[{\"@type\":\"Article\",\"@id\":\"https:\/\/vieassociative.be\/actualites\/comment-arreter-de-precipiter-vos-enfants-dehors-le-matin\/#article\",\"isPartOf\":{\"@id\":\"https:\/\/vieassociative.be\/actualites\/comment-arreter-de-precipiter-vos-enfants-dehors-le-matin\/\"},\"author\":{\"name\":\"Julien\",\"@id\":\"https:\/\/vieassociative.be\/actualites\/#\/schema\/person\/b87ac4f82f9d4e7b7cec7395b679edc4\"},\"headline\":\"Comment arr\u00eater de pr\u00e9cipiter vos enfants dehors le matin\",\"datePublished\":\"2024-12-15T11:17:53+00:00\",\"dateModified\":\"2024-12-15T11:17:53+00:00\",\"mainEntityOfPage\":{\"@id\":\"https:\/\/vieassociative.be\/actualites\/comment-arreter-de-precipiter-vos-enfants-dehors-le-matin\/\"},\"wordCount\":1393,\"publisher\":{\"@id\":\"https:\/\/vieassociative.be\/actualites\/#organization\"},\"image\":{\"@id\":\"https:\/\/vieassociative.be\/actualites\/comment-arreter-de-precipiter-vos-enfants-dehors-le-matin\/#primaryimage\"},\"thumbnailUrl\":\"https:\/\/vieassociative.be\/actualites\/wp-content\/uploads\/2024\/12\/Comment-arreter-de-precipiter-vos-enfants-dehors-le-matin.jpg\",\"keywords\":[\"arr\u00eater\",\"Comment\",\"dehors\",\"enfants\",\"matin\",\"pr\u00e9cipiter\",\"vos\"],\"articleSection\":[\"Famille\"],\"inLanguage\":\"fr-BE\"},{\"@type\":\"WebPage\",\"@id\":\"https:\/\/vieassociative.be\/actualites\/comment-arreter-de-precipiter-vos-enfants-dehors-le-matin\/\",\"url\":\"https:\/\/vieassociative.be\/actualites\/comment-arreter-de-precipiter-vos-enfants-dehors-le-matin\/\",\"name\":\"Comment arr\u00eater de pr\u00e9cipiter vos enfants dehors le matin | Vie Associative\",\"isPartOf\":{\"@id\":\"https:\/\/vieassociative.be\/actualites\/#website\"},\"primaryImageOfPage\":{\"@id\":\"https:\/\/vieassociative.be\/actualites\/comment-arreter-de-precipiter-vos-enfants-dehors-le-matin\/#primaryimage\"},\"image\":{\"@id\":\"https:\/\/vieassociative.be\/actualites\/comment-arreter-de-precipiter-vos-enfants-dehors-le-matin\/#primaryimage\"},\"thumbnailUrl\":\"https:\/\/vieassociative.be\/actualites\/wp-content\/uploads\/2024\/12\/Comment-arreter-de-precipiter-vos-enfants-dehors-le-matin.jpg\",\"datePublished\":\"2024-12-15T11:17:53+00:00\",\"dateModified\":\"2024-12-15T11:17:53+00:00\",\"breadcrumb\":{\"@id\":\"https:\/\/vieassociative.be\/actualites\/comment-arreter-de-precipiter-vos-enfants-dehors-le-matin\/#breadcrumb\"},\"inLanguage\":\"fr-BE\",\"potentialAction\":[{\"@type\":\"ReadAction\",\"target\":[\"https:\/\/vieassociative.be\/actualites\/comment-arreter-de-precipiter-vos-enfants-dehors-le-matin\/\"]}]},{\"@type\":\"ImageObject\",\"inLanguage\":\"fr-BE\",\"@id\":\"https:\/\/vieassociative.be\/actualites\/comment-arreter-de-precipiter-vos-enfants-dehors-le-matin\/#primaryimage\",\"url\":\"https:\/\/vieassociative.be\/actualites\/wp-content\/uploads\/2024\/12\/Comment-arreter-de-precipiter-vos-enfants-dehors-le-matin.jpg\",\"contentUrl\":\"https:\/\/vieassociative.be\/actualites\/wp-content\/uploads\/2024\/12\/Comment-arreter-de-precipiter-vos-enfants-dehors-le-matin.jpg\",\"width\":1200,\"height\":675,\"caption\":\"Comment arr\u00eater de pr\u00e9cipiter vos enfants dehors le matin\"},{\"@type\":\"BreadcrumbList\",\"@id\":\"https:\/\/vieassociative.be\/actualites\/comment-arreter-de-precipiter-vos-enfants-dehors-le-matin\/#breadcrumb\",\"itemListElement\":[{\"@type\":\"ListItem\",\"position\":1,\"name\":\"Accueil\",\"item\":\"https:\/\/vieassociative.be\/actualites\/\"},{\"@type\":\"ListItem\",\"position\":2,\"name\":\"Comment arr\u00eater de pr\u00e9cipiter vos enfants dehors le matin\"}]},{\"@type\":\"WebSite\",\"@id\":\"https:\/\/vieassociative.be\/actualites\/#website\",\"url\":\"https:\/\/vieassociative.be\/actualites\/\",\"name\":\"Vie Associative\",\"description\":\"\",\"publisher\":{\"@id\":\"https:\/\/vieassociative.be\/actualites\/#organization\"},\"potentialAction\":[{\"@type\":\"SearchAction\",\"target\":{\"@type\":\"EntryPoint\",\"urlTemplate\":\"https:\/\/vieassociative.be\/actualites\/?s={search_term_string}\"},\"query-input\":{\"@type\":\"PropertyValueSpecification\",\"valueRequired\":true,\"valueName\":\"search_term_string\"}}],\"inLanguage\":\"fr-BE\"},{\"@type\":\"Organization\",\"@id\":\"https:\/\/vieassociative.be\/actualites\/#organization\",\"name\":\"Vie Associative\",\"url\":\"https:\/\/vieassociative.be\/actualites\/\",\"logo\":{\"@type\":\"ImageObject\",\"inLanguage\":\"fr-BE\",\"@id\":\"https:\/\/vieassociative.be\/actualites\/#\/schema\/logo\/image\/\",\"url\":\"https:\/\/vieassociative.be\/actualites\/wp-content\/uploads\/2024\/09\/cropped-vieassociative_favicon.ico.png\",\"contentUrl\":\"https:\/\/vieassociative.be\/actualites\/wp-content\/uploads\/2024\/09\/cropped-vieassociative_favicon.ico.png\",\"width\":512,\"height\":512,\"caption\":\"Vie Associative\"},\"image\":{\"@id\":\"https:\/\/vieassociative.be\/actualites\/#\/schema\/logo\/image\/\"}},{\"@type\":\"Person\",\"@id\":\"https:\/\/vieassociative.be\/actualites\/#\/schema\/person\/b87ac4f82f9d4e7b7cec7395b679edc4\",\"name\":\"Julien\",\"image\":{\"@type\":\"ImageObject\",\"inLanguage\":\"fr-BE\",\"@id\":\"https:\/\/vieassociative.be\/actualites\/#\/schema\/person\/image\/\",\"url\":\"https:\/\/vieassociative.be\/actualites\/wp-content\/uploads\/2024\/09\/vie-associative-1-150x150.jpg\",\"contentUrl\":\"https:\/\/vieassociative.be\/actualites\/wp-content\/uploads\/2024\/09\/vie-associative-1-150x150.jpg\",\"caption\":\"Julien\"},\"description\":\"Je suis Julien, r\u00e9dacteur pour Vie Associative. Passionn\u00e9 par le monde associatif depuis plus de 10 ans, j'ai \u00e0 c\u0153ur de partager des histoires inspirantes et de mettre en lumi\u00e8re les initiatives locales. Mon objectif est de sensibiliser et d'encourager l'engagement communautaire \u00e0 travers mes articles.\",\"sameAs\":[\"https:\/\/vieassociative.be\/\"]}]}<\/script>\n<!-- \/ Yoast SEO plugin. -->","yoast_head_json":{"title":"Comment arr\u00eater de pr\u00e9cipiter vos enfants dehors le matin | Vie Associative","robots":{"index":"index","follow":"follow","max-snippet":"max-snippet:-1","max-image-preview":"max-image-preview:large","max-video-preview":"max-video-preview:-1"},"canonical":"https:\/\/vieassociative.be\/actualites\/comment-arreter-de-precipiter-vos-enfants-dehors-le-matin\/","og_locale":"fr_FR","og_type":"article","og_title":"Comment arr\u00eater de pr\u00e9cipiter vos enfants dehors le matin | Vie Associative","og_description":"Cela peut sembler impossible, mais il existe des moyens de rendre la matin\u00e9e un peu moins stressante pour tout le monde. Certains matins, il semble","og_url":"https:\/\/vieassociative.be\/actualites\/comment-arreter-de-precipiter-vos-enfants-dehors-le-matin\/","og_site_name":"Vie Associative","article_published_time":"2024-12-15T11:17:53+00:00","og_image":[{"width":279,"height":92,"url":"https:\/\/vieassociative.be\/actualites\/wp-content\/uploads\/2024\/09\/header_backgroundk-01-e1726694325946.png","type":"image\/png"}],"author":"Julien","twitter_card":"summary_large_image","twitter_misc":{"\u00c9crit par":"Julien","Dur\u00e9e de lecture est.":"7 minutes"},"schema":{"@context":"https:\/\/schema.org","@graph":[{"@type":"Article","@id":"https:\/\/vieassociative.be\/actualites\/comment-arreter-de-precipiter-vos-enfants-dehors-le-matin\/#article","isPartOf":{"@id":"https:\/\/vieassociative.be\/actualites\/comment-arreter-de-precipiter-vos-enfants-dehors-le-matin\/"},"author":{"name":"Julien","@id":"https:\/\/vieassociative.be\/actualites\/#\/schema\/person\/b87ac4f82f9d4e7b7cec7395b679edc4"},"headline":"Comment arr\u00eater de pr\u00e9cipiter vos enfants dehors le matin","datePublished":"2024-12-15T11:17:53+00:00","dateModified":"2024-12-15T11:17:53+00:00","mainEntityOfPage":{"@id":"https:\/\/vieassociative.be\/actualites\/comment-arreter-de-precipiter-vos-enfants-dehors-le-matin\/"},"wordCount":1393,"publisher":{"@id":"https:\/\/vieassociative.be\/actualites\/#organization"},"image":{"@id":"https:\/\/vieassociative.be\/actualites\/comment-arreter-de-precipiter-vos-enfants-dehors-le-matin\/#primaryimage"},"thumbnailUrl":"https:\/\/vieassociative.be\/actualites\/wp-content\/uploads\/2024\/12\/Comment-arreter-de-precipiter-vos-enfants-dehors-le-matin.jpg","keywords":["arr\u00eater","Comment","dehors","enfants","matin","pr\u00e9cipiter","vos"],"articleSection":["Famille"],"inLanguage":"fr-BE"},{"@type":"WebPage","@id":"https:\/\/vieassociative.be\/actualites\/comment-arreter-de-precipiter-vos-enfants-dehors-le-matin\/","url":"https:\/\/vieassociative.be\/actualites\/comment-arreter-de-precipiter-vos-enfants-dehors-le-matin\/","name":"Comment arr\u00eater de pr\u00e9cipiter vos enfants dehors le matin | Vie Associative","isPartOf":{"@id":"https:\/\/vieassociative.be\/actualites\/#website"},"primaryImageOfPage":{"@id":"https:\/\/vieassociative.be\/actualites\/comment-arreter-de-precipiter-vos-enfants-dehors-le-matin\/#primaryimage"},"image":{"@id":"https:\/\/vieassociative.be\/actualites\/comment-arreter-de-precipiter-vos-enfants-dehors-le-matin\/#primaryimage"},"thumbnailUrl":"https:\/\/vieassociative.be\/actualites\/wp-content\/uploads\/2024\/12\/Comment-arreter-de-precipiter-vos-enfants-dehors-le-matin.jpg","datePublished":"2024-12-15T11:17:53+00:00","dateModified":"2024-12-15T11:17:53+00:00","breadcrumb":{"@id":"https:\/\/vieassociative.be\/actualites\/comment-arreter-de-precipiter-vos-enfants-dehors-le-matin\/#breadcrumb"},"inLanguage":"fr-BE","potentialAction":[{"@type":"ReadAction","target":["https:\/\/vieassociative.be\/actualites\/comment-arreter-de-precipiter-vos-enfants-dehors-le-matin\/"]}]},{"@type":"ImageObject","inLanguage":"fr-BE","@id":"https:\/\/vieassociative.be\/actualites\/comment-arreter-de-precipiter-vos-enfants-dehors-le-matin\/#primaryimage","url":"https:\/\/vieassociative.be\/actualites\/wp-content\/uploads\/2024\/12\/Comment-arreter-de-precipiter-vos-enfants-dehors-le-matin.jpg","contentUrl":"https:\/\/vieassociative.be\/actualites\/wp-content\/uploads\/2024\/12\/Comment-arreter-de-precipiter-vos-enfants-dehors-le-matin.jpg","width":1200,"height":675,"caption":"Comment arr\u00eater de pr\u00e9cipiter vos enfants dehors le matin"},{"@type":"BreadcrumbList","@id":"https:\/\/vieassociative.be\/actualites\/comment-arreter-de-precipiter-vos-enfants-dehors-le-matin\/#breadcrumb","itemListElement":[{"@type":"ListItem","position":1,"name":"Accueil","item":"https:\/\/vieassociative.be\/actualites\/"},{"@type":"ListItem","position":2,"name":"Comment arr\u00eater de pr\u00e9cipiter vos enfants dehors le matin"}]},{"@type":"WebSite","@id":"https:\/\/vieassociative.be\/actualites\/#website","url":"https:\/\/vieassociative.be\/actualites\/","name":"Vie Associative","description":"","publisher":{"@id":"https:\/\/vieassociative.be\/actualites\/#organization"},"potentialAction":[{"@type":"SearchAction","target":{"@type":"EntryPoint","urlTemplate":"https:\/\/vieassociative.be\/actualites\/?s={search_term_string}"},"query-input":{"@type":"PropertyValueSpecification","valueRequired":true,"valueName":"search_term_string"}}],"inLanguage":"fr-BE"},{"@type":"Organization","@id":"https:\/\/vieassociative.be\/actualites\/#organization","name":"Vie Associative","url":"https:\/\/vieassociative.be\/actualites\/","logo":{"@type":"ImageObject","inLanguage":"fr-BE","@id":"https:\/\/vieassociative.be\/actualites\/#\/schema\/logo\/image\/","url":"https:\/\/vieassociative.be\/actualites\/wp-content\/uploads\/2024\/09\/cropped-vieassociative_favicon.ico.png","contentUrl":"https:\/\/vieassociative.be\/actualites\/wp-content\/uploads\/2024\/09\/cropped-vieassociative_favicon.ico.png","width":512,"height":512,"caption":"Vie Associative"},"image":{"@id":"https:\/\/vieassociative.be\/actualites\/#\/schema\/logo\/image\/"}},{"@type":"Person","@id":"https:\/\/vieassociative.be\/actualites\/#\/schema\/person\/b87ac4f82f9d4e7b7cec7395b679edc4","name":"Julien","image":{"@type":"ImageObject","inLanguage":"fr-BE","@id":"https:\/\/vieassociative.be\/actualites\/#\/schema\/person\/image\/","url":"https:\/\/vieassociative.be\/actualites\/wp-content\/uploads\/2024\/09\/vie-associative-1-150x150.jpg","contentUrl":"https:\/\/vieassociative.be\/actualites\/wp-content\/uploads\/2024\/09\/vie-associative-1-150x150.jpg","caption":"Julien"},"description":"Je suis Julien, r\u00e9dacteur pour Vie Associative. Passionn\u00e9 par le monde associatif depuis plus de 10 ans, j'ai \u00e0 c\u0153ur de partager des histoires inspirantes et de mettre en lumi\u00e8re les initiatives locales. Mon objectif est de sensibiliser et d'encourager l'engagement communautaire \u00e0 travers mes articles.","sameAs":["https:\/\/vieassociative.be\/"]}]}},"_links":{"self":[{"href":"https:\/\/vieassociative.be\/actualites\/wp-json\/wp\/v2\/posts\/3410"}],"collection":[{"href":"https:\/\/vieassociative.be\/actualites\/wp-json\/wp\/v2\/posts"}],"about":[{"href":"https:\/\/vieassociative.be\/actualites\/wp-json\/wp\/v2\/types\/post"}],"author":[{"embeddable":true,"href":"https:\/\/vieassociative.be\/actualites\/wp-json\/wp\/v2\/users\/1"}],"replies":[{"embeddable":true,"href":"https:\/\/vieassociative.be\/actualites\/wp-json\/wp\/v2\/comments?post=3410"}],"version-history":[{"count":0,"href":"https:\/\/vieassociative.be\/actualites\/wp-json\/wp\/v2\/posts\/3410\/revisions"}],"wp:featuredmedia":[{"embeddable":true,"href":"https:\/\/vieassociative.be\/actualites\/wp-json\/wp\/v2\/media\/3411"}],"wp:attachment":[{"href":"https:\/\/vieassociative.be\/actualites\/wp-json\/wp\/v2\/media?parent=3410"}],"wp:term":[{"taxonomy":"category","embeddable":true,"href":"https:\/\/vieassociative.be\/actualites\/wp-json\/wp\/v2\/categories?post=3410"},{"taxonomy":"post_tag","embeddable":true,"href":"https:\/\/vieassociative.be\/actualites\/wp-json\/wp\/v2\/tags?post=3410"}],"curies":[{"name":"wp","href":"https:\/\/api.w.org\/{rel}","templated":true}]}}