{"id":3407,"date":"2024-12-15T08:18:49","date_gmt":"2024-12-15T07:18:49","guid":{"rendered":"https:\/\/vieassociative.be\/actualites\/chatgpt-peut-enfin-voir\/"},"modified":"2024-12-15T08:18:49","modified_gmt":"2024-12-15T07:18:49","slug":"chatgpt-peut-enfin-voir","status":"publish","type":"post","link":"https:\/\/vieassociative.be\/actualites\/chatgpt-peut-enfin-voir\/","title":{"rendered":"ChatGPT peut enfin voir"},"content":{"rendered":"<div class=\"mt-4 leading-6 md:mb-8\">Sept mois plus tard, le mode vocal avanc\u00e9 gagne en vision.<\/div>\n<p><\/p>\n<p>Apr\u00e8s des mois de tests, OpenAI a d\u00e9ploy\u00e9 le mode \u00ab voix avanc\u00e9e \u00bb pour ChatGPT en septembre. La fonctionnalit\u00e9 vous permet d&rsquo;avoir des conversations en temps r\u00e9el avec ChatGPT\u00a0: vous pouvez interrompre le robot et son \u00ab\u00a0parler\u00a0\u00bb pour poser une autre question, et il comprend votre ton de voix, qu&rsquo;il utilise pour informer ses r\u00e9ponses, ainsi que son inflexion. utilise. (C&rsquo;est <em>tr\u00e8s<\/em> effrayant quand \u00e7a rit.)<\/p>\n<p>Une fonctionnalit\u00e9 du mode vocal avanc\u00e9 manque cependant depuis le lancement. Lorsque OpenAI a annonc\u00e9 cet avantage pour la premi\u00e8re fois en mai, il a montr\u00e9 comment ChatGPT pourrait acc\u00e9der \u00e0 votre cam\u00e9ra et \u00ab voir \u00bb le monde qui vous entoure. Tout en discutant avec le bot, vous pouvez pointer votre cam\u00e9ra vers quelque chose, poser une question et ChatGPT r\u00e9pondra du mieux qu&rsquo;il pourra. Sept mois plus tard, cette capacit\u00e9 est l\u00e0, et elle est terriblement impressionnante.<\/p>\n<p>Pour y acc\u00e9der, vous devez disposer d&rsquo;un abonnement payant \u00e0 ChatGPT, soit Plus (20 $ par mois), soit Pro (200 $ par mois). Les abonn\u00e9s de l&rsquo;\u00e9quipe ChatGPT sont \u00e9galement \u00e9ligibles. La fonctionnalit\u00e9 peut ne pas \u00eatre disponible imm\u00e9diatement de votre c\u00f4t\u00e9, m\u00eame si vous payez, car OpenAI la d\u00e9ploie au fil du temps. <\/p>\n<h2 id=\"testing-out-chatgpt-advanced-voice-modes-vision-feature\">Test de la fonctionnalit\u00e9 de vision du mode vocal avanc\u00e9 de ChatGPT<\/h2>\n<p>L&rsquo;acc\u00e8s \u00e0 la cam\u00e9ra est assez simple une fois qu&rsquo;elle est d\u00e9ploy\u00e9e sur votre compte. Vous lancez le mode vocal avanc\u00e9 de la m\u00eame mani\u00e8re que vous le faites toujours, en utilisant l&rsquo;ic\u00f4ne de forme d&rsquo;onde en bas \u00e0 droite du chat. \u00c0 partir de l\u00e0, vous verrez une nouvelle ic\u00f4ne de cam\u00e9ra qui, bien s\u00fbr, lance le flux de cam\u00e9ra en direct. Cela n&rsquo;interrompt pas le chat\u00a0: vous pouvez \u00eatre au milieu d&rsquo;une conversation avec ChatGPT, ouvrir la cam\u00e9ra et continuer \u00e0 bavarder, uniquement maintenant avec le flux de la cam\u00e9ra dans le cadre de la conversation.<\/p>\n<p>La premi\u00e8re fois que je l&rsquo;ai utilis\u00e9, j&rsquo;ai point\u00e9 l&rsquo;appareil photo vers un bo\u00eetier Nintendo Switch que j&rsquo;avais \u00e0 proximit\u00e9, avec un c\u00e2ble iPhone et mon Magic Trackpad pos\u00e9 dessus, et j&rsquo;ai demand\u00e9 : \u00ab Qu&rsquo;est-ce que c&rsquo;est ? ChatGPT a d\u00e9clar\u00e9 : \u00ab\u00a0Cela ressemble \u00e0 un bo\u00eetier Nintendo Switch OLED avec quelques c\u00e2bles et un ordinateur portable sur le dessus. Envisagez-vous de l&rsquo;installer\u00a0?\u00a0\u00bb Deux sur trois sont corrects, car mon trackpad a \u00e9t\u00e9 confondu avec un ordinateur portable, mais bon, assez proche. Ensuite, je l&rsquo;ai point\u00e9 vers ma bouteille d&rsquo;eau et lui ai demand\u00e9 d&rsquo;identifier ce que je mettais en \u00e9vidence : \u00ab\u00a0\u00c7a ressemble \u00e0 une bouteille Hydro Flask noire. Elle est id\u00e9ale pour garder les boissons froides ou chaudes ! L&#8217;emportez-vous souvent avec vous ?\u00a0\u00bb<\/p>\n<p>J&rsquo;ai demand\u00e9 un suivi : \u00ab Savez-vous de quel mod\u00e8le d&rsquo;Hydro Flask il s&rsquo;agit ? ChatGPT\u00a0: \u00ab\u00a0Je ne peux pas \u00eatre certain du mod\u00e8le exact, mais cela ressemble \u00e0 l&rsquo;une de leurs bouteilles \u00e0 large goulot, probablement environ 32 onces. Elle est d\u00e9finitivement con\u00e7ue pour garder vos boissons \u00e0 la bonne temp\u00e9rature pendant des heures.\u00a0\u00bb C&rsquo;est&#8230; fondamentalement vrai. Je ne suis pas tr\u00e8s \u00e0 l&rsquo;aise avec ChatGPT pour deviner le <em>taille<\/em> correctement non plus. <\/p>\n<p>Je suis pass\u00e9 \u00e0 mon clavier, qui, selon ChatGPT, \u00e9tait un Apple Magic Keyboard. J&rsquo;ai demand\u00e9 quelles cl\u00e9s il pouvait voir et j&rsquo;ai nomm\u00e9 une poign\u00e9e, mais pas la totalit\u00e9, des cl\u00e9s que j&rsquo;avais dans le cadre. J&rsquo;ai donc demand\u00e9 combien de cl\u00e9s il pouvait voir, et il m&rsquo;a r\u00e9pondu \u00ab environ 30 \u00bb, alors qu&rsquo;il y en avait 26. Donc, encore une fois, fermez.<\/p>\n<p>Il a pu identifier le port MagSafe de mon MacBook, ainsi que les deux ports USB et la prise casque \u00e0 sa droite. Il a reconnu la bouche d&rsquo;a\u00e9ration de mon plafond et le type sp\u00e9cifique de bottes que j&rsquo;avais pr\u00e8s de ma porte d&rsquo;entr\u00e9e. Dans l\u2019ensemble, il a essentiellement reconnu tout ce sur quoi je l\u2019ai test\u00e9, \u00e0 l\u2019exception du trackpad. <\/p>\n<h2 id=\"advanced-voice-modes-sight-is-fast\">La vue du mode vocal avanc\u00e9 est rapide<\/h2>\n<p>Mais au-del\u00e0 de toute reconnaissance, je pense que ce qui m\u2019a le plus surpris, c\u2019est la rapidit\u00e9 de ces r\u00e9ponses. Vous demandez \u00e0 ChatGPT d&rsquo;identifier quelque chose, et c&rsquo;est le cas, parfois plus rapidement que si vous demandiez \u00e0 une vraie personne de le faire. Parfois, le bot retiendra un mot pendant un moment (par exemple \u00ab\u00a0Je pense que c&rsquo;est un&#8230;\u00a0\u00bb), ce qui est probablement une astuce pour laisser ChatGPT traiter le reste de ce qu&rsquo;il veut dire. Je l&rsquo;ai \u00e9galement surpris avec sa premi\u00e8re r\u00e9ponse : je l&rsquo;ai point\u00e9 vers ma Magic Mouse, et sa premi\u00e8re id\u00e9e est qu&rsquo;il s&rsquo;agit d&rsquo;une souris d&rsquo;ordinateur. Mais lorsque j&rsquo;ai demand\u00e9 de quelle marque il s&rsquo;agissait, il n&rsquo;a pas seulement pr\u00e9cis\u00e9 Apple, mais a \u00e9galement indiqu\u00e9 qu&rsquo;il s&rsquo;agissait d&rsquo;une Apple Magic Mouse, connue pour son \u00ab design \u00e9l\u00e9gant \u00bb et sa \u00ab surface tactile \u00bb. <\/p>\n<p>Tout bien consid\u00e9r\u00e9, cependant, ces r\u00e9ponses sont souvent quasi instantan\u00e9es, ce qui t\u00e9moigne de la puissance des mod\u00e8les OpenAI de nos jours. Je suis encore largement sceptique en mati\u00e8re d&rsquo;IA, mais c&rsquo;est le premier d\u00e9veloppement depuis longtemps qui m&rsquo;a impressionn\u00e9 \u2013 et je suis d\u00e9chir\u00e9 par ce que je ressens \u00e0 ce sujet. <\/p>\n<p>D\u2019une part, je pouvais voir cette technologie utilis\u00e9e \u00e0 bon escient. Imaginez \u00e0 quel point une telle chose pourrait \u00eatre utile aux utilisateurs aveugles ou malvoyants, en particulier dans un appareil pratique comme les lunettes intelligentes. Quelqu&rsquo;un pourrait demander \u00e0 son assistant IA dans quelle direction il se trouve, lire le menu d&rsquo;un restaurant ou s&rsquo;il est s\u00e9curitaire de traverser la rue. Une technologie comme celle-ci pourrait am\u00e9liorer la recherche et permettre d\u2019apprendre facilement de nouvelles choses sur le monde en pointant l\u2019appareil photo de notre smartphone vers un sujet.<\/p>\n<p>D\u2019un autre c\u00f4t\u00e9, mon esprit se tourne vers le n\u00e9gatif, d\u2019autant plus que l\u2019IA est toujours sujette aux hallucinations. \u00c0 mesure que de plus en plus de personnes utilisent cette technologie, elles seront in\u00e9vitablement confront\u00e9es aux erreurs que l&rsquo;IA peut commettre, et s&rsquo;ils comptent sur le robot pour les aider dans leurs t\u00e2ches, en particulier celles qui impliquent leur s\u00e9curit\u00e9, les hallucinations peuvent \u00eatre dangereuses. Je n&rsquo;ai pas rencontr\u00e9 d&rsquo;erreurs majeures\u00a0; juste la confusion du trackpad. Anderson Cooper a d\u00e9couvert que le robot avait fait une erreur sur un probl\u00e8me de g\u00e9om\u00e9trie (encore une fois, ce n&rsquo;est pas un gros probl\u00e8me). Mais cela nous rappelle que, \u00e0 mesure que cette technologie s&rsquo;am\u00e9liore rapidement, ses d\u00e9fauts inh\u00e9rents augmentent les risques d&rsquo;\u00e9chec.<\/p>\n<p>C&rsquo;est peut-\u00eatre la raison pour laquelle chaque session de cam\u00e9ra en direct vous avertit de ne pas utiliser cette fonctionnalit\u00e9 \u00e0 des fins de s\u00e9curit\u00e9.<\/p>\n","protected":false},"excerpt":{"rendered":"<p>Sept mois plus tard, le mode vocal avanc\u00e9 gagne en vision. Apr\u00e8s des mois de tests, OpenAI a d\u00e9ploy\u00e9 le mode \u00ab voix avanc\u00e9e \u00bb<\/p>\n","protected":false},"author":1,"featured_media":3408,"comment_status":"","ping_status":"","sticky":false,"template":"","format":"standard","meta":{"footnotes":""},"categories":[13],"tags":[1177,545,22,486],"class_list":["post-3407","post","type-post","status-publish","format-standard","has-post-thumbnail","hentry","category-technologie","tag-chatgpt","tag-enfin","tag-peut","tag-voir","generate-columns","tablet-grid-50","mobile-grid-100","grid-parent","grid-33"],"yoast_head":"<!-- This site is optimized with the Yoast SEO plugin v24.0 - https:\/\/yoast.com\/wordpress\/plugins\/seo\/ -->\n<title>ChatGPT peut enfin voir | Vie Associative<\/title>\n<meta name=\"robots\" content=\"index, follow, max-snippet:-1, max-image-preview:large, max-video-preview:-1\" \/>\n<link rel=\"canonical\" href=\"https:\/\/vieassociative.be\/actualites\/chatgpt-peut-enfin-voir\/\" \/>\n<meta property=\"og:locale\" content=\"fr_FR\" \/>\n<meta property=\"og:type\" content=\"article\" \/>\n<meta property=\"og:title\" content=\"ChatGPT peut enfin voir | Vie Associative\" \/>\n<meta property=\"og:description\" content=\"Sept mois plus tard, le mode vocal avanc\u00e9 gagne en vision. Apr\u00e8s des mois de tests, OpenAI a d\u00e9ploy\u00e9 le mode \u00ab voix avanc\u00e9e \u00bb\" \/>\n<meta property=\"og:url\" content=\"https:\/\/vieassociative.be\/actualites\/chatgpt-peut-enfin-voir\/\" \/>\n<meta property=\"og:site_name\" content=\"Vie Associative\" \/>\n<meta property=\"article:published_time\" content=\"2024-12-15T07:18:49+00:00\" \/>\n<meta property=\"og:image\" content=\"https:\/\/vieassociative.be\/actualites\/wp-content\/uploads\/2024\/09\/header_backgroundk-01-e1726694325946.png\" \/>\n\t<meta property=\"og:image:width\" content=\"279\" \/>\n\t<meta property=\"og:image:height\" content=\"92\" \/>\n\t<meta property=\"og:image:type\" content=\"image\/png\" \/>\n<meta name=\"author\" content=\"Julien\" \/>\n<meta name=\"twitter:card\" content=\"summary_large_image\" \/>\n<meta name=\"twitter:label1\" content=\"\u00c9crit par\" \/>\n\t<meta name=\"twitter:data1\" content=\"Julien\" \/>\n\t<meta name=\"twitter:label2\" content=\"Dur\u00e9e de lecture est.\" \/>\n\t<meta name=\"twitter:data2\" content=\"6 minutes\" \/>\n<script type=\"application\/ld+json\" class=\"yoast-schema-graph\">{\"@context\":\"https:\/\/schema.org\",\"@graph\":[{\"@type\":\"Article\",\"@id\":\"https:\/\/vieassociative.be\/actualites\/chatgpt-peut-enfin-voir\/#article\",\"isPartOf\":{\"@id\":\"https:\/\/vieassociative.be\/actualites\/chatgpt-peut-enfin-voir\/\"},\"author\":{\"name\":\"Julien\",\"@id\":\"https:\/\/vieassociative.be\/actualites\/#\/schema\/person\/b87ac4f82f9d4e7b7cec7395b679edc4\"},\"headline\":\"ChatGPT peut enfin voir\",\"datePublished\":\"2024-12-15T07:18:49+00:00\",\"dateModified\":\"2024-12-15T07:18:49+00:00\",\"mainEntityOfPage\":{\"@id\":\"https:\/\/vieassociative.be\/actualites\/chatgpt-peut-enfin-voir\/\"},\"wordCount\":1204,\"publisher\":{\"@id\":\"https:\/\/vieassociative.be\/actualites\/#organization\"},\"image\":{\"@id\":\"https:\/\/vieassociative.be\/actualites\/chatgpt-peut-enfin-voir\/#primaryimage\"},\"thumbnailUrl\":\"https:\/\/vieassociative.be\/actualites\/wp-content\/uploads\/2024\/12\/ChatGPT-peut-enfin-voir.jpg\",\"keywords\":[\"ChatGPT\",\"enfin\",\"peut\",\"voir\"],\"articleSection\":[\"Technologie\"],\"inLanguage\":\"fr-BE\"},{\"@type\":\"WebPage\",\"@id\":\"https:\/\/vieassociative.be\/actualites\/chatgpt-peut-enfin-voir\/\",\"url\":\"https:\/\/vieassociative.be\/actualites\/chatgpt-peut-enfin-voir\/\",\"name\":\"ChatGPT peut enfin voir | Vie Associative\",\"isPartOf\":{\"@id\":\"https:\/\/vieassociative.be\/actualites\/#website\"},\"primaryImageOfPage\":{\"@id\":\"https:\/\/vieassociative.be\/actualites\/chatgpt-peut-enfin-voir\/#primaryimage\"},\"image\":{\"@id\":\"https:\/\/vieassociative.be\/actualites\/chatgpt-peut-enfin-voir\/#primaryimage\"},\"thumbnailUrl\":\"https:\/\/vieassociative.be\/actualites\/wp-content\/uploads\/2024\/12\/ChatGPT-peut-enfin-voir.jpg\",\"datePublished\":\"2024-12-15T07:18:49+00:00\",\"dateModified\":\"2024-12-15T07:18:49+00:00\",\"breadcrumb\":{\"@id\":\"https:\/\/vieassociative.be\/actualites\/chatgpt-peut-enfin-voir\/#breadcrumb\"},\"inLanguage\":\"fr-BE\",\"potentialAction\":[{\"@type\":\"ReadAction\",\"target\":[\"https:\/\/vieassociative.be\/actualites\/chatgpt-peut-enfin-voir\/\"]}]},{\"@type\":\"ImageObject\",\"inLanguage\":\"fr-BE\",\"@id\":\"https:\/\/vieassociative.be\/actualites\/chatgpt-peut-enfin-voir\/#primaryimage\",\"url\":\"https:\/\/vieassociative.be\/actualites\/wp-content\/uploads\/2024\/12\/ChatGPT-peut-enfin-voir.jpg\",\"contentUrl\":\"https:\/\/vieassociative.be\/actualites\/wp-content\/uploads\/2024\/12\/ChatGPT-peut-enfin-voir.jpg\",\"width\":1200,\"height\":675,\"caption\":\"ChatGPT peut enfin voir\"},{\"@type\":\"BreadcrumbList\",\"@id\":\"https:\/\/vieassociative.be\/actualites\/chatgpt-peut-enfin-voir\/#breadcrumb\",\"itemListElement\":[{\"@type\":\"ListItem\",\"position\":1,\"name\":\"Accueil\",\"item\":\"https:\/\/vieassociative.be\/actualites\/\"},{\"@type\":\"ListItem\",\"position\":2,\"name\":\"ChatGPT peut enfin voir\"}]},{\"@type\":\"WebSite\",\"@id\":\"https:\/\/vieassociative.be\/actualites\/#website\",\"url\":\"https:\/\/vieassociative.be\/actualites\/\",\"name\":\"Vie Associative\",\"description\":\"\",\"publisher\":{\"@id\":\"https:\/\/vieassociative.be\/actualites\/#organization\"},\"potentialAction\":[{\"@type\":\"SearchAction\",\"target\":{\"@type\":\"EntryPoint\",\"urlTemplate\":\"https:\/\/vieassociative.be\/actualites\/?s={search_term_string}\"},\"query-input\":{\"@type\":\"PropertyValueSpecification\",\"valueRequired\":true,\"valueName\":\"search_term_string\"}}],\"inLanguage\":\"fr-BE\"},{\"@type\":\"Organization\",\"@id\":\"https:\/\/vieassociative.be\/actualites\/#organization\",\"name\":\"Vie Associative\",\"url\":\"https:\/\/vieassociative.be\/actualites\/\",\"logo\":{\"@type\":\"ImageObject\",\"inLanguage\":\"fr-BE\",\"@id\":\"https:\/\/vieassociative.be\/actualites\/#\/schema\/logo\/image\/\",\"url\":\"https:\/\/vieassociative.be\/actualites\/wp-content\/uploads\/2024\/09\/cropped-vieassociative_favicon.ico.png\",\"contentUrl\":\"https:\/\/vieassociative.be\/actualites\/wp-content\/uploads\/2024\/09\/cropped-vieassociative_favicon.ico.png\",\"width\":512,\"height\":512,\"caption\":\"Vie Associative\"},\"image\":{\"@id\":\"https:\/\/vieassociative.be\/actualites\/#\/schema\/logo\/image\/\"}},{\"@type\":\"Person\",\"@id\":\"https:\/\/vieassociative.be\/actualites\/#\/schema\/person\/b87ac4f82f9d4e7b7cec7395b679edc4\",\"name\":\"Julien\",\"image\":{\"@type\":\"ImageObject\",\"inLanguage\":\"fr-BE\",\"@id\":\"https:\/\/vieassociative.be\/actualites\/#\/schema\/person\/image\/\",\"url\":\"https:\/\/vieassociative.be\/actualites\/wp-content\/uploads\/2024\/09\/vie-associative-1-150x150.jpg\",\"contentUrl\":\"https:\/\/vieassociative.be\/actualites\/wp-content\/uploads\/2024\/09\/vie-associative-1-150x150.jpg\",\"caption\":\"Julien\"},\"description\":\"Je suis Julien, r\u00e9dacteur pour Vie Associative. Passionn\u00e9 par le monde associatif depuis plus de 10 ans, j'ai \u00e0 c\u0153ur de partager des histoires inspirantes et de mettre en lumi\u00e8re les initiatives locales. Mon objectif est de sensibiliser et d'encourager l'engagement communautaire \u00e0 travers mes articles.\",\"sameAs\":[\"https:\/\/vieassociative.be\/\"]}]}<\/script>\n<!-- \/ Yoast SEO plugin. -->","yoast_head_json":{"title":"ChatGPT peut enfin voir | Vie Associative","robots":{"index":"index","follow":"follow","max-snippet":"max-snippet:-1","max-image-preview":"max-image-preview:large","max-video-preview":"max-video-preview:-1"},"canonical":"https:\/\/vieassociative.be\/actualites\/chatgpt-peut-enfin-voir\/","og_locale":"fr_FR","og_type":"article","og_title":"ChatGPT peut enfin voir | Vie Associative","og_description":"Sept mois plus tard, le mode vocal avanc\u00e9 gagne en vision. Apr\u00e8s des mois de tests, OpenAI a d\u00e9ploy\u00e9 le mode \u00ab voix avanc\u00e9e \u00bb","og_url":"https:\/\/vieassociative.be\/actualites\/chatgpt-peut-enfin-voir\/","og_site_name":"Vie Associative","article_published_time":"2024-12-15T07:18:49+00:00","og_image":[{"width":279,"height":92,"url":"https:\/\/vieassociative.be\/actualites\/wp-content\/uploads\/2024\/09\/header_backgroundk-01-e1726694325946.png","type":"image\/png"}],"author":"Julien","twitter_card":"summary_large_image","twitter_misc":{"\u00c9crit par":"Julien","Dur\u00e9e de lecture est.":"6 minutes"},"schema":{"@context":"https:\/\/schema.org","@graph":[{"@type":"Article","@id":"https:\/\/vieassociative.be\/actualites\/chatgpt-peut-enfin-voir\/#article","isPartOf":{"@id":"https:\/\/vieassociative.be\/actualites\/chatgpt-peut-enfin-voir\/"},"author":{"name":"Julien","@id":"https:\/\/vieassociative.be\/actualites\/#\/schema\/person\/b87ac4f82f9d4e7b7cec7395b679edc4"},"headline":"ChatGPT peut enfin voir","datePublished":"2024-12-15T07:18:49+00:00","dateModified":"2024-12-15T07:18:49+00:00","mainEntityOfPage":{"@id":"https:\/\/vieassociative.be\/actualites\/chatgpt-peut-enfin-voir\/"},"wordCount":1204,"publisher":{"@id":"https:\/\/vieassociative.be\/actualites\/#organization"},"image":{"@id":"https:\/\/vieassociative.be\/actualites\/chatgpt-peut-enfin-voir\/#primaryimage"},"thumbnailUrl":"https:\/\/vieassociative.be\/actualites\/wp-content\/uploads\/2024\/12\/ChatGPT-peut-enfin-voir.jpg","keywords":["ChatGPT","enfin","peut","voir"],"articleSection":["Technologie"],"inLanguage":"fr-BE"},{"@type":"WebPage","@id":"https:\/\/vieassociative.be\/actualites\/chatgpt-peut-enfin-voir\/","url":"https:\/\/vieassociative.be\/actualites\/chatgpt-peut-enfin-voir\/","name":"ChatGPT peut enfin voir | Vie Associative","isPartOf":{"@id":"https:\/\/vieassociative.be\/actualites\/#website"},"primaryImageOfPage":{"@id":"https:\/\/vieassociative.be\/actualites\/chatgpt-peut-enfin-voir\/#primaryimage"},"image":{"@id":"https:\/\/vieassociative.be\/actualites\/chatgpt-peut-enfin-voir\/#primaryimage"},"thumbnailUrl":"https:\/\/vieassociative.be\/actualites\/wp-content\/uploads\/2024\/12\/ChatGPT-peut-enfin-voir.jpg","datePublished":"2024-12-15T07:18:49+00:00","dateModified":"2024-12-15T07:18:49+00:00","breadcrumb":{"@id":"https:\/\/vieassociative.be\/actualites\/chatgpt-peut-enfin-voir\/#breadcrumb"},"inLanguage":"fr-BE","potentialAction":[{"@type":"ReadAction","target":["https:\/\/vieassociative.be\/actualites\/chatgpt-peut-enfin-voir\/"]}]},{"@type":"ImageObject","inLanguage":"fr-BE","@id":"https:\/\/vieassociative.be\/actualites\/chatgpt-peut-enfin-voir\/#primaryimage","url":"https:\/\/vieassociative.be\/actualites\/wp-content\/uploads\/2024\/12\/ChatGPT-peut-enfin-voir.jpg","contentUrl":"https:\/\/vieassociative.be\/actualites\/wp-content\/uploads\/2024\/12\/ChatGPT-peut-enfin-voir.jpg","width":1200,"height":675,"caption":"ChatGPT peut enfin voir"},{"@type":"BreadcrumbList","@id":"https:\/\/vieassociative.be\/actualites\/chatgpt-peut-enfin-voir\/#breadcrumb","itemListElement":[{"@type":"ListItem","position":1,"name":"Accueil","item":"https:\/\/vieassociative.be\/actualites\/"},{"@type":"ListItem","position":2,"name":"ChatGPT peut enfin voir"}]},{"@type":"WebSite","@id":"https:\/\/vieassociative.be\/actualites\/#website","url":"https:\/\/vieassociative.be\/actualites\/","name":"Vie Associative","description":"","publisher":{"@id":"https:\/\/vieassociative.be\/actualites\/#organization"},"potentialAction":[{"@type":"SearchAction","target":{"@type":"EntryPoint","urlTemplate":"https:\/\/vieassociative.be\/actualites\/?s={search_term_string}"},"query-input":{"@type":"PropertyValueSpecification","valueRequired":true,"valueName":"search_term_string"}}],"inLanguage":"fr-BE"},{"@type":"Organization","@id":"https:\/\/vieassociative.be\/actualites\/#organization","name":"Vie Associative","url":"https:\/\/vieassociative.be\/actualites\/","logo":{"@type":"ImageObject","inLanguage":"fr-BE","@id":"https:\/\/vieassociative.be\/actualites\/#\/schema\/logo\/image\/","url":"https:\/\/vieassociative.be\/actualites\/wp-content\/uploads\/2024\/09\/cropped-vieassociative_favicon.ico.png","contentUrl":"https:\/\/vieassociative.be\/actualites\/wp-content\/uploads\/2024\/09\/cropped-vieassociative_favicon.ico.png","width":512,"height":512,"caption":"Vie Associative"},"image":{"@id":"https:\/\/vieassociative.be\/actualites\/#\/schema\/logo\/image\/"}},{"@type":"Person","@id":"https:\/\/vieassociative.be\/actualites\/#\/schema\/person\/b87ac4f82f9d4e7b7cec7395b679edc4","name":"Julien","image":{"@type":"ImageObject","inLanguage":"fr-BE","@id":"https:\/\/vieassociative.be\/actualites\/#\/schema\/person\/image\/","url":"https:\/\/vieassociative.be\/actualites\/wp-content\/uploads\/2024\/09\/vie-associative-1-150x150.jpg","contentUrl":"https:\/\/vieassociative.be\/actualites\/wp-content\/uploads\/2024\/09\/vie-associative-1-150x150.jpg","caption":"Julien"},"description":"Je suis Julien, r\u00e9dacteur pour Vie Associative. Passionn\u00e9 par le monde associatif depuis plus de 10 ans, j'ai \u00e0 c\u0153ur de partager des histoires inspirantes et de mettre en lumi\u00e8re les initiatives locales. Mon objectif est de sensibiliser et d'encourager l'engagement communautaire \u00e0 travers mes articles.","sameAs":["https:\/\/vieassociative.be\/"]}]}},"_links":{"self":[{"href":"https:\/\/vieassociative.be\/actualites\/wp-json\/wp\/v2\/posts\/3407"}],"collection":[{"href":"https:\/\/vieassociative.be\/actualites\/wp-json\/wp\/v2\/posts"}],"about":[{"href":"https:\/\/vieassociative.be\/actualites\/wp-json\/wp\/v2\/types\/post"}],"author":[{"embeddable":true,"href":"https:\/\/vieassociative.be\/actualites\/wp-json\/wp\/v2\/users\/1"}],"replies":[{"embeddable":true,"href":"https:\/\/vieassociative.be\/actualites\/wp-json\/wp\/v2\/comments?post=3407"}],"version-history":[{"count":0,"href":"https:\/\/vieassociative.be\/actualites\/wp-json\/wp\/v2\/posts\/3407\/revisions"}],"wp:featuredmedia":[{"embeddable":true,"href":"https:\/\/vieassociative.be\/actualites\/wp-json\/wp\/v2\/media\/3408"}],"wp:attachment":[{"href":"https:\/\/vieassociative.be\/actualites\/wp-json\/wp\/v2\/media?parent=3407"}],"wp:term":[{"taxonomy":"category","embeddable":true,"href":"https:\/\/vieassociative.be\/actualites\/wp-json\/wp\/v2\/categories?post=3407"},{"taxonomy":"post_tag","embeddable":true,"href":"https:\/\/vieassociative.be\/actualites\/wp-json\/wp\/v2\/tags?post=3407"}],"curies":[{"name":"wp","href":"https:\/\/api.w.org\/{rel}","templated":true}]}}