{"id":3399,"date":"2024-12-15T03:17:43","date_gmt":"2024-12-15T02:17:43","guid":{"rendered":"https:\/\/vieassociative.be\/actualites\/saint-nicolas-et-le-nouveau-bourgmestre-photos-du-52e-marche-de-noel-deupen-galerie-photo-2\/"},"modified":"2024-12-15T03:17:43","modified_gmt":"2024-12-15T02:17:43","slug":"saint-nicolas-et-le-nouveau-bourgmestre-photos-du-52e-marche-de-noel-deupen-galerie-photo-2","status":"publish","type":"post","link":"https:\/\/vieassociative.be\/actualites\/saint-nicolas-et-le-nouveau-bourgmestre-photos-du-52e-marche-de-noel-deupen-galerie-photo-2\/","title":{"rendered":"Saint Nicolas et le nouveau bourgmestre : Photos du 52e March\u00e9 de No\u00ebl d&rsquo;Eupen (galerie photo)"},"content":{"rendered":"<p><strong>Chaque ann\u00e9e, le troisi\u00e8me week-end de l&rsquo;Avent, Eupen organise un march\u00e9 de No\u00ebl &#8211; et ce depuis plus de 50 ans.<\/strong><\/p>\n<p><span id=\"more-403973\"><\/span>Il n\u2019y aura pas de diff\u00e9rences majeures en 2024 par rapport aux ann\u00e9es pr\u00e9c\u00e9dentes \u2013 \u00e0 une exception non n\u00e9gligeable : un nouveau conseil communautaire avec un nouveau maire fera les honneurs. Le photographe Patrick von Staufenberg \u00e9tait sur place pour \u00ab Ostbelgien Direkt \u00bb. Voici ses photos.<\/p>\n<p>Le march\u00e9 de No\u00ebl d&rsquo;Eupen a ouvert ses portes <b>Vendredi <\/b>\u00e0 17h30 en pr\u00e9sence de Saint Nicolas, venu dans une cal\u00e8che d\u00e9cor\u00e9e de fa\u00e7on festive, et du nouveau conseil communautaire d&rsquo;Eupen avec le nouveau bourgmestre Thomas Lennertz. La fanfare royale a fourni des sons musicaux. Orchestre d&rsquo;harmonie.<\/p>\n<p>Ensuite, Roger Huppermans a interpr\u00e9t\u00e9 des chants de No\u00ebl am\u00e9ricains bien connus sous la tente du festival de la Kl\u00f6tzerbahn. Un \u00e9v\u00e9nement sp\u00e9cial a suivi de 19 heures \u00e0 20 heures : le C\u00e4cilienchor a c\u00e9l\u00e9br\u00e9 son 175e anniversaire avec un chant atmosph\u00e9rique de chants de No\u00ebl sous la tente du festival de W\u00e4serpeer.<\/p>\n<div id=\"attachment_404070\" class=\"wp-caption alignleft\" style=\"max-width: 300px\"><img fetchpriority=\"high\" decoding=\"async\" class=\"wp-image-404070 size-medium\" src=\"https:\/\/vieassociative.be\/actualites\/wp-content\/uploads\/2024\/12\/1734229060_756_Saint-Nicolas-et-le-nouveau-bourgmestre-Photos-du-52e.jpg\" alt=\"\" width=\"300\" height=\"200\"  ><\/p>\n<p class=\"wp-caption-text\">Photo : Patrick von Staufenberg<\/p>\n<\/div>\n<p>La soir\u00e9e Oldies avec DJ chez Damian and Friends et Bana Kelasi au W\u00e4serschiff ainsi que l&rsquo;unit\u00e9 des \u00e9claireuses de St. Franziskus (parking gouvernemental) ont assur\u00e9 une ambiance de f\u00eate de No\u00ebl jusqu&rsquo;\u00e0 minuit.<\/p>\n<p>Sur <b>Samedi <\/b>Le march\u00e9 de No\u00ebl ouvre \u00e0 14h. Le royal joue \u00e0 16 heures. Orchestre d&rsquo;harmonie avec concert \u00e0 l&rsquo;\u00e9glise Saint-Nicolas. Un spectacle lumineux attend les visiteurs \u00e0 17h30 avec les \u00ab Lumi\u00e8res de l&rsquo;Avent des tracteurs \u00bb sur la place du march\u00e9 et dans la Paveestrasse. Il s&rsquo;agit du voyage lumi\u00e8re organis\u00e9 \u00e0 l&rsquo;initiative du Quartier Vert de l&rsquo;Est de la Belgique, qui vise \u00e0 \u00e9clairer les rues et les esprits des habitants de l&rsquo;Est de la Belgique en cette p\u00e9riode pr\u00e9c\u00e9dant No\u00ebl. Une colonne de tracteurs d\u00e9file devant les spectateurs samedi soir.<\/p>\n<p>Ensuite, la campagne de chants aura lieu \u00e0 nouveau au stand Kiwanis. Le groupe de tambours Kettenis (17h-19h) et encore Dacia, Noah &#038; Alex (jusqu&rsquo;\u00e0 18h) proposent des moments forts musicaux. Pour les noctambules, il y a une autre soir\u00e9e oldie avec un DJ.<\/p>\n<p>Le <b>Dimanche <\/b>commence par la matin\u00e9e de No\u00ebl de Corner \u00e0 Winslow (11 h \u00e0 13 h). L&rsquo;apr\u00e8s-midi, les sc\u00e8nes appartiennent aux musiciens talentueux : Saxo Folie et le Kgl. Le Kettenis Harmony Orchestra proposera des sons de No\u00ebl de 14h \u00e0 15h30. Les enfants pourront s&rsquo;attendre \u00e0 la pr\u00e9paration de biscuits (14h-18h) chez Ocarina et \u00e0 la visite d&rsquo;un ange (15h-19h). A 15 heures, les professionnels de l&rsquo;AS football, qui ne joueront pas ce week-end car leur adversaire Deinze a fait faillite, tiendront une s\u00e9ance d&rsquo;autographes. Le livre anniversaire c\u00e9l\u00e9brant les 80 ans de l&rsquo;AS Eupen peut \u00e9galement \u00eatre achet\u00e9.<\/p>\n<p>Le groupe de tambours Kettenis accompagne la fin de soir\u00e9e (17h-19h), tandis que les illuminations quotidiennes et la boule \u00e0 neige cr\u00e9ent une ambiance festive.<\/p>\n<p><em>Horaires d&rsquo;ouverture :<\/em><\/p>\n<p><em>Samedi 14 d\u00e9cembre 2024 de 14h00 \u00e0 21h00<\/em><br \/>\n<em>Dimanche 15 d\u00e9cembre 2024 de 11h \u00e0 20h<\/em><\/p>\n<p><b><i>Vous trouverez ci-dessous une GALERIE DE PHOTOS avec des photos du photographe Patrick von Staufenberg prises lors du vernissage de vendredi soir (cliquez sur l&rsquo;image pour l&rsquo;agrandir)\u00a0:<\/i><\/b><\/p>\n<div class=\"wp-gallery row\">\n<figure class=\"column small-6 medium-3 end\"><img decoding=\"async\" src=\"https:\/\/vieassociative.be\/actualites\/wp-content\/uploads\/2024\/12\/1734185850_970_Saint-Nicolas-et-le-nouveau-bourgmestre-Photos-du-52e.png\" width=\"159\" height=\"159\" alt=\"\"><\/figure>\n<figure class=\"column small-6 medium-3 end\"><img decoding=\"async\" src=\"https:\/\/vieassociative.be\/actualites\/wp-content\/uploads\/2024\/12\/Saint-Nicolas-et-le-nouveau-bourgmestre-Photos-du-52e.png\" width=\"159\" height=\"159\" alt=\"\"><\/figure>\n<figure class=\"column small-6 medium-3 end\"><img loading=\"lazy\" decoding=\"async\" src=\"https:\/\/vieassociative.be\/actualites\/wp-content\/uploads\/2024\/12\/Saint-Nicolas-et-le-nouveau-bourgmestre-Photos-du-52e.jpg\" width=\"159\" height=\"159\" alt=\"\"><\/figure>\n<figure class=\"column small-6 medium-3 end\"><img loading=\"lazy\" decoding=\"async\" src=\"https:\/\/vieassociative.be\/actualites\/wp-content\/uploads\/2024\/12\/1734185850_466_Saint-Nicolas-et-le-nouveau-bourgmestre-Photos-du-52e.png\" width=\"159\" height=\"159\" alt=\"\"><\/figure>\n<figure class=\"column small-6 medium-3 end\"><img loading=\"lazy\" decoding=\"async\" src=\"https:\/\/vieassociative.be\/actualites\/wp-content\/uploads\/2024\/12\/1734185850_322_Saint-Nicolas-et-le-nouveau-bourgmestre-Photos-du-52e.png\" width=\"159\" height=\"159\" alt=\"\"><\/figure>\n<figure class=\"column small-6 medium-3 end\"><img loading=\"lazy\" decoding=\"async\" src=\"https:\/\/vieassociative.be\/actualites\/wp-content\/uploads\/2024\/12\/1734185850_190_Saint-Nicolas-et-le-nouveau-bourgmestre-Photos-du-52e.png\" width=\"159\" height=\"159\" alt=\"\"><\/figure>\n<figure class=\"column small-6 medium-3 end\"><img loading=\"lazy\" decoding=\"async\" src=\"https:\/\/vieassociative.be\/actualites\/wp-content\/uploads\/2024\/12\/1734185850_418_Saint-Nicolas-et-le-nouveau-bourgmestre-Photos-du-52e.png\" width=\"159\" height=\"159\" alt=\"\"><\/figure>\n<figure class=\"column small-6 medium-3 end\"><img loading=\"lazy\" decoding=\"async\" src=\"https:\/\/vieassociative.be\/actualites\/wp-content\/uploads\/2024\/12\/1734229061_169_Saint-Nicolas-et-le-nouveau-bourgmestre-Photos-du-52e.jpg\" width=\"159\" height=\"159\" alt=\"\"><\/figure>\n<figure class=\"column small-6 medium-3 end\"><img loading=\"lazy\" decoding=\"async\" src=\"https:\/\/vieassociative.be\/actualites\/wp-content\/uploads\/2024\/12\/1734185851_192_Saint-Nicolas-et-le-nouveau-bourgmestre-Photos-du-52e.jpg\" width=\"159\" height=\"159\" alt=\"\"><\/figure>\n<figure class=\"column small-6 medium-3 end\"><img loading=\"lazy\" decoding=\"async\" src=\"https:\/\/vieassociative.be\/actualites\/wp-content\/uploads\/2024\/12\/1734185851_750_Saint-Nicolas-et-le-nouveau-bourgmestre-Photos-du-52e.jpg\" width=\"159\" height=\"159\" alt=\"\"><\/figure>\n<figure class=\"column small-6 medium-3 end\"><img loading=\"lazy\" decoding=\"async\" src=\"https:\/\/vieassociative.be\/actualites\/wp-content\/uploads\/2024\/12\/1734185850_83_Saint-Nicolas-et-le-nouveau-bourgmestre-Photos-du-52e.png\" width=\"159\" height=\"159\" alt=\"\"><\/figure>\n<figure class=\"column small-6 medium-3 end\"><img loading=\"lazy\" decoding=\"async\" src=\"https:\/\/vieassociative.be\/actualites\/wp-content\/uploads\/2024\/12\/1734185851_653_Saint-Nicolas-et-le-nouveau-bourgmestre-Photos-du-52e.jpg\" width=\"159\" height=\"159\" alt=\"\"><\/figure>\n<figure class=\"column small-6 medium-3 end\"><img loading=\"lazy\" decoding=\"async\" src=\"https:\/\/vieassociative.be\/actualites\/wp-content\/uploads\/2024\/12\/1734185851_188_Saint-Nicolas-et-le-nouveau-bourgmestre-Photos-du-52e.jpg\" width=\"159\" height=\"159\" alt=\"\"><\/figure>\n<figure class=\"column small-6 medium-3 end\"><img loading=\"lazy\" decoding=\"async\" src=\"https:\/\/vieassociative.be\/actualites\/wp-content\/uploads\/2024\/12\/1734185851_386_Saint-Nicolas-et-le-nouveau-bourgmestre-Photos-du-52e.jpg\" width=\"159\" height=\"159\" alt=\"\"><\/figure>\n<figure class=\"column small-6 medium-3 end\"><img loading=\"lazy\" decoding=\"async\" src=\"https:\/\/vieassociative.be\/actualites\/wp-content\/uploads\/2024\/12\/1734185851_992_Saint-Nicolas-et-le-nouveau-bourgmestre-Photos-du-52e.jpg\" width=\"159\" height=\"159\" alt=\"\"><\/figure>\n<figure class=\"column small-6 medium-3 end\"><img loading=\"lazy\" decoding=\"async\" src=\"https:\/\/vieassociative.be\/actualites\/wp-content\/uploads\/2024\/12\/1734185851_390_Saint-Nicolas-et-le-nouveau-bourgmestre-Photos-du-52e.jpg\" width=\"159\" height=\"159\" alt=\"\"><\/figure>\n<figure class=\"column small-6 medium-3 end\"><img loading=\"lazy\" decoding=\"async\" src=\"https:\/\/vieassociative.be\/actualites\/wp-content\/uploads\/2024\/12\/1734185851_394_Saint-Nicolas-et-le-nouveau-bourgmestre-Photos-du-52e.jpg\" width=\"159\" height=\"159\" alt=\"\"><\/figure>\n<figure class=\"column small-6 medium-3 end\"><img loading=\"lazy\" decoding=\"async\" src=\"https:\/\/vieassociative.be\/actualites\/wp-content\/uploads\/2024\/12\/1734185851_290_Saint-Nicolas-et-le-nouveau-bourgmestre-Photos-du-52e.jpg\" width=\"159\" height=\"159\" alt=\"\"><\/figure>\n<figure class=\"column small-6 medium-3 end\"><img loading=\"lazy\" decoding=\"async\" src=\"https:\/\/vieassociative.be\/actualites\/wp-content\/uploads\/2024\/12\/1734185851_244_Saint-Nicolas-et-le-nouveau-bourgmestre-Photos-du-52e.jpg\" width=\"159\" height=\"159\" alt=\"\"><\/figure>\n<figure class=\"column small-6 medium-3 end\"><img loading=\"lazy\" decoding=\"async\" src=\"https:\/\/vieassociative.be\/actualites\/wp-content\/uploads\/2024\/12\/1734185851_261_Saint-Nicolas-et-le-nouveau-bourgmestre-Photos-du-52e.jpg\" width=\"159\" height=\"159\" alt=\"\"><\/figure>\n<figure class=\"column small-6 medium-3 end\"><img loading=\"lazy\" decoding=\"async\" src=\"https:\/\/vieassociative.be\/actualites\/wp-content\/uploads\/2024\/12\/1734185851_140_Saint-Nicolas-et-le-nouveau-bourgmestre-Photos-du-52e.jpg\" width=\"159\" height=\"159\" alt=\"\"><\/figure>\n<figure class=\"column small-6 medium-3 end\"><img loading=\"lazy\" decoding=\"async\" src=\"https:\/\/vieassociative.be\/actualites\/wp-content\/uploads\/2024\/12\/1734185851_306_Saint-Nicolas-et-le-nouveau-bourgmestre-Photos-du-52e.jpg\" width=\"159\" height=\"159\" alt=\"\"><\/figure>\n<figure class=\"column small-6 medium-3 end\"><img loading=\"lazy\" decoding=\"async\" src=\"https:\/\/vieassociative.be\/actualites\/wp-content\/uploads\/2024\/12\/1734185851_906_Saint-Nicolas-et-le-nouveau-bourgmestre-Photos-du-52e.jpg\" width=\"159\" height=\"159\" alt=\"\"><\/figure>\n<figure class=\"column small-6 medium-3 end\"><img loading=\"lazy\" decoding=\"async\" src=\"https:\/\/vieassociative.be\/actualites\/wp-content\/uploads\/2024\/12\/1734185851_946_Saint-Nicolas-et-le-nouveau-bourgmestre-Photos-du-52e.jpg\" width=\"159\" height=\"159\" alt=\"\"><\/figure>\n<figure class=\"column small-6 medium-3 end\"><img loading=\"lazy\" decoding=\"async\" src=\"https:\/\/vieassociative.be\/actualites\/wp-content\/uploads\/2024\/12\/1734185851_20_Saint-Nicolas-et-le-nouveau-bourgmestre-Photos-du-52e.jpg\" width=\"159\" height=\"159\" alt=\"\"><\/figure>\n<figure class=\"column small-6 medium-3 end\"><img loading=\"lazy\" decoding=\"async\" src=\"https:\/\/vieassociative.be\/actualites\/wp-content\/uploads\/2024\/12\/1734185851_367_Saint-Nicolas-et-le-nouveau-bourgmestre-Photos-du-52e.jpg\" width=\"159\" height=\"159\" alt=\"\"><\/figure>\n<figure class=\"column small-6 medium-3 end\"><img loading=\"lazy\" decoding=\"async\" src=\"https:\/\/vieassociative.be\/actualites\/wp-content\/uploads\/2024\/12\/1734185851_915_Saint-Nicolas-et-le-nouveau-bourgmestre-Photos-du-52e.jpg\" width=\"159\" height=\"159\" alt=\"\"><\/figure>\n<figure class=\"column small-6 medium-3 end\"><img loading=\"lazy\" decoding=\"async\" src=\"https:\/\/vieassociative.be\/actualites\/wp-content\/uploads\/2024\/12\/1734185851_723_Saint-Nicolas-et-le-nouveau-bourgmestre-Photos-du-52e.jpg\" width=\"159\" height=\"159\" alt=\"\"><\/figure>\n<figure class=\"column small-6 medium-3 end\"><img loading=\"lazy\" decoding=\"async\" src=\"https:\/\/vieassociative.be\/actualites\/wp-content\/uploads\/2024\/12\/1734185851_60_Saint-Nicolas-et-le-nouveau-bourgmestre-Photos-du-52e.jpg\" width=\"159\" height=\"159\" alt=\"\"><\/figure>\n<figure class=\"column small-6 medium-3 end\"><img loading=\"lazy\" decoding=\"async\" src=\"https:\/\/vieassociative.be\/actualites\/wp-content\/uploads\/2024\/12\/1734185851_528_Saint-Nicolas-et-le-nouveau-bourgmestre-Photos-du-52e.jpg\" width=\"159\" height=\"159\" alt=\"\"><\/figure>\n<figure class=\"column small-6 medium-3 end\"><img loading=\"lazy\" decoding=\"async\" src=\"https:\/\/vieassociative.be\/actualites\/wp-content\/uploads\/2024\/12\/1734185851_596_Saint-Nicolas-et-le-nouveau-bourgmestre-Photos-du-52e.png\" width=\"159\" height=\"159\" alt=\"\"><\/figure>\n<figure class=\"column small-6 medium-3 end\"><img loading=\"lazy\" decoding=\"async\" src=\"https:\/\/vieassociative.be\/actualites\/wp-content\/uploads\/2024\/12\/1734229063_152_Saint-Nicolas-et-le-nouveau-bourgmestre-Photos-du-52e.jpg\" width=\"159\" height=\"159\" alt=\"\"><\/figure>\n<figure class=\"column small-6 medium-3 end\"><img loading=\"lazy\" decoding=\"async\" src=\"https:\/\/vieassociative.be\/actualites\/wp-content\/uploads\/2024\/12\/1734229063_680_Saint-Nicolas-et-le-nouveau-bourgmestre-Photos-du-52e.jpg\" width=\"159\" height=\"159\" alt=\"\"><\/figure>\n<figure class=\"column small-6 medium-3 end\"><img loading=\"lazy\" decoding=\"async\" src=\"https:\/\/vieassociative.be\/actualites\/wp-content\/uploads\/2024\/12\/1734229063_348_Saint-Nicolas-et-le-nouveau-bourgmestre-Photos-du-52e.jpg\" width=\"159\" height=\"159\" alt=\"\"><\/figure>\n<figure class=\"column small-6 medium-3 end\"><img loading=\"lazy\" decoding=\"async\" src=\"https:\/\/vieassociative.be\/actualites\/wp-content\/uploads\/2024\/12\/1734229063_298_Saint-Nicolas-et-le-nouveau-bourgmestre-Photos-du-52e.jpg\" width=\"159\" height=\"159\" alt=\"\"><\/figure>\n<figure class=\"column small-6 medium-3 end\"><img loading=\"lazy\" decoding=\"async\" src=\"https:\/\/vieassociative.be\/actualites\/wp-content\/uploads\/2024\/12\/1734229063_24_Saint-Nicolas-et-le-nouveau-bourgmestre-Photos-du-52e.jpg\" width=\"159\" height=\"159\" alt=\"\"><\/figure>\n<\/div>\n","protected":false},"excerpt":{"rendered":"<p>Chaque ann\u00e9e, le troisi\u00e8me week-end de l&rsquo;Avent, Eupen organise un march\u00e9 de No\u00ebl &#8211; et ce depuis plus de 50 ans. Il n\u2019y aura pas<\/p>\n","protected":false},"author":1,"featured_media":3400,"comment_status":"","ping_status":"","sticky":false,"template":"","format":"standard","meta":{"footnotes":""},"categories":[298],"tags":[4020,3815,2403,3257,1523,4019,1557,553,2013,283,4018],"class_list":["post-3399","post","type-post","status-publish","format-standard","has-post-thumbnail","hentry","category-belgique","tag-52e","tag-bourgmestre","tag-deupen","tag-galerie","tag-marche","tag-nicolas","tag-noel","tag-nouveau","tag-photo","tag-photos","tag-saint","generate-columns","tablet-grid-50","mobile-grid-100","grid-parent","grid-33"],"yoast_head":"<!-- This site is optimized with the Yoast SEO plugin v24.0 - https:\/\/yoast.com\/wordpress\/plugins\/seo\/ -->\n<title>Saint Nicolas et le nouveau bourgmestre : Photos du 52e March\u00e9 de No\u00ebl d&#039;Eupen (galerie photo) | Vie Associative<\/title>\n<meta name=\"robots\" content=\"index, follow, max-snippet:-1, max-image-preview:large, max-video-preview:-1\" \/>\n<link rel=\"canonical\" href=\"https:\/\/vieassociative.be\/actualites\/saint-nicolas-et-le-nouveau-bourgmestre-photos-du-52e-marche-de-noel-deupen-galerie-photo-2\/\" \/>\n<meta property=\"og:locale\" content=\"fr_FR\" \/>\n<meta property=\"og:type\" content=\"article\" \/>\n<meta property=\"og:title\" content=\"Saint Nicolas et le nouveau bourgmestre : Photos du 52e March\u00e9 de No\u00ebl d&#039;Eupen (galerie photo) | Vie Associative\" \/>\n<meta property=\"og:description\" content=\"Chaque ann\u00e9e, le troisi\u00e8me week-end de l&rsquo;Avent, Eupen organise un march\u00e9 de No\u00ebl &#8211; et ce depuis plus de 50 ans. Il n\u2019y aura pas\" \/>\n<meta property=\"og:url\" content=\"https:\/\/vieassociative.be\/actualites\/saint-nicolas-et-le-nouveau-bourgmestre-photos-du-52e-marche-de-noel-deupen-galerie-photo-2\/\" \/>\n<meta property=\"og:site_name\" content=\"Vie Associative\" \/>\n<meta property=\"article:published_time\" content=\"2024-12-15T02:17:43+00:00\" \/>\n<meta property=\"og:image\" content=\"https:\/\/vieassociative.be\/actualites\/wp-content\/uploads\/2024\/09\/header_backgroundk-01-e1726694325946.png\" \/>\n\t<meta property=\"og:image:width\" content=\"279\" \/>\n\t<meta property=\"og:image:height\" content=\"92\" \/>\n\t<meta property=\"og:image:type\" content=\"image\/png\" \/>\n<meta name=\"author\" content=\"Julien\" \/>\n<meta name=\"twitter:card\" content=\"summary_large_image\" \/>\n<meta name=\"twitter:label1\" content=\"\u00c9crit par\" \/>\n\t<meta name=\"twitter:data1\" content=\"Julien\" \/>\n\t<meta name=\"twitter:label2\" content=\"Dur\u00e9e de lecture est.\" \/>\n\t<meta name=\"twitter:data2\" content=\"3 minutes\" \/>\n<script type=\"application\/ld+json\" class=\"yoast-schema-graph\">{\"@context\":\"https:\/\/schema.org\",\"@graph\":[{\"@type\":\"Article\",\"@id\":\"https:\/\/vieassociative.be\/actualites\/saint-nicolas-et-le-nouveau-bourgmestre-photos-du-52e-marche-de-noel-deupen-galerie-photo-2\/#article\",\"isPartOf\":{\"@id\":\"https:\/\/vieassociative.be\/actualites\/saint-nicolas-et-le-nouveau-bourgmestre-photos-du-52e-marche-de-noel-deupen-galerie-photo-2\/\"},\"author\":{\"name\":\"Julien\",\"@id\":\"https:\/\/vieassociative.be\/actualites\/#\/schema\/person\/b87ac4f82f9d4e7b7cec7395b679edc4\"},\"headline\":\"Saint Nicolas et le nouveau bourgmestre : Photos du 52e March\u00e9 de No\u00ebl d&rsquo;Eupen (galerie photo)\",\"datePublished\":\"2024-12-15T02:17:43+00:00\",\"dateModified\":\"2024-12-15T02:17:43+00:00\",\"mainEntityOfPage\":{\"@id\":\"https:\/\/vieassociative.be\/actualites\/saint-nicolas-et-le-nouveau-bourgmestre-photos-du-52e-marche-de-noel-deupen-galerie-photo-2\/\"},\"wordCount\":573,\"publisher\":{\"@id\":\"https:\/\/vieassociative.be\/actualites\/#organization\"},\"image\":{\"@id\":\"https:\/\/vieassociative.be\/actualites\/saint-nicolas-et-le-nouveau-bourgmestre-photos-du-52e-marche-de-noel-deupen-galerie-photo-2\/#primaryimage\"},\"thumbnailUrl\":\"https:\/\/vieassociative.be\/actualites\/wp-content\/uploads\/2024\/12\/1734229063_Saint-Nicolas-et-le-nouveau-bourgmestre-Photos-du-52e.jpg\",\"keywords\":[\"52e\",\"bourgmestre\",\"dEupen\",\"galerie\",\"march\u00e9\",\"Nicolas\",\"No\u00ebl\",\"nouveau\",\"photo\",\"Photos\",\"Saint\"],\"articleSection\":[\"Belgique\"],\"inLanguage\":\"fr-BE\"},{\"@type\":\"WebPage\",\"@id\":\"https:\/\/vieassociative.be\/actualites\/saint-nicolas-et-le-nouveau-bourgmestre-photos-du-52e-marche-de-noel-deupen-galerie-photo-2\/\",\"url\":\"https:\/\/vieassociative.be\/actualites\/saint-nicolas-et-le-nouveau-bourgmestre-photos-du-52e-marche-de-noel-deupen-galerie-photo-2\/\",\"name\":\"Saint Nicolas et le nouveau bourgmestre : Photos du 52e March\u00e9 de No\u00ebl d'Eupen (galerie photo) | Vie Associative\",\"isPartOf\":{\"@id\":\"https:\/\/vieassociative.be\/actualites\/#website\"},\"primaryImageOfPage\":{\"@id\":\"https:\/\/vieassociative.be\/actualites\/saint-nicolas-et-le-nouveau-bourgmestre-photos-du-52e-marche-de-noel-deupen-galerie-photo-2\/#primaryimage\"},\"image\":{\"@id\":\"https:\/\/vieassociative.be\/actualites\/saint-nicolas-et-le-nouveau-bourgmestre-photos-du-52e-marche-de-noel-deupen-galerie-photo-2\/#primaryimage\"},\"thumbnailUrl\":\"https:\/\/vieassociative.be\/actualites\/wp-content\/uploads\/2024\/12\/1734229063_Saint-Nicolas-et-le-nouveau-bourgmestre-Photos-du-52e.jpg\",\"datePublished\":\"2024-12-15T02:17:43+00:00\",\"dateModified\":\"2024-12-15T02:17:43+00:00\",\"breadcrumb\":{\"@id\":\"https:\/\/vieassociative.be\/actualites\/saint-nicolas-et-le-nouveau-bourgmestre-photos-du-52e-marche-de-noel-deupen-galerie-photo-2\/#breadcrumb\"},\"inLanguage\":\"fr-BE\",\"potentialAction\":[{\"@type\":\"ReadAction\",\"target\":[\"https:\/\/vieassociative.be\/actualites\/saint-nicolas-et-le-nouveau-bourgmestre-photos-du-52e-marche-de-noel-deupen-galerie-photo-2\/\"]}]},{\"@type\":\"ImageObject\",\"inLanguage\":\"fr-BE\",\"@id\":\"https:\/\/vieassociative.be\/actualites\/saint-nicolas-et-le-nouveau-bourgmestre-photos-du-52e-marche-de-noel-deupen-galerie-photo-2\/#primaryimage\",\"url\":\"https:\/\/vieassociative.be\/actualites\/wp-content\/uploads\/2024\/12\/1734229063_Saint-Nicolas-et-le-nouveau-bourgmestre-Photos-du-52e.jpg\",\"contentUrl\":\"https:\/\/vieassociative.be\/actualites\/wp-content\/uploads\/2024\/12\/1734229063_Saint-Nicolas-et-le-nouveau-bourgmestre-Photos-du-52e.jpg\",\"width\":1200,\"height\":800,\"caption\":\"Saint Nicolas et le nouveau bourgmestre : Photos du 52e March\u00e9 de No\u00ebl d'Eupen (galerie photo)\"},{\"@type\":\"BreadcrumbList\",\"@id\":\"https:\/\/vieassociative.be\/actualites\/saint-nicolas-et-le-nouveau-bourgmestre-photos-du-52e-marche-de-noel-deupen-galerie-photo-2\/#breadcrumb\",\"itemListElement\":[{\"@type\":\"ListItem\",\"position\":1,\"name\":\"Accueil\",\"item\":\"https:\/\/vieassociative.be\/actualites\/\"},{\"@type\":\"ListItem\",\"position\":2,\"name\":\"Saint Nicolas et le nouveau bourgmestre : Photos du 52e March\u00e9 de No\u00ebl d&rsquo;Eupen (galerie photo)\"}]},{\"@type\":\"WebSite\",\"@id\":\"https:\/\/vieassociative.be\/actualites\/#website\",\"url\":\"https:\/\/vieassociative.be\/actualites\/\",\"name\":\"Vie Associative\",\"description\":\"\",\"publisher\":{\"@id\":\"https:\/\/vieassociative.be\/actualites\/#organization\"},\"potentialAction\":[{\"@type\":\"SearchAction\",\"target\":{\"@type\":\"EntryPoint\",\"urlTemplate\":\"https:\/\/vieassociative.be\/actualites\/?s={search_term_string}\"},\"query-input\":{\"@type\":\"PropertyValueSpecification\",\"valueRequired\":true,\"valueName\":\"search_term_string\"}}],\"inLanguage\":\"fr-BE\"},{\"@type\":\"Organization\",\"@id\":\"https:\/\/vieassociative.be\/actualites\/#organization\",\"name\":\"Vie Associative\",\"url\":\"https:\/\/vieassociative.be\/actualites\/\",\"logo\":{\"@type\":\"ImageObject\",\"inLanguage\":\"fr-BE\",\"@id\":\"https:\/\/vieassociative.be\/actualites\/#\/schema\/logo\/image\/\",\"url\":\"https:\/\/vieassociative.be\/actualites\/wp-content\/uploads\/2024\/09\/cropped-vieassociative_favicon.ico.png\",\"contentUrl\":\"https:\/\/vieassociative.be\/actualites\/wp-content\/uploads\/2024\/09\/cropped-vieassociative_favicon.ico.png\",\"width\":512,\"height\":512,\"caption\":\"Vie Associative\"},\"image\":{\"@id\":\"https:\/\/vieassociative.be\/actualites\/#\/schema\/logo\/image\/\"}},{\"@type\":\"Person\",\"@id\":\"https:\/\/vieassociative.be\/actualites\/#\/schema\/person\/b87ac4f82f9d4e7b7cec7395b679edc4\",\"name\":\"Julien\",\"image\":{\"@type\":\"ImageObject\",\"inLanguage\":\"fr-BE\",\"@id\":\"https:\/\/vieassociative.be\/actualites\/#\/schema\/person\/image\/\",\"url\":\"https:\/\/vieassociative.be\/actualites\/wp-content\/uploads\/2024\/09\/vie-associative-1-150x150.jpg\",\"contentUrl\":\"https:\/\/vieassociative.be\/actualites\/wp-content\/uploads\/2024\/09\/vie-associative-1-150x150.jpg\",\"caption\":\"Julien\"},\"description\":\"Je suis Julien, r\u00e9dacteur pour Vie Associative. Passionn\u00e9 par le monde associatif depuis plus de 10 ans, j'ai \u00e0 c\u0153ur de partager des histoires inspirantes et de mettre en lumi\u00e8re les initiatives locales. Mon objectif est de sensibiliser et d'encourager l'engagement communautaire \u00e0 travers mes articles.\",\"sameAs\":[\"https:\/\/vieassociative.be\/\"]}]}<\/script>\n<!-- \/ Yoast SEO plugin. -->","yoast_head_json":{"title":"Saint Nicolas et le nouveau bourgmestre : Photos du 52e March\u00e9 de No\u00ebl d'Eupen (galerie photo) | Vie Associative","robots":{"index":"index","follow":"follow","max-snippet":"max-snippet:-1","max-image-preview":"max-image-preview:large","max-video-preview":"max-video-preview:-1"},"canonical":"https:\/\/vieassociative.be\/actualites\/saint-nicolas-et-le-nouveau-bourgmestre-photos-du-52e-marche-de-noel-deupen-galerie-photo-2\/","og_locale":"fr_FR","og_type":"article","og_title":"Saint Nicolas et le nouveau bourgmestre : Photos du 52e March\u00e9 de No\u00ebl d'Eupen (galerie photo) | Vie Associative","og_description":"Chaque ann\u00e9e, le troisi\u00e8me week-end de l&rsquo;Avent, Eupen organise un march\u00e9 de No\u00ebl &#8211; et ce depuis plus de 50 ans. Il n\u2019y aura pas","og_url":"https:\/\/vieassociative.be\/actualites\/saint-nicolas-et-le-nouveau-bourgmestre-photos-du-52e-marche-de-noel-deupen-galerie-photo-2\/","og_site_name":"Vie Associative","article_published_time":"2024-12-15T02:17:43+00:00","og_image":[{"width":279,"height":92,"url":"https:\/\/vieassociative.be\/actualites\/wp-content\/uploads\/2024\/09\/header_backgroundk-01-e1726694325946.png","type":"image\/png"}],"author":"Julien","twitter_card":"summary_large_image","twitter_misc":{"\u00c9crit par":"Julien","Dur\u00e9e de lecture est.":"3 minutes"},"schema":{"@context":"https:\/\/schema.org","@graph":[{"@type":"Article","@id":"https:\/\/vieassociative.be\/actualites\/saint-nicolas-et-le-nouveau-bourgmestre-photos-du-52e-marche-de-noel-deupen-galerie-photo-2\/#article","isPartOf":{"@id":"https:\/\/vieassociative.be\/actualites\/saint-nicolas-et-le-nouveau-bourgmestre-photos-du-52e-marche-de-noel-deupen-galerie-photo-2\/"},"author":{"name":"Julien","@id":"https:\/\/vieassociative.be\/actualites\/#\/schema\/person\/b87ac4f82f9d4e7b7cec7395b679edc4"},"headline":"Saint Nicolas et le nouveau bourgmestre : Photos du 52e March\u00e9 de No\u00ebl d&rsquo;Eupen (galerie photo)","datePublished":"2024-12-15T02:17:43+00:00","dateModified":"2024-12-15T02:17:43+00:00","mainEntityOfPage":{"@id":"https:\/\/vieassociative.be\/actualites\/saint-nicolas-et-le-nouveau-bourgmestre-photos-du-52e-marche-de-noel-deupen-galerie-photo-2\/"},"wordCount":573,"publisher":{"@id":"https:\/\/vieassociative.be\/actualites\/#organization"},"image":{"@id":"https:\/\/vieassociative.be\/actualites\/saint-nicolas-et-le-nouveau-bourgmestre-photos-du-52e-marche-de-noel-deupen-galerie-photo-2\/#primaryimage"},"thumbnailUrl":"https:\/\/vieassociative.be\/actualites\/wp-content\/uploads\/2024\/12\/1734229063_Saint-Nicolas-et-le-nouveau-bourgmestre-Photos-du-52e.jpg","keywords":["52e","bourgmestre","dEupen","galerie","march\u00e9","Nicolas","No\u00ebl","nouveau","photo","Photos","Saint"],"articleSection":["Belgique"],"inLanguage":"fr-BE"},{"@type":"WebPage","@id":"https:\/\/vieassociative.be\/actualites\/saint-nicolas-et-le-nouveau-bourgmestre-photos-du-52e-marche-de-noel-deupen-galerie-photo-2\/","url":"https:\/\/vieassociative.be\/actualites\/saint-nicolas-et-le-nouveau-bourgmestre-photos-du-52e-marche-de-noel-deupen-galerie-photo-2\/","name":"Saint Nicolas et le nouveau bourgmestre : Photos du 52e March\u00e9 de No\u00ebl d'Eupen (galerie photo) | Vie Associative","isPartOf":{"@id":"https:\/\/vieassociative.be\/actualites\/#website"},"primaryImageOfPage":{"@id":"https:\/\/vieassociative.be\/actualites\/saint-nicolas-et-le-nouveau-bourgmestre-photos-du-52e-marche-de-noel-deupen-galerie-photo-2\/#primaryimage"},"image":{"@id":"https:\/\/vieassociative.be\/actualites\/saint-nicolas-et-le-nouveau-bourgmestre-photos-du-52e-marche-de-noel-deupen-galerie-photo-2\/#primaryimage"},"thumbnailUrl":"https:\/\/vieassociative.be\/actualites\/wp-content\/uploads\/2024\/12\/1734229063_Saint-Nicolas-et-le-nouveau-bourgmestre-Photos-du-52e.jpg","datePublished":"2024-12-15T02:17:43+00:00","dateModified":"2024-12-15T02:17:43+00:00","breadcrumb":{"@id":"https:\/\/vieassociative.be\/actualites\/saint-nicolas-et-le-nouveau-bourgmestre-photos-du-52e-marche-de-noel-deupen-galerie-photo-2\/#breadcrumb"},"inLanguage":"fr-BE","potentialAction":[{"@type":"ReadAction","target":["https:\/\/vieassociative.be\/actualites\/saint-nicolas-et-le-nouveau-bourgmestre-photos-du-52e-marche-de-noel-deupen-galerie-photo-2\/"]}]},{"@type":"ImageObject","inLanguage":"fr-BE","@id":"https:\/\/vieassociative.be\/actualites\/saint-nicolas-et-le-nouveau-bourgmestre-photos-du-52e-marche-de-noel-deupen-galerie-photo-2\/#primaryimage","url":"https:\/\/vieassociative.be\/actualites\/wp-content\/uploads\/2024\/12\/1734229063_Saint-Nicolas-et-le-nouveau-bourgmestre-Photos-du-52e.jpg","contentUrl":"https:\/\/vieassociative.be\/actualites\/wp-content\/uploads\/2024\/12\/1734229063_Saint-Nicolas-et-le-nouveau-bourgmestre-Photos-du-52e.jpg","width":1200,"height":800,"caption":"Saint Nicolas et le nouveau bourgmestre : Photos du 52e March\u00e9 de No\u00ebl d'Eupen (galerie photo)"},{"@type":"BreadcrumbList","@id":"https:\/\/vieassociative.be\/actualites\/saint-nicolas-et-le-nouveau-bourgmestre-photos-du-52e-marche-de-noel-deupen-galerie-photo-2\/#breadcrumb","itemListElement":[{"@type":"ListItem","position":1,"name":"Accueil","item":"https:\/\/vieassociative.be\/actualites\/"},{"@type":"ListItem","position":2,"name":"Saint Nicolas et le nouveau bourgmestre : Photos du 52e March\u00e9 de No\u00ebl d&rsquo;Eupen (galerie photo)"}]},{"@type":"WebSite","@id":"https:\/\/vieassociative.be\/actualites\/#website","url":"https:\/\/vieassociative.be\/actualites\/","name":"Vie Associative","description":"","publisher":{"@id":"https:\/\/vieassociative.be\/actualites\/#organization"},"potentialAction":[{"@type":"SearchAction","target":{"@type":"EntryPoint","urlTemplate":"https:\/\/vieassociative.be\/actualites\/?s={search_term_string}"},"query-input":{"@type":"PropertyValueSpecification","valueRequired":true,"valueName":"search_term_string"}}],"inLanguage":"fr-BE"},{"@type":"Organization","@id":"https:\/\/vieassociative.be\/actualites\/#organization","name":"Vie Associative","url":"https:\/\/vieassociative.be\/actualites\/","logo":{"@type":"ImageObject","inLanguage":"fr-BE","@id":"https:\/\/vieassociative.be\/actualites\/#\/schema\/logo\/image\/","url":"https:\/\/vieassociative.be\/actualites\/wp-content\/uploads\/2024\/09\/cropped-vieassociative_favicon.ico.png","contentUrl":"https:\/\/vieassociative.be\/actualites\/wp-content\/uploads\/2024\/09\/cropped-vieassociative_favicon.ico.png","width":512,"height":512,"caption":"Vie Associative"},"image":{"@id":"https:\/\/vieassociative.be\/actualites\/#\/schema\/logo\/image\/"}},{"@type":"Person","@id":"https:\/\/vieassociative.be\/actualites\/#\/schema\/person\/b87ac4f82f9d4e7b7cec7395b679edc4","name":"Julien","image":{"@type":"ImageObject","inLanguage":"fr-BE","@id":"https:\/\/vieassociative.be\/actualites\/#\/schema\/person\/image\/","url":"https:\/\/vieassociative.be\/actualites\/wp-content\/uploads\/2024\/09\/vie-associative-1-150x150.jpg","contentUrl":"https:\/\/vieassociative.be\/actualites\/wp-content\/uploads\/2024\/09\/vie-associative-1-150x150.jpg","caption":"Julien"},"description":"Je suis Julien, r\u00e9dacteur pour Vie Associative. Passionn\u00e9 par le monde associatif depuis plus de 10 ans, j'ai \u00e0 c\u0153ur de partager des histoires inspirantes et de mettre en lumi\u00e8re les initiatives locales. Mon objectif est de sensibiliser et d'encourager l'engagement communautaire \u00e0 travers mes articles.","sameAs":["https:\/\/vieassociative.be\/"]}]}},"_links":{"self":[{"href":"https:\/\/vieassociative.be\/actualites\/wp-json\/wp\/v2\/posts\/3399"}],"collection":[{"href":"https:\/\/vieassociative.be\/actualites\/wp-json\/wp\/v2\/posts"}],"about":[{"href":"https:\/\/vieassociative.be\/actualites\/wp-json\/wp\/v2\/types\/post"}],"author":[{"embeddable":true,"href":"https:\/\/vieassociative.be\/actualites\/wp-json\/wp\/v2\/users\/1"}],"replies":[{"embeddable":true,"href":"https:\/\/vieassociative.be\/actualites\/wp-json\/wp\/v2\/comments?post=3399"}],"version-history":[{"count":0,"href":"https:\/\/vieassociative.be\/actualites\/wp-json\/wp\/v2\/posts\/3399\/revisions"}],"wp:featuredmedia":[{"embeddable":true,"href":"https:\/\/vieassociative.be\/actualites\/wp-json\/wp\/v2\/media\/3400"}],"wp:attachment":[{"href":"https:\/\/vieassociative.be\/actualites\/wp-json\/wp\/v2\/media?parent=3399"}],"wp:term":[{"taxonomy":"category","embeddable":true,"href":"https:\/\/vieassociative.be\/actualites\/wp-json\/wp\/v2\/categories?post=3399"},{"taxonomy":"post_tag","embeddable":true,"href":"https:\/\/vieassociative.be\/actualites\/wp-json\/wp\/v2\/tags?post=3399"}],"curies":[{"name":"wp","href":"https:\/\/api.w.org\/{rel}","templated":true}]}}