{"id":3395,"date":"2024-12-15T00:17:43","date_gmt":"2024-12-14T23:17:43","guid":{"rendered":"https:\/\/vieassociative.be\/actualites\/quauriez-vous-aime-savoir-avant-dadopter-votre-animal-de-compagnie\/"},"modified":"2024-12-15T00:17:43","modified_gmt":"2024-12-14T23:17:43","slug":"quauriez-vous-aime-savoir-avant-dadopter-votre-animal-de-compagnie","status":"publish","type":"post","link":"https:\/\/vieassociative.be\/actualites\/quauriez-vous-aime-savoir-avant-dadopter-votre-animal-de-compagnie\/","title":{"rendered":"Qu\u2019auriez-vous aim\u00e9 savoir avant d\u2019adopter votre animal de compagnie ?"},"content":{"rendered":"<div class=\"mt-4 leading-6 md:mb-8\">Je suis d\u00e9sol\u00e9, attendez une seconde : la nourriture pour chien co\u00fbte combien ?!<\/div>\n<p><\/p>\n<p>M\u00eame l\u2019amoureux des animaux le plus d\u00e9vou\u00e9 vous dira que chaque adoption d\u2019un animal de compagnie comporte des d\u00e9fis et des le\u00e7ons inattendues. Par exemple, ma colocataire partage la garde d\u2019un hamster avec son petit ami\u00a0; J&rsquo;aurais aim\u00e9 qu&rsquo;elle en sache davantage sur \u00e0 quel point les hamsters aiment se mettre en col\u00e8re sur leurs roues tout au long de la nuit. Une autre de mes amies a appris \u00e0 ses d\u00e9pens les frais v\u00e9t\u00e9rinaires \u00e9lev\u00e9s pour son chien. Par \u00ab \u00e0 la dure \u00bb, je veux dire que son colley est tomb\u00e9 malade apr\u00e8s avoir essay\u00e9 de manger un rat du m\u00e9tro. Qu&rsquo;il s&rsquo;agisse des finances, du temps ou des attachements \u00e9motionnels, vous ne pourrez pas pr\u00e9dire tous les investissements qui accompagnent l&rsquo;arriv\u00e9e d&rsquo;un nouvel animal de compagnie dans votre vie.<\/p>\n<p>Je me tourne vers vous, chers lecteurs de Vie Associative, pour toute la sagesse que vous auriez aim\u00e9 acqu\u00e9rir avant d&rsquo;amener un nouvel animal de compagnie chez vous. Vous avez adopt\u00e9 un animal pendant la quarantaine et vous avez maintenant du mal \u00e0 prendre une d\u00e9cision ? Comment savoir si vous \u00eates pr\u00eat \u00e0 vous engager pleinement envers une cr\u00e9ature qui comptera sur vous pour tout ? <em>Avez-vous accidentellement forc\u00e9 votre colocataire \u00e0 d\u00e9couvrir qu&rsquo;elle d\u00e9teste les hamsters ? <\/em><\/p>\n<p>S&rsquo;il vous pla\u00eet, partagez-nous tous vos conseils surprenants, vos histoires d&rsquo;horreur et vos r\u00e9cits r\u00e9confortants issus de l&rsquo;adoption de votre furbaby. (Je n&rsquo;aimais pas plus \u00e9crire \u00ab furbaby \u00bb que vous n&rsquo;aimiez le lire.) Peut-\u00eatre avez-vous nou\u00e9 un lien inattendu avec le chat d&rsquo;un partenaire, ou avez-vous sous-estim\u00e9 combien co\u00fbte un bon gardien de chien, ou vous vous demandez toujours si vous devez souscrire une assurance pour animaux de compagnie pour le h\u00e9risson de votre enfant. Gr\u00e2ce \u00e0 votre perspicacit\u00e9, nous serons en mesure de dresser une liste de questions n\u00e9cessaires que les gens doivent se poser avant d&rsquo;adopter un animal de compagnie \u2013 le genre de questions qui sont dans le meilleur int\u00e9r\u00eat de l&rsquo;adoptant et de l&rsquo;adopt\u00e9. Et si vous avez des photos de chiens \u00e0 partager, je ne dirai pas non. <\/p>\n","protected":false},"excerpt":{"rendered":"<p>Je suis d\u00e9sol\u00e9, attendez une seconde : la nourriture pour chien co\u00fbte combien ?! M\u00eame l\u2019amoureux des animaux le plus d\u00e9vou\u00e9 vous dira que chaque<\/p>\n","protected":false},"author":1,"featured_media":3396,"comment_status":"","ping_status":"","sticky":false,"template":"","format":"standard","meta":{"footnotes":""},"categories":[37],"tags":[727,650,142,222,4028,4027,183,8],"class_list":["post-3395","post","type-post","status-publish","format-standard","has-post-thumbnail","hentry","category-famille","tag-aime","tag-animal","tag-avant","tag-compagnie","tag-dadopter","tag-quauriezvous","tag-savoir","tag-votre","generate-columns","tablet-grid-50","mobile-grid-100","grid-parent","grid-33"],"yoast_head":"<!-- This site is optimized with the Yoast SEO plugin v24.0 - https:\/\/yoast.com\/wordpress\/plugins\/seo\/ -->\n<title>Qu\u2019auriez-vous aim\u00e9 savoir avant d\u2019adopter votre animal de compagnie ? | Vie Associative<\/title>\n<meta name=\"robots\" content=\"index, follow, max-snippet:-1, max-image-preview:large, max-video-preview:-1\" \/>\n<link rel=\"canonical\" href=\"https:\/\/vieassociative.be\/actualites\/quauriez-vous-aime-savoir-avant-dadopter-votre-animal-de-compagnie\/\" \/>\n<meta property=\"og:locale\" content=\"fr_FR\" \/>\n<meta property=\"og:type\" content=\"article\" \/>\n<meta property=\"og:title\" content=\"Qu\u2019auriez-vous aim\u00e9 savoir avant d\u2019adopter votre animal de compagnie ? | Vie Associative\" \/>\n<meta property=\"og:description\" content=\"Je suis d\u00e9sol\u00e9, attendez une seconde : la nourriture pour chien co\u00fbte combien ?! M\u00eame l\u2019amoureux des animaux le plus d\u00e9vou\u00e9 vous dira que chaque\" \/>\n<meta property=\"og:url\" content=\"https:\/\/vieassociative.be\/actualites\/quauriez-vous-aime-savoir-avant-dadopter-votre-animal-de-compagnie\/\" \/>\n<meta property=\"og:site_name\" content=\"Vie Associative\" \/>\n<meta property=\"article:published_time\" content=\"2024-12-14T23:17:43+00:00\" \/>\n<meta property=\"og:image\" content=\"https:\/\/vieassociative.be\/actualites\/wp-content\/uploads\/2024\/09\/header_backgroundk-01-e1726694325946.png\" \/>\n\t<meta property=\"og:image:width\" content=\"279\" \/>\n\t<meta property=\"og:image:height\" content=\"92\" \/>\n\t<meta property=\"og:image:type\" content=\"image\/png\" \/>\n<meta name=\"author\" content=\"Julien\" \/>\n<meta name=\"twitter:card\" content=\"summary_large_image\" \/>\n<meta name=\"twitter:label1\" content=\"\u00c9crit par\" \/>\n\t<meta name=\"twitter:data1\" content=\"Julien\" \/>\n\t<meta name=\"twitter:label2\" content=\"Dur\u00e9e de lecture est.\" \/>\n\t<meta name=\"twitter:data2\" content=\"2 minutes\" \/>\n<script type=\"application\/ld+json\" class=\"yoast-schema-graph\">{\"@context\":\"https:\/\/schema.org\",\"@graph\":[{\"@type\":\"Article\",\"@id\":\"https:\/\/vieassociative.be\/actualites\/quauriez-vous-aime-savoir-avant-dadopter-votre-animal-de-compagnie\/#article\",\"isPartOf\":{\"@id\":\"https:\/\/vieassociative.be\/actualites\/quauriez-vous-aime-savoir-avant-dadopter-votre-animal-de-compagnie\/\"},\"author\":{\"name\":\"Julien\",\"@id\":\"https:\/\/vieassociative.be\/actualites\/#\/schema\/person\/b87ac4f82f9d4e7b7cec7395b679edc4\"},\"headline\":\"Qu\u2019auriez-vous aim\u00e9 savoir avant d\u2019adopter votre animal de compagnie ?\",\"datePublished\":\"2024-12-14T23:17:43+00:00\",\"dateModified\":\"2024-12-14T23:17:43+00:00\",\"mainEntityOfPage\":{\"@id\":\"https:\/\/vieassociative.be\/actualites\/quauriez-vous-aime-savoir-avant-dadopter-votre-animal-de-compagnie\/\"},\"wordCount\":403,\"publisher\":{\"@id\":\"https:\/\/vieassociative.be\/actualites\/#organization\"},\"image\":{\"@id\":\"https:\/\/vieassociative.be\/actualites\/quauriez-vous-aime-savoir-avant-dadopter-votre-animal-de-compagnie\/#primaryimage\"},\"thumbnailUrl\":\"https:\/\/vieassociative.be\/actualites\/wp-content\/uploads\/2024\/12\/Quauriez-vous-aime-savoir-avant-dadopter-votre-animal-de-compagnie.jpg\",\"keywords\":[\"aim\u00e9\",\"animal\",\"avant\",\"compagnie\",\"dadopter\",\"Quauriezvous\",\"savoir\",\"votre\"],\"articleSection\":[\"Famille\"],\"inLanguage\":\"fr-BE\"},{\"@type\":\"WebPage\",\"@id\":\"https:\/\/vieassociative.be\/actualites\/quauriez-vous-aime-savoir-avant-dadopter-votre-animal-de-compagnie\/\",\"url\":\"https:\/\/vieassociative.be\/actualites\/quauriez-vous-aime-savoir-avant-dadopter-votre-animal-de-compagnie\/\",\"name\":\"Qu\u2019auriez-vous aim\u00e9 savoir avant d\u2019adopter votre animal de compagnie ? | Vie Associative\",\"isPartOf\":{\"@id\":\"https:\/\/vieassociative.be\/actualites\/#website\"},\"primaryImageOfPage\":{\"@id\":\"https:\/\/vieassociative.be\/actualites\/quauriez-vous-aime-savoir-avant-dadopter-votre-animal-de-compagnie\/#primaryimage\"},\"image\":{\"@id\":\"https:\/\/vieassociative.be\/actualites\/quauriez-vous-aime-savoir-avant-dadopter-votre-animal-de-compagnie\/#primaryimage\"},\"thumbnailUrl\":\"https:\/\/vieassociative.be\/actualites\/wp-content\/uploads\/2024\/12\/Quauriez-vous-aime-savoir-avant-dadopter-votre-animal-de-compagnie.jpg\",\"datePublished\":\"2024-12-14T23:17:43+00:00\",\"dateModified\":\"2024-12-14T23:17:43+00:00\",\"breadcrumb\":{\"@id\":\"https:\/\/vieassociative.be\/actualites\/quauriez-vous-aime-savoir-avant-dadopter-votre-animal-de-compagnie\/#breadcrumb\"},\"inLanguage\":\"fr-BE\",\"potentialAction\":[{\"@type\":\"ReadAction\",\"target\":[\"https:\/\/vieassociative.be\/actualites\/quauriez-vous-aime-savoir-avant-dadopter-votre-animal-de-compagnie\/\"]}]},{\"@type\":\"ImageObject\",\"inLanguage\":\"fr-BE\",\"@id\":\"https:\/\/vieassociative.be\/actualites\/quauriez-vous-aime-savoir-avant-dadopter-votre-animal-de-compagnie\/#primaryimage\",\"url\":\"https:\/\/vieassociative.be\/actualites\/wp-content\/uploads\/2024\/12\/Quauriez-vous-aime-savoir-avant-dadopter-votre-animal-de-compagnie.jpg\",\"contentUrl\":\"https:\/\/vieassociative.be\/actualites\/wp-content\/uploads\/2024\/12\/Quauriez-vous-aime-savoir-avant-dadopter-votre-animal-de-compagnie.jpg\",\"width\":1200,\"height\":675,\"caption\":\"Qu\u2019auriez-vous aim\u00e9 savoir avant d\u2019adopter votre animal de compagnie ?\"},{\"@type\":\"BreadcrumbList\",\"@id\":\"https:\/\/vieassociative.be\/actualites\/quauriez-vous-aime-savoir-avant-dadopter-votre-animal-de-compagnie\/#breadcrumb\",\"itemListElement\":[{\"@type\":\"ListItem\",\"position\":1,\"name\":\"Accueil\",\"item\":\"https:\/\/vieassociative.be\/actualites\/\"},{\"@type\":\"ListItem\",\"position\":2,\"name\":\"Qu\u2019auriez-vous aim\u00e9 savoir avant d\u2019adopter votre animal de compagnie ?\"}]},{\"@type\":\"WebSite\",\"@id\":\"https:\/\/vieassociative.be\/actualites\/#website\",\"url\":\"https:\/\/vieassociative.be\/actualites\/\",\"name\":\"Vie Associative\",\"description\":\"\",\"publisher\":{\"@id\":\"https:\/\/vieassociative.be\/actualites\/#organization\"},\"potentialAction\":[{\"@type\":\"SearchAction\",\"target\":{\"@type\":\"EntryPoint\",\"urlTemplate\":\"https:\/\/vieassociative.be\/actualites\/?s={search_term_string}\"},\"query-input\":{\"@type\":\"PropertyValueSpecification\",\"valueRequired\":true,\"valueName\":\"search_term_string\"}}],\"inLanguage\":\"fr-BE\"},{\"@type\":\"Organization\",\"@id\":\"https:\/\/vieassociative.be\/actualites\/#organization\",\"name\":\"Vie Associative\",\"url\":\"https:\/\/vieassociative.be\/actualites\/\",\"logo\":{\"@type\":\"ImageObject\",\"inLanguage\":\"fr-BE\",\"@id\":\"https:\/\/vieassociative.be\/actualites\/#\/schema\/logo\/image\/\",\"url\":\"https:\/\/vieassociative.be\/actualites\/wp-content\/uploads\/2024\/09\/cropped-vieassociative_favicon.ico.png\",\"contentUrl\":\"https:\/\/vieassociative.be\/actualites\/wp-content\/uploads\/2024\/09\/cropped-vieassociative_favicon.ico.png\",\"width\":512,\"height\":512,\"caption\":\"Vie Associative\"},\"image\":{\"@id\":\"https:\/\/vieassociative.be\/actualites\/#\/schema\/logo\/image\/\"}},{\"@type\":\"Person\",\"@id\":\"https:\/\/vieassociative.be\/actualites\/#\/schema\/person\/b87ac4f82f9d4e7b7cec7395b679edc4\",\"name\":\"Julien\",\"image\":{\"@type\":\"ImageObject\",\"inLanguage\":\"fr-BE\",\"@id\":\"https:\/\/vieassociative.be\/actualites\/#\/schema\/person\/image\/\",\"url\":\"https:\/\/vieassociative.be\/actualites\/wp-content\/uploads\/2024\/09\/vie-associative-1-150x150.jpg\",\"contentUrl\":\"https:\/\/vieassociative.be\/actualites\/wp-content\/uploads\/2024\/09\/vie-associative-1-150x150.jpg\",\"caption\":\"Julien\"},\"description\":\"Je suis Julien, r\u00e9dacteur pour Vie Associative. Passionn\u00e9 par le monde associatif depuis plus de 10 ans, j'ai \u00e0 c\u0153ur de partager des histoires inspirantes et de mettre en lumi\u00e8re les initiatives locales. Mon objectif est de sensibiliser et d'encourager l'engagement communautaire \u00e0 travers mes articles.\",\"sameAs\":[\"https:\/\/vieassociative.be\/\"]}]}<\/script>\n<!-- \/ Yoast SEO plugin. -->","yoast_head_json":{"title":"Qu\u2019auriez-vous aim\u00e9 savoir avant d\u2019adopter votre animal de compagnie ? | Vie Associative","robots":{"index":"index","follow":"follow","max-snippet":"max-snippet:-1","max-image-preview":"max-image-preview:large","max-video-preview":"max-video-preview:-1"},"canonical":"https:\/\/vieassociative.be\/actualites\/quauriez-vous-aime-savoir-avant-dadopter-votre-animal-de-compagnie\/","og_locale":"fr_FR","og_type":"article","og_title":"Qu\u2019auriez-vous aim\u00e9 savoir avant d\u2019adopter votre animal de compagnie ? | Vie Associative","og_description":"Je suis d\u00e9sol\u00e9, attendez une seconde : la nourriture pour chien co\u00fbte combien ?! M\u00eame l\u2019amoureux des animaux le plus d\u00e9vou\u00e9 vous dira que chaque","og_url":"https:\/\/vieassociative.be\/actualites\/quauriez-vous-aime-savoir-avant-dadopter-votre-animal-de-compagnie\/","og_site_name":"Vie Associative","article_published_time":"2024-12-14T23:17:43+00:00","og_image":[{"width":279,"height":92,"url":"https:\/\/vieassociative.be\/actualites\/wp-content\/uploads\/2024\/09\/header_backgroundk-01-e1726694325946.png","type":"image\/png"}],"author":"Julien","twitter_card":"summary_large_image","twitter_misc":{"\u00c9crit par":"Julien","Dur\u00e9e de lecture est.":"2 minutes"},"schema":{"@context":"https:\/\/schema.org","@graph":[{"@type":"Article","@id":"https:\/\/vieassociative.be\/actualites\/quauriez-vous-aime-savoir-avant-dadopter-votre-animal-de-compagnie\/#article","isPartOf":{"@id":"https:\/\/vieassociative.be\/actualites\/quauriez-vous-aime-savoir-avant-dadopter-votre-animal-de-compagnie\/"},"author":{"name":"Julien","@id":"https:\/\/vieassociative.be\/actualites\/#\/schema\/person\/b87ac4f82f9d4e7b7cec7395b679edc4"},"headline":"Qu\u2019auriez-vous aim\u00e9 savoir avant d\u2019adopter votre animal de compagnie ?","datePublished":"2024-12-14T23:17:43+00:00","dateModified":"2024-12-14T23:17:43+00:00","mainEntityOfPage":{"@id":"https:\/\/vieassociative.be\/actualites\/quauriez-vous-aime-savoir-avant-dadopter-votre-animal-de-compagnie\/"},"wordCount":403,"publisher":{"@id":"https:\/\/vieassociative.be\/actualites\/#organization"},"image":{"@id":"https:\/\/vieassociative.be\/actualites\/quauriez-vous-aime-savoir-avant-dadopter-votre-animal-de-compagnie\/#primaryimage"},"thumbnailUrl":"https:\/\/vieassociative.be\/actualites\/wp-content\/uploads\/2024\/12\/Quauriez-vous-aime-savoir-avant-dadopter-votre-animal-de-compagnie.jpg","keywords":["aim\u00e9","animal","avant","compagnie","dadopter","Quauriezvous","savoir","votre"],"articleSection":["Famille"],"inLanguage":"fr-BE"},{"@type":"WebPage","@id":"https:\/\/vieassociative.be\/actualites\/quauriez-vous-aime-savoir-avant-dadopter-votre-animal-de-compagnie\/","url":"https:\/\/vieassociative.be\/actualites\/quauriez-vous-aime-savoir-avant-dadopter-votre-animal-de-compagnie\/","name":"Qu\u2019auriez-vous aim\u00e9 savoir avant d\u2019adopter votre animal de compagnie ? | Vie Associative","isPartOf":{"@id":"https:\/\/vieassociative.be\/actualites\/#website"},"primaryImageOfPage":{"@id":"https:\/\/vieassociative.be\/actualites\/quauriez-vous-aime-savoir-avant-dadopter-votre-animal-de-compagnie\/#primaryimage"},"image":{"@id":"https:\/\/vieassociative.be\/actualites\/quauriez-vous-aime-savoir-avant-dadopter-votre-animal-de-compagnie\/#primaryimage"},"thumbnailUrl":"https:\/\/vieassociative.be\/actualites\/wp-content\/uploads\/2024\/12\/Quauriez-vous-aime-savoir-avant-dadopter-votre-animal-de-compagnie.jpg","datePublished":"2024-12-14T23:17:43+00:00","dateModified":"2024-12-14T23:17:43+00:00","breadcrumb":{"@id":"https:\/\/vieassociative.be\/actualites\/quauriez-vous-aime-savoir-avant-dadopter-votre-animal-de-compagnie\/#breadcrumb"},"inLanguage":"fr-BE","potentialAction":[{"@type":"ReadAction","target":["https:\/\/vieassociative.be\/actualites\/quauriez-vous-aime-savoir-avant-dadopter-votre-animal-de-compagnie\/"]}]},{"@type":"ImageObject","inLanguage":"fr-BE","@id":"https:\/\/vieassociative.be\/actualites\/quauriez-vous-aime-savoir-avant-dadopter-votre-animal-de-compagnie\/#primaryimage","url":"https:\/\/vieassociative.be\/actualites\/wp-content\/uploads\/2024\/12\/Quauriez-vous-aime-savoir-avant-dadopter-votre-animal-de-compagnie.jpg","contentUrl":"https:\/\/vieassociative.be\/actualites\/wp-content\/uploads\/2024\/12\/Quauriez-vous-aime-savoir-avant-dadopter-votre-animal-de-compagnie.jpg","width":1200,"height":675,"caption":"Qu\u2019auriez-vous aim\u00e9 savoir avant d\u2019adopter votre animal de compagnie ?"},{"@type":"BreadcrumbList","@id":"https:\/\/vieassociative.be\/actualites\/quauriez-vous-aime-savoir-avant-dadopter-votre-animal-de-compagnie\/#breadcrumb","itemListElement":[{"@type":"ListItem","position":1,"name":"Accueil","item":"https:\/\/vieassociative.be\/actualites\/"},{"@type":"ListItem","position":2,"name":"Qu\u2019auriez-vous aim\u00e9 savoir avant d\u2019adopter votre animal de compagnie ?"}]},{"@type":"WebSite","@id":"https:\/\/vieassociative.be\/actualites\/#website","url":"https:\/\/vieassociative.be\/actualites\/","name":"Vie Associative","description":"","publisher":{"@id":"https:\/\/vieassociative.be\/actualites\/#organization"},"potentialAction":[{"@type":"SearchAction","target":{"@type":"EntryPoint","urlTemplate":"https:\/\/vieassociative.be\/actualites\/?s={search_term_string}"},"query-input":{"@type":"PropertyValueSpecification","valueRequired":true,"valueName":"search_term_string"}}],"inLanguage":"fr-BE"},{"@type":"Organization","@id":"https:\/\/vieassociative.be\/actualites\/#organization","name":"Vie Associative","url":"https:\/\/vieassociative.be\/actualites\/","logo":{"@type":"ImageObject","inLanguage":"fr-BE","@id":"https:\/\/vieassociative.be\/actualites\/#\/schema\/logo\/image\/","url":"https:\/\/vieassociative.be\/actualites\/wp-content\/uploads\/2024\/09\/cropped-vieassociative_favicon.ico.png","contentUrl":"https:\/\/vieassociative.be\/actualites\/wp-content\/uploads\/2024\/09\/cropped-vieassociative_favicon.ico.png","width":512,"height":512,"caption":"Vie Associative"},"image":{"@id":"https:\/\/vieassociative.be\/actualites\/#\/schema\/logo\/image\/"}},{"@type":"Person","@id":"https:\/\/vieassociative.be\/actualites\/#\/schema\/person\/b87ac4f82f9d4e7b7cec7395b679edc4","name":"Julien","image":{"@type":"ImageObject","inLanguage":"fr-BE","@id":"https:\/\/vieassociative.be\/actualites\/#\/schema\/person\/image\/","url":"https:\/\/vieassociative.be\/actualites\/wp-content\/uploads\/2024\/09\/vie-associative-1-150x150.jpg","contentUrl":"https:\/\/vieassociative.be\/actualites\/wp-content\/uploads\/2024\/09\/vie-associative-1-150x150.jpg","caption":"Julien"},"description":"Je suis Julien, r\u00e9dacteur pour Vie Associative. Passionn\u00e9 par le monde associatif depuis plus de 10 ans, j'ai \u00e0 c\u0153ur de partager des histoires inspirantes et de mettre en lumi\u00e8re les initiatives locales. Mon objectif est de sensibiliser et d'encourager l'engagement communautaire \u00e0 travers mes articles.","sameAs":["https:\/\/vieassociative.be\/"]}]}},"_links":{"self":[{"href":"https:\/\/vieassociative.be\/actualites\/wp-json\/wp\/v2\/posts\/3395"}],"collection":[{"href":"https:\/\/vieassociative.be\/actualites\/wp-json\/wp\/v2\/posts"}],"about":[{"href":"https:\/\/vieassociative.be\/actualites\/wp-json\/wp\/v2\/types\/post"}],"author":[{"embeddable":true,"href":"https:\/\/vieassociative.be\/actualites\/wp-json\/wp\/v2\/users\/1"}],"replies":[{"embeddable":true,"href":"https:\/\/vieassociative.be\/actualites\/wp-json\/wp\/v2\/comments?post=3395"}],"version-history":[{"count":0,"href":"https:\/\/vieassociative.be\/actualites\/wp-json\/wp\/v2\/posts\/3395\/revisions"}],"wp:featuredmedia":[{"embeddable":true,"href":"https:\/\/vieassociative.be\/actualites\/wp-json\/wp\/v2\/media\/3396"}],"wp:attachment":[{"href":"https:\/\/vieassociative.be\/actualites\/wp-json\/wp\/v2\/media?parent=3395"}],"wp:term":[{"taxonomy":"category","embeddable":true,"href":"https:\/\/vieassociative.be\/actualites\/wp-json\/wp\/v2\/categories?post=3395"},{"taxonomy":"post_tag","embeddable":true,"href":"https:\/\/vieassociative.be\/actualites\/wp-json\/wp\/v2\/tags?post=3395"}],"curies":[{"name":"wp","href":"https:\/\/api.w.org\/{rel}","templated":true}]}}