{"id":3392,"date":"2024-12-14T21:17:23","date_gmt":"2024-12-14T20:17:23","guid":{"rendered":"https:\/\/vieassociative.be\/actualites\/le-bayern-de-kompany-subit-sa-premiere-defaite-en-bundesliga-a-mayence\/"},"modified":"2024-12-14T21:17:23","modified_gmt":"2024-12-14T20:17:23","slug":"le-bayern-de-kompany-subit-sa-premiere-defaite-en-bundesliga-a-mayence","status":"publish","type":"post","link":"https:\/\/vieassociative.be\/actualites\/le-bayern-de-kompany-subit-sa-premiere-defaite-en-bundesliga-a-mayence\/","title":{"rendered":"Le Bayern de Kompany subit sa premi\u00e8re d\u00e9faite en Bundesliga \u00e0 Mayence"},"content":{"rendered":"<p><strong>Le FC Bayern Munich peut \u00eatre battu en championnat sous Vincent Kompany. Au FSV Mayence 05, le Bayern est loin de sa forme habituelle.<\/strong><\/p>\n<p><span id=\"more-404090\"><\/span>Le FC Bayern Munich a subi sa premi\u00e8re d\u00e9faite de cette saison de Bundesliga. Les champions du record de football ont perdu 1:2 (0:1) au FSV Mayence 05 apr\u00e8s une faible performance. Le Sud-Cor\u00e9en Jae-Sung Lee a marqu\u00e9 les deux buts des 05ers (41e minute\/60e). En phase finale, l&rsquo;\u00e9quipe munichoise n&rsquo;a r\u00e9ussi \u00e0 inscrire un but que gr\u00e2ce \u00e0 Leroy San\u00e9 (87e).<\/p>\n<p>L&rsquo;avance du Bayern sur le Bayer Leverkusen, d\u00e9sormais son premier poursuivant, s&rsquo;est r\u00e9duite \u00e0 quatre points en raison de la faillite. Dimanche, l&rsquo;Eintracht Francfort pourrait m\u00eame revenir \u00e0 trois points en cas de victoire sur le terrain du RB Leipzig.<\/p>\n<p>L&rsquo;entra\u00eeneur du Bayern, Vincent Kompany, a pr\u00e9venu que c&rsquo;\u00e9tait \u00ab\u00a0toujours dangereux\u00a0\u00bb, notamment au stade de Mayence. Au deuxi\u00e8me tour de la Coupe DFB, le Bayern s&rsquo;est impos\u00e9 4-0. L&rsquo;entra\u00eeneur avait toujours raison. Kompany a d\u00fb se passer de plusieurs joueurs de haut niveau lors de la 14e journ\u00e9e, dont l&rsquo;attaquant vedette Harry Kane, qui a de nouveau disparu apr\u00e8s s&rsquo;\u00eatre d\u00e9chir\u00e9 une fibre musculaire. (dpa)<\/p>\n","protected":false},"excerpt":{"rendered":"<p>Le FC Bayern Munich peut \u00eatre battu en championnat sous Vincent Kompany. Au FSV Mayence 05, le Bayern est loin de sa forme habituelle. Le<\/p>\n","protected":false},"author":1,"featured_media":3393,"comment_status":"","ping_status":"","sticky":false,"template":"","format":"standard","meta":{"footnotes":""},"categories":[298],"tags":[2298,3644,2350,4024,4026,610,4025],"class_list":["post-3392","post","type-post","status-publish","format-standard","has-post-thumbnail","hentry","category-belgique","tag-bayern","tag-bundesliga","tag-defaite","tag-kompany","tag-mayence","tag-premiere","tag-subit","generate-columns","tablet-grid-50","mobile-grid-100","grid-parent","grid-33"],"yoast_head":"<!-- This site is optimized with the Yoast SEO plugin v24.0 - https:\/\/yoast.com\/wordpress\/plugins\/seo\/ -->\n<title>Le Bayern de Kompany subit sa premi\u00e8re d\u00e9faite en Bundesliga \u00e0 Mayence | Vie Associative<\/title>\n<meta name=\"robots\" content=\"index, follow, max-snippet:-1, max-image-preview:large, max-video-preview:-1\" \/>\n<link rel=\"canonical\" href=\"https:\/\/vieassociative.be\/actualites\/le-bayern-de-kompany-subit-sa-premiere-defaite-en-bundesliga-a-mayence\/\" \/>\n<meta property=\"og:locale\" content=\"fr_FR\" \/>\n<meta property=\"og:type\" content=\"article\" \/>\n<meta property=\"og:title\" content=\"Le Bayern de Kompany subit sa premi\u00e8re d\u00e9faite en Bundesliga \u00e0 Mayence | Vie Associative\" \/>\n<meta property=\"og:description\" content=\"Le FC Bayern Munich peut \u00eatre battu en championnat sous Vincent Kompany. Au FSV Mayence 05, le Bayern est loin de sa forme habituelle. Le\" \/>\n<meta property=\"og:url\" content=\"https:\/\/vieassociative.be\/actualites\/le-bayern-de-kompany-subit-sa-premiere-defaite-en-bundesliga-a-mayence\/\" \/>\n<meta property=\"og:site_name\" content=\"Vie Associative\" \/>\n<meta property=\"article:published_time\" content=\"2024-12-14T20:17:23+00:00\" \/>\n<meta property=\"og:image\" content=\"https:\/\/vieassociative.be\/actualites\/wp-content\/uploads\/2024\/09\/header_backgroundk-01-e1726694325946.png\" \/>\n\t<meta property=\"og:image:width\" content=\"279\" \/>\n\t<meta property=\"og:image:height\" content=\"92\" \/>\n\t<meta property=\"og:image:type\" content=\"image\/png\" \/>\n<meta name=\"author\" content=\"Julien\" \/>\n<meta name=\"twitter:card\" content=\"summary_large_image\" \/>\n<meta name=\"twitter:label1\" content=\"\u00c9crit par\" \/>\n\t<meta name=\"twitter:data1\" content=\"Julien\" \/>\n\t<meta name=\"twitter:label2\" content=\"Dur\u00e9e de lecture est.\" \/>\n\t<meta name=\"twitter:data2\" content=\"1 minute\" \/>\n<script type=\"application\/ld+json\" class=\"yoast-schema-graph\">{\"@context\":\"https:\/\/schema.org\",\"@graph\":[{\"@type\":\"Article\",\"@id\":\"https:\/\/vieassociative.be\/actualites\/le-bayern-de-kompany-subit-sa-premiere-defaite-en-bundesliga-a-mayence\/#article\",\"isPartOf\":{\"@id\":\"https:\/\/vieassociative.be\/actualites\/le-bayern-de-kompany-subit-sa-premiere-defaite-en-bundesliga-a-mayence\/\"},\"author\":{\"name\":\"Julien\",\"@id\":\"https:\/\/vieassociative.be\/actualites\/#\/schema\/person\/b87ac4f82f9d4e7b7cec7395b679edc4\"},\"headline\":\"Le Bayern de Kompany subit sa premi\u00e8re d\u00e9faite en Bundesliga \u00e0 Mayence\",\"datePublished\":\"2024-12-14T20:17:23+00:00\",\"dateModified\":\"2024-12-14T20:17:23+00:00\",\"mainEntityOfPage\":{\"@id\":\"https:\/\/vieassociative.be\/actualites\/le-bayern-de-kompany-subit-sa-premiere-defaite-en-bundesliga-a-mayence\/\"},\"wordCount\":224,\"publisher\":{\"@id\":\"https:\/\/vieassociative.be\/actualites\/#organization\"},\"image\":{\"@id\":\"https:\/\/vieassociative.be\/actualites\/le-bayern-de-kompany-subit-sa-premiere-defaite-en-bundesliga-a-mayence\/#primaryimage\"},\"thumbnailUrl\":\"https:\/\/vieassociative.be\/actualites\/wp-content\/uploads\/2024\/12\/Le-Bayern-de-Kompany-subit-sa-premiere-defaite-en-Bundesliga.jpg\",\"keywords\":[\"Bayern\",\"Bundesliga\",\"D\u00e9faite\",\"Kompany\",\"Mayence\",\"premi\u00e8re\",\"subit\"],\"articleSection\":[\"Belgique\"],\"inLanguage\":\"fr-BE\"},{\"@type\":\"WebPage\",\"@id\":\"https:\/\/vieassociative.be\/actualites\/le-bayern-de-kompany-subit-sa-premiere-defaite-en-bundesliga-a-mayence\/\",\"url\":\"https:\/\/vieassociative.be\/actualites\/le-bayern-de-kompany-subit-sa-premiere-defaite-en-bundesliga-a-mayence\/\",\"name\":\"Le Bayern de Kompany subit sa premi\u00e8re d\u00e9faite en Bundesliga \u00e0 Mayence | Vie Associative\",\"isPartOf\":{\"@id\":\"https:\/\/vieassociative.be\/actualites\/#website\"},\"primaryImageOfPage\":{\"@id\":\"https:\/\/vieassociative.be\/actualites\/le-bayern-de-kompany-subit-sa-premiere-defaite-en-bundesliga-a-mayence\/#primaryimage\"},\"image\":{\"@id\":\"https:\/\/vieassociative.be\/actualites\/le-bayern-de-kompany-subit-sa-premiere-defaite-en-bundesliga-a-mayence\/#primaryimage\"},\"thumbnailUrl\":\"https:\/\/vieassociative.be\/actualites\/wp-content\/uploads\/2024\/12\/Le-Bayern-de-Kompany-subit-sa-premiere-defaite-en-Bundesliga.jpg\",\"datePublished\":\"2024-12-14T20:17:23+00:00\",\"dateModified\":\"2024-12-14T20:17:23+00:00\",\"breadcrumb\":{\"@id\":\"https:\/\/vieassociative.be\/actualites\/le-bayern-de-kompany-subit-sa-premiere-defaite-en-bundesliga-a-mayence\/#breadcrumb\"},\"inLanguage\":\"fr-BE\",\"potentialAction\":[{\"@type\":\"ReadAction\",\"target\":[\"https:\/\/vieassociative.be\/actualites\/le-bayern-de-kompany-subit-sa-premiere-defaite-en-bundesliga-a-mayence\/\"]}]},{\"@type\":\"ImageObject\",\"inLanguage\":\"fr-BE\",\"@id\":\"https:\/\/vieassociative.be\/actualites\/le-bayern-de-kompany-subit-sa-premiere-defaite-en-bundesliga-a-mayence\/#primaryimage\",\"url\":\"https:\/\/vieassociative.be\/actualites\/wp-content\/uploads\/2024\/12\/Le-Bayern-de-Kompany-subit-sa-premiere-defaite-en-Bundesliga.jpg\",\"contentUrl\":\"https:\/\/vieassociative.be\/actualites\/wp-content\/uploads\/2024\/12\/Le-Bayern-de-Kompany-subit-sa-premiere-defaite-en-Bundesliga.jpg\",\"width\":2560,\"height\":1626,\"caption\":\"Le Bayern de Kompany subit sa premi\u00e8re d\u00e9faite en Bundesliga \u00e0 Mayence\"},{\"@type\":\"BreadcrumbList\",\"@id\":\"https:\/\/vieassociative.be\/actualites\/le-bayern-de-kompany-subit-sa-premiere-defaite-en-bundesliga-a-mayence\/#breadcrumb\",\"itemListElement\":[{\"@type\":\"ListItem\",\"position\":1,\"name\":\"Accueil\",\"item\":\"https:\/\/vieassociative.be\/actualites\/\"},{\"@type\":\"ListItem\",\"position\":2,\"name\":\"Le Bayern de Kompany subit sa premi\u00e8re d\u00e9faite en Bundesliga \u00e0 Mayence\"}]},{\"@type\":\"WebSite\",\"@id\":\"https:\/\/vieassociative.be\/actualites\/#website\",\"url\":\"https:\/\/vieassociative.be\/actualites\/\",\"name\":\"Vie Associative\",\"description\":\"\",\"publisher\":{\"@id\":\"https:\/\/vieassociative.be\/actualites\/#organization\"},\"potentialAction\":[{\"@type\":\"SearchAction\",\"target\":{\"@type\":\"EntryPoint\",\"urlTemplate\":\"https:\/\/vieassociative.be\/actualites\/?s={search_term_string}\"},\"query-input\":{\"@type\":\"PropertyValueSpecification\",\"valueRequired\":true,\"valueName\":\"search_term_string\"}}],\"inLanguage\":\"fr-BE\"},{\"@type\":\"Organization\",\"@id\":\"https:\/\/vieassociative.be\/actualites\/#organization\",\"name\":\"Vie Associative\",\"url\":\"https:\/\/vieassociative.be\/actualites\/\",\"logo\":{\"@type\":\"ImageObject\",\"inLanguage\":\"fr-BE\",\"@id\":\"https:\/\/vieassociative.be\/actualites\/#\/schema\/logo\/image\/\",\"url\":\"https:\/\/vieassociative.be\/actualites\/wp-content\/uploads\/2024\/09\/cropped-vieassociative_favicon.ico.png\",\"contentUrl\":\"https:\/\/vieassociative.be\/actualites\/wp-content\/uploads\/2024\/09\/cropped-vieassociative_favicon.ico.png\",\"width\":512,\"height\":512,\"caption\":\"Vie Associative\"},\"image\":{\"@id\":\"https:\/\/vieassociative.be\/actualites\/#\/schema\/logo\/image\/\"}},{\"@type\":\"Person\",\"@id\":\"https:\/\/vieassociative.be\/actualites\/#\/schema\/person\/b87ac4f82f9d4e7b7cec7395b679edc4\",\"name\":\"Julien\",\"image\":{\"@type\":\"ImageObject\",\"inLanguage\":\"fr-BE\",\"@id\":\"https:\/\/vieassociative.be\/actualites\/#\/schema\/person\/image\/\",\"url\":\"https:\/\/vieassociative.be\/actualites\/wp-content\/uploads\/2024\/09\/vie-associative-1-150x150.jpg\",\"contentUrl\":\"https:\/\/vieassociative.be\/actualites\/wp-content\/uploads\/2024\/09\/vie-associative-1-150x150.jpg\",\"caption\":\"Julien\"},\"description\":\"Je suis Julien, r\u00e9dacteur pour Vie Associative. Passionn\u00e9 par le monde associatif depuis plus de 10 ans, j'ai \u00e0 c\u0153ur de partager des histoires inspirantes et de mettre en lumi\u00e8re les initiatives locales. Mon objectif est de sensibiliser et d'encourager l'engagement communautaire \u00e0 travers mes articles.\",\"sameAs\":[\"https:\/\/vieassociative.be\/\"]}]}<\/script>\n<!-- \/ Yoast SEO plugin. -->","yoast_head_json":{"title":"Le Bayern de Kompany subit sa premi\u00e8re d\u00e9faite en Bundesliga \u00e0 Mayence | Vie Associative","robots":{"index":"index","follow":"follow","max-snippet":"max-snippet:-1","max-image-preview":"max-image-preview:large","max-video-preview":"max-video-preview:-1"},"canonical":"https:\/\/vieassociative.be\/actualites\/le-bayern-de-kompany-subit-sa-premiere-defaite-en-bundesliga-a-mayence\/","og_locale":"fr_FR","og_type":"article","og_title":"Le Bayern de Kompany subit sa premi\u00e8re d\u00e9faite en Bundesliga \u00e0 Mayence | Vie Associative","og_description":"Le FC Bayern Munich peut \u00eatre battu en championnat sous Vincent Kompany. Au FSV Mayence 05, le Bayern est loin de sa forme habituelle. Le","og_url":"https:\/\/vieassociative.be\/actualites\/le-bayern-de-kompany-subit-sa-premiere-defaite-en-bundesliga-a-mayence\/","og_site_name":"Vie Associative","article_published_time":"2024-12-14T20:17:23+00:00","og_image":[{"width":279,"height":92,"url":"https:\/\/vieassociative.be\/actualites\/wp-content\/uploads\/2024\/09\/header_backgroundk-01-e1726694325946.png","type":"image\/png"}],"author":"Julien","twitter_card":"summary_large_image","twitter_misc":{"\u00c9crit par":"Julien","Dur\u00e9e de lecture est.":"1 minute"},"schema":{"@context":"https:\/\/schema.org","@graph":[{"@type":"Article","@id":"https:\/\/vieassociative.be\/actualites\/le-bayern-de-kompany-subit-sa-premiere-defaite-en-bundesliga-a-mayence\/#article","isPartOf":{"@id":"https:\/\/vieassociative.be\/actualites\/le-bayern-de-kompany-subit-sa-premiere-defaite-en-bundesliga-a-mayence\/"},"author":{"name":"Julien","@id":"https:\/\/vieassociative.be\/actualites\/#\/schema\/person\/b87ac4f82f9d4e7b7cec7395b679edc4"},"headline":"Le Bayern de Kompany subit sa premi\u00e8re d\u00e9faite en Bundesliga \u00e0 Mayence","datePublished":"2024-12-14T20:17:23+00:00","dateModified":"2024-12-14T20:17:23+00:00","mainEntityOfPage":{"@id":"https:\/\/vieassociative.be\/actualites\/le-bayern-de-kompany-subit-sa-premiere-defaite-en-bundesliga-a-mayence\/"},"wordCount":224,"publisher":{"@id":"https:\/\/vieassociative.be\/actualites\/#organization"},"image":{"@id":"https:\/\/vieassociative.be\/actualites\/le-bayern-de-kompany-subit-sa-premiere-defaite-en-bundesliga-a-mayence\/#primaryimage"},"thumbnailUrl":"https:\/\/vieassociative.be\/actualites\/wp-content\/uploads\/2024\/12\/Le-Bayern-de-Kompany-subit-sa-premiere-defaite-en-Bundesliga.jpg","keywords":["Bayern","Bundesliga","D\u00e9faite","Kompany","Mayence","premi\u00e8re","subit"],"articleSection":["Belgique"],"inLanguage":"fr-BE"},{"@type":"WebPage","@id":"https:\/\/vieassociative.be\/actualites\/le-bayern-de-kompany-subit-sa-premiere-defaite-en-bundesliga-a-mayence\/","url":"https:\/\/vieassociative.be\/actualites\/le-bayern-de-kompany-subit-sa-premiere-defaite-en-bundesliga-a-mayence\/","name":"Le Bayern de Kompany subit sa premi\u00e8re d\u00e9faite en Bundesliga \u00e0 Mayence | Vie Associative","isPartOf":{"@id":"https:\/\/vieassociative.be\/actualites\/#website"},"primaryImageOfPage":{"@id":"https:\/\/vieassociative.be\/actualites\/le-bayern-de-kompany-subit-sa-premiere-defaite-en-bundesliga-a-mayence\/#primaryimage"},"image":{"@id":"https:\/\/vieassociative.be\/actualites\/le-bayern-de-kompany-subit-sa-premiere-defaite-en-bundesliga-a-mayence\/#primaryimage"},"thumbnailUrl":"https:\/\/vieassociative.be\/actualites\/wp-content\/uploads\/2024\/12\/Le-Bayern-de-Kompany-subit-sa-premiere-defaite-en-Bundesliga.jpg","datePublished":"2024-12-14T20:17:23+00:00","dateModified":"2024-12-14T20:17:23+00:00","breadcrumb":{"@id":"https:\/\/vieassociative.be\/actualites\/le-bayern-de-kompany-subit-sa-premiere-defaite-en-bundesliga-a-mayence\/#breadcrumb"},"inLanguage":"fr-BE","potentialAction":[{"@type":"ReadAction","target":["https:\/\/vieassociative.be\/actualites\/le-bayern-de-kompany-subit-sa-premiere-defaite-en-bundesliga-a-mayence\/"]}]},{"@type":"ImageObject","inLanguage":"fr-BE","@id":"https:\/\/vieassociative.be\/actualites\/le-bayern-de-kompany-subit-sa-premiere-defaite-en-bundesliga-a-mayence\/#primaryimage","url":"https:\/\/vieassociative.be\/actualites\/wp-content\/uploads\/2024\/12\/Le-Bayern-de-Kompany-subit-sa-premiere-defaite-en-Bundesliga.jpg","contentUrl":"https:\/\/vieassociative.be\/actualites\/wp-content\/uploads\/2024\/12\/Le-Bayern-de-Kompany-subit-sa-premiere-defaite-en-Bundesliga.jpg","width":2560,"height":1626,"caption":"Le Bayern de Kompany subit sa premi\u00e8re d\u00e9faite en Bundesliga \u00e0 Mayence"},{"@type":"BreadcrumbList","@id":"https:\/\/vieassociative.be\/actualites\/le-bayern-de-kompany-subit-sa-premiere-defaite-en-bundesliga-a-mayence\/#breadcrumb","itemListElement":[{"@type":"ListItem","position":1,"name":"Accueil","item":"https:\/\/vieassociative.be\/actualites\/"},{"@type":"ListItem","position":2,"name":"Le Bayern de Kompany subit sa premi\u00e8re d\u00e9faite en Bundesliga \u00e0 Mayence"}]},{"@type":"WebSite","@id":"https:\/\/vieassociative.be\/actualites\/#website","url":"https:\/\/vieassociative.be\/actualites\/","name":"Vie Associative","description":"","publisher":{"@id":"https:\/\/vieassociative.be\/actualites\/#organization"},"potentialAction":[{"@type":"SearchAction","target":{"@type":"EntryPoint","urlTemplate":"https:\/\/vieassociative.be\/actualites\/?s={search_term_string}"},"query-input":{"@type":"PropertyValueSpecification","valueRequired":true,"valueName":"search_term_string"}}],"inLanguage":"fr-BE"},{"@type":"Organization","@id":"https:\/\/vieassociative.be\/actualites\/#organization","name":"Vie Associative","url":"https:\/\/vieassociative.be\/actualites\/","logo":{"@type":"ImageObject","inLanguage":"fr-BE","@id":"https:\/\/vieassociative.be\/actualites\/#\/schema\/logo\/image\/","url":"https:\/\/vieassociative.be\/actualites\/wp-content\/uploads\/2024\/09\/cropped-vieassociative_favicon.ico.png","contentUrl":"https:\/\/vieassociative.be\/actualites\/wp-content\/uploads\/2024\/09\/cropped-vieassociative_favicon.ico.png","width":512,"height":512,"caption":"Vie Associative"},"image":{"@id":"https:\/\/vieassociative.be\/actualites\/#\/schema\/logo\/image\/"}},{"@type":"Person","@id":"https:\/\/vieassociative.be\/actualites\/#\/schema\/person\/b87ac4f82f9d4e7b7cec7395b679edc4","name":"Julien","image":{"@type":"ImageObject","inLanguage":"fr-BE","@id":"https:\/\/vieassociative.be\/actualites\/#\/schema\/person\/image\/","url":"https:\/\/vieassociative.be\/actualites\/wp-content\/uploads\/2024\/09\/vie-associative-1-150x150.jpg","contentUrl":"https:\/\/vieassociative.be\/actualites\/wp-content\/uploads\/2024\/09\/vie-associative-1-150x150.jpg","caption":"Julien"},"description":"Je suis Julien, r\u00e9dacteur pour Vie Associative. Passionn\u00e9 par le monde associatif depuis plus de 10 ans, j'ai \u00e0 c\u0153ur de partager des histoires inspirantes et de mettre en lumi\u00e8re les initiatives locales. Mon objectif est de sensibiliser et d'encourager l'engagement communautaire \u00e0 travers mes articles.","sameAs":["https:\/\/vieassociative.be\/"]}]}},"_links":{"self":[{"href":"https:\/\/vieassociative.be\/actualites\/wp-json\/wp\/v2\/posts\/3392"}],"collection":[{"href":"https:\/\/vieassociative.be\/actualites\/wp-json\/wp\/v2\/posts"}],"about":[{"href":"https:\/\/vieassociative.be\/actualites\/wp-json\/wp\/v2\/types\/post"}],"author":[{"embeddable":true,"href":"https:\/\/vieassociative.be\/actualites\/wp-json\/wp\/v2\/users\/1"}],"replies":[{"embeddable":true,"href":"https:\/\/vieassociative.be\/actualites\/wp-json\/wp\/v2\/comments?post=3392"}],"version-history":[{"count":0,"href":"https:\/\/vieassociative.be\/actualites\/wp-json\/wp\/v2\/posts\/3392\/revisions"}],"wp:featuredmedia":[{"embeddable":true,"href":"https:\/\/vieassociative.be\/actualites\/wp-json\/wp\/v2\/media\/3393"}],"wp:attachment":[{"href":"https:\/\/vieassociative.be\/actualites\/wp-json\/wp\/v2\/media?parent=3392"}],"wp:term":[{"taxonomy":"category","embeddable":true,"href":"https:\/\/vieassociative.be\/actualites\/wp-json\/wp\/v2\/categories?post=3392"},{"taxonomy":"post_tag","embeddable":true,"href":"https:\/\/vieassociative.be\/actualites\/wp-json\/wp\/v2\/tags?post=3392"}],"curies":[{"name":"wp","href":"https:\/\/api.w.org\/{rel}","templated":true}]}}