{"id":3390,"date":"2024-12-14T20:18:32","date_gmt":"2024-12-14T19:18:32","guid":{"rendered":"https:\/\/vieassociative.be\/actualites\/11-des-meilleurs-documentaires-musicaux-jamais-realises\/"},"modified":"2024-12-14T20:18:32","modified_gmt":"2024-12-14T19:18:32","slug":"11-des-meilleurs-documentaires-musicaux-jamais-realises","status":"publish","type":"post","link":"https:\/\/vieassociative.be\/actualites\/11-des-meilleurs-documentaires-musicaux-jamais-realises\/","title":{"rendered":"11 des meilleurs documentaires musicaux jamais r\u00e9alis\u00e9s"},"content":{"rendered":"<div class=\"mt-4 leading-6 md:mb-8\">\u00c9teignez les lumi\u00e8res et augmentez le volume.<\/div>\n<p><\/p>\n<p>Les documentaires musicaux ont un moment. Le mois dernier, les t\u00eates parlantes (par opposition aux Talking Heads) ont philosopher sur le pouvoir du \u00ab\u00a0yacht rock\u00a0\u00bb sur Max tandis que Disney+ a sorti un autre film sur les Beatles (produit par Martin Scorsese, rien de moins). Un bon documentaire musical peut r\u00e9v\u00e9ler les histoires qui se cachent derri\u00e8re la cr\u00e9ation de la musique que nous aimons tout en la pla\u00e7ant dans un contexte culturel plus large.<\/p>\n<p>Mais quels documentaires arrivent en t\u00eate des charts ? J&rsquo;en ai compil\u00e9 une liste de 11 (oui, c&rsquo;est un <em>Robinet lombaire <\/em>r\u00e9f\u00e9rence) des documentaires musicaux qui feront exploser vos haut-parleurs, et peut-\u00eatre votre esprit. Pour les besoins de cette liste, je laisse de c\u00f4t\u00e9 les films de concerts, principalement parce qu&rsquo;il n&rsquo;y a qu&rsquo;un nombre limit\u00e9 de fa\u00e7ons de parler de la qualit\u00e9 <em>Donne-moi un abri <\/em>et <em>Arr\u00eatez de donner du sens <\/em>sont.<\/p>\n<hr>\n<h2 id=\"dont-look-back-1967\"><em>Ne regarde pas en arri\u00e8re<\/em> (1967)<\/h2>\n<div class=\"mx-auto mt-8 w-full max-w-4xl\">\n<div id=\"video-container-1inL6s1htio?si=AQP8c3iwgbOlJz7D\"><\/div>\n<\/div>\n<p>Non seulement cette chronique de la tourn\u00e9e de Bob Dylan en Angleterre en 1965 est consid\u00e9r\u00e9e comme l&rsquo;un des meilleurs documentaires musicaux de tous les temps, mais elle a \u00e9galement eu une influence sur le genre du documentaire musical lui-m\u00eame. Il fait grand usage du cin\u00e9ma v\u00e9rit\u00e9, et pr\u00e9sente \u00e9galement ce que beaucoup consid\u00e8rent comme le premier clip vid\u00e9o\u00a0: une sc\u00e8ne de l&rsquo;auteur-compositeur-interpr\u00e8te retournant des cartes marqu\u00e9es de diverses paroles de sa chanson \u00ab\u00a0Subterranean Homesick Blues\u00a0\u00bb. Cependant, le meilleur aspect du film est de voir les journalistes et les fans tenter d&rsquo;\u00e9tiqueter Dylan, seulement pour qu&rsquo;il les fasse taire avec son esprit acerbe.<strong> A regarder sur Max<\/strong><strong>  et Criterion Channel, ou louez-le sur Prime Video<\/strong><strong>.<\/strong><\/p>\n<div class=\"pogoClear mb-12 mt-10 rounded-md border-2 border-gray-100 py-7 shadow-xl md:py-6\">\n<div class=\"flex flex-wrap justify-between px-7 text-black no-underline md:flex-nowrap md:px-8\">\n<div class=\"order-1 mx-auto flex flex-col justify-center md:order-2 md:ml-4 md:w-full md:grow\">\n<div class=\"block cursor-pointer text-center font-akshar text-2xl font-medium leading-7 text-brand-green duration-200 ease-in-out hover:text-brand-green-700 md:text-left md:text-xl md:leading-6\">Ne regarde pas en arri\u00e8re (1967)\n                <\/div>\n<div class=\"mt-4 hidden md:flex md:justify-between\">\n<div class=\"self-end\">\n<div class=\"mb-0 h-11 md:flex md:flex-col md:justify-center\">\n<div class=\" font-sans leading-4 text-black\">\n<div class=\"flex flex-wrap items-center justify-center gap-x-1 md:justify-start\">\n        <span class=\"font-bold\"><\/p>\n<p>                            <span class=\"font-medium\">au maximum<\/span><br \/>\n                    <\/span>\n            <\/div>\n<\/p><\/div>\n<\/p><\/div>\n<\/p><\/div>\n<div class=\"w-44 self-end\">\n                            <button class=\"flex justify-center items-center w-full bg-brand-green text-white text-base font-sans font-medium rounded-md hover:bg-brand-green-700 hover:cursor-pointer md:text-sm h-11\"><\/p>\n<p>    Apprendre encore plus<br \/>\n<\/button>\n                        <\/div>\n<\/p><\/div>\n<\/p><\/div>\n<div class=\"order-2 mt-5 h-auto w-full md:order-1 md:mt-0 md:hidden\">\n<div class=\"flex aspect-video items-center justify-center\">\n                                            <img decoding=\"async\" class=\"m-0 max-h-full max-w-full rounded-md\" src=\"https:\/\/vieassociative.be\/actualites\/wp-content\/uploads\/2024\/12\/11-des-meilleurs-documentaires-musicaux-jamais-realises.jpg\" alt=\"Logo Max\" width=\"auto\" height=\"auto\" loading=\"lazy\">\n                                    <\/div>\n<\/p><\/div>\n<div class=\"order-2 ml-2 hidden w-32 shrink-0 items-center md:order-1 md:ml-0 md:flex\">\n<div class=\"flex aspect-video items-center justify-center\">\n                                            <img decoding=\"async\" class=\"m-0 max-h-full max-w-full rounded-md\" src=\"https:\/\/vieassociative.be\/actualites\/wp-content\/uploads\/2024\/12\/11-des-meilleurs-documentaires-musicaux-jamais-realises.jpg\" alt=\"Logo Max\" width=\"auto\" height=\"auto\" loading=\"lazy\">\n                                    <\/div>\n<\/p><\/div>\n<div class=\"order-3 flex grow flex-wrap md:hidden md:grow-0\">\n<div class=\"mt-4 w-full\">\n                        <button class=\"flex justify-center items-center w-full bg-brand-green text-white text-base font-sans font-medium rounded-md hover:bg-brand-green-700 hover:cursor-pointer md:text-sm h-11\"><\/p>\n<p>    Apprendre encore plus<br \/>\n<\/button>\n                    <\/div>\n<div class=\"mx-2 mt-4 w-full\">\n<div class=\" font-sans leading-4 text-black\">\n<div class=\"flex flex-wrap items-center justify-center gap-x-1 md:justify-start\">\n        <span class=\"font-bold\"><\/p>\n<p>                            <span class=\"font-medium\">au maximum<\/span><br \/>\n                    <\/span>\n            <\/div>\n<\/p><\/div>\n<\/p><\/div>\n<\/p><\/div>\n<\/p><\/div>\n<\/div>\n<hr>\n<h2 id=\"the-velvet-underground-2021\"><em>Le Velvet Underground <\/em>(2021)<\/h2>\n<div class=\"mx-auto mt-8 w-full max-w-4xl\">\n<div id=\"video-container-hWq7a8Tin8g?si=NZqCy89HLNuP5tfv\"><\/div>\n<\/div>\n<p>Todd Haynes n&rsquo;est pas \u00e9tranger \u00e0 la r\u00e9alisation de films \u00e0 th\u00e8me musical, ayant tent\u00e9 de capturer la libert\u00e9 sexuelle de la sc\u00e8ne glam rock avec <em>Mine d&rsquo;or de velours <\/em>et les nombreuses facettes de Bob Dylan dans <em>Je ne suis pas l\u00e0<\/em>. Cependant, le format documentaire s&rsquo;est av\u00e9r\u00e9 \u00eatre le support id\u00e9al pour raconter l&rsquo;histoire du Velvet Underground, un groupe proto-punk tr\u00e8s influent dont la musique et les paroles capturaient parfaitement la sc\u00e8ne artistique d&rsquo;avant-garde de la fin des ann\u00e9es 60. Cela ne veut pas dire que Haynes n&rsquo;ajoute pas ses propres touches \u00e0 l&rsquo;histoire du groupe, en utilisant la technique de l&rsquo;\u00e9cran partag\u00e9 pour simuler les images et les sons de la version de New York dans laquelle Lou Reed et ses camarades sont apparus. Gardez le volume en haut quand vous regardez ce doc. <strong>Regardez-le sur Apple TV+<\/strong><strong>.<\/strong><\/p>\n<div class=\"pogoClear mb-12 mt-10 rounded-md border-2 border-gray-100 py-7 shadow-xl md:py-6\">\n<div class=\"flex flex-wrap justify-between px-7 text-black no-underline md:flex-nowrap md:px-8\">\n<div class=\"order-1 mx-auto flex flex-col justify-center md:order-2 md:ml-4 md:w-full md:grow\">\n<div class=\"block cursor-pointer text-center font-akshar text-2xl font-medium leading-7 text-brand-green duration-200 ease-in-out hover:text-brand-green-700 md:text-left md:text-xl md:leading-6\">Le Velvet Underground (2021)\n                <\/div>\n<div class=\"mt-4 hidden md:flex md:justify-between\">\n<div class=\"self-end\">\n<div class=\"mb-0 h-11 md:flex md:flex-col md:justify-center\">\n<div class=\" font-sans leading-4 text-black\">\n<div class=\"flex flex-wrap items-center justify-center gap-x-1 md:justify-start\">\n        <span class=\"font-bold\"><\/p>\n<p>                            <span class=\"font-medium\">sur Apple TV+<\/span><br \/>\n                    <\/span>\n            <\/div>\n<\/p><\/div>\n<\/p><\/div>\n<\/p><\/div>\n<div class=\"w-44 self-end\">\n                            <button class=\"flex justify-center items-center w-full bg-brand-green text-white text-base font-sans font-medium rounded-md hover:bg-brand-green-700 hover:cursor-pointer md:text-sm h-11\"><\/p>\n<p>    Apprendre encore plus<br \/>\n<\/button>\n                        <\/div>\n<\/p><\/div>\n<\/p><\/div>\n<div class=\"order-2 mt-5 h-auto w-full md:order-1 md:mt-0 md:hidden\">\n<div class=\"flex aspect-video items-center justify-center\">\n                                            <img decoding=\"async\" class=\"m-0 max-h-full max-w-full rounded-md\" src=\"https:\/\/vieassociative.be\/actualites\/wp-content\/uploads\/2024\/12\/1734203912_893_11-des-meilleurs-documentaires-musicaux-jamais-realises.jpg\" alt=\"Logo AppleTV\" width=\"auto\" height=\"auto\" loading=\"lazy\">\n                                    <\/div>\n<\/p><\/div>\n<div class=\"order-2 ml-2 hidden w-32 shrink-0 items-center md:order-1 md:ml-0 md:flex\">\n<div class=\"flex aspect-video items-center justify-center\">\n                                            <img decoding=\"async\" class=\"m-0 max-h-full max-w-full rounded-md\" src=\"https:\/\/vieassociative.be\/actualites\/wp-content\/uploads\/2024\/12\/1734203912_893_11-des-meilleurs-documentaires-musicaux-jamais-realises.jpg\" alt=\"Logo AppleTV\" width=\"auto\" height=\"auto\" loading=\"lazy\">\n                                    <\/div>\n<\/p><\/div>\n<div class=\"order-3 flex grow flex-wrap md:hidden md:grow-0\">\n<div class=\"mt-4 w-full\">\n                        <button class=\"flex justify-center items-center w-full bg-brand-green text-white text-base font-sans font-medium rounded-md hover:bg-brand-green-700 hover:cursor-pointer md:text-sm h-11\"><\/p>\n<p>    Apprendre encore plus<br \/>\n<\/button>\n                    <\/div>\n<div class=\"mx-2 mt-4 w-full\">\n<div class=\" font-sans leading-4 text-black\">\n<div class=\"flex flex-wrap items-center justify-center gap-x-1 md:justify-start\">\n        <span class=\"font-bold\"><\/p>\n<p>                            <span class=\"font-medium\">sur Apple TV+<\/span><br \/>\n                    <\/span>\n            <\/div>\n<\/p><\/div>\n<\/p><\/div>\n<\/p><\/div>\n<\/p><\/div>\n<\/div>\n<hr>\n<h2 id=\"ornette-made-in-america-1985\"><em>Ornette\u00a0:\u00a0fabriqu\u00e9e en Am\u00e9rique<\/em> (1985)<\/h2>\n<div class=\"mx-auto mt-8 w-full max-w-4xl\">\n<div id=\"video-container-bSxkxE56GOc?si=xIvSEucDOe07H_rH\"><\/div>\n<\/div>\n<p>Le portrait visuellement \u00e9poustouflant du pionnier du free jazz Ornette Coleman, r\u00e9alis\u00e9 par la cin\u00e9aste Shirley Clarke, bouge aussi rapidement que l&rsquo;une des \u0153uvres du musicien. S&rsquo;inspirant du style cin\u00e9ma v\u00e9rit\u00e9 lanc\u00e9 en <em>Ne regarde pas en arri\u00e8re<\/em>Clarke \u00e9l\u00e8ve cette approche vers de nouveaux sommets. \u00c0 travers un collage de sc\u00e8nes dramatiques, de s\u00e9quences de performances, de clips vid\u00e9o et d&rsquo;interviews, le film dresse le portrait vivant d&rsquo;un homme qui semble avoir trouv\u00e9 l&rsquo;inspiration dans les endroits les plus inattendus, de l&rsquo;architecture de Buckminster Fuller \u00e0 la po\u00e9sie. <strong>Regardez-le sur Criterion Channel ou Kanopy ou louez-le sur Prime Video<\/strong><strong>. <\/strong><\/p>\n<div class=\"pogoClear mb-12 mt-10 rounded-md border-2 border-gray-100 py-7 shadow-xl md:py-6\">\n<div class=\"flex flex-wrap justify-between px-7 text-black no-underline md:flex-nowrap md:px-8\">\n<div class=\"order-1 mx-auto flex flex-col justify-center md:order-2 md:ml-4 md:w-full md:grow\">\n<div class=\"block cursor-pointer text-center font-akshar text-2xl font-medium leading-7 text-brand-green duration-200 ease-in-out hover:text-brand-green-700 md:text-left md:text-xl md:leading-6\">Ornette\u00a0:\u00a0Fabriqu\u00e9 en Am\u00e9rique (1985)\n                <\/div>\n<div class=\"mt-4 hidden md:flex md:justify-between\">\n<div class=\"self-end\">\n<div class=\"mb-0 h-11 md:flex md:flex-col md:justify-center\">\n<div class=\" font-sans leading-4 text-black\">\n<div class=\"flex flex-wrap items-center justify-center gap-x-1 md:justify-start\">\n        <span class=\"font-bold\"><\/p>\n<p>                            <span class=\"font-medium\">chez Prime Vid\u00e9o<\/span><br \/>\n                    <\/span>\n            <\/div>\n<\/p><\/div>\n<\/p><\/div>\n<\/p><\/div>\n<div class=\"w-44 self-end\">\n                            <button class=\"flex justify-center items-center w-full bg-brand-green text-white text-base font-sans font-medium rounded-md hover:bg-brand-green-700 hover:cursor-pointer md:text-sm h-11\"><\/p>\n<p>    Apprendre encore plus<br \/>\n<\/button>\n                        <\/div>\n<\/p><\/div>\n<\/p><\/div>\n<div class=\"order-2 mt-5 h-auto w-full md:order-1 md:mt-0 md:hidden\">\n<div class=\"flex aspect-video items-center justify-center\">\n                                            <img decoding=\"async\" class=\"m-0 max-h-full max-w-full rounded-md\" src=\"https:\/\/vieassociative.be\/actualites\/wp-content\/uploads\/2024\/12\/11-des-meilleurs-documentaires-musicaux-jamais-realises.png\" alt=\"Logo Prime Vid\u00e9o\" width=\"auto\" height=\"auto\" loading=\"lazy\">\n                                    <\/div>\n<\/p><\/div>\n<div class=\"order-2 ml-2 hidden w-32 shrink-0 items-center md:order-1 md:ml-0 md:flex\">\n<div class=\"flex aspect-video items-center justify-center\">\n                                            <img decoding=\"async\" class=\"m-0 max-h-full max-w-full rounded-md\" src=\"https:\/\/vieassociative.be\/actualites\/wp-content\/uploads\/2024\/12\/11-des-meilleurs-documentaires-musicaux-jamais-realises.png\" alt=\"Logo Prime Vid\u00e9o\" width=\"auto\" height=\"auto\" loading=\"lazy\">\n                                    <\/div>\n<\/p><\/div>\n<div class=\"order-3 flex grow flex-wrap md:hidden md:grow-0\">\n<div class=\"mt-4 w-full\">\n                        <button class=\"flex justify-center items-center w-full bg-brand-green text-white text-base font-sans font-medium rounded-md hover:bg-brand-green-700 hover:cursor-pointer md:text-sm h-11\"><\/p>\n<p>    Apprendre encore plus<br \/>\n<\/button>\n                    <\/div>\n<div class=\"mx-2 mt-4 w-full\">\n<div class=\" font-sans leading-4 text-black\">\n<div class=\"flex flex-wrap items-center justify-center gap-x-1 md:justify-start\">\n        <span class=\"font-bold\"><\/p>\n<p>                            <span class=\"font-medium\">chez Prime Vid\u00e9o<\/span><br \/>\n                    <\/span>\n            <\/div>\n<\/p><\/div>\n<\/p><\/div>\n<\/p><\/div>\n<\/p><\/div>\n<\/div>\n<hr>\n<h2 id=\"marley-2012\"><em>Marly <\/em>(2012)<\/h2>\n<div class=\"mx-auto mt-8 w-full max-w-4xl\">\n<div id=\"video-container-YvNlAZ3xqwI?si=kKlHQvYAqC3Qhlql\"><\/div>\n<\/div>\n<p>Si le r\u00e9cent biopic sur la l\u00e9gende du reggae vous manque, ce documentaire dresse un bien meilleur portrait de l&rsquo;ic\u00f4ne musicale. \u00c0 travers des s\u00e9quences de concert rares, des extraits d&rsquo;actualit\u00e9s et des entretiens avec ceux qui ont le mieux connu Bob Marley, le r\u00e9alisateur Kevin McDonald dresse le portrait \u00e9nigmatique d&rsquo;un artiste qui n&rsquo;a jamais faibli dans sa conviction que la musique pouvait unir les autres, m\u00eame si le crime d\u00e9chirait son \u00eele natale. <strong>Regardez-le ou louez-le sur Prime Video<\/strong><strong>.<\/strong><\/p>\n<div class=\"pogoClear mb-12 mt-10 rounded-md border-2 border-gray-100 py-7 shadow-xl md:py-6\">\n<div class=\"flex flex-wrap justify-between px-7 text-black no-underline md:flex-nowrap md:px-8\">\n<div class=\"order-1 mx-auto flex flex-col justify-center md:order-2 md:ml-4 md:w-full md:grow\">\n<div class=\"block cursor-pointer text-center font-akshar text-2xl font-medium leading-7 text-brand-green duration-200 ease-in-out hover:text-brand-green-700 md:text-left md:text-xl md:leading-6\">Marley (2012)\n                <\/div>\n<div class=\"mt-4 hidden md:flex md:justify-between\">\n<div class=\"self-end\">\n<div class=\"mb-0 h-11 md:flex md:flex-col md:justify-center\">\n<div class=\" font-sans leading-4 text-black\">\n<div class=\"flex flex-wrap items-center justify-center gap-x-1 md:justify-start\">\n        <span class=\"font-bold\"><\/p>\n<p>                            <span class=\"font-medium\">chez Prime Vid\u00e9o<\/span><br \/>\n                    <\/span>\n            <\/div>\n<\/p><\/div>\n<\/p><\/div>\n<\/p><\/div>\n<div class=\"w-44 self-end\">\n                            <button class=\"flex justify-center items-center w-full bg-brand-green text-white text-base font-sans font-medium rounded-md hover:bg-brand-green-700 hover:cursor-pointer md:text-sm h-11\"><\/p>\n<p>    Apprendre encore plus<br \/>\n<\/button>\n                        <\/div>\n<\/p><\/div>\n<\/p><\/div>\n<div class=\"order-2 mt-5 h-auto w-full md:order-1 md:mt-0 md:hidden\">\n<div class=\"flex aspect-video items-center justify-center\">\n                                            <img decoding=\"async\" class=\"m-0 max-h-full max-w-full rounded-md\" src=\"https:\/\/vieassociative.be\/actualites\/wp-content\/uploads\/2024\/12\/11-des-meilleurs-documentaires-musicaux-jamais-realises.png\" alt=\"Logo Prime Vid\u00e9o\" width=\"auto\" height=\"auto\" loading=\"lazy\">\n                                    <\/div>\n<\/p><\/div>\n<div class=\"order-2 ml-2 hidden w-32 shrink-0 items-center md:order-1 md:ml-0 md:flex\">\n<div class=\"flex aspect-video items-center justify-center\">\n                                            <img decoding=\"async\" class=\"m-0 max-h-full max-w-full rounded-md\" src=\"https:\/\/vieassociative.be\/actualites\/wp-content\/uploads\/2024\/12\/11-des-meilleurs-documentaires-musicaux-jamais-realises.png\" alt=\"Logo Prime Vid\u00e9o\" width=\"auto\" height=\"auto\" loading=\"lazy\">\n                                    <\/div>\n<\/p><\/div>\n<div class=\"order-3 flex grow flex-wrap md:hidden md:grow-0\">\n<div class=\"mt-4 w-full\">\n                        <button class=\"flex justify-center items-center w-full bg-brand-green text-white text-base font-sans font-medium rounded-md hover:bg-brand-green-700 hover:cursor-pointer md:text-sm h-11\"><\/p>\n<p>    Apprendre encore plus<br \/>\n<\/button>\n                    <\/div>\n<div class=\"mx-2 mt-4 w-full\">\n<div class=\" font-sans leading-4 text-black\">\n<div class=\"flex flex-wrap items-center justify-center gap-x-1 md:justify-start\">\n        <span class=\"font-bold\"><\/p>\n<p>                            <span class=\"font-medium\">chez Prime Vid\u00e9o<\/span><br \/>\n                    <\/span>\n            <\/div>\n<\/p><\/div>\n<\/p><\/div>\n<\/p><\/div>\n<\/p><\/div>\n<\/div>\n<hr>\n<h2 id=\"searching-for-sugarman-2012\"><em>\u00c0 la recherche de Sugarman <\/em>(2012)<\/h2>\n<div class=\"mx-auto mt-8 w-full max-w-4xl\">\n<div id=\"video-container-tDw7OqVBT-w?si=b9NgjzhxSnrfEVVa\"><\/div>\n<\/div>\n<p>Sixto Rodriguez, un auteur-compositeur-interpr\u00e8te n\u00e9 \u00e0 D\u00e9troit, a eu une carri\u00e8re musicale qui n&rsquo;a jamais vraiment d\u00e9coll\u00e9, m\u00eame apr\u00e8s avoir sorti deux albums bien accueillis. Pourtant, \u00e0 son insu, ses chansons avaient \u00e9t\u00e9 reprises et \u00e9chantillonn\u00e9es pendant des d\u00e9cennies par d&rsquo;autres musiciens. Son travail est m\u00eame devenu la bande originale de la r\u00e9volution en Afrique du Sud, \u00e0 l\u2019\u00e9poque de l\u2019apartheid, o\u00f9, selon ce documentaire prim\u00e9, il \u00e9tait plus populaire qu\u2019Elvis. L\u2019histoire de sa red\u00e9couverte se d\u00e9roule comme un myst\u00e8re musical captivant, enchantant le spectateur et le laissant amoureux de cet artiste incroyablement humble. <strong>Louez-le sur Prime Video<\/strong><strong>.<\/strong><\/p>\n<div class=\"pogoClear mb-12 mt-10 rounded-md border-2 border-gray-100 py-7 shadow-xl md:py-6\">\n<div class=\"flex flex-wrap justify-between px-7 text-black no-underline md:flex-nowrap md:px-8\">\n<div class=\"order-1 mx-auto flex flex-col justify-center md:order-2 md:ml-4 md:w-full md:grow\">\n<div class=\"block cursor-pointer text-center font-akshar text-2xl font-medium leading-7 text-brand-green duration-200 ease-in-out hover:text-brand-green-700 md:text-left md:text-xl md:leading-6\">\u00c0 la recherche de Sugarman (2012)\n                <\/div>\n<div class=\"mt-4 hidden md:flex md:justify-between\">\n<div class=\"self-end\">\n<div class=\"mb-0 h-11 md:flex md:flex-col md:justify-center\">\n<div class=\" font-sans leading-4 text-black\">\n<div class=\"flex flex-wrap items-center justify-center gap-x-1 md:justify-start\">\n        <span class=\"font-bold\"><\/p>\n<p>                            <span class=\"font-medium\">chez Prime Vid\u00e9o<\/span><br \/>\n                    <\/span>\n            <\/div>\n<\/p><\/div>\n<\/p><\/div>\n<\/p><\/div>\n<div class=\"w-44 self-end\">\n                            <button class=\"flex justify-center items-center w-full bg-brand-green text-white text-base font-sans font-medium rounded-md hover:bg-brand-green-700 hover:cursor-pointer md:text-sm h-11\"><\/p>\n<p>    Apprendre encore plus<br \/>\n<\/button>\n                        <\/div>\n<\/p><\/div>\n<\/p><\/div>\n<div class=\"order-2 mt-5 h-auto w-full md:order-1 md:mt-0 md:hidden\">\n<div class=\"flex aspect-video items-center justify-center\">\n                                            <img decoding=\"async\" class=\"m-0 max-h-full max-w-full rounded-md\" src=\"https:\/\/vieassociative.be\/actualites\/wp-content\/uploads\/2024\/12\/11-des-meilleurs-documentaires-musicaux-jamais-realises.png\" alt=\"Logo Prime Vid\u00e9o\" width=\"auto\" height=\"auto\" loading=\"lazy\">\n                                    <\/div>\n<\/p><\/div>\n<div class=\"order-2 ml-2 hidden w-32 shrink-0 items-center md:order-1 md:ml-0 md:flex\">\n<div class=\"flex aspect-video items-center justify-center\">\n                                            <img decoding=\"async\" class=\"m-0 max-h-full max-w-full rounded-md\" src=\"https:\/\/vieassociative.be\/actualites\/wp-content\/uploads\/2024\/12\/11-des-meilleurs-documentaires-musicaux-jamais-realises.png\" alt=\"Logo Prime Vid\u00e9o\" width=\"auto\" height=\"auto\" loading=\"lazy\">\n                                    <\/div>\n<\/p><\/div>\n<div class=\"order-3 flex grow flex-wrap md:hidden md:grow-0\">\n<div class=\"mt-4 w-full\">\n                        <button class=\"flex justify-center items-center w-full bg-brand-green text-white text-base font-sans font-medium rounded-md hover:bg-brand-green-700 hover:cursor-pointer md:text-sm h-11\"><\/p>\n<p>    Apprendre encore plus<br \/>\n<\/button>\n                    <\/div>\n<div class=\"mx-2 mt-4 w-full\">\n<div class=\" font-sans leading-4 text-black\">\n<div class=\"flex flex-wrap items-center justify-center gap-x-1 md:justify-start\">\n        <span class=\"font-bold\"><\/p>\n<p>                            <span class=\"font-medium\">chez Prime Vid\u00e9o<\/span><br \/>\n                    <\/span>\n            <\/div>\n<\/p><\/div>\n<\/p><\/div>\n<\/p><\/div>\n<\/p><\/div>\n<\/div>\n<hr>\n<h2 id=\"it-might-get-loud-2008\"><em>\u00c7a pourrait devenir bruyant<\/em> (2008)<\/h2>\n<div class=\"mx-auto mt-8 w-full max-w-4xl\">\n<div id=\"video-container-4YvNVqf2at0?si=fvniJ0uS9OYVVLKL\"><\/div>\n<\/div>\n<p>Trois guitaristes l\u00e9gendaires \u2013 Jimmy Page de Led Zeppelin, The Edge de U2 et Jack White \u2013 se r\u00e9unissent sur une sc\u00e8ne sonore de Los Angeles pour engager une conversation captivante et perspicace sur leurs styles de jeu, leurs parcours musicaux et leur profonde passion pour leur m\u00e9tier. Ce documentaire plonge dans l&rsquo;essence de ce qui pousse les musiciens \u00e0 s&rsquo;am\u00e9liorer et \u00e0 \u00e9voluer sans cesse. C&rsquo;est aussi tr\u00e8s amusant de voir The Edge montrer comment il cr\u00e9e le son distinctif de U2 avec sa vaste gamme de p\u00e9dales et d&rsquo;amplis. <strong>Diffusez gratuitement avec des publicit\u00e9s sur Tubi<\/strong><strong>  ou louer sur Prime Video<\/strong>.<\/p>\n<div class=\"pogoClear mb-12 mt-10 rounded-md border-2 border-gray-100 py-7 shadow-xl md:py-6\">\n<div class=\"flex flex-wrap justify-between px-7 text-black no-underline md:flex-nowrap md:px-8\">\n<div class=\"order-1 mx-auto flex flex-col justify-center md:order-2 md:ml-4 md:w-full md:grow\">\n<div class=\"block cursor-pointer text-center font-akshar text-2xl font-medium leading-7 text-brand-green duration-200 ease-in-out hover:text-brand-green-700 md:text-left md:text-xl md:leading-6\">\u00c7a pourrait devenir bruyant (2008)\n                <\/div>\n<div class=\"mt-4 hidden md:flex md:justify-between\">\n<div class=\"self-end\">\n<div class=\"mb-0 h-11 md:flex md:flex-col md:justify-center\">\n<div class=\" font-sans leading-4 text-black\">\n<div class=\"flex flex-wrap items-center justify-center gap-x-1 md:justify-start\">\n        <span class=\"font-bold\"><\/p>\n<p>                            <span class=\"font-medium\">chez Prime Vid\u00e9o<\/span><br \/>\n                    <\/span>\n            <\/div>\n<\/p><\/div>\n<\/p><\/div>\n<\/p><\/div>\n<div class=\"w-44 self-end\">\n                            <button class=\"flex justify-center items-center w-full bg-brand-green text-white text-base font-sans font-medium rounded-md hover:bg-brand-green-700 hover:cursor-pointer md:text-sm h-11\"><\/p>\n<p>    Apprendre encore plus<br \/>\n<\/button>\n                        <\/div>\n<\/p><\/div>\n<\/p><\/div>\n<div class=\"order-2 mt-5 h-auto w-full md:order-1 md:mt-0 md:hidden\">\n<div class=\"flex aspect-video items-center justify-center\">\n                                            <img decoding=\"async\" class=\"m-0 max-h-full max-w-full rounded-md\" src=\"https:\/\/vieassociative.be\/actualites\/wp-content\/uploads\/2024\/12\/11-des-meilleurs-documentaires-musicaux-jamais-realises.png\" alt=\"Logo Prime Vid\u00e9o\" width=\"auto\" height=\"auto\" loading=\"lazy\">\n                                    <\/div>\n<\/p><\/div>\n<div class=\"order-2 ml-2 hidden w-32 shrink-0 items-center md:order-1 md:ml-0 md:flex\">\n<div class=\"flex aspect-video items-center justify-center\">\n                                            <img decoding=\"async\" class=\"m-0 max-h-full max-w-full rounded-md\" src=\"https:\/\/vieassociative.be\/actualites\/wp-content\/uploads\/2024\/12\/11-des-meilleurs-documentaires-musicaux-jamais-realises.png\" alt=\"Logo Prime Vid\u00e9o\" width=\"auto\" height=\"auto\" loading=\"lazy\">\n                                    <\/div>\n<\/p><\/div>\n<div class=\"order-3 flex grow flex-wrap md:hidden md:grow-0\">\n<div class=\"mt-4 w-full\">\n                        <button class=\"flex justify-center items-center w-full bg-brand-green text-white text-base font-sans font-medium rounded-md hover:bg-brand-green-700 hover:cursor-pointer md:text-sm h-11\"><\/p>\n<p>    Apprendre encore plus<br \/>\n<\/button>\n                    <\/div>\n<div class=\"mx-2 mt-4 w-full\">\n<div class=\" font-sans leading-4 text-black\">\n<div class=\"flex flex-wrap items-center justify-center gap-x-1 md:justify-start\">\n        <span class=\"font-bold\"><\/p>\n<p>                            <span class=\"font-medium\">chez Prime Vid\u00e9o<\/span><br \/>\n                    <\/span>\n            <\/div>\n<\/p><\/div>\n<\/p><\/div>\n<\/p><\/div>\n<\/p><\/div>\n<\/div>\n<hr>\n<h2 id=\"hallelujah-leonard-cohen-a-journey-a-song-2022\"><em>All\u00e9luia : Leonard Cohen, un voyage, une chanson <\/em>(2022)<\/h2>\n<div class=\"mx-auto mt-8 w-full max-w-4xl\">\n<div id=\"video-container-11IPQYZMXjc?si=LA3syNhUaZiZFPCD\"><\/div>\n<\/div>\n<p>Comment le morceau autrefois obscur de Leonard Cohen \u00ab Hallelujah \u00bb est-il devenu une partie du lexique culturel ? Ce documentaire suit le parcours compliqu\u00e9 de la chanson, depuis l&rsquo;esprit de l&rsquo;auteur-compositeur jusqu&rsquo;\u00e0 son apparition improbable sur la bande originale du film pour enfants. <em>Shrek<\/em>. Cependant, l\u2019aspect le plus int\u00e9ressant est peut-\u00eatre d\u2019entendre comment les nombreux musiciens qui ont repris la chanson interpr\u00e8tent ses paroles puissantes. <strong>Regardez-le sur Hulu<\/strong><strong>  ou louez-le sur Prime Video<\/strong><strong>.<\/strong><\/p>\n<div class=\"pogoClear mb-12 mt-10 rounded-md border-2 border-gray-100 py-7 shadow-xl md:py-6\">\n<div class=\"flex flex-wrap justify-between px-7 text-black no-underline md:flex-nowrap md:px-8\">\n<div class=\"order-1 mx-auto flex flex-col justify-center md:order-2 md:ml-4 md:w-full md:grow\">\n<div class=\"block cursor-pointer text-center font-akshar text-2xl font-medium leading-7 text-brand-green duration-200 ease-in-out hover:text-brand-green-700 md:text-left md:text-xl md:leading-6\">All\u00e9luia : Leonard Cohen, un voyage, une chanson (2022)\n                <\/div>\n<div class=\"mt-4 hidden md:flex md:justify-between\">\n<div class=\"self-end\">\n<div class=\"mb-0 h-11 md:flex md:flex-col md:justify-center\">\n<div class=\" font-sans leading-4 text-black\">\n<div class=\"flex flex-wrap items-center justify-center gap-x-1 md:justify-start\">\n        <span class=\"font-bold\"><\/p>\n<p>                            <span class=\"font-medium\">\u00e0 Hulu<\/span><br \/>\n                    <\/span>\n            <\/div>\n<\/p><\/div>\n<\/p><\/div>\n<\/p><\/div>\n<div class=\"w-44 self-end\">\n                            <button class=\"flex justify-center items-center w-full bg-brand-green text-white text-base font-sans font-medium rounded-md hover:bg-brand-green-700 hover:cursor-pointer md:text-sm h-11\"><\/p>\n<p>    Apprendre encore plus<br \/>\n<\/button>\n                        <\/div>\n<\/p><\/div>\n<\/p><\/div>\n<div class=\"order-2 mt-5 h-auto w-full md:order-1 md:mt-0 md:hidden\">\n<div class=\"flex aspect-video items-center justify-center\">\n                                            <img decoding=\"async\" class=\"m-0 max-h-full max-w-full rounded-md\" src=\"https:\/\/vieassociative.be\/actualites\/wp-content\/uploads\/2024\/12\/1734203912_32_11-des-meilleurs-documentaires-musicaux-jamais-realises.jpg\" alt=\"Logo Hulu\" width=\"auto\" height=\"auto\" loading=\"lazy\">\n                                    <\/div>\n<\/p><\/div>\n<div class=\"order-2 ml-2 hidden w-32 shrink-0 items-center md:order-1 md:ml-0 md:flex\">\n<div class=\"flex aspect-video items-center justify-center\">\n                                            <img decoding=\"async\" class=\"m-0 max-h-full max-w-full rounded-md\" src=\"https:\/\/vieassociative.be\/actualites\/wp-content\/uploads\/2024\/12\/1734203912_32_11-des-meilleurs-documentaires-musicaux-jamais-realises.jpg\" alt=\"Logo Hulu\" width=\"auto\" height=\"auto\" loading=\"lazy\">\n                                    <\/div>\n<\/p><\/div>\n<div class=\"order-3 flex grow flex-wrap md:hidden md:grow-0\">\n<div class=\"mt-4 w-full\">\n                        <button class=\"flex justify-center items-center w-full bg-brand-green text-white text-base font-sans font-medium rounded-md hover:bg-brand-green-700 hover:cursor-pointer md:text-sm h-11\"><\/p>\n<p>    Apprendre encore plus<br \/>\n<\/button>\n                    <\/div>\n<div class=\"mx-2 mt-4 w-full\">\n<div class=\" font-sans leading-4 text-black\">\n<div class=\"flex flex-wrap items-center justify-center gap-x-1 md:justify-start\">\n        <span class=\"font-bold\"><\/p>\n<p>                            <span class=\"font-medium\">\u00e0 Hulu<\/span><br \/>\n                    <\/span>\n            <\/div>\n<\/p><\/div>\n<\/p><\/div>\n<\/p><\/div>\n<\/p><\/div>\n<\/div>\n<hr>\n<h2 id=\"freestyle-101-hip-hop-history-2023\"><em>Freestyle 101\u00a0: Histoire du hip-hop <\/em>(2023)<\/h2>\n<div class=\"mx-auto mt-8 w-full max-w-4xl\">\n<div id=\"video-container-gL3RDIHZNtw?si=yauEW0_0zqsgsgdf\"><\/div>\n<\/div>\n<p>Racont\u00e9 par le l\u00e9gendaire rappeur Chuck D, ce film en roue libre plonge dans la riche histoire du hip-freestyle hop. Il pr\u00e9sente des extraits sonores de pionniers comme Ice Cube et Fat Joe, tout en suivant deux artistes largement consid\u00e9r\u00e9s comme l&rsquo;avenir du genre, Open Mike Eagle et le rappeur de combat Iron Solomon. L&rsquo;inventivit\u00e9 de certaines paroles que les rappeurs tirent apparemment de l&rsquo;air est vraiment impressionnante, et l&rsquo;intensit\u00e9 des batailles de rap en fait un incontournable pour les amateurs de hip-hop. <strong>Louez-le sur Prime Video<\/strong><strong>.<\/strong> <\/p>\n<div class=\"pogoClear mb-12 mt-10 rounded-md border-2 border-gray-100 py-7 shadow-xl md:py-6\">\n<div class=\"flex flex-wrap justify-between px-7 text-black no-underline md:flex-nowrap md:px-8\">\n<div class=\"order-1 mx-auto flex flex-col justify-center md:order-2 md:ml-4 md:w-full md:grow\">\n<div class=\"block cursor-pointer text-center font-akshar text-2xl font-medium leading-7 text-brand-green duration-200 ease-in-out hover:text-brand-green-700 md:text-left md:text-xl md:leading-6\">Freestyle 101\u00a0: Histoire du hip-hop (2023)\n                <\/div>\n<div class=\"mt-4 hidden md:flex md:justify-between\">\n<div class=\"self-end\">\n<div class=\"mb-0 h-11 md:flex md:flex-col md:justify-center\">\n<div class=\" font-sans leading-4 text-black\">\n<div class=\"flex flex-wrap items-center justify-center gap-x-1 md:justify-start\">\n        <span class=\"font-bold\"><\/p>\n<p>                            <span class=\"font-medium\">chez Prime Vid\u00e9o<\/span><br \/>\n                    <\/span>\n            <\/div>\n<\/p><\/div>\n<\/p><\/div>\n<\/p><\/div>\n<div class=\"w-44 self-end\">\n                            <button class=\"flex justify-center items-center w-full bg-brand-green text-white text-base font-sans font-medium rounded-md hover:bg-brand-green-700 hover:cursor-pointer md:text-sm h-11\"><\/p>\n<p>    Apprendre encore plus<br \/>\n<\/button>\n                        <\/div>\n<\/p><\/div>\n<\/p><\/div>\n<div class=\"order-2 mt-5 h-auto w-full md:order-1 md:mt-0 md:hidden\">\n<div class=\"flex aspect-video items-center justify-center\">\n                                            <img decoding=\"async\" class=\"m-0 max-h-full max-w-full rounded-md\" src=\"https:\/\/vieassociative.be\/actualites\/wp-content\/uploads\/2024\/12\/11-des-meilleurs-documentaires-musicaux-jamais-realises.png\" alt=\"Logo Prime Vid\u00e9o\" width=\"auto\" height=\"auto\" loading=\"lazy\">\n                                    <\/div>\n<\/p><\/div>\n<div class=\"order-2 ml-2 hidden w-32 shrink-0 items-center md:order-1 md:ml-0 md:flex\">\n<div class=\"flex aspect-video items-center justify-center\">\n                                            <img decoding=\"async\" class=\"m-0 max-h-full max-w-full rounded-md\" src=\"https:\/\/vieassociative.be\/actualites\/wp-content\/uploads\/2024\/12\/11-des-meilleurs-documentaires-musicaux-jamais-realises.png\" alt=\"Logo Prime Vid\u00e9o\" width=\"auto\" height=\"auto\" loading=\"lazy\">\n                                    <\/div>\n<\/p><\/div>\n<div class=\"order-3 flex grow flex-wrap md:hidden md:grow-0\">\n<div class=\"mt-4 w-full\">\n                        <button class=\"flex justify-center items-center w-full bg-brand-green text-white text-base font-sans font-medium rounded-md hover:bg-brand-green-700 hover:cursor-pointer md:text-sm h-11\"><\/p>\n<p>    Apprendre encore plus<br \/>\n<\/button>\n                    <\/div>\n<div class=\"mx-2 mt-4 w-full\">\n<div class=\" font-sans leading-4 text-black\">\n<div class=\"flex flex-wrap items-center justify-center gap-x-1 md:justify-start\">\n        <span class=\"font-bold\"><\/p>\n<p>                            <span class=\"font-medium\">chez Prime Vid\u00e9o<\/span><br \/>\n                    <\/span>\n            <\/div>\n<\/p><\/div>\n<\/p><\/div>\n<\/p><\/div>\n<\/p><\/div>\n<\/div>\n<hr>\n<h2 id=\"hype-1996\"><em>Battage! <\/em>(1996)<\/h2>\n<div class=\"mx-auto mt-8 w-full max-w-4xl\">\n<div id=\"video-container-5u5raLr1-fc?si=-PYozkP955vmwLKv\"><\/div>\n<\/div>\n<p>Pr\u00e9sentant des images rares de certains de vos groupes grunge pr\u00e9f\u00e9r\u00e9s des ann\u00e9es 90 avant qu&rsquo;ils ne deviennent c\u00e9l\u00e8bres, <em>Battage! <\/em>raconte l&rsquo;essor et la chute \u00e9ventuelle de la sc\u00e8ne musicale de Seattle du point de vue de ceux qui \u00e9taient l\u00e0. Le plus frappant est que les grands labels qui ignoraient autrefois les groupes underground de la r\u00e9gion ont soudainement trouv\u00e9 le moyen de les exploiter d\u00e8s qu&rsquo;ils ont flair\u00e9 l&rsquo;argent, transformant bient\u00f4t l&rsquo;art en un gadget marketing. <strong>Regardez-le sur Prime Video<\/strong><strong>diffusez gratuitement avec des publicit\u00e9s sur Tubi et Pluto TV, ou louez-le sous forme num\u00e9rique<\/strong><strong>. <\/strong><\/p>\n<div class=\"pogoClear mb-12 mt-10 rounded-md border-2 border-gray-100 py-7 shadow-xl md:py-6\">\n<div class=\"flex flex-wrap justify-between px-7 text-black no-underline md:flex-nowrap md:px-8\">\n<div class=\"order-1 mx-auto flex flex-col justify-center md:order-2 md:ml-4 md:w-full md:grow\">\n<div class=\"block cursor-pointer text-center font-akshar text-2xl font-medium leading-7 text-brand-green duration-200 ease-in-out hover:text-brand-green-700 md:text-left md:text-xl md:leading-6\">Battage! (1996)\n                <\/div>\n<div class=\"mt-4 hidden md:flex md:justify-between\">\n<div class=\"self-end\">\n<div class=\"mb-0 h-11 md:flex md:flex-col md:justify-center\">\n<div class=\" font-sans leading-4 text-black\">\n<div class=\"flex flex-wrap items-center justify-center gap-x-1 md:justify-start\">\n        <span class=\"font-bold\"><\/p>\n<p>                            <span class=\"font-medium\">chez Prime Vid\u00e9o<\/span><br \/>\n                    <\/span>\n            <\/div>\n<\/p><\/div>\n<\/p><\/div>\n<\/p><\/div>\n<div class=\"w-44 self-end\">\n                            <button class=\"flex justify-center items-center w-full bg-brand-green text-white text-base font-sans font-medium rounded-md hover:bg-brand-green-700 hover:cursor-pointer md:text-sm h-11\"><\/p>\n<p>    Apprendre encore plus<br \/>\n<\/button>\n                        <\/div>\n<\/p><\/div>\n<\/p><\/div>\n<div class=\"order-2 mt-5 h-auto w-full md:order-1 md:mt-0 md:hidden\">\n<div class=\"flex aspect-video items-center justify-center\">\n                                            <img decoding=\"async\" class=\"m-0 max-h-full max-w-full rounded-md\" src=\"https:\/\/vieassociative.be\/actualites\/wp-content\/uploads\/2024\/12\/11-des-meilleurs-documentaires-musicaux-jamais-realises.png\" alt=\"Logo Prime Vid\u00e9o\" width=\"auto\" height=\"auto\" loading=\"lazy\">\n                                    <\/div>\n<\/p><\/div>\n<div class=\"order-2 ml-2 hidden w-32 shrink-0 items-center md:order-1 md:ml-0 md:flex\">\n<div class=\"flex aspect-video items-center justify-center\">\n                                            <img decoding=\"async\" class=\"m-0 max-h-full max-w-full rounded-md\" src=\"https:\/\/vieassociative.be\/actualites\/wp-content\/uploads\/2024\/12\/11-des-meilleurs-documentaires-musicaux-jamais-realises.png\" alt=\"Logo Prime Vid\u00e9o\" width=\"auto\" height=\"auto\" loading=\"lazy\">\n                                    <\/div>\n<\/p><\/div>\n<div class=\"order-3 flex grow flex-wrap md:hidden md:grow-0\">\n<div class=\"mt-4 w-full\">\n                        <button class=\"flex justify-center items-center w-full bg-brand-green text-white text-base font-sans font-medium rounded-md hover:bg-brand-green-700 hover:cursor-pointer md:text-sm h-11\"><\/p>\n<p>    Apprendre encore plus<br \/>\n<\/button>\n                    <\/div>\n<div class=\"mx-2 mt-4 w-full\">\n<div class=\" font-sans leading-4 text-black\">\n<div class=\"flex flex-wrap items-center justify-center gap-x-1 md:justify-start\">\n        <span class=\"font-bold\"><\/p>\n<p>                            <span class=\"font-medium\">chez Prime Vid\u00e9o<\/span><br \/>\n                    <\/span>\n            <\/div>\n<\/p><\/div>\n<\/p><\/div>\n<\/p><\/div>\n<\/p><\/div>\n<\/div>\n<hr>\n<h2 id=\"hot-potato-the-story-of-the-wiggles-2023\"><em>Hot Potato\u00a0: L&rsquo;histoire des Wiggles<\/em> (2023)<\/h2>\n<div class=\"mx-auto mt-8 w-full max-w-4xl\">\n<div id=\"video-container-_OVvur4wj74?si=mQUTqWUK9aNPNgy4\"><\/div>\n<\/div>\n<p>Ce documentaire raconte comment trois musiciens australiens et leur ami Jeff sont venus de modestes d\u00e9buts pour former le groupe de rock pour enfants universellement appr\u00e9ci\u00e9. Contrairement \u00e0 d&rsquo;autres documentaires qui plongent dans les entrailles sombres du rock and roll avec des histoires de sexe, de drogue et d&rsquo;exc\u00e8s, ce film s&rsquo;abstient de ternir l&rsquo;h\u00e9ritage de votre quartier d&rsquo;enfance pr\u00e9f\u00e9r\u00e9. M\u00eame moi, qui connaissais peu le groupe lorsque j&rsquo;ai regard\u00e9 ce documentaire, j&rsquo;ai \u00e9t\u00e9 \u00e9mu en entendant chaque membre discuter de la fa\u00e7on dont ils aimaient divertir les enfants au d\u00e9triment de l&rsquo;absence de leurs propres enfants qui grandissent. <strong>Regardez-le sur Prime Video<\/strong><strong>.<\/strong><\/p>\n<div class=\"pogoClear mb-12 mt-10 rounded-md border-2 border-gray-100 py-7 shadow-xl md:py-6\">\n<div class=\"flex flex-wrap justify-between px-7 text-black no-underline md:flex-nowrap md:px-8\">\n<div class=\"order-1 mx-auto flex flex-col justify-center md:order-2 md:ml-4 md:w-full md:grow\">\n<div class=\"block cursor-pointer text-center font-akshar text-2xl font-medium leading-7 text-brand-green duration-200 ease-in-out hover:text-brand-green-700 md:text-left md:text-xl md:leading-6\">Hot Potato : L&rsquo;histoire des Wiggles (2023)\n                <\/div>\n<div class=\"mt-4 hidden md:flex md:justify-between\">\n<div class=\"self-end\">\n<div class=\"mb-0 h-11 md:flex md:flex-col md:justify-center\">\n<div class=\" font-sans leading-4 text-black\">\n<div class=\"flex flex-wrap items-center justify-center gap-x-1 md:justify-start\">\n        <span class=\"font-bold\"><\/p>\n<p>                            <span class=\"font-medium\">chez Prime Vid\u00e9o<\/span><br \/>\n                    <\/span>\n            <\/div>\n<\/p><\/div>\n<\/p><\/div>\n<\/p><\/div>\n<div class=\"w-44 self-end\">\n                            <button class=\"flex justify-center items-center w-full bg-brand-green text-white text-base font-sans font-medium rounded-md hover:bg-brand-green-700 hover:cursor-pointer md:text-sm h-11\"><\/p>\n<p>    Apprendre encore plus<br \/>\n<\/button>\n                        <\/div>\n<\/p><\/div>\n<\/p><\/div>\n<div class=\"order-2 mt-5 h-auto w-full md:order-1 md:mt-0 md:hidden\">\n<div class=\"flex aspect-video items-center justify-center\">\n                                            <img decoding=\"async\" class=\"m-0 max-h-full max-w-full rounded-md\" src=\"https:\/\/vieassociative.be\/actualites\/wp-content\/uploads\/2024\/12\/11-des-meilleurs-documentaires-musicaux-jamais-realises.png\" alt=\"Logo Prime Vid\u00e9o\" width=\"auto\" height=\"auto\" loading=\"lazy\">\n                                    <\/div>\n<\/p><\/div>\n<div class=\"order-2 ml-2 hidden w-32 shrink-0 items-center md:order-1 md:ml-0 md:flex\">\n<div class=\"flex aspect-video items-center justify-center\">\n                                            <img decoding=\"async\" class=\"m-0 max-h-full max-w-full rounded-md\" src=\"https:\/\/vieassociative.be\/actualites\/wp-content\/uploads\/2024\/12\/11-des-meilleurs-documentaires-musicaux-jamais-realises.png\" alt=\"Logo Prime Vid\u00e9o\" width=\"auto\" height=\"auto\" loading=\"lazy\">\n                                    <\/div>\n<\/p><\/div>\n<div class=\"order-3 flex grow flex-wrap md:hidden md:grow-0\">\n<div class=\"mt-4 w-full\">\n                        <button class=\"flex justify-center items-center w-full bg-brand-green text-white text-base font-sans font-medium rounded-md hover:bg-brand-green-700 hover:cursor-pointer md:text-sm h-11\"><\/p>\n<p>    Apprendre encore plus<br \/>\n<\/button>\n                    <\/div>\n<div class=\"mx-2 mt-4 w-full\">\n<div class=\" font-sans leading-4 text-black\">\n<div class=\"flex flex-wrap items-center justify-center gap-x-1 md:justify-start\">\n        <span class=\"font-bold\"><\/p>\n<p>                            <span class=\"font-medium\">chez Prime Vid\u00e9o<\/span><br \/>\n                    <\/span>\n            <\/div>\n<\/p><\/div>\n<\/p><\/div>\n<\/p><\/div>\n<\/p><\/div>\n<\/div>\n<hr>\n<h2 id=\"feet-from-stardom-2013\"><em>\u00c0 20 pieds de la c\u00e9l\u00e9brit\u00e9<\/em> (2013)<\/h2>\n<div class=\"mx-auto mt-8 w-full max-w-4xl\">\n<div id=\"video-container-tWyUJcA8Zfo?si=xZUhKQNJNjP8m0ij\"><\/div>\n<\/div>\n<p>Derri\u00e8re chaque grand leader se cache une femme extraordinaire qui chante en ch\u0153ur. Ce film met en lumi\u00e8re ces h\u00e9ros m\u00e9connus de la musique rock, souvent n\u00e9glig\u00e9s en raison de leur race ou de leur sexe, et leur donne une plateforme pour partager leurs histoires, r\u00e9v\u00e9ler les secrets de certaines de vos chansons pr\u00e9f\u00e9r\u00e9es et leur donner la reconnaissance qu&rsquo;ils m\u00e9ritent. <strong>Louez-le sur Prime Video<\/strong><strong>.<\/strong><\/p>\n<div class=\"pogoClear mb-12 mt-10 rounded-md border-2 border-gray-100 py-7 shadow-xl md:py-6\">\n<div class=\"flex flex-wrap justify-between px-7 text-black no-underline md:flex-nowrap md:px-8\">\n<div class=\"order-1 mx-auto flex flex-col justify-center md:order-2 md:ml-4 md:w-full md:grow\">\n<div class=\"block cursor-pointer text-center font-akshar text-2xl font-medium leading-7 text-brand-green duration-200 ease-in-out hover:text-brand-green-700 md:text-left md:text-xl md:leading-6\">\u00c0 20 pieds de la c\u00e9l\u00e9brit\u00e9 (2013)\n                <\/div>\n<div class=\"mt-4 hidden md:flex md:justify-between\">\n<div class=\"self-end\">\n<div class=\"mb-0 h-11 md:flex md:flex-col md:justify-center\">\n<div class=\" font-sans leading-4 text-black\">\n<div class=\"flex flex-wrap items-center justify-center gap-x-1 md:justify-start\">\n        <span class=\"font-bold\"><\/p>\n<p>                            <span class=\"font-medium\">chez Prime Vid\u00e9o<\/span><br \/>\n                    <\/span>\n            <\/div>\n<\/p><\/div>\n<\/p><\/div>\n<\/p><\/div>\n<div class=\"w-44 self-end\">\n                            <button class=\"flex justify-center items-center w-full bg-brand-green text-white text-base font-sans font-medium rounded-md hover:bg-brand-green-700 hover:cursor-pointer md:text-sm h-11\"><\/p>\n<p>    Apprendre encore plus<br \/>\n<\/button>\n                        <\/div>\n<\/p><\/div>\n<\/p><\/div>\n<div class=\"order-2 mt-5 h-auto w-full md:order-1 md:mt-0 md:hidden\">\n<div class=\"flex aspect-video items-center justify-center\">\n                                            <img decoding=\"async\" class=\"m-0 max-h-full max-w-full rounded-md\" src=\"https:\/\/vieassociative.be\/actualites\/wp-content\/uploads\/2024\/12\/11-des-meilleurs-documentaires-musicaux-jamais-realises.png\" alt=\"Logo Prime Vid\u00e9o\" width=\"auto\" height=\"auto\" loading=\"lazy\">\n                                    <\/div>\n<\/p><\/div>\n<div class=\"order-2 ml-2 hidden w-32 shrink-0 items-center md:order-1 md:ml-0 md:flex\">\n<div class=\"flex aspect-video items-center justify-center\">\n                                            <img decoding=\"async\" class=\"m-0 max-h-full max-w-full rounded-md\" src=\"https:\/\/vieassociative.be\/actualites\/wp-content\/uploads\/2024\/12\/11-des-meilleurs-documentaires-musicaux-jamais-realises.png\" alt=\"Logo Prime Vid\u00e9o\" width=\"auto\" height=\"auto\" loading=\"lazy\">\n                                    <\/div>\n<\/p><\/div>\n<div class=\"order-3 flex grow flex-wrap md:hidden md:grow-0\">\n<div class=\"mt-4 w-full\">\n                        <button class=\"flex justify-center items-center w-full bg-brand-green text-white text-base font-sans font-medium rounded-md hover:bg-brand-green-700 hover:cursor-pointer md:text-sm h-11\"><\/p>\n<p>    Apprendre encore plus<br \/>\n<\/button>\n                    <\/div>\n<div class=\"mx-2 mt-4 w-full\">\n<div class=\" font-sans leading-4 text-black\">\n<div class=\"flex flex-wrap items-center justify-center gap-x-1 md:justify-start\">\n        <span class=\"font-bold\"><\/p>\n<p>                            <span class=\"font-medium\">chez Prime Vid\u00e9o<\/span><br \/>\n                    <\/span>\n            <\/div>\n<\/p><\/div>\n<\/p><\/div>\n<\/p><\/div>\n<\/p><\/div>\n<\/div>\n","protected":false},"excerpt":{"rendered":"<p>\u00c9teignez les lumi\u00e8res et augmentez le volume. Les documentaires musicaux ont un moment. Le mois dernier, les t\u00eates parlantes (par opposition aux Talking Heads) ont<\/p>\n","protected":false},"author":1,"featured_media":3391,"comment_status":"","ping_status":"","sticky":false,"template":"","format":"standard","meta":{"footnotes":""},"categories":[36],"tags":[29,2433,851,187,4022,4023],"class_list":["post-3390","post","type-post","status-publish","format-standard","has-post-thumbnail","hentry","category-divertissement","tag-des","tag-documentaires","tag-jamais","tag-meilleurs","tag-musicaux","tag-realises","generate-columns","tablet-grid-50","mobile-grid-100","grid-parent","grid-33"],"yoast_head":"<!-- This site is optimized with the Yoast SEO plugin v24.0 - https:\/\/yoast.com\/wordpress\/plugins\/seo\/ -->\n<title>11 des meilleurs documentaires musicaux jamais r\u00e9alis\u00e9s | Vie Associative<\/title>\n<meta name=\"robots\" content=\"index, follow, max-snippet:-1, max-image-preview:large, max-video-preview:-1\" \/>\n<link rel=\"canonical\" href=\"https:\/\/vieassociative.be\/actualites\/11-des-meilleurs-documentaires-musicaux-jamais-realises\/\" \/>\n<meta property=\"og:locale\" content=\"fr_FR\" \/>\n<meta property=\"og:type\" content=\"article\" \/>\n<meta property=\"og:title\" content=\"11 des meilleurs documentaires musicaux jamais r\u00e9alis\u00e9s | Vie Associative\" \/>\n<meta property=\"og:description\" content=\"\u00c9teignez les lumi\u00e8res et augmentez le volume. Les documentaires musicaux ont un moment. Le mois dernier, les t\u00eates parlantes (par opposition aux Talking Heads) ont\" \/>\n<meta property=\"og:url\" content=\"https:\/\/vieassociative.be\/actualites\/11-des-meilleurs-documentaires-musicaux-jamais-realises\/\" \/>\n<meta property=\"og:site_name\" content=\"Vie Associative\" \/>\n<meta property=\"article:published_time\" content=\"2024-12-14T19:18:32+00:00\" \/>\n<meta property=\"og:image\" content=\"https:\/\/vieassociative.be\/actualites\/wp-content\/uploads\/2024\/12\/11-des-meilleurs-documentaires-musicaux-jamais-realises.jpg\" \/>\n<meta name=\"author\" content=\"Julien\" \/>\n<meta name=\"twitter:card\" content=\"summary_large_image\" \/>\n<meta name=\"twitter:label1\" content=\"\u00c9crit par\" \/>\n\t<meta name=\"twitter:data1\" content=\"Julien\" \/>\n\t<meta name=\"twitter:label2\" content=\"Dur\u00e9e de lecture est.\" \/>\n\t<meta name=\"twitter:data2\" content=\"8 minutes\" \/>\n<script type=\"application\/ld+json\" class=\"yoast-schema-graph\">{\"@context\":\"https:\/\/schema.org\",\"@graph\":[{\"@type\":\"Article\",\"@id\":\"https:\/\/vieassociative.be\/actualites\/11-des-meilleurs-documentaires-musicaux-jamais-realises\/#article\",\"isPartOf\":{\"@id\":\"https:\/\/vieassociative.be\/actualites\/11-des-meilleurs-documentaires-musicaux-jamais-realises\/\"},\"author\":{\"name\":\"Julien\",\"@id\":\"https:\/\/vieassociative.be\/actualites\/#\/schema\/person\/b87ac4f82f9d4e7b7cec7395b679edc4\"},\"headline\":\"11 des meilleurs documentaires musicaux jamais r\u00e9alis\u00e9s\",\"datePublished\":\"2024-12-14T19:18:32+00:00\",\"dateModified\":\"2024-12-14T19:18:32+00:00\",\"mainEntityOfPage\":{\"@id\":\"https:\/\/vieassociative.be\/actualites\/11-des-meilleurs-documentaires-musicaux-jamais-realises\/\"},\"wordCount\":1618,\"publisher\":{\"@id\":\"https:\/\/vieassociative.be\/actualites\/#organization\"},\"image\":{\"@id\":\"https:\/\/vieassociative.be\/actualites\/11-des-meilleurs-documentaires-musicaux-jamais-realises\/#primaryimage\"},\"thumbnailUrl\":\"https:\/\/vieassociative.be\/actualites\/wp-content\/uploads\/2024\/12\/1734203913_11-des-meilleurs-documentaires-musicaux-jamais-realises.png\",\"keywords\":[\"Des\",\"documentaires\",\"jamais\",\"meilleurs\",\"musicaux\",\"r\u00e9alis\u00e9s\"],\"articleSection\":[\"Divertissement\"],\"inLanguage\":\"fr-BE\"},{\"@type\":\"WebPage\",\"@id\":\"https:\/\/vieassociative.be\/actualites\/11-des-meilleurs-documentaires-musicaux-jamais-realises\/\",\"url\":\"https:\/\/vieassociative.be\/actualites\/11-des-meilleurs-documentaires-musicaux-jamais-realises\/\",\"name\":\"11 des meilleurs documentaires musicaux jamais r\u00e9alis\u00e9s | Vie Associative\",\"isPartOf\":{\"@id\":\"https:\/\/vieassociative.be\/actualites\/#website\"},\"primaryImageOfPage\":{\"@id\":\"https:\/\/vieassociative.be\/actualites\/11-des-meilleurs-documentaires-musicaux-jamais-realises\/#primaryimage\"},\"image\":{\"@id\":\"https:\/\/vieassociative.be\/actualites\/11-des-meilleurs-documentaires-musicaux-jamais-realises\/#primaryimage\"},\"thumbnailUrl\":\"https:\/\/vieassociative.be\/actualites\/wp-content\/uploads\/2024\/12\/1734203913_11-des-meilleurs-documentaires-musicaux-jamais-realises.png\",\"datePublished\":\"2024-12-14T19:18:32+00:00\",\"dateModified\":\"2024-12-14T19:18:32+00:00\",\"breadcrumb\":{\"@id\":\"https:\/\/vieassociative.be\/actualites\/11-des-meilleurs-documentaires-musicaux-jamais-realises\/#breadcrumb\"},\"inLanguage\":\"fr-BE\",\"potentialAction\":[{\"@type\":\"ReadAction\",\"target\":[\"https:\/\/vieassociative.be\/actualites\/11-des-meilleurs-documentaires-musicaux-jamais-realises\/\"]}]},{\"@type\":\"ImageObject\",\"inLanguage\":\"fr-BE\",\"@id\":\"https:\/\/vieassociative.be\/actualites\/11-des-meilleurs-documentaires-musicaux-jamais-realises\/#primaryimage\",\"url\":\"https:\/\/vieassociative.be\/actualites\/wp-content\/uploads\/2024\/12\/1734203913_11-des-meilleurs-documentaires-musicaux-jamais-realises.png\",\"contentUrl\":\"https:\/\/vieassociative.be\/actualites\/wp-content\/uploads\/2024\/12\/1734203913_11-des-meilleurs-documentaires-musicaux-jamais-realises.png\",\"width\":1200,\"height\":675,\"caption\":\"11 des meilleurs documentaires musicaux jamais r\u00e9alis\u00e9s\"},{\"@type\":\"BreadcrumbList\",\"@id\":\"https:\/\/vieassociative.be\/actualites\/11-des-meilleurs-documentaires-musicaux-jamais-realises\/#breadcrumb\",\"itemListElement\":[{\"@type\":\"ListItem\",\"position\":1,\"name\":\"Accueil\",\"item\":\"https:\/\/vieassociative.be\/actualites\/\"},{\"@type\":\"ListItem\",\"position\":2,\"name\":\"11 des meilleurs documentaires musicaux jamais r\u00e9alis\u00e9s\"}]},{\"@type\":\"WebSite\",\"@id\":\"https:\/\/vieassociative.be\/actualites\/#website\",\"url\":\"https:\/\/vieassociative.be\/actualites\/\",\"name\":\"Vie Associative\",\"description\":\"\",\"publisher\":{\"@id\":\"https:\/\/vieassociative.be\/actualites\/#organization\"},\"potentialAction\":[{\"@type\":\"SearchAction\",\"target\":{\"@type\":\"EntryPoint\",\"urlTemplate\":\"https:\/\/vieassociative.be\/actualites\/?s={search_term_string}\"},\"query-input\":{\"@type\":\"PropertyValueSpecification\",\"valueRequired\":true,\"valueName\":\"search_term_string\"}}],\"inLanguage\":\"fr-BE\"},{\"@type\":\"Organization\",\"@id\":\"https:\/\/vieassociative.be\/actualites\/#organization\",\"name\":\"Vie Associative\",\"url\":\"https:\/\/vieassociative.be\/actualites\/\",\"logo\":{\"@type\":\"ImageObject\",\"inLanguage\":\"fr-BE\",\"@id\":\"https:\/\/vieassociative.be\/actualites\/#\/schema\/logo\/image\/\",\"url\":\"https:\/\/vieassociative.be\/actualites\/wp-content\/uploads\/2024\/09\/cropped-vieassociative_favicon.ico.png\",\"contentUrl\":\"https:\/\/vieassociative.be\/actualites\/wp-content\/uploads\/2024\/09\/cropped-vieassociative_favicon.ico.png\",\"width\":512,\"height\":512,\"caption\":\"Vie Associative\"},\"image\":{\"@id\":\"https:\/\/vieassociative.be\/actualites\/#\/schema\/logo\/image\/\"}},{\"@type\":\"Person\",\"@id\":\"https:\/\/vieassociative.be\/actualites\/#\/schema\/person\/b87ac4f82f9d4e7b7cec7395b679edc4\",\"name\":\"Julien\",\"image\":{\"@type\":\"ImageObject\",\"inLanguage\":\"fr-BE\",\"@id\":\"https:\/\/vieassociative.be\/actualites\/#\/schema\/person\/image\/\",\"url\":\"https:\/\/vieassociative.be\/actualites\/wp-content\/uploads\/2024\/09\/vie-associative-1-150x150.jpg\",\"contentUrl\":\"https:\/\/vieassociative.be\/actualites\/wp-content\/uploads\/2024\/09\/vie-associative-1-150x150.jpg\",\"caption\":\"Julien\"},\"description\":\"Je suis Julien, r\u00e9dacteur pour Vie Associative. Passionn\u00e9 par le monde associatif depuis plus de 10 ans, j'ai \u00e0 c\u0153ur de partager des histoires inspirantes et de mettre en lumi\u00e8re les initiatives locales. Mon objectif est de sensibiliser et d'encourager l'engagement communautaire \u00e0 travers mes articles.\",\"sameAs\":[\"https:\/\/vieassociative.be\/\"]}]}<\/script>\n<!-- \/ Yoast SEO plugin. -->","yoast_head_json":{"title":"11 des meilleurs documentaires musicaux jamais r\u00e9alis\u00e9s | Vie Associative","robots":{"index":"index","follow":"follow","max-snippet":"max-snippet:-1","max-image-preview":"max-image-preview:large","max-video-preview":"max-video-preview:-1"},"canonical":"https:\/\/vieassociative.be\/actualites\/11-des-meilleurs-documentaires-musicaux-jamais-realises\/","og_locale":"fr_FR","og_type":"article","og_title":"11 des meilleurs documentaires musicaux jamais r\u00e9alis\u00e9s | Vie Associative","og_description":"\u00c9teignez les lumi\u00e8res et augmentez le volume. Les documentaires musicaux ont un moment. Le mois dernier, les t\u00eates parlantes (par opposition aux Talking Heads) ont","og_url":"https:\/\/vieassociative.be\/actualites\/11-des-meilleurs-documentaires-musicaux-jamais-realises\/","og_site_name":"Vie Associative","article_published_time":"2024-12-14T19:18:32+00:00","og_image":[{"url":"https:\/\/vieassociative.be\/actualites\/wp-content\/uploads\/2024\/12\/11-des-meilleurs-documentaires-musicaux-jamais-realises.jpg","type":"","width":"","height":""}],"author":"Julien","twitter_card":"summary_large_image","twitter_misc":{"\u00c9crit par":"Julien","Dur\u00e9e de lecture est.":"8 minutes"},"schema":{"@context":"https:\/\/schema.org","@graph":[{"@type":"Article","@id":"https:\/\/vieassociative.be\/actualites\/11-des-meilleurs-documentaires-musicaux-jamais-realises\/#article","isPartOf":{"@id":"https:\/\/vieassociative.be\/actualites\/11-des-meilleurs-documentaires-musicaux-jamais-realises\/"},"author":{"name":"Julien","@id":"https:\/\/vieassociative.be\/actualites\/#\/schema\/person\/b87ac4f82f9d4e7b7cec7395b679edc4"},"headline":"11 des meilleurs documentaires musicaux jamais r\u00e9alis\u00e9s","datePublished":"2024-12-14T19:18:32+00:00","dateModified":"2024-12-14T19:18:32+00:00","mainEntityOfPage":{"@id":"https:\/\/vieassociative.be\/actualites\/11-des-meilleurs-documentaires-musicaux-jamais-realises\/"},"wordCount":1618,"publisher":{"@id":"https:\/\/vieassociative.be\/actualites\/#organization"},"image":{"@id":"https:\/\/vieassociative.be\/actualites\/11-des-meilleurs-documentaires-musicaux-jamais-realises\/#primaryimage"},"thumbnailUrl":"https:\/\/vieassociative.be\/actualites\/wp-content\/uploads\/2024\/12\/1734203913_11-des-meilleurs-documentaires-musicaux-jamais-realises.png","keywords":["Des","documentaires","jamais","meilleurs","musicaux","r\u00e9alis\u00e9s"],"articleSection":["Divertissement"],"inLanguage":"fr-BE"},{"@type":"WebPage","@id":"https:\/\/vieassociative.be\/actualites\/11-des-meilleurs-documentaires-musicaux-jamais-realises\/","url":"https:\/\/vieassociative.be\/actualites\/11-des-meilleurs-documentaires-musicaux-jamais-realises\/","name":"11 des meilleurs documentaires musicaux jamais r\u00e9alis\u00e9s | Vie Associative","isPartOf":{"@id":"https:\/\/vieassociative.be\/actualites\/#website"},"primaryImageOfPage":{"@id":"https:\/\/vieassociative.be\/actualites\/11-des-meilleurs-documentaires-musicaux-jamais-realises\/#primaryimage"},"image":{"@id":"https:\/\/vieassociative.be\/actualites\/11-des-meilleurs-documentaires-musicaux-jamais-realises\/#primaryimage"},"thumbnailUrl":"https:\/\/vieassociative.be\/actualites\/wp-content\/uploads\/2024\/12\/1734203913_11-des-meilleurs-documentaires-musicaux-jamais-realises.png","datePublished":"2024-12-14T19:18:32+00:00","dateModified":"2024-12-14T19:18:32+00:00","breadcrumb":{"@id":"https:\/\/vieassociative.be\/actualites\/11-des-meilleurs-documentaires-musicaux-jamais-realises\/#breadcrumb"},"inLanguage":"fr-BE","potentialAction":[{"@type":"ReadAction","target":["https:\/\/vieassociative.be\/actualites\/11-des-meilleurs-documentaires-musicaux-jamais-realises\/"]}]},{"@type":"ImageObject","inLanguage":"fr-BE","@id":"https:\/\/vieassociative.be\/actualites\/11-des-meilleurs-documentaires-musicaux-jamais-realises\/#primaryimage","url":"https:\/\/vieassociative.be\/actualites\/wp-content\/uploads\/2024\/12\/1734203913_11-des-meilleurs-documentaires-musicaux-jamais-realises.png","contentUrl":"https:\/\/vieassociative.be\/actualites\/wp-content\/uploads\/2024\/12\/1734203913_11-des-meilleurs-documentaires-musicaux-jamais-realises.png","width":1200,"height":675,"caption":"11 des meilleurs documentaires musicaux jamais r\u00e9alis\u00e9s"},{"@type":"BreadcrumbList","@id":"https:\/\/vieassociative.be\/actualites\/11-des-meilleurs-documentaires-musicaux-jamais-realises\/#breadcrumb","itemListElement":[{"@type":"ListItem","position":1,"name":"Accueil","item":"https:\/\/vieassociative.be\/actualites\/"},{"@type":"ListItem","position":2,"name":"11 des meilleurs documentaires musicaux jamais r\u00e9alis\u00e9s"}]},{"@type":"WebSite","@id":"https:\/\/vieassociative.be\/actualites\/#website","url":"https:\/\/vieassociative.be\/actualites\/","name":"Vie Associative","description":"","publisher":{"@id":"https:\/\/vieassociative.be\/actualites\/#organization"},"potentialAction":[{"@type":"SearchAction","target":{"@type":"EntryPoint","urlTemplate":"https:\/\/vieassociative.be\/actualites\/?s={search_term_string}"},"query-input":{"@type":"PropertyValueSpecification","valueRequired":true,"valueName":"search_term_string"}}],"inLanguage":"fr-BE"},{"@type":"Organization","@id":"https:\/\/vieassociative.be\/actualites\/#organization","name":"Vie Associative","url":"https:\/\/vieassociative.be\/actualites\/","logo":{"@type":"ImageObject","inLanguage":"fr-BE","@id":"https:\/\/vieassociative.be\/actualites\/#\/schema\/logo\/image\/","url":"https:\/\/vieassociative.be\/actualites\/wp-content\/uploads\/2024\/09\/cropped-vieassociative_favicon.ico.png","contentUrl":"https:\/\/vieassociative.be\/actualites\/wp-content\/uploads\/2024\/09\/cropped-vieassociative_favicon.ico.png","width":512,"height":512,"caption":"Vie Associative"},"image":{"@id":"https:\/\/vieassociative.be\/actualites\/#\/schema\/logo\/image\/"}},{"@type":"Person","@id":"https:\/\/vieassociative.be\/actualites\/#\/schema\/person\/b87ac4f82f9d4e7b7cec7395b679edc4","name":"Julien","image":{"@type":"ImageObject","inLanguage":"fr-BE","@id":"https:\/\/vieassociative.be\/actualites\/#\/schema\/person\/image\/","url":"https:\/\/vieassociative.be\/actualites\/wp-content\/uploads\/2024\/09\/vie-associative-1-150x150.jpg","contentUrl":"https:\/\/vieassociative.be\/actualites\/wp-content\/uploads\/2024\/09\/vie-associative-1-150x150.jpg","caption":"Julien"},"description":"Je suis Julien, r\u00e9dacteur pour Vie Associative. Passionn\u00e9 par le monde associatif depuis plus de 10 ans, j'ai \u00e0 c\u0153ur de partager des histoires inspirantes et de mettre en lumi\u00e8re les initiatives locales. Mon objectif est de sensibiliser et d'encourager l'engagement communautaire \u00e0 travers mes articles.","sameAs":["https:\/\/vieassociative.be\/"]}]}},"_links":{"self":[{"href":"https:\/\/vieassociative.be\/actualites\/wp-json\/wp\/v2\/posts\/3390"}],"collection":[{"href":"https:\/\/vieassociative.be\/actualites\/wp-json\/wp\/v2\/posts"}],"about":[{"href":"https:\/\/vieassociative.be\/actualites\/wp-json\/wp\/v2\/types\/post"}],"author":[{"embeddable":true,"href":"https:\/\/vieassociative.be\/actualites\/wp-json\/wp\/v2\/users\/1"}],"replies":[{"embeddable":true,"href":"https:\/\/vieassociative.be\/actualites\/wp-json\/wp\/v2\/comments?post=3390"}],"version-history":[{"count":0,"href":"https:\/\/vieassociative.be\/actualites\/wp-json\/wp\/v2\/posts\/3390\/revisions"}],"wp:featuredmedia":[{"embeddable":true,"href":"https:\/\/vieassociative.be\/actualites\/wp-json\/wp\/v2\/media\/3391"}],"wp:attachment":[{"href":"https:\/\/vieassociative.be\/actualites\/wp-json\/wp\/v2\/media?parent=3390"}],"wp:term":[{"taxonomy":"category","embeddable":true,"href":"https:\/\/vieassociative.be\/actualites\/wp-json\/wp\/v2\/categories?post=3390"},{"taxonomy":"post_tag","embeddable":true,"href":"https:\/\/vieassociative.be\/actualites\/wp-json\/wp\/v2\/tags?post=3390"}],"curies":[{"name":"wp","href":"https:\/\/api.w.org\/{rel}","templated":true}]}}