{"id":3388,"date":"2024-12-14T18:18:44","date_gmt":"2024-12-14T17:18:44","guid":{"rendered":"https:\/\/vieassociative.be\/actualites\/comment-proteger-votre-chien-ou-votre-chat-des-coyotes\/"},"modified":"2024-12-14T18:18:44","modified_gmt":"2024-12-14T17:18:44","slug":"comment-proteger-votre-chien-ou-votre-chat-des-coyotes","status":"publish","type":"post","link":"https:\/\/vieassociative.be\/actualites\/comment-proteger-votre-chien-ou-votre-chat-des-coyotes\/","title":{"rendered":"Comment prot\u00e9ger votre chien ou votre chat des coyotes"},"content":{"rendered":"<div class=\"mt-4 leading-6 md:mb-8\">Les coyotes peuvent \u00eatre trouv\u00e9s dans tous les \u00c9tats sauf \u00e0 Hawa\u00ef.<\/div>\n<p><\/p>\n<p>Bien que nous puissions associer les coyotes au d\u00e9sert, aux montagnes ou \u00e0 tout autre endroit o\u00f9 vivent les roadrunners, il y a de fortes chances qu&rsquo;ils se trouvent dans ou \u00e0 proximit\u00e9 de votre r\u00e9gion. Peu importe que vous viviez en banlieue, \u00e0 la campagne ou m\u00eame en ville, car les coyotes sont tr\u00e8s adaptables et peuvent s&rsquo;installer dans une vari\u00e9t\u00e9 de climats.<\/p>\n<p>Et ne pensez pas que c\u2019est parce que vous n\u2019avez pas vu de coyote dans votre propre jardin que vous vivez dans une zone sans coyote. Selon la Humane Society des \u00c9tats-Unis, la raison pour laquelle nous ne voyons g\u00e9n\u00e9ralement pas de coyotes dans notre r\u00e9gion est qu&rsquo;ils ont tendance \u00e0 ne sortir que la nuit pour chasser de petites cr\u00e9atures comme les souris, les campagnols et les lapins. <\/p>\n<p>Mais ils peuvent aussi facilement pr\u00e9parer un repas avec un chat ou un chien plus petit. Si votre cha\u00eene d&rsquo;information locale diffuse un segment sur les observations de coyotes, c&rsquo;est probablement ce qui s&rsquo;est pass\u00e9. Voici comment prot\u00e9ger votre chien ou votre chat des coyotes (et des actualit\u00e9s locales).<\/p>\n<h2 id=\"dont-let-them-out-at-night-without-you\">Ne les laisse pas sortir la nuit sans toi<\/h2>\n<p>Comme le note la Humane Society, la meilleure fa\u00e7on de prot\u00e9ger votre chien ou votre chat des coyotes est de ne pas les laisser sortir sans \u00eatre l\u00e0 pour les surveiller, surtout la nuit.<\/p>\n<h2 id=\"be-extra-careful-during-mating-season\">Soyez tr\u00e8s prudent pendant la saison des amours<\/h2>\n<p>Il s\u2019av\u00e8re que le nombre d\u2019observations de coyotes augmente g\u00e9n\u00e9ralement \u00e0 cette p\u00e9riode de l\u2019ann\u00e9e. En effet, la saison de reproduction des coyotes commence \u00e0 la mi-janvier et dure jusqu&rsquo;\u00e0 la fin f\u00e9vrier. Donc, maintenant.<\/p>\n<p>\u00ab\u00a0Alors que les animaux se reproduisent et sont territoriaux, ils ont tendance \u00e0 \u00eatre plus visibles lorsqu&rsquo;ils se d\u00e9placent avec leurs partenaires\u00a0\u00bb, a d\u00e9clar\u00e9 Brett Beatty, superviseur du D\u00e9partement des ressources naturelles de l&rsquo;Ohio &#8211; Division de la gestion de la faune sauvage. WCPO.<\/p>\n<h2 id=\"dont-leave-your-pets-food-outside\">Ne laissez pas la nourriture de votre animal dehors<\/h2>\n<p>Si votre animal a la possibilit\u00e9 de d\u00eener en plein air, assurez-vous d\u2019apporter ses plats de nourriture et d\u2019eau \u00e0 l\u2019int\u00e9rieur la nuit. Sinon, vous accueillez essentiellement les coyotes dans votre jardin pour une collation, et il y a de fortes chances qu&rsquo;ils reviennent.<\/p>\n","protected":false},"excerpt":{"rendered":"<p>Les coyotes peuvent \u00eatre trouv\u00e9s dans tous les \u00c9tats sauf \u00e0 Hawa\u00ef. Bien que nous puissions associer les coyotes au d\u00e9sert, aux montagnes ou \u00e0<\/p>\n","protected":false},"author":1,"featured_media":3389,"comment_status":"","ping_status":"","sticky":false,"template":"","format":"standard","meta":{"footnotes":""},"categories":[37],"tags":[1298,91,44,4021,29,275,8],"class_list":["post-3388","post","type-post","status-publish","format-standard","has-post-thumbnail","hentry","category-famille","tag-chat","tag-chien","tag-comment","tag-coyotes","tag-des","tag-proteger","tag-votre","generate-columns","tablet-grid-50","mobile-grid-100","grid-parent","grid-33"],"yoast_head":"<!-- This site is optimized with the Yoast SEO plugin v24.0 - https:\/\/yoast.com\/wordpress\/plugins\/seo\/ -->\n<title>Comment prot\u00e9ger votre chien ou votre chat des coyotes | Vie Associative<\/title>\n<meta name=\"robots\" content=\"index, follow, max-snippet:-1, max-image-preview:large, max-video-preview:-1\" \/>\n<link rel=\"canonical\" href=\"https:\/\/vieassociative.be\/actualites\/comment-proteger-votre-chien-ou-votre-chat-des-coyotes\/\" \/>\n<meta property=\"og:locale\" content=\"fr_FR\" \/>\n<meta property=\"og:type\" content=\"article\" \/>\n<meta property=\"og:title\" content=\"Comment prot\u00e9ger votre chien ou votre chat des coyotes | Vie Associative\" \/>\n<meta property=\"og:description\" content=\"Les coyotes peuvent \u00eatre trouv\u00e9s dans tous les \u00c9tats sauf \u00e0 Hawa\u00ef. Bien que nous puissions associer les coyotes au d\u00e9sert, aux montagnes ou \u00e0\" \/>\n<meta property=\"og:url\" content=\"https:\/\/vieassociative.be\/actualites\/comment-proteger-votre-chien-ou-votre-chat-des-coyotes\/\" \/>\n<meta property=\"og:site_name\" content=\"Vie Associative\" \/>\n<meta property=\"article:published_time\" content=\"2024-12-14T17:18:44+00:00\" \/>\n<meta property=\"og:image\" content=\"https:\/\/vieassociative.be\/actualites\/wp-content\/uploads\/2024\/09\/header_backgroundk-01-e1726694325946.png\" \/>\n\t<meta property=\"og:image:width\" content=\"279\" \/>\n\t<meta property=\"og:image:height\" content=\"92\" \/>\n\t<meta property=\"og:image:type\" content=\"image\/png\" \/>\n<meta name=\"author\" content=\"Julien\" \/>\n<meta name=\"twitter:card\" content=\"summary_large_image\" \/>\n<meta name=\"twitter:label1\" content=\"\u00c9crit par\" \/>\n\t<meta name=\"twitter:data1\" content=\"Julien\" \/>\n\t<meta name=\"twitter:label2\" content=\"Dur\u00e9e de lecture est.\" \/>\n\t<meta name=\"twitter:data2\" content=\"2 minutes\" \/>\n<script type=\"application\/ld+json\" class=\"yoast-schema-graph\">{\"@context\":\"https:\/\/schema.org\",\"@graph\":[{\"@type\":\"Article\",\"@id\":\"https:\/\/vieassociative.be\/actualites\/comment-proteger-votre-chien-ou-votre-chat-des-coyotes\/#article\",\"isPartOf\":{\"@id\":\"https:\/\/vieassociative.be\/actualites\/comment-proteger-votre-chien-ou-votre-chat-des-coyotes\/\"},\"author\":{\"name\":\"Julien\",\"@id\":\"https:\/\/vieassociative.be\/actualites\/#\/schema\/person\/b87ac4f82f9d4e7b7cec7395b679edc4\"},\"headline\":\"Comment prot\u00e9ger votre chien ou votre chat des coyotes\",\"datePublished\":\"2024-12-14T17:18:44+00:00\",\"dateModified\":\"2024-12-14T17:18:44+00:00\",\"mainEntityOfPage\":{\"@id\":\"https:\/\/vieassociative.be\/actualites\/comment-proteger-votre-chien-ou-votre-chat-des-coyotes\/\"},\"wordCount\":423,\"publisher\":{\"@id\":\"https:\/\/vieassociative.be\/actualites\/#organization\"},\"image\":{\"@id\":\"https:\/\/vieassociative.be\/actualites\/comment-proteger-votre-chien-ou-votre-chat-des-coyotes\/#primaryimage\"},\"thumbnailUrl\":\"https:\/\/vieassociative.be\/actualites\/wp-content\/uploads\/2024\/12\/Comment-proteger-votre-chien-ou-votre-chat-des-coyotes.jpg\",\"keywords\":[\"chat\",\"chien\",\"Comment\",\"coyotes\",\"Des\",\"prot\u00e9ger\",\"votre\"],\"articleSection\":[\"Famille\"],\"inLanguage\":\"fr-BE\"},{\"@type\":\"WebPage\",\"@id\":\"https:\/\/vieassociative.be\/actualites\/comment-proteger-votre-chien-ou-votre-chat-des-coyotes\/\",\"url\":\"https:\/\/vieassociative.be\/actualites\/comment-proteger-votre-chien-ou-votre-chat-des-coyotes\/\",\"name\":\"Comment prot\u00e9ger votre chien ou votre chat des coyotes | Vie Associative\",\"isPartOf\":{\"@id\":\"https:\/\/vieassociative.be\/actualites\/#website\"},\"primaryImageOfPage\":{\"@id\":\"https:\/\/vieassociative.be\/actualites\/comment-proteger-votre-chien-ou-votre-chat-des-coyotes\/#primaryimage\"},\"image\":{\"@id\":\"https:\/\/vieassociative.be\/actualites\/comment-proteger-votre-chien-ou-votre-chat-des-coyotes\/#primaryimage\"},\"thumbnailUrl\":\"https:\/\/vieassociative.be\/actualites\/wp-content\/uploads\/2024\/12\/Comment-proteger-votre-chien-ou-votre-chat-des-coyotes.jpg\",\"datePublished\":\"2024-12-14T17:18:44+00:00\",\"dateModified\":\"2024-12-14T17:18:44+00:00\",\"breadcrumb\":{\"@id\":\"https:\/\/vieassociative.be\/actualites\/comment-proteger-votre-chien-ou-votre-chat-des-coyotes\/#breadcrumb\"},\"inLanguage\":\"fr-BE\",\"potentialAction\":[{\"@type\":\"ReadAction\",\"target\":[\"https:\/\/vieassociative.be\/actualites\/comment-proteger-votre-chien-ou-votre-chat-des-coyotes\/\"]}]},{\"@type\":\"ImageObject\",\"inLanguage\":\"fr-BE\",\"@id\":\"https:\/\/vieassociative.be\/actualites\/comment-proteger-votre-chien-ou-votre-chat-des-coyotes\/#primaryimage\",\"url\":\"https:\/\/vieassociative.be\/actualites\/wp-content\/uploads\/2024\/12\/Comment-proteger-votre-chien-ou-votre-chat-des-coyotes.jpg\",\"contentUrl\":\"https:\/\/vieassociative.be\/actualites\/wp-content\/uploads\/2024\/12\/Comment-proteger-votre-chien-ou-votre-chat-des-coyotes.jpg\",\"width\":1200,\"height\":675,\"caption\":\"Comment prot\u00e9ger votre chien ou votre chat des coyotes\"},{\"@type\":\"BreadcrumbList\",\"@id\":\"https:\/\/vieassociative.be\/actualites\/comment-proteger-votre-chien-ou-votre-chat-des-coyotes\/#breadcrumb\",\"itemListElement\":[{\"@type\":\"ListItem\",\"position\":1,\"name\":\"Accueil\",\"item\":\"https:\/\/vieassociative.be\/actualites\/\"},{\"@type\":\"ListItem\",\"position\":2,\"name\":\"Comment prot\u00e9ger votre chien ou votre chat des coyotes\"}]},{\"@type\":\"WebSite\",\"@id\":\"https:\/\/vieassociative.be\/actualites\/#website\",\"url\":\"https:\/\/vieassociative.be\/actualites\/\",\"name\":\"Vie Associative\",\"description\":\"\",\"publisher\":{\"@id\":\"https:\/\/vieassociative.be\/actualites\/#organization\"},\"potentialAction\":[{\"@type\":\"SearchAction\",\"target\":{\"@type\":\"EntryPoint\",\"urlTemplate\":\"https:\/\/vieassociative.be\/actualites\/?s={search_term_string}\"},\"query-input\":{\"@type\":\"PropertyValueSpecification\",\"valueRequired\":true,\"valueName\":\"search_term_string\"}}],\"inLanguage\":\"fr-BE\"},{\"@type\":\"Organization\",\"@id\":\"https:\/\/vieassociative.be\/actualites\/#organization\",\"name\":\"Vie Associative\",\"url\":\"https:\/\/vieassociative.be\/actualites\/\",\"logo\":{\"@type\":\"ImageObject\",\"inLanguage\":\"fr-BE\",\"@id\":\"https:\/\/vieassociative.be\/actualites\/#\/schema\/logo\/image\/\",\"url\":\"https:\/\/vieassociative.be\/actualites\/wp-content\/uploads\/2024\/09\/cropped-vieassociative_favicon.ico.png\",\"contentUrl\":\"https:\/\/vieassociative.be\/actualites\/wp-content\/uploads\/2024\/09\/cropped-vieassociative_favicon.ico.png\",\"width\":512,\"height\":512,\"caption\":\"Vie Associative\"},\"image\":{\"@id\":\"https:\/\/vieassociative.be\/actualites\/#\/schema\/logo\/image\/\"}},{\"@type\":\"Person\",\"@id\":\"https:\/\/vieassociative.be\/actualites\/#\/schema\/person\/b87ac4f82f9d4e7b7cec7395b679edc4\",\"name\":\"Julien\",\"image\":{\"@type\":\"ImageObject\",\"inLanguage\":\"fr-BE\",\"@id\":\"https:\/\/vieassociative.be\/actualites\/#\/schema\/person\/image\/\",\"url\":\"https:\/\/vieassociative.be\/actualites\/wp-content\/uploads\/2024\/09\/vie-associative-1-150x150.jpg\",\"contentUrl\":\"https:\/\/vieassociative.be\/actualites\/wp-content\/uploads\/2024\/09\/vie-associative-1-150x150.jpg\",\"caption\":\"Julien\"},\"description\":\"Je suis Julien, r\u00e9dacteur pour Vie Associative. Passionn\u00e9 par le monde associatif depuis plus de 10 ans, j'ai \u00e0 c\u0153ur de partager des histoires inspirantes et de mettre en lumi\u00e8re les initiatives locales. Mon objectif est de sensibiliser et d'encourager l'engagement communautaire \u00e0 travers mes articles.\",\"sameAs\":[\"https:\/\/vieassociative.be\/\"]}]}<\/script>\n<!-- \/ Yoast SEO plugin. -->","yoast_head_json":{"title":"Comment prot\u00e9ger votre chien ou votre chat des coyotes | Vie Associative","robots":{"index":"index","follow":"follow","max-snippet":"max-snippet:-1","max-image-preview":"max-image-preview:large","max-video-preview":"max-video-preview:-1"},"canonical":"https:\/\/vieassociative.be\/actualites\/comment-proteger-votre-chien-ou-votre-chat-des-coyotes\/","og_locale":"fr_FR","og_type":"article","og_title":"Comment prot\u00e9ger votre chien ou votre chat des coyotes | Vie Associative","og_description":"Les coyotes peuvent \u00eatre trouv\u00e9s dans tous les \u00c9tats sauf \u00e0 Hawa\u00ef. Bien que nous puissions associer les coyotes au d\u00e9sert, aux montagnes ou \u00e0","og_url":"https:\/\/vieassociative.be\/actualites\/comment-proteger-votre-chien-ou-votre-chat-des-coyotes\/","og_site_name":"Vie Associative","article_published_time":"2024-12-14T17:18:44+00:00","og_image":[{"width":279,"height":92,"url":"https:\/\/vieassociative.be\/actualites\/wp-content\/uploads\/2024\/09\/header_backgroundk-01-e1726694325946.png","type":"image\/png"}],"author":"Julien","twitter_card":"summary_large_image","twitter_misc":{"\u00c9crit par":"Julien","Dur\u00e9e de lecture est.":"2 minutes"},"schema":{"@context":"https:\/\/schema.org","@graph":[{"@type":"Article","@id":"https:\/\/vieassociative.be\/actualites\/comment-proteger-votre-chien-ou-votre-chat-des-coyotes\/#article","isPartOf":{"@id":"https:\/\/vieassociative.be\/actualites\/comment-proteger-votre-chien-ou-votre-chat-des-coyotes\/"},"author":{"name":"Julien","@id":"https:\/\/vieassociative.be\/actualites\/#\/schema\/person\/b87ac4f82f9d4e7b7cec7395b679edc4"},"headline":"Comment prot\u00e9ger votre chien ou votre chat des coyotes","datePublished":"2024-12-14T17:18:44+00:00","dateModified":"2024-12-14T17:18:44+00:00","mainEntityOfPage":{"@id":"https:\/\/vieassociative.be\/actualites\/comment-proteger-votre-chien-ou-votre-chat-des-coyotes\/"},"wordCount":423,"publisher":{"@id":"https:\/\/vieassociative.be\/actualites\/#organization"},"image":{"@id":"https:\/\/vieassociative.be\/actualites\/comment-proteger-votre-chien-ou-votre-chat-des-coyotes\/#primaryimage"},"thumbnailUrl":"https:\/\/vieassociative.be\/actualites\/wp-content\/uploads\/2024\/12\/Comment-proteger-votre-chien-ou-votre-chat-des-coyotes.jpg","keywords":["chat","chien","Comment","coyotes","Des","prot\u00e9ger","votre"],"articleSection":["Famille"],"inLanguage":"fr-BE"},{"@type":"WebPage","@id":"https:\/\/vieassociative.be\/actualites\/comment-proteger-votre-chien-ou-votre-chat-des-coyotes\/","url":"https:\/\/vieassociative.be\/actualites\/comment-proteger-votre-chien-ou-votre-chat-des-coyotes\/","name":"Comment prot\u00e9ger votre chien ou votre chat des coyotes | Vie Associative","isPartOf":{"@id":"https:\/\/vieassociative.be\/actualites\/#website"},"primaryImageOfPage":{"@id":"https:\/\/vieassociative.be\/actualites\/comment-proteger-votre-chien-ou-votre-chat-des-coyotes\/#primaryimage"},"image":{"@id":"https:\/\/vieassociative.be\/actualites\/comment-proteger-votre-chien-ou-votre-chat-des-coyotes\/#primaryimage"},"thumbnailUrl":"https:\/\/vieassociative.be\/actualites\/wp-content\/uploads\/2024\/12\/Comment-proteger-votre-chien-ou-votre-chat-des-coyotes.jpg","datePublished":"2024-12-14T17:18:44+00:00","dateModified":"2024-12-14T17:18:44+00:00","breadcrumb":{"@id":"https:\/\/vieassociative.be\/actualites\/comment-proteger-votre-chien-ou-votre-chat-des-coyotes\/#breadcrumb"},"inLanguage":"fr-BE","potentialAction":[{"@type":"ReadAction","target":["https:\/\/vieassociative.be\/actualites\/comment-proteger-votre-chien-ou-votre-chat-des-coyotes\/"]}]},{"@type":"ImageObject","inLanguage":"fr-BE","@id":"https:\/\/vieassociative.be\/actualites\/comment-proteger-votre-chien-ou-votre-chat-des-coyotes\/#primaryimage","url":"https:\/\/vieassociative.be\/actualites\/wp-content\/uploads\/2024\/12\/Comment-proteger-votre-chien-ou-votre-chat-des-coyotes.jpg","contentUrl":"https:\/\/vieassociative.be\/actualites\/wp-content\/uploads\/2024\/12\/Comment-proteger-votre-chien-ou-votre-chat-des-coyotes.jpg","width":1200,"height":675,"caption":"Comment prot\u00e9ger votre chien ou votre chat des coyotes"},{"@type":"BreadcrumbList","@id":"https:\/\/vieassociative.be\/actualites\/comment-proteger-votre-chien-ou-votre-chat-des-coyotes\/#breadcrumb","itemListElement":[{"@type":"ListItem","position":1,"name":"Accueil","item":"https:\/\/vieassociative.be\/actualites\/"},{"@type":"ListItem","position":2,"name":"Comment prot\u00e9ger votre chien ou votre chat des coyotes"}]},{"@type":"WebSite","@id":"https:\/\/vieassociative.be\/actualites\/#website","url":"https:\/\/vieassociative.be\/actualites\/","name":"Vie Associative","description":"","publisher":{"@id":"https:\/\/vieassociative.be\/actualites\/#organization"},"potentialAction":[{"@type":"SearchAction","target":{"@type":"EntryPoint","urlTemplate":"https:\/\/vieassociative.be\/actualites\/?s={search_term_string}"},"query-input":{"@type":"PropertyValueSpecification","valueRequired":true,"valueName":"search_term_string"}}],"inLanguage":"fr-BE"},{"@type":"Organization","@id":"https:\/\/vieassociative.be\/actualites\/#organization","name":"Vie Associative","url":"https:\/\/vieassociative.be\/actualites\/","logo":{"@type":"ImageObject","inLanguage":"fr-BE","@id":"https:\/\/vieassociative.be\/actualites\/#\/schema\/logo\/image\/","url":"https:\/\/vieassociative.be\/actualites\/wp-content\/uploads\/2024\/09\/cropped-vieassociative_favicon.ico.png","contentUrl":"https:\/\/vieassociative.be\/actualites\/wp-content\/uploads\/2024\/09\/cropped-vieassociative_favicon.ico.png","width":512,"height":512,"caption":"Vie Associative"},"image":{"@id":"https:\/\/vieassociative.be\/actualites\/#\/schema\/logo\/image\/"}},{"@type":"Person","@id":"https:\/\/vieassociative.be\/actualites\/#\/schema\/person\/b87ac4f82f9d4e7b7cec7395b679edc4","name":"Julien","image":{"@type":"ImageObject","inLanguage":"fr-BE","@id":"https:\/\/vieassociative.be\/actualites\/#\/schema\/person\/image\/","url":"https:\/\/vieassociative.be\/actualites\/wp-content\/uploads\/2024\/09\/vie-associative-1-150x150.jpg","contentUrl":"https:\/\/vieassociative.be\/actualites\/wp-content\/uploads\/2024\/09\/vie-associative-1-150x150.jpg","caption":"Julien"},"description":"Je suis Julien, r\u00e9dacteur pour Vie Associative. Passionn\u00e9 par le monde associatif depuis plus de 10 ans, j'ai \u00e0 c\u0153ur de partager des histoires inspirantes et de mettre en lumi\u00e8re les initiatives locales. Mon objectif est de sensibiliser et d'encourager l'engagement communautaire \u00e0 travers mes articles.","sameAs":["https:\/\/vieassociative.be\/"]}]}},"_links":{"self":[{"href":"https:\/\/vieassociative.be\/actualites\/wp-json\/wp\/v2\/posts\/3388"}],"collection":[{"href":"https:\/\/vieassociative.be\/actualites\/wp-json\/wp\/v2\/posts"}],"about":[{"href":"https:\/\/vieassociative.be\/actualites\/wp-json\/wp\/v2\/types\/post"}],"author":[{"embeddable":true,"href":"https:\/\/vieassociative.be\/actualites\/wp-json\/wp\/v2\/users\/1"}],"replies":[{"embeddable":true,"href":"https:\/\/vieassociative.be\/actualites\/wp-json\/wp\/v2\/comments?post=3388"}],"version-history":[{"count":0,"href":"https:\/\/vieassociative.be\/actualites\/wp-json\/wp\/v2\/posts\/3388\/revisions"}],"wp:featuredmedia":[{"embeddable":true,"href":"https:\/\/vieassociative.be\/actualites\/wp-json\/wp\/v2\/media\/3389"}],"wp:attachment":[{"href":"https:\/\/vieassociative.be\/actualites\/wp-json\/wp\/v2\/media?parent=3388"}],"wp:term":[{"taxonomy":"category","embeddable":true,"href":"https:\/\/vieassociative.be\/actualites\/wp-json\/wp\/v2\/categories?post=3388"},{"taxonomy":"post_tag","embeddable":true,"href":"https:\/\/vieassociative.be\/actualites\/wp-json\/wp\/v2\/tags?post=3388"}],"curies":[{"name":"wp","href":"https:\/\/api.w.org\/{rel}","templated":true}]}}