{"id":3373,"date":"2024-12-14T07:17:25","date_gmt":"2024-12-14T06:17:25","guid":{"rendered":"https:\/\/vieassociative.be\/actualites\/la-methode-du-panier-magique-divise-le-desencombrement-en-deux-etapes-gerables\/"},"modified":"2024-12-14T07:17:25","modified_gmt":"2024-12-14T06:17:25","slug":"la-methode-du-panier-magique-divise-le-desencombrement-en-deux-etapes-gerables","status":"publish","type":"post","link":"https:\/\/vieassociative.be\/actualites\/la-methode-du-panier-magique-divise-le-desencombrement-en-deux-etapes-gerables\/","title":{"rendered":"La m\u00e9thode du \u00ab panier magique \u00bb divise le d\u00e9sencombrement en deux \u00e9tapes g\u00e9rables"},"content":{"rendered":"<div class=\"mt-4 leading-6 md:mb-8\">Vous avez une chose \u00e0 faire le matin et une chose \u00e0 faire le soir.<\/div>\n<p><\/p>\n<p>Beaucoup<em> <\/em>des personnes recherchent des moyens simples et efficaces de d\u00e9sencombrer, et il existe une vari\u00e9t\u00e9 de techniques pour y parvenir, mais comme chacun a des maisons, des besoins et des horaires uniques, toutes les approches ne fonctionneront pas pour tout le monde. R\u00e9cemment, j&rsquo;en ai trouv\u00e9 un qui minimise le stress du d\u00e9sencombrement et cr\u00e9e m\u00eame l&rsquo;illusion de minimiser le <em>temps<\/em> d\u00e9pens\u00e9 dessus. Celui-ci, je pense, pourrait \u00eatre celui qu&rsquo;il vous faut lorsque vous vous sentez occup\u00e9 et d\u00e9pass\u00e9. C\u2019est ce qu\u2019on appelle la m\u00e9thode du \u00ab panier magique \u00bb.<\/p>\n<h2 id=\"what-is-the-magic-basket-decluttering-method\">Quelle est la m\u00e9thode de d\u00e9sencombrement du \u00ab panier magique \u00bb ?<\/h2>\n<p>J&rsquo;ai vu la m\u00e9thode du panier magique appara\u00eetre sur Internet, mais elle n&rsquo;a pas \u00e9t\u00e9 vendue au d\u00e9part, car il existe d\u00e9j\u00e0 de nombreuses techniques de d\u00e9sencombrement. Mais plus je le voyais r\u00e9f\u00e9renc\u00e9, plus je devenais curieux. Quand je l&rsquo;ai examin\u00e9, j&rsquo;ai r\u00e9alis\u00e9 que c&rsquo;\u00e9tait en fait assez innovant et intelligent : vous interrompez votre d\u00e9sencombrement pour qu&rsquo;il s&rsquo;\u00e9tende sur deux jours, en effectuant la premi\u00e8re moiti\u00e9 de la t\u00e2che la nuit et la seconde moiti\u00e9 le lendemain. <\/p>\n<p>Tout ce dont vous avez besoin est un panier : Chaque soir, promenez-vous avec votre panier et mettez-y tout ce qui n&rsquo;est pas \u00e0 sa place. Alors, ne faites rien. Posez le panier; aller dormir. Lorsque vous vous r\u00e9veillez et que vous vous sentez plus frais, ramenez le panier et remettez tout \u00e0 l&rsquo;int\u00e9rieur \u00e0 sa place. <\/p>\n<p>Vous pouvez jouer un peu avec le timing. Peut-\u00eatre que rassembler le d\u00e9sordre n\u2019est pas une partie id\u00e9ale de votre routine avant le coucher. Pour moi, la derni\u00e8re heure de la journ\u00e9e est r\u00e9serv\u00e9e aux soins personnels, \u00e0 la lecture et, en g\u00e9n\u00e9ral, \u00e0 la d\u00e9tente. Il est donc pr\u00e9f\u00e9rable que mon panier magique se d\u00e9roule environ deux heures avant le coucher. Si vous aussi \u00eates press\u00e9 le matin, vous n&rsquo;aurez peut-\u00eatre pas le temps de tout ranger ; faites-le plut\u00f4t juste apr\u00e8s le travail. Le but est de diviser le rassemblement et le rangement, donc tant que vous faites cela, vous progressez.<\/p>\n<h2 id=\"why-does-the-magic-basket-work\">Pourquoi le panier magique fonctionne-t-il ?<\/h2>\n<p>Cela fonctionne parce que cela r\u00e9duit le temps que vous passez \u00e0 d\u00e9sencombrer au milieu. M\u00eame lorsque vous \u00eates fatigu\u00e9 et stress\u00e9 le soir, vous pouvez prendre cinq minutes pour d\u00e9poser des objets d\u00e9plac\u00e9s dans un panier. Vous remarquerez imm\u00e9diatement \u00e0 quel point l&rsquo;espace est plus beau et pourrez vous endormir en vous sentant accompli. . Lorsque vous aurez pass\u00e9 une bonne nuit de sommeil dans une maison visiblement plus propre, vous serez plus \u00e9nergique que si vous aviez d\u00fb passer de la collecte au rangement cons\u00e9cutif. <\/p>\n<p>Ce sentiment d&rsquo;accomplissement la nuit est essentiel. Il est difficile de maintenir un emploi du temps charg\u00e9 et une maison propre, donc remporter la victoire (dans ce cas, simplement rassembler tout votre d\u00e9sordre dans un seul endroit) est un must chaque fois que vous le pouvez. Le sentiment de faire <em>quelque chose<\/em>m\u00eame quand tu ne peux pas le faire <em>tout<\/em>est un puissant facteur de motivation. C&rsquo;est pourquoi je recommande de nettoyer par tranches de 15 minutes plut\u00f4t que par des t\u00e2ches plus longues. Il est pr\u00e9f\u00e9rable de faire petit \u00e0 petit et de se sentir bien en accomplissant les choses plut\u00f4t que de se submerger d&rsquo;une t\u00e2che apparemment insurmontable.<\/p>\n","protected":false},"excerpt":{"rendered":"<p>Vous avez une chose \u00e0 faire le matin et une chose \u00e0 faire le soir. Beaucoup des personnes recherchent des moyens simples et efficaces de<\/p>\n","protected":false},"author":1,"featured_media":3374,"comment_status":"","ping_status":"","sticky":false,"template":"","format":"standard","meta":{"footnotes":""},"categories":[40],"tags":[4010,114,4009,772,4011,4008,106,1329],"class_list":["post-3373","post","type-post","status-publish","format-standard","has-post-thumbnail","hentry","category-maison","tag-desencombrement","tag-deux","tag-divise","tag-etapes","tag-gerables","tag-magique","tag-methode","tag-panier","generate-columns","tablet-grid-50","mobile-grid-100","grid-parent","grid-33"],"yoast_head":"<!-- This site is optimized with the Yoast SEO plugin v24.0 - https:\/\/yoast.com\/wordpress\/plugins\/seo\/ -->\n<title>La m\u00e9thode du \u00ab panier magique \u00bb divise le d\u00e9sencombrement en deux \u00e9tapes g\u00e9rables | Vie Associative<\/title>\n<meta name=\"robots\" content=\"index, follow, max-snippet:-1, max-image-preview:large, max-video-preview:-1\" \/>\n<link rel=\"canonical\" href=\"https:\/\/vieassociative.be\/actualites\/la-methode-du-panier-magique-divise-le-desencombrement-en-deux-etapes-gerables\/\" \/>\n<meta property=\"og:locale\" content=\"fr_FR\" \/>\n<meta property=\"og:type\" content=\"article\" \/>\n<meta property=\"og:title\" content=\"La m\u00e9thode du \u00ab panier magique \u00bb divise le d\u00e9sencombrement en deux \u00e9tapes g\u00e9rables | Vie Associative\" \/>\n<meta property=\"og:description\" content=\"Vous avez une chose \u00e0 faire le matin et une chose \u00e0 faire le soir. Beaucoup des personnes recherchent des moyens simples et efficaces de\" \/>\n<meta property=\"og:url\" content=\"https:\/\/vieassociative.be\/actualites\/la-methode-du-panier-magique-divise-le-desencombrement-en-deux-etapes-gerables\/\" \/>\n<meta property=\"og:site_name\" content=\"Vie Associative\" \/>\n<meta property=\"article:published_time\" content=\"2024-12-14T06:17:25+00:00\" \/>\n<meta property=\"og:image\" content=\"https:\/\/vieassociative.be\/actualites\/wp-content\/uploads\/2024\/09\/header_backgroundk-01-e1726694325946.png\" \/>\n\t<meta property=\"og:image:width\" content=\"279\" \/>\n\t<meta property=\"og:image:height\" content=\"92\" \/>\n\t<meta property=\"og:image:type\" content=\"image\/png\" \/>\n<meta name=\"author\" content=\"Julien\" \/>\n<meta name=\"twitter:card\" content=\"summary_large_image\" \/>\n<meta name=\"twitter:label1\" content=\"\u00c9crit par\" \/>\n\t<meta name=\"twitter:data1\" content=\"Julien\" \/>\n\t<meta name=\"twitter:label2\" content=\"Dur\u00e9e de lecture est.\" \/>\n\t<meta name=\"twitter:data2\" content=\"3 minutes\" \/>\n<script type=\"application\/ld+json\" class=\"yoast-schema-graph\">{\"@context\":\"https:\/\/schema.org\",\"@graph\":[{\"@type\":\"Article\",\"@id\":\"https:\/\/vieassociative.be\/actualites\/la-methode-du-panier-magique-divise-le-desencombrement-en-deux-etapes-gerables\/#article\",\"isPartOf\":{\"@id\":\"https:\/\/vieassociative.be\/actualites\/la-methode-du-panier-magique-divise-le-desencombrement-en-deux-etapes-gerables\/\"},\"author\":{\"name\":\"Julien\",\"@id\":\"https:\/\/vieassociative.be\/actualites\/#\/schema\/person\/b87ac4f82f9d4e7b7cec7395b679edc4\"},\"headline\":\"La m\u00e9thode du \u00ab panier magique \u00bb divise le d\u00e9sencombrement en deux \u00e9tapes g\u00e9rables\",\"datePublished\":\"2024-12-14T06:17:25+00:00\",\"dateModified\":\"2024-12-14T06:17:25+00:00\",\"mainEntityOfPage\":{\"@id\":\"https:\/\/vieassociative.be\/actualites\/la-methode-du-panier-magique-divise-le-desencombrement-en-deux-etapes-gerables\/\"},\"wordCount\":628,\"publisher\":{\"@id\":\"https:\/\/vieassociative.be\/actualites\/#organization\"},\"image\":{\"@id\":\"https:\/\/vieassociative.be\/actualites\/la-methode-du-panier-magique-divise-le-desencombrement-en-deux-etapes-gerables\/#primaryimage\"},\"thumbnailUrl\":\"https:\/\/vieassociative.be\/actualites\/wp-content\/uploads\/2024\/12\/La-methode-du-panier-magique-divise-le-desencombrement.png\",\"keywords\":[\"d\u00e9sencombrement\",\"deux\",\"divise\",\"\u00e9tapes\",\"g\u00e9rables\",\"magique\",\"m\u00e9thode\",\"panier\"],\"articleSection\":[\"Maison\"],\"inLanguage\":\"fr-BE\"},{\"@type\":\"WebPage\",\"@id\":\"https:\/\/vieassociative.be\/actualites\/la-methode-du-panier-magique-divise-le-desencombrement-en-deux-etapes-gerables\/\",\"url\":\"https:\/\/vieassociative.be\/actualites\/la-methode-du-panier-magique-divise-le-desencombrement-en-deux-etapes-gerables\/\",\"name\":\"La m\u00e9thode du \u00ab panier magique \u00bb divise le d\u00e9sencombrement en deux \u00e9tapes g\u00e9rables | Vie Associative\",\"isPartOf\":{\"@id\":\"https:\/\/vieassociative.be\/actualites\/#website\"},\"primaryImageOfPage\":{\"@id\":\"https:\/\/vieassociative.be\/actualites\/la-methode-du-panier-magique-divise-le-desencombrement-en-deux-etapes-gerables\/#primaryimage\"},\"image\":{\"@id\":\"https:\/\/vieassociative.be\/actualites\/la-methode-du-panier-magique-divise-le-desencombrement-en-deux-etapes-gerables\/#primaryimage\"},\"thumbnailUrl\":\"https:\/\/vieassociative.be\/actualites\/wp-content\/uploads\/2024\/12\/La-methode-du-panier-magique-divise-le-desencombrement.png\",\"datePublished\":\"2024-12-14T06:17:25+00:00\",\"dateModified\":\"2024-12-14T06:17:25+00:00\",\"breadcrumb\":{\"@id\":\"https:\/\/vieassociative.be\/actualites\/la-methode-du-panier-magique-divise-le-desencombrement-en-deux-etapes-gerables\/#breadcrumb\"},\"inLanguage\":\"fr-BE\",\"potentialAction\":[{\"@type\":\"ReadAction\",\"target\":[\"https:\/\/vieassociative.be\/actualites\/la-methode-du-panier-magique-divise-le-desencombrement-en-deux-etapes-gerables\/\"]}]},{\"@type\":\"ImageObject\",\"inLanguage\":\"fr-BE\",\"@id\":\"https:\/\/vieassociative.be\/actualites\/la-methode-du-panier-magique-divise-le-desencombrement-en-deux-etapes-gerables\/#primaryimage\",\"url\":\"https:\/\/vieassociative.be\/actualites\/wp-content\/uploads\/2024\/12\/La-methode-du-panier-magique-divise-le-desencombrement.png\",\"contentUrl\":\"https:\/\/vieassociative.be\/actualites\/wp-content\/uploads\/2024\/12\/La-methode-du-panier-magique-divise-le-desencombrement.png\",\"width\":1200,\"height\":675,\"caption\":\"La m\u00e9thode du \u00ab panier magique \u00bb divise le d\u00e9sencombrement en deux \u00e9tapes g\u00e9rables\"},{\"@type\":\"BreadcrumbList\",\"@id\":\"https:\/\/vieassociative.be\/actualites\/la-methode-du-panier-magique-divise-le-desencombrement-en-deux-etapes-gerables\/#breadcrumb\",\"itemListElement\":[{\"@type\":\"ListItem\",\"position\":1,\"name\":\"Accueil\",\"item\":\"https:\/\/vieassociative.be\/actualites\/\"},{\"@type\":\"ListItem\",\"position\":2,\"name\":\"La m\u00e9thode du \u00ab panier magique \u00bb divise le d\u00e9sencombrement en deux \u00e9tapes g\u00e9rables\"}]},{\"@type\":\"WebSite\",\"@id\":\"https:\/\/vieassociative.be\/actualites\/#website\",\"url\":\"https:\/\/vieassociative.be\/actualites\/\",\"name\":\"Vie Associative\",\"description\":\"\",\"publisher\":{\"@id\":\"https:\/\/vieassociative.be\/actualites\/#organization\"},\"potentialAction\":[{\"@type\":\"SearchAction\",\"target\":{\"@type\":\"EntryPoint\",\"urlTemplate\":\"https:\/\/vieassociative.be\/actualites\/?s={search_term_string}\"},\"query-input\":{\"@type\":\"PropertyValueSpecification\",\"valueRequired\":true,\"valueName\":\"search_term_string\"}}],\"inLanguage\":\"fr-BE\"},{\"@type\":\"Organization\",\"@id\":\"https:\/\/vieassociative.be\/actualites\/#organization\",\"name\":\"Vie Associative\",\"url\":\"https:\/\/vieassociative.be\/actualites\/\",\"logo\":{\"@type\":\"ImageObject\",\"inLanguage\":\"fr-BE\",\"@id\":\"https:\/\/vieassociative.be\/actualites\/#\/schema\/logo\/image\/\",\"url\":\"https:\/\/vieassociative.be\/actualites\/wp-content\/uploads\/2024\/09\/cropped-vieassociative_favicon.ico.png\",\"contentUrl\":\"https:\/\/vieassociative.be\/actualites\/wp-content\/uploads\/2024\/09\/cropped-vieassociative_favicon.ico.png\",\"width\":512,\"height\":512,\"caption\":\"Vie Associative\"},\"image\":{\"@id\":\"https:\/\/vieassociative.be\/actualites\/#\/schema\/logo\/image\/\"}},{\"@type\":\"Person\",\"@id\":\"https:\/\/vieassociative.be\/actualites\/#\/schema\/person\/b87ac4f82f9d4e7b7cec7395b679edc4\",\"name\":\"Julien\",\"image\":{\"@type\":\"ImageObject\",\"inLanguage\":\"fr-BE\",\"@id\":\"https:\/\/vieassociative.be\/actualites\/#\/schema\/person\/image\/\",\"url\":\"https:\/\/vieassociative.be\/actualites\/wp-content\/uploads\/2024\/09\/vie-associative-1-150x150.jpg\",\"contentUrl\":\"https:\/\/vieassociative.be\/actualites\/wp-content\/uploads\/2024\/09\/vie-associative-1-150x150.jpg\",\"caption\":\"Julien\"},\"description\":\"Je suis Julien, r\u00e9dacteur pour Vie Associative. Passionn\u00e9 par le monde associatif depuis plus de 10 ans, j'ai \u00e0 c\u0153ur de partager des histoires inspirantes et de mettre en lumi\u00e8re les initiatives locales. Mon objectif est de sensibiliser et d'encourager l'engagement communautaire \u00e0 travers mes articles.\",\"sameAs\":[\"https:\/\/vieassociative.be\/\"]}]}<\/script>\n<!-- \/ Yoast SEO plugin. -->","yoast_head_json":{"title":"La m\u00e9thode du \u00ab panier magique \u00bb divise le d\u00e9sencombrement en deux \u00e9tapes g\u00e9rables | Vie Associative","robots":{"index":"index","follow":"follow","max-snippet":"max-snippet:-1","max-image-preview":"max-image-preview:large","max-video-preview":"max-video-preview:-1"},"canonical":"https:\/\/vieassociative.be\/actualites\/la-methode-du-panier-magique-divise-le-desencombrement-en-deux-etapes-gerables\/","og_locale":"fr_FR","og_type":"article","og_title":"La m\u00e9thode du \u00ab panier magique \u00bb divise le d\u00e9sencombrement en deux \u00e9tapes g\u00e9rables | Vie Associative","og_description":"Vous avez une chose \u00e0 faire le matin et une chose \u00e0 faire le soir. Beaucoup des personnes recherchent des moyens simples et efficaces de","og_url":"https:\/\/vieassociative.be\/actualites\/la-methode-du-panier-magique-divise-le-desencombrement-en-deux-etapes-gerables\/","og_site_name":"Vie Associative","article_published_time":"2024-12-14T06:17:25+00:00","og_image":[{"width":279,"height":92,"url":"https:\/\/vieassociative.be\/actualites\/wp-content\/uploads\/2024\/09\/header_backgroundk-01-e1726694325946.png","type":"image\/png"}],"author":"Julien","twitter_card":"summary_large_image","twitter_misc":{"\u00c9crit par":"Julien","Dur\u00e9e de lecture est.":"3 minutes"},"schema":{"@context":"https:\/\/schema.org","@graph":[{"@type":"Article","@id":"https:\/\/vieassociative.be\/actualites\/la-methode-du-panier-magique-divise-le-desencombrement-en-deux-etapes-gerables\/#article","isPartOf":{"@id":"https:\/\/vieassociative.be\/actualites\/la-methode-du-panier-magique-divise-le-desencombrement-en-deux-etapes-gerables\/"},"author":{"name":"Julien","@id":"https:\/\/vieassociative.be\/actualites\/#\/schema\/person\/b87ac4f82f9d4e7b7cec7395b679edc4"},"headline":"La m\u00e9thode du \u00ab panier magique \u00bb divise le d\u00e9sencombrement en deux \u00e9tapes g\u00e9rables","datePublished":"2024-12-14T06:17:25+00:00","dateModified":"2024-12-14T06:17:25+00:00","mainEntityOfPage":{"@id":"https:\/\/vieassociative.be\/actualites\/la-methode-du-panier-magique-divise-le-desencombrement-en-deux-etapes-gerables\/"},"wordCount":628,"publisher":{"@id":"https:\/\/vieassociative.be\/actualites\/#organization"},"image":{"@id":"https:\/\/vieassociative.be\/actualites\/la-methode-du-panier-magique-divise-le-desencombrement-en-deux-etapes-gerables\/#primaryimage"},"thumbnailUrl":"https:\/\/vieassociative.be\/actualites\/wp-content\/uploads\/2024\/12\/La-methode-du-panier-magique-divise-le-desencombrement.png","keywords":["d\u00e9sencombrement","deux","divise","\u00e9tapes","g\u00e9rables","magique","m\u00e9thode","panier"],"articleSection":["Maison"],"inLanguage":"fr-BE"},{"@type":"WebPage","@id":"https:\/\/vieassociative.be\/actualites\/la-methode-du-panier-magique-divise-le-desencombrement-en-deux-etapes-gerables\/","url":"https:\/\/vieassociative.be\/actualites\/la-methode-du-panier-magique-divise-le-desencombrement-en-deux-etapes-gerables\/","name":"La m\u00e9thode du \u00ab panier magique \u00bb divise le d\u00e9sencombrement en deux \u00e9tapes g\u00e9rables | Vie Associative","isPartOf":{"@id":"https:\/\/vieassociative.be\/actualites\/#website"},"primaryImageOfPage":{"@id":"https:\/\/vieassociative.be\/actualites\/la-methode-du-panier-magique-divise-le-desencombrement-en-deux-etapes-gerables\/#primaryimage"},"image":{"@id":"https:\/\/vieassociative.be\/actualites\/la-methode-du-panier-magique-divise-le-desencombrement-en-deux-etapes-gerables\/#primaryimage"},"thumbnailUrl":"https:\/\/vieassociative.be\/actualites\/wp-content\/uploads\/2024\/12\/La-methode-du-panier-magique-divise-le-desencombrement.png","datePublished":"2024-12-14T06:17:25+00:00","dateModified":"2024-12-14T06:17:25+00:00","breadcrumb":{"@id":"https:\/\/vieassociative.be\/actualites\/la-methode-du-panier-magique-divise-le-desencombrement-en-deux-etapes-gerables\/#breadcrumb"},"inLanguage":"fr-BE","potentialAction":[{"@type":"ReadAction","target":["https:\/\/vieassociative.be\/actualites\/la-methode-du-panier-magique-divise-le-desencombrement-en-deux-etapes-gerables\/"]}]},{"@type":"ImageObject","inLanguage":"fr-BE","@id":"https:\/\/vieassociative.be\/actualites\/la-methode-du-panier-magique-divise-le-desencombrement-en-deux-etapes-gerables\/#primaryimage","url":"https:\/\/vieassociative.be\/actualites\/wp-content\/uploads\/2024\/12\/La-methode-du-panier-magique-divise-le-desencombrement.png","contentUrl":"https:\/\/vieassociative.be\/actualites\/wp-content\/uploads\/2024\/12\/La-methode-du-panier-magique-divise-le-desencombrement.png","width":1200,"height":675,"caption":"La m\u00e9thode du \u00ab panier magique \u00bb divise le d\u00e9sencombrement en deux \u00e9tapes g\u00e9rables"},{"@type":"BreadcrumbList","@id":"https:\/\/vieassociative.be\/actualites\/la-methode-du-panier-magique-divise-le-desencombrement-en-deux-etapes-gerables\/#breadcrumb","itemListElement":[{"@type":"ListItem","position":1,"name":"Accueil","item":"https:\/\/vieassociative.be\/actualites\/"},{"@type":"ListItem","position":2,"name":"La m\u00e9thode du \u00ab panier magique \u00bb divise le d\u00e9sencombrement en deux \u00e9tapes g\u00e9rables"}]},{"@type":"WebSite","@id":"https:\/\/vieassociative.be\/actualites\/#website","url":"https:\/\/vieassociative.be\/actualites\/","name":"Vie Associative","description":"","publisher":{"@id":"https:\/\/vieassociative.be\/actualites\/#organization"},"potentialAction":[{"@type":"SearchAction","target":{"@type":"EntryPoint","urlTemplate":"https:\/\/vieassociative.be\/actualites\/?s={search_term_string}"},"query-input":{"@type":"PropertyValueSpecification","valueRequired":true,"valueName":"search_term_string"}}],"inLanguage":"fr-BE"},{"@type":"Organization","@id":"https:\/\/vieassociative.be\/actualites\/#organization","name":"Vie Associative","url":"https:\/\/vieassociative.be\/actualites\/","logo":{"@type":"ImageObject","inLanguage":"fr-BE","@id":"https:\/\/vieassociative.be\/actualites\/#\/schema\/logo\/image\/","url":"https:\/\/vieassociative.be\/actualites\/wp-content\/uploads\/2024\/09\/cropped-vieassociative_favicon.ico.png","contentUrl":"https:\/\/vieassociative.be\/actualites\/wp-content\/uploads\/2024\/09\/cropped-vieassociative_favicon.ico.png","width":512,"height":512,"caption":"Vie Associative"},"image":{"@id":"https:\/\/vieassociative.be\/actualites\/#\/schema\/logo\/image\/"}},{"@type":"Person","@id":"https:\/\/vieassociative.be\/actualites\/#\/schema\/person\/b87ac4f82f9d4e7b7cec7395b679edc4","name":"Julien","image":{"@type":"ImageObject","inLanguage":"fr-BE","@id":"https:\/\/vieassociative.be\/actualites\/#\/schema\/person\/image\/","url":"https:\/\/vieassociative.be\/actualites\/wp-content\/uploads\/2024\/09\/vie-associative-1-150x150.jpg","contentUrl":"https:\/\/vieassociative.be\/actualites\/wp-content\/uploads\/2024\/09\/vie-associative-1-150x150.jpg","caption":"Julien"},"description":"Je suis Julien, r\u00e9dacteur pour Vie Associative. Passionn\u00e9 par le monde associatif depuis plus de 10 ans, j'ai \u00e0 c\u0153ur de partager des histoires inspirantes et de mettre en lumi\u00e8re les initiatives locales. Mon objectif est de sensibiliser et d'encourager l'engagement communautaire \u00e0 travers mes articles.","sameAs":["https:\/\/vieassociative.be\/"]}]}},"_links":{"self":[{"href":"https:\/\/vieassociative.be\/actualites\/wp-json\/wp\/v2\/posts\/3373"}],"collection":[{"href":"https:\/\/vieassociative.be\/actualites\/wp-json\/wp\/v2\/posts"}],"about":[{"href":"https:\/\/vieassociative.be\/actualites\/wp-json\/wp\/v2\/types\/post"}],"author":[{"embeddable":true,"href":"https:\/\/vieassociative.be\/actualites\/wp-json\/wp\/v2\/users\/1"}],"replies":[{"embeddable":true,"href":"https:\/\/vieassociative.be\/actualites\/wp-json\/wp\/v2\/comments?post=3373"}],"version-history":[{"count":0,"href":"https:\/\/vieassociative.be\/actualites\/wp-json\/wp\/v2\/posts\/3373\/revisions"}],"wp:featuredmedia":[{"embeddable":true,"href":"https:\/\/vieassociative.be\/actualites\/wp-json\/wp\/v2\/media\/3374"}],"wp:attachment":[{"href":"https:\/\/vieassociative.be\/actualites\/wp-json\/wp\/v2\/media?parent=3373"}],"wp:term":[{"taxonomy":"category","embeddable":true,"href":"https:\/\/vieassociative.be\/actualites\/wp-json\/wp\/v2\/categories?post=3373"},{"taxonomy":"post_tag","embeddable":true,"href":"https:\/\/vieassociative.be\/actualites\/wp-json\/wp\/v2\/tags?post=3373"}],"curies":[{"name":"wp","href":"https:\/\/api.w.org\/{rel}","templated":true}]}}