{"id":3368,"date":"2024-12-14T03:17:57","date_gmt":"2024-12-14T02:17:57","guid":{"rendered":"https:\/\/vieassociative.be\/actualites\/audi-annonce-la-fermeture-de-son-usine-a-bruxelles\/"},"modified":"2024-12-14T03:17:57","modified_gmt":"2024-12-14T02:17:57","slug":"audi-annonce-la-fermeture-de-son-usine-a-bruxelles","status":"publish","type":"post","link":"https:\/\/vieassociative.be\/actualites\/audi-annonce-la-fermeture-de-son-usine-a-bruxelles\/","title":{"rendered":"Audi annonce la fermeture de son usine \u00e0 Bruxelles"},"content":{"rendered":"<p><strong>Apr\u00e8s des mois de n\u00e9gociations avec les comit\u00e9s d&rsquo;entreprise et les syndicats, Audi a annonc\u00e9 la fermeture de l&rsquo;usine de Bruxelles. La production automobile s&rsquo;arr\u00eatera fin f\u00e9vrier et l&rsquo;usine sera ferm\u00e9e, a annonc\u00e9 jeudi l&rsquo;entreprise.<\/strong><\/p>\n<p><span id=\"more-403941\"><\/span>Il n&rsquo;y a pas de plan social pour les 3 000 salari\u00e9s. La filiale du groupe Volkswagen a indiqu\u00e9 que la sixi\u00e8me offre de l&rsquo;entreprise avait \u00e9galement \u00e9t\u00e9 rejet\u00e9e par les repr\u00e9sentants des salari\u00e9s. Audi offre d\u00e9sormais \u00e0 ses employ\u00e9s sa propre prime d&rsquo;entreprise volontaire en plus de l&rsquo;indemnit\u00e9 de pr\u00e9avis l\u00e9gale, a d\u00e9clar\u00e9 le directeur de la production Gerd Walker. \u00ab\u00a0Dans l&rsquo;ensemble, Audi d\u00e9pense plus de deux fois plus en indemnit\u00e9s de licenciement que l&rsquo;exige la loi.\u00a0\u00bb<\/p>\n<div id=\"attachment_396221\" class=\"wp-caption alignleft\" style=\"max-width: 300px\"><img fetchpriority=\"high\" decoding=\"async\" class=\"wp-image-396221 size-medium\" src=\"https:\/\/vieassociative.be\/actualites\/wp-content\/uploads\/2024\/10\/Audi-arretera-sa-production-a-Bruxelles-en-fevrier-2025.jpg\" alt=\"\" width=\"300\" height=\"200\"><\/p>\n<p class=\"wp-caption-text\">9 septembre 2024, Belgique, Bruxelles : des ouvriers bloquent l&rsquo;entr\u00e9e de l&rsquo;usine Audi Bruxelles \u00e0 Forest avec des pneus de voiture en feu. Photo : Jonas Roosens\/Belga\/dpa<\/p>\n<\/div>\n<p>L&rsquo;usine ne produit qu&rsquo;un seul mod\u00e8le, le grand SUV \u00e9lectrique Q8 e-tron. Ses chiffres de vente diminuent. L\u2019usine a des co\u00fbts logistiques tr\u00e8s \u00e9lev\u00e9s car il n\u2019y a que quelques fournisseurs \u00e0 proximit\u00e9. La situation entre une zone r\u00e9sidentielle, les voies ferr\u00e9es et l&rsquo;autoroute rend l&rsquo;expansion difficile.<\/p>\n<p>La maison m\u00e8re Volkswagen est en crise et ne souhaite pas lancer de nouveau mod\u00e8le \u00e0 Bruxelles. Audi discute \u00e9galement avec le comit\u00e9 g\u00e9n\u00e9ral d&rsquo;entreprise d&rsquo;Ingolstadt de la mani\u00e8re d&rsquo;\u00e9viter les licenciements pour raisons op\u00e9rationnelles en Allemagne. La recherche d&rsquo;un investisseur qui continuerait l&rsquo;usine avec les employ\u00e9s n&rsquo;a pas abouti.<\/p>\n<p>Walker a regrett\u00e9 l&rsquo;\u00e9chec des n\u00e9gociations sur un plan social. Un salari\u00e9 ayant 17 ans d&rsquo;anciennet\u00e9 aurait per\u00e7u entre 125 000 et 190 000 euros, selon la fonction et le salaire. Sans plan social commun, Audi n&rsquo;est pas autoris\u00e9 \u00e0 proposer des r\u00e8gles d&rsquo;\u00e2ge suppl\u00e9mentaires pour les salari\u00e9s de plus de 60 ans pour des raisons juridiques. (dpa)<\/p>\n","protected":false},"excerpt":{"rendered":"<p>Apr\u00e8s des mois de n\u00e9gociations avec les comit\u00e9s d&rsquo;entreprise et les syndicats, Audi a annonc\u00e9 la fermeture de l&rsquo;usine de Bruxelles. La production automobile s&rsquo;arr\u00eatera<\/p>\n","protected":false},"author":1,"featured_media":1801,"comment_status":"","ping_status":"","sticky":false,"template":"","format":"standard","meta":{"footnotes":""},"categories":[298],"tags":[1987,2461,455,4004,800,4005],"class_list":["post-3368","post","type-post","status-publish","format-standard","has-post-thumbnail","hentry","category-belgique","tag-annonce","tag-audi","tag-bruxelles","tag-fermeture","tag-son","tag-usine","generate-columns","tablet-grid-50","mobile-grid-100","grid-parent","grid-33"],"yoast_head":"<!-- This site is optimized with the Yoast SEO plugin v24.0 - https:\/\/yoast.com\/wordpress\/plugins\/seo\/ -->\n<title>Audi annonce la fermeture de son usine \u00e0 Bruxelles | Vie Associative<\/title>\n<meta name=\"robots\" content=\"index, follow, max-snippet:-1, max-image-preview:large, max-video-preview:-1\" \/>\n<link rel=\"canonical\" href=\"https:\/\/vieassociative.be\/actualites\/audi-annonce-la-fermeture-de-son-usine-a-bruxelles\/\" \/>\n<meta property=\"og:locale\" content=\"fr_FR\" \/>\n<meta property=\"og:type\" content=\"article\" \/>\n<meta property=\"og:title\" content=\"Audi annonce la fermeture de son usine \u00e0 Bruxelles | Vie Associative\" \/>\n<meta property=\"og:description\" content=\"Apr\u00e8s des mois de n\u00e9gociations avec les comit\u00e9s d&rsquo;entreprise et les syndicats, Audi a annonc\u00e9 la fermeture de l&rsquo;usine de Bruxelles. La production automobile s&rsquo;arr\u00eatera\" \/>\n<meta property=\"og:url\" content=\"https:\/\/vieassociative.be\/actualites\/audi-annonce-la-fermeture-de-son-usine-a-bruxelles\/\" \/>\n<meta property=\"og:site_name\" content=\"Vie Associative\" \/>\n<meta property=\"article:published_time\" content=\"2024-12-14T02:17:57+00:00\" \/>\n<meta property=\"og:image\" content=\"https:\/\/vieassociative.be\/actualites\/wp-content\/uploads\/2024\/09\/header_backgroundk-01-e1726694325946.png\" \/>\n\t<meta property=\"og:image:width\" content=\"279\" \/>\n\t<meta property=\"og:image:height\" content=\"92\" \/>\n\t<meta property=\"og:image:type\" content=\"image\/png\" \/>\n<meta name=\"author\" content=\"Julien\" \/>\n<meta name=\"twitter:card\" content=\"summary_large_image\" \/>\n<meta name=\"twitter:label1\" content=\"\u00c9crit par\" \/>\n\t<meta name=\"twitter:data1\" content=\"Julien\" \/>\n\t<meta name=\"twitter:label2\" content=\"Dur\u00e9e de lecture est.\" \/>\n\t<meta name=\"twitter:data2\" content=\"2 minutes\" \/>\n<script type=\"application\/ld+json\" class=\"yoast-schema-graph\">{\"@context\":\"https:\/\/schema.org\",\"@graph\":[{\"@type\":\"Article\",\"@id\":\"https:\/\/vieassociative.be\/actualites\/audi-annonce-la-fermeture-de-son-usine-a-bruxelles\/#article\",\"isPartOf\":{\"@id\":\"https:\/\/vieassociative.be\/actualites\/audi-annonce-la-fermeture-de-son-usine-a-bruxelles\/\"},\"author\":{\"name\":\"Julien\",\"@id\":\"https:\/\/vieassociative.be\/actualites\/#\/schema\/person\/b87ac4f82f9d4e7b7cec7395b679edc4\"},\"headline\":\"Audi annonce la fermeture de son usine \u00e0 Bruxelles\",\"datePublished\":\"2024-12-14T02:17:57+00:00\",\"dateModified\":\"2024-12-14T02:17:57+00:00\",\"mainEntityOfPage\":{\"@id\":\"https:\/\/vieassociative.be\/actualites\/audi-annonce-la-fermeture-de-son-usine-a-bruxelles\/\"},\"wordCount\":354,\"publisher\":{\"@id\":\"https:\/\/vieassociative.be\/actualites\/#organization\"},\"image\":{\"@id\":\"https:\/\/vieassociative.be\/actualites\/audi-annonce-la-fermeture-de-son-usine-a-bruxelles\/#primaryimage\"},\"thumbnailUrl\":\"https:\/\/vieassociative.be\/actualites\/wp-content\/uploads\/2024\/10\/1730233086_Audi-arretera-sa-production-a-Bruxelles-en-fevrier-2025.jpg\",\"keywords\":[\"annonce\",\"Audi\",\"Bruxelles\",\"fermeture\",\"son\",\"usine\"],\"articleSection\":[\"Belgique\"],\"inLanguage\":\"fr-BE\"},{\"@type\":\"WebPage\",\"@id\":\"https:\/\/vieassociative.be\/actualites\/audi-annonce-la-fermeture-de-son-usine-a-bruxelles\/\",\"url\":\"https:\/\/vieassociative.be\/actualites\/audi-annonce-la-fermeture-de-son-usine-a-bruxelles\/\",\"name\":\"Audi annonce la fermeture de son usine \u00e0 Bruxelles | Vie Associative\",\"isPartOf\":{\"@id\":\"https:\/\/vieassociative.be\/actualites\/#website\"},\"primaryImageOfPage\":{\"@id\":\"https:\/\/vieassociative.be\/actualites\/audi-annonce-la-fermeture-de-son-usine-a-bruxelles\/#primaryimage\"},\"image\":{\"@id\":\"https:\/\/vieassociative.be\/actualites\/audi-annonce-la-fermeture-de-son-usine-a-bruxelles\/#primaryimage\"},\"thumbnailUrl\":\"https:\/\/vieassociative.be\/actualites\/wp-content\/uploads\/2024\/10\/1730233086_Audi-arretera-sa-production-a-Bruxelles-en-fevrier-2025.jpg\",\"datePublished\":\"2024-12-14T02:17:57+00:00\",\"dateModified\":\"2024-12-14T02:17:57+00:00\",\"breadcrumb\":{\"@id\":\"https:\/\/vieassociative.be\/actualites\/audi-annonce-la-fermeture-de-son-usine-a-bruxelles\/#breadcrumb\"},\"inLanguage\":\"fr-BE\",\"potentialAction\":[{\"@type\":\"ReadAction\",\"target\":[\"https:\/\/vieassociative.be\/actualites\/audi-annonce-la-fermeture-de-son-usine-a-bruxelles\/\"]}]},{\"@type\":\"ImageObject\",\"inLanguage\":\"fr-BE\",\"@id\":\"https:\/\/vieassociative.be\/actualites\/audi-annonce-la-fermeture-de-son-usine-a-bruxelles\/#primaryimage\",\"url\":\"https:\/\/vieassociative.be\/actualites\/wp-content\/uploads\/2024\/10\/1730233086_Audi-arretera-sa-production-a-Bruxelles-en-fevrier-2025.jpg\",\"contentUrl\":\"https:\/\/vieassociative.be\/actualites\/wp-content\/uploads\/2024\/10\/1730233086_Audi-arretera-sa-production-a-Bruxelles-en-fevrier-2025.jpg\",\"width\":1200,\"height\":800,\"caption\":\"Audi arr\u00eatera sa production \u00e0 Bruxelles en f\u00e9vrier 2025\"},{\"@type\":\"BreadcrumbList\",\"@id\":\"https:\/\/vieassociative.be\/actualites\/audi-annonce-la-fermeture-de-son-usine-a-bruxelles\/#breadcrumb\",\"itemListElement\":[{\"@type\":\"ListItem\",\"position\":1,\"name\":\"Accueil\",\"item\":\"https:\/\/vieassociative.be\/actualites\/\"},{\"@type\":\"ListItem\",\"position\":2,\"name\":\"Audi annonce la fermeture de son usine \u00e0 Bruxelles\"}]},{\"@type\":\"WebSite\",\"@id\":\"https:\/\/vieassociative.be\/actualites\/#website\",\"url\":\"https:\/\/vieassociative.be\/actualites\/\",\"name\":\"Vie Associative\",\"description\":\"\",\"publisher\":{\"@id\":\"https:\/\/vieassociative.be\/actualites\/#organization\"},\"potentialAction\":[{\"@type\":\"SearchAction\",\"target\":{\"@type\":\"EntryPoint\",\"urlTemplate\":\"https:\/\/vieassociative.be\/actualites\/?s={search_term_string}\"},\"query-input\":{\"@type\":\"PropertyValueSpecification\",\"valueRequired\":true,\"valueName\":\"search_term_string\"}}],\"inLanguage\":\"fr-BE\"},{\"@type\":\"Organization\",\"@id\":\"https:\/\/vieassociative.be\/actualites\/#organization\",\"name\":\"Vie Associative\",\"url\":\"https:\/\/vieassociative.be\/actualites\/\",\"logo\":{\"@type\":\"ImageObject\",\"inLanguage\":\"fr-BE\",\"@id\":\"https:\/\/vieassociative.be\/actualites\/#\/schema\/logo\/image\/\",\"url\":\"https:\/\/vieassociative.be\/actualites\/wp-content\/uploads\/2024\/09\/cropped-vieassociative_favicon.ico.png\",\"contentUrl\":\"https:\/\/vieassociative.be\/actualites\/wp-content\/uploads\/2024\/09\/cropped-vieassociative_favicon.ico.png\",\"width\":512,\"height\":512,\"caption\":\"Vie Associative\"},\"image\":{\"@id\":\"https:\/\/vieassociative.be\/actualites\/#\/schema\/logo\/image\/\"}},{\"@type\":\"Person\",\"@id\":\"https:\/\/vieassociative.be\/actualites\/#\/schema\/person\/b87ac4f82f9d4e7b7cec7395b679edc4\",\"name\":\"Julien\",\"image\":{\"@type\":\"ImageObject\",\"inLanguage\":\"fr-BE\",\"@id\":\"https:\/\/vieassociative.be\/actualites\/#\/schema\/person\/image\/\",\"url\":\"https:\/\/vieassociative.be\/actualites\/wp-content\/uploads\/2024\/09\/vie-associative-1-150x150.jpg\",\"contentUrl\":\"https:\/\/vieassociative.be\/actualites\/wp-content\/uploads\/2024\/09\/vie-associative-1-150x150.jpg\",\"caption\":\"Julien\"},\"description\":\"Je suis Julien, r\u00e9dacteur pour Vie Associative. Passionn\u00e9 par le monde associatif depuis plus de 10 ans, j'ai \u00e0 c\u0153ur de partager des histoires inspirantes et de mettre en lumi\u00e8re les initiatives locales. Mon objectif est de sensibiliser et d'encourager l'engagement communautaire \u00e0 travers mes articles.\",\"sameAs\":[\"https:\/\/vieassociative.be\/\"]}]}<\/script>\n<!-- \/ Yoast SEO plugin. -->","yoast_head_json":{"title":"Audi annonce la fermeture de son usine \u00e0 Bruxelles | Vie Associative","robots":{"index":"index","follow":"follow","max-snippet":"max-snippet:-1","max-image-preview":"max-image-preview:large","max-video-preview":"max-video-preview:-1"},"canonical":"https:\/\/vieassociative.be\/actualites\/audi-annonce-la-fermeture-de-son-usine-a-bruxelles\/","og_locale":"fr_FR","og_type":"article","og_title":"Audi annonce la fermeture de son usine \u00e0 Bruxelles | Vie Associative","og_description":"Apr\u00e8s des mois de n\u00e9gociations avec les comit\u00e9s d&rsquo;entreprise et les syndicats, Audi a annonc\u00e9 la fermeture de l&rsquo;usine de Bruxelles. La production automobile s&rsquo;arr\u00eatera","og_url":"https:\/\/vieassociative.be\/actualites\/audi-annonce-la-fermeture-de-son-usine-a-bruxelles\/","og_site_name":"Vie Associative","article_published_time":"2024-12-14T02:17:57+00:00","og_image":[{"width":279,"height":92,"url":"https:\/\/vieassociative.be\/actualites\/wp-content\/uploads\/2024\/09\/header_backgroundk-01-e1726694325946.png","type":"image\/png"}],"author":"Julien","twitter_card":"summary_large_image","twitter_misc":{"\u00c9crit par":"Julien","Dur\u00e9e de lecture est.":"2 minutes"},"schema":{"@context":"https:\/\/schema.org","@graph":[{"@type":"Article","@id":"https:\/\/vieassociative.be\/actualites\/audi-annonce-la-fermeture-de-son-usine-a-bruxelles\/#article","isPartOf":{"@id":"https:\/\/vieassociative.be\/actualites\/audi-annonce-la-fermeture-de-son-usine-a-bruxelles\/"},"author":{"name":"Julien","@id":"https:\/\/vieassociative.be\/actualites\/#\/schema\/person\/b87ac4f82f9d4e7b7cec7395b679edc4"},"headline":"Audi annonce la fermeture de son usine \u00e0 Bruxelles","datePublished":"2024-12-14T02:17:57+00:00","dateModified":"2024-12-14T02:17:57+00:00","mainEntityOfPage":{"@id":"https:\/\/vieassociative.be\/actualites\/audi-annonce-la-fermeture-de-son-usine-a-bruxelles\/"},"wordCount":354,"publisher":{"@id":"https:\/\/vieassociative.be\/actualites\/#organization"},"image":{"@id":"https:\/\/vieassociative.be\/actualites\/audi-annonce-la-fermeture-de-son-usine-a-bruxelles\/#primaryimage"},"thumbnailUrl":"https:\/\/vieassociative.be\/actualites\/wp-content\/uploads\/2024\/10\/1730233086_Audi-arretera-sa-production-a-Bruxelles-en-fevrier-2025.jpg","keywords":["annonce","Audi","Bruxelles","fermeture","son","usine"],"articleSection":["Belgique"],"inLanguage":"fr-BE"},{"@type":"WebPage","@id":"https:\/\/vieassociative.be\/actualites\/audi-annonce-la-fermeture-de-son-usine-a-bruxelles\/","url":"https:\/\/vieassociative.be\/actualites\/audi-annonce-la-fermeture-de-son-usine-a-bruxelles\/","name":"Audi annonce la fermeture de son usine \u00e0 Bruxelles | Vie Associative","isPartOf":{"@id":"https:\/\/vieassociative.be\/actualites\/#website"},"primaryImageOfPage":{"@id":"https:\/\/vieassociative.be\/actualites\/audi-annonce-la-fermeture-de-son-usine-a-bruxelles\/#primaryimage"},"image":{"@id":"https:\/\/vieassociative.be\/actualites\/audi-annonce-la-fermeture-de-son-usine-a-bruxelles\/#primaryimage"},"thumbnailUrl":"https:\/\/vieassociative.be\/actualites\/wp-content\/uploads\/2024\/10\/1730233086_Audi-arretera-sa-production-a-Bruxelles-en-fevrier-2025.jpg","datePublished":"2024-12-14T02:17:57+00:00","dateModified":"2024-12-14T02:17:57+00:00","breadcrumb":{"@id":"https:\/\/vieassociative.be\/actualites\/audi-annonce-la-fermeture-de-son-usine-a-bruxelles\/#breadcrumb"},"inLanguage":"fr-BE","potentialAction":[{"@type":"ReadAction","target":["https:\/\/vieassociative.be\/actualites\/audi-annonce-la-fermeture-de-son-usine-a-bruxelles\/"]}]},{"@type":"ImageObject","inLanguage":"fr-BE","@id":"https:\/\/vieassociative.be\/actualites\/audi-annonce-la-fermeture-de-son-usine-a-bruxelles\/#primaryimage","url":"https:\/\/vieassociative.be\/actualites\/wp-content\/uploads\/2024\/10\/1730233086_Audi-arretera-sa-production-a-Bruxelles-en-fevrier-2025.jpg","contentUrl":"https:\/\/vieassociative.be\/actualites\/wp-content\/uploads\/2024\/10\/1730233086_Audi-arretera-sa-production-a-Bruxelles-en-fevrier-2025.jpg","width":1200,"height":800,"caption":"Audi arr\u00eatera sa production \u00e0 Bruxelles en f\u00e9vrier 2025"},{"@type":"BreadcrumbList","@id":"https:\/\/vieassociative.be\/actualites\/audi-annonce-la-fermeture-de-son-usine-a-bruxelles\/#breadcrumb","itemListElement":[{"@type":"ListItem","position":1,"name":"Accueil","item":"https:\/\/vieassociative.be\/actualites\/"},{"@type":"ListItem","position":2,"name":"Audi annonce la fermeture de son usine \u00e0 Bruxelles"}]},{"@type":"WebSite","@id":"https:\/\/vieassociative.be\/actualites\/#website","url":"https:\/\/vieassociative.be\/actualites\/","name":"Vie Associative","description":"","publisher":{"@id":"https:\/\/vieassociative.be\/actualites\/#organization"},"potentialAction":[{"@type":"SearchAction","target":{"@type":"EntryPoint","urlTemplate":"https:\/\/vieassociative.be\/actualites\/?s={search_term_string}"},"query-input":{"@type":"PropertyValueSpecification","valueRequired":true,"valueName":"search_term_string"}}],"inLanguage":"fr-BE"},{"@type":"Organization","@id":"https:\/\/vieassociative.be\/actualites\/#organization","name":"Vie Associative","url":"https:\/\/vieassociative.be\/actualites\/","logo":{"@type":"ImageObject","inLanguage":"fr-BE","@id":"https:\/\/vieassociative.be\/actualites\/#\/schema\/logo\/image\/","url":"https:\/\/vieassociative.be\/actualites\/wp-content\/uploads\/2024\/09\/cropped-vieassociative_favicon.ico.png","contentUrl":"https:\/\/vieassociative.be\/actualites\/wp-content\/uploads\/2024\/09\/cropped-vieassociative_favicon.ico.png","width":512,"height":512,"caption":"Vie Associative"},"image":{"@id":"https:\/\/vieassociative.be\/actualites\/#\/schema\/logo\/image\/"}},{"@type":"Person","@id":"https:\/\/vieassociative.be\/actualites\/#\/schema\/person\/b87ac4f82f9d4e7b7cec7395b679edc4","name":"Julien","image":{"@type":"ImageObject","inLanguage":"fr-BE","@id":"https:\/\/vieassociative.be\/actualites\/#\/schema\/person\/image\/","url":"https:\/\/vieassociative.be\/actualites\/wp-content\/uploads\/2024\/09\/vie-associative-1-150x150.jpg","contentUrl":"https:\/\/vieassociative.be\/actualites\/wp-content\/uploads\/2024\/09\/vie-associative-1-150x150.jpg","caption":"Julien"},"description":"Je suis Julien, r\u00e9dacteur pour Vie Associative. Passionn\u00e9 par le monde associatif depuis plus de 10 ans, j'ai \u00e0 c\u0153ur de partager des histoires inspirantes et de mettre en lumi\u00e8re les initiatives locales. Mon objectif est de sensibiliser et d'encourager l'engagement communautaire \u00e0 travers mes articles.","sameAs":["https:\/\/vieassociative.be\/"]}]}},"_links":{"self":[{"href":"https:\/\/vieassociative.be\/actualites\/wp-json\/wp\/v2\/posts\/3368"}],"collection":[{"href":"https:\/\/vieassociative.be\/actualites\/wp-json\/wp\/v2\/posts"}],"about":[{"href":"https:\/\/vieassociative.be\/actualites\/wp-json\/wp\/v2\/types\/post"}],"author":[{"embeddable":true,"href":"https:\/\/vieassociative.be\/actualites\/wp-json\/wp\/v2\/users\/1"}],"replies":[{"embeddable":true,"href":"https:\/\/vieassociative.be\/actualites\/wp-json\/wp\/v2\/comments?post=3368"}],"version-history":[{"count":0,"href":"https:\/\/vieassociative.be\/actualites\/wp-json\/wp\/v2\/posts\/3368\/revisions"}],"wp:featuredmedia":[{"embeddable":true,"href":"https:\/\/vieassociative.be\/actualites\/wp-json\/wp\/v2\/media\/1801"}],"wp:attachment":[{"href":"https:\/\/vieassociative.be\/actualites\/wp-json\/wp\/v2\/media?parent=3368"}],"wp:term":[{"taxonomy":"category","embeddable":true,"href":"https:\/\/vieassociative.be\/actualites\/wp-json\/wp\/v2\/categories?post=3368"},{"taxonomy":"post_tag","embeddable":true,"href":"https:\/\/vieassociative.be\/actualites\/wp-json\/wp\/v2\/tags?post=3368"}],"curies":[{"name":"wp","href":"https:\/\/api.w.org\/{rel}","templated":true}]}}