{"id":3366,"date":"2024-12-14T02:17:07","date_gmt":"2024-12-14T01:17:07","guid":{"rendered":"https:\/\/vieassociative.be\/actualites\/le-nouveau-soundlink-flex-de-bose-est-a-son-prix-le-plus-bas-et-il-arrive-avant-noel\/"},"modified":"2024-12-14T02:17:07","modified_gmt":"2024-12-14T01:17:07","slug":"le-nouveau-soundlink-flex-de-bose-est-a-son-prix-le-plus-bas-et-il-arrive-avant-noel","status":"publish","type":"post","link":"https:\/\/vieassociative.be\/actualites\/le-nouveau-soundlink-flex-de-bose-est-a-son-prix-le-plus-bas-et-il-arrive-avant-noel\/","title":{"rendered":"Le nouveau Soundlink Flex de Bose est \u00e0 son prix le plus bas (et il arrive avant No\u00ebl)"},"content":{"rendered":"<div class=\"mt-4 leading-6 md:mb-8\">L\u2019une des meilleures enceintes portables de 2024 est tomb\u00e9e \u00e0 son prix le plus bas, juste \u00e0 temps pour les vacances.<\/div>\n<p><\/p>\n<p>Bose fabrique des enceintes qui dominent leur espace depuis leur sortie. En ce qui concerne les enceintes portables robustes de taille moyenne, le Bose New Soundlink Flex est l\u2019un des meilleurs depuis sa sortie en 2021 et est toujours tr\u00e8s comp\u00e9titif trois ans plus tard. \u00c0 l&rsquo;heure actuelle, vous pouvez l&rsquo;obtenir pour <strong>119\u00a0$<\/strong> (\u00e0 l\u2019origine 149 $), le prix le plus bas jamais enregistr\u00e9 selon les outils de suivi des prix. <em>Et<\/em> il arrive avant No\u00ebl. <\/p>\n<div class=\"pogoClear mb-12 mt-10 rounded-md border-2 border-gray-100 py-7 shadow-xl md:py-6\">\n<div class=\"flex flex-wrap justify-between px-7 text-black no-underline md:flex-nowrap md:px-8\">\n<div class=\"order-1 mx-auto flex flex-col justify-center md:order-2 md:ml-4 md:w-full md:grow\">\n<div class=\"block cursor-pointer text-center font-akshar text-2xl font-medium leading-7 text-brand-green duration-200 ease-in-out hover:text-brand-green-700 md:text-left md:text-xl md:leading-6\">Bose nouveau SoundLink Flex\n                <\/div>\n<div class=\"mt-4 hidden md:flex md:justify-between\">\n<div class=\"self-end\">\n<div class=\"mb-0 h-11 md:flex md:flex-col md:justify-center\">\n<div class=\" font-sans leading-4 text-black\">\n<div class=\"flex flex-wrap items-center justify-center gap-x-1 md:justify-start\">\n        <span class=\"font-bold\"><\/p>\n<p>            119,00\u00a0$<br \/>\n                            <span class=\"font-medium\">chez Amazon<\/span><br \/>\n                    <\/span><br \/>\n                    <img decoding=\"async\" class=\"mt-0 h-(15px)\" src=\"https:\/\/vieassociative.be\/actualites\/wp-content\/uploads\/2024\/12\/Le-nouveau-Soundlink-Flex-de-Bose-est-a-son-prix.svg.svg+xml\" title=\"Amazon Premier\" alt=\"Amazon Premier\">\n            <\/div>\n<div class=\"flex items-center justify-center gap-x-1 font-bold md:justify-start\">\n            <span class=\"text-sm line-through\">149,00\u00a0$<\/span><br \/>\n            <span class=\"text-sm text-brand-green\">\u00c9conomisez 30,00\u00a0$<\/span>\n        <\/div>\n<\/p><\/div>\n<\/p><\/div>\n<\/p><\/div>\n<div class=\"w-44 self-end\">\n                            <button class=\"flex justify-center items-center w-full bg-brand-green text-white text-base font-sans font-medium rounded-md hover:bg-brand-green-700 hover:cursor-pointer md:text-sm h-11\"><\/p>\n<p>    Obtenez une offre<br \/>\n<\/button>\n                        <\/div>\n<\/p><\/div>\n<\/p><\/div>\n<div class=\"order-2 mt-5 h-auto w-full md:order-1 md:mt-0 md:hidden\">\n<div class=\"flex aspect-video items-center justify-center\">\n                                            <img decoding=\"async\" class=\"m-0 max-h-full max-w-full rounded-md\" src=\"https:\/\/vieassociative.be\/actualites\/wp-content\/uploads\/2024\/12\/Le-nouveau-Soundlink-Flex-de-Bose-est-a-son-prix.jpg\" alt=\"Bose Nouveau haut-parleur Bluetooth portable SoundLink Flex (2e g\u00e9n\u00e9ration), haut-parleur d'ext\u00e9rieur portable avec audio Hi-Fi, jusqu'\u00e0 12 heures d'autonomie, \u00e9tanche et anti-poussi\u00e8re, Alpine Sage \u2013 \u00c9dition limit\u00e9e couleur\" width=\"auto\" height=\"auto\" loading=\"lazy\">\n                                    <\/div>\n<\/p><\/div>\n<div class=\"order-2 ml-2 hidden w-32 shrink-0 items-center md:order-1 md:ml-0 md:flex\">\n<div class=\"flex aspect-video items-center justify-center\">\n                                            <img decoding=\"async\" class=\"m-0 max-h-full max-w-full rounded-md\" src=\"https:\/\/vieassociative.be\/actualites\/wp-content\/uploads\/2024\/12\/Le-nouveau-Soundlink-Flex-de-Bose-est-a-son-prix.jpg\" alt=\"Bose Nouveau haut-parleur Bluetooth portable SoundLink Flex (2e g\u00e9n\u00e9ration), haut-parleur d'ext\u00e9rieur portable avec audio Hi-Fi, jusqu'\u00e0 12 heures d'autonomie, \u00e9tanche et anti-poussi\u00e8re, Alpine Sage \u2013 \u00c9dition limit\u00e9e couleur\" width=\"auto\" height=\"auto\" loading=\"lazy\">\n                                    <\/div>\n<\/p><\/div>\n<div class=\"order-3 flex grow flex-wrap md:hidden md:grow-0\">\n<div class=\"mt-4 w-full\">\n                        <button class=\"flex justify-center items-center w-full bg-brand-green text-white text-base font-sans font-medium rounded-md hover:bg-brand-green-700 hover:cursor-pointer md:text-sm h-11\"><\/p>\n<p>    Obtenez une offre<br \/>\n<\/button>\n                    <\/div>\n<div class=\"mx-2 mt-4 w-full\">\n<div class=\" font-sans leading-4 text-black\">\n<div class=\"flex flex-wrap items-center justify-center gap-x-1 md:justify-start\">\n        <span class=\"font-bold\"><\/p>\n<p>            119,00\u00a0$<br \/>\n                            <span class=\"font-medium\">chez Amazon<\/span><br \/>\n                    <\/span><br \/>\n                    <img decoding=\"async\" class=\"mt-0 h-(15px)\" src=\"https:\/\/vieassociative.be\/actualites\/wp-content\/uploads\/2024\/12\/Le-nouveau-Soundlink-Flex-de-Bose-est-a-son-prix.svg.svg+xml\" title=\"Amazon Premier\" alt=\"Amazon Premier\">\n            <\/div>\n<div class=\"flex items-center justify-center gap-x-1 font-bold md:justify-start\">\n            <span class=\"text-sm line-through\">149,00\u00a0$<\/span><br \/>\n            <span class=\"text-sm text-brand-green\">\u00c9conomisez 30,00\u00a0$<\/span>\n        <\/div>\n<\/p><\/div>\n<\/p><\/div>\n<\/p><\/div>\n<\/p><\/div>\n<\/div>\n<p>Le Bose New SoundLink Flex est le fr\u00e8re interm\u00e9diaire entre le plus ancien (mais le plus petit) Bose SoundLink Micro et le plus jeune (mais le plus grand) Bose SoundLink Max. Le Flex constitue \u00e9galement un bon compromis entre eux en termes de portabilit\u00e9 et de son, ce qui en fait le meilleur haut-parleur portable pour la plupart des gens.<\/p>\n<p>Le Flex a un indice IP67, ce qui signifie que vous b\u00e9n\u00e9ficiez d\u2019une protection compl\u00e8te contre l\u2019eau et la poussi\u00e8re. L&rsquo;enceinte flotte m\u00eame dans l&rsquo;eau, vous pouvez donc l&#8217;emporter avec vous \u00e0 l&rsquo;int\u00e9rieur de la piscine. Bien qu&rsquo;il ne dispose pas d&rsquo;une personnalisation compl\u00e8te de l&rsquo;\u00e9galisation dans son application compagnon, le son qu&rsquo;il offre est clair avec une riche profondeur de basses et des aigus clairs, selon l&rsquo;examen de PCMag. Il dispose \u00e9galement d&rsquo;un haut-parleur, vous pouvez donc prendre des appels avec lui et m\u00eame lui parler, gr\u00e2ce \u00e0 son microphone. Bien qu&rsquo;il soit plus ancien, il est livr\u00e9 avec un chargeur USB-C, il se chargera donc rapidement. Mesurant 3,6 x 7,9 x 2,1 pouces (HWD) et pesant 1,3 livre, il est l\u00e9ger et portable. Le Bluetooth 4.2 prend en charge le codec SBC, mais pas AAC ou AptX, il convient donc mieux aux utilisateurs d&rsquo;Android qu&rsquo;aux utilisateurs d&rsquo;Apple, mais les deux fonctionnent. <\/p>\n<p>Le SoundLink Flex est parfait pour ceux qui souhaitent emporter leur enceinte partout avec eux, gr\u00e2ce \u00e0 sa petite taille et son poids l\u00e9ger. Et pour le prix, il offre certains des meilleurs sons disponibles. <\/p>\n","protected":false},"excerpt":{"rendered":"<p>L\u2019une des meilleures enceintes portables de 2024 est tomb\u00e9e \u00e0 son prix le plus bas, juste \u00e0 temps pour les vacances. Bose fabrique des enceintes<\/p>\n","protected":false},"author":1,"featured_media":3367,"comment_status":"","ping_status":"","sticky":false,"template":"","format":"standard","meta":{"footnotes":""},"categories":[13],"tags":[4003,142,700,2887,76,4002,1557,553,1399,800,4001],"class_list":["post-3366","post","type-post","status-publish","format-standard","has-post-thumbnail","hentry","category-technologie","tag-arrive","tag-avant","tag-bas","tag-bose","tag-est","tag-flex","tag-noel","tag-nouveau","tag-prix","tag-son","tag-soundlink","generate-columns","tablet-grid-50","mobile-grid-100","grid-parent","grid-33"],"yoast_head":"<!-- This site is optimized with the Yoast SEO plugin v24.0 - https:\/\/yoast.com\/wordpress\/plugins\/seo\/ -->\n<title>Le nouveau Soundlink Flex de Bose est \u00e0 son prix le plus bas (et il arrive avant No\u00ebl) | Vie Associative<\/title>\n<meta name=\"robots\" content=\"index, follow, max-snippet:-1, max-image-preview:large, max-video-preview:-1\" \/>\n<link rel=\"canonical\" href=\"https:\/\/vieassociative.be\/actualites\/le-nouveau-soundlink-flex-de-bose-est-a-son-prix-le-plus-bas-et-il-arrive-avant-noel\/\" \/>\n<meta property=\"og:locale\" content=\"fr_FR\" \/>\n<meta property=\"og:type\" content=\"article\" \/>\n<meta property=\"og:title\" content=\"Le nouveau Soundlink Flex de Bose est \u00e0 son prix le plus bas (et il arrive avant No\u00ebl) | Vie Associative\" \/>\n<meta property=\"og:description\" content=\"L\u2019une des meilleures enceintes portables de 2024 est tomb\u00e9e \u00e0 son prix le plus bas, juste \u00e0 temps pour les vacances. Bose fabrique des enceintes\" \/>\n<meta property=\"og:url\" content=\"https:\/\/vieassociative.be\/actualites\/le-nouveau-soundlink-flex-de-bose-est-a-son-prix-le-plus-bas-et-il-arrive-avant-noel\/\" \/>\n<meta property=\"og:site_name\" content=\"Vie Associative\" \/>\n<meta property=\"article:published_time\" content=\"2024-12-14T01:17:07+00:00\" \/>\n<meta property=\"og:image\" content=\"https:\/\/vieassociative.be\/actualites\/wp-content\/uploads\/2024\/12\/Le-nouveau-Soundlink-Flex-de-Bose-est-a-son-prix.svg.svg+xml\" \/>\n<meta name=\"author\" content=\"Julien\" \/>\n<meta name=\"twitter:card\" content=\"summary_large_image\" \/>\n<meta name=\"twitter:label1\" content=\"\u00c9crit par\" \/>\n\t<meta name=\"twitter:data1\" content=\"Julien\" \/>\n\t<meta name=\"twitter:label2\" content=\"Dur\u00e9e de lecture est.\" \/>\n\t<meta name=\"twitter:data2\" content=\"2 minutes\" \/>\n<script type=\"application\/ld+json\" class=\"yoast-schema-graph\">{\"@context\":\"https:\/\/schema.org\",\"@graph\":[{\"@type\":\"Article\",\"@id\":\"https:\/\/vieassociative.be\/actualites\/le-nouveau-soundlink-flex-de-bose-est-a-son-prix-le-plus-bas-et-il-arrive-avant-noel\/#article\",\"isPartOf\":{\"@id\":\"https:\/\/vieassociative.be\/actualites\/le-nouveau-soundlink-flex-de-bose-est-a-son-prix-le-plus-bas-et-il-arrive-avant-noel\/\"},\"author\":{\"name\":\"Julien\",\"@id\":\"https:\/\/vieassociative.be\/actualites\/#\/schema\/person\/b87ac4f82f9d4e7b7cec7395b679edc4\"},\"headline\":\"Le nouveau Soundlink Flex de Bose est \u00e0 son prix le plus bas (et il arrive avant No\u00ebl)\",\"datePublished\":\"2024-12-14T01:17:07+00:00\",\"dateModified\":\"2024-12-14T01:17:07+00:00\",\"mainEntityOfPage\":{\"@id\":\"https:\/\/vieassociative.be\/actualites\/le-nouveau-soundlink-flex-de-bose-est-a-son-prix-le-plus-bas-et-il-arrive-avant-noel\/\"},\"wordCount\":401,\"publisher\":{\"@id\":\"https:\/\/vieassociative.be\/actualites\/#organization\"},\"image\":{\"@id\":\"https:\/\/vieassociative.be\/actualites\/le-nouveau-soundlink-flex-de-bose-est-a-son-prix-le-plus-bas-et-il-arrive-avant-noel\/#primaryimage\"},\"thumbnailUrl\":\"https:\/\/vieassociative.be\/actualites\/wp-content\/uploads\/2024\/12\/Le-nouveau-Soundlink-Flex-de-Bose-est-a-son-prix.png\",\"keywords\":[\"arrive\",\"avant\",\"bas\",\"Bose\",\"est\",\"Flex\",\"No\u00ebl\",\"nouveau\",\"prix\",\"son\",\"Soundlink\"],\"articleSection\":[\"Technologie\"],\"inLanguage\":\"fr-BE\"},{\"@type\":\"WebPage\",\"@id\":\"https:\/\/vieassociative.be\/actualites\/le-nouveau-soundlink-flex-de-bose-est-a-son-prix-le-plus-bas-et-il-arrive-avant-noel\/\",\"url\":\"https:\/\/vieassociative.be\/actualites\/le-nouveau-soundlink-flex-de-bose-est-a-son-prix-le-plus-bas-et-il-arrive-avant-noel\/\",\"name\":\"Le nouveau Soundlink Flex de Bose est \u00e0 son prix le plus bas (et il arrive avant No\u00ebl) | Vie Associative\",\"isPartOf\":{\"@id\":\"https:\/\/vieassociative.be\/actualites\/#website\"},\"primaryImageOfPage\":{\"@id\":\"https:\/\/vieassociative.be\/actualites\/le-nouveau-soundlink-flex-de-bose-est-a-son-prix-le-plus-bas-et-il-arrive-avant-noel\/#primaryimage\"},\"image\":{\"@id\":\"https:\/\/vieassociative.be\/actualites\/le-nouveau-soundlink-flex-de-bose-est-a-son-prix-le-plus-bas-et-il-arrive-avant-noel\/#primaryimage\"},\"thumbnailUrl\":\"https:\/\/vieassociative.be\/actualites\/wp-content\/uploads\/2024\/12\/Le-nouveau-Soundlink-Flex-de-Bose-est-a-son-prix.png\",\"datePublished\":\"2024-12-14T01:17:07+00:00\",\"dateModified\":\"2024-12-14T01:17:07+00:00\",\"breadcrumb\":{\"@id\":\"https:\/\/vieassociative.be\/actualites\/le-nouveau-soundlink-flex-de-bose-est-a-son-prix-le-plus-bas-et-il-arrive-avant-noel\/#breadcrumb\"},\"inLanguage\":\"fr-BE\",\"potentialAction\":[{\"@type\":\"ReadAction\",\"target\":[\"https:\/\/vieassociative.be\/actualites\/le-nouveau-soundlink-flex-de-bose-est-a-son-prix-le-plus-bas-et-il-arrive-avant-noel\/\"]}]},{\"@type\":\"ImageObject\",\"inLanguage\":\"fr-BE\",\"@id\":\"https:\/\/vieassociative.be\/actualites\/le-nouveau-soundlink-flex-de-bose-est-a-son-prix-le-plus-bas-et-il-arrive-avant-noel\/#primaryimage\",\"url\":\"https:\/\/vieassociative.be\/actualites\/wp-content\/uploads\/2024\/12\/Le-nouveau-Soundlink-Flex-de-Bose-est-a-son-prix.png\",\"contentUrl\":\"https:\/\/vieassociative.be\/actualites\/wp-content\/uploads\/2024\/12\/Le-nouveau-Soundlink-Flex-de-Bose-est-a-son-prix.png\",\"width\":1200,\"height\":675,\"caption\":\"Le nouveau Soundlink Flex de Bose est \u00e0 son prix le plus bas (et il arrive avant No\u00ebl)\"},{\"@type\":\"BreadcrumbList\",\"@id\":\"https:\/\/vieassociative.be\/actualites\/le-nouveau-soundlink-flex-de-bose-est-a-son-prix-le-plus-bas-et-il-arrive-avant-noel\/#breadcrumb\",\"itemListElement\":[{\"@type\":\"ListItem\",\"position\":1,\"name\":\"Accueil\",\"item\":\"https:\/\/vieassociative.be\/actualites\/\"},{\"@type\":\"ListItem\",\"position\":2,\"name\":\"Le nouveau Soundlink Flex de Bose est \u00e0 son prix le plus bas (et il arrive avant No\u00ebl)\"}]},{\"@type\":\"WebSite\",\"@id\":\"https:\/\/vieassociative.be\/actualites\/#website\",\"url\":\"https:\/\/vieassociative.be\/actualites\/\",\"name\":\"Vie Associative\",\"description\":\"\",\"publisher\":{\"@id\":\"https:\/\/vieassociative.be\/actualites\/#organization\"},\"potentialAction\":[{\"@type\":\"SearchAction\",\"target\":{\"@type\":\"EntryPoint\",\"urlTemplate\":\"https:\/\/vieassociative.be\/actualites\/?s={search_term_string}\"},\"query-input\":{\"@type\":\"PropertyValueSpecification\",\"valueRequired\":true,\"valueName\":\"search_term_string\"}}],\"inLanguage\":\"fr-BE\"},{\"@type\":\"Organization\",\"@id\":\"https:\/\/vieassociative.be\/actualites\/#organization\",\"name\":\"Vie Associative\",\"url\":\"https:\/\/vieassociative.be\/actualites\/\",\"logo\":{\"@type\":\"ImageObject\",\"inLanguage\":\"fr-BE\",\"@id\":\"https:\/\/vieassociative.be\/actualites\/#\/schema\/logo\/image\/\",\"url\":\"https:\/\/vieassociative.be\/actualites\/wp-content\/uploads\/2024\/09\/cropped-vieassociative_favicon.ico.png\",\"contentUrl\":\"https:\/\/vieassociative.be\/actualites\/wp-content\/uploads\/2024\/09\/cropped-vieassociative_favicon.ico.png\",\"width\":512,\"height\":512,\"caption\":\"Vie Associative\"},\"image\":{\"@id\":\"https:\/\/vieassociative.be\/actualites\/#\/schema\/logo\/image\/\"}},{\"@type\":\"Person\",\"@id\":\"https:\/\/vieassociative.be\/actualites\/#\/schema\/person\/b87ac4f82f9d4e7b7cec7395b679edc4\",\"name\":\"Julien\",\"image\":{\"@type\":\"ImageObject\",\"inLanguage\":\"fr-BE\",\"@id\":\"https:\/\/vieassociative.be\/actualites\/#\/schema\/person\/image\/\",\"url\":\"https:\/\/vieassociative.be\/actualites\/wp-content\/uploads\/2024\/09\/vie-associative-1-150x150.jpg\",\"contentUrl\":\"https:\/\/vieassociative.be\/actualites\/wp-content\/uploads\/2024\/09\/vie-associative-1-150x150.jpg\",\"caption\":\"Julien\"},\"description\":\"Je suis Julien, r\u00e9dacteur pour Vie Associative. Passionn\u00e9 par le monde associatif depuis plus de 10 ans, j'ai \u00e0 c\u0153ur de partager des histoires inspirantes et de mettre en lumi\u00e8re les initiatives locales. Mon objectif est de sensibiliser et d'encourager l'engagement communautaire \u00e0 travers mes articles.\",\"sameAs\":[\"https:\/\/vieassociative.be\/\"]}]}<\/script>\n<!-- \/ Yoast SEO plugin. -->","yoast_head_json":{"title":"Le nouveau Soundlink Flex de Bose est \u00e0 son prix le plus bas (et il arrive avant No\u00ebl) | Vie Associative","robots":{"index":"index","follow":"follow","max-snippet":"max-snippet:-1","max-image-preview":"max-image-preview:large","max-video-preview":"max-video-preview:-1"},"canonical":"https:\/\/vieassociative.be\/actualites\/le-nouveau-soundlink-flex-de-bose-est-a-son-prix-le-plus-bas-et-il-arrive-avant-noel\/","og_locale":"fr_FR","og_type":"article","og_title":"Le nouveau Soundlink Flex de Bose est \u00e0 son prix le plus bas (et il arrive avant No\u00ebl) | Vie Associative","og_description":"L\u2019une des meilleures enceintes portables de 2024 est tomb\u00e9e \u00e0 son prix le plus bas, juste \u00e0 temps pour les vacances. Bose fabrique des enceintes","og_url":"https:\/\/vieassociative.be\/actualites\/le-nouveau-soundlink-flex-de-bose-est-a-son-prix-le-plus-bas-et-il-arrive-avant-noel\/","og_site_name":"Vie Associative","article_published_time":"2024-12-14T01:17:07+00:00","og_image":[{"url":"https:\/\/vieassociative.be\/actualites\/wp-content\/uploads\/2024\/12\/Le-nouveau-Soundlink-Flex-de-Bose-est-a-son-prix.svg.svg+xml","type":"","width":"","height":""}],"author":"Julien","twitter_card":"summary_large_image","twitter_misc":{"\u00c9crit par":"Julien","Dur\u00e9e de lecture est.":"2 minutes"},"schema":{"@context":"https:\/\/schema.org","@graph":[{"@type":"Article","@id":"https:\/\/vieassociative.be\/actualites\/le-nouveau-soundlink-flex-de-bose-est-a-son-prix-le-plus-bas-et-il-arrive-avant-noel\/#article","isPartOf":{"@id":"https:\/\/vieassociative.be\/actualites\/le-nouveau-soundlink-flex-de-bose-est-a-son-prix-le-plus-bas-et-il-arrive-avant-noel\/"},"author":{"name":"Julien","@id":"https:\/\/vieassociative.be\/actualites\/#\/schema\/person\/b87ac4f82f9d4e7b7cec7395b679edc4"},"headline":"Le nouveau Soundlink Flex de Bose est \u00e0 son prix le plus bas (et il arrive avant No\u00ebl)","datePublished":"2024-12-14T01:17:07+00:00","dateModified":"2024-12-14T01:17:07+00:00","mainEntityOfPage":{"@id":"https:\/\/vieassociative.be\/actualites\/le-nouveau-soundlink-flex-de-bose-est-a-son-prix-le-plus-bas-et-il-arrive-avant-noel\/"},"wordCount":401,"publisher":{"@id":"https:\/\/vieassociative.be\/actualites\/#organization"},"image":{"@id":"https:\/\/vieassociative.be\/actualites\/le-nouveau-soundlink-flex-de-bose-est-a-son-prix-le-plus-bas-et-il-arrive-avant-noel\/#primaryimage"},"thumbnailUrl":"https:\/\/vieassociative.be\/actualites\/wp-content\/uploads\/2024\/12\/Le-nouveau-Soundlink-Flex-de-Bose-est-a-son-prix.png","keywords":["arrive","avant","bas","Bose","est","Flex","No\u00ebl","nouveau","prix","son","Soundlink"],"articleSection":["Technologie"],"inLanguage":"fr-BE"},{"@type":"WebPage","@id":"https:\/\/vieassociative.be\/actualites\/le-nouveau-soundlink-flex-de-bose-est-a-son-prix-le-plus-bas-et-il-arrive-avant-noel\/","url":"https:\/\/vieassociative.be\/actualites\/le-nouveau-soundlink-flex-de-bose-est-a-son-prix-le-plus-bas-et-il-arrive-avant-noel\/","name":"Le nouveau Soundlink Flex de Bose est \u00e0 son prix le plus bas (et il arrive avant No\u00ebl) | Vie Associative","isPartOf":{"@id":"https:\/\/vieassociative.be\/actualites\/#website"},"primaryImageOfPage":{"@id":"https:\/\/vieassociative.be\/actualites\/le-nouveau-soundlink-flex-de-bose-est-a-son-prix-le-plus-bas-et-il-arrive-avant-noel\/#primaryimage"},"image":{"@id":"https:\/\/vieassociative.be\/actualites\/le-nouveau-soundlink-flex-de-bose-est-a-son-prix-le-plus-bas-et-il-arrive-avant-noel\/#primaryimage"},"thumbnailUrl":"https:\/\/vieassociative.be\/actualites\/wp-content\/uploads\/2024\/12\/Le-nouveau-Soundlink-Flex-de-Bose-est-a-son-prix.png","datePublished":"2024-12-14T01:17:07+00:00","dateModified":"2024-12-14T01:17:07+00:00","breadcrumb":{"@id":"https:\/\/vieassociative.be\/actualites\/le-nouveau-soundlink-flex-de-bose-est-a-son-prix-le-plus-bas-et-il-arrive-avant-noel\/#breadcrumb"},"inLanguage":"fr-BE","potentialAction":[{"@type":"ReadAction","target":["https:\/\/vieassociative.be\/actualites\/le-nouveau-soundlink-flex-de-bose-est-a-son-prix-le-plus-bas-et-il-arrive-avant-noel\/"]}]},{"@type":"ImageObject","inLanguage":"fr-BE","@id":"https:\/\/vieassociative.be\/actualites\/le-nouveau-soundlink-flex-de-bose-est-a-son-prix-le-plus-bas-et-il-arrive-avant-noel\/#primaryimage","url":"https:\/\/vieassociative.be\/actualites\/wp-content\/uploads\/2024\/12\/Le-nouveau-Soundlink-Flex-de-Bose-est-a-son-prix.png","contentUrl":"https:\/\/vieassociative.be\/actualites\/wp-content\/uploads\/2024\/12\/Le-nouveau-Soundlink-Flex-de-Bose-est-a-son-prix.png","width":1200,"height":675,"caption":"Le nouveau Soundlink Flex de Bose est \u00e0 son prix le plus bas (et il arrive avant No\u00ebl)"},{"@type":"BreadcrumbList","@id":"https:\/\/vieassociative.be\/actualites\/le-nouveau-soundlink-flex-de-bose-est-a-son-prix-le-plus-bas-et-il-arrive-avant-noel\/#breadcrumb","itemListElement":[{"@type":"ListItem","position":1,"name":"Accueil","item":"https:\/\/vieassociative.be\/actualites\/"},{"@type":"ListItem","position":2,"name":"Le nouveau Soundlink Flex de Bose est \u00e0 son prix le plus bas (et il arrive avant No\u00ebl)"}]},{"@type":"WebSite","@id":"https:\/\/vieassociative.be\/actualites\/#website","url":"https:\/\/vieassociative.be\/actualites\/","name":"Vie Associative","description":"","publisher":{"@id":"https:\/\/vieassociative.be\/actualites\/#organization"},"potentialAction":[{"@type":"SearchAction","target":{"@type":"EntryPoint","urlTemplate":"https:\/\/vieassociative.be\/actualites\/?s={search_term_string}"},"query-input":{"@type":"PropertyValueSpecification","valueRequired":true,"valueName":"search_term_string"}}],"inLanguage":"fr-BE"},{"@type":"Organization","@id":"https:\/\/vieassociative.be\/actualites\/#organization","name":"Vie Associative","url":"https:\/\/vieassociative.be\/actualites\/","logo":{"@type":"ImageObject","inLanguage":"fr-BE","@id":"https:\/\/vieassociative.be\/actualites\/#\/schema\/logo\/image\/","url":"https:\/\/vieassociative.be\/actualites\/wp-content\/uploads\/2024\/09\/cropped-vieassociative_favicon.ico.png","contentUrl":"https:\/\/vieassociative.be\/actualites\/wp-content\/uploads\/2024\/09\/cropped-vieassociative_favicon.ico.png","width":512,"height":512,"caption":"Vie Associative"},"image":{"@id":"https:\/\/vieassociative.be\/actualites\/#\/schema\/logo\/image\/"}},{"@type":"Person","@id":"https:\/\/vieassociative.be\/actualites\/#\/schema\/person\/b87ac4f82f9d4e7b7cec7395b679edc4","name":"Julien","image":{"@type":"ImageObject","inLanguage":"fr-BE","@id":"https:\/\/vieassociative.be\/actualites\/#\/schema\/person\/image\/","url":"https:\/\/vieassociative.be\/actualites\/wp-content\/uploads\/2024\/09\/vie-associative-1-150x150.jpg","contentUrl":"https:\/\/vieassociative.be\/actualites\/wp-content\/uploads\/2024\/09\/vie-associative-1-150x150.jpg","caption":"Julien"},"description":"Je suis Julien, r\u00e9dacteur pour Vie Associative. Passionn\u00e9 par le monde associatif depuis plus de 10 ans, j'ai \u00e0 c\u0153ur de partager des histoires inspirantes et de mettre en lumi\u00e8re les initiatives locales. Mon objectif est de sensibiliser et d'encourager l'engagement communautaire \u00e0 travers mes articles.","sameAs":["https:\/\/vieassociative.be\/"]}]}},"_links":{"self":[{"href":"https:\/\/vieassociative.be\/actualites\/wp-json\/wp\/v2\/posts\/3366"}],"collection":[{"href":"https:\/\/vieassociative.be\/actualites\/wp-json\/wp\/v2\/posts"}],"about":[{"href":"https:\/\/vieassociative.be\/actualites\/wp-json\/wp\/v2\/types\/post"}],"author":[{"embeddable":true,"href":"https:\/\/vieassociative.be\/actualites\/wp-json\/wp\/v2\/users\/1"}],"replies":[{"embeddable":true,"href":"https:\/\/vieassociative.be\/actualites\/wp-json\/wp\/v2\/comments?post=3366"}],"version-history":[{"count":0,"href":"https:\/\/vieassociative.be\/actualites\/wp-json\/wp\/v2\/posts\/3366\/revisions"}],"wp:featuredmedia":[{"embeddable":true,"href":"https:\/\/vieassociative.be\/actualites\/wp-json\/wp\/v2\/media\/3367"}],"wp:attachment":[{"href":"https:\/\/vieassociative.be\/actualites\/wp-json\/wp\/v2\/media?parent=3366"}],"wp:term":[{"taxonomy":"category","embeddable":true,"href":"https:\/\/vieassociative.be\/actualites\/wp-json\/wp\/v2\/categories?post=3366"},{"taxonomy":"post_tag","embeddable":true,"href":"https:\/\/vieassociative.be\/actualites\/wp-json\/wp\/v2\/tags?post=3366"}],"curies":[{"name":"wp","href":"https:\/\/api.w.org\/{rel}","templated":true}]}}