{"id":3361,"date":"2024-12-13T21:17:48","date_gmt":"2024-12-13T20:17:48","guid":{"rendered":"https:\/\/vieassociative.be\/actualites\/qualification-pour-le-mondial-2026-la-belgique-contre-le-pays-de-galles-la-macedoine-du-nord-le-kazakhstan-et-le-liechtenstein\/"},"modified":"2024-12-13T21:17:48","modified_gmt":"2024-12-13T20:17:48","slug":"qualification-pour-le-mondial-2026-la-belgique-contre-le-pays-de-galles-la-macedoine-du-nord-le-kazakhstan-et-le-liechtenstein","status":"publish","type":"post","link":"https:\/\/vieassociative.be\/actualites\/qualification-pour-le-mondial-2026-la-belgique-contre-le-pays-de-galles-la-macedoine-du-nord-le-kazakhstan-et-le-liechtenstein\/","title":{"rendered":"Qualification pour le Mondial 2026 : la Belgique contre le Pays de Galles, la Mac\u00e9doine du Nord, le Kazakhstan et le Liechtenstein"},"content":{"rendered":"<p><strong>Lors du tirage au sort tr\u00e8s attendu des groupes de qualification pour la Coupe du monde 2026 aux \u00c9tats-Unis, au Mexique et au Canada, l&rsquo;\u00e9quipe nationale belge a tir\u00e9 au sort les t\u00e2ches r\u00e9alisables avec le Pays de Galles, la Mac\u00e9doine du Nord, le Kazakhstan et le Liechtenstein.<\/strong><\/p>\n<p><span id=\"more-403945\"><\/span>Dans le pot 2, la Belgique voulait particuli\u00e8rement emp\u00eacher la Norv\u00e8ge avec l&rsquo;attaquant vedette Erling Haaland et la Turquie, tandis que dans le pot 3, l&rsquo;\u00c9cosse et l&rsquo;Irlande semblaient \u00eatre les adversaires les plus coriaces. <\/p>\n<p>L&rsquo;inconv\u00e9nient pour les Diables Rouges est le voyage tr\u00e8s long et fatigant jusqu&rsquo;au Kazakhstan. De plus, ils pr\u00e9f\u00e9reraient \u00eatre dans un groupe de quatre plut\u00f4t que dans un groupe de cinq, pour lequel la qualification d\u00e9bute en juin 2025. Les finalistes de la Ligue des Nations ne commenceront leurs qualifications pour la Coupe du monde qu\u2019en septembre 2025. La derni\u00e8re journ\u00e9e de la phase de groupes aura lieu \u00e0 la mi-novembre 2025.<\/p>\n<div id=\"attachment_331967\" class=\"wp-caption alignleft\" style=\"max-width: 300px\"><img fetchpriority=\"high\" decoding=\"async\" class=\"wp-image-331967 size-medium\" src=\"https:\/\/vieassociative.be\/actualites\/wp-content\/uploads\/2024\/12\/Qualification-pour-le-Mondial-2026-la-Belgique-contre-le.jpeg\" alt=\"\" width=\"300\" height=\"200\"><\/p>\n<p class=\"wp-caption-text\">22 septembre 2022, Belgique, Bruxelles : le Gallois Chris Mepham (l) et le Belge Kevin de Bruyne se battent pour le ballon photo : Bruno Fahy\/BELGA\/dpa.<\/p>\n<\/div>\n<p>L&rsquo;adversaire le plus puissant du groupe est le Pays de Galles, qui a \u00e9limin\u00e9 les Diables Rouges en quarts de finale du Championnat d&rsquo;Europe 2016 en France. Les deux \u00e9quipes se sont ensuite rencontr\u00e9es \u00e0 nouveau deux fois : la Belgique a remport\u00e9 deux matchs et deux autres matchs se sont sold\u00e9s par un match nul. De plus, l&rsquo;\u00e9quipe nationale galloise d&rsquo;aujourd&rsquo;hui n&rsquo;est plus aussi bien not\u00e9e qu&rsquo;elle l&rsquo;\u00e9tait \u00e0 l&rsquo;\u00e9poque o\u00f9 Gareth Bale, Aaron Ramsey et Cie effrayaient de nombreux adversaires.<\/p>\n<p>Seuls les vainqueurs de groupe sont directement qualifi\u00e9s pour le m\u00e9ga tournoi aux USA, au Mexique et au Canada avec 48 participants. Les finalistes du groupe disputent les s\u00e9ries \u00e9liminatoires pour quatre places suppl\u00e9mentaires en Coupe du monde avec les quatre vainqueurs de groupe les mieux plac\u00e9s et non encore qualifi\u00e9s de la Ligue des Nations.<\/p>\n<p>On ne sait pas encore qui sera dans l&rsquo;abri des Diables Rouges pour les deux matches \u00e9liminatoires de la Ligue des Nations contre l&rsquo;Ukraine en mars, puis au d\u00e9but des qualifications pour la Coupe du Monde en septembre. Il est peu probable que ce soit encore Domenico Tedesco. Contrairement \u00e0 tous les autres s\u00e9lectionneurs nationaux, l&rsquo;Allemand-Italien n&rsquo;\u00e9tait pas pr\u00e9sent au tirage au sort \u00e0 Zurich. Tedesco n&rsquo;\u00e9tait m\u00eame pas disponible pour des entretiens. (cr\u00e9er)<\/p>\n<h3>Les groupes de qualification pour la Coupe du Monde 2026<\/h3>\n<ul>\n<li><strong>Groupe A\u00a0:<\/strong> Italie\/Allemagne (vainqueurs des quarts de finale de la Ligue des Nations), Slovaquie, Irlande du Nord, Luxembourg.<\/li>\n<li><strong>Groupe B\u00a0:<\/strong> Suisse, Su\u00e8de, Slov\u00e9nie, Kosovo.<\/li>\n<li><strong>Groupe C\u00a0:<\/strong> Portugal\/Danemark (perdant des quarts de finale de la Ligue des Nations), Gr\u00e8ce, \u00c9cosse, Bi\u00e9lorussie.<\/li>\n<li><strong>Groupe D\u00a0:<\/strong> France\/Croatie (vainqueur des quarts de finale de la Ligue des Nations), Ukraine, Islande, Azerba\u00efdjan.<\/li>\n<li><strong>Groupe E\u00a0:<\/strong> Pays-Bas\/Espagne (vainqueurs des quarts de finale de la Ligue des Nations), Turquie, G\u00e9orgie, Bulgarie.<\/li>\n<li><strong>Groupe F\u00a0:<\/strong> Portugal\/Danemark (vainqueurs des quarts de finale de la Ligue des Nations), Hongrie, Irlande, Arm\u00e9nie.<\/li>\n<li><strong>Groupe G\u00a0:<\/strong> Pays-Bas\/Espagne (perdant des quarts de finale de la Ligue des Nations), Pologne, Finlande, Lituanie, Malte.<\/li>\n<li><strong>Groupe H :<\/strong> Autriche, Roumanie, Bosnie, Chypre, Saint-Marin.<\/li>\n<li><strong>Groupe I\u00a0:<\/strong> Allemagne\/Italie (perdant des quarts de finale de la Ligue des Nations), Norv\u00e8ge, Isra\u00ebl, Estonie, Moldavie.<\/li>\n<li><strong>Groupe J\u00a0:<\/strong> Belgique, Pays de Galles, Mac\u00e9doine du Nord, Kazakhstan, Liechtenstein.<\/li>\n<li><strong>Groupe K :<\/strong> Angleterre, Serbie, Albanie, Lettonie, Andorre.<\/li>\n<li><strong>Groupe L\u00a0:<\/strong> France\/Croatie (perdante des quarts de finale de la Ligue des Nations), R\u00e9publique tch\u00e8que, Mont\u00e9n\u00e9gro, \u00celes F\u00e9ro\u00e9, Gibraltar.<\/li>\n<\/ul>\n","protected":false},"excerpt":{"rendered":"<p>Lors du tirage au sort tr\u00e8s attendu des groupes de qualification pour la Coupe du monde 2026 aux \u00c9tats-Unis, au Mexique et au Canada, l&rsquo;\u00e9quipe<\/p>\n","protected":false},"author":1,"featured_media":3362,"comment_status":"","ping_status":"","sticky":false,"template":"","format":"standard","meta":{"footnotes":""},"categories":[298],"tags":[383,796,3996,3998,3999,3997,3995,2634,3513,81,893],"class_list":["post-3361","post","type-post","status-publish","format-standard","has-post-thumbnail","hentry","category-belgique","tag-belgique","tag-contre","tag-galles","tag-kazakhstan","tag-liechtenstein","tag-macedoine","tag-mondial","tag-nord","tag-pays","tag-pour","tag-qualification","generate-columns","tablet-grid-50","mobile-grid-100","grid-parent","grid-33"],"yoast_head":"<!-- This site is optimized with the Yoast SEO plugin v24.0 - https:\/\/yoast.com\/wordpress\/plugins\/seo\/ -->\n<title>Qualification pour le Mondial 2026 : la Belgique contre le Pays de Galles, la Mac\u00e9doine du Nord, le Kazakhstan et le Liechtenstein | Vie Associative<\/title>\n<meta name=\"robots\" content=\"index, follow, max-snippet:-1, max-image-preview:large, max-video-preview:-1\" \/>\n<link rel=\"canonical\" href=\"https:\/\/vieassociative.be\/actualites\/qualification-pour-le-mondial-2026-la-belgique-contre-le-pays-de-galles-la-macedoine-du-nord-le-kazakhstan-et-le-liechtenstein\/\" \/>\n<meta property=\"og:locale\" content=\"fr_FR\" \/>\n<meta property=\"og:type\" content=\"article\" \/>\n<meta property=\"og:title\" content=\"Qualification pour le Mondial 2026 : la Belgique contre le Pays de Galles, la Mac\u00e9doine du Nord, le Kazakhstan et le Liechtenstein | Vie Associative\" \/>\n<meta property=\"og:description\" content=\"Lors du tirage au sort tr\u00e8s attendu des groupes de qualification pour la Coupe du monde 2026 aux \u00c9tats-Unis, au Mexique et au Canada, l&rsquo;\u00e9quipe\" \/>\n<meta property=\"og:url\" content=\"https:\/\/vieassociative.be\/actualites\/qualification-pour-le-mondial-2026-la-belgique-contre-le-pays-de-galles-la-macedoine-du-nord-le-kazakhstan-et-le-liechtenstein\/\" \/>\n<meta property=\"og:site_name\" content=\"Vie Associative\" \/>\n<meta property=\"article:published_time\" content=\"2024-12-13T20:17:48+00:00\" \/>\n<meta property=\"og:image\" content=\"https:\/\/vieassociative.be\/actualites\/wp-content\/uploads\/2024\/09\/header_backgroundk-01-e1726694325946.png\" \/>\n\t<meta property=\"og:image:width\" content=\"279\" \/>\n\t<meta property=\"og:image:height\" content=\"92\" \/>\n\t<meta property=\"og:image:type\" content=\"image\/png\" \/>\n<meta name=\"author\" content=\"Julien\" \/>\n<meta name=\"twitter:card\" content=\"summary_large_image\" \/>\n<meta name=\"twitter:label1\" content=\"\u00c9crit par\" \/>\n\t<meta name=\"twitter:data1\" content=\"Julien\" \/>\n\t<meta name=\"twitter:label2\" content=\"Dur\u00e9e de lecture est.\" \/>\n\t<meta name=\"twitter:data2\" content=\"3 minutes\" \/>\n<script type=\"application\/ld+json\" class=\"yoast-schema-graph\">{\"@context\":\"https:\/\/schema.org\",\"@graph\":[{\"@type\":\"Article\",\"@id\":\"https:\/\/vieassociative.be\/actualites\/qualification-pour-le-mondial-2026-la-belgique-contre-le-pays-de-galles-la-macedoine-du-nord-le-kazakhstan-et-le-liechtenstein\/#article\",\"isPartOf\":{\"@id\":\"https:\/\/vieassociative.be\/actualites\/qualification-pour-le-mondial-2026-la-belgique-contre-le-pays-de-galles-la-macedoine-du-nord-le-kazakhstan-et-le-liechtenstein\/\"},\"author\":{\"name\":\"Julien\",\"@id\":\"https:\/\/vieassociative.be\/actualites\/#\/schema\/person\/b87ac4f82f9d4e7b7cec7395b679edc4\"},\"headline\":\"Qualification pour le Mondial 2026 : la Belgique contre le Pays de Galles, la Mac\u00e9doine du Nord, le Kazakhstan et le Liechtenstein\",\"datePublished\":\"2024-12-13T20:17:48+00:00\",\"dateModified\":\"2024-12-13T20:17:48+00:00\",\"mainEntityOfPage\":{\"@id\":\"https:\/\/vieassociative.be\/actualites\/qualification-pour-le-mondial-2026-la-belgique-contre-le-pays-de-galles-la-macedoine-du-nord-le-kazakhstan-et-le-liechtenstein\/\"},\"wordCount\":646,\"publisher\":{\"@id\":\"https:\/\/vieassociative.be\/actualites\/#organization\"},\"image\":{\"@id\":\"https:\/\/vieassociative.be\/actualites\/qualification-pour-le-mondial-2026-la-belgique-contre-le-pays-de-galles-la-macedoine-du-nord-le-kazakhstan-et-le-liechtenstein\/#primaryimage\"},\"thumbnailUrl\":\"https:\/\/vieassociative.be\/actualites\/wp-content\/uploads\/2024\/12\/Qualification-pour-le-Mondial-2026-la-Belgique-contre-le.jpg\",\"keywords\":[\"Belgique\",\"contre\",\"Galles\",\"Kazakhstan\",\"Liechtenstein\",\"Mac\u00e9doine\",\"Mondial\",\"Nord\",\"pays\",\"pour\",\"qualification\"],\"articleSection\":[\"Belgique\"],\"inLanguage\":\"fr-BE\"},{\"@type\":\"WebPage\",\"@id\":\"https:\/\/vieassociative.be\/actualites\/qualification-pour-le-mondial-2026-la-belgique-contre-le-pays-de-galles-la-macedoine-du-nord-le-kazakhstan-et-le-liechtenstein\/\",\"url\":\"https:\/\/vieassociative.be\/actualites\/qualification-pour-le-mondial-2026-la-belgique-contre-le-pays-de-galles-la-macedoine-du-nord-le-kazakhstan-et-le-liechtenstein\/\",\"name\":\"Qualification pour le Mondial 2026 : la Belgique contre le Pays de Galles, la Mac\u00e9doine du Nord, le Kazakhstan et le Liechtenstein | Vie Associative\",\"isPartOf\":{\"@id\":\"https:\/\/vieassociative.be\/actualites\/#website\"},\"primaryImageOfPage\":{\"@id\":\"https:\/\/vieassociative.be\/actualites\/qualification-pour-le-mondial-2026-la-belgique-contre-le-pays-de-galles-la-macedoine-du-nord-le-kazakhstan-et-le-liechtenstein\/#primaryimage\"},\"image\":{\"@id\":\"https:\/\/vieassociative.be\/actualites\/qualification-pour-le-mondial-2026-la-belgique-contre-le-pays-de-galles-la-macedoine-du-nord-le-kazakhstan-et-le-liechtenstein\/#primaryimage\"},\"thumbnailUrl\":\"https:\/\/vieassociative.be\/actualites\/wp-content\/uploads\/2024\/12\/Qualification-pour-le-Mondial-2026-la-Belgique-contre-le.jpg\",\"datePublished\":\"2024-12-13T20:17:48+00:00\",\"dateModified\":\"2024-12-13T20:17:48+00:00\",\"breadcrumb\":{\"@id\":\"https:\/\/vieassociative.be\/actualites\/qualification-pour-le-mondial-2026-la-belgique-contre-le-pays-de-galles-la-macedoine-du-nord-le-kazakhstan-et-le-liechtenstein\/#breadcrumb\"},\"inLanguage\":\"fr-BE\",\"potentialAction\":[{\"@type\":\"ReadAction\",\"target\":[\"https:\/\/vieassociative.be\/actualites\/qualification-pour-le-mondial-2026-la-belgique-contre-le-pays-de-galles-la-macedoine-du-nord-le-kazakhstan-et-le-liechtenstein\/\"]}]},{\"@type\":\"ImageObject\",\"inLanguage\":\"fr-BE\",\"@id\":\"https:\/\/vieassociative.be\/actualites\/qualification-pour-le-mondial-2026-la-belgique-contre-le-pays-de-galles-la-macedoine-du-nord-le-kazakhstan-et-le-liechtenstein\/#primaryimage\",\"url\":\"https:\/\/vieassociative.be\/actualites\/wp-content\/uploads\/2024\/12\/Qualification-pour-le-Mondial-2026-la-Belgique-contre-le.jpg\",\"contentUrl\":\"https:\/\/vieassociative.be\/actualites\/wp-content\/uploads\/2024\/12\/Qualification-pour-le-Mondial-2026-la-Belgique-contre-le.jpg\",\"width\":1200,\"height\":800,\"caption\":\"Qualification pour le Mondial 2026 : la Belgique contre le Pays de Galles, la Mac\u00e9doine du Nord, le Kazakhstan et le Liechtenstein\"},{\"@type\":\"BreadcrumbList\",\"@id\":\"https:\/\/vieassociative.be\/actualites\/qualification-pour-le-mondial-2026-la-belgique-contre-le-pays-de-galles-la-macedoine-du-nord-le-kazakhstan-et-le-liechtenstein\/#breadcrumb\",\"itemListElement\":[{\"@type\":\"ListItem\",\"position\":1,\"name\":\"Accueil\",\"item\":\"https:\/\/vieassociative.be\/actualites\/\"},{\"@type\":\"ListItem\",\"position\":2,\"name\":\"Qualification pour le Mondial 2026 : la Belgique contre le Pays de Galles, la Mac\u00e9doine du Nord, le Kazakhstan et le Liechtenstein\"}]},{\"@type\":\"WebSite\",\"@id\":\"https:\/\/vieassociative.be\/actualites\/#website\",\"url\":\"https:\/\/vieassociative.be\/actualites\/\",\"name\":\"Vie Associative\",\"description\":\"\",\"publisher\":{\"@id\":\"https:\/\/vieassociative.be\/actualites\/#organization\"},\"potentialAction\":[{\"@type\":\"SearchAction\",\"target\":{\"@type\":\"EntryPoint\",\"urlTemplate\":\"https:\/\/vieassociative.be\/actualites\/?s={search_term_string}\"},\"query-input\":{\"@type\":\"PropertyValueSpecification\",\"valueRequired\":true,\"valueName\":\"search_term_string\"}}],\"inLanguage\":\"fr-BE\"},{\"@type\":\"Organization\",\"@id\":\"https:\/\/vieassociative.be\/actualites\/#organization\",\"name\":\"Vie Associative\",\"url\":\"https:\/\/vieassociative.be\/actualites\/\",\"logo\":{\"@type\":\"ImageObject\",\"inLanguage\":\"fr-BE\",\"@id\":\"https:\/\/vieassociative.be\/actualites\/#\/schema\/logo\/image\/\",\"url\":\"https:\/\/vieassociative.be\/actualites\/wp-content\/uploads\/2024\/09\/cropped-vieassociative_favicon.ico.png\",\"contentUrl\":\"https:\/\/vieassociative.be\/actualites\/wp-content\/uploads\/2024\/09\/cropped-vieassociative_favicon.ico.png\",\"width\":512,\"height\":512,\"caption\":\"Vie Associative\"},\"image\":{\"@id\":\"https:\/\/vieassociative.be\/actualites\/#\/schema\/logo\/image\/\"}},{\"@type\":\"Person\",\"@id\":\"https:\/\/vieassociative.be\/actualites\/#\/schema\/person\/b87ac4f82f9d4e7b7cec7395b679edc4\",\"name\":\"Julien\",\"image\":{\"@type\":\"ImageObject\",\"inLanguage\":\"fr-BE\",\"@id\":\"https:\/\/vieassociative.be\/actualites\/#\/schema\/person\/image\/\",\"url\":\"https:\/\/vieassociative.be\/actualites\/wp-content\/uploads\/2024\/09\/vie-associative-1-150x150.jpg\",\"contentUrl\":\"https:\/\/vieassociative.be\/actualites\/wp-content\/uploads\/2024\/09\/vie-associative-1-150x150.jpg\",\"caption\":\"Julien\"},\"description\":\"Je suis Julien, r\u00e9dacteur pour Vie Associative. Passionn\u00e9 par le monde associatif depuis plus de 10 ans, j'ai \u00e0 c\u0153ur de partager des histoires inspirantes et de mettre en lumi\u00e8re les initiatives locales. Mon objectif est de sensibiliser et d'encourager l'engagement communautaire \u00e0 travers mes articles.\",\"sameAs\":[\"https:\/\/vieassociative.be\/\"]}]}<\/script>\n<!-- \/ Yoast SEO plugin. -->","yoast_head_json":{"title":"Qualification pour le Mondial 2026 : la Belgique contre le Pays de Galles, la Mac\u00e9doine du Nord, le Kazakhstan et le Liechtenstein | Vie Associative","robots":{"index":"index","follow":"follow","max-snippet":"max-snippet:-1","max-image-preview":"max-image-preview:large","max-video-preview":"max-video-preview:-1"},"canonical":"https:\/\/vieassociative.be\/actualites\/qualification-pour-le-mondial-2026-la-belgique-contre-le-pays-de-galles-la-macedoine-du-nord-le-kazakhstan-et-le-liechtenstein\/","og_locale":"fr_FR","og_type":"article","og_title":"Qualification pour le Mondial 2026 : la Belgique contre le Pays de Galles, la Mac\u00e9doine du Nord, le Kazakhstan et le Liechtenstein | Vie Associative","og_description":"Lors du tirage au sort tr\u00e8s attendu des groupes de qualification pour la Coupe du monde 2026 aux \u00c9tats-Unis, au Mexique et au Canada, l&rsquo;\u00e9quipe","og_url":"https:\/\/vieassociative.be\/actualites\/qualification-pour-le-mondial-2026-la-belgique-contre-le-pays-de-galles-la-macedoine-du-nord-le-kazakhstan-et-le-liechtenstein\/","og_site_name":"Vie Associative","article_published_time":"2024-12-13T20:17:48+00:00","og_image":[{"width":279,"height":92,"url":"https:\/\/vieassociative.be\/actualites\/wp-content\/uploads\/2024\/09\/header_backgroundk-01-e1726694325946.png","type":"image\/png"}],"author":"Julien","twitter_card":"summary_large_image","twitter_misc":{"\u00c9crit par":"Julien","Dur\u00e9e de lecture est.":"3 minutes"},"schema":{"@context":"https:\/\/schema.org","@graph":[{"@type":"Article","@id":"https:\/\/vieassociative.be\/actualites\/qualification-pour-le-mondial-2026-la-belgique-contre-le-pays-de-galles-la-macedoine-du-nord-le-kazakhstan-et-le-liechtenstein\/#article","isPartOf":{"@id":"https:\/\/vieassociative.be\/actualites\/qualification-pour-le-mondial-2026-la-belgique-contre-le-pays-de-galles-la-macedoine-du-nord-le-kazakhstan-et-le-liechtenstein\/"},"author":{"name":"Julien","@id":"https:\/\/vieassociative.be\/actualites\/#\/schema\/person\/b87ac4f82f9d4e7b7cec7395b679edc4"},"headline":"Qualification pour le Mondial 2026 : la Belgique contre le Pays de Galles, la Mac\u00e9doine du Nord, le Kazakhstan et le Liechtenstein","datePublished":"2024-12-13T20:17:48+00:00","dateModified":"2024-12-13T20:17:48+00:00","mainEntityOfPage":{"@id":"https:\/\/vieassociative.be\/actualites\/qualification-pour-le-mondial-2026-la-belgique-contre-le-pays-de-galles-la-macedoine-du-nord-le-kazakhstan-et-le-liechtenstein\/"},"wordCount":646,"publisher":{"@id":"https:\/\/vieassociative.be\/actualites\/#organization"},"image":{"@id":"https:\/\/vieassociative.be\/actualites\/qualification-pour-le-mondial-2026-la-belgique-contre-le-pays-de-galles-la-macedoine-du-nord-le-kazakhstan-et-le-liechtenstein\/#primaryimage"},"thumbnailUrl":"https:\/\/vieassociative.be\/actualites\/wp-content\/uploads\/2024\/12\/Qualification-pour-le-Mondial-2026-la-Belgique-contre-le.jpg","keywords":["Belgique","contre","Galles","Kazakhstan","Liechtenstein","Mac\u00e9doine","Mondial","Nord","pays","pour","qualification"],"articleSection":["Belgique"],"inLanguage":"fr-BE"},{"@type":"WebPage","@id":"https:\/\/vieassociative.be\/actualites\/qualification-pour-le-mondial-2026-la-belgique-contre-le-pays-de-galles-la-macedoine-du-nord-le-kazakhstan-et-le-liechtenstein\/","url":"https:\/\/vieassociative.be\/actualites\/qualification-pour-le-mondial-2026-la-belgique-contre-le-pays-de-galles-la-macedoine-du-nord-le-kazakhstan-et-le-liechtenstein\/","name":"Qualification pour le Mondial 2026 : la Belgique contre le Pays de Galles, la Mac\u00e9doine du Nord, le Kazakhstan et le Liechtenstein | Vie Associative","isPartOf":{"@id":"https:\/\/vieassociative.be\/actualites\/#website"},"primaryImageOfPage":{"@id":"https:\/\/vieassociative.be\/actualites\/qualification-pour-le-mondial-2026-la-belgique-contre-le-pays-de-galles-la-macedoine-du-nord-le-kazakhstan-et-le-liechtenstein\/#primaryimage"},"image":{"@id":"https:\/\/vieassociative.be\/actualites\/qualification-pour-le-mondial-2026-la-belgique-contre-le-pays-de-galles-la-macedoine-du-nord-le-kazakhstan-et-le-liechtenstein\/#primaryimage"},"thumbnailUrl":"https:\/\/vieassociative.be\/actualites\/wp-content\/uploads\/2024\/12\/Qualification-pour-le-Mondial-2026-la-Belgique-contre-le.jpg","datePublished":"2024-12-13T20:17:48+00:00","dateModified":"2024-12-13T20:17:48+00:00","breadcrumb":{"@id":"https:\/\/vieassociative.be\/actualites\/qualification-pour-le-mondial-2026-la-belgique-contre-le-pays-de-galles-la-macedoine-du-nord-le-kazakhstan-et-le-liechtenstein\/#breadcrumb"},"inLanguage":"fr-BE","potentialAction":[{"@type":"ReadAction","target":["https:\/\/vieassociative.be\/actualites\/qualification-pour-le-mondial-2026-la-belgique-contre-le-pays-de-galles-la-macedoine-du-nord-le-kazakhstan-et-le-liechtenstein\/"]}]},{"@type":"ImageObject","inLanguage":"fr-BE","@id":"https:\/\/vieassociative.be\/actualites\/qualification-pour-le-mondial-2026-la-belgique-contre-le-pays-de-galles-la-macedoine-du-nord-le-kazakhstan-et-le-liechtenstein\/#primaryimage","url":"https:\/\/vieassociative.be\/actualites\/wp-content\/uploads\/2024\/12\/Qualification-pour-le-Mondial-2026-la-Belgique-contre-le.jpg","contentUrl":"https:\/\/vieassociative.be\/actualites\/wp-content\/uploads\/2024\/12\/Qualification-pour-le-Mondial-2026-la-Belgique-contre-le.jpg","width":1200,"height":800,"caption":"Qualification pour le Mondial 2026 : la Belgique contre le Pays de Galles, la Mac\u00e9doine du Nord, le Kazakhstan et le Liechtenstein"},{"@type":"BreadcrumbList","@id":"https:\/\/vieassociative.be\/actualites\/qualification-pour-le-mondial-2026-la-belgique-contre-le-pays-de-galles-la-macedoine-du-nord-le-kazakhstan-et-le-liechtenstein\/#breadcrumb","itemListElement":[{"@type":"ListItem","position":1,"name":"Accueil","item":"https:\/\/vieassociative.be\/actualites\/"},{"@type":"ListItem","position":2,"name":"Qualification pour le Mondial 2026 : la Belgique contre le Pays de Galles, la Mac\u00e9doine du Nord, le Kazakhstan et le Liechtenstein"}]},{"@type":"WebSite","@id":"https:\/\/vieassociative.be\/actualites\/#website","url":"https:\/\/vieassociative.be\/actualites\/","name":"Vie Associative","description":"","publisher":{"@id":"https:\/\/vieassociative.be\/actualites\/#organization"},"potentialAction":[{"@type":"SearchAction","target":{"@type":"EntryPoint","urlTemplate":"https:\/\/vieassociative.be\/actualites\/?s={search_term_string}"},"query-input":{"@type":"PropertyValueSpecification","valueRequired":true,"valueName":"search_term_string"}}],"inLanguage":"fr-BE"},{"@type":"Organization","@id":"https:\/\/vieassociative.be\/actualites\/#organization","name":"Vie Associative","url":"https:\/\/vieassociative.be\/actualites\/","logo":{"@type":"ImageObject","inLanguage":"fr-BE","@id":"https:\/\/vieassociative.be\/actualites\/#\/schema\/logo\/image\/","url":"https:\/\/vieassociative.be\/actualites\/wp-content\/uploads\/2024\/09\/cropped-vieassociative_favicon.ico.png","contentUrl":"https:\/\/vieassociative.be\/actualites\/wp-content\/uploads\/2024\/09\/cropped-vieassociative_favicon.ico.png","width":512,"height":512,"caption":"Vie Associative"},"image":{"@id":"https:\/\/vieassociative.be\/actualites\/#\/schema\/logo\/image\/"}},{"@type":"Person","@id":"https:\/\/vieassociative.be\/actualites\/#\/schema\/person\/b87ac4f82f9d4e7b7cec7395b679edc4","name":"Julien","image":{"@type":"ImageObject","inLanguage":"fr-BE","@id":"https:\/\/vieassociative.be\/actualites\/#\/schema\/person\/image\/","url":"https:\/\/vieassociative.be\/actualites\/wp-content\/uploads\/2024\/09\/vie-associative-1-150x150.jpg","contentUrl":"https:\/\/vieassociative.be\/actualites\/wp-content\/uploads\/2024\/09\/vie-associative-1-150x150.jpg","caption":"Julien"},"description":"Je suis Julien, r\u00e9dacteur pour Vie Associative. Passionn\u00e9 par le monde associatif depuis plus de 10 ans, j'ai \u00e0 c\u0153ur de partager des histoires inspirantes et de mettre en lumi\u00e8re les initiatives locales. Mon objectif est de sensibiliser et d'encourager l'engagement communautaire \u00e0 travers mes articles.","sameAs":["https:\/\/vieassociative.be\/"]}]}},"_links":{"self":[{"href":"https:\/\/vieassociative.be\/actualites\/wp-json\/wp\/v2\/posts\/3361"}],"collection":[{"href":"https:\/\/vieassociative.be\/actualites\/wp-json\/wp\/v2\/posts"}],"about":[{"href":"https:\/\/vieassociative.be\/actualites\/wp-json\/wp\/v2\/types\/post"}],"author":[{"embeddable":true,"href":"https:\/\/vieassociative.be\/actualites\/wp-json\/wp\/v2\/users\/1"}],"replies":[{"embeddable":true,"href":"https:\/\/vieassociative.be\/actualites\/wp-json\/wp\/v2\/comments?post=3361"}],"version-history":[{"count":0,"href":"https:\/\/vieassociative.be\/actualites\/wp-json\/wp\/v2\/posts\/3361\/revisions"}],"wp:featuredmedia":[{"embeddable":true,"href":"https:\/\/vieassociative.be\/actualites\/wp-json\/wp\/v2\/media\/3362"}],"wp:attachment":[{"href":"https:\/\/vieassociative.be\/actualites\/wp-json\/wp\/v2\/media?parent=3361"}],"wp:term":[{"taxonomy":"category","embeddable":true,"href":"https:\/\/vieassociative.be\/actualites\/wp-json\/wp\/v2\/categories?post=3361"},{"taxonomy":"post_tag","embeddable":true,"href":"https:\/\/vieassociative.be\/actualites\/wp-json\/wp\/v2\/tags?post=3361"}],"curies":[{"name":"wp","href":"https:\/\/api.w.org\/{rel}","templated":true}]}}