{"id":3357,"date":"2024-12-13T19:17:34","date_gmt":"2024-12-13T18:17:34","guid":{"rendered":"https:\/\/vieassociative.be\/actualites\/toutes-les-taches-de-nettoyage-et-dorganisation-hivernales-que-vous-devriez-accomplir-avant-la-nouvelle-annee\/"},"modified":"2024-12-13T19:17:34","modified_gmt":"2024-12-13T18:17:34","slug":"toutes-les-taches-de-nettoyage-et-dorganisation-hivernales-que-vous-devriez-accomplir-avant-la-nouvelle-annee","status":"publish","type":"post","link":"https:\/\/vieassociative.be\/actualites\/toutes-les-taches-de-nettoyage-et-dorganisation-hivernales-que-vous-devriez-accomplir-avant-la-nouvelle-annee\/","title":{"rendered":"Toutes les t\u00e2ches de nettoyage et d&rsquo;organisation hivernales que vous devriez accomplir avant la nouvelle ann\u00e9e"},"content":{"rendered":"<div class=\"mt-4 leading-6 md:mb-8\">Voici tout ce que je fais pour pr\u00e9parer ma maison pour la saison d&rsquo;hibernation.<\/div>\n<p><\/p>\n<p>Je d\u00e9teste l&rsquo;hiver. Je d\u00e9teste tellement \u00e7a. Au-del\u00e0 de No\u00ebl, de mon anniversaire et des joies sporadiques d&rsquo;une sortie \u00e0 la patinoire, je consid\u00e8re chaque jour comme un combat contre le froid et l&rsquo;obscurit\u00e9. Inutile de dire qu&rsquo;en hiver, je reste beaucoup \u00e0 la maison. <\/p>\n<p>En \u00e9t\u00e9, je sors tellement que j&rsquo;oublie \u00e0 quoi ressemble mon appartement, mais en hiver, je suis profond\u00e9ment conscient de toutes ses bizarreries et de ses contours. C&rsquo;est pourquoi je prends le m\u00e9nage hivernal si au s\u00e9rieux. Si je dois rester coinc\u00e9 \u00e0 la maison, autant profiter d&rsquo;\u00eatre l\u00e0. \u00c0 cette fin, j\u2019effectue toujours une s\u00e9ance de nettoyage et d\u2019organisation avant l\u2019hiver pour m\u2019assurer que mon refuge est confortable et fonctionnel pendant que je me cache. Voici ce que je fais (et ce que je vous sugg\u00e8re de faire) pour remettre une maison en forme pour l&rsquo;hiver. <\/p>\n<h2 id=\"the-best-time-to-clean-and-organize-for-winter\">Le meilleur moment pour nettoyer et organiser pour l\u2019hiver<\/h2>\n<p>Puisque vous faites tout cela pour vous pr\u00e9parer pour une saison sp\u00e9cifique, je ne recommande pas de regrouper vos t\u00e2ches de pr\u00e9paration hivernale dans un calendrier continu (comme celui que vous pourriez utiliser pour l&rsquo;entretien hebdomadaire). Au lieu de cela, consacrez une journ\u00e9e \u00e0 tout faire et \u00e0 tout \u00e9liminer. R\u00e9servez du temps dans votre emploi du temps et anticipez vos autres activit\u00e9s de nettoyage de la journ\u00e9e.<\/p>\n<h2 id=\"clear-out-seasonal-items-like-summer-clothes\">\u00c9liminez les articles saisonniers comme les v\u00eatements d&rsquo;\u00e9t\u00e9<\/h2>\n<p>Je crois fermement \u00e0 l&rsquo;efficacit\u00e9. Lorsque j&rsquo;ouvre mon placard pour en sortir une robe en laine et des collants \u00e9pais, je n&rsquo;ai pas besoin de fouiller dans tous mes shorts et t-shirts. \u00c9changer les v\u00eatements de saison pour qu&rsquo;ils n&rsquo;encombrent pas ma garde-robe est une \u00e9tape cl\u00e9 que je prends chaque saison. <\/p>\n<p>Au-del\u00e0 de la location d\u2019un box de stockage (que je soutiens totalement, si vous pouvez le justifier et vous le permettre), vous avez quelques options. Mon astuce pr\u00e9f\u00e9r\u00e9e consiste \u00e0 ranger les v\u00eatements hors saison dans mes bagages, qui prennent d\u00e9j\u00e0 beaucoup de place dans mon placard. Si vous avez beaucoup de choses \u00e0 ranger, vous pouvez les ranger dans des sacs de rangement scell\u00e9s sous vide, ce qui vous aide \u00e0 comprimer un grand volume d&rsquo;articles mous afin qu&rsquo;ils prennent beaucoup moins de place. <\/p>\n<div class=\"pogoClear mb-12 mt-10 rounded-md border-2 border-gray-100 py-7 shadow-xl md:py-6\">\n<div class=\"flex flex-wrap justify-between px-7 text-black no-underline md:flex-nowrap md:px-8\">\n<div class=\"order-1 mx-auto flex flex-col justify-center md:order-2 md:ml-4 md:w-full md:grow\">\n<div class=\"block cursor-pointer text-center font-akshar text-2xl font-medium leading-7 text-brand-green duration-200 ease-in-out hover:text-brand-green-700 md:text-left md:text-xl md:leading-6\">Amazon Basics Sacs de rangement \u00e0 compression sous vide pour gagner de l&rsquo;espace avec pompe \u00e0 main, Jumbo, lot de 6, transparents\n                <\/div>\n<div class=\"mt-4 hidden md:flex md:justify-between\">\n<div class=\"self-end\">\n<div class=\"mb-0 h-11 md:flex md:flex-col md:justify-center\">\n<div class=\" font-sans leading-4 text-black\">\n<div class=\"flex flex-wrap items-center justify-center gap-x-1 md:justify-start\">\n        <span class=\"font-bold\"><\/p>\n<p>            20,99\u00a0$<br \/>\n                            <span class=\"font-medium\">chez Amazon<\/span><br \/>\n                    <\/span><br \/>\n                    <img decoding=\"async\" class=\"mt-0 h-(15px)\" src=\"https:\/\/vieassociative.be\/actualites\/wp-content\/uploads\/2024\/12\/Toutes-les-taches-de-nettoyage-et-dorganisation-hivernales-que-vous.svg.svg+xml\" title=\"Amazon Premier\" alt=\"Amazon Premier\">\n            <\/div>\n<\/p><\/div>\n<\/p><\/div>\n<\/p><\/div>\n<div class=\"w-44 self-end\">\n                            <button class=\"flex justify-center items-center w-full bg-brand-green text-white text-base font-sans font-medium rounded-md hover:bg-brand-green-700 hover:cursor-pointer md:text-sm h-11\"><\/p>\n<p>    Achetez maintenant<br \/>\n<\/button>\n                        <\/div>\n<\/p><\/div>\n<\/p><\/div>\n<div class=\"order-2 mt-5 h-auto w-full md:order-1 md:mt-0 md:hidden\">\n<div class=\"flex aspect-video items-center justify-center\">\n                                            <img decoding=\"async\" class=\"m-0 max-h-full max-w-full rounded-md\" src=\"https:\/\/vieassociative.be\/actualites\/wp-content\/uploads\/2024\/12\/Toutes-les-taches-de-nettoyage-et-dorganisation-hivernales-que-vous.jpg\" alt=\"Amazon Basics Sacs de rangement \u00e0 compression sous vide pour gagner de l'espace avec pompe \u00e0 main, Jumbo, lot de 6, transparents\" width=\"auto\" height=\"auto\" loading=\"lazy\">\n                                    <\/div>\n<\/p><\/div>\n<div class=\"order-2 ml-2 hidden w-32 shrink-0 items-center md:order-1 md:ml-0 md:flex\">\n<div class=\"flex aspect-video items-center justify-center\">\n                                            <img decoding=\"async\" class=\"m-0 max-h-full max-w-full rounded-md\" src=\"https:\/\/vieassociative.be\/actualites\/wp-content\/uploads\/2024\/12\/Toutes-les-taches-de-nettoyage-et-dorganisation-hivernales-que-vous.jpg\" alt=\"Amazon Basics Sacs de rangement \u00e0 compression sous vide pour gagner de l'espace avec pompe \u00e0 main, Jumbo, lot de 6, transparents\" width=\"auto\" height=\"auto\" loading=\"lazy\">\n                                    <\/div>\n<\/p><\/div>\n<div class=\"order-3 flex grow flex-wrap md:hidden md:grow-0\">\n<div class=\"mt-4 w-full\">\n                        <button class=\"flex justify-center items-center w-full bg-brand-green text-white text-base font-sans font-medium rounded-md hover:bg-brand-green-700 hover:cursor-pointer md:text-sm h-11\"><\/p>\n<p>    Achetez maintenant<br \/>\n<\/button>\n                    <\/div>\n<div class=\"mx-2 mt-4 w-full\">\n<div class=\" font-sans leading-4 text-black\">\n<div class=\"flex flex-wrap items-center justify-center gap-x-1 md:justify-start\">\n        <span class=\"font-bold\"><\/p>\n<p>            20,99\u00a0$<br \/>\n                            <span class=\"font-medium\">chez Amazon<\/span><br \/>\n                    <\/span><br \/>\n                    <img decoding=\"async\" class=\"mt-0 h-(15px)\" src=\"https:\/\/vieassociative.be\/actualites\/wp-content\/uploads\/2024\/12\/Toutes-les-taches-de-nettoyage-et-dorganisation-hivernales-que-vous.svg.svg+xml\" title=\"Amazon Premier\" alt=\"Amazon Premier\">\n            <\/div>\n<\/p><\/div>\n<\/p><\/div>\n<\/p><\/div>\n<\/p><\/div>\n<\/div>\n<p>Prenez \u00e9galement le temps de d\u00e9placer d\u2019autres objets dans la maison. Par exemple, j&rsquo;ai tendance \u00e0 garder un \u00e9cran solaire et une lotion de bronzage pr\u00e8s de ma porte d&rsquo;entr\u00e9e en \u00e9t\u00e9 pour pouvoir les r\u00e9cup\u00e9rer en sortant, mais en hiver, je les mets sous le lavabo de ma salle de bain. <\/p>\n<p>Si vous cuisinez beaucoup de rago\u00fbts copieux ou de repas copieux pendant les mois les plus froids, placez ces ingr\u00e9dients devant vos armoires. Les organisateurs coulissants sont un bon moyen d&rsquo;\u00e9viter que cette corv\u00e9e ne vous \u00e9chappe, car ils vous permettent de voir et d&rsquo;acc\u00e9der facilement \u00e0 vos ingr\u00e9dients ou autres articles saisonniers sans avoir \u00e0 tout sortir du placard un par un. <\/p>\n<p>Faites \u00e9galement pivoter vos couvertures et vos draps : les plus l\u00e9gers peuvent \u00eatre rang\u00e9s sous le lit ou dans les sacs sous vide susmentionn\u00e9s. Commencez votre journ\u00e9e de m\u00e9nage hivernal en jetant vos couettes les plus lourdes au lavage et terminez-la en les \u00e9talant sur le lit ou le canap\u00e9 o\u00f9 elles r\u00e9sideront pendant les prochains mois. <\/p>\n<h2 id=\"clean-your-radiator-and-other-vents\">Nettoyez votre radiateur et autres bouches d&rsquo;a\u00e9ration<\/h2>\n<p>Nettoyer votre radiateur est important \u00e0 la fois pour votre s\u00e9curit\u00e9 et votre confort. Un radiateur sale peut provoquer des odeurs d\u00e9sagr\u00e9ables, ce que vous ne voulez pas g\u00e9rer lors d&rsquo;une nuit douillette. Selon le type de radiateur dont vous disposez, vous pouvez utiliser de l&rsquo;air comprim\u00e9 ou un s\u00e8che-cheveux, l\u00e9g\u00e8rement inclin\u00e9 vers le haut, pour souffler la poussi\u00e8re. et les d\u00e9bris de ses entrailles. Utiliser une brosse fonctionne \u00e9galement, mais il faut faire attention \u00e0 ne pas enfoncer les d\u00e9g\u00e2ts plus profond\u00e9ment \u00e0 l\u2019int\u00e9rieur. De l\u00e0, vous pouvez balayer ou aspirer tout ce qui tombe. <\/p>\n<p>Faites de m\u00eame pour vos bouches d&rsquo;a\u00e9ration. D\u00e9posez les couvercles d\u2019a\u00e9ration dans une baignoire ou un \u00e9vier rempli d\u2019eau ti\u00e8de savonneuse et passez l\u2019aspirateur dans les espaces d\u2019a\u00e9ration que vous pouvez atteindre. Et changez vos filtres CVC pendant que vous y \u00eates.<\/p>\n<h2 id=\"clean-your-fireplace\">Nettoyez votre chemin\u00e9e <\/h2>\n<p>Nettoyer votre foyer avant de commencer \u00e0 l&rsquo;utiliser de mani\u00e8re intensive est important \u00e0 la fois pour qu&rsquo;il continue de fonctionner et pour garantir qu&rsquo;il peut \u00eatre utilis\u00e9 en toute s\u00e9curit\u00e9. M\u00eame si vous l&rsquo;avez d\u00e9j\u00e0 allum\u00e9 cet hiver, cela vaut la peine d&rsquo;y revenir (\u00e0 condition que cela fasse au moins 24 heures depuis votre dernier feu). Posez une toile de protection, retirez tout de la chambre de combustion avec une pelle (qui se trouve g\u00e9n\u00e9ralement dans votre kit d&rsquo;accessoires de chemin\u00e9e, mais n&rsquo;importe quelle petite pelle fera l&rsquo;affaire) et utilisez un balai pour \u00e9liminer la suie et les d\u00e9bris restants. M\u00e9langez \u00e0 parts \u00e9gales du vinaigre et de l\u2019eau ti\u00e8de et essuyez l\u2019int\u00e9rieur. Pendant que vous y \u00eates, recherchez des fissures ou des probl\u00e8mes et appelez un professionnel si vous en voyez. De m\u00eame, appelez un ramoneur si un certain temps s&rsquo;est \u00e9coul\u00e9 depuis votre dernier nettoyage approfondi. (Il y a beaucoup de choses dans votre maison que vous pouvez bricoler, mais je crois fermement \u00e0 l&rsquo;externalisation de toute t\u00e2che li\u00e9e au feu ou \u00e0 l&rsquo;\u00e9lectricit\u00e9.) <\/p>\n<h2 id=\"clean-behind-your-large-appliances\">Nettoyez derri\u00e8re vos gros \u00e9lectrom\u00e9nagers<\/h2>\n<p>\u00c0 l\u2019approche des mois froids, c\u2019est le meilleur moment pour nettoyer derri\u00e8re vos gros appareils \u00e9lectrom\u00e9nagers. Je cuisine plus en hiver qu&rsquo;en \u00e9t\u00e9, je pr\u00e9f\u00e8re donc retirer tous les d\u00e9bris et miettes derri\u00e8re mon four avant d&rsquo;aggraver in\u00e9vitablement le probl\u00e8me. Vous n&rsquo;\u00eates pas non plus oblig\u00e9 de tout \u00e9loigner du mur : \u00e9gouttez les serpents, les vadrouilles plates comme les Swiffers et m\u00eame un chiffon enroul\u00e9 autour d&rsquo;un b\u00e2ton peuvent vous aider \u00e0 passer sous et derri\u00e8re tout. (J&rsquo;ai m\u00eame une compilation de m\u00e9thodes qui vous \u00e9viteront un travail de nettoyage \u00e9reintant.)<\/p>\n<h2 id=\"clean-off-and-reverse-your-ceiling-fans\">Nettoyez et inversez vos ventilateurs de plafond <\/h2>\n<p>Vous devez nettoyer vos ventilateurs de plafond chaque saison, mais cela entra\u00eene \u00e9videmment de la poussi\u00e8re sur le sol, alors r\u00e9servez cette t\u00e2che pour la fin de la journ\u00e9e. Utilisez la m\u00e9thode de la taie d&rsquo;oreiller, qui consiste \u00e0 placer une taie d&rsquo;oreiller sur chaque lame et \u00e0 la tirer vers l&rsquo;extr\u00e9mit\u00e9 pour que la poussi\u00e8re tombe dans la housse, puis \u00e0 essuyer les lames et les accessoires avec une \u00e9ponge humide. Pendant que vous y \u00eates, inversez le sens de rotation des pales, ce qui peut aider \u00e0 garder vos pi\u00e8ces plus chaudes en hiver. <\/p>\n<p>Sortez votre aspirateur pour aspirer la poussi\u00e8re perturb\u00e9e ainsi que celle r\u00e9sultant du reste de votre m\u00e9nage hivernal. Sortez vos couvertures et draps d&rsquo;hiver de la s\u00e9cheuse, placez-les \u00e0 leur place et profitez des mois froids \u00e0 venir dans votre maison d\u00e9sormais plus accueillante.<\/p>\n","protected":false},"excerpt":{"rendered":"<p>Voici tout ce que je fais pour pr\u00e9parer ma maison pour la saison d&rsquo;hibernation. Je d\u00e9teste l&rsquo;hiver. Je d\u00e9teste tellement \u00e7a. Au-del\u00e0 de No\u00ebl, de<\/p>\n","protected":false},"author":1,"featured_media":3358,"comment_status":"","ping_status":"","sticky":false,"template":"","format":"standard","meta":{"footnotes":""},"categories":[40],"tags":[2832,549,142,636,3992,3993,14,2643,491,2830,62,4],"class_list":["post-3357","post","type-post","status-publish","format-standard","has-post-thumbnail","hentry","category-maison","tag-accomplir","tag-annee","tag-avant","tag-devriez","tag-dorganisation","tag-hivernales","tag-les","tag-nettoyage","tag-nouvelle","tag-taches","tag-toutes","tag-vous","generate-columns","tablet-grid-50","mobile-grid-100","grid-parent","grid-33"],"yoast_head":"<!-- This site is optimized with the Yoast SEO plugin v24.0 - https:\/\/yoast.com\/wordpress\/plugins\/seo\/ -->\n<title>Toutes les t\u00e2ches de nettoyage et d&#039;organisation hivernales que vous devriez accomplir avant la nouvelle ann\u00e9e | Vie Associative<\/title>\n<meta name=\"robots\" content=\"index, follow, max-snippet:-1, max-image-preview:large, max-video-preview:-1\" \/>\n<link rel=\"canonical\" href=\"https:\/\/vieassociative.be\/actualites\/toutes-les-taches-de-nettoyage-et-dorganisation-hivernales-que-vous-devriez-accomplir-avant-la-nouvelle-annee\/\" \/>\n<meta property=\"og:locale\" content=\"fr_FR\" \/>\n<meta property=\"og:type\" content=\"article\" \/>\n<meta property=\"og:title\" content=\"Toutes les t\u00e2ches de nettoyage et d&#039;organisation hivernales que vous devriez accomplir avant la nouvelle ann\u00e9e | Vie Associative\" \/>\n<meta property=\"og:description\" content=\"Voici tout ce que je fais pour pr\u00e9parer ma maison pour la saison d&rsquo;hibernation. Je d\u00e9teste l&rsquo;hiver. Je d\u00e9teste tellement \u00e7a. Au-del\u00e0 de No\u00ebl, de\" \/>\n<meta property=\"og:url\" content=\"https:\/\/vieassociative.be\/actualites\/toutes-les-taches-de-nettoyage-et-dorganisation-hivernales-que-vous-devriez-accomplir-avant-la-nouvelle-annee\/\" \/>\n<meta property=\"og:site_name\" content=\"Vie Associative\" \/>\n<meta property=\"article:published_time\" content=\"2024-12-13T18:17:34+00:00\" \/>\n<meta property=\"og:image\" content=\"https:\/\/vieassociative.be\/actualites\/wp-content\/uploads\/2024\/12\/Toutes-les-taches-de-nettoyage-et-dorganisation-hivernales-que-vous.svg.svg+xml\" \/>\n<meta name=\"author\" content=\"Julien\" \/>\n<meta name=\"twitter:card\" content=\"summary_large_image\" \/>\n<meta name=\"twitter:label1\" content=\"\u00c9crit par\" \/>\n\t<meta name=\"twitter:data1\" content=\"Julien\" \/>\n\t<meta name=\"twitter:label2\" content=\"Dur\u00e9e de lecture est.\" \/>\n\t<meta name=\"twitter:data2\" content=\"6 minutes\" \/>\n<script type=\"application\/ld+json\" class=\"yoast-schema-graph\">{\"@context\":\"https:\/\/schema.org\",\"@graph\":[{\"@type\":\"Article\",\"@id\":\"https:\/\/vieassociative.be\/actualites\/toutes-les-taches-de-nettoyage-et-dorganisation-hivernales-que-vous-devriez-accomplir-avant-la-nouvelle-annee\/#article\",\"isPartOf\":{\"@id\":\"https:\/\/vieassociative.be\/actualites\/toutes-les-taches-de-nettoyage-et-dorganisation-hivernales-que-vous-devriez-accomplir-avant-la-nouvelle-annee\/\"},\"author\":{\"name\":\"Julien\",\"@id\":\"https:\/\/vieassociative.be\/actualites\/#\/schema\/person\/b87ac4f82f9d4e7b7cec7395b679edc4\"},\"headline\":\"Toutes les t\u00e2ches de nettoyage et d&rsquo;organisation hivernales que vous devriez accomplir avant la nouvelle ann\u00e9e\",\"datePublished\":\"2024-12-13T18:17:34+00:00\",\"dateModified\":\"2024-12-13T18:17:34+00:00\",\"mainEntityOfPage\":{\"@id\":\"https:\/\/vieassociative.be\/actualites\/toutes-les-taches-de-nettoyage-et-dorganisation-hivernales-que-vous-devriez-accomplir-avant-la-nouvelle-annee\/\"},\"wordCount\":1304,\"publisher\":{\"@id\":\"https:\/\/vieassociative.be\/actualites\/#organization\"},\"image\":{\"@id\":\"https:\/\/vieassociative.be\/actualites\/toutes-les-taches-de-nettoyage-et-dorganisation-hivernales-que-vous-devriez-accomplir-avant-la-nouvelle-annee\/#primaryimage\"},\"thumbnailUrl\":\"https:\/\/vieassociative.be\/actualites\/wp-content\/uploads\/2024\/12\/Toutes-les-taches-de-nettoyage-et-dorganisation-hivernales-que-vous.png\",\"keywords\":[\"accomplir\",\"ann\u00e9e\",\"avant\",\"devriez\",\"dorganisation\",\"hivernales\",\"Les\",\"nettoyage\",\"nouvelle\",\"t\u00e2ches\",\"toutes\",\"Vous\"],\"articleSection\":[\"Maison\"],\"inLanguage\":\"fr-BE\"},{\"@type\":\"WebPage\",\"@id\":\"https:\/\/vieassociative.be\/actualites\/toutes-les-taches-de-nettoyage-et-dorganisation-hivernales-que-vous-devriez-accomplir-avant-la-nouvelle-annee\/\",\"url\":\"https:\/\/vieassociative.be\/actualites\/toutes-les-taches-de-nettoyage-et-dorganisation-hivernales-que-vous-devriez-accomplir-avant-la-nouvelle-annee\/\",\"name\":\"Toutes les t\u00e2ches de nettoyage et d'organisation hivernales que vous devriez accomplir avant la nouvelle ann\u00e9e | Vie Associative\",\"isPartOf\":{\"@id\":\"https:\/\/vieassociative.be\/actualites\/#website\"},\"primaryImageOfPage\":{\"@id\":\"https:\/\/vieassociative.be\/actualites\/toutes-les-taches-de-nettoyage-et-dorganisation-hivernales-que-vous-devriez-accomplir-avant-la-nouvelle-annee\/#primaryimage\"},\"image\":{\"@id\":\"https:\/\/vieassociative.be\/actualites\/toutes-les-taches-de-nettoyage-et-dorganisation-hivernales-que-vous-devriez-accomplir-avant-la-nouvelle-annee\/#primaryimage\"},\"thumbnailUrl\":\"https:\/\/vieassociative.be\/actualites\/wp-content\/uploads\/2024\/12\/Toutes-les-taches-de-nettoyage-et-dorganisation-hivernales-que-vous.png\",\"datePublished\":\"2024-12-13T18:17:34+00:00\",\"dateModified\":\"2024-12-13T18:17:34+00:00\",\"breadcrumb\":{\"@id\":\"https:\/\/vieassociative.be\/actualites\/toutes-les-taches-de-nettoyage-et-dorganisation-hivernales-que-vous-devriez-accomplir-avant-la-nouvelle-annee\/#breadcrumb\"},\"inLanguage\":\"fr-BE\",\"potentialAction\":[{\"@type\":\"ReadAction\",\"target\":[\"https:\/\/vieassociative.be\/actualites\/toutes-les-taches-de-nettoyage-et-dorganisation-hivernales-que-vous-devriez-accomplir-avant-la-nouvelle-annee\/\"]}]},{\"@type\":\"ImageObject\",\"inLanguage\":\"fr-BE\",\"@id\":\"https:\/\/vieassociative.be\/actualites\/toutes-les-taches-de-nettoyage-et-dorganisation-hivernales-que-vous-devriez-accomplir-avant-la-nouvelle-annee\/#primaryimage\",\"url\":\"https:\/\/vieassociative.be\/actualites\/wp-content\/uploads\/2024\/12\/Toutes-les-taches-de-nettoyage-et-dorganisation-hivernales-que-vous.png\",\"contentUrl\":\"https:\/\/vieassociative.be\/actualites\/wp-content\/uploads\/2024\/12\/Toutes-les-taches-de-nettoyage-et-dorganisation-hivernales-que-vous.png\",\"width\":1200,\"height\":675,\"caption\":\"Toutes les t\u00e2ches de nettoyage et d'organisation hivernales que vous devriez accomplir avant la nouvelle ann\u00e9e\"},{\"@type\":\"BreadcrumbList\",\"@id\":\"https:\/\/vieassociative.be\/actualites\/toutes-les-taches-de-nettoyage-et-dorganisation-hivernales-que-vous-devriez-accomplir-avant-la-nouvelle-annee\/#breadcrumb\",\"itemListElement\":[{\"@type\":\"ListItem\",\"position\":1,\"name\":\"Accueil\",\"item\":\"https:\/\/vieassociative.be\/actualites\/\"},{\"@type\":\"ListItem\",\"position\":2,\"name\":\"Toutes les t\u00e2ches de nettoyage et d&rsquo;organisation hivernales que vous devriez accomplir avant la nouvelle ann\u00e9e\"}]},{\"@type\":\"WebSite\",\"@id\":\"https:\/\/vieassociative.be\/actualites\/#website\",\"url\":\"https:\/\/vieassociative.be\/actualites\/\",\"name\":\"Vie Associative\",\"description\":\"\",\"publisher\":{\"@id\":\"https:\/\/vieassociative.be\/actualites\/#organization\"},\"potentialAction\":[{\"@type\":\"SearchAction\",\"target\":{\"@type\":\"EntryPoint\",\"urlTemplate\":\"https:\/\/vieassociative.be\/actualites\/?s={search_term_string}\"},\"query-input\":{\"@type\":\"PropertyValueSpecification\",\"valueRequired\":true,\"valueName\":\"search_term_string\"}}],\"inLanguage\":\"fr-BE\"},{\"@type\":\"Organization\",\"@id\":\"https:\/\/vieassociative.be\/actualites\/#organization\",\"name\":\"Vie Associative\",\"url\":\"https:\/\/vieassociative.be\/actualites\/\",\"logo\":{\"@type\":\"ImageObject\",\"inLanguage\":\"fr-BE\",\"@id\":\"https:\/\/vieassociative.be\/actualites\/#\/schema\/logo\/image\/\",\"url\":\"https:\/\/vieassociative.be\/actualites\/wp-content\/uploads\/2024\/09\/cropped-vieassociative_favicon.ico.png\",\"contentUrl\":\"https:\/\/vieassociative.be\/actualites\/wp-content\/uploads\/2024\/09\/cropped-vieassociative_favicon.ico.png\",\"width\":512,\"height\":512,\"caption\":\"Vie Associative\"},\"image\":{\"@id\":\"https:\/\/vieassociative.be\/actualites\/#\/schema\/logo\/image\/\"}},{\"@type\":\"Person\",\"@id\":\"https:\/\/vieassociative.be\/actualites\/#\/schema\/person\/b87ac4f82f9d4e7b7cec7395b679edc4\",\"name\":\"Julien\",\"image\":{\"@type\":\"ImageObject\",\"inLanguage\":\"fr-BE\",\"@id\":\"https:\/\/vieassociative.be\/actualites\/#\/schema\/person\/image\/\",\"url\":\"https:\/\/vieassociative.be\/actualites\/wp-content\/uploads\/2024\/09\/vie-associative-1-150x150.jpg\",\"contentUrl\":\"https:\/\/vieassociative.be\/actualites\/wp-content\/uploads\/2024\/09\/vie-associative-1-150x150.jpg\",\"caption\":\"Julien\"},\"description\":\"Je suis Julien, r\u00e9dacteur pour Vie Associative. Passionn\u00e9 par le monde associatif depuis plus de 10 ans, j'ai \u00e0 c\u0153ur de partager des histoires inspirantes et de mettre en lumi\u00e8re les initiatives locales. Mon objectif est de sensibiliser et d'encourager l'engagement communautaire \u00e0 travers mes articles.\",\"sameAs\":[\"https:\/\/vieassociative.be\/\"]}]}<\/script>\n<!-- \/ Yoast SEO plugin. -->","yoast_head_json":{"title":"Toutes les t\u00e2ches de nettoyage et d'organisation hivernales que vous devriez accomplir avant la nouvelle ann\u00e9e | Vie Associative","robots":{"index":"index","follow":"follow","max-snippet":"max-snippet:-1","max-image-preview":"max-image-preview:large","max-video-preview":"max-video-preview:-1"},"canonical":"https:\/\/vieassociative.be\/actualites\/toutes-les-taches-de-nettoyage-et-dorganisation-hivernales-que-vous-devriez-accomplir-avant-la-nouvelle-annee\/","og_locale":"fr_FR","og_type":"article","og_title":"Toutes les t\u00e2ches de nettoyage et d'organisation hivernales que vous devriez accomplir avant la nouvelle ann\u00e9e | Vie Associative","og_description":"Voici tout ce que je fais pour pr\u00e9parer ma maison pour la saison d&rsquo;hibernation. Je d\u00e9teste l&rsquo;hiver. Je d\u00e9teste tellement \u00e7a. Au-del\u00e0 de No\u00ebl, de","og_url":"https:\/\/vieassociative.be\/actualites\/toutes-les-taches-de-nettoyage-et-dorganisation-hivernales-que-vous-devriez-accomplir-avant-la-nouvelle-annee\/","og_site_name":"Vie Associative","article_published_time":"2024-12-13T18:17:34+00:00","og_image":[{"url":"https:\/\/vieassociative.be\/actualites\/wp-content\/uploads\/2024\/12\/Toutes-les-taches-de-nettoyage-et-dorganisation-hivernales-que-vous.svg.svg+xml","type":"","width":"","height":""}],"author":"Julien","twitter_card":"summary_large_image","twitter_misc":{"\u00c9crit par":"Julien","Dur\u00e9e de lecture est.":"6 minutes"},"schema":{"@context":"https:\/\/schema.org","@graph":[{"@type":"Article","@id":"https:\/\/vieassociative.be\/actualites\/toutes-les-taches-de-nettoyage-et-dorganisation-hivernales-que-vous-devriez-accomplir-avant-la-nouvelle-annee\/#article","isPartOf":{"@id":"https:\/\/vieassociative.be\/actualites\/toutes-les-taches-de-nettoyage-et-dorganisation-hivernales-que-vous-devriez-accomplir-avant-la-nouvelle-annee\/"},"author":{"name":"Julien","@id":"https:\/\/vieassociative.be\/actualites\/#\/schema\/person\/b87ac4f82f9d4e7b7cec7395b679edc4"},"headline":"Toutes les t\u00e2ches de nettoyage et d&rsquo;organisation hivernales que vous devriez accomplir avant la nouvelle ann\u00e9e","datePublished":"2024-12-13T18:17:34+00:00","dateModified":"2024-12-13T18:17:34+00:00","mainEntityOfPage":{"@id":"https:\/\/vieassociative.be\/actualites\/toutes-les-taches-de-nettoyage-et-dorganisation-hivernales-que-vous-devriez-accomplir-avant-la-nouvelle-annee\/"},"wordCount":1304,"publisher":{"@id":"https:\/\/vieassociative.be\/actualites\/#organization"},"image":{"@id":"https:\/\/vieassociative.be\/actualites\/toutes-les-taches-de-nettoyage-et-dorganisation-hivernales-que-vous-devriez-accomplir-avant-la-nouvelle-annee\/#primaryimage"},"thumbnailUrl":"https:\/\/vieassociative.be\/actualites\/wp-content\/uploads\/2024\/12\/Toutes-les-taches-de-nettoyage-et-dorganisation-hivernales-que-vous.png","keywords":["accomplir","ann\u00e9e","avant","devriez","dorganisation","hivernales","Les","nettoyage","nouvelle","t\u00e2ches","toutes","Vous"],"articleSection":["Maison"],"inLanguage":"fr-BE"},{"@type":"WebPage","@id":"https:\/\/vieassociative.be\/actualites\/toutes-les-taches-de-nettoyage-et-dorganisation-hivernales-que-vous-devriez-accomplir-avant-la-nouvelle-annee\/","url":"https:\/\/vieassociative.be\/actualites\/toutes-les-taches-de-nettoyage-et-dorganisation-hivernales-que-vous-devriez-accomplir-avant-la-nouvelle-annee\/","name":"Toutes les t\u00e2ches de nettoyage et d'organisation hivernales que vous devriez accomplir avant la nouvelle ann\u00e9e | Vie Associative","isPartOf":{"@id":"https:\/\/vieassociative.be\/actualites\/#website"},"primaryImageOfPage":{"@id":"https:\/\/vieassociative.be\/actualites\/toutes-les-taches-de-nettoyage-et-dorganisation-hivernales-que-vous-devriez-accomplir-avant-la-nouvelle-annee\/#primaryimage"},"image":{"@id":"https:\/\/vieassociative.be\/actualites\/toutes-les-taches-de-nettoyage-et-dorganisation-hivernales-que-vous-devriez-accomplir-avant-la-nouvelle-annee\/#primaryimage"},"thumbnailUrl":"https:\/\/vieassociative.be\/actualites\/wp-content\/uploads\/2024\/12\/Toutes-les-taches-de-nettoyage-et-dorganisation-hivernales-que-vous.png","datePublished":"2024-12-13T18:17:34+00:00","dateModified":"2024-12-13T18:17:34+00:00","breadcrumb":{"@id":"https:\/\/vieassociative.be\/actualites\/toutes-les-taches-de-nettoyage-et-dorganisation-hivernales-que-vous-devriez-accomplir-avant-la-nouvelle-annee\/#breadcrumb"},"inLanguage":"fr-BE","potentialAction":[{"@type":"ReadAction","target":["https:\/\/vieassociative.be\/actualites\/toutes-les-taches-de-nettoyage-et-dorganisation-hivernales-que-vous-devriez-accomplir-avant-la-nouvelle-annee\/"]}]},{"@type":"ImageObject","inLanguage":"fr-BE","@id":"https:\/\/vieassociative.be\/actualites\/toutes-les-taches-de-nettoyage-et-dorganisation-hivernales-que-vous-devriez-accomplir-avant-la-nouvelle-annee\/#primaryimage","url":"https:\/\/vieassociative.be\/actualites\/wp-content\/uploads\/2024\/12\/Toutes-les-taches-de-nettoyage-et-dorganisation-hivernales-que-vous.png","contentUrl":"https:\/\/vieassociative.be\/actualites\/wp-content\/uploads\/2024\/12\/Toutes-les-taches-de-nettoyage-et-dorganisation-hivernales-que-vous.png","width":1200,"height":675,"caption":"Toutes les t\u00e2ches de nettoyage et d'organisation hivernales que vous devriez accomplir avant la nouvelle ann\u00e9e"},{"@type":"BreadcrumbList","@id":"https:\/\/vieassociative.be\/actualites\/toutes-les-taches-de-nettoyage-et-dorganisation-hivernales-que-vous-devriez-accomplir-avant-la-nouvelle-annee\/#breadcrumb","itemListElement":[{"@type":"ListItem","position":1,"name":"Accueil","item":"https:\/\/vieassociative.be\/actualites\/"},{"@type":"ListItem","position":2,"name":"Toutes les t\u00e2ches de nettoyage et d&rsquo;organisation hivernales que vous devriez accomplir avant la nouvelle ann\u00e9e"}]},{"@type":"WebSite","@id":"https:\/\/vieassociative.be\/actualites\/#website","url":"https:\/\/vieassociative.be\/actualites\/","name":"Vie Associative","description":"","publisher":{"@id":"https:\/\/vieassociative.be\/actualites\/#organization"},"potentialAction":[{"@type":"SearchAction","target":{"@type":"EntryPoint","urlTemplate":"https:\/\/vieassociative.be\/actualites\/?s={search_term_string}"},"query-input":{"@type":"PropertyValueSpecification","valueRequired":true,"valueName":"search_term_string"}}],"inLanguage":"fr-BE"},{"@type":"Organization","@id":"https:\/\/vieassociative.be\/actualites\/#organization","name":"Vie Associative","url":"https:\/\/vieassociative.be\/actualites\/","logo":{"@type":"ImageObject","inLanguage":"fr-BE","@id":"https:\/\/vieassociative.be\/actualites\/#\/schema\/logo\/image\/","url":"https:\/\/vieassociative.be\/actualites\/wp-content\/uploads\/2024\/09\/cropped-vieassociative_favicon.ico.png","contentUrl":"https:\/\/vieassociative.be\/actualites\/wp-content\/uploads\/2024\/09\/cropped-vieassociative_favicon.ico.png","width":512,"height":512,"caption":"Vie Associative"},"image":{"@id":"https:\/\/vieassociative.be\/actualites\/#\/schema\/logo\/image\/"}},{"@type":"Person","@id":"https:\/\/vieassociative.be\/actualites\/#\/schema\/person\/b87ac4f82f9d4e7b7cec7395b679edc4","name":"Julien","image":{"@type":"ImageObject","inLanguage":"fr-BE","@id":"https:\/\/vieassociative.be\/actualites\/#\/schema\/person\/image\/","url":"https:\/\/vieassociative.be\/actualites\/wp-content\/uploads\/2024\/09\/vie-associative-1-150x150.jpg","contentUrl":"https:\/\/vieassociative.be\/actualites\/wp-content\/uploads\/2024\/09\/vie-associative-1-150x150.jpg","caption":"Julien"},"description":"Je suis Julien, r\u00e9dacteur pour Vie Associative. Passionn\u00e9 par le monde associatif depuis plus de 10 ans, j'ai \u00e0 c\u0153ur de partager des histoires inspirantes et de mettre en lumi\u00e8re les initiatives locales. Mon objectif est de sensibiliser et d'encourager l'engagement communautaire \u00e0 travers mes articles.","sameAs":["https:\/\/vieassociative.be\/"]}]}},"_links":{"self":[{"href":"https:\/\/vieassociative.be\/actualites\/wp-json\/wp\/v2\/posts\/3357"}],"collection":[{"href":"https:\/\/vieassociative.be\/actualites\/wp-json\/wp\/v2\/posts"}],"about":[{"href":"https:\/\/vieassociative.be\/actualites\/wp-json\/wp\/v2\/types\/post"}],"author":[{"embeddable":true,"href":"https:\/\/vieassociative.be\/actualites\/wp-json\/wp\/v2\/users\/1"}],"replies":[{"embeddable":true,"href":"https:\/\/vieassociative.be\/actualites\/wp-json\/wp\/v2\/comments?post=3357"}],"version-history":[{"count":0,"href":"https:\/\/vieassociative.be\/actualites\/wp-json\/wp\/v2\/posts\/3357\/revisions"}],"wp:featuredmedia":[{"embeddable":true,"href":"https:\/\/vieassociative.be\/actualites\/wp-json\/wp\/v2\/media\/3358"}],"wp:attachment":[{"href":"https:\/\/vieassociative.be\/actualites\/wp-json\/wp\/v2\/media?parent=3357"}],"wp:term":[{"taxonomy":"category","embeddable":true,"href":"https:\/\/vieassociative.be\/actualites\/wp-json\/wp\/v2\/categories?post=3357"},{"taxonomy":"post_tag","embeddable":true,"href":"https:\/\/vieassociative.be\/actualites\/wp-json\/wp\/v2\/tags?post=3357"}],"curies":[{"name":"wp","href":"https:\/\/api.w.org\/{rel}","templated":true}]}}