{"id":3355,"date":"2024-12-13T18:18:15","date_gmt":"2024-12-13T17:18:15","guid":{"rendered":"https:\/\/vieassociative.be\/actualites\/comment-empecher-votre-enfant-de-cracher\/"},"modified":"2024-12-13T18:18:15","modified_gmt":"2024-12-13T17:18:15","slug":"comment-empecher-votre-enfant-de-cracher","status":"publish","type":"post","link":"https:\/\/vieassociative.be\/actualites\/comment-empecher-votre-enfant-de-cracher\/","title":{"rendered":"Comment emp\u00eacher votre enfant de cracher"},"content":{"rendered":"<div class=\"mt-4 leading-6 md:mb-8\">Parce que personne n\u2019aime un spray agressif sur le visage.<\/div>\n<p><\/p>\n<p>Avez-vous un enfant d&rsquo;\u00e2ge pr\u00e9scolaire ou un enfant en bas \u00e2ge\u00a0? Est-ce qu&rsquo;ils trottinent et font des choses adorables comme rire de mani\u00e8re incontr\u00f4lable lorsque vous faites semblant de vous cogner contre les murs, dites \u00ab \u00e0 blanc \u00bb au lieu d&rsquo;une couverture, et envoyez occasionnellement un jet agressif de leur propre crachat dans votre direction ? Oh attends, ce dernier n&rsquo;est pas vraiment mignon. <\/p>\n<p>Mais c\u2019est un comportement courant chez les jeunes enfants. De nombreux tout-petits et enfants d&rsquo;\u00e2ge pr\u00e9scolaire crachent pour montrer leur frustration ou leur col\u00e8re parce qu&rsquo;ils n&rsquo;ont pas la ma\u00eetrise de soi ou le langage n\u00e9cessaire pour l&rsquo;exprimer autrement. Ils peuvent le faire par d\u00e9fi (parce que cela vous \u00e9nerve), par l\u00e9gitime d\u00e9fense, pour attirer l&rsquo;attention ou simplement parce que c&rsquo;est une chose amusante \u00e0 faire avec leur bouche. Il chatouille, fait du bruit et met des trucs partout. (Trois choses que les tout-petits adorent.)<\/p>\n<p>Bien que ce soit une phase normale, elle est \u00e9galement ennuyeuse et d\u00e9go\u00fbtante et doit \u00eatre arr\u00eat\u00e9e. Voici comment.<\/p>\n<h2 id=\"be-unimpressed\">Ne soyez pas impressionn\u00e9<\/h2>\n<p>M\u00eame si cela peut sembler contre-intuitif, la meilleure r\u00e9action face au comportement n\u00e9gatif d\u2019un enfant est parfois de ne pas r\u00e9agir du tout. Je sais que vous pouvez avoir l&rsquo;impression que vous les laissez s&rsquo;en tirer sur le moment. Mais si l\u2019on pense au long jeu \u2013 \u00e9teindre le comportement \u2013 \u200b\u200bpr\u00e9tendre que cela ne s\u2019est pas produit prive le comportement de l\u2019\u00e9nergie dont il a besoin pour vivre : le frisson qu\u2019il ressent en regardant ses parents perdre leur merde. Agissez de mani\u00e8re ludique comme si vous ne l&rsquo;aviez m\u00eame pas remarqu\u00e9. (J&rsquo;ai utilis\u00e9 la m\u00e9thode \u00ab me retourner et faire face aux armoires pour que personne ne puisse voir mon visage \u00bb plus de fois que je ne peux compter.) Bien s\u00fbr, vous ne pouvez pas pr\u00e9tendre que cela ne s&rsquo;est pas produit \u00e0 chaque fois, surtout si quelqu&rsquo;un la bave des autres pend \u00e0 ton menton. Dans ce cas, passez aux suggestions ci-dessous. <\/p>\n<h2 id=\"stay-calm\">Rester calme <\/h2>\n<p>Si vous \u00eates col\u00e9rique ou si vous avez \u00e9t\u00e9 \u00e9lev\u00e9 par des personnes col\u00e9riques, je suis s\u00fbr que vous avez compris l&rsquo;un des d\u00e9crets les plus ennuyeux de tous les parents\u00a0: quoi qu&rsquo;il arrive, restez calme. (C&rsquo;est beaucoup plus difficile qu&rsquo;il n&rsquo;y para\u00eet.) Les enfants imitent encore plus ce que nous faisons que ce que nous disons et se tournent vers nous pour trouver des indices sur la fa\u00e7on de g\u00e9rer leurs \u00e9motions. Si vous \u00eates offens\u00e9 et que vous les critiquez, vous pouvez vous attendre \u00e0 voir ce comportement boomerang \u00e0 plusieurs reprises. Chaque fois que vous montrez le calme, vous leur apprenez \u00e0 le faire eux-m\u00eames. Gardez votre voix et votre visage calmes, tout en vous rappelant que ce n&rsquo;est pas vous, mais eux. <\/p>\n<h2 id=\"let-them-know-spitting-isnt-tolerated\">Faites-leur savoir que cracher n&rsquo;est pas tol\u00e9r\u00e9<\/h2>\n<p>Sans entrer dans une discussion s\u00e9v\u00e8re sur les raisons pour lesquelles cracher est d\u00e9go\u00fbtant (ce qui peut, honn\u00eatement, les inciter \u00e0 le faire davantage \u2013 ils aiment les choses grossi\u00e8res), dites simplement : \u00ab Nous ne crachons pas \u00bb. Si votre enfant est assez vieux pour comprendre ce que sont les germes, vous pouvez ajouter\u00a0:\u00a0\u00ab\u00a0Ils propagent les germes et rendent les gens malades.\u00a0\u00bb (Ou faire appel \u00e0 ce qui <em>un jour<\/em> soyez leur radar social en disant : \u00ab Ce n&rsquo;est pas gentil avec les autres. \u00bb) Et puis restez-en l\u00e0. Encore une fois, dis ceci <em>calmement<\/em>. <\/p>\n<h2 id=\"invoke-natural-consequences\">Invoquer les cons\u00e9quences naturelles<\/h2>\n<p>Si la broche fait des d\u00e9g\u00e2ts, demandez \u00e0 votre enfant de prendre un chiffon ou une serviette et de l&rsquo;essuyer lui-m\u00eame. S\u2019ils refusent, retenez ce qu\u2019ils veulent jusqu\u2019\u00e0 ce que la t\u00e2che soit termin\u00e9e. Si leur spray touche votre visage, apprenez-leur que les gens n&rsquo;aiment pas se faire cracher dessus en cr\u00e9ant une distance temporaire entre vous et eux (faites-le de mani\u00e8re neutre, pas avec col\u00e8re). \u00c9loignez-vous de leur orbite pendant quelques minutes en disant : \u00ab Je vais ici maintenant parce que je n&rsquo;aime pas qu&rsquo;on me crache dessus. \u00bb Retirez les jouets avec lesquels ils pourraient jouer, car \u00ab\u00a0nous ne crachons pas sur nos jouets\u00a0\u00bb. S&rsquo;il tombe sur leurs v\u00eatements, faites-leur remarquer que leur chemise est maintenant mouill\u00e9e ; une autre raison de ne pas cracher.<\/p>\n<h2 id=\"teach-them-what-to-say-or-do-instead\">Apprenez-leur quoi dire ou faire \u00e0 la place<\/h2>\n<p>Que voudriez-vous que votre enfant fasse la prochaine fois qu\u2019il sera tellement frustr\u00e9 (ou ennuy\u00e9, ou content) qu\u2019il pourrait cracher\u00a0? Apprenez-leur ces alternatives. Il peut s&rsquo;agir d&rsquo;un script verbal tel que\u00a0: <\/p>\n<ul>\n<li>\n<p>\u00ab\u00a0Dites simplement non merci, je ne veux pas de \u00e7a\u00a0\u00bb <\/p>\n<\/li>\n<li>\n<p>\u00ab\u00a0Vous pouvez dire : \u00ab\u00a0Je suis tellement en col\u00e8re en ce moment\u00a0!\u00a0\u00bb\u00a0\u00bb <\/p>\n<\/li>\n<li>\n<p>S&rsquo;ils persistent, d\u00e9finissez un endroit sp\u00e9cifique o\u00f9 ils peuvent le faire (cet endroit \u00e9tant \u00e0 l&rsquo;ext\u00e9rieur, o\u00f9 il fait, esp\u00e9rons-le, frais). Chaque fois qu\u2019ils testent la fronti\u00e8re, demandez-leur s\u2019ils veulent sortir et proposez-leur gentiment de les y accompagner. <\/p>\n<\/li>\n<\/ul>\n<p>Continuez \u00e0 d\u00e9finir des rappels coh\u00e9rents et neutres expliquant pourquoi cracher n\u2019est pas acceptable. Cette transformation ne se fera pas du jour au lendemain, mais soyez assur\u00e9 que toute le\u00e7on que vous transmettez \u00e0 plusieurs reprises y sera int\u00e9gr\u00e9e, et <em>volont\u00e9<\/em> payant \u00e0 long terme.<\/p>\n<p><\/p>\n","protected":false},"excerpt":{"rendered":"<p>Parce que personne n\u2019aime un spray agressif sur le visage. Avez-vous un enfant d&rsquo;\u00e2ge pr\u00e9scolaire ou un enfant en bas \u00e2ge\u00a0? Est-ce qu&rsquo;ils trottinent et<\/p>\n","protected":false},"author":1,"featured_media":3356,"comment_status":"","ping_status":"","sticky":false,"template":"","format":"standard","meta":{"footnotes":""},"categories":[37],"tags":[44,3991,1889,295,8],"class_list":["post-3355","post","type-post","status-publish","format-standard","has-post-thumbnail","hentry","category-famille","tag-comment","tag-cracher","tag-empecher","tag-enfant","tag-votre","generate-columns","tablet-grid-50","mobile-grid-100","grid-parent","grid-33"],"yoast_head":"<!-- This site is optimized with the Yoast SEO plugin v24.0 - https:\/\/yoast.com\/wordpress\/plugins\/seo\/ -->\n<title>Comment emp\u00eacher votre enfant de cracher | Vie Associative<\/title>\n<meta name=\"robots\" content=\"index, follow, max-snippet:-1, max-image-preview:large, max-video-preview:-1\" \/>\n<link rel=\"canonical\" href=\"https:\/\/vieassociative.be\/actualites\/comment-empecher-votre-enfant-de-cracher\/\" \/>\n<meta property=\"og:locale\" content=\"fr_FR\" \/>\n<meta property=\"og:type\" content=\"article\" \/>\n<meta property=\"og:title\" content=\"Comment emp\u00eacher votre enfant de cracher | Vie Associative\" \/>\n<meta property=\"og:description\" content=\"Parce que personne n\u2019aime un spray agressif sur le visage. Avez-vous un enfant d&rsquo;\u00e2ge pr\u00e9scolaire ou un enfant en bas \u00e2ge\u00a0? Est-ce qu&rsquo;ils trottinent et\" \/>\n<meta property=\"og:url\" content=\"https:\/\/vieassociative.be\/actualites\/comment-empecher-votre-enfant-de-cracher\/\" \/>\n<meta property=\"og:site_name\" content=\"Vie Associative\" \/>\n<meta property=\"article:published_time\" content=\"2024-12-13T17:18:15+00:00\" \/>\n<meta property=\"og:image\" content=\"https:\/\/vieassociative.be\/actualites\/wp-content\/uploads\/2024\/09\/header_backgroundk-01-e1726694325946.png\" \/>\n\t<meta property=\"og:image:width\" content=\"279\" \/>\n\t<meta property=\"og:image:height\" content=\"92\" \/>\n\t<meta property=\"og:image:type\" content=\"image\/png\" \/>\n<meta name=\"author\" content=\"Julien\" \/>\n<meta name=\"twitter:card\" content=\"summary_large_image\" \/>\n<meta name=\"twitter:label1\" content=\"\u00c9crit par\" \/>\n\t<meta name=\"twitter:data1\" content=\"Julien\" \/>\n\t<meta name=\"twitter:label2\" content=\"Dur\u00e9e de lecture est.\" \/>\n\t<meta name=\"twitter:data2\" content=\"4 minutes\" \/>\n<script type=\"application\/ld+json\" class=\"yoast-schema-graph\">{\"@context\":\"https:\/\/schema.org\",\"@graph\":[{\"@type\":\"Article\",\"@id\":\"https:\/\/vieassociative.be\/actualites\/comment-empecher-votre-enfant-de-cracher\/#article\",\"isPartOf\":{\"@id\":\"https:\/\/vieassociative.be\/actualites\/comment-empecher-votre-enfant-de-cracher\/\"},\"author\":{\"name\":\"Julien\",\"@id\":\"https:\/\/vieassociative.be\/actualites\/#\/schema\/person\/b87ac4f82f9d4e7b7cec7395b679edc4\"},\"headline\":\"Comment emp\u00eacher votre enfant de cracher\",\"datePublished\":\"2024-12-13T17:18:15+00:00\",\"dateModified\":\"2024-12-13T17:18:15+00:00\",\"mainEntityOfPage\":{\"@id\":\"https:\/\/vieassociative.be\/actualites\/comment-empecher-votre-enfant-de-cracher\/\"},\"wordCount\":928,\"publisher\":{\"@id\":\"https:\/\/vieassociative.be\/actualites\/#organization\"},\"image\":{\"@id\":\"https:\/\/vieassociative.be\/actualites\/comment-empecher-votre-enfant-de-cracher\/#primaryimage\"},\"thumbnailUrl\":\"https:\/\/vieassociative.be\/actualites\/wp-content\/uploads\/2024\/12\/Comment-empecher-votre-enfant-de-cracher.jpg\",\"keywords\":[\"Comment\",\"cracher\",\"emp\u00eacher\",\"enfant\",\"votre\"],\"articleSection\":[\"Famille\"],\"inLanguage\":\"fr-BE\"},{\"@type\":\"WebPage\",\"@id\":\"https:\/\/vieassociative.be\/actualites\/comment-empecher-votre-enfant-de-cracher\/\",\"url\":\"https:\/\/vieassociative.be\/actualites\/comment-empecher-votre-enfant-de-cracher\/\",\"name\":\"Comment emp\u00eacher votre enfant de cracher | Vie Associative\",\"isPartOf\":{\"@id\":\"https:\/\/vieassociative.be\/actualites\/#website\"},\"primaryImageOfPage\":{\"@id\":\"https:\/\/vieassociative.be\/actualites\/comment-empecher-votre-enfant-de-cracher\/#primaryimage\"},\"image\":{\"@id\":\"https:\/\/vieassociative.be\/actualites\/comment-empecher-votre-enfant-de-cracher\/#primaryimage\"},\"thumbnailUrl\":\"https:\/\/vieassociative.be\/actualites\/wp-content\/uploads\/2024\/12\/Comment-empecher-votre-enfant-de-cracher.jpg\",\"datePublished\":\"2024-12-13T17:18:15+00:00\",\"dateModified\":\"2024-12-13T17:18:15+00:00\",\"breadcrumb\":{\"@id\":\"https:\/\/vieassociative.be\/actualites\/comment-empecher-votre-enfant-de-cracher\/#breadcrumb\"},\"inLanguage\":\"fr-BE\",\"potentialAction\":[{\"@type\":\"ReadAction\",\"target\":[\"https:\/\/vieassociative.be\/actualites\/comment-empecher-votre-enfant-de-cracher\/\"]}]},{\"@type\":\"ImageObject\",\"inLanguage\":\"fr-BE\",\"@id\":\"https:\/\/vieassociative.be\/actualites\/comment-empecher-votre-enfant-de-cracher\/#primaryimage\",\"url\":\"https:\/\/vieassociative.be\/actualites\/wp-content\/uploads\/2024\/12\/Comment-empecher-votre-enfant-de-cracher.jpg\",\"contentUrl\":\"https:\/\/vieassociative.be\/actualites\/wp-content\/uploads\/2024\/12\/Comment-empecher-votre-enfant-de-cracher.jpg\",\"width\":1200,\"height\":675,\"caption\":\"Comment emp\u00eacher votre enfant de cracher\"},{\"@type\":\"BreadcrumbList\",\"@id\":\"https:\/\/vieassociative.be\/actualites\/comment-empecher-votre-enfant-de-cracher\/#breadcrumb\",\"itemListElement\":[{\"@type\":\"ListItem\",\"position\":1,\"name\":\"Accueil\",\"item\":\"https:\/\/vieassociative.be\/actualites\/\"},{\"@type\":\"ListItem\",\"position\":2,\"name\":\"Comment emp\u00eacher votre enfant de cracher\"}]},{\"@type\":\"WebSite\",\"@id\":\"https:\/\/vieassociative.be\/actualites\/#website\",\"url\":\"https:\/\/vieassociative.be\/actualites\/\",\"name\":\"Vie Associative\",\"description\":\"\",\"publisher\":{\"@id\":\"https:\/\/vieassociative.be\/actualites\/#organization\"},\"potentialAction\":[{\"@type\":\"SearchAction\",\"target\":{\"@type\":\"EntryPoint\",\"urlTemplate\":\"https:\/\/vieassociative.be\/actualites\/?s={search_term_string}\"},\"query-input\":{\"@type\":\"PropertyValueSpecification\",\"valueRequired\":true,\"valueName\":\"search_term_string\"}}],\"inLanguage\":\"fr-BE\"},{\"@type\":\"Organization\",\"@id\":\"https:\/\/vieassociative.be\/actualites\/#organization\",\"name\":\"Vie Associative\",\"url\":\"https:\/\/vieassociative.be\/actualites\/\",\"logo\":{\"@type\":\"ImageObject\",\"inLanguage\":\"fr-BE\",\"@id\":\"https:\/\/vieassociative.be\/actualites\/#\/schema\/logo\/image\/\",\"url\":\"https:\/\/vieassociative.be\/actualites\/wp-content\/uploads\/2024\/09\/cropped-vieassociative_favicon.ico.png\",\"contentUrl\":\"https:\/\/vieassociative.be\/actualites\/wp-content\/uploads\/2024\/09\/cropped-vieassociative_favicon.ico.png\",\"width\":512,\"height\":512,\"caption\":\"Vie Associative\"},\"image\":{\"@id\":\"https:\/\/vieassociative.be\/actualites\/#\/schema\/logo\/image\/\"}},{\"@type\":\"Person\",\"@id\":\"https:\/\/vieassociative.be\/actualites\/#\/schema\/person\/b87ac4f82f9d4e7b7cec7395b679edc4\",\"name\":\"Julien\",\"image\":{\"@type\":\"ImageObject\",\"inLanguage\":\"fr-BE\",\"@id\":\"https:\/\/vieassociative.be\/actualites\/#\/schema\/person\/image\/\",\"url\":\"https:\/\/vieassociative.be\/actualites\/wp-content\/uploads\/2024\/09\/vie-associative-1-150x150.jpg\",\"contentUrl\":\"https:\/\/vieassociative.be\/actualites\/wp-content\/uploads\/2024\/09\/vie-associative-1-150x150.jpg\",\"caption\":\"Julien\"},\"description\":\"Je suis Julien, r\u00e9dacteur pour Vie Associative. Passionn\u00e9 par le monde associatif depuis plus de 10 ans, j'ai \u00e0 c\u0153ur de partager des histoires inspirantes et de mettre en lumi\u00e8re les initiatives locales. Mon objectif est de sensibiliser et d'encourager l'engagement communautaire \u00e0 travers mes articles.\",\"sameAs\":[\"https:\/\/vieassociative.be\/\"]}]}<\/script>\n<!-- \/ Yoast SEO plugin. -->","yoast_head_json":{"title":"Comment emp\u00eacher votre enfant de cracher | Vie Associative","robots":{"index":"index","follow":"follow","max-snippet":"max-snippet:-1","max-image-preview":"max-image-preview:large","max-video-preview":"max-video-preview:-1"},"canonical":"https:\/\/vieassociative.be\/actualites\/comment-empecher-votre-enfant-de-cracher\/","og_locale":"fr_FR","og_type":"article","og_title":"Comment emp\u00eacher votre enfant de cracher | Vie Associative","og_description":"Parce que personne n\u2019aime un spray agressif sur le visage. Avez-vous un enfant d&rsquo;\u00e2ge pr\u00e9scolaire ou un enfant en bas \u00e2ge\u00a0? Est-ce qu&rsquo;ils trottinent et","og_url":"https:\/\/vieassociative.be\/actualites\/comment-empecher-votre-enfant-de-cracher\/","og_site_name":"Vie Associative","article_published_time":"2024-12-13T17:18:15+00:00","og_image":[{"width":279,"height":92,"url":"https:\/\/vieassociative.be\/actualites\/wp-content\/uploads\/2024\/09\/header_backgroundk-01-e1726694325946.png","type":"image\/png"}],"author":"Julien","twitter_card":"summary_large_image","twitter_misc":{"\u00c9crit par":"Julien","Dur\u00e9e de lecture est.":"4 minutes"},"schema":{"@context":"https:\/\/schema.org","@graph":[{"@type":"Article","@id":"https:\/\/vieassociative.be\/actualites\/comment-empecher-votre-enfant-de-cracher\/#article","isPartOf":{"@id":"https:\/\/vieassociative.be\/actualites\/comment-empecher-votre-enfant-de-cracher\/"},"author":{"name":"Julien","@id":"https:\/\/vieassociative.be\/actualites\/#\/schema\/person\/b87ac4f82f9d4e7b7cec7395b679edc4"},"headline":"Comment emp\u00eacher votre enfant de cracher","datePublished":"2024-12-13T17:18:15+00:00","dateModified":"2024-12-13T17:18:15+00:00","mainEntityOfPage":{"@id":"https:\/\/vieassociative.be\/actualites\/comment-empecher-votre-enfant-de-cracher\/"},"wordCount":928,"publisher":{"@id":"https:\/\/vieassociative.be\/actualites\/#organization"},"image":{"@id":"https:\/\/vieassociative.be\/actualites\/comment-empecher-votre-enfant-de-cracher\/#primaryimage"},"thumbnailUrl":"https:\/\/vieassociative.be\/actualites\/wp-content\/uploads\/2024\/12\/Comment-empecher-votre-enfant-de-cracher.jpg","keywords":["Comment","cracher","emp\u00eacher","enfant","votre"],"articleSection":["Famille"],"inLanguage":"fr-BE"},{"@type":"WebPage","@id":"https:\/\/vieassociative.be\/actualites\/comment-empecher-votre-enfant-de-cracher\/","url":"https:\/\/vieassociative.be\/actualites\/comment-empecher-votre-enfant-de-cracher\/","name":"Comment emp\u00eacher votre enfant de cracher | Vie Associative","isPartOf":{"@id":"https:\/\/vieassociative.be\/actualites\/#website"},"primaryImageOfPage":{"@id":"https:\/\/vieassociative.be\/actualites\/comment-empecher-votre-enfant-de-cracher\/#primaryimage"},"image":{"@id":"https:\/\/vieassociative.be\/actualites\/comment-empecher-votre-enfant-de-cracher\/#primaryimage"},"thumbnailUrl":"https:\/\/vieassociative.be\/actualites\/wp-content\/uploads\/2024\/12\/Comment-empecher-votre-enfant-de-cracher.jpg","datePublished":"2024-12-13T17:18:15+00:00","dateModified":"2024-12-13T17:18:15+00:00","breadcrumb":{"@id":"https:\/\/vieassociative.be\/actualites\/comment-empecher-votre-enfant-de-cracher\/#breadcrumb"},"inLanguage":"fr-BE","potentialAction":[{"@type":"ReadAction","target":["https:\/\/vieassociative.be\/actualites\/comment-empecher-votre-enfant-de-cracher\/"]}]},{"@type":"ImageObject","inLanguage":"fr-BE","@id":"https:\/\/vieassociative.be\/actualites\/comment-empecher-votre-enfant-de-cracher\/#primaryimage","url":"https:\/\/vieassociative.be\/actualites\/wp-content\/uploads\/2024\/12\/Comment-empecher-votre-enfant-de-cracher.jpg","contentUrl":"https:\/\/vieassociative.be\/actualites\/wp-content\/uploads\/2024\/12\/Comment-empecher-votre-enfant-de-cracher.jpg","width":1200,"height":675,"caption":"Comment emp\u00eacher votre enfant de cracher"},{"@type":"BreadcrumbList","@id":"https:\/\/vieassociative.be\/actualites\/comment-empecher-votre-enfant-de-cracher\/#breadcrumb","itemListElement":[{"@type":"ListItem","position":1,"name":"Accueil","item":"https:\/\/vieassociative.be\/actualites\/"},{"@type":"ListItem","position":2,"name":"Comment emp\u00eacher votre enfant de cracher"}]},{"@type":"WebSite","@id":"https:\/\/vieassociative.be\/actualites\/#website","url":"https:\/\/vieassociative.be\/actualites\/","name":"Vie Associative","description":"","publisher":{"@id":"https:\/\/vieassociative.be\/actualites\/#organization"},"potentialAction":[{"@type":"SearchAction","target":{"@type":"EntryPoint","urlTemplate":"https:\/\/vieassociative.be\/actualites\/?s={search_term_string}"},"query-input":{"@type":"PropertyValueSpecification","valueRequired":true,"valueName":"search_term_string"}}],"inLanguage":"fr-BE"},{"@type":"Organization","@id":"https:\/\/vieassociative.be\/actualites\/#organization","name":"Vie Associative","url":"https:\/\/vieassociative.be\/actualites\/","logo":{"@type":"ImageObject","inLanguage":"fr-BE","@id":"https:\/\/vieassociative.be\/actualites\/#\/schema\/logo\/image\/","url":"https:\/\/vieassociative.be\/actualites\/wp-content\/uploads\/2024\/09\/cropped-vieassociative_favicon.ico.png","contentUrl":"https:\/\/vieassociative.be\/actualites\/wp-content\/uploads\/2024\/09\/cropped-vieassociative_favicon.ico.png","width":512,"height":512,"caption":"Vie Associative"},"image":{"@id":"https:\/\/vieassociative.be\/actualites\/#\/schema\/logo\/image\/"}},{"@type":"Person","@id":"https:\/\/vieassociative.be\/actualites\/#\/schema\/person\/b87ac4f82f9d4e7b7cec7395b679edc4","name":"Julien","image":{"@type":"ImageObject","inLanguage":"fr-BE","@id":"https:\/\/vieassociative.be\/actualites\/#\/schema\/person\/image\/","url":"https:\/\/vieassociative.be\/actualites\/wp-content\/uploads\/2024\/09\/vie-associative-1-150x150.jpg","contentUrl":"https:\/\/vieassociative.be\/actualites\/wp-content\/uploads\/2024\/09\/vie-associative-1-150x150.jpg","caption":"Julien"},"description":"Je suis Julien, r\u00e9dacteur pour Vie Associative. Passionn\u00e9 par le monde associatif depuis plus de 10 ans, j'ai \u00e0 c\u0153ur de partager des histoires inspirantes et de mettre en lumi\u00e8re les initiatives locales. Mon objectif est de sensibiliser et d'encourager l'engagement communautaire \u00e0 travers mes articles.","sameAs":["https:\/\/vieassociative.be\/"]}]}},"_links":{"self":[{"href":"https:\/\/vieassociative.be\/actualites\/wp-json\/wp\/v2\/posts\/3355"}],"collection":[{"href":"https:\/\/vieassociative.be\/actualites\/wp-json\/wp\/v2\/posts"}],"about":[{"href":"https:\/\/vieassociative.be\/actualites\/wp-json\/wp\/v2\/types\/post"}],"author":[{"embeddable":true,"href":"https:\/\/vieassociative.be\/actualites\/wp-json\/wp\/v2\/users\/1"}],"replies":[{"embeddable":true,"href":"https:\/\/vieassociative.be\/actualites\/wp-json\/wp\/v2\/comments?post=3355"}],"version-history":[{"count":0,"href":"https:\/\/vieassociative.be\/actualites\/wp-json\/wp\/v2\/posts\/3355\/revisions"}],"wp:featuredmedia":[{"embeddable":true,"href":"https:\/\/vieassociative.be\/actualites\/wp-json\/wp\/v2\/media\/3356"}],"wp:attachment":[{"href":"https:\/\/vieassociative.be\/actualites\/wp-json\/wp\/v2\/media?parent=3355"}],"wp:term":[{"taxonomy":"category","embeddable":true,"href":"https:\/\/vieassociative.be\/actualites\/wp-json\/wp\/v2\/categories?post=3355"},{"taxonomy":"post_tag","embeddable":true,"href":"https:\/\/vieassociative.be\/actualites\/wp-json\/wp\/v2\/tags?post=3355"}],"curies":[{"name":"wp","href":"https:\/\/api.w.org\/{rel}","templated":true}]}}