{"id":3352,"date":"2024-12-13T15:17:43","date_gmt":"2024-12-13T14:17:43","guid":{"rendered":"https:\/\/vieassociative.be\/actualites\/macron-nomme-bayrou-premier-ministre-francais\/"},"modified":"2024-12-13T15:17:43","modified_gmt":"2024-12-13T14:17:43","slug":"macron-nomme-bayrou-premier-ministre-francais","status":"publish","type":"post","link":"https:\/\/vieassociative.be\/actualites\/macron-nomme-bayrou-premier-ministre-francais\/","title":{"rendered":"Macron nomme Bayrou Premier ministre fran\u00e7ais"},"content":{"rendered":"<p><strong>Apr\u00e8s la chute du gouvernement de centre-droit en France, le chef de l&rsquo;\u00c9tat Emmanuel Macron a nomm\u00e9 le politicien centriste Fran\u00e7ois Bayrou au poste de Premier ministre. C&rsquo;est ce qu&rsquo;a annonc\u00e9 l&rsquo;\u00c9lys\u00e9e.<\/strong>.<\/p>\n<p><span id=\"more-403960\"><\/span>Bayrou, dont le parti MoDem coop\u00e8re \u00e0 la renaissance de Macron, a longtemps \u00e9t\u00e9 consid\u00e9r\u00e9 comme un proche confident du pr\u00e9sident. Le maire de Pau, 73 ans, est appr\u00e9ci\u00e9 par les conservateurs. Les Verts et les Socialistes, en revanche, se sont prononc\u00e9s \u00e0 plusieurs reprises contre le confident de Macron, qui, selon eux, n&rsquo;apporterait pas un nouveau d\u00e9part, mais plut\u00f4t la poursuite des politiques pr\u00e9c\u00e9dentes.<\/p>\n<p>Il est donc incertain que Bayrou parvienne \u00e0 former une majorit\u00e9 capable de gouverner. Les socialistes se sont montr\u00e9s dispos\u00e9s \u00e0 tol\u00e9rer un gouvernement centriste. Cependant, il est extr\u00eamement douteux que le camp de gauche soutienne un Premier ministre explicitement rejet\u00e9.<\/p>\n<div id=\"attachment_403964\" class=\"wp-caption alignleft\" style=\"max-width: 300px\"><img fetchpriority=\"high\" decoding=\"async\" class=\"wp-image-403964 size-medium\" src=\"https:\/\/vieassociative.be\/actualites\/wp-content\/uploads\/2024\/12\/Macron-nomme-Bayrou-Premier-ministre-francais.jpg\" alt=\"\" width=\"300\" height=\"200\"><\/p>\n<p class=\"wp-caption-text\">21 juin 2022, France, Paris : Fran\u00e7ois Bayrou, chef du parti fran\u00e7ais de centre-droit \u00ab MoDem \u00bb et maire de Pau. Photo : Fran\u00e7ois Mori\/AP\/dpa<\/p>\n<\/div>\n<p>Jeudi dernier, Michel Barnier a pr\u00e9sent\u00e9 sa d\u00e9mission de son poste de Premier ministre. Les membres de l&rsquo;Assembl\u00e9e nationale l&rsquo;ont renvers\u00e9, lui et son cabinet, par un vote de censure.<\/p>\n<p>Macron, sous pression en raison de la chute du gouvernement, ose s\u2019enfuir avec la nomination. Face \u00e0 la crise politique, des appels \u00e0 sa d\u00e9mission ont \u00e9t\u00e9 lanc\u00e9s dans les rangs de l&rsquo;opposition. Les nationalistes de droite de Marine Le Pen visent \u00e9galement une \u00e9lection pr\u00e9sidentielle anticip\u00e9e.<\/p>\n<p>Macron est officiellement au pouvoir jusqu&rsquo;en 2027. Apr\u00e8s deux mandats, il ne peut plus se repr\u00e9senter. Les nationaux de droite, dont le candidat Le Pen a perdu deux fois face \u00e0 Macron, veulent suivre les lib\u00e9raux \u00e0 l&rsquo;Elys\u00e9e.<\/p>\n<p><strong>\u2013 Le gouvernement ne devrait plus d\u00e9pendre de Le Pen :<\/strong> On ne sait toujours pas exactement \u00e0 quoi ressemblera exactement le nouveau gouvernement. Ni le camp de gauche, ni les forces du centre de Macron, ni les nationalistes de droite et leurs alli\u00e9s ne disposent de leur propre majorit\u00e9 \u00e0 l\u2019Assembl\u00e9e nationale. On s\u2019attend \u00e0 ce que les conservateurs et une partie du camp de gauche aient promis \u00e0 Macron au moins une certaine tol\u00e9rance \u00e0 l\u2019\u00e9gard du nouveau Premier ministre. S\u2019il y avait de la tol\u00e9rance au lieu d\u2019une large coalition, le gouvernement ne disposerait pas de sa propre majorit\u00e9 et serait par cons\u00e9quent fragile.<\/p>\n<\/p>\n<div id=\"attachment_403965\" class=\"wp-caption alignleft\" style=\"max-width: 300px\"><img decoding=\"async\" class=\"wp-image-403965 size-medium\" src=\"https:\/\/vieassociative.be\/actualites\/wp-content\/uploads\/2024\/12\/1734099463_218_Macron-nomme-Bayrou-Premier-ministre-francais.jpg\" alt=\"\" width=\"300\" height=\"200\"><\/p>\n<p class=\"wp-caption-text\">21 juin 2022, France, Paris : le pr\u00e9sident fran\u00e7ais Emmanuel Macron (r) rencontre le chef du parti du centre fran\u00e7ais \u00ab MoDem (mouvement Democrate), Fran\u00e7ois Bayrou, \u00e0 l&rsquo;\u00c9lys\u00e9e. Photo : Ludovic Marin\/AFP POOL\/AP\/dpa<\/p>\n<\/div>\n<p>Outre un niveau minimum de stabilit\u00e9, l&rsquo;accord des partis vise avant tout \u00e0 garantir que le nouveau gouvernement ne d\u00e9pende pas des nationalistes de droite de Le Pen, comme le pr\u00e9c\u00e9dent gouvernement minoritaire de Barnier. Son cabinet de centre-droit n\u2019a m\u00eame pas dur\u00e9 trois mois jusqu\u2019\u00e0 ce que l\u2019opposition compos\u00e9e de forces de gauche et de nationalistes de droite le renverse gr\u00e2ce \u00e0 une alliance inhabituelle.<\/p>\n<p><strong>\u2013 Macron veut \u00e9viter une crise pire :<\/strong> Avec cette nomination rapide une semaine seulement apr\u00e8s la chute du gouvernement, Macron veut \u00e9galement \u00e9viter que la France ne s\u2019enfonce encore plus dans la crise politique et les difficult\u00e9s \u00e9conomiques. Le pays doit \u00e9pargner en raison de sa nouvelle dette excessive. Cependant, le gouvernement Barnier n&rsquo;a pas r\u00e9ussi \u00e0 respecter son budget d&rsquo;aust\u00e9rit\u00e9 pr\u00e9vu pour l&rsquo;ann\u00e9e \u00e0 venir.<\/p>\n<p>Cette mesure rapide devrait \u00e9galement \u00eatre un certain soulagement pour les partenaires internationaux de la France, car elle apporte l&rsquo;espoir qu&rsquo;il n&rsquo;y aura pas de menace de semaines de blocage dues aux n\u00e9gociations exploratoires et \u00e0 la r\u00e9organisation.<\/p>\n<p><strong>\u2013 R\u00e9ponse divis\u00e9e de l\u2019opposition au nouveau Premier ministre :<\/strong> En France, la nomination de l&rsquo;homme politique centriste Fran\u00e7ois Bayrou au poste de Premier ministre a rencontr\u00e9 une r\u00e9action mitig\u00e9e de la part de l&rsquo;opposition. Le coordinateur du Parti de gauche, Manuel Bompard, a imm\u00e9diatement annonc\u00e9 une motion de censure contre l&rsquo;homme de confiance du pr\u00e9sident Emmanuel Macron. Bayrou doit \u00eatre renvers\u00e9 pour que Macron puisse \u00e9galement tomber, a d\u00e9clar\u00e9 l\u2019homme politique de gauche.<\/p>\n<div id=\"attachment_403342\" class=\"wp-caption alignleft\" style=\"max-width: 300px\"><img decoding=\"async\" class=\"wp-image-403342 size-medium\" src=\"https:\/\/vieassociative.be\/actualites\/wp-content\/uploads\/2024\/12\/1733537845_759_Lopposition-renverse-le-gouvernement-par-un-vote-de-censure-\u2013.jpg\" alt=\"\" width=\"300\" height=\"200\"><\/p>\n<p class=\"wp-caption-text\">04.12.2024, France, Paris : Marine le Pen (M) du Rassemblement National pose avant une interview sur la cha\u00eene de t\u00e9l\u00e9vision fran\u00e7aise TF1 \u00e0 Boulogne-Billancourt, en dehors de Paris. Photo : St\u00e9phane de Sakutin\/POOL AFP\/AP\/dpa<\/p>\n<\/div>\n<p>La leader des Verts, Marine Tondelier, a menac\u00e9 sur BFMTV d&rsquo;une motion de censure si Macron voulait poursuivre la politique actuelle avec le nouveau Premier ministre et maintenir en poste des ministres importants.<\/p>\n<p>Le chef du Rassemblement national (RN), Jordan Bardella, a d\u00e9clar\u00e9 que son parti n&rsquo;envisageait pas initialement de motion de censure contre le nouveau Premier ministre de 73 ans. La pr\u00e9sidente du groupe parlementaire RN, Marine Le Pen, a appel\u00e9 Bayrou \u00e0 \u00e9couter l&rsquo;opposition et \u00e0 \u00e9laborer un budget raisonnable et r\u00e9fl\u00e9chi.<\/p>\n<p>M\u00eame si les socialistes ont d\u00e9clar\u00e9 qu&rsquo;ils ne participeraient pas au futur gouvernement, ils ont \u00e9voqu\u00e9 la perspective de renoncer \u00e0 une motion de censure si Bayrou ne se rendait pas d\u00e9pendant des nationalistes de droite et ne recherchait pas un consensus sur les questions budg\u00e9taires. Les conservateurs, quant \u00e0 eux, ont convoqu\u00e9 une r\u00e9union dans l&rsquo;apr\u00e8s-midi pour discuter de leur attitude \u00e0 l&rsquo;\u00e9gard du nouveau premier ministre. (dpa)<\/p>\n","protected":false},"excerpt":{"rendered":"<p>Apr\u00e8s la chute du gouvernement de centre-droit en France, le chef de l&rsquo;\u00c9tat Emmanuel Macron a nomm\u00e9 le politicien centriste Fran\u00e7ois Bayrou au poste de<\/p>\n","protected":false},"author":1,"featured_media":3353,"comment_status":"","ping_status":"","sticky":false,"template":"","format":"standard","meta":{"footnotes":""},"categories":[298],"tags":[3989,3990,3988,1245,3970,443],"class_list":["post-3352","post","type-post","status-publish","format-standard","has-post-thumbnail","hentry","category-belgique","tag-bayrou","tag-francais","tag-macron","tag-ministre","tag-nomme","tag-premier","generate-columns","tablet-grid-50","mobile-grid-100","grid-parent","grid-33"],"yoast_head":"<!-- This site is optimized with the Yoast SEO plugin v24.0 - https:\/\/yoast.com\/wordpress\/plugins\/seo\/ -->\n<title>Macron nomme Bayrou Premier ministre fran\u00e7ais | Vie Associative<\/title>\n<meta name=\"robots\" content=\"index, follow, max-snippet:-1, max-image-preview:large, max-video-preview:-1\" \/>\n<link rel=\"canonical\" href=\"https:\/\/vieassociative.be\/actualites\/macron-nomme-bayrou-premier-ministre-francais\/\" \/>\n<meta property=\"og:locale\" content=\"fr_FR\" \/>\n<meta property=\"og:type\" content=\"article\" \/>\n<meta property=\"og:title\" content=\"Macron nomme Bayrou Premier ministre fran\u00e7ais | Vie Associative\" \/>\n<meta property=\"og:description\" content=\"Apr\u00e8s la chute du gouvernement de centre-droit en France, le chef de l&rsquo;\u00c9tat Emmanuel Macron a nomm\u00e9 le politicien centriste Fran\u00e7ois Bayrou au poste de\" \/>\n<meta property=\"og:url\" content=\"https:\/\/vieassociative.be\/actualites\/macron-nomme-bayrou-premier-ministre-francais\/\" \/>\n<meta property=\"og:site_name\" content=\"Vie Associative\" \/>\n<meta property=\"article:published_time\" content=\"2024-12-13T14:17:43+00:00\" \/>\n<meta property=\"og:image\" content=\"https:\/\/vieassociative.be\/actualites\/wp-content\/uploads\/2024\/09\/header_backgroundk-01-e1726694325946.png\" \/>\n\t<meta property=\"og:image:width\" content=\"279\" \/>\n\t<meta property=\"og:image:height\" content=\"92\" \/>\n\t<meta property=\"og:image:type\" content=\"image\/png\" \/>\n<meta name=\"author\" content=\"Julien\" \/>\n<meta name=\"twitter:card\" content=\"summary_large_image\" \/>\n<meta name=\"twitter:label1\" content=\"\u00c9crit par\" \/>\n\t<meta name=\"twitter:data1\" content=\"Julien\" \/>\n\t<meta name=\"twitter:label2\" content=\"Dur\u00e9e de lecture est.\" \/>\n\t<meta name=\"twitter:data2\" content=\"5 minutes\" \/>\n<script type=\"application\/ld+json\" class=\"yoast-schema-graph\">{\"@context\":\"https:\/\/schema.org\",\"@graph\":[{\"@type\":\"Article\",\"@id\":\"https:\/\/vieassociative.be\/actualites\/macron-nomme-bayrou-premier-ministre-francais\/#article\",\"isPartOf\":{\"@id\":\"https:\/\/vieassociative.be\/actualites\/macron-nomme-bayrou-premier-ministre-francais\/\"},\"author\":{\"name\":\"Julien\",\"@id\":\"https:\/\/vieassociative.be\/actualites\/#\/schema\/person\/b87ac4f82f9d4e7b7cec7395b679edc4\"},\"headline\":\"Macron nomme Bayrou Premier ministre fran\u00e7ais\",\"datePublished\":\"2024-12-13T14:17:43+00:00\",\"dateModified\":\"2024-12-13T14:17:43+00:00\",\"mainEntityOfPage\":{\"@id\":\"https:\/\/vieassociative.be\/actualites\/macron-nomme-bayrou-premier-ministre-francais\/\"},\"wordCount\":933,\"publisher\":{\"@id\":\"https:\/\/vieassociative.be\/actualites\/#organization\"},\"image\":{\"@id\":\"https:\/\/vieassociative.be\/actualites\/macron-nomme-bayrou-premier-ministre-francais\/#primaryimage\"},\"thumbnailUrl\":\"https:\/\/vieassociative.be\/actualites\/wp-content\/uploads\/2024\/12\/1734099463_Macron-nomme-Bayrou-Premier-ministre-francais.jpg\",\"keywords\":[\"Bayrou\",\"fran\u00e7ais\",\"Macron\",\"ministre\",\"nomme\",\"premier\"],\"articleSection\":[\"Belgique\"],\"inLanguage\":\"fr-BE\"},{\"@type\":\"WebPage\",\"@id\":\"https:\/\/vieassociative.be\/actualites\/macron-nomme-bayrou-premier-ministre-francais\/\",\"url\":\"https:\/\/vieassociative.be\/actualites\/macron-nomme-bayrou-premier-ministre-francais\/\",\"name\":\"Macron nomme Bayrou Premier ministre fran\u00e7ais | Vie Associative\",\"isPartOf\":{\"@id\":\"https:\/\/vieassociative.be\/actualites\/#website\"},\"primaryImageOfPage\":{\"@id\":\"https:\/\/vieassociative.be\/actualites\/macron-nomme-bayrou-premier-ministre-francais\/#primaryimage\"},\"image\":{\"@id\":\"https:\/\/vieassociative.be\/actualites\/macron-nomme-bayrou-premier-ministre-francais\/#primaryimage\"},\"thumbnailUrl\":\"https:\/\/vieassociative.be\/actualites\/wp-content\/uploads\/2024\/12\/1734099463_Macron-nomme-Bayrou-Premier-ministre-francais.jpg\",\"datePublished\":\"2024-12-13T14:17:43+00:00\",\"dateModified\":\"2024-12-13T14:17:43+00:00\",\"breadcrumb\":{\"@id\":\"https:\/\/vieassociative.be\/actualites\/macron-nomme-bayrou-premier-ministre-francais\/#breadcrumb\"},\"inLanguage\":\"fr-BE\",\"potentialAction\":[{\"@type\":\"ReadAction\",\"target\":[\"https:\/\/vieassociative.be\/actualites\/macron-nomme-bayrou-premier-ministre-francais\/\"]}]},{\"@type\":\"ImageObject\",\"inLanguage\":\"fr-BE\",\"@id\":\"https:\/\/vieassociative.be\/actualites\/macron-nomme-bayrou-premier-ministre-francais\/#primaryimage\",\"url\":\"https:\/\/vieassociative.be\/actualites\/wp-content\/uploads\/2024\/12\/1734099463_Macron-nomme-Bayrou-Premier-ministre-francais.jpg\",\"contentUrl\":\"https:\/\/vieassociative.be\/actualites\/wp-content\/uploads\/2024\/12\/1734099463_Macron-nomme-Bayrou-Premier-ministre-francais.jpg\",\"width\":1200,\"height\":800,\"caption\":\"Macron nomme Bayrou Premier ministre fran\u00e7ais\"},{\"@type\":\"BreadcrumbList\",\"@id\":\"https:\/\/vieassociative.be\/actualites\/macron-nomme-bayrou-premier-ministre-francais\/#breadcrumb\",\"itemListElement\":[{\"@type\":\"ListItem\",\"position\":1,\"name\":\"Accueil\",\"item\":\"https:\/\/vieassociative.be\/actualites\/\"},{\"@type\":\"ListItem\",\"position\":2,\"name\":\"Macron nomme Bayrou Premier ministre fran\u00e7ais\"}]},{\"@type\":\"WebSite\",\"@id\":\"https:\/\/vieassociative.be\/actualites\/#website\",\"url\":\"https:\/\/vieassociative.be\/actualites\/\",\"name\":\"Vie Associative\",\"description\":\"\",\"publisher\":{\"@id\":\"https:\/\/vieassociative.be\/actualites\/#organization\"},\"potentialAction\":[{\"@type\":\"SearchAction\",\"target\":{\"@type\":\"EntryPoint\",\"urlTemplate\":\"https:\/\/vieassociative.be\/actualites\/?s={search_term_string}\"},\"query-input\":{\"@type\":\"PropertyValueSpecification\",\"valueRequired\":true,\"valueName\":\"search_term_string\"}}],\"inLanguage\":\"fr-BE\"},{\"@type\":\"Organization\",\"@id\":\"https:\/\/vieassociative.be\/actualites\/#organization\",\"name\":\"Vie Associative\",\"url\":\"https:\/\/vieassociative.be\/actualites\/\",\"logo\":{\"@type\":\"ImageObject\",\"inLanguage\":\"fr-BE\",\"@id\":\"https:\/\/vieassociative.be\/actualites\/#\/schema\/logo\/image\/\",\"url\":\"https:\/\/vieassociative.be\/actualites\/wp-content\/uploads\/2024\/09\/cropped-vieassociative_favicon.ico.png\",\"contentUrl\":\"https:\/\/vieassociative.be\/actualites\/wp-content\/uploads\/2024\/09\/cropped-vieassociative_favicon.ico.png\",\"width\":512,\"height\":512,\"caption\":\"Vie Associative\"},\"image\":{\"@id\":\"https:\/\/vieassociative.be\/actualites\/#\/schema\/logo\/image\/\"}},{\"@type\":\"Person\",\"@id\":\"https:\/\/vieassociative.be\/actualites\/#\/schema\/person\/b87ac4f82f9d4e7b7cec7395b679edc4\",\"name\":\"Julien\",\"image\":{\"@type\":\"ImageObject\",\"inLanguage\":\"fr-BE\",\"@id\":\"https:\/\/vieassociative.be\/actualites\/#\/schema\/person\/image\/\",\"url\":\"https:\/\/vieassociative.be\/actualites\/wp-content\/uploads\/2024\/09\/vie-associative-1-150x150.jpg\",\"contentUrl\":\"https:\/\/vieassociative.be\/actualites\/wp-content\/uploads\/2024\/09\/vie-associative-1-150x150.jpg\",\"caption\":\"Julien\"},\"description\":\"Je suis Julien, r\u00e9dacteur pour Vie Associative. Passionn\u00e9 par le monde associatif depuis plus de 10 ans, j'ai \u00e0 c\u0153ur de partager des histoires inspirantes et de mettre en lumi\u00e8re les initiatives locales. Mon objectif est de sensibiliser et d'encourager l'engagement communautaire \u00e0 travers mes articles.\",\"sameAs\":[\"https:\/\/vieassociative.be\/\"]}]}<\/script>\n<!-- \/ Yoast SEO plugin. -->","yoast_head_json":{"title":"Macron nomme Bayrou Premier ministre fran\u00e7ais | Vie Associative","robots":{"index":"index","follow":"follow","max-snippet":"max-snippet:-1","max-image-preview":"max-image-preview:large","max-video-preview":"max-video-preview:-1"},"canonical":"https:\/\/vieassociative.be\/actualites\/macron-nomme-bayrou-premier-ministre-francais\/","og_locale":"fr_FR","og_type":"article","og_title":"Macron nomme Bayrou Premier ministre fran\u00e7ais | Vie Associative","og_description":"Apr\u00e8s la chute du gouvernement de centre-droit en France, le chef de l&rsquo;\u00c9tat Emmanuel Macron a nomm\u00e9 le politicien centriste Fran\u00e7ois Bayrou au poste de","og_url":"https:\/\/vieassociative.be\/actualites\/macron-nomme-bayrou-premier-ministre-francais\/","og_site_name":"Vie Associative","article_published_time":"2024-12-13T14:17:43+00:00","og_image":[{"width":279,"height":92,"url":"https:\/\/vieassociative.be\/actualites\/wp-content\/uploads\/2024\/09\/header_backgroundk-01-e1726694325946.png","type":"image\/png"}],"author":"Julien","twitter_card":"summary_large_image","twitter_misc":{"\u00c9crit par":"Julien","Dur\u00e9e de lecture est.":"5 minutes"},"schema":{"@context":"https:\/\/schema.org","@graph":[{"@type":"Article","@id":"https:\/\/vieassociative.be\/actualites\/macron-nomme-bayrou-premier-ministre-francais\/#article","isPartOf":{"@id":"https:\/\/vieassociative.be\/actualites\/macron-nomme-bayrou-premier-ministre-francais\/"},"author":{"name":"Julien","@id":"https:\/\/vieassociative.be\/actualites\/#\/schema\/person\/b87ac4f82f9d4e7b7cec7395b679edc4"},"headline":"Macron nomme Bayrou Premier ministre fran\u00e7ais","datePublished":"2024-12-13T14:17:43+00:00","dateModified":"2024-12-13T14:17:43+00:00","mainEntityOfPage":{"@id":"https:\/\/vieassociative.be\/actualites\/macron-nomme-bayrou-premier-ministre-francais\/"},"wordCount":933,"publisher":{"@id":"https:\/\/vieassociative.be\/actualites\/#organization"},"image":{"@id":"https:\/\/vieassociative.be\/actualites\/macron-nomme-bayrou-premier-ministre-francais\/#primaryimage"},"thumbnailUrl":"https:\/\/vieassociative.be\/actualites\/wp-content\/uploads\/2024\/12\/1734099463_Macron-nomme-Bayrou-Premier-ministre-francais.jpg","keywords":["Bayrou","fran\u00e7ais","Macron","ministre","nomme","premier"],"articleSection":["Belgique"],"inLanguage":"fr-BE"},{"@type":"WebPage","@id":"https:\/\/vieassociative.be\/actualites\/macron-nomme-bayrou-premier-ministre-francais\/","url":"https:\/\/vieassociative.be\/actualites\/macron-nomme-bayrou-premier-ministre-francais\/","name":"Macron nomme Bayrou Premier ministre fran\u00e7ais | Vie Associative","isPartOf":{"@id":"https:\/\/vieassociative.be\/actualites\/#website"},"primaryImageOfPage":{"@id":"https:\/\/vieassociative.be\/actualites\/macron-nomme-bayrou-premier-ministre-francais\/#primaryimage"},"image":{"@id":"https:\/\/vieassociative.be\/actualites\/macron-nomme-bayrou-premier-ministre-francais\/#primaryimage"},"thumbnailUrl":"https:\/\/vieassociative.be\/actualites\/wp-content\/uploads\/2024\/12\/1734099463_Macron-nomme-Bayrou-Premier-ministre-francais.jpg","datePublished":"2024-12-13T14:17:43+00:00","dateModified":"2024-12-13T14:17:43+00:00","breadcrumb":{"@id":"https:\/\/vieassociative.be\/actualites\/macron-nomme-bayrou-premier-ministre-francais\/#breadcrumb"},"inLanguage":"fr-BE","potentialAction":[{"@type":"ReadAction","target":["https:\/\/vieassociative.be\/actualites\/macron-nomme-bayrou-premier-ministre-francais\/"]}]},{"@type":"ImageObject","inLanguage":"fr-BE","@id":"https:\/\/vieassociative.be\/actualites\/macron-nomme-bayrou-premier-ministre-francais\/#primaryimage","url":"https:\/\/vieassociative.be\/actualites\/wp-content\/uploads\/2024\/12\/1734099463_Macron-nomme-Bayrou-Premier-ministre-francais.jpg","contentUrl":"https:\/\/vieassociative.be\/actualites\/wp-content\/uploads\/2024\/12\/1734099463_Macron-nomme-Bayrou-Premier-ministre-francais.jpg","width":1200,"height":800,"caption":"Macron nomme Bayrou Premier ministre fran\u00e7ais"},{"@type":"BreadcrumbList","@id":"https:\/\/vieassociative.be\/actualites\/macron-nomme-bayrou-premier-ministre-francais\/#breadcrumb","itemListElement":[{"@type":"ListItem","position":1,"name":"Accueil","item":"https:\/\/vieassociative.be\/actualites\/"},{"@type":"ListItem","position":2,"name":"Macron nomme Bayrou Premier ministre fran\u00e7ais"}]},{"@type":"WebSite","@id":"https:\/\/vieassociative.be\/actualites\/#website","url":"https:\/\/vieassociative.be\/actualites\/","name":"Vie Associative","description":"","publisher":{"@id":"https:\/\/vieassociative.be\/actualites\/#organization"},"potentialAction":[{"@type":"SearchAction","target":{"@type":"EntryPoint","urlTemplate":"https:\/\/vieassociative.be\/actualites\/?s={search_term_string}"},"query-input":{"@type":"PropertyValueSpecification","valueRequired":true,"valueName":"search_term_string"}}],"inLanguage":"fr-BE"},{"@type":"Organization","@id":"https:\/\/vieassociative.be\/actualites\/#organization","name":"Vie Associative","url":"https:\/\/vieassociative.be\/actualites\/","logo":{"@type":"ImageObject","inLanguage":"fr-BE","@id":"https:\/\/vieassociative.be\/actualites\/#\/schema\/logo\/image\/","url":"https:\/\/vieassociative.be\/actualites\/wp-content\/uploads\/2024\/09\/cropped-vieassociative_favicon.ico.png","contentUrl":"https:\/\/vieassociative.be\/actualites\/wp-content\/uploads\/2024\/09\/cropped-vieassociative_favicon.ico.png","width":512,"height":512,"caption":"Vie Associative"},"image":{"@id":"https:\/\/vieassociative.be\/actualites\/#\/schema\/logo\/image\/"}},{"@type":"Person","@id":"https:\/\/vieassociative.be\/actualites\/#\/schema\/person\/b87ac4f82f9d4e7b7cec7395b679edc4","name":"Julien","image":{"@type":"ImageObject","inLanguage":"fr-BE","@id":"https:\/\/vieassociative.be\/actualites\/#\/schema\/person\/image\/","url":"https:\/\/vieassociative.be\/actualites\/wp-content\/uploads\/2024\/09\/vie-associative-1-150x150.jpg","contentUrl":"https:\/\/vieassociative.be\/actualites\/wp-content\/uploads\/2024\/09\/vie-associative-1-150x150.jpg","caption":"Julien"},"description":"Je suis Julien, r\u00e9dacteur pour Vie Associative. Passionn\u00e9 par le monde associatif depuis plus de 10 ans, j'ai \u00e0 c\u0153ur de partager des histoires inspirantes et de mettre en lumi\u00e8re les initiatives locales. Mon objectif est de sensibiliser et d'encourager l'engagement communautaire \u00e0 travers mes articles.","sameAs":["https:\/\/vieassociative.be\/"]}]}},"_links":{"self":[{"href":"https:\/\/vieassociative.be\/actualites\/wp-json\/wp\/v2\/posts\/3352"}],"collection":[{"href":"https:\/\/vieassociative.be\/actualites\/wp-json\/wp\/v2\/posts"}],"about":[{"href":"https:\/\/vieassociative.be\/actualites\/wp-json\/wp\/v2\/types\/post"}],"author":[{"embeddable":true,"href":"https:\/\/vieassociative.be\/actualites\/wp-json\/wp\/v2\/users\/1"}],"replies":[{"embeddable":true,"href":"https:\/\/vieassociative.be\/actualites\/wp-json\/wp\/v2\/comments?post=3352"}],"version-history":[{"count":0,"href":"https:\/\/vieassociative.be\/actualites\/wp-json\/wp\/v2\/posts\/3352\/revisions"}],"wp:featuredmedia":[{"embeddable":true,"href":"https:\/\/vieassociative.be\/actualites\/wp-json\/wp\/v2\/media\/3353"}],"wp:attachment":[{"href":"https:\/\/vieassociative.be\/actualites\/wp-json\/wp\/v2\/media?parent=3352"}],"wp:term":[{"taxonomy":"category","embeddable":true,"href":"https:\/\/vieassociative.be\/actualites\/wp-json\/wp\/v2\/categories?post=3352"},{"taxonomy":"post_tag","embeddable":true,"href":"https:\/\/vieassociative.be\/actualites\/wp-json\/wp\/v2\/tags?post=3352"}],"curies":[{"name":"wp","href":"https:\/\/api.w.org\/{rel}","templated":true}]}}