{"id":3350,"date":"2024-12-13T14:18:08","date_gmt":"2024-12-13T13:18:08","guid":{"rendered":"https:\/\/vieassociative.be\/actualites\/ciri-joue-le-role-principal-dans-the-witcher-4\/"},"modified":"2024-12-13T14:18:08","modified_gmt":"2024-12-13T13:18:08","slug":"ciri-joue-le-role-principal-dans-the-witcher-4","status":"publish","type":"post","link":"https:\/\/vieassociative.be\/actualites\/ciri-joue-le-role-principal-dans-the-witcher-4\/","title":{"rendered":"Ciri joue le r\u00f4le principal dans \u00ab\u00a0The Witcher 4\u00a0\u00bb"},"content":{"rendered":"<div class=\"mt-4 leading-6 md:mb-8\">CD Projekt Red revient \u00e0 la fantasy.<\/div>\n<p><\/p>\n<p>Suite \u00e0 son RPG de science-fiction n\u00e9o-noir <em>Cyberpunk 2077<\/em>CD Projekt RED revient aux sources avec <em>Le sorceleur IV<\/em>son premier jeu principal complet dans la s\u00e9rie fantastique inspir\u00e9e des contes de f\u00e9es sinistres depuis 2015.<\/p>\n<p>La r\u00e9v\u00e9lation de la suite a marqu\u00e9 le d\u00e9but de la 10e \u00e9dition des Game Awards, la combinaison festival de bandes-annonces et c\u00e9r\u00e9monie de remise de prix (plus du premier, pour \u00eatre honn\u00eate) qui a servi en quelque sorte de successeur spirituel \u00e0 l&rsquo;E3 depuis la mort sans c\u00e9r\u00e9monie de l&rsquo;exposition pendant la pand\u00e9mie. .<\/p>\n<blockquote class=\"twitterEmbed twitter-tweet\"><p>\n    <a rel=\"nofollow noopener\" class=\"text-gray-600\" href=\"https:\/\/twitter.com\/witchergame\/status\/1867378076318925045\" title=\"open in a new window\" target=\"_blank\"><\/p>\n<p>        Ce Tweet est actuellement indisponible. Il est peut-\u00eatre en cours de chargement ou a \u00e9t\u00e9 supprim\u00e9.<br \/>\n    <\/a>\n<\/p><\/blockquote>\n<p>Comme <em>Le sorceleur 3<\/em>, <em>Le sorceleur 4<\/em> est un RPG solo, mais contrairement \u00e0 ses pr\u00e9d\u00e9cesseurs, Geralt ne sera pas notre principal chasseur de monstres cette fois-ci. Au lieu de cela, son apprentie et fille adoptive Ciri prendra les r\u00eanes en tant que protagoniste.<\/p>\n<p>M\u00eame si la bande-annonce de ce soir ne montre pas le gameplay, <em>IGN<\/em>qui rel\u00e8ve de la m\u00eame soci\u00e9t\u00e9 m\u00e8re que <em>Pirate de la vie<\/em>propose des interviews exclusives plus approfondies sur ce que les joueurs peuvent attendre du jeu dans son ensemble ainsi que de son histoire.<\/p>\n<p><em>Le sorceleur 3<\/em> a \u00e9t\u00e9 salu\u00e9 lors de sa sortie en 2015, d\u00e9tenant actuellement un score de 92 sur Metacritic. En particulier, les critiques ont salu\u00e9 l&rsquo;approche du jeu en mati\u00e8re de narration, de qu\u00eates secondaires et de conception en monde ouvert.<\/p>\n<p>D&rsquo;apr\u00e8s la courte s\u00e9quence montr\u00e9e jusqu&rsquo;\u00e0 pr\u00e9sent, tous ces piliers semblent intacts, avec la bande-annonce de ce soir montrant Ciri acceptant un emploi dans un village rural et faisant face \u00e0 des cons\u00e9quences inattendues pour avoir sauv\u00e9 un \u00ab\u00a0\u00e9lu\u00a0\u00bb d&rsquo;une attaque de monstre.<\/p>\n<p>En dehors du jeu lui-m\u00eame, les passionn\u00e9s de technologie ont \u00e9galement un peu \u00e0 attendre, car la bande-annonce contenait \u00e9galement une petite note indiquant que ses cin\u00e9matiques \u00e9taient \u00ab\u00a0pr\u00e9-rendues dans Unreal Engine 5 sur un GPU Nvidia GeForce RTX inopin\u00e9\u00a0\u00bb. Bien que la fen\u00eatre de sortie du jeu soit encore en suspens, la note confirme que les d\u00e9veloppeurs ont d\u00e9j\u00e0 mis la main sur la s\u00e9rie attendue de GPU RTX 5000, indiquant que les joueurs sur PC pourraient voir des d\u00e9tails concrets sur leur lancement d\u00e8s le CES du mois prochain.<\/p>\n<p><script async src=\"https:\/\/platform.twitter.com\/widgets.js\" charset=\"utf-8\"><\/script><\/p>\n","protected":false},"excerpt":{"rendered":"<p>CD Projekt Red revient \u00e0 la fantasy. Suite \u00e0 son RPG de science-fiction n\u00e9o-noir Cyberpunk 2077CD Projekt RED revient aux sources avec Le sorceleur IVson<\/p>\n","protected":false},"author":1,"featured_media":3351,"comment_status":"","ping_status":"","sticky":false,"template":"","format":"standard","meta":{"footnotes":""},"categories":[36],"tags":[3984,166,3985,3986,1016,3987],"class_list":["post-3350","post","type-post","status-publish","format-standard","has-post-thumbnail","hentry","category-divertissement","tag-ciri","tag-dans","tag-joue","tag-principal","tag-role","tag-witcher","generate-columns","tablet-grid-50","mobile-grid-100","grid-parent","grid-33"],"yoast_head":"<!-- This site is optimized with the Yoast SEO plugin v24.0 - https:\/\/yoast.com\/wordpress\/plugins\/seo\/ -->\n<title>Ciri joue le r\u00f4le principal dans &quot;The Witcher 4&quot; | Vie Associative<\/title>\n<meta name=\"robots\" content=\"index, follow, max-snippet:-1, max-image-preview:large, max-video-preview:-1\" \/>\n<link rel=\"canonical\" href=\"https:\/\/vieassociative.be\/actualites\/ciri-joue-le-role-principal-dans-the-witcher-4\/\" \/>\n<meta property=\"og:locale\" content=\"fr_FR\" \/>\n<meta property=\"og:type\" content=\"article\" \/>\n<meta property=\"og:title\" content=\"Ciri joue le r\u00f4le principal dans &quot;The Witcher 4&quot; | Vie Associative\" \/>\n<meta property=\"og:description\" content=\"CD Projekt Red revient \u00e0 la fantasy. Suite \u00e0 son RPG de science-fiction n\u00e9o-noir Cyberpunk 2077CD Projekt RED revient aux sources avec Le sorceleur IVson\" \/>\n<meta property=\"og:url\" content=\"https:\/\/vieassociative.be\/actualites\/ciri-joue-le-role-principal-dans-the-witcher-4\/\" \/>\n<meta property=\"og:site_name\" content=\"Vie Associative\" \/>\n<meta property=\"article:published_time\" content=\"2024-12-13T13:18:08+00:00\" \/>\n<meta property=\"og:image\" content=\"https:\/\/vieassociative.be\/actualites\/wp-content\/uploads\/2024\/09\/header_backgroundk-01-e1726694325946.png\" \/>\n\t<meta property=\"og:image:width\" content=\"279\" \/>\n\t<meta property=\"og:image:height\" content=\"92\" \/>\n\t<meta property=\"og:image:type\" content=\"image\/png\" \/>\n<meta name=\"author\" content=\"Julien\" \/>\n<meta name=\"twitter:card\" content=\"summary_large_image\" \/>\n<meta name=\"twitter:label1\" content=\"\u00c9crit par\" \/>\n\t<meta name=\"twitter:data1\" content=\"Julien\" \/>\n\t<meta name=\"twitter:label2\" content=\"Dur\u00e9e de lecture est.\" \/>\n\t<meta name=\"twitter:data2\" content=\"2 minutes\" \/>\n<script type=\"application\/ld+json\" class=\"yoast-schema-graph\">{\"@context\":\"https:\/\/schema.org\",\"@graph\":[{\"@type\":\"Article\",\"@id\":\"https:\/\/vieassociative.be\/actualites\/ciri-joue-le-role-principal-dans-the-witcher-4\/#article\",\"isPartOf\":{\"@id\":\"https:\/\/vieassociative.be\/actualites\/ciri-joue-le-role-principal-dans-the-witcher-4\/\"},\"author\":{\"name\":\"Julien\",\"@id\":\"https:\/\/vieassociative.be\/actualites\/#\/schema\/person\/b87ac4f82f9d4e7b7cec7395b679edc4\"},\"headline\":\"Ciri joue le r\u00f4le principal dans \u00ab\u00a0The Witcher 4\u00a0\u00bb\",\"datePublished\":\"2024-12-13T13:18:08+00:00\",\"dateModified\":\"2024-12-13T13:18:08+00:00\",\"mainEntityOfPage\":{\"@id\":\"https:\/\/vieassociative.be\/actualites\/ciri-joue-le-role-principal-dans-the-witcher-4\/\"},\"wordCount\":417,\"publisher\":{\"@id\":\"https:\/\/vieassociative.be\/actualites\/#organization\"},\"image\":{\"@id\":\"https:\/\/vieassociative.be\/actualites\/ciri-joue-le-role-principal-dans-the-witcher-4\/#primaryimage\"},\"thumbnailUrl\":\"https:\/\/vieassociative.be\/actualites\/wp-content\/uploads\/2024\/12\/Ciri-joue-le-role-principal-dans-The-Witcher-4.png\",\"keywords\":[\"Ciri\",\"dans\",\"joue\",\"principal\",\"r\u00f4le\",\"Witcher\"],\"articleSection\":[\"Divertissement\"],\"inLanguage\":\"fr-BE\"},{\"@type\":\"WebPage\",\"@id\":\"https:\/\/vieassociative.be\/actualites\/ciri-joue-le-role-principal-dans-the-witcher-4\/\",\"url\":\"https:\/\/vieassociative.be\/actualites\/ciri-joue-le-role-principal-dans-the-witcher-4\/\",\"name\":\"Ciri joue le r\u00f4le principal dans \\\"The Witcher 4\\\" | Vie Associative\",\"isPartOf\":{\"@id\":\"https:\/\/vieassociative.be\/actualites\/#website\"},\"primaryImageOfPage\":{\"@id\":\"https:\/\/vieassociative.be\/actualites\/ciri-joue-le-role-principal-dans-the-witcher-4\/#primaryimage\"},\"image\":{\"@id\":\"https:\/\/vieassociative.be\/actualites\/ciri-joue-le-role-principal-dans-the-witcher-4\/#primaryimage\"},\"thumbnailUrl\":\"https:\/\/vieassociative.be\/actualites\/wp-content\/uploads\/2024\/12\/Ciri-joue-le-role-principal-dans-The-Witcher-4.png\",\"datePublished\":\"2024-12-13T13:18:08+00:00\",\"dateModified\":\"2024-12-13T13:18:08+00:00\",\"breadcrumb\":{\"@id\":\"https:\/\/vieassociative.be\/actualites\/ciri-joue-le-role-principal-dans-the-witcher-4\/#breadcrumb\"},\"inLanguage\":\"fr-BE\",\"potentialAction\":[{\"@type\":\"ReadAction\",\"target\":[\"https:\/\/vieassociative.be\/actualites\/ciri-joue-le-role-principal-dans-the-witcher-4\/\"]}]},{\"@type\":\"ImageObject\",\"inLanguage\":\"fr-BE\",\"@id\":\"https:\/\/vieassociative.be\/actualites\/ciri-joue-le-role-principal-dans-the-witcher-4\/#primaryimage\",\"url\":\"https:\/\/vieassociative.be\/actualites\/wp-content\/uploads\/2024\/12\/Ciri-joue-le-role-principal-dans-The-Witcher-4.png\",\"contentUrl\":\"https:\/\/vieassociative.be\/actualites\/wp-content\/uploads\/2024\/12\/Ciri-joue-le-role-principal-dans-The-Witcher-4.png\",\"width\":1200,\"height\":675,\"caption\":\"Ciri joue le r\u00f4le principal dans \\\"The Witcher 4\\\"\"},{\"@type\":\"BreadcrumbList\",\"@id\":\"https:\/\/vieassociative.be\/actualites\/ciri-joue-le-role-principal-dans-the-witcher-4\/#breadcrumb\",\"itemListElement\":[{\"@type\":\"ListItem\",\"position\":1,\"name\":\"Accueil\",\"item\":\"https:\/\/vieassociative.be\/actualites\/\"},{\"@type\":\"ListItem\",\"position\":2,\"name\":\"Ciri joue le r\u00f4le principal dans \u00ab\u00a0The Witcher 4\u00a0\u00bb\"}]},{\"@type\":\"WebSite\",\"@id\":\"https:\/\/vieassociative.be\/actualites\/#website\",\"url\":\"https:\/\/vieassociative.be\/actualites\/\",\"name\":\"Vie Associative\",\"description\":\"\",\"publisher\":{\"@id\":\"https:\/\/vieassociative.be\/actualites\/#organization\"},\"potentialAction\":[{\"@type\":\"SearchAction\",\"target\":{\"@type\":\"EntryPoint\",\"urlTemplate\":\"https:\/\/vieassociative.be\/actualites\/?s={search_term_string}\"},\"query-input\":{\"@type\":\"PropertyValueSpecification\",\"valueRequired\":true,\"valueName\":\"search_term_string\"}}],\"inLanguage\":\"fr-BE\"},{\"@type\":\"Organization\",\"@id\":\"https:\/\/vieassociative.be\/actualites\/#organization\",\"name\":\"Vie Associative\",\"url\":\"https:\/\/vieassociative.be\/actualites\/\",\"logo\":{\"@type\":\"ImageObject\",\"inLanguage\":\"fr-BE\",\"@id\":\"https:\/\/vieassociative.be\/actualites\/#\/schema\/logo\/image\/\",\"url\":\"https:\/\/vieassociative.be\/actualites\/wp-content\/uploads\/2024\/09\/cropped-vieassociative_favicon.ico.png\",\"contentUrl\":\"https:\/\/vieassociative.be\/actualites\/wp-content\/uploads\/2024\/09\/cropped-vieassociative_favicon.ico.png\",\"width\":512,\"height\":512,\"caption\":\"Vie Associative\"},\"image\":{\"@id\":\"https:\/\/vieassociative.be\/actualites\/#\/schema\/logo\/image\/\"}},{\"@type\":\"Person\",\"@id\":\"https:\/\/vieassociative.be\/actualites\/#\/schema\/person\/b87ac4f82f9d4e7b7cec7395b679edc4\",\"name\":\"Julien\",\"image\":{\"@type\":\"ImageObject\",\"inLanguage\":\"fr-BE\",\"@id\":\"https:\/\/vieassociative.be\/actualites\/#\/schema\/person\/image\/\",\"url\":\"https:\/\/vieassociative.be\/actualites\/wp-content\/uploads\/2024\/09\/vie-associative-1-150x150.jpg\",\"contentUrl\":\"https:\/\/vieassociative.be\/actualites\/wp-content\/uploads\/2024\/09\/vie-associative-1-150x150.jpg\",\"caption\":\"Julien\"},\"description\":\"Je suis Julien, r\u00e9dacteur pour Vie Associative. Passionn\u00e9 par le monde associatif depuis plus de 10 ans, j'ai \u00e0 c\u0153ur de partager des histoires inspirantes et de mettre en lumi\u00e8re les initiatives locales. Mon objectif est de sensibiliser et d'encourager l'engagement communautaire \u00e0 travers mes articles.\",\"sameAs\":[\"https:\/\/vieassociative.be\/\"]}]}<\/script>\n<!-- \/ Yoast SEO plugin. -->","yoast_head_json":{"title":"Ciri joue le r\u00f4le principal dans \"The Witcher 4\" | Vie Associative","robots":{"index":"index","follow":"follow","max-snippet":"max-snippet:-1","max-image-preview":"max-image-preview:large","max-video-preview":"max-video-preview:-1"},"canonical":"https:\/\/vieassociative.be\/actualites\/ciri-joue-le-role-principal-dans-the-witcher-4\/","og_locale":"fr_FR","og_type":"article","og_title":"Ciri joue le r\u00f4le principal dans \"The Witcher 4\" | Vie Associative","og_description":"CD Projekt Red revient \u00e0 la fantasy. Suite \u00e0 son RPG de science-fiction n\u00e9o-noir Cyberpunk 2077CD Projekt RED revient aux sources avec Le sorceleur IVson","og_url":"https:\/\/vieassociative.be\/actualites\/ciri-joue-le-role-principal-dans-the-witcher-4\/","og_site_name":"Vie Associative","article_published_time":"2024-12-13T13:18:08+00:00","og_image":[{"width":279,"height":92,"url":"https:\/\/vieassociative.be\/actualites\/wp-content\/uploads\/2024\/09\/header_backgroundk-01-e1726694325946.png","type":"image\/png"}],"author":"Julien","twitter_card":"summary_large_image","twitter_misc":{"\u00c9crit par":"Julien","Dur\u00e9e de lecture est.":"2 minutes"},"schema":{"@context":"https:\/\/schema.org","@graph":[{"@type":"Article","@id":"https:\/\/vieassociative.be\/actualites\/ciri-joue-le-role-principal-dans-the-witcher-4\/#article","isPartOf":{"@id":"https:\/\/vieassociative.be\/actualites\/ciri-joue-le-role-principal-dans-the-witcher-4\/"},"author":{"name":"Julien","@id":"https:\/\/vieassociative.be\/actualites\/#\/schema\/person\/b87ac4f82f9d4e7b7cec7395b679edc4"},"headline":"Ciri joue le r\u00f4le principal dans \u00ab\u00a0The Witcher 4\u00a0\u00bb","datePublished":"2024-12-13T13:18:08+00:00","dateModified":"2024-12-13T13:18:08+00:00","mainEntityOfPage":{"@id":"https:\/\/vieassociative.be\/actualites\/ciri-joue-le-role-principal-dans-the-witcher-4\/"},"wordCount":417,"publisher":{"@id":"https:\/\/vieassociative.be\/actualites\/#organization"},"image":{"@id":"https:\/\/vieassociative.be\/actualites\/ciri-joue-le-role-principal-dans-the-witcher-4\/#primaryimage"},"thumbnailUrl":"https:\/\/vieassociative.be\/actualites\/wp-content\/uploads\/2024\/12\/Ciri-joue-le-role-principal-dans-The-Witcher-4.png","keywords":["Ciri","dans","joue","principal","r\u00f4le","Witcher"],"articleSection":["Divertissement"],"inLanguage":"fr-BE"},{"@type":"WebPage","@id":"https:\/\/vieassociative.be\/actualites\/ciri-joue-le-role-principal-dans-the-witcher-4\/","url":"https:\/\/vieassociative.be\/actualites\/ciri-joue-le-role-principal-dans-the-witcher-4\/","name":"Ciri joue le r\u00f4le principal dans \"The Witcher 4\" | Vie Associative","isPartOf":{"@id":"https:\/\/vieassociative.be\/actualites\/#website"},"primaryImageOfPage":{"@id":"https:\/\/vieassociative.be\/actualites\/ciri-joue-le-role-principal-dans-the-witcher-4\/#primaryimage"},"image":{"@id":"https:\/\/vieassociative.be\/actualites\/ciri-joue-le-role-principal-dans-the-witcher-4\/#primaryimage"},"thumbnailUrl":"https:\/\/vieassociative.be\/actualites\/wp-content\/uploads\/2024\/12\/Ciri-joue-le-role-principal-dans-The-Witcher-4.png","datePublished":"2024-12-13T13:18:08+00:00","dateModified":"2024-12-13T13:18:08+00:00","breadcrumb":{"@id":"https:\/\/vieassociative.be\/actualites\/ciri-joue-le-role-principal-dans-the-witcher-4\/#breadcrumb"},"inLanguage":"fr-BE","potentialAction":[{"@type":"ReadAction","target":["https:\/\/vieassociative.be\/actualites\/ciri-joue-le-role-principal-dans-the-witcher-4\/"]}]},{"@type":"ImageObject","inLanguage":"fr-BE","@id":"https:\/\/vieassociative.be\/actualites\/ciri-joue-le-role-principal-dans-the-witcher-4\/#primaryimage","url":"https:\/\/vieassociative.be\/actualites\/wp-content\/uploads\/2024\/12\/Ciri-joue-le-role-principal-dans-The-Witcher-4.png","contentUrl":"https:\/\/vieassociative.be\/actualites\/wp-content\/uploads\/2024\/12\/Ciri-joue-le-role-principal-dans-The-Witcher-4.png","width":1200,"height":675,"caption":"Ciri joue le r\u00f4le principal dans \"The Witcher 4\""},{"@type":"BreadcrumbList","@id":"https:\/\/vieassociative.be\/actualites\/ciri-joue-le-role-principal-dans-the-witcher-4\/#breadcrumb","itemListElement":[{"@type":"ListItem","position":1,"name":"Accueil","item":"https:\/\/vieassociative.be\/actualites\/"},{"@type":"ListItem","position":2,"name":"Ciri joue le r\u00f4le principal dans \u00ab\u00a0The Witcher 4\u00a0\u00bb"}]},{"@type":"WebSite","@id":"https:\/\/vieassociative.be\/actualites\/#website","url":"https:\/\/vieassociative.be\/actualites\/","name":"Vie Associative","description":"","publisher":{"@id":"https:\/\/vieassociative.be\/actualites\/#organization"},"potentialAction":[{"@type":"SearchAction","target":{"@type":"EntryPoint","urlTemplate":"https:\/\/vieassociative.be\/actualites\/?s={search_term_string}"},"query-input":{"@type":"PropertyValueSpecification","valueRequired":true,"valueName":"search_term_string"}}],"inLanguage":"fr-BE"},{"@type":"Organization","@id":"https:\/\/vieassociative.be\/actualites\/#organization","name":"Vie Associative","url":"https:\/\/vieassociative.be\/actualites\/","logo":{"@type":"ImageObject","inLanguage":"fr-BE","@id":"https:\/\/vieassociative.be\/actualites\/#\/schema\/logo\/image\/","url":"https:\/\/vieassociative.be\/actualites\/wp-content\/uploads\/2024\/09\/cropped-vieassociative_favicon.ico.png","contentUrl":"https:\/\/vieassociative.be\/actualites\/wp-content\/uploads\/2024\/09\/cropped-vieassociative_favicon.ico.png","width":512,"height":512,"caption":"Vie Associative"},"image":{"@id":"https:\/\/vieassociative.be\/actualites\/#\/schema\/logo\/image\/"}},{"@type":"Person","@id":"https:\/\/vieassociative.be\/actualites\/#\/schema\/person\/b87ac4f82f9d4e7b7cec7395b679edc4","name":"Julien","image":{"@type":"ImageObject","inLanguage":"fr-BE","@id":"https:\/\/vieassociative.be\/actualites\/#\/schema\/person\/image\/","url":"https:\/\/vieassociative.be\/actualites\/wp-content\/uploads\/2024\/09\/vie-associative-1-150x150.jpg","contentUrl":"https:\/\/vieassociative.be\/actualites\/wp-content\/uploads\/2024\/09\/vie-associative-1-150x150.jpg","caption":"Julien"},"description":"Je suis Julien, r\u00e9dacteur pour Vie Associative. Passionn\u00e9 par le monde associatif depuis plus de 10 ans, j'ai \u00e0 c\u0153ur de partager des histoires inspirantes et de mettre en lumi\u00e8re les initiatives locales. Mon objectif est de sensibiliser et d'encourager l'engagement communautaire \u00e0 travers mes articles.","sameAs":["https:\/\/vieassociative.be\/"]}]}},"_links":{"self":[{"href":"https:\/\/vieassociative.be\/actualites\/wp-json\/wp\/v2\/posts\/3350"}],"collection":[{"href":"https:\/\/vieassociative.be\/actualites\/wp-json\/wp\/v2\/posts"}],"about":[{"href":"https:\/\/vieassociative.be\/actualites\/wp-json\/wp\/v2\/types\/post"}],"author":[{"embeddable":true,"href":"https:\/\/vieassociative.be\/actualites\/wp-json\/wp\/v2\/users\/1"}],"replies":[{"embeddable":true,"href":"https:\/\/vieassociative.be\/actualites\/wp-json\/wp\/v2\/comments?post=3350"}],"version-history":[{"count":0,"href":"https:\/\/vieassociative.be\/actualites\/wp-json\/wp\/v2\/posts\/3350\/revisions"}],"wp:featuredmedia":[{"embeddable":true,"href":"https:\/\/vieassociative.be\/actualites\/wp-json\/wp\/v2\/media\/3351"}],"wp:attachment":[{"href":"https:\/\/vieassociative.be\/actualites\/wp-json\/wp\/v2\/media?parent=3350"}],"wp:term":[{"taxonomy":"category","embeddable":true,"href":"https:\/\/vieassociative.be\/actualites\/wp-json\/wp\/v2\/categories?post=3350"},{"taxonomy":"post_tag","embeddable":true,"href":"https:\/\/vieassociative.be\/actualites\/wp-json\/wp\/v2\/tags?post=3350"}],"curies":[{"name":"wp","href":"https:\/\/api.w.org\/{rel}","templated":true}]}}