{"id":335,"date":"2024-09-23T00:37:01","date_gmt":"2024-09-22T22:37:01","guid":{"rendered":"https:\/\/vieassociative.be\/actualites\/un-lave-vaisselle-de-comptoir-en-vaut-vraiment-la-peine\/"},"modified":"2024-09-23T00:37:01","modified_gmt":"2024-09-22T22:37:01","slug":"un-lave-vaisselle-de-comptoir-en-vaut-vraiment-la-peine","status":"publish","type":"post","link":"https:\/\/vieassociative.be\/actualites\/un-lave-vaisselle-de-comptoir-en-vaut-vraiment-la-peine\/","title":{"rendered":"Un lave-vaisselle de comptoir en vaut vraiment la peine"},"content":{"rendered":"<div class=\"mt-4 leading-6 md:mb-8\">N\u2019importe quel lave-vaisselle est mieux que pas de lave-vaisselle du tout, m\u00eame si vous devez sacrifier l\u2019espace du comptoir.<\/div>\n<p><\/p>\n<p>\u00c0 la fin de l&rsquo;ann\u00e9e derni\u00e8re, j&rsquo;ai emm\u00e9nag\u00e9 dans mon tout premier appartement sans lave-vaisselle, et il est rapidement devenu \u00e9vident que mon pr\u00e9cieux petit syst\u00e8me de lavage de la vaisselle n&rsquo;\u00e9tait pas \u00e0 la hauteur de la t\u00e2che \u00e0 accomplir. Pourtant, j&rsquo;ai obstin\u00e9ment r\u00e9sist\u00e9 pendant des mois \u00e0 l&rsquo;id\u00e9e d&rsquo;acheter un lave-vaisselle de comptoir. Je me suis demand\u00e9 ce que je pouvais bien gagner \u00e0 garer un appareil \u00e0 c\u00f4t\u00e9 de l&rsquo;\u00e9vier de mani\u00e8re permanente ? <\/p>\n<p>Il s&rsquo;av\u00e8re que beaucoup. Chaque argument contre les lave-vaisselle portables est ridicule compar\u00e9 aux arguments <em>pour<\/em> Bien s\u00fbr, un lave-vaisselle miniature ne peut pas laver tous vos plats en une seule fois, mais vous non plus. (Et franchement, la machine fera un meilleur travail.) Voici pourquoi ces petits engins ridicules ne sont pas si ridicules apr\u00e8s tout, et valent largement l&rsquo;espace de comptoir. <\/p>\n<h2 id=\"portable-dishwashers-are-efficient\">Les lave-vaisselle portables sont efficaces<\/h2>\n<p>Les lave-vaisselle consomment beaucoup moins d\u2019eau que le lavage \u00e0 la main. Cela ne fait aucun doute. Si vous lavez actuellement toute votre vaisselle \u00e0 la main, l\u2019ajout d\u2019un lave-vaisselle dans votre cuisine, m\u00eame tr\u00e8s petit, r\u00e9duira votre consommation d\u2019eau. Que vous payiez votre facture d\u2019eau ou non, utiliser moins d\u2019eau pour une t\u00e2che quotidienne comme faire la vaisselle est sans aucun doute une bonne chose. <\/p>\n<h2 id=\"portable-dishwashers-are-fast\">Les lave-vaisselle portables sont rapides <\/h2>\n<p>Consommer moins d\u2019eau est une bonne chose, mais personnellement, ce que je pr\u00e9f\u00e8re dans mon petit lave-vaisselle, c\u2019est sa rapidit\u00e9. Un cycle de lavage \u00ab normal \u00bb complet prend moins d\u2019une heure et un cycle \u00ab intensif \u00bb moins de deux heures ; mieux encore, le chargement et le d\u00e9chargement se r\u00e9duisent \u00e0 quelques secondes. (D\u00e9charger le lave-vaisselle est la t\u00e2che de cuisine que je pr\u00e9f\u00e8re le moins, et m\u00eame moi, je ne trouve pas d\u2019excuse pour la remettre \u00e0 plus tard alors qu\u2019elle prend moins d\u2019une minute.) <\/p>\n<p>Bien s\u00fbr, la raison pour laquelle les petits lave-vaisselle fonctionnent si rapidement est que les petites charges n\u00e9cessitent moins de temps (et d&rsquo;eau) \u00e0 laver que les grandes. Selon le nombre de plats salis dans votre cuisine chaque jour, vous devrez peut-\u00eatre effectuer plusieurs charges pour r\u00e9pondre \u00e0 la demande. Bien que cela constitue certainement un inconv\u00e9nient, charger et d\u00e9charger une machine de petite capacit\u00e9 plusieurs fois par jour est bien plus avantageux que de laver chaque plat \u00e0 la main, \u00e0 chaque fois. <\/p>\n<h2 id=\"dishwashers-are-gentler-on-your-dishes\">Les lave-vaisselle sont plus doux avec votre vaisselle<\/h2>\n<p>De nombreux petits lave-vaisselle se connectent directement au robinet de votre cuisine, ce qui vous permet de contr\u00f4ler la temp\u00e9rature de l&rsquo;eau. Cela peut sembler anodin, mais r\u00e9fl\u00e9chissez-y : pourquoi ne peut-on pas mettre des articles d\u00e9licats dans un lave-vaisselle ordinaire ? C&rsquo;est la combinaison de temp\u00e9ratures extr\u00eamement \u00e9lev\u00e9es et d&rsquo;un d\u00e9tergent \u00e0 vaisselle abrasif. Lorsque votre lave-vaisselle utilise de l&rsquo;eau directement du robinet, vous pouvez rendre les conditions de lavage moins agressives en abaissant simplement la temp\u00e9rature. <\/p>\n<p>Cela ouvre de nouveaux horizons en mati\u00e8re de vaisselle \u00ab lavable au lave-vaisselle \u00bb. Pour \u00eatre clair, je ne vous sugg\u00e8re pas de roder votre nouveau lave-vaisselle en lavant toute la porcelaine de famille. (La vaisselle est comme le linge : les choses vraiment fragiles doivent toujours \u00eatre lav\u00e9es \u00e0 la main.) Mais si vous en avez assez des planches \u00e0 d\u00e9couper d\u00e9form\u00e9es et des tasses d\u00e9color\u00e9es, par exemple, essayez de r\u00e9gler le robinet sur ti\u00e8de et d&rsquo;utiliser encore moins de d\u00e9tergent que d&rsquo;habitude. <\/p>\n<h2 id=\"what-to-look-for-in-a-portable-dishwasher\">Que rechercher dans un lave-vaisselle portable<\/h2>\n<p>Lorsque vous achetez un lave-vaisselle de comptoir ou portable, il n&rsquo;y a que deux vraies questions \u00e0 vous poser\u00a0:<\/p>\n<ul>\n<li>\n<p>Est-ce qu&rsquo;il s&rsquo;adapte \u00e0 la port\u00e9e de l&rsquo;\u00e9vier <em>avec le couvercle \u00e0 la fois ouvert et ferm\u00e9 ?<\/em><\/p>\n<\/li>\n<li>\n<p>Est-ce que cela vous permet d&rsquo;utiliser l&rsquo;\u00e9vier pendant qu&rsquo;il coule ?<\/p>\n<\/li>\n<\/ul>\n<p>Tout le reste est une question de pr\u00e9f\u00e9rence personnelle, \u00e0 l&rsquo;exception du d\u00e9tergent. Les dosettes pour lave-vaisselle contiennent beaucoup trop de produit pour les petites machines, alors assurez-vous d&rsquo;utiliser du liquide ou de la poudre libre \u00e0 la place, et utilisez-en encore moins que ce dont vous pensez avoir besoin. Les petits lave-vaisselle utilisent une quantit\u00e9 vraiment infime d&rsquo;eau et n&rsquo;ont pas besoin de beaucoup de d\u00e9tergent pour faire le travail. C&rsquo;est juste une chose de plus \u00e0 aimer chez eux. <\/p>\n<p><\/p>\n","protected":false},"excerpt":{"rendered":"<p>N\u2019importe quel lave-vaisselle est mieux que pas de lave-vaisselle du tout, m\u00eame si vous devez sacrifier l\u2019espace du comptoir. \u00c0 la fin de l&rsquo;ann\u00e9e derni\u00e8re,<\/p>\n","protected":false},"author":1,"featured_media":336,"comment_status":"","ping_status":"","sticky":false,"template":"","format":"standard","meta":{"footnotes":""},"categories":[40],"tags":[521,520,524,522,523],"class_list":["post-335","post","type-post","status-publish","format-standard","has-post-thumbnail","hentry","category-maison","tag-comptoir","tag-lavevaisselle","tag-peine","tag-vaut","tag-vraiment","generate-columns","tablet-grid-50","mobile-grid-100","grid-parent","grid-33"],"yoast_head":"<!-- This site is optimized with the Yoast SEO plugin v24.0 - https:\/\/yoast.com\/wordpress\/plugins\/seo\/ -->\n<title>Un lave-vaisselle de comptoir en vaut vraiment la peine | Vie Associative<\/title>\n<meta name=\"robots\" content=\"index, follow, max-snippet:-1, max-image-preview:large, max-video-preview:-1\" \/>\n<link rel=\"canonical\" href=\"https:\/\/vieassociative.be\/actualites\/un-lave-vaisselle-de-comptoir-en-vaut-vraiment-la-peine\/\" \/>\n<meta property=\"og:locale\" content=\"fr_FR\" \/>\n<meta property=\"og:type\" content=\"article\" \/>\n<meta property=\"og:title\" content=\"Un lave-vaisselle de comptoir en vaut vraiment la peine | Vie Associative\" \/>\n<meta property=\"og:description\" content=\"N\u2019importe quel lave-vaisselle est mieux que pas de lave-vaisselle du tout, m\u00eame si vous devez sacrifier l\u2019espace du comptoir. \u00c0 la fin de l&rsquo;ann\u00e9e derni\u00e8re,\" \/>\n<meta property=\"og:url\" content=\"https:\/\/vieassociative.be\/actualites\/un-lave-vaisselle-de-comptoir-en-vaut-vraiment-la-peine\/\" \/>\n<meta property=\"og:site_name\" content=\"Vie Associative\" \/>\n<meta property=\"article:published_time\" content=\"2024-09-22T22:37:01+00:00\" \/>\n<meta property=\"og:image\" content=\"https:\/\/vieassociative.be\/actualites\/wp-content\/uploads\/2024\/09\/header_backgroundk-01-e1726694325946.png\" \/>\n\t<meta property=\"og:image:width\" content=\"279\" \/>\n\t<meta property=\"og:image:height\" content=\"92\" \/>\n\t<meta property=\"og:image:type\" content=\"image\/png\" \/>\n<meta name=\"author\" content=\"Julien\" \/>\n<meta name=\"twitter:card\" content=\"summary_large_image\" \/>\n<meta name=\"twitter:label1\" content=\"\u00c9crit par\" \/>\n\t<meta name=\"twitter:data1\" content=\"Julien\" \/>\n\t<meta name=\"twitter:label2\" content=\"Dur\u00e9e de lecture est.\" \/>\n\t<meta name=\"twitter:data2\" content=\"4 minutes\" \/>\n<script type=\"application\/ld+json\" class=\"yoast-schema-graph\">{\"@context\":\"https:\/\/schema.org\",\"@graph\":[{\"@type\":\"Article\",\"@id\":\"https:\/\/vieassociative.be\/actualites\/un-lave-vaisselle-de-comptoir-en-vaut-vraiment-la-peine\/#article\",\"isPartOf\":{\"@id\":\"https:\/\/vieassociative.be\/actualites\/un-lave-vaisselle-de-comptoir-en-vaut-vraiment-la-peine\/\"},\"author\":{\"name\":\"Julien\",\"@id\":\"https:\/\/vieassociative.be\/actualites\/#\/schema\/person\/b87ac4f82f9d4e7b7cec7395b679edc4\"},\"headline\":\"Un lave-vaisselle de comptoir en vaut vraiment la peine\",\"datePublished\":\"2024-09-22T22:37:01+00:00\",\"dateModified\":\"2024-09-22T22:37:01+00:00\",\"mainEntityOfPage\":{\"@id\":\"https:\/\/vieassociative.be\/actualites\/un-lave-vaisselle-de-comptoir-en-vaut-vraiment-la-peine\/\"},\"wordCount\":787,\"publisher\":{\"@id\":\"https:\/\/vieassociative.be\/actualites\/#organization\"},\"image\":{\"@id\":\"https:\/\/vieassociative.be\/actualites\/un-lave-vaisselle-de-comptoir-en-vaut-vraiment-la-peine\/#primaryimage\"},\"thumbnailUrl\":\"https:\/\/vieassociative.be\/actualites\/wp-content\/uploads\/2024\/09\/Un-lave-vaisselle-de-comptoir-en-vaut-vraiment-la-peine.jpg\",\"keywords\":[\"comptoir\",\"lavevaisselle\",\"peine\",\"vaut\",\"vraiment\"],\"articleSection\":[\"Maison\"],\"inLanguage\":\"fr-BE\"},{\"@type\":\"WebPage\",\"@id\":\"https:\/\/vieassociative.be\/actualites\/un-lave-vaisselle-de-comptoir-en-vaut-vraiment-la-peine\/\",\"url\":\"https:\/\/vieassociative.be\/actualites\/un-lave-vaisselle-de-comptoir-en-vaut-vraiment-la-peine\/\",\"name\":\"Un lave-vaisselle de comptoir en vaut vraiment la peine | Vie Associative\",\"isPartOf\":{\"@id\":\"https:\/\/vieassociative.be\/actualites\/#website\"},\"primaryImageOfPage\":{\"@id\":\"https:\/\/vieassociative.be\/actualites\/un-lave-vaisselle-de-comptoir-en-vaut-vraiment-la-peine\/#primaryimage\"},\"image\":{\"@id\":\"https:\/\/vieassociative.be\/actualites\/un-lave-vaisselle-de-comptoir-en-vaut-vraiment-la-peine\/#primaryimage\"},\"thumbnailUrl\":\"https:\/\/vieassociative.be\/actualites\/wp-content\/uploads\/2024\/09\/Un-lave-vaisselle-de-comptoir-en-vaut-vraiment-la-peine.jpg\",\"datePublished\":\"2024-09-22T22:37:01+00:00\",\"dateModified\":\"2024-09-22T22:37:01+00:00\",\"breadcrumb\":{\"@id\":\"https:\/\/vieassociative.be\/actualites\/un-lave-vaisselle-de-comptoir-en-vaut-vraiment-la-peine\/#breadcrumb\"},\"inLanguage\":\"fr-BE\",\"potentialAction\":[{\"@type\":\"ReadAction\",\"target\":[\"https:\/\/vieassociative.be\/actualites\/un-lave-vaisselle-de-comptoir-en-vaut-vraiment-la-peine\/\"]}]},{\"@type\":\"ImageObject\",\"inLanguage\":\"fr-BE\",\"@id\":\"https:\/\/vieassociative.be\/actualites\/un-lave-vaisselle-de-comptoir-en-vaut-vraiment-la-peine\/#primaryimage\",\"url\":\"https:\/\/vieassociative.be\/actualites\/wp-content\/uploads\/2024\/09\/Un-lave-vaisselle-de-comptoir-en-vaut-vraiment-la-peine.jpg\",\"contentUrl\":\"https:\/\/vieassociative.be\/actualites\/wp-content\/uploads\/2024\/09\/Un-lave-vaisselle-de-comptoir-en-vaut-vraiment-la-peine.jpg\",\"width\":1200,\"height\":675,\"caption\":\"Un lave-vaisselle de comptoir en vaut vraiment la peine\"},{\"@type\":\"BreadcrumbList\",\"@id\":\"https:\/\/vieassociative.be\/actualites\/un-lave-vaisselle-de-comptoir-en-vaut-vraiment-la-peine\/#breadcrumb\",\"itemListElement\":[{\"@type\":\"ListItem\",\"position\":1,\"name\":\"Accueil\",\"item\":\"https:\/\/vieassociative.be\/actualites\/\"},{\"@type\":\"ListItem\",\"position\":2,\"name\":\"Un lave-vaisselle de comptoir en vaut vraiment la peine\"}]},{\"@type\":\"WebSite\",\"@id\":\"https:\/\/vieassociative.be\/actualites\/#website\",\"url\":\"https:\/\/vieassociative.be\/actualites\/\",\"name\":\"Vie Associative\",\"description\":\"\",\"publisher\":{\"@id\":\"https:\/\/vieassociative.be\/actualites\/#organization\"},\"potentialAction\":[{\"@type\":\"SearchAction\",\"target\":{\"@type\":\"EntryPoint\",\"urlTemplate\":\"https:\/\/vieassociative.be\/actualites\/?s={search_term_string}\"},\"query-input\":{\"@type\":\"PropertyValueSpecification\",\"valueRequired\":true,\"valueName\":\"search_term_string\"}}],\"inLanguage\":\"fr-BE\"},{\"@type\":\"Organization\",\"@id\":\"https:\/\/vieassociative.be\/actualites\/#organization\",\"name\":\"Vie Associative\",\"url\":\"https:\/\/vieassociative.be\/actualites\/\",\"logo\":{\"@type\":\"ImageObject\",\"inLanguage\":\"fr-BE\",\"@id\":\"https:\/\/vieassociative.be\/actualites\/#\/schema\/logo\/image\/\",\"url\":\"https:\/\/vieassociative.be\/actualites\/wp-content\/uploads\/2024\/09\/cropped-vieassociative_favicon.ico.png\",\"contentUrl\":\"https:\/\/vieassociative.be\/actualites\/wp-content\/uploads\/2024\/09\/cropped-vieassociative_favicon.ico.png\",\"width\":512,\"height\":512,\"caption\":\"Vie Associative\"},\"image\":{\"@id\":\"https:\/\/vieassociative.be\/actualites\/#\/schema\/logo\/image\/\"}},{\"@type\":\"Person\",\"@id\":\"https:\/\/vieassociative.be\/actualites\/#\/schema\/person\/b87ac4f82f9d4e7b7cec7395b679edc4\",\"name\":\"Julien\",\"image\":{\"@type\":\"ImageObject\",\"inLanguage\":\"fr-BE\",\"@id\":\"https:\/\/vieassociative.be\/actualites\/#\/schema\/person\/image\/\",\"url\":\"https:\/\/vieassociative.be\/actualites\/wp-content\/uploads\/2024\/09\/vie-associative-1-150x150.jpg\",\"contentUrl\":\"https:\/\/vieassociative.be\/actualites\/wp-content\/uploads\/2024\/09\/vie-associative-1-150x150.jpg\",\"caption\":\"Julien\"},\"description\":\"Je suis Julien, r\u00e9dacteur pour Vie Associative. Passionn\u00e9 par le monde associatif depuis plus de 10 ans, j'ai \u00e0 c\u0153ur de partager des histoires inspirantes et de mettre en lumi\u00e8re les initiatives locales. Mon objectif est de sensibiliser et d'encourager l'engagement communautaire \u00e0 travers mes articles.\",\"sameAs\":[\"https:\/\/vieassociative.be\/\"]}]}<\/script>\n<!-- \/ Yoast SEO plugin. -->","yoast_head_json":{"title":"Un lave-vaisselle de comptoir en vaut vraiment la peine | Vie Associative","robots":{"index":"index","follow":"follow","max-snippet":"max-snippet:-1","max-image-preview":"max-image-preview:large","max-video-preview":"max-video-preview:-1"},"canonical":"https:\/\/vieassociative.be\/actualites\/un-lave-vaisselle-de-comptoir-en-vaut-vraiment-la-peine\/","og_locale":"fr_FR","og_type":"article","og_title":"Un lave-vaisselle de comptoir en vaut vraiment la peine | Vie Associative","og_description":"N\u2019importe quel lave-vaisselle est mieux que pas de lave-vaisselle du tout, m\u00eame si vous devez sacrifier l\u2019espace du comptoir. \u00c0 la fin de l&rsquo;ann\u00e9e derni\u00e8re,","og_url":"https:\/\/vieassociative.be\/actualites\/un-lave-vaisselle-de-comptoir-en-vaut-vraiment-la-peine\/","og_site_name":"Vie Associative","article_published_time":"2024-09-22T22:37:01+00:00","og_image":[{"width":279,"height":92,"url":"https:\/\/vieassociative.be\/actualites\/wp-content\/uploads\/2024\/09\/header_backgroundk-01-e1726694325946.png","type":"image\/png"}],"author":"Julien","twitter_card":"summary_large_image","twitter_misc":{"\u00c9crit par":"Julien","Dur\u00e9e de lecture est.":"4 minutes"},"schema":{"@context":"https:\/\/schema.org","@graph":[{"@type":"Article","@id":"https:\/\/vieassociative.be\/actualites\/un-lave-vaisselle-de-comptoir-en-vaut-vraiment-la-peine\/#article","isPartOf":{"@id":"https:\/\/vieassociative.be\/actualites\/un-lave-vaisselle-de-comptoir-en-vaut-vraiment-la-peine\/"},"author":{"name":"Julien","@id":"https:\/\/vieassociative.be\/actualites\/#\/schema\/person\/b87ac4f82f9d4e7b7cec7395b679edc4"},"headline":"Un lave-vaisselle de comptoir en vaut vraiment la peine","datePublished":"2024-09-22T22:37:01+00:00","dateModified":"2024-09-22T22:37:01+00:00","mainEntityOfPage":{"@id":"https:\/\/vieassociative.be\/actualites\/un-lave-vaisselle-de-comptoir-en-vaut-vraiment-la-peine\/"},"wordCount":787,"publisher":{"@id":"https:\/\/vieassociative.be\/actualites\/#organization"},"image":{"@id":"https:\/\/vieassociative.be\/actualites\/un-lave-vaisselle-de-comptoir-en-vaut-vraiment-la-peine\/#primaryimage"},"thumbnailUrl":"https:\/\/vieassociative.be\/actualites\/wp-content\/uploads\/2024\/09\/Un-lave-vaisselle-de-comptoir-en-vaut-vraiment-la-peine.jpg","keywords":["comptoir","lavevaisselle","peine","vaut","vraiment"],"articleSection":["Maison"],"inLanguage":"fr-BE"},{"@type":"WebPage","@id":"https:\/\/vieassociative.be\/actualites\/un-lave-vaisselle-de-comptoir-en-vaut-vraiment-la-peine\/","url":"https:\/\/vieassociative.be\/actualites\/un-lave-vaisselle-de-comptoir-en-vaut-vraiment-la-peine\/","name":"Un lave-vaisselle de comptoir en vaut vraiment la peine | Vie Associative","isPartOf":{"@id":"https:\/\/vieassociative.be\/actualites\/#website"},"primaryImageOfPage":{"@id":"https:\/\/vieassociative.be\/actualites\/un-lave-vaisselle-de-comptoir-en-vaut-vraiment-la-peine\/#primaryimage"},"image":{"@id":"https:\/\/vieassociative.be\/actualites\/un-lave-vaisselle-de-comptoir-en-vaut-vraiment-la-peine\/#primaryimage"},"thumbnailUrl":"https:\/\/vieassociative.be\/actualites\/wp-content\/uploads\/2024\/09\/Un-lave-vaisselle-de-comptoir-en-vaut-vraiment-la-peine.jpg","datePublished":"2024-09-22T22:37:01+00:00","dateModified":"2024-09-22T22:37:01+00:00","breadcrumb":{"@id":"https:\/\/vieassociative.be\/actualites\/un-lave-vaisselle-de-comptoir-en-vaut-vraiment-la-peine\/#breadcrumb"},"inLanguage":"fr-BE","potentialAction":[{"@type":"ReadAction","target":["https:\/\/vieassociative.be\/actualites\/un-lave-vaisselle-de-comptoir-en-vaut-vraiment-la-peine\/"]}]},{"@type":"ImageObject","inLanguage":"fr-BE","@id":"https:\/\/vieassociative.be\/actualites\/un-lave-vaisselle-de-comptoir-en-vaut-vraiment-la-peine\/#primaryimage","url":"https:\/\/vieassociative.be\/actualites\/wp-content\/uploads\/2024\/09\/Un-lave-vaisselle-de-comptoir-en-vaut-vraiment-la-peine.jpg","contentUrl":"https:\/\/vieassociative.be\/actualites\/wp-content\/uploads\/2024\/09\/Un-lave-vaisselle-de-comptoir-en-vaut-vraiment-la-peine.jpg","width":1200,"height":675,"caption":"Un lave-vaisselle de comptoir en vaut vraiment la peine"},{"@type":"BreadcrumbList","@id":"https:\/\/vieassociative.be\/actualites\/un-lave-vaisselle-de-comptoir-en-vaut-vraiment-la-peine\/#breadcrumb","itemListElement":[{"@type":"ListItem","position":1,"name":"Accueil","item":"https:\/\/vieassociative.be\/actualites\/"},{"@type":"ListItem","position":2,"name":"Un lave-vaisselle de comptoir en vaut vraiment la peine"}]},{"@type":"WebSite","@id":"https:\/\/vieassociative.be\/actualites\/#website","url":"https:\/\/vieassociative.be\/actualites\/","name":"Vie Associative","description":"","publisher":{"@id":"https:\/\/vieassociative.be\/actualites\/#organization"},"potentialAction":[{"@type":"SearchAction","target":{"@type":"EntryPoint","urlTemplate":"https:\/\/vieassociative.be\/actualites\/?s={search_term_string}"},"query-input":{"@type":"PropertyValueSpecification","valueRequired":true,"valueName":"search_term_string"}}],"inLanguage":"fr-BE"},{"@type":"Organization","@id":"https:\/\/vieassociative.be\/actualites\/#organization","name":"Vie Associative","url":"https:\/\/vieassociative.be\/actualites\/","logo":{"@type":"ImageObject","inLanguage":"fr-BE","@id":"https:\/\/vieassociative.be\/actualites\/#\/schema\/logo\/image\/","url":"https:\/\/vieassociative.be\/actualites\/wp-content\/uploads\/2024\/09\/cropped-vieassociative_favicon.ico.png","contentUrl":"https:\/\/vieassociative.be\/actualites\/wp-content\/uploads\/2024\/09\/cropped-vieassociative_favicon.ico.png","width":512,"height":512,"caption":"Vie Associative"},"image":{"@id":"https:\/\/vieassociative.be\/actualites\/#\/schema\/logo\/image\/"}},{"@type":"Person","@id":"https:\/\/vieassociative.be\/actualites\/#\/schema\/person\/b87ac4f82f9d4e7b7cec7395b679edc4","name":"Julien","image":{"@type":"ImageObject","inLanguage":"fr-BE","@id":"https:\/\/vieassociative.be\/actualites\/#\/schema\/person\/image\/","url":"https:\/\/vieassociative.be\/actualites\/wp-content\/uploads\/2024\/09\/vie-associative-1-150x150.jpg","contentUrl":"https:\/\/vieassociative.be\/actualites\/wp-content\/uploads\/2024\/09\/vie-associative-1-150x150.jpg","caption":"Julien"},"description":"Je suis Julien, r\u00e9dacteur pour Vie Associative. Passionn\u00e9 par le monde associatif depuis plus de 10 ans, j'ai \u00e0 c\u0153ur de partager des histoires inspirantes et de mettre en lumi\u00e8re les initiatives locales. Mon objectif est de sensibiliser et d'encourager l'engagement communautaire \u00e0 travers mes articles.","sameAs":["https:\/\/vieassociative.be\/"]}]}},"_links":{"self":[{"href":"https:\/\/vieassociative.be\/actualites\/wp-json\/wp\/v2\/posts\/335"}],"collection":[{"href":"https:\/\/vieassociative.be\/actualites\/wp-json\/wp\/v2\/posts"}],"about":[{"href":"https:\/\/vieassociative.be\/actualites\/wp-json\/wp\/v2\/types\/post"}],"author":[{"embeddable":true,"href":"https:\/\/vieassociative.be\/actualites\/wp-json\/wp\/v2\/users\/1"}],"replies":[{"embeddable":true,"href":"https:\/\/vieassociative.be\/actualites\/wp-json\/wp\/v2\/comments?post=335"}],"version-history":[{"count":0,"href":"https:\/\/vieassociative.be\/actualites\/wp-json\/wp\/v2\/posts\/335\/revisions"}],"wp:featuredmedia":[{"embeddable":true,"href":"https:\/\/vieassociative.be\/actualites\/wp-json\/wp\/v2\/media\/336"}],"wp:attachment":[{"href":"https:\/\/vieassociative.be\/actualites\/wp-json\/wp\/v2\/media?parent=335"}],"wp:term":[{"taxonomy":"category","embeddable":true,"href":"https:\/\/vieassociative.be\/actualites\/wp-json\/wp\/v2\/categories?post=335"},{"taxonomy":"post_tag","embeddable":true,"href":"https:\/\/vieassociative.be\/actualites\/wp-json\/wp\/v2\/tags?post=335"}],"curies":[{"name":"wp","href":"https:\/\/api.w.org\/{rel}","templated":true}]}}