{"id":3345,"date":"2024-12-13T08:17:55","date_gmt":"2024-12-13T07:17:55","guid":{"rendered":"https:\/\/vieassociative.be\/actualites\/le-prochain-jeu-du-studio-derriere-the-last-of-us-imagine-une-ere-spatiale-pleine-de-marques\/"},"modified":"2024-12-13T08:17:55","modified_gmt":"2024-12-13T07:17:55","slug":"le-prochain-jeu-du-studio-derriere-the-last-of-us-imagine-une-ere-spatiale-pleine-de-marques","status":"publish","type":"post","link":"https:\/\/vieassociative.be\/actualites\/le-prochain-jeu-du-studio-derriere-the-last-of-us-imagine-une-ere-spatiale-pleine-de-marques\/","title":{"rendered":"Le prochain jeu du studio derri\u00e8re \u00ab\u00a0The Last of Us\u00a0\u00bb imagine une \u00e8re spatiale pleine de marques"},"content":{"rendered":"<div class=\"mt-4 leading-6 md:mb-8\">J&rsquo;esp\u00e8re que vous n&rsquo;\u00eates pas encore fatigu\u00e9 des ann\u00e9es 80.<\/div>\n<p><\/p>\n<p>Et si les marques \u00e9taient dans l\u2019espace ? Cela semble \u00eatre la principale question pos\u00e9e par <em>Intergalactique\u00a0: le proph\u00e8te h\u00e9r\u00e9tique<\/em>le prochain jeu de <em>Le dernier d&rsquo;entre nous <\/em>cr\u00e9ateurs Naughty Dog.<\/p>\n<div class=\"mx-auto mt-8 w-full max-w-4xl\">\n<div id=\"video-container-o7TVPoxwi74&amp;rco=1\"><\/div>\n<\/div>\n<p>Dans la r\u00e9v\u00e9lation finale de la 10e \u00e9dition des Game Awards, une \u00e9mission qui a \u00e9galement vu des annonces pour <em>Le sorceleur IV<\/em>un port PC pour <em>Final Fantasy VII<\/em> <em>Renaissance<\/em>et une suite du jeu de calligraphie classique culte <em>Okami<\/em>le studio principal de Sony dans sa renaissance du jeu narratif a montr\u00e9 qu&rsquo;il se souvenait qu&rsquo;il pouvait faire autre chose que des zombies.<\/p>\n<p>Le <em>Intergalactique<\/em> la bande-annonce contenait beaucoup de placement de produit, y compris des logos clairs Porsche, Sony et Adidas, et elle reposait sur la nostalgie des ann\u00e9es 80. C&rsquo;est encore une autre histoire de \u00ab\u00a0CRT dans l&rsquo;espace\u00a0\u00bb, dont je ne suis personnellement pas si s\u00fbr apr\u00e8s avoir vu <em>Extraterrestre\u00a0: Romulus<\/em> faire de son mieux pour donner \u00e0 ma s\u00e9rie d&rsquo;horreur pr\u00e9f\u00e9r\u00e9e le <em>R\u00e9veil de la Force<\/em> traitement, mais il semble \u00e9galement avoir un ton nettement plus l\u00e9ger que celui de Naughty Dog depuis des ann\u00e9es. En tant que fan de <em>Jak &#038; Daxter<\/em>peut-\u00eatre que cela pourrait encore me surprendre.<\/p>\n<p>En dehors de cela, la bande-annonce \u00e9tait assez rare en d\u00e9tails, cherchant plut\u00f4t \u00e0 \u00e9voquer un sentiment plus qu&rsquo;autre chose. Le combat, \u00e9tonnamment, semble \u00eatre ax\u00e9 sur la m\u00eal\u00e9e, l&rsquo;h\u00e9ro\u00efne de la bande-annonce affrontant un robot imposant avec un sabre laser dans ses derni\u00e8res secondes. J&rsquo;ai des vibrations soulslikes, mais il faudra une bande-annonce de gameplay pour en \u00eatre s\u00fbr \u2013 la bande-annonce voit \u00e9galement son personnage principal s&rsquo;armer d&rsquo;une arme \u00e0 feu \u00e0 un moment donn\u00e9.<\/p>\n<p>Selon Naughty Dog, le studio travaille sur le jeu depuis 2020, et oui, les visuels d\u00e9taill\u00e9s et co\u00fbteux de la bande-annonce montrent clairement ce temps de d\u00e9veloppement prolong\u00e9. Je n&rsquo;ai jamais vu de ma vie un CD de Pet Shop Boys rendu avec autant d&rsquo;amour.<\/p>\n<p>Blague \u00e0 part, la croissance de Naughty Dog depuis <em>Jak &#038; Daxter<\/em> d\u00e9veloppeur d&rsquo;\u00eatre l&rsquo;inspiration d&rsquo;une s\u00e9rie \u00e0 succ\u00e8s de HBO est impressionnant, et <em>Intergalactique<\/em> on dirait qu&rsquo;il fait de son mieux pour m\u00e9langer ce camp de dessins anim\u00e9s de la vieille \u00e9cole avec le nouveau prestige du studio. La date de sortie est toujours MIA. Vraisemblablement, Sony travaille \u00e0 conclure un autre accord de marque avant sa prochaine bande-annonce.<\/p>\n","protected":false},"excerpt":{"rendered":"<p>J&rsquo;esp\u00e8re que vous n&rsquo;\u00eates pas encore fatigu\u00e9 des ann\u00e9es 80. Et si les marques \u00e9taient dans l\u2019espace ? Cela semble \u00eatre la principale question pos\u00e9e<\/p>\n","protected":false},"author":1,"featured_media":3346,"comment_status":"","ping_status":"","sticky":false,"template":"","format":"standard","meta":{"footnotes":""},"categories":[36],"tags":[3978,3862,3979,477,3981,3046,1109,3980,2216,110],"class_list":["post-3345","post","type-post","status-publish","format-standard","has-post-thumbnail","hentry","category-divertissement","tag-derriere","tag-ere","tag-imagine","tag-jeu","tag-marques","tag-pleine","tag-prochain","tag-spatiale","tag-studio","tag-une","generate-columns","tablet-grid-50","mobile-grid-100","grid-parent","grid-33"],"yoast_head":"<!-- This site is optimized with the Yoast SEO plugin v24.0 - https:\/\/yoast.com\/wordpress\/plugins\/seo\/ -->\n<title>Le prochain jeu du studio derri\u00e8re &quot;The Last of Us&quot; imagine une \u00e8re spatiale pleine de marques | Vie Associative<\/title>\n<meta name=\"robots\" content=\"index, follow, max-snippet:-1, max-image-preview:large, max-video-preview:-1\" \/>\n<link rel=\"canonical\" href=\"https:\/\/vieassociative.be\/actualites\/le-prochain-jeu-du-studio-derriere-the-last-of-us-imagine-une-ere-spatiale-pleine-de-marques\/\" \/>\n<meta property=\"og:locale\" content=\"fr_FR\" \/>\n<meta property=\"og:type\" content=\"article\" \/>\n<meta property=\"og:title\" content=\"Le prochain jeu du studio derri\u00e8re &quot;The Last of Us&quot; imagine une \u00e8re spatiale pleine de marques | Vie Associative\" \/>\n<meta property=\"og:description\" content=\"J&rsquo;esp\u00e8re que vous n&rsquo;\u00eates pas encore fatigu\u00e9 des ann\u00e9es 80. Et si les marques \u00e9taient dans l\u2019espace ? Cela semble \u00eatre la principale question pos\u00e9e\" \/>\n<meta property=\"og:url\" content=\"https:\/\/vieassociative.be\/actualites\/le-prochain-jeu-du-studio-derriere-the-last-of-us-imagine-une-ere-spatiale-pleine-de-marques\/\" \/>\n<meta property=\"og:site_name\" content=\"Vie Associative\" \/>\n<meta property=\"article:published_time\" content=\"2024-12-13T07:17:55+00:00\" \/>\n<meta property=\"og:image\" content=\"https:\/\/vieassociative.be\/actualites\/wp-content\/uploads\/2024\/09\/header_backgroundk-01-e1726694325946.png\" \/>\n\t<meta property=\"og:image:width\" content=\"279\" \/>\n\t<meta property=\"og:image:height\" content=\"92\" \/>\n\t<meta property=\"og:image:type\" content=\"image\/png\" \/>\n<meta name=\"author\" content=\"Julien\" \/>\n<meta name=\"twitter:card\" content=\"summary_large_image\" \/>\n<meta name=\"twitter:label1\" content=\"\u00c9crit par\" \/>\n\t<meta name=\"twitter:data1\" content=\"Julien\" \/>\n\t<meta name=\"twitter:label2\" content=\"Dur\u00e9e de lecture est.\" \/>\n\t<meta name=\"twitter:data2\" content=\"2 minutes\" \/>\n<script type=\"application\/ld+json\" class=\"yoast-schema-graph\">{\"@context\":\"https:\/\/schema.org\",\"@graph\":[{\"@type\":\"Article\",\"@id\":\"https:\/\/vieassociative.be\/actualites\/le-prochain-jeu-du-studio-derriere-the-last-of-us-imagine-une-ere-spatiale-pleine-de-marques\/#article\",\"isPartOf\":{\"@id\":\"https:\/\/vieassociative.be\/actualites\/le-prochain-jeu-du-studio-derriere-the-last-of-us-imagine-une-ere-spatiale-pleine-de-marques\/\"},\"author\":{\"name\":\"Julien\",\"@id\":\"https:\/\/vieassociative.be\/actualites\/#\/schema\/person\/b87ac4f82f9d4e7b7cec7395b679edc4\"},\"headline\":\"Le prochain jeu du studio derri\u00e8re \u00ab\u00a0The Last of Us\u00a0\u00bb imagine une \u00e8re spatiale pleine de marques\",\"datePublished\":\"2024-12-13T07:17:55+00:00\",\"dateModified\":\"2024-12-13T07:17:55+00:00\",\"mainEntityOfPage\":{\"@id\":\"https:\/\/vieassociative.be\/actualites\/le-prochain-jeu-du-studio-derriere-the-last-of-us-imagine-une-ere-spatiale-pleine-de-marques\/\"},\"wordCount\":454,\"publisher\":{\"@id\":\"https:\/\/vieassociative.be\/actualites\/#organization\"},\"image\":{\"@id\":\"https:\/\/vieassociative.be\/actualites\/le-prochain-jeu-du-studio-derriere-the-last-of-us-imagine-une-ere-spatiale-pleine-de-marques\/#primaryimage\"},\"thumbnailUrl\":\"https:\/\/vieassociative.be\/actualites\/wp-content\/uploads\/2024\/12\/Le-prochain-jeu-du-studio-derriere-The-Last-of-Us.png\",\"keywords\":[\"derri\u00e8re\",\"\u00e8re\",\"imagine\",\"jeu\",\"marques\",\"pleine\",\"prochain\",\"spatiale\",\"Studio\",\"une\"],\"articleSection\":[\"Divertissement\"],\"inLanguage\":\"fr-BE\"},{\"@type\":\"WebPage\",\"@id\":\"https:\/\/vieassociative.be\/actualites\/le-prochain-jeu-du-studio-derriere-the-last-of-us-imagine-une-ere-spatiale-pleine-de-marques\/\",\"url\":\"https:\/\/vieassociative.be\/actualites\/le-prochain-jeu-du-studio-derriere-the-last-of-us-imagine-une-ere-spatiale-pleine-de-marques\/\",\"name\":\"Le prochain jeu du studio derri\u00e8re \\\"The Last of Us\\\" imagine une \u00e8re spatiale pleine de marques | Vie Associative\",\"isPartOf\":{\"@id\":\"https:\/\/vieassociative.be\/actualites\/#website\"},\"primaryImageOfPage\":{\"@id\":\"https:\/\/vieassociative.be\/actualites\/le-prochain-jeu-du-studio-derriere-the-last-of-us-imagine-une-ere-spatiale-pleine-de-marques\/#primaryimage\"},\"image\":{\"@id\":\"https:\/\/vieassociative.be\/actualites\/le-prochain-jeu-du-studio-derriere-the-last-of-us-imagine-une-ere-spatiale-pleine-de-marques\/#primaryimage\"},\"thumbnailUrl\":\"https:\/\/vieassociative.be\/actualites\/wp-content\/uploads\/2024\/12\/Le-prochain-jeu-du-studio-derriere-The-Last-of-Us.png\",\"datePublished\":\"2024-12-13T07:17:55+00:00\",\"dateModified\":\"2024-12-13T07:17:55+00:00\",\"breadcrumb\":{\"@id\":\"https:\/\/vieassociative.be\/actualites\/le-prochain-jeu-du-studio-derriere-the-last-of-us-imagine-une-ere-spatiale-pleine-de-marques\/#breadcrumb\"},\"inLanguage\":\"fr-BE\",\"potentialAction\":[{\"@type\":\"ReadAction\",\"target\":[\"https:\/\/vieassociative.be\/actualites\/le-prochain-jeu-du-studio-derriere-the-last-of-us-imagine-une-ere-spatiale-pleine-de-marques\/\"]}]},{\"@type\":\"ImageObject\",\"inLanguage\":\"fr-BE\",\"@id\":\"https:\/\/vieassociative.be\/actualites\/le-prochain-jeu-du-studio-derriere-the-last-of-us-imagine-une-ere-spatiale-pleine-de-marques\/#primaryimage\",\"url\":\"https:\/\/vieassociative.be\/actualites\/wp-content\/uploads\/2024\/12\/Le-prochain-jeu-du-studio-derriere-The-Last-of-Us.png\",\"contentUrl\":\"https:\/\/vieassociative.be\/actualites\/wp-content\/uploads\/2024\/12\/Le-prochain-jeu-du-studio-derriere-The-Last-of-Us.png\",\"width\":1200,\"height\":675,\"caption\":\"Le prochain jeu du studio derri\u00e8re \\\"The Last of Us\\\" imagine une \u00e8re spatiale pleine de marques\"},{\"@type\":\"BreadcrumbList\",\"@id\":\"https:\/\/vieassociative.be\/actualites\/le-prochain-jeu-du-studio-derriere-the-last-of-us-imagine-une-ere-spatiale-pleine-de-marques\/#breadcrumb\",\"itemListElement\":[{\"@type\":\"ListItem\",\"position\":1,\"name\":\"Accueil\",\"item\":\"https:\/\/vieassociative.be\/actualites\/\"},{\"@type\":\"ListItem\",\"position\":2,\"name\":\"Le prochain jeu du studio derri\u00e8re \u00ab\u00a0The Last of Us\u00a0\u00bb imagine une \u00e8re spatiale pleine de marques\"}]},{\"@type\":\"WebSite\",\"@id\":\"https:\/\/vieassociative.be\/actualites\/#website\",\"url\":\"https:\/\/vieassociative.be\/actualites\/\",\"name\":\"Vie Associative\",\"description\":\"\",\"publisher\":{\"@id\":\"https:\/\/vieassociative.be\/actualites\/#organization\"},\"potentialAction\":[{\"@type\":\"SearchAction\",\"target\":{\"@type\":\"EntryPoint\",\"urlTemplate\":\"https:\/\/vieassociative.be\/actualites\/?s={search_term_string}\"},\"query-input\":{\"@type\":\"PropertyValueSpecification\",\"valueRequired\":true,\"valueName\":\"search_term_string\"}}],\"inLanguage\":\"fr-BE\"},{\"@type\":\"Organization\",\"@id\":\"https:\/\/vieassociative.be\/actualites\/#organization\",\"name\":\"Vie Associative\",\"url\":\"https:\/\/vieassociative.be\/actualites\/\",\"logo\":{\"@type\":\"ImageObject\",\"inLanguage\":\"fr-BE\",\"@id\":\"https:\/\/vieassociative.be\/actualites\/#\/schema\/logo\/image\/\",\"url\":\"https:\/\/vieassociative.be\/actualites\/wp-content\/uploads\/2024\/09\/cropped-vieassociative_favicon.ico.png\",\"contentUrl\":\"https:\/\/vieassociative.be\/actualites\/wp-content\/uploads\/2024\/09\/cropped-vieassociative_favicon.ico.png\",\"width\":512,\"height\":512,\"caption\":\"Vie Associative\"},\"image\":{\"@id\":\"https:\/\/vieassociative.be\/actualites\/#\/schema\/logo\/image\/\"}},{\"@type\":\"Person\",\"@id\":\"https:\/\/vieassociative.be\/actualites\/#\/schema\/person\/b87ac4f82f9d4e7b7cec7395b679edc4\",\"name\":\"Julien\",\"image\":{\"@type\":\"ImageObject\",\"inLanguage\":\"fr-BE\",\"@id\":\"https:\/\/vieassociative.be\/actualites\/#\/schema\/person\/image\/\",\"url\":\"https:\/\/vieassociative.be\/actualites\/wp-content\/uploads\/2024\/09\/vie-associative-1-150x150.jpg\",\"contentUrl\":\"https:\/\/vieassociative.be\/actualites\/wp-content\/uploads\/2024\/09\/vie-associative-1-150x150.jpg\",\"caption\":\"Julien\"},\"description\":\"Je suis Julien, r\u00e9dacteur pour Vie Associative. Passionn\u00e9 par le monde associatif depuis plus de 10 ans, j'ai \u00e0 c\u0153ur de partager des histoires inspirantes et de mettre en lumi\u00e8re les initiatives locales. Mon objectif est de sensibiliser et d'encourager l'engagement communautaire \u00e0 travers mes articles.\",\"sameAs\":[\"https:\/\/vieassociative.be\/\"]}]}<\/script>\n<!-- \/ Yoast SEO plugin. -->","yoast_head_json":{"title":"Le prochain jeu du studio derri\u00e8re \"The Last of Us\" imagine une \u00e8re spatiale pleine de marques | Vie Associative","robots":{"index":"index","follow":"follow","max-snippet":"max-snippet:-1","max-image-preview":"max-image-preview:large","max-video-preview":"max-video-preview:-1"},"canonical":"https:\/\/vieassociative.be\/actualites\/le-prochain-jeu-du-studio-derriere-the-last-of-us-imagine-une-ere-spatiale-pleine-de-marques\/","og_locale":"fr_FR","og_type":"article","og_title":"Le prochain jeu du studio derri\u00e8re \"The Last of Us\" imagine une \u00e8re spatiale pleine de marques | Vie Associative","og_description":"J&rsquo;esp\u00e8re que vous n&rsquo;\u00eates pas encore fatigu\u00e9 des ann\u00e9es 80. Et si les marques \u00e9taient dans l\u2019espace ? Cela semble \u00eatre la principale question pos\u00e9e","og_url":"https:\/\/vieassociative.be\/actualites\/le-prochain-jeu-du-studio-derriere-the-last-of-us-imagine-une-ere-spatiale-pleine-de-marques\/","og_site_name":"Vie Associative","article_published_time":"2024-12-13T07:17:55+00:00","og_image":[{"width":279,"height":92,"url":"https:\/\/vieassociative.be\/actualites\/wp-content\/uploads\/2024\/09\/header_backgroundk-01-e1726694325946.png","type":"image\/png"}],"author":"Julien","twitter_card":"summary_large_image","twitter_misc":{"\u00c9crit par":"Julien","Dur\u00e9e de lecture est.":"2 minutes"},"schema":{"@context":"https:\/\/schema.org","@graph":[{"@type":"Article","@id":"https:\/\/vieassociative.be\/actualites\/le-prochain-jeu-du-studio-derriere-the-last-of-us-imagine-une-ere-spatiale-pleine-de-marques\/#article","isPartOf":{"@id":"https:\/\/vieassociative.be\/actualites\/le-prochain-jeu-du-studio-derriere-the-last-of-us-imagine-une-ere-spatiale-pleine-de-marques\/"},"author":{"name":"Julien","@id":"https:\/\/vieassociative.be\/actualites\/#\/schema\/person\/b87ac4f82f9d4e7b7cec7395b679edc4"},"headline":"Le prochain jeu du studio derri\u00e8re \u00ab\u00a0The Last of Us\u00a0\u00bb imagine une \u00e8re spatiale pleine de marques","datePublished":"2024-12-13T07:17:55+00:00","dateModified":"2024-12-13T07:17:55+00:00","mainEntityOfPage":{"@id":"https:\/\/vieassociative.be\/actualites\/le-prochain-jeu-du-studio-derriere-the-last-of-us-imagine-une-ere-spatiale-pleine-de-marques\/"},"wordCount":454,"publisher":{"@id":"https:\/\/vieassociative.be\/actualites\/#organization"},"image":{"@id":"https:\/\/vieassociative.be\/actualites\/le-prochain-jeu-du-studio-derriere-the-last-of-us-imagine-une-ere-spatiale-pleine-de-marques\/#primaryimage"},"thumbnailUrl":"https:\/\/vieassociative.be\/actualites\/wp-content\/uploads\/2024\/12\/Le-prochain-jeu-du-studio-derriere-The-Last-of-Us.png","keywords":["derri\u00e8re","\u00e8re","imagine","jeu","marques","pleine","prochain","spatiale","Studio","une"],"articleSection":["Divertissement"],"inLanguage":"fr-BE"},{"@type":"WebPage","@id":"https:\/\/vieassociative.be\/actualites\/le-prochain-jeu-du-studio-derriere-the-last-of-us-imagine-une-ere-spatiale-pleine-de-marques\/","url":"https:\/\/vieassociative.be\/actualites\/le-prochain-jeu-du-studio-derriere-the-last-of-us-imagine-une-ere-spatiale-pleine-de-marques\/","name":"Le prochain jeu du studio derri\u00e8re \"The Last of Us\" imagine une \u00e8re spatiale pleine de marques | Vie Associative","isPartOf":{"@id":"https:\/\/vieassociative.be\/actualites\/#website"},"primaryImageOfPage":{"@id":"https:\/\/vieassociative.be\/actualites\/le-prochain-jeu-du-studio-derriere-the-last-of-us-imagine-une-ere-spatiale-pleine-de-marques\/#primaryimage"},"image":{"@id":"https:\/\/vieassociative.be\/actualites\/le-prochain-jeu-du-studio-derriere-the-last-of-us-imagine-une-ere-spatiale-pleine-de-marques\/#primaryimage"},"thumbnailUrl":"https:\/\/vieassociative.be\/actualites\/wp-content\/uploads\/2024\/12\/Le-prochain-jeu-du-studio-derriere-The-Last-of-Us.png","datePublished":"2024-12-13T07:17:55+00:00","dateModified":"2024-12-13T07:17:55+00:00","breadcrumb":{"@id":"https:\/\/vieassociative.be\/actualites\/le-prochain-jeu-du-studio-derriere-the-last-of-us-imagine-une-ere-spatiale-pleine-de-marques\/#breadcrumb"},"inLanguage":"fr-BE","potentialAction":[{"@type":"ReadAction","target":["https:\/\/vieassociative.be\/actualites\/le-prochain-jeu-du-studio-derriere-the-last-of-us-imagine-une-ere-spatiale-pleine-de-marques\/"]}]},{"@type":"ImageObject","inLanguage":"fr-BE","@id":"https:\/\/vieassociative.be\/actualites\/le-prochain-jeu-du-studio-derriere-the-last-of-us-imagine-une-ere-spatiale-pleine-de-marques\/#primaryimage","url":"https:\/\/vieassociative.be\/actualites\/wp-content\/uploads\/2024\/12\/Le-prochain-jeu-du-studio-derriere-The-Last-of-Us.png","contentUrl":"https:\/\/vieassociative.be\/actualites\/wp-content\/uploads\/2024\/12\/Le-prochain-jeu-du-studio-derriere-The-Last-of-Us.png","width":1200,"height":675,"caption":"Le prochain jeu du studio derri\u00e8re \"The Last of Us\" imagine une \u00e8re spatiale pleine de marques"},{"@type":"BreadcrumbList","@id":"https:\/\/vieassociative.be\/actualites\/le-prochain-jeu-du-studio-derriere-the-last-of-us-imagine-une-ere-spatiale-pleine-de-marques\/#breadcrumb","itemListElement":[{"@type":"ListItem","position":1,"name":"Accueil","item":"https:\/\/vieassociative.be\/actualites\/"},{"@type":"ListItem","position":2,"name":"Le prochain jeu du studio derri\u00e8re \u00ab\u00a0The Last of Us\u00a0\u00bb imagine une \u00e8re spatiale pleine de marques"}]},{"@type":"WebSite","@id":"https:\/\/vieassociative.be\/actualites\/#website","url":"https:\/\/vieassociative.be\/actualites\/","name":"Vie Associative","description":"","publisher":{"@id":"https:\/\/vieassociative.be\/actualites\/#organization"},"potentialAction":[{"@type":"SearchAction","target":{"@type":"EntryPoint","urlTemplate":"https:\/\/vieassociative.be\/actualites\/?s={search_term_string}"},"query-input":{"@type":"PropertyValueSpecification","valueRequired":true,"valueName":"search_term_string"}}],"inLanguage":"fr-BE"},{"@type":"Organization","@id":"https:\/\/vieassociative.be\/actualites\/#organization","name":"Vie Associative","url":"https:\/\/vieassociative.be\/actualites\/","logo":{"@type":"ImageObject","inLanguage":"fr-BE","@id":"https:\/\/vieassociative.be\/actualites\/#\/schema\/logo\/image\/","url":"https:\/\/vieassociative.be\/actualites\/wp-content\/uploads\/2024\/09\/cropped-vieassociative_favicon.ico.png","contentUrl":"https:\/\/vieassociative.be\/actualites\/wp-content\/uploads\/2024\/09\/cropped-vieassociative_favicon.ico.png","width":512,"height":512,"caption":"Vie Associative"},"image":{"@id":"https:\/\/vieassociative.be\/actualites\/#\/schema\/logo\/image\/"}},{"@type":"Person","@id":"https:\/\/vieassociative.be\/actualites\/#\/schema\/person\/b87ac4f82f9d4e7b7cec7395b679edc4","name":"Julien","image":{"@type":"ImageObject","inLanguage":"fr-BE","@id":"https:\/\/vieassociative.be\/actualites\/#\/schema\/person\/image\/","url":"https:\/\/vieassociative.be\/actualites\/wp-content\/uploads\/2024\/09\/vie-associative-1-150x150.jpg","contentUrl":"https:\/\/vieassociative.be\/actualites\/wp-content\/uploads\/2024\/09\/vie-associative-1-150x150.jpg","caption":"Julien"},"description":"Je suis Julien, r\u00e9dacteur pour Vie Associative. Passionn\u00e9 par le monde associatif depuis plus de 10 ans, j'ai \u00e0 c\u0153ur de partager des histoires inspirantes et de mettre en lumi\u00e8re les initiatives locales. Mon objectif est de sensibiliser et d'encourager l'engagement communautaire \u00e0 travers mes articles.","sameAs":["https:\/\/vieassociative.be\/"]}]}},"_links":{"self":[{"href":"https:\/\/vieassociative.be\/actualites\/wp-json\/wp\/v2\/posts\/3345"}],"collection":[{"href":"https:\/\/vieassociative.be\/actualites\/wp-json\/wp\/v2\/posts"}],"about":[{"href":"https:\/\/vieassociative.be\/actualites\/wp-json\/wp\/v2\/types\/post"}],"author":[{"embeddable":true,"href":"https:\/\/vieassociative.be\/actualites\/wp-json\/wp\/v2\/users\/1"}],"replies":[{"embeddable":true,"href":"https:\/\/vieassociative.be\/actualites\/wp-json\/wp\/v2\/comments?post=3345"}],"version-history":[{"count":0,"href":"https:\/\/vieassociative.be\/actualites\/wp-json\/wp\/v2\/posts\/3345\/revisions"}],"wp:featuredmedia":[{"embeddable":true,"href":"https:\/\/vieassociative.be\/actualites\/wp-json\/wp\/v2\/media\/3346"}],"wp:attachment":[{"href":"https:\/\/vieassociative.be\/actualites\/wp-json\/wp\/v2\/media?parent=3345"}],"wp:term":[{"taxonomy":"category","embeddable":true,"href":"https:\/\/vieassociative.be\/actualites\/wp-json\/wp\/v2\/categories?post=3345"},{"taxonomy":"post_tag","embeddable":true,"href":"https:\/\/vieassociative.be\/actualites\/wp-json\/wp\/v2\/tags?post=3345"}],"curies":[{"name":"wp","href":"https:\/\/api.w.org\/{rel}","templated":true}]}}