{"id":3339,"date":"2024-12-13T03:19:15","date_gmt":"2024-12-13T02:19:15","guid":{"rendered":"https:\/\/vieassociative.be\/actualites\/5-victoires-en-5-matchs-succes-complet-de-la-belgique-en-coupe-deurope\/"},"modified":"2024-12-13T03:19:15","modified_gmt":"2024-12-13T02:19:15","slug":"5-victoires-en-5-matchs-succes-complet-de-la-belgique-en-coupe-deurope","status":"publish","type":"post","link":"https:\/\/vieassociative.be\/actualites\/5-victoires-en-5-matchs-succes-complet-de-la-belgique-en-coupe-deurope\/","title":{"rendered":"5 victoires en 5 matchs : Succ\u00e8s complet de la Belgique en Coupe d&rsquo;Europe"},"content":{"rendered":"<p><strong>Quelle semaine pour le football belge : les cinq repr\u00e9sentants des trois comp\u00e9titions europ\u00e9ennes ont enregistr\u00e9 une victoire. Cela rapporte beaucoup de points au classement UEFA sur 5 ans.<\/strong><\/p>\n<p><span id=\"more-403930\"><\/span>Apr\u00e8s la victoire du FC Bruges en Ligue des Champions face au Sporting Lisbonne mardi (voir reportage par ailleurs), les deux participants belges ont \u00e9galement remport\u00e9 la Ligue Europa jeudi. Tout d&rsquo;abord, l&rsquo;Union Saint-Gilloise a battu les Fran\u00e7ais de l&rsquo;OGC Nice 2-1 au Stade Roi Baudouin de Bruxelles gr\u00e2ce \u00e0 un doubl\u00e9 d&rsquo;Ivanovic. Les Belges ont marqu\u00e9 le but vainqueur dans les arr\u00eats de jeu.<\/p>\n<p>Par la suite, le RSC Anderlecht s&rsquo;est \u00e9galement impos\u00e9 2-1 chez le Slavia Prague gr\u00e2ce \u00e0 des buts d&rsquo;Angulo et Verschaeren.<\/p>\n<p>En Conference League, le Cercle Brugge s&rsquo;est impos\u00e9 4-1 \u00e0 Ljubljana en Slov\u00e9nie gr\u00e2ce \u00e0 Olaigbe (2), Augusto et Denkey. L&rsquo;AA Gent a battu les Serbes de Backa Topola 3-0. Dean, Gandelman et Surdez ont r\u00e9ussi pour les Buffalos.<\/p>\n<p>A deux journ\u00e9es de la fin du tour pr\u00e9liminaire, le RSC Anderlecht occupe la troisi\u00e8me place de la Ligue Europa et l&rsquo;Union Saint-Gilloise est \u00e0 la 20e place. En Conference League, le Cercle de Bruges est \u00e0 la septi\u00e8me place et l&rsquo;AA Gent \u00e0 la 13e place.<\/p>\n<p>Dans les trois comp\u00e9titions, les \u00e9quipes class\u00e9es 1 \u00e0 8 se qualifient directement pour les huiti\u00e8mes de finale. Les \u00e9quipes des places 9 \u00e0 24 disputeront les s\u00e9ries \u00e9liminatoires pour une place en huiti\u00e8mes de finale. Les autres \u00e9quipes des places 25 \u00e0 36 sont \u00e9limin\u00e9es. (cr\u00e9er)<\/p>\n<p><em><strong>Sur le sujet, voir aussi l&rsquo;article suivant sur l&rsquo;OD :<\/strong><\/em><\/p>\n<div class=\"responsive-embed widescreen\">\n<blockquote class=\"wp-embedded-content\" data-secret=\"ZMRUArFcPU\">\n<p>Ligue des Champions : le FC Bruges se rapproche des playoffs apr\u00e8s une victoire 2-1 contre le Sporting Lisbonne<\/p>\n<\/blockquote>\n<p><iframe loading=\"lazy\" class=\"wp-embedded-content\" sandbox=\"allow-scripts\" security=\"restricted\" style=\"position: absolute; visibility: hidden;\" title=\"\u201eChampions League: FC Br\u00fcgge n\u00e4hert sich nach 2:1-Sieg gegen Sporting Lissabon den Playoffs\u201c \u2014 Ostbelgien Direkt\" src=\"https:\/\/ostbelgiendirekt.be\/about:blank\" data-secret=\"ZMRUArFcPU\" width=\"500\" height=\"282\" frameborder=\"0\" marginwidth=\"0\" marginheight=\"0\" scrolling=\"no\" data-rocket-lazyload=\"fitvidscompatible\" data-lazy-src=\"https:\/\/ostbelgiendirekt.be\/champions-league-fc-brugge-403808\/embed#?secret=YCs38ehQNJ#?secret=ZMRUArFcPU\"><\/iframe><noscript><iframe class=\"wp-embedded-content\" sandbox=\"allow-scripts\" security=\"restricted\" style=\"position: absolute; visibility: hidden;\" title=\"\u201eChampions League: FC Br\u00fcgge n\u00e4hert sich nach 2:1-Sieg gegen Sporting Lissabon den Playoffs\u201c \u2014 Ostbelgien Direkt\" src=\"https:\/\/ostbelgiendirekt.be\/champions-league-fc-brugge-403808\/embed#?secret=YCs38ehQNJ#?secret=ZMRUArFcPU\" data-secret=\"ZMRUArFcPU\" width=\"500\" height=\"282\" frameborder=\"0\" marginwidth=\"0\" marginheight=\"0\" scrolling=\"no\"><\/iframe><\/noscript><\/p>\n<\/div>\n","protected":false},"excerpt":{"rendered":"<p>Quelle semaine pour le football belge : les cinq repr\u00e9sentants des trois comp\u00e9titions europ\u00e9ennes ont enregistr\u00e9 une victoire. Cela rapporte beaucoup de points au classement<\/p>\n","protected":false},"author":1,"featured_media":3340,"comment_status":"","ping_status":"","sticky":false,"template":"","format":"standard","meta":{"footnotes":""},"categories":[298],"tags":[383,494,2472,3976,3023,96,3975],"class_list":["post-3339","post","type-post","status-publish","format-standard","has-post-thumbnail","hentry","category-belgique","tag-belgique","tag-complet","tag-coupe","tag-deurope","tag-matchs","tag-succes","tag-victoires","generate-columns","tablet-grid-50","mobile-grid-100","grid-parent","grid-33"],"yoast_head":"<!-- This site is optimized with the Yoast SEO plugin v24.0 - https:\/\/yoast.com\/wordpress\/plugins\/seo\/ -->\n<title>5 victoires en 5 matchs : Succ\u00e8s complet de la Belgique en Coupe d&#039;Europe | Vie Associative<\/title>\n<meta name=\"robots\" content=\"index, follow, max-snippet:-1, max-image-preview:large, max-video-preview:-1\" \/>\n<link rel=\"canonical\" href=\"https:\/\/vieassociative.be\/actualites\/5-victoires-en-5-matchs-succes-complet-de-la-belgique-en-coupe-deurope\/\" \/>\n<meta property=\"og:locale\" content=\"fr_FR\" \/>\n<meta property=\"og:type\" content=\"article\" \/>\n<meta property=\"og:title\" content=\"5 victoires en 5 matchs : Succ\u00e8s complet de la Belgique en Coupe d&#039;Europe | Vie Associative\" \/>\n<meta property=\"og:description\" content=\"Quelle semaine pour le football belge : les cinq repr\u00e9sentants des trois comp\u00e9titions europ\u00e9ennes ont enregistr\u00e9 une victoire. Cela rapporte beaucoup de points au classement\" \/>\n<meta property=\"og:url\" content=\"https:\/\/vieassociative.be\/actualites\/5-victoires-en-5-matchs-succes-complet-de-la-belgique-en-coupe-deurope\/\" \/>\n<meta property=\"og:site_name\" content=\"Vie Associative\" \/>\n<meta property=\"article:published_time\" content=\"2024-12-13T02:19:15+00:00\" \/>\n<meta property=\"og:image\" content=\"https:\/\/vieassociative.be\/actualites\/wp-content\/uploads\/2024\/09\/header_backgroundk-01-e1726694325946.png\" \/>\n\t<meta property=\"og:image:width\" content=\"279\" \/>\n\t<meta property=\"og:image:height\" content=\"92\" \/>\n\t<meta property=\"og:image:type\" content=\"image\/png\" \/>\n<meta name=\"author\" content=\"Julien\" \/>\n<meta name=\"twitter:card\" content=\"summary_large_image\" \/>\n<meta name=\"twitter:label1\" content=\"\u00c9crit par\" \/>\n\t<meta name=\"twitter:data1\" content=\"Julien\" \/>\n\t<meta name=\"twitter:label2\" content=\"Dur\u00e9e de lecture est.\" \/>\n\t<meta name=\"twitter:data2\" content=\"1 minute\" \/>\n<script type=\"application\/ld+json\" class=\"yoast-schema-graph\">{\"@context\":\"https:\/\/schema.org\",\"@graph\":[{\"@type\":\"Article\",\"@id\":\"https:\/\/vieassociative.be\/actualites\/5-victoires-en-5-matchs-succes-complet-de-la-belgique-en-coupe-deurope\/#article\",\"isPartOf\":{\"@id\":\"https:\/\/vieassociative.be\/actualites\/5-victoires-en-5-matchs-succes-complet-de-la-belgique-en-coupe-deurope\/\"},\"author\":{\"name\":\"Julien\",\"@id\":\"https:\/\/vieassociative.be\/actualites\/#\/schema\/person\/b87ac4f82f9d4e7b7cec7395b679edc4\"},\"headline\":\"5 victoires en 5 matchs : Succ\u00e8s complet de la Belgique en Coupe d&rsquo;Europe\",\"datePublished\":\"2024-12-13T02:19:15+00:00\",\"dateModified\":\"2024-12-13T02:19:15+00:00\",\"mainEntityOfPage\":{\"@id\":\"https:\/\/vieassociative.be\/actualites\/5-victoires-en-5-matchs-succes-complet-de-la-belgique-en-coupe-deurope\/\"},\"wordCount\":304,\"publisher\":{\"@id\":\"https:\/\/vieassociative.be\/actualites\/#organization\"},\"image\":{\"@id\":\"https:\/\/vieassociative.be\/actualites\/5-victoires-en-5-matchs-succes-complet-de-la-belgique-en-coupe-deurope\/#primaryimage\"},\"thumbnailUrl\":\"https:\/\/vieassociative.be\/actualites\/wp-content\/uploads\/2024\/12\/5-victoires-en-5-matchs-Succes-complet-de-la.jpg\",\"keywords\":[\"Belgique\",\"complet\",\"Coupe\",\"dEurope\",\"matchs\",\"succ\u00e8s\",\"victoires\"],\"articleSection\":[\"Belgique\"],\"inLanguage\":\"fr-BE\"},{\"@type\":\"WebPage\",\"@id\":\"https:\/\/vieassociative.be\/actualites\/5-victoires-en-5-matchs-succes-complet-de-la-belgique-en-coupe-deurope\/\",\"url\":\"https:\/\/vieassociative.be\/actualites\/5-victoires-en-5-matchs-succes-complet-de-la-belgique-en-coupe-deurope\/\",\"name\":\"5 victoires en 5 matchs : Succ\u00e8s complet de la Belgique en Coupe d'Europe | Vie Associative\",\"isPartOf\":{\"@id\":\"https:\/\/vieassociative.be\/actualites\/#website\"},\"primaryImageOfPage\":{\"@id\":\"https:\/\/vieassociative.be\/actualites\/5-victoires-en-5-matchs-succes-complet-de-la-belgique-en-coupe-deurope\/#primaryimage\"},\"image\":{\"@id\":\"https:\/\/vieassociative.be\/actualites\/5-victoires-en-5-matchs-succes-complet-de-la-belgique-en-coupe-deurope\/#primaryimage\"},\"thumbnailUrl\":\"https:\/\/vieassociative.be\/actualites\/wp-content\/uploads\/2024\/12\/5-victoires-en-5-matchs-Succes-complet-de-la.jpg\",\"datePublished\":\"2024-12-13T02:19:15+00:00\",\"dateModified\":\"2024-12-13T02:19:15+00:00\",\"breadcrumb\":{\"@id\":\"https:\/\/vieassociative.be\/actualites\/5-victoires-en-5-matchs-succes-complet-de-la-belgique-en-coupe-deurope\/#breadcrumb\"},\"inLanguage\":\"fr-BE\",\"potentialAction\":[{\"@type\":\"ReadAction\",\"target\":[\"https:\/\/vieassociative.be\/actualites\/5-victoires-en-5-matchs-succes-complet-de-la-belgique-en-coupe-deurope\/\"]}]},{\"@type\":\"ImageObject\",\"inLanguage\":\"fr-BE\",\"@id\":\"https:\/\/vieassociative.be\/actualites\/5-victoires-en-5-matchs-succes-complet-de-la-belgique-en-coupe-deurope\/#primaryimage\",\"url\":\"https:\/\/vieassociative.be\/actualites\/wp-content\/uploads\/2024\/12\/5-victoires-en-5-matchs-Succes-complet-de-la.jpg\",\"contentUrl\":\"https:\/\/vieassociative.be\/actualites\/wp-content\/uploads\/2024\/12\/5-victoires-en-5-matchs-Succes-complet-de-la.jpg\",\"width\":1200,\"height\":655,\"caption\":\"5 victoires en 5 matchs : Succ\u00e8s complet de la Belgique en Coupe d'Europe\"},{\"@type\":\"BreadcrumbList\",\"@id\":\"https:\/\/vieassociative.be\/actualites\/5-victoires-en-5-matchs-succes-complet-de-la-belgique-en-coupe-deurope\/#breadcrumb\",\"itemListElement\":[{\"@type\":\"ListItem\",\"position\":1,\"name\":\"Accueil\",\"item\":\"https:\/\/vieassociative.be\/actualites\/\"},{\"@type\":\"ListItem\",\"position\":2,\"name\":\"5 victoires en 5 matchs : Succ\u00e8s complet de la Belgique en Coupe d&rsquo;Europe\"}]},{\"@type\":\"WebSite\",\"@id\":\"https:\/\/vieassociative.be\/actualites\/#website\",\"url\":\"https:\/\/vieassociative.be\/actualites\/\",\"name\":\"Vie Associative\",\"description\":\"\",\"publisher\":{\"@id\":\"https:\/\/vieassociative.be\/actualites\/#organization\"},\"potentialAction\":[{\"@type\":\"SearchAction\",\"target\":{\"@type\":\"EntryPoint\",\"urlTemplate\":\"https:\/\/vieassociative.be\/actualites\/?s={search_term_string}\"},\"query-input\":{\"@type\":\"PropertyValueSpecification\",\"valueRequired\":true,\"valueName\":\"search_term_string\"}}],\"inLanguage\":\"fr-BE\"},{\"@type\":\"Organization\",\"@id\":\"https:\/\/vieassociative.be\/actualites\/#organization\",\"name\":\"Vie Associative\",\"url\":\"https:\/\/vieassociative.be\/actualites\/\",\"logo\":{\"@type\":\"ImageObject\",\"inLanguage\":\"fr-BE\",\"@id\":\"https:\/\/vieassociative.be\/actualites\/#\/schema\/logo\/image\/\",\"url\":\"https:\/\/vieassociative.be\/actualites\/wp-content\/uploads\/2024\/09\/cropped-vieassociative_favicon.ico.png\",\"contentUrl\":\"https:\/\/vieassociative.be\/actualites\/wp-content\/uploads\/2024\/09\/cropped-vieassociative_favicon.ico.png\",\"width\":512,\"height\":512,\"caption\":\"Vie Associative\"},\"image\":{\"@id\":\"https:\/\/vieassociative.be\/actualites\/#\/schema\/logo\/image\/\"}},{\"@type\":\"Person\",\"@id\":\"https:\/\/vieassociative.be\/actualites\/#\/schema\/person\/b87ac4f82f9d4e7b7cec7395b679edc4\",\"name\":\"Julien\",\"image\":{\"@type\":\"ImageObject\",\"inLanguage\":\"fr-BE\",\"@id\":\"https:\/\/vieassociative.be\/actualites\/#\/schema\/person\/image\/\",\"url\":\"https:\/\/vieassociative.be\/actualites\/wp-content\/uploads\/2024\/09\/vie-associative-1-150x150.jpg\",\"contentUrl\":\"https:\/\/vieassociative.be\/actualites\/wp-content\/uploads\/2024\/09\/vie-associative-1-150x150.jpg\",\"caption\":\"Julien\"},\"description\":\"Je suis Julien, r\u00e9dacteur pour Vie Associative. Passionn\u00e9 par le monde associatif depuis plus de 10 ans, j'ai \u00e0 c\u0153ur de partager des histoires inspirantes et de mettre en lumi\u00e8re les initiatives locales. Mon objectif est de sensibiliser et d'encourager l'engagement communautaire \u00e0 travers mes articles.\",\"sameAs\":[\"https:\/\/vieassociative.be\/\"]}]}<\/script>\n<!-- \/ Yoast SEO plugin. -->","yoast_head_json":{"title":"5 victoires en 5 matchs : Succ\u00e8s complet de la Belgique en Coupe d'Europe | Vie Associative","robots":{"index":"index","follow":"follow","max-snippet":"max-snippet:-1","max-image-preview":"max-image-preview:large","max-video-preview":"max-video-preview:-1"},"canonical":"https:\/\/vieassociative.be\/actualites\/5-victoires-en-5-matchs-succes-complet-de-la-belgique-en-coupe-deurope\/","og_locale":"fr_FR","og_type":"article","og_title":"5 victoires en 5 matchs : Succ\u00e8s complet de la Belgique en Coupe d'Europe | Vie Associative","og_description":"Quelle semaine pour le football belge : les cinq repr\u00e9sentants des trois comp\u00e9titions europ\u00e9ennes ont enregistr\u00e9 une victoire. Cela rapporte beaucoup de points au classement","og_url":"https:\/\/vieassociative.be\/actualites\/5-victoires-en-5-matchs-succes-complet-de-la-belgique-en-coupe-deurope\/","og_site_name":"Vie Associative","article_published_time":"2024-12-13T02:19:15+00:00","og_image":[{"width":279,"height":92,"url":"https:\/\/vieassociative.be\/actualites\/wp-content\/uploads\/2024\/09\/header_backgroundk-01-e1726694325946.png","type":"image\/png"}],"author":"Julien","twitter_card":"summary_large_image","twitter_misc":{"\u00c9crit par":"Julien","Dur\u00e9e de lecture est.":"1 minute"},"schema":{"@context":"https:\/\/schema.org","@graph":[{"@type":"Article","@id":"https:\/\/vieassociative.be\/actualites\/5-victoires-en-5-matchs-succes-complet-de-la-belgique-en-coupe-deurope\/#article","isPartOf":{"@id":"https:\/\/vieassociative.be\/actualites\/5-victoires-en-5-matchs-succes-complet-de-la-belgique-en-coupe-deurope\/"},"author":{"name":"Julien","@id":"https:\/\/vieassociative.be\/actualites\/#\/schema\/person\/b87ac4f82f9d4e7b7cec7395b679edc4"},"headline":"5 victoires en 5 matchs : Succ\u00e8s complet de la Belgique en Coupe d&rsquo;Europe","datePublished":"2024-12-13T02:19:15+00:00","dateModified":"2024-12-13T02:19:15+00:00","mainEntityOfPage":{"@id":"https:\/\/vieassociative.be\/actualites\/5-victoires-en-5-matchs-succes-complet-de-la-belgique-en-coupe-deurope\/"},"wordCount":304,"publisher":{"@id":"https:\/\/vieassociative.be\/actualites\/#organization"},"image":{"@id":"https:\/\/vieassociative.be\/actualites\/5-victoires-en-5-matchs-succes-complet-de-la-belgique-en-coupe-deurope\/#primaryimage"},"thumbnailUrl":"https:\/\/vieassociative.be\/actualites\/wp-content\/uploads\/2024\/12\/5-victoires-en-5-matchs-Succes-complet-de-la.jpg","keywords":["Belgique","complet","Coupe","dEurope","matchs","succ\u00e8s","victoires"],"articleSection":["Belgique"],"inLanguage":"fr-BE"},{"@type":"WebPage","@id":"https:\/\/vieassociative.be\/actualites\/5-victoires-en-5-matchs-succes-complet-de-la-belgique-en-coupe-deurope\/","url":"https:\/\/vieassociative.be\/actualites\/5-victoires-en-5-matchs-succes-complet-de-la-belgique-en-coupe-deurope\/","name":"5 victoires en 5 matchs : Succ\u00e8s complet de la Belgique en Coupe d'Europe | Vie Associative","isPartOf":{"@id":"https:\/\/vieassociative.be\/actualites\/#website"},"primaryImageOfPage":{"@id":"https:\/\/vieassociative.be\/actualites\/5-victoires-en-5-matchs-succes-complet-de-la-belgique-en-coupe-deurope\/#primaryimage"},"image":{"@id":"https:\/\/vieassociative.be\/actualites\/5-victoires-en-5-matchs-succes-complet-de-la-belgique-en-coupe-deurope\/#primaryimage"},"thumbnailUrl":"https:\/\/vieassociative.be\/actualites\/wp-content\/uploads\/2024\/12\/5-victoires-en-5-matchs-Succes-complet-de-la.jpg","datePublished":"2024-12-13T02:19:15+00:00","dateModified":"2024-12-13T02:19:15+00:00","breadcrumb":{"@id":"https:\/\/vieassociative.be\/actualites\/5-victoires-en-5-matchs-succes-complet-de-la-belgique-en-coupe-deurope\/#breadcrumb"},"inLanguage":"fr-BE","potentialAction":[{"@type":"ReadAction","target":["https:\/\/vieassociative.be\/actualites\/5-victoires-en-5-matchs-succes-complet-de-la-belgique-en-coupe-deurope\/"]}]},{"@type":"ImageObject","inLanguage":"fr-BE","@id":"https:\/\/vieassociative.be\/actualites\/5-victoires-en-5-matchs-succes-complet-de-la-belgique-en-coupe-deurope\/#primaryimage","url":"https:\/\/vieassociative.be\/actualites\/wp-content\/uploads\/2024\/12\/5-victoires-en-5-matchs-Succes-complet-de-la.jpg","contentUrl":"https:\/\/vieassociative.be\/actualites\/wp-content\/uploads\/2024\/12\/5-victoires-en-5-matchs-Succes-complet-de-la.jpg","width":1200,"height":655,"caption":"5 victoires en 5 matchs : Succ\u00e8s complet de la Belgique en Coupe d'Europe"},{"@type":"BreadcrumbList","@id":"https:\/\/vieassociative.be\/actualites\/5-victoires-en-5-matchs-succes-complet-de-la-belgique-en-coupe-deurope\/#breadcrumb","itemListElement":[{"@type":"ListItem","position":1,"name":"Accueil","item":"https:\/\/vieassociative.be\/actualites\/"},{"@type":"ListItem","position":2,"name":"5 victoires en 5 matchs : Succ\u00e8s complet de la Belgique en Coupe d&rsquo;Europe"}]},{"@type":"WebSite","@id":"https:\/\/vieassociative.be\/actualites\/#website","url":"https:\/\/vieassociative.be\/actualites\/","name":"Vie Associative","description":"","publisher":{"@id":"https:\/\/vieassociative.be\/actualites\/#organization"},"potentialAction":[{"@type":"SearchAction","target":{"@type":"EntryPoint","urlTemplate":"https:\/\/vieassociative.be\/actualites\/?s={search_term_string}"},"query-input":{"@type":"PropertyValueSpecification","valueRequired":true,"valueName":"search_term_string"}}],"inLanguage":"fr-BE"},{"@type":"Organization","@id":"https:\/\/vieassociative.be\/actualites\/#organization","name":"Vie Associative","url":"https:\/\/vieassociative.be\/actualites\/","logo":{"@type":"ImageObject","inLanguage":"fr-BE","@id":"https:\/\/vieassociative.be\/actualites\/#\/schema\/logo\/image\/","url":"https:\/\/vieassociative.be\/actualites\/wp-content\/uploads\/2024\/09\/cropped-vieassociative_favicon.ico.png","contentUrl":"https:\/\/vieassociative.be\/actualites\/wp-content\/uploads\/2024\/09\/cropped-vieassociative_favicon.ico.png","width":512,"height":512,"caption":"Vie Associative"},"image":{"@id":"https:\/\/vieassociative.be\/actualites\/#\/schema\/logo\/image\/"}},{"@type":"Person","@id":"https:\/\/vieassociative.be\/actualites\/#\/schema\/person\/b87ac4f82f9d4e7b7cec7395b679edc4","name":"Julien","image":{"@type":"ImageObject","inLanguage":"fr-BE","@id":"https:\/\/vieassociative.be\/actualites\/#\/schema\/person\/image\/","url":"https:\/\/vieassociative.be\/actualites\/wp-content\/uploads\/2024\/09\/vie-associative-1-150x150.jpg","contentUrl":"https:\/\/vieassociative.be\/actualites\/wp-content\/uploads\/2024\/09\/vie-associative-1-150x150.jpg","caption":"Julien"},"description":"Je suis Julien, r\u00e9dacteur pour Vie Associative. Passionn\u00e9 par le monde associatif depuis plus de 10 ans, j'ai \u00e0 c\u0153ur de partager des histoires inspirantes et de mettre en lumi\u00e8re les initiatives locales. Mon objectif est de sensibiliser et d'encourager l'engagement communautaire \u00e0 travers mes articles.","sameAs":["https:\/\/vieassociative.be\/"]}]}},"_links":{"self":[{"href":"https:\/\/vieassociative.be\/actualites\/wp-json\/wp\/v2\/posts\/3339"}],"collection":[{"href":"https:\/\/vieassociative.be\/actualites\/wp-json\/wp\/v2\/posts"}],"about":[{"href":"https:\/\/vieassociative.be\/actualites\/wp-json\/wp\/v2\/types\/post"}],"author":[{"embeddable":true,"href":"https:\/\/vieassociative.be\/actualites\/wp-json\/wp\/v2\/users\/1"}],"replies":[{"embeddable":true,"href":"https:\/\/vieassociative.be\/actualites\/wp-json\/wp\/v2\/comments?post=3339"}],"version-history":[{"count":0,"href":"https:\/\/vieassociative.be\/actualites\/wp-json\/wp\/v2\/posts\/3339\/revisions"}],"wp:featuredmedia":[{"embeddable":true,"href":"https:\/\/vieassociative.be\/actualites\/wp-json\/wp\/v2\/media\/3340"}],"wp:attachment":[{"href":"https:\/\/vieassociative.be\/actualites\/wp-json\/wp\/v2\/media?parent=3339"}],"wp:term":[{"taxonomy":"category","embeddable":true,"href":"https:\/\/vieassociative.be\/actualites\/wp-json\/wp\/v2\/categories?post=3339"},{"taxonomy":"post_tag","embeddable":true,"href":"https:\/\/vieassociative.be\/actualites\/wp-json\/wp\/v2\/tags?post=3339"}],"curies":[{"name":"wp","href":"https:\/\/api.w.org\/{rel}","templated":true}]}}