{"id":3335,"date":"2024-12-13T00:18:52","date_gmt":"2024-12-12T23:18:52","guid":{"rendered":"https:\/\/vieassociative.be\/actualites\/naboiez-jamais-apres-votre-chien\/"},"modified":"2024-12-13T00:18:52","modified_gmt":"2024-12-12T23:18:52","slug":"naboiez-jamais-apres-votre-chien","status":"publish","type":"post","link":"https:\/\/vieassociative.be\/actualites\/naboiez-jamais-apres-votre-chien\/","title":{"rendered":"N&rsquo;aboiez jamais apr\u00e8s votre chien"},"content":{"rendered":"<div class=\"mt-4 leading-6 md:mb-8\">Leur r\u00e9action \u00ab\u00a0dr\u00f4le\u00a0\u00bb est en fait une r\u00e9action traumatisante.<\/div>\n<p><\/p>\n<p>Au cas o\u00f9 vous cligneriez des yeux et manqueriez le TikTok #barkatyourdogchallenge, c&rsquo;est exactement \u00e0 quoi cela ressemble\u00a0: une personne qui aboie apr\u00e8s son chien. Plus pr\u00e9cis\u00e9ment, le but du d\u00e9fi est de prendre une vid\u00e9o de votre chien r\u00e9agissant \u00e0 vos aboiements dessus, au visage. <\/p>\n<p>Les r\u00e9actions de surprise des chiens sont cens\u00e9es \u00eatre dr\u00f4les, mais selon les experts animaliers, leurs yeux et leurs visages expressifs sont en r\u00e9alit\u00e9 des signes de stress et de peur. Voici pourquoi vous ne devriez jamais aboyer apr\u00e8s votre (ou tout autre) chien.<\/p>\n<h2 id=\"what-happens-when-you-bark-at-your-dog\">Que se passe-t-il lorsque vous aboiez apr\u00e8s votre chien<\/h2>\n<p>Selon l\u2019American Kennel Club (AKC), les r\u00e9actions \u00ab dr\u00f4les \u00bb sont en r\u00e9alit\u00e9 des r\u00e9actions de stress et de peur. Voici quelques exemples\u00a0:<\/p>\n<ul>\n<li>\n<p>  \u00ab Oeil de baleine \u00bb (o\u00f9 ils ouvrent les yeux et les rendent tr\u00e8s grands)<\/p>\n<\/li>\n<li>\n<p>Corps et traits du visage raides<\/p>\n<\/li>\n<li>\n<p>  Oreilles \u00e9pingl\u00e9es en arri\u00e8re<\/p>\n<\/li>\n<li>\n<p>Aboyer ou vocaliser en r\u00e9ponse \u00e0 l&rsquo;humain<\/p>\n<\/li>\n<li>\n<p>Se l\u00e9cher les l\u00e8vres <\/p>\n<\/li>\n<li>\n<p>Montrer les dents <\/p>\n<\/li>\n<li>\n<p>Essayer de s&rsquo;enfuir<\/p>\n<\/li>\n<\/ul>\n<p>D&rsquo;autres r\u00e9actions sont un peu plus \u00e9videntes et vous permettent de savoir que votre chien <em>certainement<\/em> n&rsquo;est pas fan de votre aboiement au visage (ou de tout ce que vous avez fait pour les surprendre). L&rsquo;AKC indique que ceux-ci peuvent inclure\u00a0:<\/p>\n<ul>\n<li>\n<p>Aboiement<\/p>\n<\/li>\n<li>\n<p>Longe<\/p>\n<\/li>\n<li>\n<p>Capture<\/p>\n<\/li>\n<li>\n<p>Mordant<\/p>\n<\/li>\n<\/ul>\n<p>Bien s\u00fbr, tous les chiens sont diff\u00e9rents, mais pour \u00eatre s\u00fbr, l&rsquo;AKC recommande d&rsquo;\u00e9viter ce d\u00e9fi.<\/p>\n<h2 id=\"why-barking-at-dogs-stresses-them-out\">Pourquoi aboyer contre les chiens les stresse<\/h2>\n<p>Qu&rsquo;est-ce qui se passe exactement dans la t\u00eate d&rsquo;un chien lorsqu&rsquo;un humain aboie apr\u00e8s lui\u00a0?<\/p>\n<p>\u00ab\u00a0Lorsque les chiens aboient, ils peuvent signifier diff\u00e9rentes choses &#8211; le ton et le langage corporel peuvent signifier n&rsquo;importe quoi, de\u00a0\u00bb jouer \u00ab\u00a0\u00e0\u00a0\u00bb Je suis inquiet \u00ab\u00a0et m\u00eame \u00e0 d\u00e9fensif\u00a0\u00bb rester \u00e0 l&rsquo;\u00e9cart \u00ab\u00a0\u00a0\u00bb, a d\u00e9clar\u00e9 le v\u00e9t\u00e9rinaire Dr Jo Woodnutt \u00e0 Pets Radar. \u00ab\u00a0Dans cette tendance, les gens aboient apr\u00e8s leurs chiens sans se soucier de leur langage corporel ou de leur ton, et il y a un risque que cela soit mal interpr\u00e9t\u00e9.\u00a0\u00bb<\/p>\n<p>Dans le m\u00eame ordre d\u2019id\u00e9es, Woodnutt note que le d\u00e9fi TikTok implique \u00e9galement deux autres choses que les humains font et qui mettent les chiens mal \u00e0 l\u2019aise : envahir leur espace personnel et \u00e9tablir un contact visuel avec eux, deux choses que les chiens per\u00e7oivent comme mena\u00e7antes. \u00ab\u00a0En lisant le langage corporel des chiens, beaucoup d&rsquo;entre eux sont d\u00e9j\u00e0 un peu nerveux face \u00e0 la situation et ne sont pas s\u00fbrs de ce qui se passe. Ils sont nerveux\u00a0\u00bb, ajoute Woodnutt.<\/p>\n<p><script async src=\"\/\/www.tiktok.com\/embed.js\"><\/script><\/p>\n","protected":false},"excerpt":{"rendered":"<p>Leur r\u00e9action \u00ab\u00a0dr\u00f4le\u00a0\u00bb est en fait une r\u00e9action traumatisante. Au cas o\u00f9 vous cligneriez des yeux et manqueriez le TikTok #barkatyourdogchallenge, c&rsquo;est exactement \u00e0 quoi<\/p>\n","protected":false},"author":1,"featured_media":3336,"comment_status":"","ping_status":"","sticky":false,"template":"","format":"standard","meta":{"footnotes":""},"categories":[37],"tags":[472,91,851,3973,8],"class_list":["post-3335","post","type-post","status-publish","format-standard","has-post-thumbnail","hentry","category-famille","tag-apres","tag-chien","tag-jamais","tag-naboiez","tag-votre","generate-columns","tablet-grid-50","mobile-grid-100","grid-parent","grid-33"],"yoast_head":"<!-- This site is optimized with the Yoast SEO plugin v24.0 - https:\/\/yoast.com\/wordpress\/plugins\/seo\/ -->\n<title>N&#039;aboiez jamais apr\u00e8s votre chien | Vie Associative<\/title>\n<meta name=\"robots\" content=\"index, follow, max-snippet:-1, max-image-preview:large, max-video-preview:-1\" \/>\n<link rel=\"canonical\" href=\"https:\/\/vieassociative.be\/actualites\/naboiez-jamais-apres-votre-chien\/\" \/>\n<meta property=\"og:locale\" content=\"fr_FR\" \/>\n<meta property=\"og:type\" content=\"article\" \/>\n<meta property=\"og:title\" content=\"N&#039;aboiez jamais apr\u00e8s votre chien | Vie Associative\" \/>\n<meta property=\"og:description\" content=\"Leur r\u00e9action \u00ab\u00a0dr\u00f4le\u00a0\u00bb est en fait une r\u00e9action traumatisante. Au cas o\u00f9 vous cligneriez des yeux et manqueriez le TikTok #barkatyourdogchallenge, c&rsquo;est exactement \u00e0 quoi\" \/>\n<meta property=\"og:url\" content=\"https:\/\/vieassociative.be\/actualites\/naboiez-jamais-apres-votre-chien\/\" \/>\n<meta property=\"og:site_name\" content=\"Vie Associative\" \/>\n<meta property=\"article:published_time\" content=\"2024-12-12T23:18:52+00:00\" \/>\n<meta property=\"og:image\" content=\"https:\/\/vieassociative.be\/actualites\/wp-content\/uploads\/2024\/09\/header_backgroundk-01-e1726694325946.png\" \/>\n\t<meta property=\"og:image:width\" content=\"279\" \/>\n\t<meta property=\"og:image:height\" content=\"92\" \/>\n\t<meta property=\"og:image:type\" content=\"image\/png\" \/>\n<meta name=\"author\" content=\"Julien\" \/>\n<meta name=\"twitter:card\" content=\"summary_large_image\" \/>\n<meta name=\"twitter:label1\" content=\"\u00c9crit par\" \/>\n\t<meta name=\"twitter:data1\" content=\"Julien\" \/>\n\t<meta name=\"twitter:label2\" content=\"Dur\u00e9e de lecture est.\" \/>\n\t<meta name=\"twitter:data2\" content=\"2 minutes\" \/>\n<script type=\"application\/ld+json\" class=\"yoast-schema-graph\">{\"@context\":\"https:\/\/schema.org\",\"@graph\":[{\"@type\":\"Article\",\"@id\":\"https:\/\/vieassociative.be\/actualites\/naboiez-jamais-apres-votre-chien\/#article\",\"isPartOf\":{\"@id\":\"https:\/\/vieassociative.be\/actualites\/naboiez-jamais-apres-votre-chien\/\"},\"author\":{\"name\":\"Julien\",\"@id\":\"https:\/\/vieassociative.be\/actualites\/#\/schema\/person\/b87ac4f82f9d4e7b7cec7395b679edc4\"},\"headline\":\"N&rsquo;aboiez jamais apr\u00e8s votre chien\",\"datePublished\":\"2024-12-12T23:18:52+00:00\",\"dateModified\":\"2024-12-12T23:18:52+00:00\",\"mainEntityOfPage\":{\"@id\":\"https:\/\/vieassociative.be\/actualites\/naboiez-jamais-apres-votre-chien\/\"},\"wordCount\":469,\"publisher\":{\"@id\":\"https:\/\/vieassociative.be\/actualites\/#organization\"},\"image\":{\"@id\":\"https:\/\/vieassociative.be\/actualites\/naboiez-jamais-apres-votre-chien\/#primaryimage\"},\"thumbnailUrl\":\"https:\/\/vieassociative.be\/actualites\/wp-content\/uploads\/2024\/12\/Naboiez-jamais-apres-votre-chien.jpg\",\"keywords\":[\"Apr\u00e8s\",\"chien\",\"jamais\",\"Naboiez\",\"votre\"],\"articleSection\":[\"Famille\"],\"inLanguage\":\"fr-BE\"},{\"@type\":\"WebPage\",\"@id\":\"https:\/\/vieassociative.be\/actualites\/naboiez-jamais-apres-votre-chien\/\",\"url\":\"https:\/\/vieassociative.be\/actualites\/naboiez-jamais-apres-votre-chien\/\",\"name\":\"N'aboiez jamais apr\u00e8s votre chien | Vie Associative\",\"isPartOf\":{\"@id\":\"https:\/\/vieassociative.be\/actualites\/#website\"},\"primaryImageOfPage\":{\"@id\":\"https:\/\/vieassociative.be\/actualites\/naboiez-jamais-apres-votre-chien\/#primaryimage\"},\"image\":{\"@id\":\"https:\/\/vieassociative.be\/actualites\/naboiez-jamais-apres-votre-chien\/#primaryimage\"},\"thumbnailUrl\":\"https:\/\/vieassociative.be\/actualites\/wp-content\/uploads\/2024\/12\/Naboiez-jamais-apres-votre-chien.jpg\",\"datePublished\":\"2024-12-12T23:18:52+00:00\",\"dateModified\":\"2024-12-12T23:18:52+00:00\",\"breadcrumb\":{\"@id\":\"https:\/\/vieassociative.be\/actualites\/naboiez-jamais-apres-votre-chien\/#breadcrumb\"},\"inLanguage\":\"fr-BE\",\"potentialAction\":[{\"@type\":\"ReadAction\",\"target\":[\"https:\/\/vieassociative.be\/actualites\/naboiez-jamais-apres-votre-chien\/\"]}]},{\"@type\":\"ImageObject\",\"inLanguage\":\"fr-BE\",\"@id\":\"https:\/\/vieassociative.be\/actualites\/naboiez-jamais-apres-votre-chien\/#primaryimage\",\"url\":\"https:\/\/vieassociative.be\/actualites\/wp-content\/uploads\/2024\/12\/Naboiez-jamais-apres-votre-chien.jpg\",\"contentUrl\":\"https:\/\/vieassociative.be\/actualites\/wp-content\/uploads\/2024\/12\/Naboiez-jamais-apres-votre-chien.jpg\",\"width\":1200,\"height\":675,\"caption\":\"N'aboiez jamais apr\u00e8s votre chien\"},{\"@type\":\"BreadcrumbList\",\"@id\":\"https:\/\/vieassociative.be\/actualites\/naboiez-jamais-apres-votre-chien\/#breadcrumb\",\"itemListElement\":[{\"@type\":\"ListItem\",\"position\":1,\"name\":\"Accueil\",\"item\":\"https:\/\/vieassociative.be\/actualites\/\"},{\"@type\":\"ListItem\",\"position\":2,\"name\":\"N&rsquo;aboiez jamais apr\u00e8s votre chien\"}]},{\"@type\":\"WebSite\",\"@id\":\"https:\/\/vieassociative.be\/actualites\/#website\",\"url\":\"https:\/\/vieassociative.be\/actualites\/\",\"name\":\"Vie Associative\",\"description\":\"\",\"publisher\":{\"@id\":\"https:\/\/vieassociative.be\/actualites\/#organization\"},\"potentialAction\":[{\"@type\":\"SearchAction\",\"target\":{\"@type\":\"EntryPoint\",\"urlTemplate\":\"https:\/\/vieassociative.be\/actualites\/?s={search_term_string}\"},\"query-input\":{\"@type\":\"PropertyValueSpecification\",\"valueRequired\":true,\"valueName\":\"search_term_string\"}}],\"inLanguage\":\"fr-BE\"},{\"@type\":\"Organization\",\"@id\":\"https:\/\/vieassociative.be\/actualites\/#organization\",\"name\":\"Vie Associative\",\"url\":\"https:\/\/vieassociative.be\/actualites\/\",\"logo\":{\"@type\":\"ImageObject\",\"inLanguage\":\"fr-BE\",\"@id\":\"https:\/\/vieassociative.be\/actualites\/#\/schema\/logo\/image\/\",\"url\":\"https:\/\/vieassociative.be\/actualites\/wp-content\/uploads\/2024\/09\/cropped-vieassociative_favicon.ico.png\",\"contentUrl\":\"https:\/\/vieassociative.be\/actualites\/wp-content\/uploads\/2024\/09\/cropped-vieassociative_favicon.ico.png\",\"width\":512,\"height\":512,\"caption\":\"Vie Associative\"},\"image\":{\"@id\":\"https:\/\/vieassociative.be\/actualites\/#\/schema\/logo\/image\/\"}},{\"@type\":\"Person\",\"@id\":\"https:\/\/vieassociative.be\/actualites\/#\/schema\/person\/b87ac4f82f9d4e7b7cec7395b679edc4\",\"name\":\"Julien\",\"image\":{\"@type\":\"ImageObject\",\"inLanguage\":\"fr-BE\",\"@id\":\"https:\/\/vieassociative.be\/actualites\/#\/schema\/person\/image\/\",\"url\":\"https:\/\/vieassociative.be\/actualites\/wp-content\/uploads\/2024\/09\/vie-associative-1-150x150.jpg\",\"contentUrl\":\"https:\/\/vieassociative.be\/actualites\/wp-content\/uploads\/2024\/09\/vie-associative-1-150x150.jpg\",\"caption\":\"Julien\"},\"description\":\"Je suis Julien, r\u00e9dacteur pour Vie Associative. Passionn\u00e9 par le monde associatif depuis plus de 10 ans, j'ai \u00e0 c\u0153ur de partager des histoires inspirantes et de mettre en lumi\u00e8re les initiatives locales. Mon objectif est de sensibiliser et d'encourager l'engagement communautaire \u00e0 travers mes articles.\",\"sameAs\":[\"https:\/\/vieassociative.be\/\"]}]}<\/script>\n<!-- \/ Yoast SEO plugin. -->","yoast_head_json":{"title":"N'aboiez jamais apr\u00e8s votre chien | Vie Associative","robots":{"index":"index","follow":"follow","max-snippet":"max-snippet:-1","max-image-preview":"max-image-preview:large","max-video-preview":"max-video-preview:-1"},"canonical":"https:\/\/vieassociative.be\/actualites\/naboiez-jamais-apres-votre-chien\/","og_locale":"fr_FR","og_type":"article","og_title":"N'aboiez jamais apr\u00e8s votre chien | Vie Associative","og_description":"Leur r\u00e9action \u00ab\u00a0dr\u00f4le\u00a0\u00bb est en fait une r\u00e9action traumatisante. Au cas o\u00f9 vous cligneriez des yeux et manqueriez le TikTok #barkatyourdogchallenge, c&rsquo;est exactement \u00e0 quoi","og_url":"https:\/\/vieassociative.be\/actualites\/naboiez-jamais-apres-votre-chien\/","og_site_name":"Vie Associative","article_published_time":"2024-12-12T23:18:52+00:00","og_image":[{"width":279,"height":92,"url":"https:\/\/vieassociative.be\/actualites\/wp-content\/uploads\/2024\/09\/header_backgroundk-01-e1726694325946.png","type":"image\/png"}],"author":"Julien","twitter_card":"summary_large_image","twitter_misc":{"\u00c9crit par":"Julien","Dur\u00e9e de lecture est.":"2 minutes"},"schema":{"@context":"https:\/\/schema.org","@graph":[{"@type":"Article","@id":"https:\/\/vieassociative.be\/actualites\/naboiez-jamais-apres-votre-chien\/#article","isPartOf":{"@id":"https:\/\/vieassociative.be\/actualites\/naboiez-jamais-apres-votre-chien\/"},"author":{"name":"Julien","@id":"https:\/\/vieassociative.be\/actualites\/#\/schema\/person\/b87ac4f82f9d4e7b7cec7395b679edc4"},"headline":"N&rsquo;aboiez jamais apr\u00e8s votre chien","datePublished":"2024-12-12T23:18:52+00:00","dateModified":"2024-12-12T23:18:52+00:00","mainEntityOfPage":{"@id":"https:\/\/vieassociative.be\/actualites\/naboiez-jamais-apres-votre-chien\/"},"wordCount":469,"publisher":{"@id":"https:\/\/vieassociative.be\/actualites\/#organization"},"image":{"@id":"https:\/\/vieassociative.be\/actualites\/naboiez-jamais-apres-votre-chien\/#primaryimage"},"thumbnailUrl":"https:\/\/vieassociative.be\/actualites\/wp-content\/uploads\/2024\/12\/Naboiez-jamais-apres-votre-chien.jpg","keywords":["Apr\u00e8s","chien","jamais","Naboiez","votre"],"articleSection":["Famille"],"inLanguage":"fr-BE"},{"@type":"WebPage","@id":"https:\/\/vieassociative.be\/actualites\/naboiez-jamais-apres-votre-chien\/","url":"https:\/\/vieassociative.be\/actualites\/naboiez-jamais-apres-votre-chien\/","name":"N'aboiez jamais apr\u00e8s votre chien | Vie Associative","isPartOf":{"@id":"https:\/\/vieassociative.be\/actualites\/#website"},"primaryImageOfPage":{"@id":"https:\/\/vieassociative.be\/actualites\/naboiez-jamais-apres-votre-chien\/#primaryimage"},"image":{"@id":"https:\/\/vieassociative.be\/actualites\/naboiez-jamais-apres-votre-chien\/#primaryimage"},"thumbnailUrl":"https:\/\/vieassociative.be\/actualites\/wp-content\/uploads\/2024\/12\/Naboiez-jamais-apres-votre-chien.jpg","datePublished":"2024-12-12T23:18:52+00:00","dateModified":"2024-12-12T23:18:52+00:00","breadcrumb":{"@id":"https:\/\/vieassociative.be\/actualites\/naboiez-jamais-apres-votre-chien\/#breadcrumb"},"inLanguage":"fr-BE","potentialAction":[{"@type":"ReadAction","target":["https:\/\/vieassociative.be\/actualites\/naboiez-jamais-apres-votre-chien\/"]}]},{"@type":"ImageObject","inLanguage":"fr-BE","@id":"https:\/\/vieassociative.be\/actualites\/naboiez-jamais-apres-votre-chien\/#primaryimage","url":"https:\/\/vieassociative.be\/actualites\/wp-content\/uploads\/2024\/12\/Naboiez-jamais-apres-votre-chien.jpg","contentUrl":"https:\/\/vieassociative.be\/actualites\/wp-content\/uploads\/2024\/12\/Naboiez-jamais-apres-votre-chien.jpg","width":1200,"height":675,"caption":"N'aboiez jamais apr\u00e8s votre chien"},{"@type":"BreadcrumbList","@id":"https:\/\/vieassociative.be\/actualites\/naboiez-jamais-apres-votre-chien\/#breadcrumb","itemListElement":[{"@type":"ListItem","position":1,"name":"Accueil","item":"https:\/\/vieassociative.be\/actualites\/"},{"@type":"ListItem","position":2,"name":"N&rsquo;aboiez jamais apr\u00e8s votre chien"}]},{"@type":"WebSite","@id":"https:\/\/vieassociative.be\/actualites\/#website","url":"https:\/\/vieassociative.be\/actualites\/","name":"Vie Associative","description":"","publisher":{"@id":"https:\/\/vieassociative.be\/actualites\/#organization"},"potentialAction":[{"@type":"SearchAction","target":{"@type":"EntryPoint","urlTemplate":"https:\/\/vieassociative.be\/actualites\/?s={search_term_string}"},"query-input":{"@type":"PropertyValueSpecification","valueRequired":true,"valueName":"search_term_string"}}],"inLanguage":"fr-BE"},{"@type":"Organization","@id":"https:\/\/vieassociative.be\/actualites\/#organization","name":"Vie Associative","url":"https:\/\/vieassociative.be\/actualites\/","logo":{"@type":"ImageObject","inLanguage":"fr-BE","@id":"https:\/\/vieassociative.be\/actualites\/#\/schema\/logo\/image\/","url":"https:\/\/vieassociative.be\/actualites\/wp-content\/uploads\/2024\/09\/cropped-vieassociative_favicon.ico.png","contentUrl":"https:\/\/vieassociative.be\/actualites\/wp-content\/uploads\/2024\/09\/cropped-vieassociative_favicon.ico.png","width":512,"height":512,"caption":"Vie Associative"},"image":{"@id":"https:\/\/vieassociative.be\/actualites\/#\/schema\/logo\/image\/"}},{"@type":"Person","@id":"https:\/\/vieassociative.be\/actualites\/#\/schema\/person\/b87ac4f82f9d4e7b7cec7395b679edc4","name":"Julien","image":{"@type":"ImageObject","inLanguage":"fr-BE","@id":"https:\/\/vieassociative.be\/actualites\/#\/schema\/person\/image\/","url":"https:\/\/vieassociative.be\/actualites\/wp-content\/uploads\/2024\/09\/vie-associative-1-150x150.jpg","contentUrl":"https:\/\/vieassociative.be\/actualites\/wp-content\/uploads\/2024\/09\/vie-associative-1-150x150.jpg","caption":"Julien"},"description":"Je suis Julien, r\u00e9dacteur pour Vie Associative. Passionn\u00e9 par le monde associatif depuis plus de 10 ans, j'ai \u00e0 c\u0153ur de partager des histoires inspirantes et de mettre en lumi\u00e8re les initiatives locales. Mon objectif est de sensibiliser et d'encourager l'engagement communautaire \u00e0 travers mes articles.","sameAs":["https:\/\/vieassociative.be\/"]}]}},"_links":{"self":[{"href":"https:\/\/vieassociative.be\/actualites\/wp-json\/wp\/v2\/posts\/3335"}],"collection":[{"href":"https:\/\/vieassociative.be\/actualites\/wp-json\/wp\/v2\/posts"}],"about":[{"href":"https:\/\/vieassociative.be\/actualites\/wp-json\/wp\/v2\/types\/post"}],"author":[{"embeddable":true,"href":"https:\/\/vieassociative.be\/actualites\/wp-json\/wp\/v2\/users\/1"}],"replies":[{"embeddable":true,"href":"https:\/\/vieassociative.be\/actualites\/wp-json\/wp\/v2\/comments?post=3335"}],"version-history":[{"count":0,"href":"https:\/\/vieassociative.be\/actualites\/wp-json\/wp\/v2\/posts\/3335\/revisions"}],"wp:featuredmedia":[{"embeddable":true,"href":"https:\/\/vieassociative.be\/actualites\/wp-json\/wp\/v2\/media\/3336"}],"wp:attachment":[{"href":"https:\/\/vieassociative.be\/actualites\/wp-json\/wp\/v2\/media?parent=3335"}],"wp:term":[{"taxonomy":"category","embeddable":true,"href":"https:\/\/vieassociative.be\/actualites\/wp-json\/wp\/v2\/categories?post=3335"},{"taxonomy":"post_tag","embeddable":true,"href":"https:\/\/vieassociative.be\/actualites\/wp-json\/wp\/v2\/tags?post=3335"}],"curies":[{"name":"wp","href":"https:\/\/api.w.org\/{rel}","templated":true}]}}