{"id":3328,"date":"2024-12-12T19:17:32","date_gmt":"2024-12-12T18:17:32","guid":{"rendered":"https:\/\/vieassociative.be\/actualites\/les-meilleurs-etirements-pour-un-bas-du-dos-raide\/"},"modified":"2024-12-12T19:17:32","modified_gmt":"2024-12-12T18:17:32","slug":"les-meilleurs-etirements-pour-un-bas-du-dos-raide","status":"publish","type":"post","link":"https:\/\/vieassociative.be\/actualites\/les-meilleurs-etirements-pour-un-bas-du-dos-raide\/","title":{"rendered":"Les meilleurs \u00e9tirements pour un bas du dos raide"},"content":{"rendered":"<div class=\"mt-4 leading-6 md:mb-8\">Essayez le chat\/vache et quelques \u00e9tirements moins connus pour redonner \u00e0 votre dos la mobilit\u00e9 dont il a tant besoin.<\/div>\n<p><\/p>\n<p>Une fois que vous avez parcouru les meilleurs \u00e9tirements pour le haut du dos (sans parler des \u00e9paules et des ischio-jambiers), vous voudrez peut-\u00eatre \u00e9galement quelque chose pour le bas du dos. Voici quelques \u00e9tirements qui permettront \u00e0 votre bas du dos de se sentir bien ou qui peuvent \u00eatre ajout\u00e9s \u00e0 une routine d\u2019\u00e9tirements de tout le corps.<\/p>\n<p>Avant d\u2019aborder mes \u00e9tirements pr\u00e9f\u00e9r\u00e9s, je voudrais dire quelques mots sur ce que signifie avoir le dos raide. Les douleurs ou raideurs dans le bas du dos sont tr\u00e8s courantes, mais elles ont tendance \u00e0 bien r\u00e9pondre \u00e0 presque tous les types d\u2019exercices. Les \u00e9tirements sont bons, mais le renforcement aussi, tout comme le mouvement en g\u00e9n\u00e9ral (comme la marche, le yoga ou tout ce que vous aimez faire pour rester au moins un peu actif). J&rsquo;en ai plus ici sur la fa\u00e7on dont les m\u00e9decins et les scientifiques comprennent actuellement les maux de dos et comment les g\u00e9rer. Lisez-le si vous \u00eates pr\u00e9occup\u00e9 par une raideur ou un inconfort dans le dos. Et maintenant, place aux \u00e9tirements.<\/p>\n<h2 id=\"catcow\">Chat\/vache<\/h2>\n<p>\u00c9coutez, c&rsquo;est un classique pour une raison. C\u2019est \u00e9galement \u00e0 double usage, puisque je l\u2019ai \u00e9galement inclus dans mon article sur les \u00e9tirements du haut du dos. Lorsque vous effectuez cet \u00e9tirement, concentrez-vous sur la zone que vous essayez d&rsquo;\u00e9tirer. Dans ce cas, il s&rsquo;agit du bas de votre dos, alors assurez-vous d&rsquo;arrondir et d&rsquo;\u00e9tendre le bas de votre dos en inclinant votre bassin, <em>pas<\/em> mettre tout le mouvement dans le haut du dos et les \u00e9paules. <\/p>\n<p>Pour faire un chat\/vache : <\/p>\n<ol>\n<li>\n<p>Mettez-vous \u00e0 quatre pattes sur le sol, les mains sous les \u00e9paules et les genoux sous les hanches. Vous devriez vous sentir stable ici. Utilisez un tapis de yoga ou un coussin sous vos genoux si votre sol est dur.<\/p>\n<\/li>\n<li>\n<p><strong>Chat<\/strong>: Vous voulez ressembler \u00e0 un de ces chats d&rsquo;Halloween qui ont peur et qui ont le dos arrondi vers le ciel, comme un arc-en-ciel. Contractez vos abdominaux, comme si vous faisiez un crunch, et essayez de ressentir un \u00e9tirement dans le bas du dos (et peut-\u00eatre aussi dans le haut du dos, mais ce n&rsquo;est pas notre objectif ici). Ce n&rsquo;est pas grave si vous ne vous sentez pas trop \u00e9tir\u00e9, faites simplement de votre mieux pour exag\u00e9rer cette position.<\/p>\n<\/li>\n<li>\n<p><strong>Vache<\/strong>: C&rsquo;est l&rsquo;oppos\u00e9 de la position du chat. Gardez vos bras et vos jambes stables sous vous (comme des piliers verticaux) et laissez votre ventre se d\u00e9tendre et s&rsquo;affaisser vers le sol. <\/p>\n<\/li>\n<li>\n<p>Faites plusieurs allers-retours entre le chat et la vache. Prenez votre temps, en respirant une ou deux fois dans chaque position. <\/p>\n<\/li>\n<\/ol>\n<h2 id=\"side-to-side-childs-pose\">Pose de l&rsquo;enfant c\u00f4te \u00e0 c\u00f4te<\/h2>\n<p>Celui-ci fait bouger le bas du dos dans une direction lat\u00e9rale. <\/p>\n<ol>\n<li>\n<p>Mettez-vous dans la pose d&rsquo;un enfant. C&rsquo;est celui o\u00f9 vous \u00eates \u00e0 genoux, vos fesses sont pr\u00e8s de vos talons et vous tendez la main devant vous avec votre visage pr\u00e8s du sol. Vous pouvez \u00e9carter vos genoux si cela vous aide \u00e0 trouver une position plus confortable. Vous pouvez ressentir un \u00e9tirement dans le bas du dos rien qu&rsquo;en entrant dans cette position. Avancez aussi loin que vous le pouvez confortablement. <\/p>\n<\/li>\n<li>\n<p>Avancez vos mains vers la gauche. Vous ressentirez un \u00e9tirement sur votre c\u00f4t\u00e9 droit. Restez ici pour une respiration ou deux. <\/p>\n<\/li>\n<li>\n<p>Passez vos mains vers le c\u00f4t\u00e9 droit, pour l&rsquo;\u00e9tirement oppos\u00e9. <\/p>\n<\/li>\n<li>\n<p>Vous pouvez alterner entre ces positions aussi longtemps que vous le souhaitez.<\/p>\n<\/li>\n<\/ol>\n<h2 id=\"jefferson-curl\">Boucle Jefferson<\/h2>\n<p>Il s\u2019agit \u00e0 la fois d\u2019un \u00e9tirement pond\u00e9r\u00e9 et d\u2019un exercice de renforcement. Cela peut para\u00eetre un peu \u00e9trange si vous vous souvenez de tous ces conseils de ne pas \u00ab soulever avec le dos \u00bb, mais il s&rsquo;agit d&rsquo;un mouvement qui est sans danger pour la plupart des gens tant que vous ne le chargez pas. <em>aussi<\/em> lourd. (Le poids lourd est, bien s\u00fbr, relatif \u00e0 votre niveau de force. Il existe des gens extr\u00eamement forts avec des halt\u00e8res de curling Jefferson. Mais vous n&rsquo;\u00eates pas oblig\u00e9 de le faire, du moins pas aujourd&rsquo;hui.) <\/p>\n<p>Pour faire un curl Jefferson\u00a0: <\/p>\n<ol>\n<li>\n<p>Tenez-vous debout sur une marche, un banc ou une bo\u00eete stable pour vous assurer que vous pouvez vous pencher sans que vos mains ne touchent le sol. Si vous utilisez un poids, tenez-le dans vos mains.<\/p>\n<\/li>\n<li>\n<p>Courbez votre torse vers le sol. Vous vous retrouverez dans une position o\u00f9 vous touchez les orteils, mais avec le dos arrondi. <\/p>\n<\/li>\n<li>\n<p>Laissez le poids de votre corps (et\/ou le poids que vous tenez) vous tirer vers le sol. <\/p>\n<\/li>\n<li>\n<p>Levez-vous lentement en d\u00e9fon\u00e7ant votre torse. C&rsquo;est comme le mouvement qui est parfois d\u00e9crit dans les cours de yoga comme se tenir debout \u00ab vert\u00e8bre par vert\u00e8bre \u00bb. <\/p>\n<\/li>\n<li>\n<p>R\u00e9p\u00e9tez plusieurs fois. <\/p>\n<\/li>\n<\/ol>\n<p>Au fur et \u00e0 mesure que vous vous am\u00e9liorerez, vous pourrez approfondir l&rsquo;\u00e9tirement, ce qui signifie baisser vos mains un peu plus bas. Vous deviendrez \u00e9galement plus fort, ce qui signifie que vous pourrez commencer \u00e0 ajouter du poids ou \u00e0 augmenter le poids que vous utilisez. Les personnes qui pratiquent les curls Jefferson depuis un certain temps peuvent les faire debout sur une bo\u00eete plyo et tenant une kettlebell. Mais c&rsquo;est bien d&rsquo;utiliser une chaise ou une marche dans votre maison, quel que soit le poids (ou pas de poids) que vous avez \u00e0 port\u00e9e de main. <\/p>\n<h2 id=\"cobra-pose-sort-of\">Pose du Cobra (en quelque sorte)<\/h2>\n<p>Les puristes du yoga diront peut-\u00eatre que je d\u00e9cris cela mal, mais personne ne saurait ce que je voulais dire si je disais \u00ab extension du dos en position couch\u00e9e \u00bb, donc cobra est le mot que j&rsquo;utilise. Ne vous inqui\u00e9tez pas d&rsquo;en faire une pose de cobra parfaite, ni d&rsquo;essayer de faire la diff\u00e9rence entre un cobra et un chien orient\u00e9 vers le haut. Le fait est que vous laisserez votre dos se d\u00e9tendre dans une position qui le plie dans la direction oppos\u00e9e \u00e0 la boucle Jefferson d\u00e9crite ci-dessus. <\/p>\n<ol>\n<li>\n<p>Allongez-vous sur le ventre avec <em>hauts<\/em> de vos pieds sur le sol et de vos mains \u00e0 vos c\u00f4t\u00e9s comme si vous alliez faire des pompes. <\/p>\n<\/li>\n<li>\n<p>Laissez vos jambes et vos hanches sur le sol, mais poussez vers le haut avec vos bras pour soulever vos \u00e9paules du sol. Vous pouvez placer vos mains devant vos \u00e9paules, si c&rsquo;est plus confortable que de les avoir sous vous. <\/p>\n<\/li>\n<li>\n<p>D\u00e9tendez votre dos en laissant votre ventre s&rsquo;affaisser vers le sol, comme vous l&rsquo;avez fait dans la pose de la vache.<\/p>\n<\/li>\n<li>\n<p>Apr\u00e8s vous \u00eatre install\u00e9 dans cet \u00e9tirement, ramenez le haut de votre corps au sol. Vous pouvez soit r\u00e9p\u00e9ter cet \u00e9tirement tout de suite, soit alterner avec une pose d&rsquo;enfant (avec ou sans les mouvements lat\u00e9raux).<\/p>\n<\/li>\n<\/ol>\n","protected":false},"excerpt":{"rendered":"<p>Essayez le chat\/vache et quelques \u00e9tirements moins connus pour redonner \u00e0 votre dos la mobilit\u00e9 dont il a tant besoin. Une fois que vous avez<\/p>\n","protected":false},"author":1,"featured_media":3329,"comment_status":"","ping_status":"","sticky":false,"template":"","format":"standard","meta":{"footnotes":""},"categories":[38],"tags":[700,261,3927,14,187,81,3928],"class_list":["post-3328","post","type-post","status-publish","format-standard","has-post-thumbnail","hentry","category-sante","tag-bas","tag-dos","tag-etirements","tag-les","tag-meilleurs","tag-pour","tag-raide","generate-columns","tablet-grid-50","mobile-grid-100","grid-parent","grid-33"],"yoast_head":"<!-- This site is optimized with the Yoast SEO plugin v24.0 - https:\/\/yoast.com\/wordpress\/plugins\/seo\/ -->\n<title>Les meilleurs \u00e9tirements pour un bas du dos raide | Vie Associative<\/title>\n<meta name=\"robots\" content=\"index, follow, max-snippet:-1, max-image-preview:large, max-video-preview:-1\" \/>\n<link rel=\"canonical\" href=\"https:\/\/vieassociative.be\/actualites\/les-meilleurs-etirements-pour-un-bas-du-dos-raide\/\" \/>\n<meta property=\"og:locale\" content=\"fr_FR\" \/>\n<meta property=\"og:type\" content=\"article\" \/>\n<meta property=\"og:title\" content=\"Les meilleurs \u00e9tirements pour un bas du dos raide | Vie Associative\" \/>\n<meta property=\"og:description\" content=\"Essayez le chat\/vache et quelques \u00e9tirements moins connus pour redonner \u00e0 votre dos la mobilit\u00e9 dont il a tant besoin. Une fois que vous avez\" \/>\n<meta property=\"og:url\" content=\"https:\/\/vieassociative.be\/actualites\/les-meilleurs-etirements-pour-un-bas-du-dos-raide\/\" \/>\n<meta property=\"og:site_name\" content=\"Vie Associative\" \/>\n<meta property=\"article:published_time\" content=\"2024-12-12T18:17:32+00:00\" \/>\n<meta property=\"og:image\" content=\"https:\/\/vieassociative.be\/actualites\/wp-content\/uploads\/2024\/09\/header_backgroundk-01-e1726694325946.png\" \/>\n\t<meta property=\"og:image:width\" content=\"279\" \/>\n\t<meta property=\"og:image:height\" content=\"92\" \/>\n\t<meta property=\"og:image:type\" content=\"image\/png\" \/>\n<meta name=\"author\" content=\"Julien\" \/>\n<meta name=\"twitter:card\" content=\"summary_large_image\" \/>\n<meta name=\"twitter:label1\" content=\"\u00c9crit par\" \/>\n\t<meta name=\"twitter:data1\" content=\"Julien\" \/>\n\t<meta name=\"twitter:label2\" content=\"Dur\u00e9e de lecture est.\" \/>\n\t<meta name=\"twitter:data2\" content=\"6 minutes\" \/>\n<script type=\"application\/ld+json\" class=\"yoast-schema-graph\">{\"@context\":\"https:\/\/schema.org\",\"@graph\":[{\"@type\":\"Article\",\"@id\":\"https:\/\/vieassociative.be\/actualites\/les-meilleurs-etirements-pour-un-bas-du-dos-raide\/#article\",\"isPartOf\":{\"@id\":\"https:\/\/vieassociative.be\/actualites\/les-meilleurs-etirements-pour-un-bas-du-dos-raide\/\"},\"author\":{\"name\":\"Julien\",\"@id\":\"https:\/\/vieassociative.be\/actualites\/#\/schema\/person\/b87ac4f82f9d4e7b7cec7395b679edc4\"},\"headline\":\"Les meilleurs \u00e9tirements pour un bas du dos raide\",\"datePublished\":\"2024-12-12T18:17:32+00:00\",\"dateModified\":\"2024-12-12T18:17:32+00:00\",\"mainEntityOfPage\":{\"@id\":\"https:\/\/vieassociative.be\/actualites\/les-meilleurs-etirements-pour-un-bas-du-dos-raide\/\"},\"wordCount\":1194,\"publisher\":{\"@id\":\"https:\/\/vieassociative.be\/actualites\/#organization\"},\"image\":{\"@id\":\"https:\/\/vieassociative.be\/actualites\/les-meilleurs-etirements-pour-un-bas-du-dos-raide\/#primaryimage\"},\"thumbnailUrl\":\"https:\/\/vieassociative.be\/actualites\/wp-content\/uploads\/2024\/12\/Les-meilleurs-etirements-pour-un-bas-du-dos-raide.jpg\",\"keywords\":[\"bas\",\"dos\",\"\u00e9tirements\",\"Les\",\"meilleurs\",\"pour\",\"raide\"],\"articleSection\":[\"Sant\u00e9\"],\"inLanguage\":\"fr-BE\"},{\"@type\":\"WebPage\",\"@id\":\"https:\/\/vieassociative.be\/actualites\/les-meilleurs-etirements-pour-un-bas-du-dos-raide\/\",\"url\":\"https:\/\/vieassociative.be\/actualites\/les-meilleurs-etirements-pour-un-bas-du-dos-raide\/\",\"name\":\"Les meilleurs \u00e9tirements pour un bas du dos raide | Vie Associative\",\"isPartOf\":{\"@id\":\"https:\/\/vieassociative.be\/actualites\/#website\"},\"primaryImageOfPage\":{\"@id\":\"https:\/\/vieassociative.be\/actualites\/les-meilleurs-etirements-pour-un-bas-du-dos-raide\/#primaryimage\"},\"image\":{\"@id\":\"https:\/\/vieassociative.be\/actualites\/les-meilleurs-etirements-pour-un-bas-du-dos-raide\/#primaryimage\"},\"thumbnailUrl\":\"https:\/\/vieassociative.be\/actualites\/wp-content\/uploads\/2024\/12\/Les-meilleurs-etirements-pour-un-bas-du-dos-raide.jpg\",\"datePublished\":\"2024-12-12T18:17:32+00:00\",\"dateModified\":\"2024-12-12T18:17:32+00:00\",\"breadcrumb\":{\"@id\":\"https:\/\/vieassociative.be\/actualites\/les-meilleurs-etirements-pour-un-bas-du-dos-raide\/#breadcrumb\"},\"inLanguage\":\"fr-BE\",\"potentialAction\":[{\"@type\":\"ReadAction\",\"target\":[\"https:\/\/vieassociative.be\/actualites\/les-meilleurs-etirements-pour-un-bas-du-dos-raide\/\"]}]},{\"@type\":\"ImageObject\",\"inLanguage\":\"fr-BE\",\"@id\":\"https:\/\/vieassociative.be\/actualites\/les-meilleurs-etirements-pour-un-bas-du-dos-raide\/#primaryimage\",\"url\":\"https:\/\/vieassociative.be\/actualites\/wp-content\/uploads\/2024\/12\/Les-meilleurs-etirements-pour-un-bas-du-dos-raide.jpg\",\"contentUrl\":\"https:\/\/vieassociative.be\/actualites\/wp-content\/uploads\/2024\/12\/Les-meilleurs-etirements-pour-un-bas-du-dos-raide.jpg\",\"width\":1200,\"height\":675,\"caption\":\"Les meilleurs \u00e9tirements pour un bas du dos raide\"},{\"@type\":\"BreadcrumbList\",\"@id\":\"https:\/\/vieassociative.be\/actualites\/les-meilleurs-etirements-pour-un-bas-du-dos-raide\/#breadcrumb\",\"itemListElement\":[{\"@type\":\"ListItem\",\"position\":1,\"name\":\"Accueil\",\"item\":\"https:\/\/vieassociative.be\/actualites\/\"},{\"@type\":\"ListItem\",\"position\":2,\"name\":\"Les meilleurs \u00e9tirements pour un bas du dos raide\"}]},{\"@type\":\"WebSite\",\"@id\":\"https:\/\/vieassociative.be\/actualites\/#website\",\"url\":\"https:\/\/vieassociative.be\/actualites\/\",\"name\":\"Vie Associative\",\"description\":\"\",\"publisher\":{\"@id\":\"https:\/\/vieassociative.be\/actualites\/#organization\"},\"potentialAction\":[{\"@type\":\"SearchAction\",\"target\":{\"@type\":\"EntryPoint\",\"urlTemplate\":\"https:\/\/vieassociative.be\/actualites\/?s={search_term_string}\"},\"query-input\":{\"@type\":\"PropertyValueSpecification\",\"valueRequired\":true,\"valueName\":\"search_term_string\"}}],\"inLanguage\":\"fr-BE\"},{\"@type\":\"Organization\",\"@id\":\"https:\/\/vieassociative.be\/actualites\/#organization\",\"name\":\"Vie Associative\",\"url\":\"https:\/\/vieassociative.be\/actualites\/\",\"logo\":{\"@type\":\"ImageObject\",\"inLanguage\":\"fr-BE\",\"@id\":\"https:\/\/vieassociative.be\/actualites\/#\/schema\/logo\/image\/\",\"url\":\"https:\/\/vieassociative.be\/actualites\/wp-content\/uploads\/2024\/09\/cropped-vieassociative_favicon.ico.png\",\"contentUrl\":\"https:\/\/vieassociative.be\/actualites\/wp-content\/uploads\/2024\/09\/cropped-vieassociative_favicon.ico.png\",\"width\":512,\"height\":512,\"caption\":\"Vie Associative\"},\"image\":{\"@id\":\"https:\/\/vieassociative.be\/actualites\/#\/schema\/logo\/image\/\"}},{\"@type\":\"Person\",\"@id\":\"https:\/\/vieassociative.be\/actualites\/#\/schema\/person\/b87ac4f82f9d4e7b7cec7395b679edc4\",\"name\":\"Julien\",\"image\":{\"@type\":\"ImageObject\",\"inLanguage\":\"fr-BE\",\"@id\":\"https:\/\/vieassociative.be\/actualites\/#\/schema\/person\/image\/\",\"url\":\"https:\/\/vieassociative.be\/actualites\/wp-content\/uploads\/2024\/09\/vie-associative-1-150x150.jpg\",\"contentUrl\":\"https:\/\/vieassociative.be\/actualites\/wp-content\/uploads\/2024\/09\/vie-associative-1-150x150.jpg\",\"caption\":\"Julien\"},\"description\":\"Je suis Julien, r\u00e9dacteur pour Vie Associative. Passionn\u00e9 par le monde associatif depuis plus de 10 ans, j'ai \u00e0 c\u0153ur de partager des histoires inspirantes et de mettre en lumi\u00e8re les initiatives locales. Mon objectif est de sensibiliser et d'encourager l'engagement communautaire \u00e0 travers mes articles.\",\"sameAs\":[\"https:\/\/vieassociative.be\/\"]}]}<\/script>\n<!-- \/ Yoast SEO plugin. -->","yoast_head_json":{"title":"Les meilleurs \u00e9tirements pour un bas du dos raide | Vie Associative","robots":{"index":"index","follow":"follow","max-snippet":"max-snippet:-1","max-image-preview":"max-image-preview:large","max-video-preview":"max-video-preview:-1"},"canonical":"https:\/\/vieassociative.be\/actualites\/les-meilleurs-etirements-pour-un-bas-du-dos-raide\/","og_locale":"fr_FR","og_type":"article","og_title":"Les meilleurs \u00e9tirements pour un bas du dos raide | Vie Associative","og_description":"Essayez le chat\/vache et quelques \u00e9tirements moins connus pour redonner \u00e0 votre dos la mobilit\u00e9 dont il a tant besoin. Une fois que vous avez","og_url":"https:\/\/vieassociative.be\/actualites\/les-meilleurs-etirements-pour-un-bas-du-dos-raide\/","og_site_name":"Vie Associative","article_published_time":"2024-12-12T18:17:32+00:00","og_image":[{"width":279,"height":92,"url":"https:\/\/vieassociative.be\/actualites\/wp-content\/uploads\/2024\/09\/header_backgroundk-01-e1726694325946.png","type":"image\/png"}],"author":"Julien","twitter_card":"summary_large_image","twitter_misc":{"\u00c9crit par":"Julien","Dur\u00e9e de lecture est.":"6 minutes"},"schema":{"@context":"https:\/\/schema.org","@graph":[{"@type":"Article","@id":"https:\/\/vieassociative.be\/actualites\/les-meilleurs-etirements-pour-un-bas-du-dos-raide\/#article","isPartOf":{"@id":"https:\/\/vieassociative.be\/actualites\/les-meilleurs-etirements-pour-un-bas-du-dos-raide\/"},"author":{"name":"Julien","@id":"https:\/\/vieassociative.be\/actualites\/#\/schema\/person\/b87ac4f82f9d4e7b7cec7395b679edc4"},"headline":"Les meilleurs \u00e9tirements pour un bas du dos raide","datePublished":"2024-12-12T18:17:32+00:00","dateModified":"2024-12-12T18:17:32+00:00","mainEntityOfPage":{"@id":"https:\/\/vieassociative.be\/actualites\/les-meilleurs-etirements-pour-un-bas-du-dos-raide\/"},"wordCount":1194,"publisher":{"@id":"https:\/\/vieassociative.be\/actualites\/#organization"},"image":{"@id":"https:\/\/vieassociative.be\/actualites\/les-meilleurs-etirements-pour-un-bas-du-dos-raide\/#primaryimage"},"thumbnailUrl":"https:\/\/vieassociative.be\/actualites\/wp-content\/uploads\/2024\/12\/Les-meilleurs-etirements-pour-un-bas-du-dos-raide.jpg","keywords":["bas","dos","\u00e9tirements","Les","meilleurs","pour","raide"],"articleSection":["Sant\u00e9"],"inLanguage":"fr-BE"},{"@type":"WebPage","@id":"https:\/\/vieassociative.be\/actualites\/les-meilleurs-etirements-pour-un-bas-du-dos-raide\/","url":"https:\/\/vieassociative.be\/actualites\/les-meilleurs-etirements-pour-un-bas-du-dos-raide\/","name":"Les meilleurs \u00e9tirements pour un bas du dos raide | Vie Associative","isPartOf":{"@id":"https:\/\/vieassociative.be\/actualites\/#website"},"primaryImageOfPage":{"@id":"https:\/\/vieassociative.be\/actualites\/les-meilleurs-etirements-pour-un-bas-du-dos-raide\/#primaryimage"},"image":{"@id":"https:\/\/vieassociative.be\/actualites\/les-meilleurs-etirements-pour-un-bas-du-dos-raide\/#primaryimage"},"thumbnailUrl":"https:\/\/vieassociative.be\/actualites\/wp-content\/uploads\/2024\/12\/Les-meilleurs-etirements-pour-un-bas-du-dos-raide.jpg","datePublished":"2024-12-12T18:17:32+00:00","dateModified":"2024-12-12T18:17:32+00:00","breadcrumb":{"@id":"https:\/\/vieassociative.be\/actualites\/les-meilleurs-etirements-pour-un-bas-du-dos-raide\/#breadcrumb"},"inLanguage":"fr-BE","potentialAction":[{"@type":"ReadAction","target":["https:\/\/vieassociative.be\/actualites\/les-meilleurs-etirements-pour-un-bas-du-dos-raide\/"]}]},{"@type":"ImageObject","inLanguage":"fr-BE","@id":"https:\/\/vieassociative.be\/actualites\/les-meilleurs-etirements-pour-un-bas-du-dos-raide\/#primaryimage","url":"https:\/\/vieassociative.be\/actualites\/wp-content\/uploads\/2024\/12\/Les-meilleurs-etirements-pour-un-bas-du-dos-raide.jpg","contentUrl":"https:\/\/vieassociative.be\/actualites\/wp-content\/uploads\/2024\/12\/Les-meilleurs-etirements-pour-un-bas-du-dos-raide.jpg","width":1200,"height":675,"caption":"Les meilleurs \u00e9tirements pour un bas du dos raide"},{"@type":"BreadcrumbList","@id":"https:\/\/vieassociative.be\/actualites\/les-meilleurs-etirements-pour-un-bas-du-dos-raide\/#breadcrumb","itemListElement":[{"@type":"ListItem","position":1,"name":"Accueil","item":"https:\/\/vieassociative.be\/actualites\/"},{"@type":"ListItem","position":2,"name":"Les meilleurs \u00e9tirements pour un bas du dos raide"}]},{"@type":"WebSite","@id":"https:\/\/vieassociative.be\/actualites\/#website","url":"https:\/\/vieassociative.be\/actualites\/","name":"Vie Associative","description":"","publisher":{"@id":"https:\/\/vieassociative.be\/actualites\/#organization"},"potentialAction":[{"@type":"SearchAction","target":{"@type":"EntryPoint","urlTemplate":"https:\/\/vieassociative.be\/actualites\/?s={search_term_string}"},"query-input":{"@type":"PropertyValueSpecification","valueRequired":true,"valueName":"search_term_string"}}],"inLanguage":"fr-BE"},{"@type":"Organization","@id":"https:\/\/vieassociative.be\/actualites\/#organization","name":"Vie Associative","url":"https:\/\/vieassociative.be\/actualites\/","logo":{"@type":"ImageObject","inLanguage":"fr-BE","@id":"https:\/\/vieassociative.be\/actualites\/#\/schema\/logo\/image\/","url":"https:\/\/vieassociative.be\/actualites\/wp-content\/uploads\/2024\/09\/cropped-vieassociative_favicon.ico.png","contentUrl":"https:\/\/vieassociative.be\/actualites\/wp-content\/uploads\/2024\/09\/cropped-vieassociative_favicon.ico.png","width":512,"height":512,"caption":"Vie Associative"},"image":{"@id":"https:\/\/vieassociative.be\/actualites\/#\/schema\/logo\/image\/"}},{"@type":"Person","@id":"https:\/\/vieassociative.be\/actualites\/#\/schema\/person\/b87ac4f82f9d4e7b7cec7395b679edc4","name":"Julien","image":{"@type":"ImageObject","inLanguage":"fr-BE","@id":"https:\/\/vieassociative.be\/actualites\/#\/schema\/person\/image\/","url":"https:\/\/vieassociative.be\/actualites\/wp-content\/uploads\/2024\/09\/vie-associative-1-150x150.jpg","contentUrl":"https:\/\/vieassociative.be\/actualites\/wp-content\/uploads\/2024\/09\/vie-associative-1-150x150.jpg","caption":"Julien"},"description":"Je suis Julien, r\u00e9dacteur pour Vie Associative. Passionn\u00e9 par le monde associatif depuis plus de 10 ans, j'ai \u00e0 c\u0153ur de partager des histoires inspirantes et de mettre en lumi\u00e8re les initiatives locales. Mon objectif est de sensibiliser et d'encourager l'engagement communautaire \u00e0 travers mes articles.","sameAs":["https:\/\/vieassociative.be\/"]}]}},"_links":{"self":[{"href":"https:\/\/vieassociative.be\/actualites\/wp-json\/wp\/v2\/posts\/3328"}],"collection":[{"href":"https:\/\/vieassociative.be\/actualites\/wp-json\/wp\/v2\/posts"}],"about":[{"href":"https:\/\/vieassociative.be\/actualites\/wp-json\/wp\/v2\/types\/post"}],"author":[{"embeddable":true,"href":"https:\/\/vieassociative.be\/actualites\/wp-json\/wp\/v2\/users\/1"}],"replies":[{"embeddable":true,"href":"https:\/\/vieassociative.be\/actualites\/wp-json\/wp\/v2\/comments?post=3328"}],"version-history":[{"count":0,"href":"https:\/\/vieassociative.be\/actualites\/wp-json\/wp\/v2\/posts\/3328\/revisions"}],"wp:featuredmedia":[{"embeddable":true,"href":"https:\/\/vieassociative.be\/actualites\/wp-json\/wp\/v2\/media\/3329"}],"wp:attachment":[{"href":"https:\/\/vieassociative.be\/actualites\/wp-json\/wp\/v2\/media?parent=3328"}],"wp:term":[{"taxonomy":"category","embeddable":true,"href":"https:\/\/vieassociative.be\/actualites\/wp-json\/wp\/v2\/categories?post=3328"},{"taxonomy":"post_tag","embeddable":true,"href":"https:\/\/vieassociative.be\/actualites\/wp-json\/wp\/v2\/tags?post=3328"}],"curies":[{"name":"wp","href":"https:\/\/api.w.org\/{rel}","templated":true}]}}