{"id":3326,"date":"2024-12-12T18:18:06","date_gmt":"2024-12-12T17:18:06","guid":{"rendered":"https:\/\/vieassociative.be\/actualites\/comment-parler-aux-enfants-et-aux-adolescents-de-la-crise-en-ukraine\/"},"modified":"2024-12-12T18:18:06","modified_gmt":"2024-12-12T17:18:06","slug":"comment-parler-aux-enfants-et-aux-adolescents-de-la-crise-en-ukraine","status":"publish","type":"post","link":"https:\/\/vieassociative.be\/actualites\/comment-parler-aux-enfants-et-aux-adolescents-de-la-crise-en-ukraine\/","title":{"rendered":"Comment parler aux enfants et aux adolescents de la crise en Ukraine"},"content":{"rendered":"<div class=\"mt-4 leading-6 md:mb-8\">M\u00eame les petits enfants absorbent peut-\u00eatre des extraits d\u2019actualit\u00e9s sur l\u2019Ukraine, la Russie et la guerre.<\/div>\n<p><\/p>\n<p>Alors que les adultes du monde entier regardent la Russie envahir l\u2019Ukraine, d\u00e9clenchant ce que beaucoup craignent comme la plus grande guerre en Europe depuis 1945 et susceptible d\u2019affecter les prix mondiaux du carburant, de l\u2019alimentation et des m\u00e9taux (parmi les autres impacts \u00e9vidents de la guerre), nos enfants pourraient \u00eatre absorb\u00e9s. pas seulement nos paroles, mais aussi notre tension. Qu&rsquo;il s&rsquo;agisse d&rsquo;adolescents lisant eux-m\u00eames les informations ou de jeunes enfants captant des extraits de mots effrayants comme \u00ab bombardement \u00bb et \u00ab guerre \u00bb, il y a de fortes chances que la plupart de nos enfants sachent que quelque chose d&rsquo;effrayant se passe. <\/p>\n<p>Comme l&rsquo;a d\u00e9clar\u00e9 l&rsquo;hypnoth\u00e9rapeute, psychoth\u00e9rapeute et mentor Tania Taylor \u00e0 Metro.co.uk, les enfants sont comme des \u00e9ponges qui absorbent tout ce qui les entoure : \u00ab Que ce soit aux informations, quelqu&rsquo;un parlant \u00e0 la caissi\u00e8re du magasin, les parents discutant dans la cour de r\u00e9cr\u00e9ation ou le dernier TikTok. vid\u00e9o, une grande partie de ce qu\u2019ils entendent, surtout une fois \u00e0 l\u2019\u00e9cole, est hors de votre contr\u00f4le. Et parfois, des facteurs externes (par exemple, Kevin dans la cour de r\u00e9cr\u00e9ation disant \u00e0 tout le monde que la Troisi\u00e8me Guerre mondiale commence et que nous allons tous mourir) peuvent provoquer davantage une r\u00e9action de peur.<\/p>\n<p>Ainsi, que nous les sentions ou non assez \u00e2g\u00e9s pour comprendre ce qui se passe en Ukraine, ils peuvent nous poser des questions. S\u2019ils le font (ou s\u2019ils sont assez vieux pour avoir une conversation proactive avec eux), voici quelques points \u00e0 garder \u00e0 l\u2019esprit.<\/p>\n<h2 id=\"first-take-stock-of-your-own-emotions\">Tout d\u2019abord, faites le point sur vos propres \u00e9motions<\/h2>\n<p>Surtout si vos enfants sont petits (disons \u00e2g\u00e9s de 7 \u00e0 8 ans ou moins), vous pourriez \u00eatre surpris lorsque vous les r\u00e9cup\u00e9rerez \u00e0 l&rsquo;\u00e9cole, et ils vous demanderont spontan\u00e9ment ce que signifie \u00ab guerre \u00bb et si des gens vont mourir. Chaque parent est pris au d\u00e9pourvu par des questions percutantes bien avant que nous soyons pr\u00eats \u00e0 les r\u00e9pondre, mais lorsque nous le sommes, nous pouvons reprendre notre souffle avant de proposer une r\u00e9ponse d\u00e9taill\u00e9e en leur renvoyant la question. <\/p>\n<p>\u00ab\u00a0Eh bien, peux-tu me dire quoi <em>toi<\/em> tu connais la \u00ab guerre \u00bb ? serait un bon point de d\u00e9part dans cet exemple. Il est important de situer leur question dans son contexte afin que vous sachiez ce qu&rsquo;ils ont entendu et la quantit\u00e9 d&rsquo;informations dont ils pourraient avoir besoin ou pouvoir comprendre. (Il y a toujours une chance qu&rsquo;ils posent des questions sur quelque chose qui n&rsquo;a aucun rapport, comme un jeu vid\u00e9o, alors soyez clair, ils posent vraiment des questions sur la Russie et l&rsquo;Ukraine.)<\/p>\n<p>Si vous estimez que vous devez rassembler vos id\u00e9es avant de r\u00e9pondre, vous pouvez reconna\u00eetre leur question et promettre d&rsquo;y r\u00e9pondre bient\u00f4t. Quelque chose comme : \u00ab C&rsquo;est une tr\u00e8s bonne question, et je suis tr\u00e8s heureux que vous me la posiez. Je veux m&rsquo;assurer de vous donner une bonne r\u00e9ponse, alors laissez-moi y r\u00e9fl\u00e9chir un peu, et nous pourrons en parler davantage pendant le d\u00eener de ce soir. Est-ce que \u00e7a vous semble OK ?<\/p>\n<h2 id=\"how-to-talk-to-little-kids-about-russia-and-ukraine\">Comment parler de la Russie et de l&rsquo;Ukraine aux petits enfants<\/h2>\n<p>Lorsque vous vous asseyez pour parler, rappelez-vous que les jeunes enfants sont dou\u00e9s pour absorber <em>juste<\/em> autant d&rsquo;informations qu&rsquo;ils sont capables de g\u00e9rer. Alors donnez-leur les bases : il y a des soldats qui partent dans un autre pays o\u00f9 ils ne sont pas cens\u00e9s \u00eatre (c&rsquo;est ce qu&rsquo;on appelle \u00ab envahir \u00bb), et beaucoup de gens dans le monde en sont boulevers\u00e9s. Tout cela se passe tr\u00e8s loin et nous sommes en s\u00e9curit\u00e9 ici. <\/p>\n<p>Ensuite, laissez-les diriger. C&rsquo;est peut-\u00eatre tout ce dont ils ont besoin ou veulent, ou ils peuvent poser des questions compl\u00e9mentaires, comme comment s&rsquo;appelle le pays, \u00e0 quelle distance il se trouve ou <em>pourquoi<\/em> ils envahissent. D\u00e9veloppez chaque question avec des explications simples et claires. Terminez toujours la conversation en leur demandant s&rsquo;ils ont d&rsquo;autres questions afin que vous puissiez \u00eatre s\u00fbr qu&rsquo;ils n&rsquo;ont pas d&rsquo;inqui\u00e9tudes ou d&rsquo;anxi\u00e9t\u00e9s persistantes qu&rsquo;ils n&rsquo;ont peut-\u00eatre pas encore exprim\u00e9es.<\/p>\n<h2 id=\"how-to-talk-to-tweens-about-russia-and-ukraine\"><strong>Comment parler de la Russie et de l&rsquo;Ukraine aux pr\u00e9adolescents<\/strong><\/h2>\n<p>Les enfants plus \u00e2g\u00e9s, \u00e2g\u00e9s de 9 \u00e0 12 ans, seront plus en phase avec les conversations des adultes\u00a0: leurs amis et camarades de classe peuvent parler de ce qui se passe et ils peuvent obtenir des informations par eux-m\u00eames via les r\u00e9seaux sociaux. Comme pour les jeunes enfants, c&rsquo;est une bonne pratique de commencer avec ce qu&rsquo;ils savent d\u00e9j\u00e0 et de construire \u00e0 partir de l\u00e0, en particulier si \u00ab ce qu&rsquo;ils savent \u00bb provient probablement d&rsquo;une source peu fiable comme TikTok. (C&rsquo;est \u00e9galement le bon moment pour tirer parti des conversations pr\u00e9c\u00e9dentes que vous avez probablement d\u00e9j\u00e0 eues sur la d\u00e9sinformation et l&rsquo;importance de rechercher des sources fiables.)<\/p>\n<p>Lorsque vous abordez les bases, il peut \u00eatre utile pour eux de consulter une carte pour comparer l&rsquo;endroit o\u00f9 se trouvent la Russie et l&rsquo;Ukraine avec l&rsquo;endroit o\u00f9 ils vivent, afin d&rsquo;illustrer davantage \u00e0 quelle distance de chez eux cela se produit et qu&rsquo;ils sont en s\u00e9curit\u00e9. R\u00e9pondez \u00e0 toutes leurs autres questions, puis poursuivez un dialogue ouvert avec vos pr\u00e9adolescents dans les semaines et les mois \u00e0 venir. V\u00e9rifiez de temps en temps si des questions suppl\u00e9mentaires ont \u00e9t\u00e9 soulev\u00e9es et aidez-les \u00e0 rechercher des informations \u00e0 jour et adapt\u00e9es \u00e0 leur \u00e2ge sur le conflit, s&rsquo;ils le souhaitent (leur enseignant peut avoir des suggestions \u00e0 ce sujet).<\/p>\n<h2 id=\"how-to-talk-to-teenagers-about-russia-and-ukraine\"><strong>Comment parler aux adolescents de la Russie et de l&rsquo;Ukraine<\/strong><\/h2>\n<p>Les adolescents savent certainement d\u00e9j\u00e0 quelque chose sur ce qui se passe en Ukraine. Jessica Biren Caverly, psychologue agr\u00e9\u00e9e et propri\u00e9taire de Western Connecticut Behavioral Health, a d\u00e9clar\u00e9 \u00e0 Yahoo! qu&rsquo;il est particuli\u00e8rement important d&rsquo;\u00eatre proactif dans les conversations avec des adolescents qui obtiennent la plupart de leurs informations sur les r\u00e9seaux sociaux : \u00ab L&rsquo;impact n\u00e9gatif d&rsquo;entendre des informations provenant d&rsquo;une source peu fiable et biais\u00e9e est que les enfants se forgent alors des opinions et des id\u00e9aux bas\u00e9s sur la d\u00e9sinformation \u00bb, Biren Caverly dit. \u00ab\u00a0Une personne peut apprendre un fait et se forger une croyance, mais pour changer cette croyance, vous aurez peut-\u00eatre besoin de plus de 100 nouveaux faits pour op\u00e9rer ce changement significatif.\u00a0\u00bb<\/p>\n<p>Les adolescents sont \u00e9galement sur le point de pouvoir voter eux-m\u00eames, souligne-t-elle, et les parents devraient donc les aider \u00e0 rechercher des informations pr\u00e9cises aupr\u00e8s de sources fiables afin qu&rsquo;ils puissent se renseigner sur des questions politiques complexes. Ensuite, encouragez-les \u00e0 poser davantage de questions et \u00e0 rechercher des r\u00e9ponses ensemble si vous ne les connaissez pas d\u00e9j\u00e0. Rechercher ensemble des r\u00e9ponses pr\u00e9cises lorsque vous n&rsquo;\u00eates pas s\u00fbr est une bonne pratique \u00e0 suivre pour eux \u00e0 cet \u00e2ge.<\/p>\n<p>En fin de compte, lorsqu&rsquo;il s&rsquo;agit d&rsquo;avoir ces conversations avec des enfants de tout \u00e2ge, \u00ab les enfants comptent sur les adultes pour les aider \u00e0 comprendre les \u00e9v\u00e9nements mondiaux et \u00e0 se sentir en s\u00e9curit\u00e9 lorsque les \u00e9v\u00e9nements sont effrayants \u00bb, a d\u00e9clar\u00e9 Andrea Barbalich, r\u00e9dactrice en chef de The Week Junior US, a d\u00e9clar\u00e9 \u00e0 New Jersey Family.<\/p>\n<p>Alors avant tout, n&rsquo;oubliez pas d&rsquo;\u00eatre <em>calme<\/em> et \u00eatre <em>honn\u00eate<\/em>.<\/p>\n<p><\/p>\n","protected":false},"excerpt":{"rendered":"<p>M\u00eame les petits enfants absorbent peut-\u00eatre des extraits d\u2019actualit\u00e9s sur l\u2019Ukraine, la Russie et la guerre. Alors que les adultes du monde entier regardent la<\/p>\n","protected":false},"author":1,"featured_media":3327,"comment_status":"","ping_status":"","sticky":false,"template":"","format":"standard","meta":{"footnotes":""},"categories":[37],"tags":[869,289,44,644,324,438,3071],"class_list":["post-3326","post","type-post","status-publish","format-standard","has-post-thumbnail","hentry","category-famille","tag-adolescents","tag-aux","tag-comment","tag-crise","tag-enfants","tag-parler","tag-ukraine","generate-columns","tablet-grid-50","mobile-grid-100","grid-parent","grid-33"],"yoast_head":"<!-- This site is optimized with the Yoast SEO plugin v24.0 - https:\/\/yoast.com\/wordpress\/plugins\/seo\/ -->\n<title>Comment parler aux enfants et aux adolescents de la crise en Ukraine | Vie Associative<\/title>\n<meta name=\"robots\" content=\"index, follow, max-snippet:-1, max-image-preview:large, max-video-preview:-1\" \/>\n<link rel=\"canonical\" href=\"https:\/\/vieassociative.be\/actualites\/comment-parler-aux-enfants-et-aux-adolescents-de-la-crise-en-ukraine\/\" \/>\n<meta property=\"og:locale\" content=\"fr_FR\" \/>\n<meta property=\"og:type\" content=\"article\" \/>\n<meta property=\"og:title\" content=\"Comment parler aux enfants et aux adolescents de la crise en Ukraine | Vie Associative\" \/>\n<meta property=\"og:description\" content=\"M\u00eame les petits enfants absorbent peut-\u00eatre des extraits d\u2019actualit\u00e9s sur l\u2019Ukraine, la Russie et la guerre. Alors que les adultes du monde entier regardent la\" \/>\n<meta property=\"og:url\" content=\"https:\/\/vieassociative.be\/actualites\/comment-parler-aux-enfants-et-aux-adolescents-de-la-crise-en-ukraine\/\" \/>\n<meta property=\"og:site_name\" content=\"Vie Associative\" \/>\n<meta property=\"article:published_time\" content=\"2024-12-12T17:18:06+00:00\" \/>\n<meta property=\"og:image\" content=\"https:\/\/vieassociative.be\/actualites\/wp-content\/uploads\/2024\/09\/header_backgroundk-01-e1726694325946.png\" \/>\n\t<meta property=\"og:image:width\" content=\"279\" \/>\n\t<meta property=\"og:image:height\" content=\"92\" \/>\n\t<meta property=\"og:image:type\" content=\"image\/png\" \/>\n<meta name=\"author\" content=\"Julien\" \/>\n<meta name=\"twitter:card\" content=\"summary_large_image\" \/>\n<meta name=\"twitter:label1\" content=\"\u00c9crit par\" \/>\n\t<meta name=\"twitter:data1\" content=\"Julien\" \/>\n\t<meta name=\"twitter:label2\" content=\"Dur\u00e9e de lecture est.\" \/>\n\t<meta name=\"twitter:data2\" content=\"6 minutes\" \/>\n<script type=\"application\/ld+json\" class=\"yoast-schema-graph\">{\"@context\":\"https:\/\/schema.org\",\"@graph\":[{\"@type\":\"Article\",\"@id\":\"https:\/\/vieassociative.be\/actualites\/comment-parler-aux-enfants-et-aux-adolescents-de-la-crise-en-ukraine\/#article\",\"isPartOf\":{\"@id\":\"https:\/\/vieassociative.be\/actualites\/comment-parler-aux-enfants-et-aux-adolescents-de-la-crise-en-ukraine\/\"},\"author\":{\"name\":\"Julien\",\"@id\":\"https:\/\/vieassociative.be\/actualites\/#\/schema\/person\/b87ac4f82f9d4e7b7cec7395b679edc4\"},\"headline\":\"Comment parler aux enfants et aux adolescents de la crise en Ukraine\",\"datePublished\":\"2024-12-12T17:18:06+00:00\",\"dateModified\":\"2024-12-12T17:18:06+00:00\",\"mainEntityOfPage\":{\"@id\":\"https:\/\/vieassociative.be\/actualites\/comment-parler-aux-enfants-et-aux-adolescents-de-la-crise-en-ukraine\/\"},\"wordCount\":1317,\"publisher\":{\"@id\":\"https:\/\/vieassociative.be\/actualites\/#organization\"},\"image\":{\"@id\":\"https:\/\/vieassociative.be\/actualites\/comment-parler-aux-enfants-et-aux-adolescents-de-la-crise-en-ukraine\/#primaryimage\"},\"thumbnailUrl\":\"https:\/\/vieassociative.be\/actualites\/wp-content\/uploads\/2024\/12\/Comment-parler-aux-enfants-et-aux-adolescents-de-la-crise.jpg\",\"keywords\":[\"adolescents\",\"aux\",\"Comment\",\"Crise\",\"enfants\",\"parler\",\"Ukraine\"],\"articleSection\":[\"Famille\"],\"inLanguage\":\"fr-BE\"},{\"@type\":\"WebPage\",\"@id\":\"https:\/\/vieassociative.be\/actualites\/comment-parler-aux-enfants-et-aux-adolescents-de-la-crise-en-ukraine\/\",\"url\":\"https:\/\/vieassociative.be\/actualites\/comment-parler-aux-enfants-et-aux-adolescents-de-la-crise-en-ukraine\/\",\"name\":\"Comment parler aux enfants et aux adolescents de la crise en Ukraine | Vie Associative\",\"isPartOf\":{\"@id\":\"https:\/\/vieassociative.be\/actualites\/#website\"},\"primaryImageOfPage\":{\"@id\":\"https:\/\/vieassociative.be\/actualites\/comment-parler-aux-enfants-et-aux-adolescents-de-la-crise-en-ukraine\/#primaryimage\"},\"image\":{\"@id\":\"https:\/\/vieassociative.be\/actualites\/comment-parler-aux-enfants-et-aux-adolescents-de-la-crise-en-ukraine\/#primaryimage\"},\"thumbnailUrl\":\"https:\/\/vieassociative.be\/actualites\/wp-content\/uploads\/2024\/12\/Comment-parler-aux-enfants-et-aux-adolescents-de-la-crise.jpg\",\"datePublished\":\"2024-12-12T17:18:06+00:00\",\"dateModified\":\"2024-12-12T17:18:06+00:00\",\"breadcrumb\":{\"@id\":\"https:\/\/vieassociative.be\/actualites\/comment-parler-aux-enfants-et-aux-adolescents-de-la-crise-en-ukraine\/#breadcrumb\"},\"inLanguage\":\"fr-BE\",\"potentialAction\":[{\"@type\":\"ReadAction\",\"target\":[\"https:\/\/vieassociative.be\/actualites\/comment-parler-aux-enfants-et-aux-adolescents-de-la-crise-en-ukraine\/\"]}]},{\"@type\":\"ImageObject\",\"inLanguage\":\"fr-BE\",\"@id\":\"https:\/\/vieassociative.be\/actualites\/comment-parler-aux-enfants-et-aux-adolescents-de-la-crise-en-ukraine\/#primaryimage\",\"url\":\"https:\/\/vieassociative.be\/actualites\/wp-content\/uploads\/2024\/12\/Comment-parler-aux-enfants-et-aux-adolescents-de-la-crise.jpg\",\"contentUrl\":\"https:\/\/vieassociative.be\/actualites\/wp-content\/uploads\/2024\/12\/Comment-parler-aux-enfants-et-aux-adolescents-de-la-crise.jpg\",\"width\":1200,\"height\":675,\"caption\":\"Comment parler aux enfants et aux adolescents de la crise en Ukraine\"},{\"@type\":\"BreadcrumbList\",\"@id\":\"https:\/\/vieassociative.be\/actualites\/comment-parler-aux-enfants-et-aux-adolescents-de-la-crise-en-ukraine\/#breadcrumb\",\"itemListElement\":[{\"@type\":\"ListItem\",\"position\":1,\"name\":\"Accueil\",\"item\":\"https:\/\/vieassociative.be\/actualites\/\"},{\"@type\":\"ListItem\",\"position\":2,\"name\":\"Comment parler aux enfants et aux adolescents de la crise en Ukraine\"}]},{\"@type\":\"WebSite\",\"@id\":\"https:\/\/vieassociative.be\/actualites\/#website\",\"url\":\"https:\/\/vieassociative.be\/actualites\/\",\"name\":\"Vie Associative\",\"description\":\"\",\"publisher\":{\"@id\":\"https:\/\/vieassociative.be\/actualites\/#organization\"},\"potentialAction\":[{\"@type\":\"SearchAction\",\"target\":{\"@type\":\"EntryPoint\",\"urlTemplate\":\"https:\/\/vieassociative.be\/actualites\/?s={search_term_string}\"},\"query-input\":{\"@type\":\"PropertyValueSpecification\",\"valueRequired\":true,\"valueName\":\"search_term_string\"}}],\"inLanguage\":\"fr-BE\"},{\"@type\":\"Organization\",\"@id\":\"https:\/\/vieassociative.be\/actualites\/#organization\",\"name\":\"Vie Associative\",\"url\":\"https:\/\/vieassociative.be\/actualites\/\",\"logo\":{\"@type\":\"ImageObject\",\"inLanguage\":\"fr-BE\",\"@id\":\"https:\/\/vieassociative.be\/actualites\/#\/schema\/logo\/image\/\",\"url\":\"https:\/\/vieassociative.be\/actualites\/wp-content\/uploads\/2024\/09\/cropped-vieassociative_favicon.ico.png\",\"contentUrl\":\"https:\/\/vieassociative.be\/actualites\/wp-content\/uploads\/2024\/09\/cropped-vieassociative_favicon.ico.png\",\"width\":512,\"height\":512,\"caption\":\"Vie Associative\"},\"image\":{\"@id\":\"https:\/\/vieassociative.be\/actualites\/#\/schema\/logo\/image\/\"}},{\"@type\":\"Person\",\"@id\":\"https:\/\/vieassociative.be\/actualites\/#\/schema\/person\/b87ac4f82f9d4e7b7cec7395b679edc4\",\"name\":\"Julien\",\"image\":{\"@type\":\"ImageObject\",\"inLanguage\":\"fr-BE\",\"@id\":\"https:\/\/vieassociative.be\/actualites\/#\/schema\/person\/image\/\",\"url\":\"https:\/\/vieassociative.be\/actualites\/wp-content\/uploads\/2024\/09\/vie-associative-1-150x150.jpg\",\"contentUrl\":\"https:\/\/vieassociative.be\/actualites\/wp-content\/uploads\/2024\/09\/vie-associative-1-150x150.jpg\",\"caption\":\"Julien\"},\"description\":\"Je suis Julien, r\u00e9dacteur pour Vie Associative. Passionn\u00e9 par le monde associatif depuis plus de 10 ans, j'ai \u00e0 c\u0153ur de partager des histoires inspirantes et de mettre en lumi\u00e8re les initiatives locales. Mon objectif est de sensibiliser et d'encourager l'engagement communautaire \u00e0 travers mes articles.\",\"sameAs\":[\"https:\/\/vieassociative.be\/\"]}]}<\/script>\n<!-- \/ Yoast SEO plugin. -->","yoast_head_json":{"title":"Comment parler aux enfants et aux adolescents de la crise en Ukraine | Vie Associative","robots":{"index":"index","follow":"follow","max-snippet":"max-snippet:-1","max-image-preview":"max-image-preview:large","max-video-preview":"max-video-preview:-1"},"canonical":"https:\/\/vieassociative.be\/actualites\/comment-parler-aux-enfants-et-aux-adolescents-de-la-crise-en-ukraine\/","og_locale":"fr_FR","og_type":"article","og_title":"Comment parler aux enfants et aux adolescents de la crise en Ukraine | Vie Associative","og_description":"M\u00eame les petits enfants absorbent peut-\u00eatre des extraits d\u2019actualit\u00e9s sur l\u2019Ukraine, la Russie et la guerre. Alors que les adultes du monde entier regardent la","og_url":"https:\/\/vieassociative.be\/actualites\/comment-parler-aux-enfants-et-aux-adolescents-de-la-crise-en-ukraine\/","og_site_name":"Vie Associative","article_published_time":"2024-12-12T17:18:06+00:00","og_image":[{"width":279,"height":92,"url":"https:\/\/vieassociative.be\/actualites\/wp-content\/uploads\/2024\/09\/header_backgroundk-01-e1726694325946.png","type":"image\/png"}],"author":"Julien","twitter_card":"summary_large_image","twitter_misc":{"\u00c9crit par":"Julien","Dur\u00e9e de lecture est.":"6 minutes"},"schema":{"@context":"https:\/\/schema.org","@graph":[{"@type":"Article","@id":"https:\/\/vieassociative.be\/actualites\/comment-parler-aux-enfants-et-aux-adolescents-de-la-crise-en-ukraine\/#article","isPartOf":{"@id":"https:\/\/vieassociative.be\/actualites\/comment-parler-aux-enfants-et-aux-adolescents-de-la-crise-en-ukraine\/"},"author":{"name":"Julien","@id":"https:\/\/vieassociative.be\/actualites\/#\/schema\/person\/b87ac4f82f9d4e7b7cec7395b679edc4"},"headline":"Comment parler aux enfants et aux adolescents de la crise en Ukraine","datePublished":"2024-12-12T17:18:06+00:00","dateModified":"2024-12-12T17:18:06+00:00","mainEntityOfPage":{"@id":"https:\/\/vieassociative.be\/actualites\/comment-parler-aux-enfants-et-aux-adolescents-de-la-crise-en-ukraine\/"},"wordCount":1317,"publisher":{"@id":"https:\/\/vieassociative.be\/actualites\/#organization"},"image":{"@id":"https:\/\/vieassociative.be\/actualites\/comment-parler-aux-enfants-et-aux-adolescents-de-la-crise-en-ukraine\/#primaryimage"},"thumbnailUrl":"https:\/\/vieassociative.be\/actualites\/wp-content\/uploads\/2024\/12\/Comment-parler-aux-enfants-et-aux-adolescents-de-la-crise.jpg","keywords":["adolescents","aux","Comment","Crise","enfants","parler","Ukraine"],"articleSection":["Famille"],"inLanguage":"fr-BE"},{"@type":"WebPage","@id":"https:\/\/vieassociative.be\/actualites\/comment-parler-aux-enfants-et-aux-adolescents-de-la-crise-en-ukraine\/","url":"https:\/\/vieassociative.be\/actualites\/comment-parler-aux-enfants-et-aux-adolescents-de-la-crise-en-ukraine\/","name":"Comment parler aux enfants et aux adolescents de la crise en Ukraine | Vie Associative","isPartOf":{"@id":"https:\/\/vieassociative.be\/actualites\/#website"},"primaryImageOfPage":{"@id":"https:\/\/vieassociative.be\/actualites\/comment-parler-aux-enfants-et-aux-adolescents-de-la-crise-en-ukraine\/#primaryimage"},"image":{"@id":"https:\/\/vieassociative.be\/actualites\/comment-parler-aux-enfants-et-aux-adolescents-de-la-crise-en-ukraine\/#primaryimage"},"thumbnailUrl":"https:\/\/vieassociative.be\/actualites\/wp-content\/uploads\/2024\/12\/Comment-parler-aux-enfants-et-aux-adolescents-de-la-crise.jpg","datePublished":"2024-12-12T17:18:06+00:00","dateModified":"2024-12-12T17:18:06+00:00","breadcrumb":{"@id":"https:\/\/vieassociative.be\/actualites\/comment-parler-aux-enfants-et-aux-adolescents-de-la-crise-en-ukraine\/#breadcrumb"},"inLanguage":"fr-BE","potentialAction":[{"@type":"ReadAction","target":["https:\/\/vieassociative.be\/actualites\/comment-parler-aux-enfants-et-aux-adolescents-de-la-crise-en-ukraine\/"]}]},{"@type":"ImageObject","inLanguage":"fr-BE","@id":"https:\/\/vieassociative.be\/actualites\/comment-parler-aux-enfants-et-aux-adolescents-de-la-crise-en-ukraine\/#primaryimage","url":"https:\/\/vieassociative.be\/actualites\/wp-content\/uploads\/2024\/12\/Comment-parler-aux-enfants-et-aux-adolescents-de-la-crise.jpg","contentUrl":"https:\/\/vieassociative.be\/actualites\/wp-content\/uploads\/2024\/12\/Comment-parler-aux-enfants-et-aux-adolescents-de-la-crise.jpg","width":1200,"height":675,"caption":"Comment parler aux enfants et aux adolescents de la crise en Ukraine"},{"@type":"BreadcrumbList","@id":"https:\/\/vieassociative.be\/actualites\/comment-parler-aux-enfants-et-aux-adolescents-de-la-crise-en-ukraine\/#breadcrumb","itemListElement":[{"@type":"ListItem","position":1,"name":"Accueil","item":"https:\/\/vieassociative.be\/actualites\/"},{"@type":"ListItem","position":2,"name":"Comment parler aux enfants et aux adolescents de la crise en Ukraine"}]},{"@type":"WebSite","@id":"https:\/\/vieassociative.be\/actualites\/#website","url":"https:\/\/vieassociative.be\/actualites\/","name":"Vie Associative","description":"","publisher":{"@id":"https:\/\/vieassociative.be\/actualites\/#organization"},"potentialAction":[{"@type":"SearchAction","target":{"@type":"EntryPoint","urlTemplate":"https:\/\/vieassociative.be\/actualites\/?s={search_term_string}"},"query-input":{"@type":"PropertyValueSpecification","valueRequired":true,"valueName":"search_term_string"}}],"inLanguage":"fr-BE"},{"@type":"Organization","@id":"https:\/\/vieassociative.be\/actualites\/#organization","name":"Vie Associative","url":"https:\/\/vieassociative.be\/actualites\/","logo":{"@type":"ImageObject","inLanguage":"fr-BE","@id":"https:\/\/vieassociative.be\/actualites\/#\/schema\/logo\/image\/","url":"https:\/\/vieassociative.be\/actualites\/wp-content\/uploads\/2024\/09\/cropped-vieassociative_favicon.ico.png","contentUrl":"https:\/\/vieassociative.be\/actualites\/wp-content\/uploads\/2024\/09\/cropped-vieassociative_favicon.ico.png","width":512,"height":512,"caption":"Vie Associative"},"image":{"@id":"https:\/\/vieassociative.be\/actualites\/#\/schema\/logo\/image\/"}},{"@type":"Person","@id":"https:\/\/vieassociative.be\/actualites\/#\/schema\/person\/b87ac4f82f9d4e7b7cec7395b679edc4","name":"Julien","image":{"@type":"ImageObject","inLanguage":"fr-BE","@id":"https:\/\/vieassociative.be\/actualites\/#\/schema\/person\/image\/","url":"https:\/\/vieassociative.be\/actualites\/wp-content\/uploads\/2024\/09\/vie-associative-1-150x150.jpg","contentUrl":"https:\/\/vieassociative.be\/actualites\/wp-content\/uploads\/2024\/09\/vie-associative-1-150x150.jpg","caption":"Julien"},"description":"Je suis Julien, r\u00e9dacteur pour Vie Associative. Passionn\u00e9 par le monde associatif depuis plus de 10 ans, j'ai \u00e0 c\u0153ur de partager des histoires inspirantes et de mettre en lumi\u00e8re les initiatives locales. Mon objectif est de sensibiliser et d'encourager l'engagement communautaire \u00e0 travers mes articles.","sameAs":["https:\/\/vieassociative.be\/"]}]}},"_links":{"self":[{"href":"https:\/\/vieassociative.be\/actualites\/wp-json\/wp\/v2\/posts\/3326"}],"collection":[{"href":"https:\/\/vieassociative.be\/actualites\/wp-json\/wp\/v2\/posts"}],"about":[{"href":"https:\/\/vieassociative.be\/actualites\/wp-json\/wp\/v2\/types\/post"}],"author":[{"embeddable":true,"href":"https:\/\/vieassociative.be\/actualites\/wp-json\/wp\/v2\/users\/1"}],"replies":[{"embeddable":true,"href":"https:\/\/vieassociative.be\/actualites\/wp-json\/wp\/v2\/comments?post=3326"}],"version-history":[{"count":0,"href":"https:\/\/vieassociative.be\/actualites\/wp-json\/wp\/v2\/posts\/3326\/revisions"}],"wp:featuredmedia":[{"embeddable":true,"href":"https:\/\/vieassociative.be\/actualites\/wp-json\/wp\/v2\/media\/3327"}],"wp:attachment":[{"href":"https:\/\/vieassociative.be\/actualites\/wp-json\/wp\/v2\/media?parent=3326"}],"wp:term":[{"taxonomy":"category","embeddable":true,"href":"https:\/\/vieassociative.be\/actualites\/wp-json\/wp\/v2\/categories?post=3326"},{"taxonomy":"post_tag","embeddable":true,"href":"https:\/\/vieassociative.be\/actualites\/wp-json\/wp\/v2\/tags?post=3326"}],"curies":[{"name":"wp","href":"https:\/\/api.w.org\/{rel}","templated":true}]}}