{"id":3322,"date":"2024-12-12T15:19:32","date_gmt":"2024-12-12T14:19:32","guid":{"rendered":"https:\/\/vieassociative.be\/actualites\/le-magazine-time-nomme-donald-trump-personne-de-lannee\/"},"modified":"2024-12-12T15:19:32","modified_gmt":"2024-12-12T14:19:32","slug":"le-magazine-time-nomme-donald-trump-personne-de-lannee","status":"publish","type":"post","link":"https:\/\/vieassociative.be\/actualites\/le-magazine-time-nomme-donald-trump-personne-de-lannee\/","title":{"rendered":"Le magazine \u00ab Time \u00bb nomme Donald Trump \u00ab Personne de l\u2019ann\u00e9e \u00bb"},"content":{"rendered":"<p><strong>Le retour politique de Donald Trump est sans pr\u00e9c\u00e9dent. Cela signifie qu&rsquo;il s&rsquo;assure d\u00e9sormais un titre sp\u00e9cial. Pas pour la premi\u00e8re fois.<\/strong><\/p>\n<p><span id=\"more-403925\"><\/span>Le magazine am\u00e9ricain \u00ab Time \u00bb a d\u00e9sign\u00e9 le pr\u00e9sident \u00e9lu Donald Trump comme personnalit\u00e9 de l\u2019ann\u00e9e 2024. \u00ab La renaissance politique de Trump est sans pr\u00e9c\u00e9dent dans l\u2019histoire am\u00e9ricaine \u00bb, \u00e9crit le magazine. \u00abPeut-\u00eatre que personne depuis qu\u2019il s\u2019est pr\u00e9sent\u00e9 \u00e0 la pr\u00e9sidence en 2015 n\u2019a autant chang\u00e9 le cours de la politique et de l\u2019histoire que Trump.\u00bb<\/p>\n<p>La r\u00e9daction du \u00ab Time \u00bb rend hommage aux personnalit\u00e9s les plus influentes des affaires mondiales depuis 1927. Il s\u2019agit donc de la personne \u00ab qui, pour le meilleur ou pour le pire, a eu le plus d\u2019influence sur le monde et sur l\u2019actualit\u00e9 des douze derniers mois \u00bb. Le magazine a \u00e9crit que ce choix serait une d\u00e9cision difficile dans de nombreuses ann\u00e9es. \u00ab En 2024, ce n\u2019\u00e9tait pas le cas. \u00bb Peu avant le deuxi\u00e8me mandat du r\u00e9publicain, \u00ab tout le monde \u2013 de ses partisans les plus fanatiques \u00e0 ses critiques les plus virulents \u2013 vivait \u00e0 l\u2019\u00e8re de Trump \u00bb.<\/p>\n<p>L&rsquo;homme de 78 ans a clairement remport\u00e9 l&rsquo;\u00e9lection pr\u00e9sidentielle d\u00e9but novembre face \u00e0 son adversaire d\u00e9mocrate Kamala Harris. Apr\u00e8s sa premi\u00e8re victoire \u00e9lectorale \u2013 encore surprenante \u00e0 l\u2019\u00e9poque \u2013 en 2016, le magazine \u00ab Time \u00bb avait d\u00e9j\u00e0 nomm\u00e9 Trump \u00ab Personne de l\u2019ann\u00e9e \u00bb. (dpa)<\/p>\n","protected":false},"excerpt":{"rendered":"<p>Le retour politique de Donald Trump est sans pr\u00e9c\u00e9dent. Cela signifie qu&rsquo;il s&rsquo;assure d\u00e9sormais un titre sp\u00e9cial. Pas pour la premi\u00e8re fois. Le magazine am\u00e9ricain<\/p>\n","protected":false},"author":1,"featured_media":3323,"comment_status":"","ping_status":"","sticky":false,"template":"","format":"standard","meta":{"footnotes":""},"categories":[298],"tags":[2424,396,3968,3970,1110,3969,2425],"class_list":["post-3322","post","type-post","status-publish","format-standard","has-post-thumbnail","hentry","category-belgique","tag-donald","tag-lannee","tag-magazine","tag-nomme","tag-personne","tag-time","tag-trump","generate-columns","tablet-grid-50","mobile-grid-100","grid-parent","grid-33"],"yoast_head":"<!-- This site is optimized with the Yoast SEO plugin v24.0 - https:\/\/yoast.com\/wordpress\/plugins\/seo\/ -->\n<title>Le magazine \u00ab Time \u00bb nomme Donald Trump \u00ab Personne de l\u2019ann\u00e9e \u00bb | Vie Associative<\/title>\n<meta name=\"robots\" content=\"index, follow, max-snippet:-1, max-image-preview:large, max-video-preview:-1\" \/>\n<link rel=\"canonical\" href=\"https:\/\/vieassociative.be\/actualites\/le-magazine-time-nomme-donald-trump-personne-de-lannee\/\" \/>\n<meta property=\"og:locale\" content=\"fr_FR\" \/>\n<meta property=\"og:type\" content=\"article\" \/>\n<meta property=\"og:title\" content=\"Le magazine \u00ab Time \u00bb nomme Donald Trump \u00ab Personne de l\u2019ann\u00e9e \u00bb | Vie Associative\" \/>\n<meta property=\"og:description\" content=\"Le retour politique de Donald Trump est sans pr\u00e9c\u00e9dent. Cela signifie qu&rsquo;il s&rsquo;assure d\u00e9sormais un titre sp\u00e9cial. Pas pour la premi\u00e8re fois. Le magazine am\u00e9ricain\" \/>\n<meta property=\"og:url\" content=\"https:\/\/vieassociative.be\/actualites\/le-magazine-time-nomme-donald-trump-personne-de-lannee\/\" \/>\n<meta property=\"og:site_name\" content=\"Vie Associative\" \/>\n<meta property=\"article:published_time\" content=\"2024-12-12T14:19:32+00:00\" \/>\n<meta property=\"og:image\" content=\"https:\/\/vieassociative.be\/actualites\/wp-content\/uploads\/2024\/09\/header_backgroundk-01-e1726694325946.png\" \/>\n\t<meta property=\"og:image:width\" content=\"279\" \/>\n\t<meta property=\"og:image:height\" content=\"92\" \/>\n\t<meta property=\"og:image:type\" content=\"image\/png\" \/>\n<meta name=\"author\" content=\"Julien\" \/>\n<meta name=\"twitter:card\" content=\"summary_large_image\" \/>\n<meta name=\"twitter:label1\" content=\"\u00c9crit par\" \/>\n\t<meta name=\"twitter:data1\" content=\"Julien\" \/>\n\t<meta name=\"twitter:label2\" content=\"Dur\u00e9e de lecture est.\" \/>\n\t<meta name=\"twitter:data2\" content=\"1 minute\" \/>\n<script type=\"application\/ld+json\" class=\"yoast-schema-graph\">{\"@context\":\"https:\/\/schema.org\",\"@graph\":[{\"@type\":\"Article\",\"@id\":\"https:\/\/vieassociative.be\/actualites\/le-magazine-time-nomme-donald-trump-personne-de-lannee\/#article\",\"isPartOf\":{\"@id\":\"https:\/\/vieassociative.be\/actualites\/le-magazine-time-nomme-donald-trump-personne-de-lannee\/\"},\"author\":{\"name\":\"Julien\",\"@id\":\"https:\/\/vieassociative.be\/actualites\/#\/schema\/person\/b87ac4f82f9d4e7b7cec7395b679edc4\"},\"headline\":\"Le magazine \u00ab Time \u00bb nomme Donald Trump \u00ab Personne de l\u2019ann\u00e9e \u00bb\",\"datePublished\":\"2024-12-12T14:19:32+00:00\",\"dateModified\":\"2024-12-12T14:19:32+00:00\",\"mainEntityOfPage\":{\"@id\":\"https:\/\/vieassociative.be\/actualites\/le-magazine-time-nomme-donald-trump-personne-de-lannee\/\"},\"wordCount\":256,\"publisher\":{\"@id\":\"https:\/\/vieassociative.be\/actualites\/#organization\"},\"image\":{\"@id\":\"https:\/\/vieassociative.be\/actualites\/le-magazine-time-nomme-donald-trump-personne-de-lannee\/#primaryimage\"},\"thumbnailUrl\":\"https:\/\/vieassociative.be\/actualites\/wp-content\/uploads\/2024\/12\/Le-magazine-Time-nomme-Donald-Trump-Personne.jpg\",\"keywords\":[\"Donald\",\"lann\u00e9e\",\"magazine\",\"nomme\",\"personne\",\"Time\",\"Trump\"],\"articleSection\":[\"Belgique\"],\"inLanguage\":\"fr-BE\"},{\"@type\":\"WebPage\",\"@id\":\"https:\/\/vieassociative.be\/actualites\/le-magazine-time-nomme-donald-trump-personne-de-lannee\/\",\"url\":\"https:\/\/vieassociative.be\/actualites\/le-magazine-time-nomme-donald-trump-personne-de-lannee\/\",\"name\":\"Le magazine \u00ab Time \u00bb nomme Donald Trump \u00ab Personne de l\u2019ann\u00e9e \u00bb | Vie Associative\",\"isPartOf\":{\"@id\":\"https:\/\/vieassociative.be\/actualites\/#website\"},\"primaryImageOfPage\":{\"@id\":\"https:\/\/vieassociative.be\/actualites\/le-magazine-time-nomme-donald-trump-personne-de-lannee\/#primaryimage\"},\"image\":{\"@id\":\"https:\/\/vieassociative.be\/actualites\/le-magazine-time-nomme-donald-trump-personne-de-lannee\/#primaryimage\"},\"thumbnailUrl\":\"https:\/\/vieassociative.be\/actualites\/wp-content\/uploads\/2024\/12\/Le-magazine-Time-nomme-Donald-Trump-Personne.jpg\",\"datePublished\":\"2024-12-12T14:19:32+00:00\",\"dateModified\":\"2024-12-12T14:19:32+00:00\",\"breadcrumb\":{\"@id\":\"https:\/\/vieassociative.be\/actualites\/le-magazine-time-nomme-donald-trump-personne-de-lannee\/#breadcrumb\"},\"inLanguage\":\"fr-BE\",\"potentialAction\":[{\"@type\":\"ReadAction\",\"target\":[\"https:\/\/vieassociative.be\/actualites\/le-magazine-time-nomme-donald-trump-personne-de-lannee\/\"]}]},{\"@type\":\"ImageObject\",\"inLanguage\":\"fr-BE\",\"@id\":\"https:\/\/vieassociative.be\/actualites\/le-magazine-time-nomme-donald-trump-personne-de-lannee\/#primaryimage\",\"url\":\"https:\/\/vieassociative.be\/actualites\/wp-content\/uploads\/2024\/12\/Le-magazine-Time-nomme-Donald-Trump-Personne.jpg\",\"contentUrl\":\"https:\/\/vieassociative.be\/actualites\/wp-content\/uploads\/2024\/12\/Le-magazine-Time-nomme-Donald-Trump-Personne.jpg\",\"width\":1200,\"height\":800,\"caption\":\"Le magazine \u00ab Time \u00bb nomme Donald Trump \u00ab Personne de l\u2019ann\u00e9e \u00bb\"},{\"@type\":\"BreadcrumbList\",\"@id\":\"https:\/\/vieassociative.be\/actualites\/le-magazine-time-nomme-donald-trump-personne-de-lannee\/#breadcrumb\",\"itemListElement\":[{\"@type\":\"ListItem\",\"position\":1,\"name\":\"Accueil\",\"item\":\"https:\/\/vieassociative.be\/actualites\/\"},{\"@type\":\"ListItem\",\"position\":2,\"name\":\"Le magazine \u00ab Time \u00bb nomme Donald Trump \u00ab Personne de l\u2019ann\u00e9e \u00bb\"}]},{\"@type\":\"WebSite\",\"@id\":\"https:\/\/vieassociative.be\/actualites\/#website\",\"url\":\"https:\/\/vieassociative.be\/actualites\/\",\"name\":\"Vie Associative\",\"description\":\"\",\"publisher\":{\"@id\":\"https:\/\/vieassociative.be\/actualites\/#organization\"},\"potentialAction\":[{\"@type\":\"SearchAction\",\"target\":{\"@type\":\"EntryPoint\",\"urlTemplate\":\"https:\/\/vieassociative.be\/actualites\/?s={search_term_string}\"},\"query-input\":{\"@type\":\"PropertyValueSpecification\",\"valueRequired\":true,\"valueName\":\"search_term_string\"}}],\"inLanguage\":\"fr-BE\"},{\"@type\":\"Organization\",\"@id\":\"https:\/\/vieassociative.be\/actualites\/#organization\",\"name\":\"Vie Associative\",\"url\":\"https:\/\/vieassociative.be\/actualites\/\",\"logo\":{\"@type\":\"ImageObject\",\"inLanguage\":\"fr-BE\",\"@id\":\"https:\/\/vieassociative.be\/actualites\/#\/schema\/logo\/image\/\",\"url\":\"https:\/\/vieassociative.be\/actualites\/wp-content\/uploads\/2024\/09\/cropped-vieassociative_favicon.ico.png\",\"contentUrl\":\"https:\/\/vieassociative.be\/actualites\/wp-content\/uploads\/2024\/09\/cropped-vieassociative_favicon.ico.png\",\"width\":512,\"height\":512,\"caption\":\"Vie Associative\"},\"image\":{\"@id\":\"https:\/\/vieassociative.be\/actualites\/#\/schema\/logo\/image\/\"}},{\"@type\":\"Person\",\"@id\":\"https:\/\/vieassociative.be\/actualites\/#\/schema\/person\/b87ac4f82f9d4e7b7cec7395b679edc4\",\"name\":\"Julien\",\"image\":{\"@type\":\"ImageObject\",\"inLanguage\":\"fr-BE\",\"@id\":\"https:\/\/vieassociative.be\/actualites\/#\/schema\/person\/image\/\",\"url\":\"https:\/\/vieassociative.be\/actualites\/wp-content\/uploads\/2024\/09\/vie-associative-1-150x150.jpg\",\"contentUrl\":\"https:\/\/vieassociative.be\/actualites\/wp-content\/uploads\/2024\/09\/vie-associative-1-150x150.jpg\",\"caption\":\"Julien\"},\"description\":\"Je suis Julien, r\u00e9dacteur pour Vie Associative. Passionn\u00e9 par le monde associatif depuis plus de 10 ans, j'ai \u00e0 c\u0153ur de partager des histoires inspirantes et de mettre en lumi\u00e8re les initiatives locales. Mon objectif est de sensibiliser et d'encourager l'engagement communautaire \u00e0 travers mes articles.\",\"sameAs\":[\"https:\/\/vieassociative.be\/\"]}]}<\/script>\n<!-- \/ Yoast SEO plugin. -->","yoast_head_json":{"title":"Le magazine \u00ab Time \u00bb nomme Donald Trump \u00ab Personne de l\u2019ann\u00e9e \u00bb | Vie Associative","robots":{"index":"index","follow":"follow","max-snippet":"max-snippet:-1","max-image-preview":"max-image-preview:large","max-video-preview":"max-video-preview:-1"},"canonical":"https:\/\/vieassociative.be\/actualites\/le-magazine-time-nomme-donald-trump-personne-de-lannee\/","og_locale":"fr_FR","og_type":"article","og_title":"Le magazine \u00ab Time \u00bb nomme Donald Trump \u00ab Personne de l\u2019ann\u00e9e \u00bb | Vie Associative","og_description":"Le retour politique de Donald Trump est sans pr\u00e9c\u00e9dent. Cela signifie qu&rsquo;il s&rsquo;assure d\u00e9sormais un titre sp\u00e9cial. Pas pour la premi\u00e8re fois. Le magazine am\u00e9ricain","og_url":"https:\/\/vieassociative.be\/actualites\/le-magazine-time-nomme-donald-trump-personne-de-lannee\/","og_site_name":"Vie Associative","article_published_time":"2024-12-12T14:19:32+00:00","og_image":[{"width":279,"height":92,"url":"https:\/\/vieassociative.be\/actualites\/wp-content\/uploads\/2024\/09\/header_backgroundk-01-e1726694325946.png","type":"image\/png"}],"author":"Julien","twitter_card":"summary_large_image","twitter_misc":{"\u00c9crit par":"Julien","Dur\u00e9e de lecture est.":"1 minute"},"schema":{"@context":"https:\/\/schema.org","@graph":[{"@type":"Article","@id":"https:\/\/vieassociative.be\/actualites\/le-magazine-time-nomme-donald-trump-personne-de-lannee\/#article","isPartOf":{"@id":"https:\/\/vieassociative.be\/actualites\/le-magazine-time-nomme-donald-trump-personne-de-lannee\/"},"author":{"name":"Julien","@id":"https:\/\/vieassociative.be\/actualites\/#\/schema\/person\/b87ac4f82f9d4e7b7cec7395b679edc4"},"headline":"Le magazine \u00ab Time \u00bb nomme Donald Trump \u00ab Personne de l\u2019ann\u00e9e \u00bb","datePublished":"2024-12-12T14:19:32+00:00","dateModified":"2024-12-12T14:19:32+00:00","mainEntityOfPage":{"@id":"https:\/\/vieassociative.be\/actualites\/le-magazine-time-nomme-donald-trump-personne-de-lannee\/"},"wordCount":256,"publisher":{"@id":"https:\/\/vieassociative.be\/actualites\/#organization"},"image":{"@id":"https:\/\/vieassociative.be\/actualites\/le-magazine-time-nomme-donald-trump-personne-de-lannee\/#primaryimage"},"thumbnailUrl":"https:\/\/vieassociative.be\/actualites\/wp-content\/uploads\/2024\/12\/Le-magazine-Time-nomme-Donald-Trump-Personne.jpg","keywords":["Donald","lann\u00e9e","magazine","nomme","personne","Time","Trump"],"articleSection":["Belgique"],"inLanguage":"fr-BE"},{"@type":"WebPage","@id":"https:\/\/vieassociative.be\/actualites\/le-magazine-time-nomme-donald-trump-personne-de-lannee\/","url":"https:\/\/vieassociative.be\/actualites\/le-magazine-time-nomme-donald-trump-personne-de-lannee\/","name":"Le magazine \u00ab Time \u00bb nomme Donald Trump \u00ab Personne de l\u2019ann\u00e9e \u00bb | Vie Associative","isPartOf":{"@id":"https:\/\/vieassociative.be\/actualites\/#website"},"primaryImageOfPage":{"@id":"https:\/\/vieassociative.be\/actualites\/le-magazine-time-nomme-donald-trump-personne-de-lannee\/#primaryimage"},"image":{"@id":"https:\/\/vieassociative.be\/actualites\/le-magazine-time-nomme-donald-trump-personne-de-lannee\/#primaryimage"},"thumbnailUrl":"https:\/\/vieassociative.be\/actualites\/wp-content\/uploads\/2024\/12\/Le-magazine-Time-nomme-Donald-Trump-Personne.jpg","datePublished":"2024-12-12T14:19:32+00:00","dateModified":"2024-12-12T14:19:32+00:00","breadcrumb":{"@id":"https:\/\/vieassociative.be\/actualites\/le-magazine-time-nomme-donald-trump-personne-de-lannee\/#breadcrumb"},"inLanguage":"fr-BE","potentialAction":[{"@type":"ReadAction","target":["https:\/\/vieassociative.be\/actualites\/le-magazine-time-nomme-donald-trump-personne-de-lannee\/"]}]},{"@type":"ImageObject","inLanguage":"fr-BE","@id":"https:\/\/vieassociative.be\/actualites\/le-magazine-time-nomme-donald-trump-personne-de-lannee\/#primaryimage","url":"https:\/\/vieassociative.be\/actualites\/wp-content\/uploads\/2024\/12\/Le-magazine-Time-nomme-Donald-Trump-Personne.jpg","contentUrl":"https:\/\/vieassociative.be\/actualites\/wp-content\/uploads\/2024\/12\/Le-magazine-Time-nomme-Donald-Trump-Personne.jpg","width":1200,"height":800,"caption":"Le magazine \u00ab Time \u00bb nomme Donald Trump \u00ab Personne de l\u2019ann\u00e9e \u00bb"},{"@type":"BreadcrumbList","@id":"https:\/\/vieassociative.be\/actualites\/le-magazine-time-nomme-donald-trump-personne-de-lannee\/#breadcrumb","itemListElement":[{"@type":"ListItem","position":1,"name":"Accueil","item":"https:\/\/vieassociative.be\/actualites\/"},{"@type":"ListItem","position":2,"name":"Le magazine \u00ab Time \u00bb nomme Donald Trump \u00ab Personne de l\u2019ann\u00e9e \u00bb"}]},{"@type":"WebSite","@id":"https:\/\/vieassociative.be\/actualites\/#website","url":"https:\/\/vieassociative.be\/actualites\/","name":"Vie Associative","description":"","publisher":{"@id":"https:\/\/vieassociative.be\/actualites\/#organization"},"potentialAction":[{"@type":"SearchAction","target":{"@type":"EntryPoint","urlTemplate":"https:\/\/vieassociative.be\/actualites\/?s={search_term_string}"},"query-input":{"@type":"PropertyValueSpecification","valueRequired":true,"valueName":"search_term_string"}}],"inLanguage":"fr-BE"},{"@type":"Organization","@id":"https:\/\/vieassociative.be\/actualites\/#organization","name":"Vie Associative","url":"https:\/\/vieassociative.be\/actualites\/","logo":{"@type":"ImageObject","inLanguage":"fr-BE","@id":"https:\/\/vieassociative.be\/actualites\/#\/schema\/logo\/image\/","url":"https:\/\/vieassociative.be\/actualites\/wp-content\/uploads\/2024\/09\/cropped-vieassociative_favicon.ico.png","contentUrl":"https:\/\/vieassociative.be\/actualites\/wp-content\/uploads\/2024\/09\/cropped-vieassociative_favicon.ico.png","width":512,"height":512,"caption":"Vie Associative"},"image":{"@id":"https:\/\/vieassociative.be\/actualites\/#\/schema\/logo\/image\/"}},{"@type":"Person","@id":"https:\/\/vieassociative.be\/actualites\/#\/schema\/person\/b87ac4f82f9d4e7b7cec7395b679edc4","name":"Julien","image":{"@type":"ImageObject","inLanguage":"fr-BE","@id":"https:\/\/vieassociative.be\/actualites\/#\/schema\/person\/image\/","url":"https:\/\/vieassociative.be\/actualites\/wp-content\/uploads\/2024\/09\/vie-associative-1-150x150.jpg","contentUrl":"https:\/\/vieassociative.be\/actualites\/wp-content\/uploads\/2024\/09\/vie-associative-1-150x150.jpg","caption":"Julien"},"description":"Je suis Julien, r\u00e9dacteur pour Vie Associative. Passionn\u00e9 par le monde associatif depuis plus de 10 ans, j'ai \u00e0 c\u0153ur de partager des histoires inspirantes et de mettre en lumi\u00e8re les initiatives locales. Mon objectif est de sensibiliser et d'encourager l'engagement communautaire \u00e0 travers mes articles.","sameAs":["https:\/\/vieassociative.be\/"]}]}},"_links":{"self":[{"href":"https:\/\/vieassociative.be\/actualites\/wp-json\/wp\/v2\/posts\/3322"}],"collection":[{"href":"https:\/\/vieassociative.be\/actualites\/wp-json\/wp\/v2\/posts"}],"about":[{"href":"https:\/\/vieassociative.be\/actualites\/wp-json\/wp\/v2\/types\/post"}],"author":[{"embeddable":true,"href":"https:\/\/vieassociative.be\/actualites\/wp-json\/wp\/v2\/users\/1"}],"replies":[{"embeddable":true,"href":"https:\/\/vieassociative.be\/actualites\/wp-json\/wp\/v2\/comments?post=3322"}],"version-history":[{"count":0,"href":"https:\/\/vieassociative.be\/actualites\/wp-json\/wp\/v2\/posts\/3322\/revisions"}],"wp:featuredmedia":[{"embeddable":true,"href":"https:\/\/vieassociative.be\/actualites\/wp-json\/wp\/v2\/media\/3323"}],"wp:attachment":[{"href":"https:\/\/vieassociative.be\/actualites\/wp-json\/wp\/v2\/media?parent=3322"}],"wp:term":[{"taxonomy":"category","embeddable":true,"href":"https:\/\/vieassociative.be\/actualites\/wp-json\/wp\/v2\/categories?post=3322"},{"taxonomy":"post_tag","embeddable":true,"href":"https:\/\/vieassociative.be\/actualites\/wp-json\/wp\/v2\/tags?post=3322"}],"curies":[{"name":"wp","href":"https:\/\/api.w.org\/{rel}","templated":true}]}}