{"id":3320,"date":"2024-12-12T14:18:54","date_gmt":"2024-12-12T13:18:54","guid":{"rendered":"https:\/\/vieassociative.be\/actualites\/pour-la-premiere-fois-vous-pourrez-diffuser-les-oscars\/"},"modified":"2024-12-12T14:18:54","modified_gmt":"2024-12-12T13:18:54","slug":"pour-la-premiere-fois-vous-pourrez-diffuser-les-oscars","status":"publish","type":"post","link":"https:\/\/vieassociative.be\/actualites\/pour-la-premiere-fois-vous-pourrez-diffuser-les-oscars\/","title":{"rendered":"Pour la premi\u00e8re fois, vous pourrez diffuser les Oscars"},"content":{"rendered":"<div class=\"mt-4 leading-6 md:mb-8\">Pas besoin de trouver un ami avec une antenne cette ann\u00e9e.<\/div>\n<p><\/p>\n<p>C&rsquo;est la soir\u00e9e la plus glamour d&rsquo;Hollywood (ou en fin d&rsquo;apr\u00e8s-midi, pour ceux de la c\u00f4te ouest), et cette ann\u00e9e, il existe une autre option pour ceux qui souhaitent regarder les Oscars chez eux. En plus d&rsquo;\u00eatre diffus\u00e9s sur un r\u00e9seau majeur, les Oscars seront \u00e9galement diffus\u00e9s en direct, ce qui signifie que vous n&rsquo;aurez pas besoin de rechercher une antenne ou de trouver un moyen d&rsquo;acc\u00e9der aux cha\u00eenes locales si vous souhaitez regarder la soir\u00e9e de nombreuses stars et accepter. discours. <\/p>\n<p>Voici comment diffuser les Oscars pour la premi\u00e8re fois en 2025.<\/p>\n<h2 id=\"how-to-stream-the-2025-academy-awards\">Comment diffuser les Oscars 2025<\/h2>\n<p>Mercredi, l&rsquo;Acad\u00e9mie des arts et des sciences du cin\u00e9ma a annonc\u00e9 sur X (anciennement Twitter) que la diffusion des Oscars 2025 serait un peu diff\u00e9rente. Bien que l&rsquo;\u00e9mission soit toujours diffus\u00e9e sur ABC comme d&rsquo;habitude, elle sera \u00e9galement diffus\u00e9e en direct sur Hulu pour la premi\u00e8re fois. Bien s\u00fbr, vous avez besoin d&rsquo;un abonnement Hulu pour profiter de ce d\u00e9veloppement, mais au moins c&rsquo;est une autre fa\u00e7on d&rsquo;assister \u00e0 la c\u00e9r\u00e9monie qui dure des heures.<\/p>\n<p>Et ce n&rsquo;est pas la seule premi\u00e8re pour les Oscars 2025 : l&rsquo;animateur de t\u00e9l\u00e9vision, \u00e9crivain, producteur et com\u00e9dien Conan O&rsquo;Brien, laur\u00e9at d&rsquo;un Emmy Award, fera \u00e9galement ses d\u00e9buts en tant qu&rsquo;animateur, a annonc\u00e9 ABC en novembre. \u00ab\u00a0L&rsquo;Am\u00e9rique l&rsquo;a demand\u00e9, et maintenant cela se produit : le nouveau Cheesy Chalupa Supreme de Taco Bell. Par ailleurs, j&rsquo;organise les Oscars\u00a0\u00bb, a d\u00e9clar\u00e9 O&rsquo;Brien dans un communiqu\u00e9.<\/p>\n<p>Les Oscars 2025 auront lieu au Dolby Theatre de Los Angeles le dimanche 2 mars 2025. Comme pour les r\u00e9compenses de cette ann\u00e9e, le spectacle d\u00e9butera plus t\u00f4t, \u00e0 19 h HE au lieu de 20 h HE, comme c&rsquo;\u00e9tait le cas lors des pr\u00e9c\u00e9dentes. ann\u00e9es. Le spectacle officiel du tapis rouge en direct commence \u00e0 18 h 30 HE.<\/p>\n<p>Il est \u00e9galement possible de regarder les Oscars depuis l&rsquo;ext\u00e9rieur des \u00c9tats-Unis. L&rsquo;\u00e9mission est diffus\u00e9e dans plus de 200 territoires \u00e0 travers le monde. Consultez vos listes locales internationales pour savoir comment vous connecter.<\/p>\n","protected":false},"excerpt":{"rendered":"<p>Pas besoin de trouver un ami avec une antenne cette ann\u00e9e. C&rsquo;est la soir\u00e9e la plus glamour d&rsquo;Hollywood (ou en fin d&rsquo;apr\u00e8s-midi, pour ceux de<\/p>\n","protected":false},"author":1,"featured_media":3321,"comment_status":"","ping_status":"","sticky":false,"template":"","format":"standard","meta":{"footnotes":""},"categories":[36],"tags":[1052,774,14,3967,81,3966,610,4],"class_list":["post-3320","post","type-post","status-publish","format-standard","has-post-thumbnail","hentry","category-divertissement","tag-diffuser","tag-fois","tag-les","tag-oscars","tag-pour","tag-pourrez","tag-premiere","tag-vous","generate-columns","tablet-grid-50","mobile-grid-100","grid-parent","grid-33"],"yoast_head":"<!-- This site is optimized with the Yoast SEO plugin v24.0 - https:\/\/yoast.com\/wordpress\/plugins\/seo\/ -->\n<title>Pour la premi\u00e8re fois, vous pourrez diffuser les Oscars | Vie Associative<\/title>\n<meta name=\"robots\" content=\"index, follow, max-snippet:-1, max-image-preview:large, max-video-preview:-1\" \/>\n<link rel=\"canonical\" href=\"https:\/\/vieassociative.be\/actualites\/pour-la-premiere-fois-vous-pourrez-diffuser-les-oscars\/\" \/>\n<meta property=\"og:locale\" content=\"fr_FR\" \/>\n<meta property=\"og:type\" content=\"article\" \/>\n<meta property=\"og:title\" content=\"Pour la premi\u00e8re fois, vous pourrez diffuser les Oscars | Vie Associative\" \/>\n<meta property=\"og:description\" content=\"Pas besoin de trouver un ami avec une antenne cette ann\u00e9e. C&rsquo;est la soir\u00e9e la plus glamour d&rsquo;Hollywood (ou en fin d&rsquo;apr\u00e8s-midi, pour ceux de\" \/>\n<meta property=\"og:url\" content=\"https:\/\/vieassociative.be\/actualites\/pour-la-premiere-fois-vous-pourrez-diffuser-les-oscars\/\" \/>\n<meta property=\"og:site_name\" content=\"Vie Associative\" \/>\n<meta property=\"article:published_time\" content=\"2024-12-12T13:18:54+00:00\" \/>\n<meta property=\"og:image\" content=\"https:\/\/vieassociative.be\/actualites\/wp-content\/uploads\/2024\/09\/header_backgroundk-01-e1726694325946.png\" \/>\n\t<meta property=\"og:image:width\" content=\"279\" \/>\n\t<meta property=\"og:image:height\" content=\"92\" \/>\n\t<meta property=\"og:image:type\" content=\"image\/png\" \/>\n<meta name=\"author\" content=\"Julien\" \/>\n<meta name=\"twitter:card\" content=\"summary_large_image\" \/>\n<meta name=\"twitter:label1\" content=\"\u00c9crit par\" \/>\n\t<meta name=\"twitter:data1\" content=\"Julien\" \/>\n\t<meta name=\"twitter:label2\" content=\"Dur\u00e9e de lecture est.\" \/>\n\t<meta name=\"twitter:data2\" content=\"2 minutes\" \/>\n<script type=\"application\/ld+json\" class=\"yoast-schema-graph\">{\"@context\":\"https:\/\/schema.org\",\"@graph\":[{\"@type\":\"Article\",\"@id\":\"https:\/\/vieassociative.be\/actualites\/pour-la-premiere-fois-vous-pourrez-diffuser-les-oscars\/#article\",\"isPartOf\":{\"@id\":\"https:\/\/vieassociative.be\/actualites\/pour-la-premiere-fois-vous-pourrez-diffuser-les-oscars\/\"},\"author\":{\"name\":\"Julien\",\"@id\":\"https:\/\/vieassociative.be\/actualites\/#\/schema\/person\/b87ac4f82f9d4e7b7cec7395b679edc4\"},\"headline\":\"Pour la premi\u00e8re fois, vous pourrez diffuser les Oscars\",\"datePublished\":\"2024-12-12T13:18:54+00:00\",\"dateModified\":\"2024-12-12T13:18:54+00:00\",\"mainEntityOfPage\":{\"@id\":\"https:\/\/vieassociative.be\/actualites\/pour-la-premiere-fois-vous-pourrez-diffuser-les-oscars\/\"},\"wordCount\":399,\"publisher\":{\"@id\":\"https:\/\/vieassociative.be\/actualites\/#organization\"},\"image\":{\"@id\":\"https:\/\/vieassociative.be\/actualites\/pour-la-premiere-fois-vous-pourrez-diffuser-les-oscars\/#primaryimage\"},\"thumbnailUrl\":\"https:\/\/vieassociative.be\/actualites\/wp-content\/uploads\/2024\/12\/Pour-la-premiere-fois-vous-pourrez-diffuser-les-Oscars.png\",\"keywords\":[\"diffuser\",\"fois\",\"Les\",\"Oscars\",\"pour\",\"pourrez\",\"premi\u00e8re\",\"Vous\"],\"articleSection\":[\"Divertissement\"],\"inLanguage\":\"fr-BE\"},{\"@type\":\"WebPage\",\"@id\":\"https:\/\/vieassociative.be\/actualites\/pour-la-premiere-fois-vous-pourrez-diffuser-les-oscars\/\",\"url\":\"https:\/\/vieassociative.be\/actualites\/pour-la-premiere-fois-vous-pourrez-diffuser-les-oscars\/\",\"name\":\"Pour la premi\u00e8re fois, vous pourrez diffuser les Oscars | Vie Associative\",\"isPartOf\":{\"@id\":\"https:\/\/vieassociative.be\/actualites\/#website\"},\"primaryImageOfPage\":{\"@id\":\"https:\/\/vieassociative.be\/actualites\/pour-la-premiere-fois-vous-pourrez-diffuser-les-oscars\/#primaryimage\"},\"image\":{\"@id\":\"https:\/\/vieassociative.be\/actualites\/pour-la-premiere-fois-vous-pourrez-diffuser-les-oscars\/#primaryimage\"},\"thumbnailUrl\":\"https:\/\/vieassociative.be\/actualites\/wp-content\/uploads\/2024\/12\/Pour-la-premiere-fois-vous-pourrez-diffuser-les-Oscars.png\",\"datePublished\":\"2024-12-12T13:18:54+00:00\",\"dateModified\":\"2024-12-12T13:18:54+00:00\",\"breadcrumb\":{\"@id\":\"https:\/\/vieassociative.be\/actualites\/pour-la-premiere-fois-vous-pourrez-diffuser-les-oscars\/#breadcrumb\"},\"inLanguage\":\"fr-BE\",\"potentialAction\":[{\"@type\":\"ReadAction\",\"target\":[\"https:\/\/vieassociative.be\/actualites\/pour-la-premiere-fois-vous-pourrez-diffuser-les-oscars\/\"]}]},{\"@type\":\"ImageObject\",\"inLanguage\":\"fr-BE\",\"@id\":\"https:\/\/vieassociative.be\/actualites\/pour-la-premiere-fois-vous-pourrez-diffuser-les-oscars\/#primaryimage\",\"url\":\"https:\/\/vieassociative.be\/actualites\/wp-content\/uploads\/2024\/12\/Pour-la-premiere-fois-vous-pourrez-diffuser-les-Oscars.png\",\"contentUrl\":\"https:\/\/vieassociative.be\/actualites\/wp-content\/uploads\/2024\/12\/Pour-la-premiere-fois-vous-pourrez-diffuser-les-Oscars.png\",\"width\":1200,\"height\":675,\"caption\":\"Pour la premi\u00e8re fois, vous pourrez diffuser les Oscars\"},{\"@type\":\"BreadcrumbList\",\"@id\":\"https:\/\/vieassociative.be\/actualites\/pour-la-premiere-fois-vous-pourrez-diffuser-les-oscars\/#breadcrumb\",\"itemListElement\":[{\"@type\":\"ListItem\",\"position\":1,\"name\":\"Accueil\",\"item\":\"https:\/\/vieassociative.be\/actualites\/\"},{\"@type\":\"ListItem\",\"position\":2,\"name\":\"Pour la premi\u00e8re fois, vous pourrez diffuser les Oscars\"}]},{\"@type\":\"WebSite\",\"@id\":\"https:\/\/vieassociative.be\/actualites\/#website\",\"url\":\"https:\/\/vieassociative.be\/actualites\/\",\"name\":\"Vie Associative\",\"description\":\"\",\"publisher\":{\"@id\":\"https:\/\/vieassociative.be\/actualites\/#organization\"},\"potentialAction\":[{\"@type\":\"SearchAction\",\"target\":{\"@type\":\"EntryPoint\",\"urlTemplate\":\"https:\/\/vieassociative.be\/actualites\/?s={search_term_string}\"},\"query-input\":{\"@type\":\"PropertyValueSpecification\",\"valueRequired\":true,\"valueName\":\"search_term_string\"}}],\"inLanguage\":\"fr-BE\"},{\"@type\":\"Organization\",\"@id\":\"https:\/\/vieassociative.be\/actualites\/#organization\",\"name\":\"Vie Associative\",\"url\":\"https:\/\/vieassociative.be\/actualites\/\",\"logo\":{\"@type\":\"ImageObject\",\"inLanguage\":\"fr-BE\",\"@id\":\"https:\/\/vieassociative.be\/actualites\/#\/schema\/logo\/image\/\",\"url\":\"https:\/\/vieassociative.be\/actualites\/wp-content\/uploads\/2024\/09\/cropped-vieassociative_favicon.ico.png\",\"contentUrl\":\"https:\/\/vieassociative.be\/actualites\/wp-content\/uploads\/2024\/09\/cropped-vieassociative_favicon.ico.png\",\"width\":512,\"height\":512,\"caption\":\"Vie Associative\"},\"image\":{\"@id\":\"https:\/\/vieassociative.be\/actualites\/#\/schema\/logo\/image\/\"}},{\"@type\":\"Person\",\"@id\":\"https:\/\/vieassociative.be\/actualites\/#\/schema\/person\/b87ac4f82f9d4e7b7cec7395b679edc4\",\"name\":\"Julien\",\"image\":{\"@type\":\"ImageObject\",\"inLanguage\":\"fr-BE\",\"@id\":\"https:\/\/vieassociative.be\/actualites\/#\/schema\/person\/image\/\",\"url\":\"https:\/\/vieassociative.be\/actualites\/wp-content\/uploads\/2024\/09\/vie-associative-1-150x150.jpg\",\"contentUrl\":\"https:\/\/vieassociative.be\/actualites\/wp-content\/uploads\/2024\/09\/vie-associative-1-150x150.jpg\",\"caption\":\"Julien\"},\"description\":\"Je suis Julien, r\u00e9dacteur pour Vie Associative. Passionn\u00e9 par le monde associatif depuis plus de 10 ans, j'ai \u00e0 c\u0153ur de partager des histoires inspirantes et de mettre en lumi\u00e8re les initiatives locales. Mon objectif est de sensibiliser et d'encourager l'engagement communautaire \u00e0 travers mes articles.\",\"sameAs\":[\"https:\/\/vieassociative.be\/\"]}]}<\/script>\n<!-- \/ Yoast SEO plugin. -->","yoast_head_json":{"title":"Pour la premi\u00e8re fois, vous pourrez diffuser les Oscars | Vie Associative","robots":{"index":"index","follow":"follow","max-snippet":"max-snippet:-1","max-image-preview":"max-image-preview:large","max-video-preview":"max-video-preview:-1"},"canonical":"https:\/\/vieassociative.be\/actualites\/pour-la-premiere-fois-vous-pourrez-diffuser-les-oscars\/","og_locale":"fr_FR","og_type":"article","og_title":"Pour la premi\u00e8re fois, vous pourrez diffuser les Oscars | Vie Associative","og_description":"Pas besoin de trouver un ami avec une antenne cette ann\u00e9e. C&rsquo;est la soir\u00e9e la plus glamour d&rsquo;Hollywood (ou en fin d&rsquo;apr\u00e8s-midi, pour ceux de","og_url":"https:\/\/vieassociative.be\/actualites\/pour-la-premiere-fois-vous-pourrez-diffuser-les-oscars\/","og_site_name":"Vie Associative","article_published_time":"2024-12-12T13:18:54+00:00","og_image":[{"width":279,"height":92,"url":"https:\/\/vieassociative.be\/actualites\/wp-content\/uploads\/2024\/09\/header_backgroundk-01-e1726694325946.png","type":"image\/png"}],"author":"Julien","twitter_card":"summary_large_image","twitter_misc":{"\u00c9crit par":"Julien","Dur\u00e9e de lecture est.":"2 minutes"},"schema":{"@context":"https:\/\/schema.org","@graph":[{"@type":"Article","@id":"https:\/\/vieassociative.be\/actualites\/pour-la-premiere-fois-vous-pourrez-diffuser-les-oscars\/#article","isPartOf":{"@id":"https:\/\/vieassociative.be\/actualites\/pour-la-premiere-fois-vous-pourrez-diffuser-les-oscars\/"},"author":{"name":"Julien","@id":"https:\/\/vieassociative.be\/actualites\/#\/schema\/person\/b87ac4f82f9d4e7b7cec7395b679edc4"},"headline":"Pour la premi\u00e8re fois, vous pourrez diffuser les Oscars","datePublished":"2024-12-12T13:18:54+00:00","dateModified":"2024-12-12T13:18:54+00:00","mainEntityOfPage":{"@id":"https:\/\/vieassociative.be\/actualites\/pour-la-premiere-fois-vous-pourrez-diffuser-les-oscars\/"},"wordCount":399,"publisher":{"@id":"https:\/\/vieassociative.be\/actualites\/#organization"},"image":{"@id":"https:\/\/vieassociative.be\/actualites\/pour-la-premiere-fois-vous-pourrez-diffuser-les-oscars\/#primaryimage"},"thumbnailUrl":"https:\/\/vieassociative.be\/actualites\/wp-content\/uploads\/2024\/12\/Pour-la-premiere-fois-vous-pourrez-diffuser-les-Oscars.png","keywords":["diffuser","fois","Les","Oscars","pour","pourrez","premi\u00e8re","Vous"],"articleSection":["Divertissement"],"inLanguage":"fr-BE"},{"@type":"WebPage","@id":"https:\/\/vieassociative.be\/actualites\/pour-la-premiere-fois-vous-pourrez-diffuser-les-oscars\/","url":"https:\/\/vieassociative.be\/actualites\/pour-la-premiere-fois-vous-pourrez-diffuser-les-oscars\/","name":"Pour la premi\u00e8re fois, vous pourrez diffuser les Oscars | Vie Associative","isPartOf":{"@id":"https:\/\/vieassociative.be\/actualites\/#website"},"primaryImageOfPage":{"@id":"https:\/\/vieassociative.be\/actualites\/pour-la-premiere-fois-vous-pourrez-diffuser-les-oscars\/#primaryimage"},"image":{"@id":"https:\/\/vieassociative.be\/actualites\/pour-la-premiere-fois-vous-pourrez-diffuser-les-oscars\/#primaryimage"},"thumbnailUrl":"https:\/\/vieassociative.be\/actualites\/wp-content\/uploads\/2024\/12\/Pour-la-premiere-fois-vous-pourrez-diffuser-les-Oscars.png","datePublished":"2024-12-12T13:18:54+00:00","dateModified":"2024-12-12T13:18:54+00:00","breadcrumb":{"@id":"https:\/\/vieassociative.be\/actualites\/pour-la-premiere-fois-vous-pourrez-diffuser-les-oscars\/#breadcrumb"},"inLanguage":"fr-BE","potentialAction":[{"@type":"ReadAction","target":["https:\/\/vieassociative.be\/actualites\/pour-la-premiere-fois-vous-pourrez-diffuser-les-oscars\/"]}]},{"@type":"ImageObject","inLanguage":"fr-BE","@id":"https:\/\/vieassociative.be\/actualites\/pour-la-premiere-fois-vous-pourrez-diffuser-les-oscars\/#primaryimage","url":"https:\/\/vieassociative.be\/actualites\/wp-content\/uploads\/2024\/12\/Pour-la-premiere-fois-vous-pourrez-diffuser-les-Oscars.png","contentUrl":"https:\/\/vieassociative.be\/actualites\/wp-content\/uploads\/2024\/12\/Pour-la-premiere-fois-vous-pourrez-diffuser-les-Oscars.png","width":1200,"height":675,"caption":"Pour la premi\u00e8re fois, vous pourrez diffuser les Oscars"},{"@type":"BreadcrumbList","@id":"https:\/\/vieassociative.be\/actualites\/pour-la-premiere-fois-vous-pourrez-diffuser-les-oscars\/#breadcrumb","itemListElement":[{"@type":"ListItem","position":1,"name":"Accueil","item":"https:\/\/vieassociative.be\/actualites\/"},{"@type":"ListItem","position":2,"name":"Pour la premi\u00e8re fois, vous pourrez diffuser les Oscars"}]},{"@type":"WebSite","@id":"https:\/\/vieassociative.be\/actualites\/#website","url":"https:\/\/vieassociative.be\/actualites\/","name":"Vie Associative","description":"","publisher":{"@id":"https:\/\/vieassociative.be\/actualites\/#organization"},"potentialAction":[{"@type":"SearchAction","target":{"@type":"EntryPoint","urlTemplate":"https:\/\/vieassociative.be\/actualites\/?s={search_term_string}"},"query-input":{"@type":"PropertyValueSpecification","valueRequired":true,"valueName":"search_term_string"}}],"inLanguage":"fr-BE"},{"@type":"Organization","@id":"https:\/\/vieassociative.be\/actualites\/#organization","name":"Vie Associative","url":"https:\/\/vieassociative.be\/actualites\/","logo":{"@type":"ImageObject","inLanguage":"fr-BE","@id":"https:\/\/vieassociative.be\/actualites\/#\/schema\/logo\/image\/","url":"https:\/\/vieassociative.be\/actualites\/wp-content\/uploads\/2024\/09\/cropped-vieassociative_favicon.ico.png","contentUrl":"https:\/\/vieassociative.be\/actualites\/wp-content\/uploads\/2024\/09\/cropped-vieassociative_favicon.ico.png","width":512,"height":512,"caption":"Vie Associative"},"image":{"@id":"https:\/\/vieassociative.be\/actualites\/#\/schema\/logo\/image\/"}},{"@type":"Person","@id":"https:\/\/vieassociative.be\/actualites\/#\/schema\/person\/b87ac4f82f9d4e7b7cec7395b679edc4","name":"Julien","image":{"@type":"ImageObject","inLanguage":"fr-BE","@id":"https:\/\/vieassociative.be\/actualites\/#\/schema\/person\/image\/","url":"https:\/\/vieassociative.be\/actualites\/wp-content\/uploads\/2024\/09\/vie-associative-1-150x150.jpg","contentUrl":"https:\/\/vieassociative.be\/actualites\/wp-content\/uploads\/2024\/09\/vie-associative-1-150x150.jpg","caption":"Julien"},"description":"Je suis Julien, r\u00e9dacteur pour Vie Associative. Passionn\u00e9 par le monde associatif depuis plus de 10 ans, j'ai \u00e0 c\u0153ur de partager des histoires inspirantes et de mettre en lumi\u00e8re les initiatives locales. Mon objectif est de sensibiliser et d'encourager l'engagement communautaire \u00e0 travers mes articles.","sameAs":["https:\/\/vieassociative.be\/"]}]}},"_links":{"self":[{"href":"https:\/\/vieassociative.be\/actualites\/wp-json\/wp\/v2\/posts\/3320"}],"collection":[{"href":"https:\/\/vieassociative.be\/actualites\/wp-json\/wp\/v2\/posts"}],"about":[{"href":"https:\/\/vieassociative.be\/actualites\/wp-json\/wp\/v2\/types\/post"}],"author":[{"embeddable":true,"href":"https:\/\/vieassociative.be\/actualites\/wp-json\/wp\/v2\/users\/1"}],"replies":[{"embeddable":true,"href":"https:\/\/vieassociative.be\/actualites\/wp-json\/wp\/v2\/comments?post=3320"}],"version-history":[{"count":0,"href":"https:\/\/vieassociative.be\/actualites\/wp-json\/wp\/v2\/posts\/3320\/revisions"}],"wp:featuredmedia":[{"embeddable":true,"href":"https:\/\/vieassociative.be\/actualites\/wp-json\/wp\/v2\/media\/3321"}],"wp:attachment":[{"href":"https:\/\/vieassociative.be\/actualites\/wp-json\/wp\/v2\/media?parent=3320"}],"wp:term":[{"taxonomy":"category","embeddable":true,"href":"https:\/\/vieassociative.be\/actualites\/wp-json\/wp\/v2\/categories?post=3320"},{"taxonomy":"post_tag","embeddable":true,"href":"https:\/\/vieassociative.be\/actualites\/wp-json\/wp\/v2\/tags?post=3320"}],"curies":[{"name":"wp","href":"https:\/\/api.w.org\/{rel}","templated":true}]}}