{"id":3314,"date":"2024-12-12T09:18:54","date_gmt":"2024-12-12T08:18:54","guid":{"rendered":"https:\/\/vieassociative.be\/actualites\/calendrier-scolaire-2025-2026\/"},"modified":"2024-12-12T09:18:54","modified_gmt":"2024-12-12T08:18:54","slug":"calendrier-scolaire-2025-2026","status":"publish","type":"post","link":"https:\/\/vieassociative.be\/actualites\/calendrier-scolaire-2025-2026\/","title":{"rendered":"Calendrier scolaire 2025-2026"},"content":{"rendered":"<p><strong>La DG gouvernement a arr\u00eat\u00e9 le calendrier scolaire ainsi que le calendrier de l&rsquo;ann\u00e9e acad\u00e9mique 2025-2026.<\/strong><\/p>\n<p><span id=\"more-403735\"><\/span>L&rsquo;ann\u00e9e scolaire et l&rsquo;ann\u00e9e acad\u00e9mique 2025-2026 d\u00e9butent le 1er septembre et se terminent le 30 juin. La semaine de vacances du Carnaval (2026) \u00e0 la DG est \u00e9galement une semaine de vacances en Communaut\u00e9 fran\u00e7aise et flamande dans le calendrier scolaire 2025-2026 (du 16 f\u00e9vrier 2026 au 21 f\u00e9vrier 2026).<\/p>\n<p>Le nombre de jours suppl\u00e9mentaires sans enseignement pour les \u00e9coles ordinaires et sp\u00e9ciales, pour la formation du brevet et l&rsquo;ann\u00e9e pr\u00e9paratoire ainsi que pour les cours d&rsquo;art \u00e0 temps partiel pour l&rsquo;ann\u00e9e scolaire 2025-2026 est de deux jours.<\/p>\n<p>Les calendriers scolaires 2026-2027 et 2027-2028 seront coordonn\u00e9s d\u2019ici fin juin 2025.<\/p>\n<ul>\n<li style=\"text-align: left;\"><strong>F\u00eate du travail:<\/strong> Jeudi 1er mai 2025<\/li>\n<li style=\"text-align: left;\"><strong>Ascension du Christ<\/strong>: jeudi 29 mai 2025<\/li>\n<li style=\"text-align: left;\"><strong>Lundi de Pentec\u00f4te :<\/strong> Lundi 9 juin 2025<\/li>\n<li style=\"text-align: left;\"><strong>F\u00eate de la Toussaint :<\/strong> Du lundi 27 octobre 2025 au samedi 1er novembre 2025<\/li>\n<li style=\"text-align: left;\"><strong>Armistice:<\/strong> mardi 11 novembre 2025<\/li>\n<li style=\"text-align: left;\"><strong>Journ\u00e9e du DG :<\/strong> samedi 15 novembre 2025<\/li>\n<li style=\"text-align: left;\"><strong>Vacances de No\u00ebl :<\/strong> Du lundi 22 d\u00e9cembre 2025 au samedi 3 janvier 2026<\/li>\n<li style=\"text-align: left;\"><strong>Vacances de carnaval :<\/strong> Du lundi 16 f\u00e9vrier 2026 au samedi 21 f\u00e9vrier 2026<\/li>\n<li style=\"text-align: left;\"><strong>Vacances de P\u00e2ques :<\/strong> Du lundi 6 avril 2026 au samedi 18 avril 2026.<\/li>\n<\/ul>\n","protected":false},"excerpt":{"rendered":"<p>La DG gouvernement a arr\u00eat\u00e9 le calendrier scolaire ainsi que le calendrier de l&rsquo;ann\u00e9e acad\u00e9mique 2025-2026. L&rsquo;ann\u00e9e scolaire et l&rsquo;ann\u00e9e acad\u00e9mique 2025-2026 d\u00e9butent le 1er<\/p>\n","protected":false},"author":1,"featured_media":3315,"comment_status":"","ping_status":"","sticky":false,"template":"","format":"standard","meta":{"footnotes":""},"categories":[298],"tags":[3293,349],"class_list":["post-3314","post","type-post","status-publish","format-standard","has-post-thumbnail","hentry","category-belgique","tag-calendrier","tag-scolaire","generate-columns","tablet-grid-50","mobile-grid-100","grid-parent","grid-33"],"yoast_head":"<!-- This site is optimized with the Yoast SEO plugin v24.0 - https:\/\/yoast.com\/wordpress\/plugins\/seo\/ -->\n<title>Calendrier scolaire 2025-2026 | Vie Associative<\/title>\n<meta name=\"robots\" content=\"index, follow, max-snippet:-1, max-image-preview:large, max-video-preview:-1\" \/>\n<link rel=\"canonical\" href=\"https:\/\/vieassociative.be\/actualites\/calendrier-scolaire-2025-2026\/\" \/>\n<meta property=\"og:locale\" content=\"fr_FR\" \/>\n<meta property=\"og:type\" content=\"article\" \/>\n<meta property=\"og:title\" content=\"Calendrier scolaire 2025-2026 | Vie Associative\" \/>\n<meta property=\"og:description\" content=\"La DG gouvernement a arr\u00eat\u00e9 le calendrier scolaire ainsi que le calendrier de l&rsquo;ann\u00e9e acad\u00e9mique 2025-2026. L&rsquo;ann\u00e9e scolaire et l&rsquo;ann\u00e9e acad\u00e9mique 2025-2026 d\u00e9butent le 1er\" \/>\n<meta property=\"og:url\" content=\"https:\/\/vieassociative.be\/actualites\/calendrier-scolaire-2025-2026\/\" \/>\n<meta property=\"og:site_name\" content=\"Vie Associative\" \/>\n<meta property=\"article:published_time\" content=\"2024-12-12T08:18:54+00:00\" \/>\n<meta property=\"og:image\" content=\"https:\/\/vieassociative.be\/actualites\/wp-content\/uploads\/2024\/09\/header_backgroundk-01-e1726694325946.png\" \/>\n\t<meta property=\"og:image:width\" content=\"279\" \/>\n\t<meta property=\"og:image:height\" content=\"92\" \/>\n\t<meta property=\"og:image:type\" content=\"image\/png\" \/>\n<meta name=\"author\" content=\"Julien\" \/>\n<meta name=\"twitter:card\" content=\"summary_large_image\" \/>\n<meta name=\"twitter:label1\" content=\"\u00c9crit par\" \/>\n\t<meta name=\"twitter:data1\" content=\"Julien\" \/>\n\t<meta name=\"twitter:label2\" content=\"Dur\u00e9e de lecture est.\" \/>\n\t<meta name=\"twitter:data2\" content=\"1 minute\" \/>\n<script type=\"application\/ld+json\" class=\"yoast-schema-graph\">{\"@context\":\"https:\/\/schema.org\",\"@graph\":[{\"@type\":\"Article\",\"@id\":\"https:\/\/vieassociative.be\/actualites\/calendrier-scolaire-2025-2026\/#article\",\"isPartOf\":{\"@id\":\"https:\/\/vieassociative.be\/actualites\/calendrier-scolaire-2025-2026\/\"},\"author\":{\"name\":\"Julien\",\"@id\":\"https:\/\/vieassociative.be\/actualites\/#\/schema\/person\/b87ac4f82f9d4e7b7cec7395b679edc4\"},\"headline\":\"Calendrier scolaire 2025-2026\",\"datePublished\":\"2024-12-12T08:18:54+00:00\",\"dateModified\":\"2024-12-12T08:18:54+00:00\",\"mainEntityOfPage\":{\"@id\":\"https:\/\/vieassociative.be\/actualites\/calendrier-scolaire-2025-2026\/\"},\"wordCount\":204,\"publisher\":{\"@id\":\"https:\/\/vieassociative.be\/actualites\/#organization\"},\"image\":{\"@id\":\"https:\/\/vieassociative.be\/actualites\/calendrier-scolaire-2025-2026\/#primaryimage\"},\"thumbnailUrl\":\"https:\/\/vieassociative.be\/actualites\/wp-content\/uploads\/2024\/12\/Calendrier-scolaire-2025-2026.jpg\",\"keywords\":[\"calendrier\",\"scolaire\"],\"articleSection\":[\"Belgique\"],\"inLanguage\":\"fr-BE\"},{\"@type\":\"WebPage\",\"@id\":\"https:\/\/vieassociative.be\/actualites\/calendrier-scolaire-2025-2026\/\",\"url\":\"https:\/\/vieassociative.be\/actualites\/calendrier-scolaire-2025-2026\/\",\"name\":\"Calendrier scolaire 2025-2026 | Vie Associative\",\"isPartOf\":{\"@id\":\"https:\/\/vieassociative.be\/actualites\/#website\"},\"primaryImageOfPage\":{\"@id\":\"https:\/\/vieassociative.be\/actualites\/calendrier-scolaire-2025-2026\/#primaryimage\"},\"image\":{\"@id\":\"https:\/\/vieassociative.be\/actualites\/calendrier-scolaire-2025-2026\/#primaryimage\"},\"thumbnailUrl\":\"https:\/\/vieassociative.be\/actualites\/wp-content\/uploads\/2024\/12\/Calendrier-scolaire-2025-2026.jpg\",\"datePublished\":\"2024-12-12T08:18:54+00:00\",\"dateModified\":\"2024-12-12T08:18:54+00:00\",\"breadcrumb\":{\"@id\":\"https:\/\/vieassociative.be\/actualites\/calendrier-scolaire-2025-2026\/#breadcrumb\"},\"inLanguage\":\"fr-BE\",\"potentialAction\":[{\"@type\":\"ReadAction\",\"target\":[\"https:\/\/vieassociative.be\/actualites\/calendrier-scolaire-2025-2026\/\"]}]},{\"@type\":\"ImageObject\",\"inLanguage\":\"fr-BE\",\"@id\":\"https:\/\/vieassociative.be\/actualites\/calendrier-scolaire-2025-2026\/#primaryimage\",\"url\":\"https:\/\/vieassociative.be\/actualites\/wp-content\/uploads\/2024\/12\/Calendrier-scolaire-2025-2026.jpg\",\"contentUrl\":\"https:\/\/vieassociative.be\/actualites\/wp-content\/uploads\/2024\/12\/Calendrier-scolaire-2025-2026.jpg\",\"width\":1200,\"height\":1200,\"caption\":\"Calendrier scolaire 2025-2026\"},{\"@type\":\"BreadcrumbList\",\"@id\":\"https:\/\/vieassociative.be\/actualites\/calendrier-scolaire-2025-2026\/#breadcrumb\",\"itemListElement\":[{\"@type\":\"ListItem\",\"position\":1,\"name\":\"Accueil\",\"item\":\"https:\/\/vieassociative.be\/actualites\/\"},{\"@type\":\"ListItem\",\"position\":2,\"name\":\"Calendrier scolaire 2025-2026\"}]},{\"@type\":\"WebSite\",\"@id\":\"https:\/\/vieassociative.be\/actualites\/#website\",\"url\":\"https:\/\/vieassociative.be\/actualites\/\",\"name\":\"Vie Associative\",\"description\":\"\",\"publisher\":{\"@id\":\"https:\/\/vieassociative.be\/actualites\/#organization\"},\"potentialAction\":[{\"@type\":\"SearchAction\",\"target\":{\"@type\":\"EntryPoint\",\"urlTemplate\":\"https:\/\/vieassociative.be\/actualites\/?s={search_term_string}\"},\"query-input\":{\"@type\":\"PropertyValueSpecification\",\"valueRequired\":true,\"valueName\":\"search_term_string\"}}],\"inLanguage\":\"fr-BE\"},{\"@type\":\"Organization\",\"@id\":\"https:\/\/vieassociative.be\/actualites\/#organization\",\"name\":\"Vie Associative\",\"url\":\"https:\/\/vieassociative.be\/actualites\/\",\"logo\":{\"@type\":\"ImageObject\",\"inLanguage\":\"fr-BE\",\"@id\":\"https:\/\/vieassociative.be\/actualites\/#\/schema\/logo\/image\/\",\"url\":\"https:\/\/vieassociative.be\/actualites\/wp-content\/uploads\/2024\/09\/cropped-vieassociative_favicon.ico.png\",\"contentUrl\":\"https:\/\/vieassociative.be\/actualites\/wp-content\/uploads\/2024\/09\/cropped-vieassociative_favicon.ico.png\",\"width\":512,\"height\":512,\"caption\":\"Vie Associative\"},\"image\":{\"@id\":\"https:\/\/vieassociative.be\/actualites\/#\/schema\/logo\/image\/\"}},{\"@type\":\"Person\",\"@id\":\"https:\/\/vieassociative.be\/actualites\/#\/schema\/person\/b87ac4f82f9d4e7b7cec7395b679edc4\",\"name\":\"Julien\",\"image\":{\"@type\":\"ImageObject\",\"inLanguage\":\"fr-BE\",\"@id\":\"https:\/\/vieassociative.be\/actualites\/#\/schema\/person\/image\/\",\"url\":\"https:\/\/vieassociative.be\/actualites\/wp-content\/uploads\/2024\/09\/vie-associative-1-150x150.jpg\",\"contentUrl\":\"https:\/\/vieassociative.be\/actualites\/wp-content\/uploads\/2024\/09\/vie-associative-1-150x150.jpg\",\"caption\":\"Julien\"},\"description\":\"Je suis Julien, r\u00e9dacteur pour Vie Associative. Passionn\u00e9 par le monde associatif depuis plus de 10 ans, j'ai \u00e0 c\u0153ur de partager des histoires inspirantes et de mettre en lumi\u00e8re les initiatives locales. Mon objectif est de sensibiliser et d'encourager l'engagement communautaire \u00e0 travers mes articles.\",\"sameAs\":[\"https:\/\/vieassociative.be\/\"]}]}<\/script>\n<!-- \/ Yoast SEO plugin. -->","yoast_head_json":{"title":"Calendrier scolaire 2025-2026 | Vie Associative","robots":{"index":"index","follow":"follow","max-snippet":"max-snippet:-1","max-image-preview":"max-image-preview:large","max-video-preview":"max-video-preview:-1"},"canonical":"https:\/\/vieassociative.be\/actualites\/calendrier-scolaire-2025-2026\/","og_locale":"fr_FR","og_type":"article","og_title":"Calendrier scolaire 2025-2026 | Vie Associative","og_description":"La DG gouvernement a arr\u00eat\u00e9 le calendrier scolaire ainsi que le calendrier de l&rsquo;ann\u00e9e acad\u00e9mique 2025-2026. L&rsquo;ann\u00e9e scolaire et l&rsquo;ann\u00e9e acad\u00e9mique 2025-2026 d\u00e9butent le 1er","og_url":"https:\/\/vieassociative.be\/actualites\/calendrier-scolaire-2025-2026\/","og_site_name":"Vie Associative","article_published_time":"2024-12-12T08:18:54+00:00","og_image":[{"width":279,"height":92,"url":"https:\/\/vieassociative.be\/actualites\/wp-content\/uploads\/2024\/09\/header_backgroundk-01-e1726694325946.png","type":"image\/png"}],"author":"Julien","twitter_card":"summary_large_image","twitter_misc":{"\u00c9crit par":"Julien","Dur\u00e9e de lecture est.":"1 minute"},"schema":{"@context":"https:\/\/schema.org","@graph":[{"@type":"Article","@id":"https:\/\/vieassociative.be\/actualites\/calendrier-scolaire-2025-2026\/#article","isPartOf":{"@id":"https:\/\/vieassociative.be\/actualites\/calendrier-scolaire-2025-2026\/"},"author":{"name":"Julien","@id":"https:\/\/vieassociative.be\/actualites\/#\/schema\/person\/b87ac4f82f9d4e7b7cec7395b679edc4"},"headline":"Calendrier scolaire 2025-2026","datePublished":"2024-12-12T08:18:54+00:00","dateModified":"2024-12-12T08:18:54+00:00","mainEntityOfPage":{"@id":"https:\/\/vieassociative.be\/actualites\/calendrier-scolaire-2025-2026\/"},"wordCount":204,"publisher":{"@id":"https:\/\/vieassociative.be\/actualites\/#organization"},"image":{"@id":"https:\/\/vieassociative.be\/actualites\/calendrier-scolaire-2025-2026\/#primaryimage"},"thumbnailUrl":"https:\/\/vieassociative.be\/actualites\/wp-content\/uploads\/2024\/12\/Calendrier-scolaire-2025-2026.jpg","keywords":["calendrier","scolaire"],"articleSection":["Belgique"],"inLanguage":"fr-BE"},{"@type":"WebPage","@id":"https:\/\/vieassociative.be\/actualites\/calendrier-scolaire-2025-2026\/","url":"https:\/\/vieassociative.be\/actualites\/calendrier-scolaire-2025-2026\/","name":"Calendrier scolaire 2025-2026 | Vie Associative","isPartOf":{"@id":"https:\/\/vieassociative.be\/actualites\/#website"},"primaryImageOfPage":{"@id":"https:\/\/vieassociative.be\/actualites\/calendrier-scolaire-2025-2026\/#primaryimage"},"image":{"@id":"https:\/\/vieassociative.be\/actualites\/calendrier-scolaire-2025-2026\/#primaryimage"},"thumbnailUrl":"https:\/\/vieassociative.be\/actualites\/wp-content\/uploads\/2024\/12\/Calendrier-scolaire-2025-2026.jpg","datePublished":"2024-12-12T08:18:54+00:00","dateModified":"2024-12-12T08:18:54+00:00","breadcrumb":{"@id":"https:\/\/vieassociative.be\/actualites\/calendrier-scolaire-2025-2026\/#breadcrumb"},"inLanguage":"fr-BE","potentialAction":[{"@type":"ReadAction","target":["https:\/\/vieassociative.be\/actualites\/calendrier-scolaire-2025-2026\/"]}]},{"@type":"ImageObject","inLanguage":"fr-BE","@id":"https:\/\/vieassociative.be\/actualites\/calendrier-scolaire-2025-2026\/#primaryimage","url":"https:\/\/vieassociative.be\/actualites\/wp-content\/uploads\/2024\/12\/Calendrier-scolaire-2025-2026.jpg","contentUrl":"https:\/\/vieassociative.be\/actualites\/wp-content\/uploads\/2024\/12\/Calendrier-scolaire-2025-2026.jpg","width":1200,"height":1200,"caption":"Calendrier scolaire 2025-2026"},{"@type":"BreadcrumbList","@id":"https:\/\/vieassociative.be\/actualites\/calendrier-scolaire-2025-2026\/#breadcrumb","itemListElement":[{"@type":"ListItem","position":1,"name":"Accueil","item":"https:\/\/vieassociative.be\/actualites\/"},{"@type":"ListItem","position":2,"name":"Calendrier scolaire 2025-2026"}]},{"@type":"WebSite","@id":"https:\/\/vieassociative.be\/actualites\/#website","url":"https:\/\/vieassociative.be\/actualites\/","name":"Vie Associative","description":"","publisher":{"@id":"https:\/\/vieassociative.be\/actualites\/#organization"},"potentialAction":[{"@type":"SearchAction","target":{"@type":"EntryPoint","urlTemplate":"https:\/\/vieassociative.be\/actualites\/?s={search_term_string}"},"query-input":{"@type":"PropertyValueSpecification","valueRequired":true,"valueName":"search_term_string"}}],"inLanguage":"fr-BE"},{"@type":"Organization","@id":"https:\/\/vieassociative.be\/actualites\/#organization","name":"Vie Associative","url":"https:\/\/vieassociative.be\/actualites\/","logo":{"@type":"ImageObject","inLanguage":"fr-BE","@id":"https:\/\/vieassociative.be\/actualites\/#\/schema\/logo\/image\/","url":"https:\/\/vieassociative.be\/actualites\/wp-content\/uploads\/2024\/09\/cropped-vieassociative_favicon.ico.png","contentUrl":"https:\/\/vieassociative.be\/actualites\/wp-content\/uploads\/2024\/09\/cropped-vieassociative_favicon.ico.png","width":512,"height":512,"caption":"Vie Associative"},"image":{"@id":"https:\/\/vieassociative.be\/actualites\/#\/schema\/logo\/image\/"}},{"@type":"Person","@id":"https:\/\/vieassociative.be\/actualites\/#\/schema\/person\/b87ac4f82f9d4e7b7cec7395b679edc4","name":"Julien","image":{"@type":"ImageObject","inLanguage":"fr-BE","@id":"https:\/\/vieassociative.be\/actualites\/#\/schema\/person\/image\/","url":"https:\/\/vieassociative.be\/actualites\/wp-content\/uploads\/2024\/09\/vie-associative-1-150x150.jpg","contentUrl":"https:\/\/vieassociative.be\/actualites\/wp-content\/uploads\/2024\/09\/vie-associative-1-150x150.jpg","caption":"Julien"},"description":"Je suis Julien, r\u00e9dacteur pour Vie Associative. Passionn\u00e9 par le monde associatif depuis plus de 10 ans, j'ai \u00e0 c\u0153ur de partager des histoires inspirantes et de mettre en lumi\u00e8re les initiatives locales. Mon objectif est de sensibiliser et d'encourager l'engagement communautaire \u00e0 travers mes articles.","sameAs":["https:\/\/vieassociative.be\/"]}]}},"_links":{"self":[{"href":"https:\/\/vieassociative.be\/actualites\/wp-json\/wp\/v2\/posts\/3314"}],"collection":[{"href":"https:\/\/vieassociative.be\/actualites\/wp-json\/wp\/v2\/posts"}],"about":[{"href":"https:\/\/vieassociative.be\/actualites\/wp-json\/wp\/v2\/types\/post"}],"author":[{"embeddable":true,"href":"https:\/\/vieassociative.be\/actualites\/wp-json\/wp\/v2\/users\/1"}],"replies":[{"embeddable":true,"href":"https:\/\/vieassociative.be\/actualites\/wp-json\/wp\/v2\/comments?post=3314"}],"version-history":[{"count":0,"href":"https:\/\/vieassociative.be\/actualites\/wp-json\/wp\/v2\/posts\/3314\/revisions"}],"wp:featuredmedia":[{"embeddable":true,"href":"https:\/\/vieassociative.be\/actualites\/wp-json\/wp\/v2\/media\/3315"}],"wp:attachment":[{"href":"https:\/\/vieassociative.be\/actualites\/wp-json\/wp\/v2\/media?parent=3314"}],"wp:term":[{"taxonomy":"category","embeddable":true,"href":"https:\/\/vieassociative.be\/actualites\/wp-json\/wp\/v2\/categories?post=3314"},{"taxonomy":"post_tag","embeddable":true,"href":"https:\/\/vieassociative.be\/actualites\/wp-json\/wp\/v2\/tags?post=3314"}],"curies":[{"name":"wp","href":"https:\/\/api.w.org\/{rel}","templated":true}]}}