{"id":3309,"date":"2024-12-12T03:17:30","date_gmt":"2024-12-12T02:17:30","guid":{"rendered":"https:\/\/vieassociative.be\/actualites\/coupe-du-monde-2034-en-arabie-saoudite-coupe-du-monde-2030-dans-6-pays\/"},"modified":"2024-12-12T03:17:30","modified_gmt":"2024-12-12T02:17:30","slug":"coupe-du-monde-2034-en-arabie-saoudite-coupe-du-monde-2030-dans-6-pays","status":"publish","type":"post","link":"https:\/\/vieassociative.be\/actualites\/coupe-du-monde-2034-en-arabie-saoudite-coupe-du-monde-2030-dans-6-pays\/","title":{"rendered":"Coupe du monde 2034 en Arabie Saoudite \u2013 Coupe du monde 2030 dans 6 pays"},"content":{"rendered":"<p><strong>La Coupe du monde 2034 aura lieu en Arabie Saoudite. Le congr\u00e8s de l&rsquo;association mondiale FIFA a attribu\u00e9 la phase finale 2030 \u00e0 l&rsquo;Espagne, au Maroc et au Portugal, ainsi qu&rsquo;un match d&rsquo;ouverture \u00e0 l&rsquo;Argentine, au Paraguay et \u00e0 l&rsquo;Uruguay.<\/strong><\/p>\n<p><span id=\"more-403824\"><\/span>Le prix a \u00e9t\u00e9 d\u00e9cern\u00e9 en ligne lors d&rsquo;un vote par acclamation pour les deux tours finaux, et la F\u00e9d\u00e9ration allemande de football a \u00e9galement vot\u00e9 pour. Il n&rsquo;y avait aucun candidat oppos\u00e9 dans chaque cas.<\/p>\n<p>Le pr\u00e9sident de la FIFA, Gianni Infantino, a parl\u00e9 lors de son discours d&rsquo;ouverture d&rsquo;un \u00ab\u00a0incroyable message d&rsquo;unit\u00e9\u00a0\u00bb envoy\u00e9 \u00e0 un monde o\u00f9 l&rsquo;on a l&rsquo;impression qu&rsquo;il n&rsquo;y a plus d&rsquo;unit\u00e9. \u00ab\u00a0Nous voulons \u00e9crire l&rsquo;histoire maintenant, nous voulons unir le monde avec le football, \u00e0 travers le football\u00a0\u00bb, a d\u00e9clar\u00e9 le Suisse.<\/p>\n<div id=\"attachment_403884\" class=\"wp-caption alignleft\" style=\"max-width: 300px\"><img fetchpriority=\"high\" decoding=\"async\" class=\"wp-image-403884 size-medium\" src=\"https:\/\/vieassociative.be\/actualites\/wp-content\/uploads\/2024\/12\/Coupe-du-monde-2034-en-Arabie-Saoudite-\u2013-Coupe-du.jpg\" alt=\"\" width=\"300\" height=\"200\"><\/p>\n<p class=\"wp-caption-text\">22 novembre 2022, Qatar, Lusail : les fans saoudiens c\u00e9l\u00e8brent apr\u00e8s la victoire de l&rsquo;Arabie saoudite \u00e0 la coupe du monde dans le groupe C entre l&rsquo;Argentine et l&rsquo;Arabie saoudite au stade Lusail. La Coupe du monde 2034 aura lieu en Arabie Saoudite. Photo : Luca Bruno\/AP\/dpa<\/p>\n<\/div>\n<p><strong>\u2013 Critique claire de l\u2019Arabie Saoudite :<\/strong> L\u2019Arabie saoudite a \u00e9t\u00e9 critiqu\u00e9e \u00e0 plusieurs reprises par les organisations de d\u00e9fense des droits humains ces derniers mois. Human Rights Watch a r\u00e9cemment fait \u00e9tat de \u00ab violations flagrantes des droits humains \u00bb dans le royaume. La FIFA, en revanche, avait seulement certifi\u00e9 que le requ\u00e9rant pr\u00e9sentait un risque \u00ab moyen \u00bb en mati\u00e8re de droits de l&rsquo;homme. L&rsquo;Arabie saoudite promet des r\u00e9formes de grande envergure dans ses documents de candidature.<\/p>\n<p>On ne sait absolument pas quand le jeu aura lieu en 2034. Comparable aux conditions du Qatar voisin, h\u00f4te de la Coupe du monde fin 2022, il r\u00e8gne une forte chaleur en Arabie Saoudite pendant les mois traditionnels de la Coupe du monde, en juin et juillet. Le report \u00e0 la fin de l&rsquo;automne entra\u00eenerait des probl\u00e8mes majeurs pour les dates des matches des championnats et des comp\u00e9titions interclubs internationales. Les Jeux Olympiques auront lieu au d\u00e9but de l&rsquo;ann\u00e9e, en f\u00e9vrier 2034.<\/p>\n<p><strong>\u2013 6 h\u00f4tes de la Coupe du Monde 2030 :<\/strong> Le retour dans la r\u00e9gion du Golfe, douze ans seulement apr\u00e8s la Coupe du monde au Qatar, a \u00e9t\u00e9 rendu possible gr\u00e2ce au pr\u00e9sident de la FIFA, Gianni Infantino, qui a fait pression pour que la phase finale de 2030 soit attribu\u00e9e \u00e0 des pays r\u00e9partis sur trois continents.<\/p>\n<p>Le jeu se joue en Am\u00e9rique du Sud pour marquer le 100e anniversaire des Championnats du monde. L&rsquo;Espagne et le Portugal deviendront les premiers h\u00f4tes du territoire de l&rsquo;UEFA de l&rsquo;Union europ\u00e9enne de football depuis Russie 2018. \u00ab\u00a0Le monde restera immobile et c\u00e9l\u00e9brera ces 100 ans (de Coupe du monde)\u00a0\u00bb, a d\u00e9clar\u00e9 Infantino.<\/p>\n<p>\u00c9tant donn\u00e9 que la prochaine Coupe du monde 2026 aura lieu aux \u00c9tats-Unis, au Mexique et au Canada, selon les r\u00e8glements de la FIFA, un seul pays h\u00f4te de la conf\u00e9d\u00e9ration asiatique a \u00e9t\u00e9 retenu pour le tournoi 2034. L&rsquo;Australie \u00e9tait le seul adversaire potentiel de l&rsquo;Arabie saoudite \u00e0 ne pas y participer, notamment en raison des d\u00e9lais de candidature courts. La voie \u00e9tait donc libre pour le royaume.<\/p>\n<p>Apr\u00e8s la double attribution scandaleuse en 2010 \u00e0 la Russie pour la Coupe du monde 2018 et au Qatar pour la Coupe du monde 2022, la FIFA avait initialement annonc\u00e9 qu&rsquo;elle renoncerait \u00e0 une telle proc\u00e9dure. (dpa)<\/p>\n","protected":false},"excerpt":{"rendered":"<p>La Coupe du monde 2034 aura lieu en Arabie Saoudite. Le congr\u00e8s de l&rsquo;association mondiale FIFA a attribu\u00e9 la phase finale 2030 \u00e0 l&rsquo;Espagne, au<\/p>\n","protected":false},"author":1,"featured_media":3310,"comment_status":"","ping_status":"","sticky":false,"template":"","format":"standard","meta":{"footnotes":""},"categories":[298],"tags":[3960,2472,166,237,3513,3961],"class_list":["post-3309","post","type-post","status-publish","format-standard","has-post-thumbnail","hentry","category-belgique","tag-arabie","tag-coupe","tag-dans","tag-monde","tag-pays","tag-saoudite","generate-columns","tablet-grid-50","mobile-grid-100","grid-parent","grid-33"],"yoast_head":"<!-- This site is optimized with the Yoast SEO plugin v24.0 - https:\/\/yoast.com\/wordpress\/plugins\/seo\/ -->\n<title>Coupe du monde 2034 en Arabie Saoudite \u2013 Coupe du monde 2030 dans 6 pays | Vie Associative<\/title>\n<meta name=\"robots\" content=\"index, follow, max-snippet:-1, max-image-preview:large, max-video-preview:-1\" \/>\n<link rel=\"canonical\" href=\"https:\/\/vieassociative.be\/actualites\/coupe-du-monde-2034-en-arabie-saoudite-coupe-du-monde-2030-dans-6-pays\/\" \/>\n<meta property=\"og:locale\" content=\"fr_FR\" \/>\n<meta property=\"og:type\" content=\"article\" \/>\n<meta property=\"og:title\" content=\"Coupe du monde 2034 en Arabie Saoudite \u2013 Coupe du monde 2030 dans 6 pays | Vie Associative\" \/>\n<meta property=\"og:description\" content=\"La Coupe du monde 2034 aura lieu en Arabie Saoudite. Le congr\u00e8s de l&rsquo;association mondiale FIFA a attribu\u00e9 la phase finale 2030 \u00e0 l&rsquo;Espagne, au\" \/>\n<meta property=\"og:url\" content=\"https:\/\/vieassociative.be\/actualites\/coupe-du-monde-2034-en-arabie-saoudite-coupe-du-monde-2030-dans-6-pays\/\" \/>\n<meta property=\"og:site_name\" content=\"Vie Associative\" \/>\n<meta property=\"article:published_time\" content=\"2024-12-12T02:17:30+00:00\" \/>\n<meta property=\"og:image\" content=\"https:\/\/vieassociative.be\/actualites\/wp-content\/uploads\/2024\/09\/header_backgroundk-01-e1726694325946.png\" \/>\n\t<meta property=\"og:image:width\" content=\"279\" \/>\n\t<meta property=\"og:image:height\" content=\"92\" \/>\n\t<meta property=\"og:image:type\" content=\"image\/png\" \/>\n<meta name=\"author\" content=\"Julien\" \/>\n<meta name=\"twitter:card\" content=\"summary_large_image\" \/>\n<meta name=\"twitter:label1\" content=\"\u00c9crit par\" \/>\n\t<meta name=\"twitter:data1\" content=\"Julien\" \/>\n\t<meta name=\"twitter:label2\" content=\"Dur\u00e9e de lecture est.\" \/>\n\t<meta name=\"twitter:data2\" content=\"3 minutes\" \/>\n<script type=\"application\/ld+json\" class=\"yoast-schema-graph\">{\"@context\":\"https:\/\/schema.org\",\"@graph\":[{\"@type\":\"Article\",\"@id\":\"https:\/\/vieassociative.be\/actualites\/coupe-du-monde-2034-en-arabie-saoudite-coupe-du-monde-2030-dans-6-pays\/#article\",\"isPartOf\":{\"@id\":\"https:\/\/vieassociative.be\/actualites\/coupe-du-monde-2034-en-arabie-saoudite-coupe-du-monde-2030-dans-6-pays\/\"},\"author\":{\"name\":\"Julien\",\"@id\":\"https:\/\/vieassociative.be\/actualites\/#\/schema\/person\/b87ac4f82f9d4e7b7cec7395b679edc4\"},\"headline\":\"Coupe du monde 2034 en Arabie Saoudite \u2013 Coupe du monde 2030 dans 6 pays\",\"datePublished\":\"2024-12-12T02:17:30+00:00\",\"dateModified\":\"2024-12-12T02:17:30+00:00\",\"mainEntityOfPage\":{\"@id\":\"https:\/\/vieassociative.be\/actualites\/coupe-du-monde-2034-en-arabie-saoudite-coupe-du-monde-2030-dans-6-pays\/\"},\"wordCount\":603,\"publisher\":{\"@id\":\"https:\/\/vieassociative.be\/actualites\/#organization\"},\"image\":{\"@id\":\"https:\/\/vieassociative.be\/actualites\/coupe-du-monde-2034-en-arabie-saoudite-coupe-du-monde-2030-dans-6-pays\/#primaryimage\"},\"thumbnailUrl\":\"https:\/\/vieassociative.be\/actualites\/wp-content\/uploads\/2024\/12\/1733969850_Coupe-du-monde-2034-en-Arabie-Saoudite-\u2013-Coupe-du.jpg\",\"keywords\":[\"Arabie\",\"Coupe\",\"dans\",\"monde\",\"pays\",\"Saoudite\"],\"articleSection\":[\"Belgique\"],\"inLanguage\":\"fr-BE\"},{\"@type\":\"WebPage\",\"@id\":\"https:\/\/vieassociative.be\/actualites\/coupe-du-monde-2034-en-arabie-saoudite-coupe-du-monde-2030-dans-6-pays\/\",\"url\":\"https:\/\/vieassociative.be\/actualites\/coupe-du-monde-2034-en-arabie-saoudite-coupe-du-monde-2030-dans-6-pays\/\",\"name\":\"Coupe du monde 2034 en Arabie Saoudite \u2013 Coupe du monde 2030 dans 6 pays | Vie Associative\",\"isPartOf\":{\"@id\":\"https:\/\/vieassociative.be\/actualites\/#website\"},\"primaryImageOfPage\":{\"@id\":\"https:\/\/vieassociative.be\/actualites\/coupe-du-monde-2034-en-arabie-saoudite-coupe-du-monde-2030-dans-6-pays\/#primaryimage\"},\"image\":{\"@id\":\"https:\/\/vieassociative.be\/actualites\/coupe-du-monde-2034-en-arabie-saoudite-coupe-du-monde-2030-dans-6-pays\/#primaryimage\"},\"thumbnailUrl\":\"https:\/\/vieassociative.be\/actualites\/wp-content\/uploads\/2024\/12\/1733969850_Coupe-du-monde-2034-en-Arabie-Saoudite-\u2013-Coupe-du.jpg\",\"datePublished\":\"2024-12-12T02:17:30+00:00\",\"dateModified\":\"2024-12-12T02:17:30+00:00\",\"breadcrumb\":{\"@id\":\"https:\/\/vieassociative.be\/actualites\/coupe-du-monde-2034-en-arabie-saoudite-coupe-du-monde-2030-dans-6-pays\/#breadcrumb\"},\"inLanguage\":\"fr-BE\",\"potentialAction\":[{\"@type\":\"ReadAction\",\"target\":[\"https:\/\/vieassociative.be\/actualites\/coupe-du-monde-2034-en-arabie-saoudite-coupe-du-monde-2030-dans-6-pays\/\"]}]},{\"@type\":\"ImageObject\",\"inLanguage\":\"fr-BE\",\"@id\":\"https:\/\/vieassociative.be\/actualites\/coupe-du-monde-2034-en-arabie-saoudite-coupe-du-monde-2030-dans-6-pays\/#primaryimage\",\"url\":\"https:\/\/vieassociative.be\/actualites\/wp-content\/uploads\/2024\/12\/1733969850_Coupe-du-monde-2034-en-Arabie-Saoudite-\u2013-Coupe-du.jpg\",\"contentUrl\":\"https:\/\/vieassociative.be\/actualites\/wp-content\/uploads\/2024\/12\/1733969850_Coupe-du-monde-2034-en-Arabie-Saoudite-\u2013-Coupe-du.jpg\",\"width\":1733,\"height\":1156,\"caption\":\"Coupe du monde 2034 en Arabie Saoudite \u2013 Coupe du monde 2030 dans 6 pays\"},{\"@type\":\"BreadcrumbList\",\"@id\":\"https:\/\/vieassociative.be\/actualites\/coupe-du-monde-2034-en-arabie-saoudite-coupe-du-monde-2030-dans-6-pays\/#breadcrumb\",\"itemListElement\":[{\"@type\":\"ListItem\",\"position\":1,\"name\":\"Accueil\",\"item\":\"https:\/\/vieassociative.be\/actualites\/\"},{\"@type\":\"ListItem\",\"position\":2,\"name\":\"Coupe du monde 2034 en Arabie Saoudite \u2013 Coupe du monde 2030 dans 6 pays\"}]},{\"@type\":\"WebSite\",\"@id\":\"https:\/\/vieassociative.be\/actualites\/#website\",\"url\":\"https:\/\/vieassociative.be\/actualites\/\",\"name\":\"Vie Associative\",\"description\":\"\",\"publisher\":{\"@id\":\"https:\/\/vieassociative.be\/actualites\/#organization\"},\"potentialAction\":[{\"@type\":\"SearchAction\",\"target\":{\"@type\":\"EntryPoint\",\"urlTemplate\":\"https:\/\/vieassociative.be\/actualites\/?s={search_term_string}\"},\"query-input\":{\"@type\":\"PropertyValueSpecification\",\"valueRequired\":true,\"valueName\":\"search_term_string\"}}],\"inLanguage\":\"fr-BE\"},{\"@type\":\"Organization\",\"@id\":\"https:\/\/vieassociative.be\/actualites\/#organization\",\"name\":\"Vie Associative\",\"url\":\"https:\/\/vieassociative.be\/actualites\/\",\"logo\":{\"@type\":\"ImageObject\",\"inLanguage\":\"fr-BE\",\"@id\":\"https:\/\/vieassociative.be\/actualites\/#\/schema\/logo\/image\/\",\"url\":\"https:\/\/vieassociative.be\/actualites\/wp-content\/uploads\/2024\/09\/cropped-vieassociative_favicon.ico.png\",\"contentUrl\":\"https:\/\/vieassociative.be\/actualites\/wp-content\/uploads\/2024\/09\/cropped-vieassociative_favicon.ico.png\",\"width\":512,\"height\":512,\"caption\":\"Vie Associative\"},\"image\":{\"@id\":\"https:\/\/vieassociative.be\/actualites\/#\/schema\/logo\/image\/\"}},{\"@type\":\"Person\",\"@id\":\"https:\/\/vieassociative.be\/actualites\/#\/schema\/person\/b87ac4f82f9d4e7b7cec7395b679edc4\",\"name\":\"Julien\",\"image\":{\"@type\":\"ImageObject\",\"inLanguage\":\"fr-BE\",\"@id\":\"https:\/\/vieassociative.be\/actualites\/#\/schema\/person\/image\/\",\"url\":\"https:\/\/vieassociative.be\/actualites\/wp-content\/uploads\/2024\/09\/vie-associative-1-150x150.jpg\",\"contentUrl\":\"https:\/\/vieassociative.be\/actualites\/wp-content\/uploads\/2024\/09\/vie-associative-1-150x150.jpg\",\"caption\":\"Julien\"},\"description\":\"Je suis Julien, r\u00e9dacteur pour Vie Associative. Passionn\u00e9 par le monde associatif depuis plus de 10 ans, j'ai \u00e0 c\u0153ur de partager des histoires inspirantes et de mettre en lumi\u00e8re les initiatives locales. Mon objectif est de sensibiliser et d'encourager l'engagement communautaire \u00e0 travers mes articles.\",\"sameAs\":[\"https:\/\/vieassociative.be\/\"]}]}<\/script>\n<!-- \/ Yoast SEO plugin. -->","yoast_head_json":{"title":"Coupe du monde 2034 en Arabie Saoudite \u2013 Coupe du monde 2030 dans 6 pays | Vie Associative","robots":{"index":"index","follow":"follow","max-snippet":"max-snippet:-1","max-image-preview":"max-image-preview:large","max-video-preview":"max-video-preview:-1"},"canonical":"https:\/\/vieassociative.be\/actualites\/coupe-du-monde-2034-en-arabie-saoudite-coupe-du-monde-2030-dans-6-pays\/","og_locale":"fr_FR","og_type":"article","og_title":"Coupe du monde 2034 en Arabie Saoudite \u2013 Coupe du monde 2030 dans 6 pays | Vie Associative","og_description":"La Coupe du monde 2034 aura lieu en Arabie Saoudite. Le congr\u00e8s de l&rsquo;association mondiale FIFA a attribu\u00e9 la phase finale 2030 \u00e0 l&rsquo;Espagne, au","og_url":"https:\/\/vieassociative.be\/actualites\/coupe-du-monde-2034-en-arabie-saoudite-coupe-du-monde-2030-dans-6-pays\/","og_site_name":"Vie Associative","article_published_time":"2024-12-12T02:17:30+00:00","og_image":[{"width":279,"height":92,"url":"https:\/\/vieassociative.be\/actualites\/wp-content\/uploads\/2024\/09\/header_backgroundk-01-e1726694325946.png","type":"image\/png"}],"author":"Julien","twitter_card":"summary_large_image","twitter_misc":{"\u00c9crit par":"Julien","Dur\u00e9e de lecture est.":"3 minutes"},"schema":{"@context":"https:\/\/schema.org","@graph":[{"@type":"Article","@id":"https:\/\/vieassociative.be\/actualites\/coupe-du-monde-2034-en-arabie-saoudite-coupe-du-monde-2030-dans-6-pays\/#article","isPartOf":{"@id":"https:\/\/vieassociative.be\/actualites\/coupe-du-monde-2034-en-arabie-saoudite-coupe-du-monde-2030-dans-6-pays\/"},"author":{"name":"Julien","@id":"https:\/\/vieassociative.be\/actualites\/#\/schema\/person\/b87ac4f82f9d4e7b7cec7395b679edc4"},"headline":"Coupe du monde 2034 en Arabie Saoudite \u2013 Coupe du monde 2030 dans 6 pays","datePublished":"2024-12-12T02:17:30+00:00","dateModified":"2024-12-12T02:17:30+00:00","mainEntityOfPage":{"@id":"https:\/\/vieassociative.be\/actualites\/coupe-du-monde-2034-en-arabie-saoudite-coupe-du-monde-2030-dans-6-pays\/"},"wordCount":603,"publisher":{"@id":"https:\/\/vieassociative.be\/actualites\/#organization"},"image":{"@id":"https:\/\/vieassociative.be\/actualites\/coupe-du-monde-2034-en-arabie-saoudite-coupe-du-monde-2030-dans-6-pays\/#primaryimage"},"thumbnailUrl":"https:\/\/vieassociative.be\/actualites\/wp-content\/uploads\/2024\/12\/1733969850_Coupe-du-monde-2034-en-Arabie-Saoudite-\u2013-Coupe-du.jpg","keywords":["Arabie","Coupe","dans","monde","pays","Saoudite"],"articleSection":["Belgique"],"inLanguage":"fr-BE"},{"@type":"WebPage","@id":"https:\/\/vieassociative.be\/actualites\/coupe-du-monde-2034-en-arabie-saoudite-coupe-du-monde-2030-dans-6-pays\/","url":"https:\/\/vieassociative.be\/actualites\/coupe-du-monde-2034-en-arabie-saoudite-coupe-du-monde-2030-dans-6-pays\/","name":"Coupe du monde 2034 en Arabie Saoudite \u2013 Coupe du monde 2030 dans 6 pays | Vie Associative","isPartOf":{"@id":"https:\/\/vieassociative.be\/actualites\/#website"},"primaryImageOfPage":{"@id":"https:\/\/vieassociative.be\/actualites\/coupe-du-monde-2034-en-arabie-saoudite-coupe-du-monde-2030-dans-6-pays\/#primaryimage"},"image":{"@id":"https:\/\/vieassociative.be\/actualites\/coupe-du-monde-2034-en-arabie-saoudite-coupe-du-monde-2030-dans-6-pays\/#primaryimage"},"thumbnailUrl":"https:\/\/vieassociative.be\/actualites\/wp-content\/uploads\/2024\/12\/1733969850_Coupe-du-monde-2034-en-Arabie-Saoudite-\u2013-Coupe-du.jpg","datePublished":"2024-12-12T02:17:30+00:00","dateModified":"2024-12-12T02:17:30+00:00","breadcrumb":{"@id":"https:\/\/vieassociative.be\/actualites\/coupe-du-monde-2034-en-arabie-saoudite-coupe-du-monde-2030-dans-6-pays\/#breadcrumb"},"inLanguage":"fr-BE","potentialAction":[{"@type":"ReadAction","target":["https:\/\/vieassociative.be\/actualites\/coupe-du-monde-2034-en-arabie-saoudite-coupe-du-monde-2030-dans-6-pays\/"]}]},{"@type":"ImageObject","inLanguage":"fr-BE","@id":"https:\/\/vieassociative.be\/actualites\/coupe-du-monde-2034-en-arabie-saoudite-coupe-du-monde-2030-dans-6-pays\/#primaryimage","url":"https:\/\/vieassociative.be\/actualites\/wp-content\/uploads\/2024\/12\/1733969850_Coupe-du-monde-2034-en-Arabie-Saoudite-\u2013-Coupe-du.jpg","contentUrl":"https:\/\/vieassociative.be\/actualites\/wp-content\/uploads\/2024\/12\/1733969850_Coupe-du-monde-2034-en-Arabie-Saoudite-\u2013-Coupe-du.jpg","width":1733,"height":1156,"caption":"Coupe du monde 2034 en Arabie Saoudite \u2013 Coupe du monde 2030 dans 6 pays"},{"@type":"BreadcrumbList","@id":"https:\/\/vieassociative.be\/actualites\/coupe-du-monde-2034-en-arabie-saoudite-coupe-du-monde-2030-dans-6-pays\/#breadcrumb","itemListElement":[{"@type":"ListItem","position":1,"name":"Accueil","item":"https:\/\/vieassociative.be\/actualites\/"},{"@type":"ListItem","position":2,"name":"Coupe du monde 2034 en Arabie Saoudite \u2013 Coupe du monde 2030 dans 6 pays"}]},{"@type":"WebSite","@id":"https:\/\/vieassociative.be\/actualites\/#website","url":"https:\/\/vieassociative.be\/actualites\/","name":"Vie Associative","description":"","publisher":{"@id":"https:\/\/vieassociative.be\/actualites\/#organization"},"potentialAction":[{"@type":"SearchAction","target":{"@type":"EntryPoint","urlTemplate":"https:\/\/vieassociative.be\/actualites\/?s={search_term_string}"},"query-input":{"@type":"PropertyValueSpecification","valueRequired":true,"valueName":"search_term_string"}}],"inLanguage":"fr-BE"},{"@type":"Organization","@id":"https:\/\/vieassociative.be\/actualites\/#organization","name":"Vie Associative","url":"https:\/\/vieassociative.be\/actualites\/","logo":{"@type":"ImageObject","inLanguage":"fr-BE","@id":"https:\/\/vieassociative.be\/actualites\/#\/schema\/logo\/image\/","url":"https:\/\/vieassociative.be\/actualites\/wp-content\/uploads\/2024\/09\/cropped-vieassociative_favicon.ico.png","contentUrl":"https:\/\/vieassociative.be\/actualites\/wp-content\/uploads\/2024\/09\/cropped-vieassociative_favicon.ico.png","width":512,"height":512,"caption":"Vie Associative"},"image":{"@id":"https:\/\/vieassociative.be\/actualites\/#\/schema\/logo\/image\/"}},{"@type":"Person","@id":"https:\/\/vieassociative.be\/actualites\/#\/schema\/person\/b87ac4f82f9d4e7b7cec7395b679edc4","name":"Julien","image":{"@type":"ImageObject","inLanguage":"fr-BE","@id":"https:\/\/vieassociative.be\/actualites\/#\/schema\/person\/image\/","url":"https:\/\/vieassociative.be\/actualites\/wp-content\/uploads\/2024\/09\/vie-associative-1-150x150.jpg","contentUrl":"https:\/\/vieassociative.be\/actualites\/wp-content\/uploads\/2024\/09\/vie-associative-1-150x150.jpg","caption":"Julien"},"description":"Je suis Julien, r\u00e9dacteur pour Vie Associative. Passionn\u00e9 par le monde associatif depuis plus de 10 ans, j'ai \u00e0 c\u0153ur de partager des histoires inspirantes et de mettre en lumi\u00e8re les initiatives locales. Mon objectif est de sensibiliser et d'encourager l'engagement communautaire \u00e0 travers mes articles.","sameAs":["https:\/\/vieassociative.be\/"]}]}},"_links":{"self":[{"href":"https:\/\/vieassociative.be\/actualites\/wp-json\/wp\/v2\/posts\/3309"}],"collection":[{"href":"https:\/\/vieassociative.be\/actualites\/wp-json\/wp\/v2\/posts"}],"about":[{"href":"https:\/\/vieassociative.be\/actualites\/wp-json\/wp\/v2\/types\/post"}],"author":[{"embeddable":true,"href":"https:\/\/vieassociative.be\/actualites\/wp-json\/wp\/v2\/users\/1"}],"replies":[{"embeddable":true,"href":"https:\/\/vieassociative.be\/actualites\/wp-json\/wp\/v2\/comments?post=3309"}],"version-history":[{"count":0,"href":"https:\/\/vieassociative.be\/actualites\/wp-json\/wp\/v2\/posts\/3309\/revisions"}],"wp:featuredmedia":[{"embeddable":true,"href":"https:\/\/vieassociative.be\/actualites\/wp-json\/wp\/v2\/media\/3310"}],"wp:attachment":[{"href":"https:\/\/vieassociative.be\/actualites\/wp-json\/wp\/v2\/media?parent=3309"}],"wp:term":[{"taxonomy":"category","embeddable":true,"href":"https:\/\/vieassociative.be\/actualites\/wp-json\/wp\/v2\/categories?post=3309"},{"taxonomy":"post_tag","embeddable":true,"href":"https:\/\/vieassociative.be\/actualites\/wp-json\/wp\/v2\/tags?post=3309"}],"curies":[{"name":"wp","href":"https:\/\/api.w.org\/{rel}","templated":true}]}}