{"id":3307,"date":"2024-12-12T02:17:41","date_gmt":"2024-12-12T01:17:41","guid":{"rendered":"https:\/\/vieassociative.be\/actualites\/sept-listes-personnalisees-que-jutilise-sur-mon-ecran-de-foyer-et-comment-les-creer\/"},"modified":"2024-12-12T02:17:41","modified_gmt":"2024-12-12T01:17:41","slug":"sept-listes-personnalisees-que-jutilise-sur-mon-ecran-de-foyer-et-comment-les-creer","status":"publish","type":"post","link":"https:\/\/vieassociative.be\/actualites\/sept-listes-personnalisees-que-jutilise-sur-mon-ecran-de-foyer-et-comment-les-creer\/","title":{"rendered":"Sept listes personnalis\u00e9es que j&rsquo;utilise sur mon \u00e9cran de foyer (et comment les cr\u00e9er)"},"content":{"rendered":"<div class=\"mt-4 leading-6 md:mb-8\">Les propri\u00e9taires de foyers devraient utiliser la nouvelle liste d&rsquo;\u00e9picerie et cr\u00e9er des listes plus personnalisables en dehors de ses t\u00e2ches de base.<\/div>\n<p><\/p>\n<p>Quand j\u2019\u00e9tais \u00e0 l\u2019universit\u00e9, j\u2019ai achet\u00e9 un de ces bloc-notes de liste d\u2019\u00e9picerie qui \u00e9taient populaires. Le bloc-notes semblait g\u00e9nial\u00a0: il s&rsquo;agissait d&rsquo;une liste pr\u00e9-remplie des produits d&rsquo;\u00e9picerie les plus courants dont tout adulte responsable pourrait avoir besoin, ainsi que des espaces vides pour les articles que je voulais ajouter. Un bloc-notes de liste d&rsquo;\u00e9picerie \u00e9tait une am\u00e9lioration par rapport \u00e0 une feuille de papier ou \u00e0 la m\u00e9moire, mais j&rsquo;ai finalement abandonn\u00e9 le bloc-notes et j&rsquo;ai commenc\u00e9 \u00e0 utiliser l&rsquo;application Rappels sur mon iPhone. Et j&rsquo;ai utilis\u00e9 l&rsquo;application Rappels pour g\u00e9rer ma liste d&rsquo;\u00e9picerie pendant des ann\u00e9es, jusqu&rsquo;\u00e0 ce que je supprime r\u00e9cemment ma liste de rappels et commence \u00e0 utiliser la nouvelle liste d&rsquo;\u00e9picerie avec mon \u00e9cran Hearth. <\/p>\n<p>Le Hearth Display est un outil de gestion familiale le plus couramment utilis\u00e9 pour son calendrier partag\u00e9, ses routines familiales et ses listes de t\u00e2ches. (Si vous n&rsquo;\u00eates pas familier avec Hearth Display, vous devriez lire ma critique sur la fa\u00e7on dont il a am\u00e9lior\u00e9 la fa\u00e7on dont je g\u00e8re ma famille.) En octobre, Hearth a d\u00e9ploy\u00e9 sa fonctionnalit\u00e9 personnalis\u00e9e \u00ab\u00a0Listes\u00a0\u00bb, permettant aux familles de cr\u00e9er des listes personnalisables en dehors de son menu de base. -Faire. <\/p>\n<h2 id=\"how-to-create-custom-hearth-lists\">Comment cr\u00e9er des listes Hearth personnalis\u00e9es<\/h2>\n<p>L&rsquo;application Hearth commence par d\u00e9faut dans la vue Calendrier. Pour cr\u00e9er des listes personnalis\u00e9es pour votre foyer, acc\u00e9dez \u00e0 <strong>Listes<\/strong> > <strong>Signe plus<\/strong>puis choisissez le type de liste que vous souhaitez cr\u00e9er : \u00c0 faire, \u00c9picerie ou Personnalis\u00e9e. Vous pouvez cr\u00e9er des \u00e9l\u00e9ments de liste \u00e0 partir de l\u00e0, les attribuer \u00e0 des utilisateurs sp\u00e9cifiques et ajouter des notes, si n\u00e9cessaire. (J&rsquo;ajoute souvent des adresses et des URL de produits dans le champ Notes, par exemple.) Si vous souhaitez que votre liste soit disponible sur votre Hearth, c&rsquo;est-\u00e0-dire visible sur l&rsquo;\u00e9cran Hearth et pas seulement dans votre application Hearth, activez l&rsquo;option \u00ab\u00a0Afficher sur l&rsquo;\u00e9cran\u00a0\u00bb. option lorsque vous cr\u00e9ez votre liste. <\/p>\n<div class=\"eloquent-imagery-image\">\n<div class=\"flex justify-center\">\n                    <img decoding=\"async\" class=\"border border-gray-100\" src=\"https:\/\/vieassociative.be\/actualites\/wp-content\/uploads\/2024\/12\/Sept-listes-personnalisees-que-jutilise-sur-mon-ecran-de-foyer.jpg\" alt=\"Capture d'\u00e9cran de l'application Hearth Display avec les options de menu pour le calendrier, les listes et les routines\" width=\"367\" height=\"750\" loading=\"lazy\"  >\n            <\/div>\n<\/p><\/div>\n<div class=\"eloquent-imagery-image\">\n<div class=\"flex justify-center\">\n                    <img decoding=\"async\" class=\"border border-gray-100\" src=\"https:\/\/vieassociative.be\/actualites\/wp-content\/uploads\/2024\/12\/1733966261_450_Sept-listes-personnalisees-que-jutilise-sur-mon-ecran-de-foyer.jpg\" alt=\"Capture d'\u00e9cran de la vue Listes dans l'application Hearth Display\" width=\"365\" height=\"750\" loading=\"lazy\"  >\n            <\/div>\n<\/p><\/div>\n<div class=\"eloquent-imagery-image\">\n<div class=\"flex justify-center\">\n                    <img decoding=\"async\" class=\"border border-gray-100\" src=\"https:\/\/vieassociative.be\/actualites\/wp-content\/uploads\/2024\/12\/1733966261_744_Sept-listes-personnalisees-que-jutilise-sur-mon-ecran-de-foyer.jpg\" alt=\"Capture d'\u00e9cran du \" new list view in the hearth display app width=\"659\" height=\"750\" loading=\"lazy\"  >\n            <\/div>\n<\/p><\/div>\n<p>Une fois que vous avez cr\u00e9\u00e9 une liste et coch\u00e9 les t\u00e2ches, vous devez conserver ces t\u00e2ches termin\u00e9es dans le champ \u00ab\u00a0Termin\u00e9\u00a0\u00bb si vous envisagez de les r\u00e9utiliser \u00e0 nouveau. Par exemple, ma liste d&rsquo;\u00e9picerie sera souvent la m\u00eame, donc je supprime d\u00e9finitivement uniquement les articles que je n&rsquo;ai pas l&rsquo;intention d&rsquo;acheter souvent. Et la liste \u00ab\u00a0Termin\u00e9\u00a0\u00bb est pliable, donc je la cache pour \u00e9viter que la liste ne soit encombr\u00e9e.<\/p>\n<div class=\"eloquent-imagery-image\">\n<div class=\"flex justify-center\">\n                    <img decoding=\"async\" class=\"border border-gray-100\" src=\"https:\/\/vieassociative.be\/actualites\/wp-content\/uploads\/2024\/12\/1733966261_470_Sept-listes-personnalisees-que-jutilise-sur-mon-ecran-de-foyer.jpg\" alt=\"Capture d'\u00e9cran de ma liste d'\u00e9picerie dans l'application Hearth Display\" width=\"367\" height=\"750\" loading=\"lazy\"  >\n            <\/div>\n<\/p><\/div>\n<h2 id=\"remember-to-use-privacy-settings-for-your-lists\">N&rsquo;oubliez pas d&rsquo;utiliser les param\u00e8tres de confidentialit\u00e9 pour vos listes<\/h2>\n<p>J&rsquo;utilise les param\u00e8tres de confidentialit\u00e9 pour plus de clart\u00e9 que pour prot\u00e9ger les informations sensibles\u00a0: la gestion de plusieurs listes peut \u00eatre d\u00e9routante pour les enfants, c&rsquo;est pourquoi je n&rsquo;affiche que trois listes sur mon \u00e9cran de foyer (t\u00e2ches \u00e0 faire, \u00e9picerie et liste de courses) et limite la visibilit\u00e9 du reste. N\u00e9anmoins, vous pouvez imaginer des listes que vous souhaiterez peut-\u00eatre masquer, comme des listes de cadeaux, des t\u00e2ches pour une f\u00eate surprise ou une planification r\u00e9serv\u00e9e aux adultes pour vous et votre partenaire. <\/p>\n<p>Les nouvelles listes sont priv\u00e9es par d\u00e9faut, ce qui signifie qu&rsquo;elles ne sont visibles que par vous sur votre application Hearth, mais si vous souhaitez qu&rsquo;une liste apparaisse sur l&rsquo;\u00e9cran pour que d&rsquo;autres puissent l&rsquo;utiliser, assurez-vous d&rsquo;activer l&rsquo;option \u00ab\u00a0Afficher sur l&rsquo;\u00e9cran\u00a0\u00bb. le menu de cr\u00e9ation \u00ab\u00a0Nouvelle liste\u00a0\u00bb (<strong>Listes<\/strong> > <strong>Signe plus<\/strong> > <strong>Liste<\/strong> > <strong>\u00ab\u00a0Afficher sur \u00e9cran\u00a0\u00bb<\/strong>). <\/p>\n<p>Pour modifier les param\u00e8tres de confidentialit\u00e9 d&rsquo;une liste existante, s\u00e9lectionnez la liste sur votre application, s\u00e9lectionnez l&rsquo;option de menu \u00e0 trois points dans le coin sup\u00e9rieur droit, ouvrez <strong>\u00ab\u00a0Param\u00e8tres,\u00a0\u00bb<\/strong> et basculer de m\u00eame <strong>\u00ab\u00a0Afficher sur \u00e9cran\u00a0\u00bb<\/strong> option. Si vos listes partag\u00e9es n&rsquo;apparaissent pas sur votre \u00e9cran Hearth apr\u00e8s quelques secondes, actualisez votre affichage en faisant glisser vers le bas depuis le haut de votre \u00e9cran Hearth.  <\/p>\n<h2 id=\"nine-hearth-lists-i-use-with-my-family\">Neuf listes Hearth que j&rsquo;utilise avec ma famille<\/h2>\n<p>Vous pouvez cr\u00e9er un nombre illimit\u00e9 de listes sur un Hearth Display, mais je n&rsquo;en utilise que neuf\u00a0: deux listes par d\u00e9faut et sept personnalis\u00e9es. <\/p>\n<ul>\n<li>\n<p>T\u00e2che (par d\u00e9faut)<\/p>\n<\/li>\n<li>\n<p>\u00c9picerie (par d\u00e9faut)<\/p>\n<\/li>\n<li>\n<p>Liste de courses (personnalis\u00e9e)<\/p>\n<\/li>\n<li>\n<p>Liste de surveillance (personnalis\u00e9e)<\/p>\n<\/li>\n<li>\n<p>Retour \u00e0 l&rsquo;\u00e9cole (personnalis\u00e9)<\/p>\n<\/li>\n<li>\n<p>Voyage en famille (sur mesure)<\/p>\n<\/li>\n<li>\n<p>Entretien de la maison (sur mesure)<\/p>\n<\/li>\n<li>\n<p>Nettoyage de printemps (sur mesure)<\/p>\n<\/li>\n<li>\n<p>Traditions de No\u00ebl (personnalis\u00e9es)<\/p>\n<\/li>\n<\/ul>\n<p>Mon objectif est de cr\u00e9er des listes personnalis\u00e9es d&rsquo;habitudes ou d&rsquo;\u00e9v\u00e9nements r\u00e9currents et de passer moins de temps \u00e0 penser \u00e0 chacun d&rsquo;eux \u00e0 l&rsquo;avenir. Le <strong>Liste de courses<\/strong> et <strong>Liste de surveillance<\/strong> sont mis \u00e0 jour de mani\u00e8re continue \u2013 chaque fois que les enfants mentionnent des articles non alimentaires dont ils ont besoin pour l&rsquo;\u00e9cole, par exemple, ou que nous voyons la bande-annonce d&rsquo;un film qui sort plus tard dans l&rsquo;ann\u00e9e. Le reste des listes est saisonnier : <\/p>\n<p>Le <strong>Retour \u00e0 l&rsquo;\u00e9cole<\/strong> La liste couvre les t\u00e2ches li\u00e9es \u00e0 l&rsquo;\u00e9cole qui devraient \u00eatre effectu\u00e9es chaque automne, en dehors des courses scolaires \u00e9videntes\u00a0: des choses comme mettre \u00e0 jour les contacts d&rsquo;urgence, planifier des examens physiques, ajouter des dates au calendrier scolaire, donner de vieux v\u00eatements, r\u00e9viser notre routine matinale, planifier des activit\u00e9s parascolaires et discuter des attentes pour l\u2019ann\u00e9e scolaire.<\/p>\n<p>J&rsquo;utilise le <strong>Voyage en famille<\/strong> liste de voyages, et cela comprend des choses comme la planification d&rsquo;un gel du courrier, la confirmation des gardiens d&rsquo;animaux, la planification des vaccinations pour les voyages internationaux, l&rsquo;impression de copies des documents de voyage, la planification des r\u00e9ponses automatiques aux e-mails, la vidange des denr\u00e9es p\u00e9rissables du r\u00e9frig\u00e9rateur et la sortie des poubelles.<\/p>\n<p><strong>Entretien de la maison<\/strong> et <strong>Nettoyage de printemps<\/strong> les listes sont destin\u00e9es aux types de petites t\u00e2ches que nous souhaitons effectuer nous-m\u00eames sur une base annuelle, mais il est pr\u00e9f\u00e9rable de les utiliser pour <em>attribution<\/em> t\u00e2ches plut\u00f4t que de s&rsquo;en souvenir. Proposer des t\u00e2ches de nettoyage de printemps est assez simple\u00a0: vous avez probablement vos propres priorit\u00e9s ou pouvez trouver un million de listes de nettoyage sur Internet. Au lieu de cela, je me concentre sur les missions afin que les responsabilit\u00e9s soient claires et que les t\u00e2ches soient r\u00e9parties de mani\u00e8re logique. Chaque \u00e9l\u00e9ment de la liste Hearth se voit attribuer un propri\u00e9taire. <\/p>\n<div class=\"eloquent-imagery-image\">\n<div class=\"flex justify-center\">\n                    <img decoding=\"async\" class=\"border border-gray-100\" src=\"https:\/\/vieassociative.be\/actualites\/wp-content\/uploads\/2024\/12\/1733966261_566_Sept-listes-personnalisees-que-jutilise-sur-mon-ecran-de-foyer.jpg\" alt=\"Capture d'\u00e9cran d'une t\u00e2che assign\u00e9e qui dit \" clean out refrigerator in the hearth display app width=\"2000\" height=\"1653\" loading=\"lazy\"  >\n            <\/div>\n<\/p><\/div>\n<p>J&rsquo;ai cr\u00e9\u00e9 le <strong>Traditions de No\u00ebl<\/strong> liste cette ann\u00e9e lorsque j&rsquo;essayais de trouver des plans pour l&rsquo;hiver. Vous pouvez \u00e9videmment ajouter ce genre de liste pour toutes les vacances importantes pour vous, et je pourrais la changer en \u00ab\u00a0Traditions familiales\u00a0\u00bb plut\u00f4t qu&rsquo;en vacances sp\u00e9cifiques, mais pour l&rsquo;instant, elle inclut des activit\u00e9s comme les march\u00e9s de vacances de New York, le patinage sur glace et la radio. Spectacle de No\u00ebl en ville.<\/p>\n<h2 id=\"how-much-does-a-hearth-display-cost\">Combien co\u00fbte un \u00e9cran de foyer ? <\/h2>\n<p>Le prix catalogue d\u2019un Hearth Display est de 699 $. Il est souvent r\u00e9duit \u00e0 599 $ (comme c&rsquo;est le cas actuellement, au moment de la r\u00e9daction de cet article). Le prix le plus bas que j&rsquo;ai vu pour un Hearth est de 499 $ lors de leur vente Cyber \u200b\u200b\u200b\u200bWeek, vous pouvez donc toujours attendre cette p\u00e9riode de l&rsquo;ann\u00e9e. Sinon, pr\u00e9voyez 600 $ pour un. Sachez cependant que vous avez \u00e9galement besoin d\u2019un abonnement pour utiliser toutes ses fonctionnalit\u00e9s : un abonnement Hearth Display co\u00fbte 9 $ par mois ou 86 $ par an. Sans abonnement, un Hearth Display est limit\u00e9 \u00e0 sa fonctionnalit\u00e9 de calendrier de base, je vous recommande donc d&rsquo;\u00eatre pr\u00eat \u00e0 payer l&rsquo;abonnement.<\/p>\n<h2 id=\"is-a-hearth-display-worth-it\">Un \u00e9cran de foyer en vaut-il la peine ?<\/h2>\n<p>Les besoins et les budgets individuels varient \u00e9videmment, mais le Hearth Display a remplac\u00e9 mes calendriers de tableau blanc, mes tableaux de t\u00e2ches, ma liste de courses et mes listes de t\u00e2ches, et il m&rsquo;est devenu difficile d&rsquo;imaginer g\u00e9rer ma famille sans lui. Je suis content de mon foyer et de ce qu&rsquo;il apporte \u00e0 ma famille\u00a0: une meilleure communication, une meilleure organisation et une meilleure responsabilit\u00e9 que jamais auparavant. Pour une explication plus compl\u00e8te du Hearth et de ce que signifie utiliser un, lisez ma critique compl\u00e8te.<\/p>\n","protected":false},"excerpt":{"rendered":"<p>Les propri\u00e9taires de foyers devraient utiliser la nouvelle liste d&rsquo;\u00e9picerie et cr\u00e9er des listes plus personnalisables en dehors de ses t\u00e2ches de base. Quand j\u2019\u00e9tais<\/p>\n","protected":false},"author":1,"featured_media":3308,"comment_status":"","ping_status":"","sticky":false,"template":"","format":"standard","meta":{"footnotes":""},"categories":[13],"tags":[44,711,2382,3959,3406,14,3957,49,3958,525,33],"class_list":["post-3307","post","type-post","status-publish","format-standard","has-post-thumbnail","hentry","category-technologie","tag-comment","tag-creer","tag-ecran","tag-foyer","tag-jutilise","tag-les","tag-listes","tag-mon","tag-personnalisees","tag-sept","tag-sur","generate-columns","tablet-grid-50","mobile-grid-100","grid-parent","grid-33"],"yoast_head":"<!-- This site is optimized with the Yoast SEO plugin v24.0 - https:\/\/yoast.com\/wordpress\/plugins\/seo\/ -->\n<title>Sept listes personnalis\u00e9es que j&#039;utilise sur mon \u00e9cran de foyer (et comment les cr\u00e9er) | Vie Associative<\/title>\n<meta name=\"robots\" content=\"index, follow, max-snippet:-1, max-image-preview:large, max-video-preview:-1\" \/>\n<link rel=\"canonical\" href=\"https:\/\/vieassociative.be\/actualites\/sept-listes-personnalisees-que-jutilise-sur-mon-ecran-de-foyer-et-comment-les-creer\/\" \/>\n<meta property=\"og:locale\" content=\"fr_FR\" \/>\n<meta property=\"og:type\" content=\"article\" \/>\n<meta property=\"og:title\" content=\"Sept listes personnalis\u00e9es que j&#039;utilise sur mon \u00e9cran de foyer (et comment les cr\u00e9er) | Vie Associative\" \/>\n<meta property=\"og:description\" content=\"Les propri\u00e9taires de foyers devraient utiliser la nouvelle liste d&rsquo;\u00e9picerie et cr\u00e9er des listes plus personnalisables en dehors de ses t\u00e2ches de base. Quand j\u2019\u00e9tais\" \/>\n<meta property=\"og:url\" content=\"https:\/\/vieassociative.be\/actualites\/sept-listes-personnalisees-que-jutilise-sur-mon-ecran-de-foyer-et-comment-les-creer\/\" \/>\n<meta property=\"og:site_name\" content=\"Vie Associative\" \/>\n<meta property=\"article:published_time\" content=\"2024-12-12T01:17:41+00:00\" \/>\n<meta property=\"og:image\" content=\"https:\/\/vieassociative.be\/actualites\/wp-content\/uploads\/2024\/12\/Sept-listes-personnalisees-que-jutilise-sur-mon-ecran-de-foyer.jpg\" \/>\n<meta name=\"author\" content=\"Julien\" \/>\n<meta name=\"twitter:card\" content=\"summary_large_image\" \/>\n<meta name=\"twitter:label1\" content=\"\u00c9crit par\" \/>\n\t<meta name=\"twitter:data1\" content=\"Julien\" \/>\n\t<meta name=\"twitter:label2\" content=\"Dur\u00e9e de lecture est.\" \/>\n\t<meta name=\"twitter:data2\" content=\"7 minutes\" \/>\n<script type=\"application\/ld+json\" class=\"yoast-schema-graph\">{\"@context\":\"https:\/\/schema.org\",\"@graph\":[{\"@type\":\"Article\",\"@id\":\"https:\/\/vieassociative.be\/actualites\/sept-listes-personnalisees-que-jutilise-sur-mon-ecran-de-foyer-et-comment-les-creer\/#article\",\"isPartOf\":{\"@id\":\"https:\/\/vieassociative.be\/actualites\/sept-listes-personnalisees-que-jutilise-sur-mon-ecran-de-foyer-et-comment-les-creer\/\"},\"author\":{\"name\":\"Julien\",\"@id\":\"https:\/\/vieassociative.be\/actualites\/#\/schema\/person\/b87ac4f82f9d4e7b7cec7395b679edc4\"},\"headline\":\"Sept listes personnalis\u00e9es que j&rsquo;utilise sur mon \u00e9cran de foyer (et comment les cr\u00e9er)\",\"datePublished\":\"2024-12-12T01:17:41+00:00\",\"dateModified\":\"2024-12-12T01:17:41+00:00\",\"mainEntityOfPage\":{\"@id\":\"https:\/\/vieassociative.be\/actualites\/sept-listes-personnalisees-que-jutilise-sur-mon-ecran-de-foyer-et-comment-les-creer\/\"},\"wordCount\":1467,\"publisher\":{\"@id\":\"https:\/\/vieassociative.be\/actualites\/#organization\"},\"image\":{\"@id\":\"https:\/\/vieassociative.be\/actualites\/sept-listes-personnalisees-que-jutilise-sur-mon-ecran-de-foyer-et-comment-les-creer\/#primaryimage\"},\"thumbnailUrl\":\"https:\/\/vieassociative.be\/actualites\/wp-content\/uploads\/2024\/12\/1733966261_Sept-listes-personnalisees-que-jutilise-sur-mon-ecran-de-foyer.jpg\",\"keywords\":[\"Comment\",\"cr\u00e9er\",\"\u00e9cran\",\"foyer\",\"jutilise\",\"Les\",\"listes\",\"Mon\",\"personnalis\u00e9es\",\"Sept\",\"sur\"],\"articleSection\":[\"Technologie\"],\"inLanguage\":\"fr-BE\"},{\"@type\":\"WebPage\",\"@id\":\"https:\/\/vieassociative.be\/actualites\/sept-listes-personnalisees-que-jutilise-sur-mon-ecran-de-foyer-et-comment-les-creer\/\",\"url\":\"https:\/\/vieassociative.be\/actualites\/sept-listes-personnalisees-que-jutilise-sur-mon-ecran-de-foyer-et-comment-les-creer\/\",\"name\":\"Sept listes personnalis\u00e9es que j'utilise sur mon \u00e9cran de foyer (et comment les cr\u00e9er) | Vie Associative\",\"isPartOf\":{\"@id\":\"https:\/\/vieassociative.be\/actualites\/#website\"},\"primaryImageOfPage\":{\"@id\":\"https:\/\/vieassociative.be\/actualites\/sept-listes-personnalisees-que-jutilise-sur-mon-ecran-de-foyer-et-comment-les-creer\/#primaryimage\"},\"image\":{\"@id\":\"https:\/\/vieassociative.be\/actualites\/sept-listes-personnalisees-que-jutilise-sur-mon-ecran-de-foyer-et-comment-les-creer\/#primaryimage\"},\"thumbnailUrl\":\"https:\/\/vieassociative.be\/actualites\/wp-content\/uploads\/2024\/12\/1733966261_Sept-listes-personnalisees-que-jutilise-sur-mon-ecran-de-foyer.jpg\",\"datePublished\":\"2024-12-12T01:17:41+00:00\",\"dateModified\":\"2024-12-12T01:17:41+00:00\",\"breadcrumb\":{\"@id\":\"https:\/\/vieassociative.be\/actualites\/sept-listes-personnalisees-que-jutilise-sur-mon-ecran-de-foyer-et-comment-les-creer\/#breadcrumb\"},\"inLanguage\":\"fr-BE\",\"potentialAction\":[{\"@type\":\"ReadAction\",\"target\":[\"https:\/\/vieassociative.be\/actualites\/sept-listes-personnalisees-que-jutilise-sur-mon-ecran-de-foyer-et-comment-les-creer\/\"]}]},{\"@type\":\"ImageObject\",\"inLanguage\":\"fr-BE\",\"@id\":\"https:\/\/vieassociative.be\/actualites\/sept-listes-personnalisees-que-jutilise-sur-mon-ecran-de-foyer-et-comment-les-creer\/#primaryimage\",\"url\":\"https:\/\/vieassociative.be\/actualites\/wp-content\/uploads\/2024\/12\/1733966261_Sept-listes-personnalisees-que-jutilise-sur-mon-ecran-de-foyer.jpg\",\"contentUrl\":\"https:\/\/vieassociative.be\/actualites\/wp-content\/uploads\/2024\/12\/1733966261_Sept-listes-personnalisees-que-jutilise-sur-mon-ecran-de-foyer.jpg\",\"width\":1200,\"height\":675,\"caption\":\"Sept listes personnalis\u00e9es que j'utilise sur mon \u00e9cran de foyer (et comment les cr\u00e9er)\"},{\"@type\":\"BreadcrumbList\",\"@id\":\"https:\/\/vieassociative.be\/actualites\/sept-listes-personnalisees-que-jutilise-sur-mon-ecran-de-foyer-et-comment-les-creer\/#breadcrumb\",\"itemListElement\":[{\"@type\":\"ListItem\",\"position\":1,\"name\":\"Accueil\",\"item\":\"https:\/\/vieassociative.be\/actualites\/\"},{\"@type\":\"ListItem\",\"position\":2,\"name\":\"Sept listes personnalis\u00e9es que j&rsquo;utilise sur mon \u00e9cran de foyer (et comment les cr\u00e9er)\"}]},{\"@type\":\"WebSite\",\"@id\":\"https:\/\/vieassociative.be\/actualites\/#website\",\"url\":\"https:\/\/vieassociative.be\/actualites\/\",\"name\":\"Vie Associative\",\"description\":\"\",\"publisher\":{\"@id\":\"https:\/\/vieassociative.be\/actualites\/#organization\"},\"potentialAction\":[{\"@type\":\"SearchAction\",\"target\":{\"@type\":\"EntryPoint\",\"urlTemplate\":\"https:\/\/vieassociative.be\/actualites\/?s={search_term_string}\"},\"query-input\":{\"@type\":\"PropertyValueSpecification\",\"valueRequired\":true,\"valueName\":\"search_term_string\"}}],\"inLanguage\":\"fr-BE\"},{\"@type\":\"Organization\",\"@id\":\"https:\/\/vieassociative.be\/actualites\/#organization\",\"name\":\"Vie Associative\",\"url\":\"https:\/\/vieassociative.be\/actualites\/\",\"logo\":{\"@type\":\"ImageObject\",\"inLanguage\":\"fr-BE\",\"@id\":\"https:\/\/vieassociative.be\/actualites\/#\/schema\/logo\/image\/\",\"url\":\"https:\/\/vieassociative.be\/actualites\/wp-content\/uploads\/2024\/09\/cropped-vieassociative_favicon.ico.png\",\"contentUrl\":\"https:\/\/vieassociative.be\/actualites\/wp-content\/uploads\/2024\/09\/cropped-vieassociative_favicon.ico.png\",\"width\":512,\"height\":512,\"caption\":\"Vie Associative\"},\"image\":{\"@id\":\"https:\/\/vieassociative.be\/actualites\/#\/schema\/logo\/image\/\"}},{\"@type\":\"Person\",\"@id\":\"https:\/\/vieassociative.be\/actualites\/#\/schema\/person\/b87ac4f82f9d4e7b7cec7395b679edc4\",\"name\":\"Julien\",\"image\":{\"@type\":\"ImageObject\",\"inLanguage\":\"fr-BE\",\"@id\":\"https:\/\/vieassociative.be\/actualites\/#\/schema\/person\/image\/\",\"url\":\"https:\/\/vieassociative.be\/actualites\/wp-content\/uploads\/2024\/09\/vie-associative-1-150x150.jpg\",\"contentUrl\":\"https:\/\/vieassociative.be\/actualites\/wp-content\/uploads\/2024\/09\/vie-associative-1-150x150.jpg\",\"caption\":\"Julien\"},\"description\":\"Je suis Julien, r\u00e9dacteur pour Vie Associative. Passionn\u00e9 par le monde associatif depuis plus de 10 ans, j'ai \u00e0 c\u0153ur de partager des histoires inspirantes et de mettre en lumi\u00e8re les initiatives locales. Mon objectif est de sensibiliser et d'encourager l'engagement communautaire \u00e0 travers mes articles.\",\"sameAs\":[\"https:\/\/vieassociative.be\/\"]}]}<\/script>\n<!-- \/ Yoast SEO plugin. -->","yoast_head_json":{"title":"Sept listes personnalis\u00e9es que j'utilise sur mon \u00e9cran de foyer (et comment les cr\u00e9er) | Vie Associative","robots":{"index":"index","follow":"follow","max-snippet":"max-snippet:-1","max-image-preview":"max-image-preview:large","max-video-preview":"max-video-preview:-1"},"canonical":"https:\/\/vieassociative.be\/actualites\/sept-listes-personnalisees-que-jutilise-sur-mon-ecran-de-foyer-et-comment-les-creer\/","og_locale":"fr_FR","og_type":"article","og_title":"Sept listes personnalis\u00e9es que j'utilise sur mon \u00e9cran de foyer (et comment les cr\u00e9er) | Vie Associative","og_description":"Les propri\u00e9taires de foyers devraient utiliser la nouvelle liste d&rsquo;\u00e9picerie et cr\u00e9er des listes plus personnalisables en dehors de ses t\u00e2ches de base. Quand j\u2019\u00e9tais","og_url":"https:\/\/vieassociative.be\/actualites\/sept-listes-personnalisees-que-jutilise-sur-mon-ecran-de-foyer-et-comment-les-creer\/","og_site_name":"Vie Associative","article_published_time":"2024-12-12T01:17:41+00:00","og_image":[{"url":"https:\/\/vieassociative.be\/actualites\/wp-content\/uploads\/2024\/12\/Sept-listes-personnalisees-que-jutilise-sur-mon-ecran-de-foyer.jpg","type":"","width":"","height":""}],"author":"Julien","twitter_card":"summary_large_image","twitter_misc":{"\u00c9crit par":"Julien","Dur\u00e9e de lecture est.":"7 minutes"},"schema":{"@context":"https:\/\/schema.org","@graph":[{"@type":"Article","@id":"https:\/\/vieassociative.be\/actualites\/sept-listes-personnalisees-que-jutilise-sur-mon-ecran-de-foyer-et-comment-les-creer\/#article","isPartOf":{"@id":"https:\/\/vieassociative.be\/actualites\/sept-listes-personnalisees-que-jutilise-sur-mon-ecran-de-foyer-et-comment-les-creer\/"},"author":{"name":"Julien","@id":"https:\/\/vieassociative.be\/actualites\/#\/schema\/person\/b87ac4f82f9d4e7b7cec7395b679edc4"},"headline":"Sept listes personnalis\u00e9es que j&rsquo;utilise sur mon \u00e9cran de foyer (et comment les cr\u00e9er)","datePublished":"2024-12-12T01:17:41+00:00","dateModified":"2024-12-12T01:17:41+00:00","mainEntityOfPage":{"@id":"https:\/\/vieassociative.be\/actualites\/sept-listes-personnalisees-que-jutilise-sur-mon-ecran-de-foyer-et-comment-les-creer\/"},"wordCount":1467,"publisher":{"@id":"https:\/\/vieassociative.be\/actualites\/#organization"},"image":{"@id":"https:\/\/vieassociative.be\/actualites\/sept-listes-personnalisees-que-jutilise-sur-mon-ecran-de-foyer-et-comment-les-creer\/#primaryimage"},"thumbnailUrl":"https:\/\/vieassociative.be\/actualites\/wp-content\/uploads\/2024\/12\/1733966261_Sept-listes-personnalisees-que-jutilise-sur-mon-ecran-de-foyer.jpg","keywords":["Comment","cr\u00e9er","\u00e9cran","foyer","jutilise","Les","listes","Mon","personnalis\u00e9es","Sept","sur"],"articleSection":["Technologie"],"inLanguage":"fr-BE"},{"@type":"WebPage","@id":"https:\/\/vieassociative.be\/actualites\/sept-listes-personnalisees-que-jutilise-sur-mon-ecran-de-foyer-et-comment-les-creer\/","url":"https:\/\/vieassociative.be\/actualites\/sept-listes-personnalisees-que-jutilise-sur-mon-ecran-de-foyer-et-comment-les-creer\/","name":"Sept listes personnalis\u00e9es que j'utilise sur mon \u00e9cran de foyer (et comment les cr\u00e9er) | Vie Associative","isPartOf":{"@id":"https:\/\/vieassociative.be\/actualites\/#website"},"primaryImageOfPage":{"@id":"https:\/\/vieassociative.be\/actualites\/sept-listes-personnalisees-que-jutilise-sur-mon-ecran-de-foyer-et-comment-les-creer\/#primaryimage"},"image":{"@id":"https:\/\/vieassociative.be\/actualites\/sept-listes-personnalisees-que-jutilise-sur-mon-ecran-de-foyer-et-comment-les-creer\/#primaryimage"},"thumbnailUrl":"https:\/\/vieassociative.be\/actualites\/wp-content\/uploads\/2024\/12\/1733966261_Sept-listes-personnalisees-que-jutilise-sur-mon-ecran-de-foyer.jpg","datePublished":"2024-12-12T01:17:41+00:00","dateModified":"2024-12-12T01:17:41+00:00","breadcrumb":{"@id":"https:\/\/vieassociative.be\/actualites\/sept-listes-personnalisees-que-jutilise-sur-mon-ecran-de-foyer-et-comment-les-creer\/#breadcrumb"},"inLanguage":"fr-BE","potentialAction":[{"@type":"ReadAction","target":["https:\/\/vieassociative.be\/actualites\/sept-listes-personnalisees-que-jutilise-sur-mon-ecran-de-foyer-et-comment-les-creer\/"]}]},{"@type":"ImageObject","inLanguage":"fr-BE","@id":"https:\/\/vieassociative.be\/actualites\/sept-listes-personnalisees-que-jutilise-sur-mon-ecran-de-foyer-et-comment-les-creer\/#primaryimage","url":"https:\/\/vieassociative.be\/actualites\/wp-content\/uploads\/2024\/12\/1733966261_Sept-listes-personnalisees-que-jutilise-sur-mon-ecran-de-foyer.jpg","contentUrl":"https:\/\/vieassociative.be\/actualites\/wp-content\/uploads\/2024\/12\/1733966261_Sept-listes-personnalisees-que-jutilise-sur-mon-ecran-de-foyer.jpg","width":1200,"height":675,"caption":"Sept listes personnalis\u00e9es que j'utilise sur mon \u00e9cran de foyer (et comment les cr\u00e9er)"},{"@type":"BreadcrumbList","@id":"https:\/\/vieassociative.be\/actualites\/sept-listes-personnalisees-que-jutilise-sur-mon-ecran-de-foyer-et-comment-les-creer\/#breadcrumb","itemListElement":[{"@type":"ListItem","position":1,"name":"Accueil","item":"https:\/\/vieassociative.be\/actualites\/"},{"@type":"ListItem","position":2,"name":"Sept listes personnalis\u00e9es que j&rsquo;utilise sur mon \u00e9cran de foyer (et comment les cr\u00e9er)"}]},{"@type":"WebSite","@id":"https:\/\/vieassociative.be\/actualites\/#website","url":"https:\/\/vieassociative.be\/actualites\/","name":"Vie Associative","description":"","publisher":{"@id":"https:\/\/vieassociative.be\/actualites\/#organization"},"potentialAction":[{"@type":"SearchAction","target":{"@type":"EntryPoint","urlTemplate":"https:\/\/vieassociative.be\/actualites\/?s={search_term_string}"},"query-input":{"@type":"PropertyValueSpecification","valueRequired":true,"valueName":"search_term_string"}}],"inLanguage":"fr-BE"},{"@type":"Organization","@id":"https:\/\/vieassociative.be\/actualites\/#organization","name":"Vie Associative","url":"https:\/\/vieassociative.be\/actualites\/","logo":{"@type":"ImageObject","inLanguage":"fr-BE","@id":"https:\/\/vieassociative.be\/actualites\/#\/schema\/logo\/image\/","url":"https:\/\/vieassociative.be\/actualites\/wp-content\/uploads\/2024\/09\/cropped-vieassociative_favicon.ico.png","contentUrl":"https:\/\/vieassociative.be\/actualites\/wp-content\/uploads\/2024\/09\/cropped-vieassociative_favicon.ico.png","width":512,"height":512,"caption":"Vie Associative"},"image":{"@id":"https:\/\/vieassociative.be\/actualites\/#\/schema\/logo\/image\/"}},{"@type":"Person","@id":"https:\/\/vieassociative.be\/actualites\/#\/schema\/person\/b87ac4f82f9d4e7b7cec7395b679edc4","name":"Julien","image":{"@type":"ImageObject","inLanguage":"fr-BE","@id":"https:\/\/vieassociative.be\/actualites\/#\/schema\/person\/image\/","url":"https:\/\/vieassociative.be\/actualites\/wp-content\/uploads\/2024\/09\/vie-associative-1-150x150.jpg","contentUrl":"https:\/\/vieassociative.be\/actualites\/wp-content\/uploads\/2024\/09\/vie-associative-1-150x150.jpg","caption":"Julien"},"description":"Je suis Julien, r\u00e9dacteur pour Vie Associative. Passionn\u00e9 par le monde associatif depuis plus de 10 ans, j'ai \u00e0 c\u0153ur de partager des histoires inspirantes et de mettre en lumi\u00e8re les initiatives locales. Mon objectif est de sensibiliser et d'encourager l'engagement communautaire \u00e0 travers mes articles.","sameAs":["https:\/\/vieassociative.be\/"]}]}},"_links":{"self":[{"href":"https:\/\/vieassociative.be\/actualites\/wp-json\/wp\/v2\/posts\/3307"}],"collection":[{"href":"https:\/\/vieassociative.be\/actualites\/wp-json\/wp\/v2\/posts"}],"about":[{"href":"https:\/\/vieassociative.be\/actualites\/wp-json\/wp\/v2\/types\/post"}],"author":[{"embeddable":true,"href":"https:\/\/vieassociative.be\/actualites\/wp-json\/wp\/v2\/users\/1"}],"replies":[{"embeddable":true,"href":"https:\/\/vieassociative.be\/actualites\/wp-json\/wp\/v2\/comments?post=3307"}],"version-history":[{"count":0,"href":"https:\/\/vieassociative.be\/actualites\/wp-json\/wp\/v2\/posts\/3307\/revisions"}],"wp:featuredmedia":[{"embeddable":true,"href":"https:\/\/vieassociative.be\/actualites\/wp-json\/wp\/v2\/media\/3308"}],"wp:attachment":[{"href":"https:\/\/vieassociative.be\/actualites\/wp-json\/wp\/v2\/media?parent=3307"}],"wp:term":[{"taxonomy":"category","embeddable":true,"href":"https:\/\/vieassociative.be\/actualites\/wp-json\/wp\/v2\/categories?post=3307"},{"taxonomy":"post_tag","embeddable":true,"href":"https:\/\/vieassociative.be\/actualites\/wp-json\/wp\/v2\/tags?post=3307"}],"curies":[{"name":"wp","href":"https:\/\/api.w.org\/{rel}","templated":true}]}}