{"id":330,"date":"2024-09-22T23:25:50","date_gmt":"2024-09-22T21:25:50","guid":{"rendered":"https:\/\/vieassociative.be\/actualites\/formel-3-bochumer-lirim-zendeli-siegt-beckmann-dritter\/"},"modified":"2024-09-22T23:25:53","modified_gmt":"2024-09-22T21:25:53","slug":"formel-3-bochumer-lirim-zendeli-siegt-beckmann-dritter","status":"publish","type":"post","link":"https:\/\/vieassociative.be\/actualites\/formel-3-bochumer-lirim-zendeli-siegt-beckmann-dritter\/","title":{"rendered":"Formel 3\u00a0: Bochumer Lirim Zendeli siegt, Beckmann Dritter"},"content":{"rendered":"<p><\/p>\n<p class=\"font-sans font-medium\">  Lirim Zendeli de Bochum et David Beckmann de Hagen dominent le Formal-3-Rennen \u00e0 Spa Francorchamps. A la fin, les deux sont sur sc\u00e8ne.<\/p>\n<aside class=\"h-ad-280+text lg:h-0 \" data-slot-id=\"pos1_sm\" data-breakpoint=\"sm\" data-hide-ad-text=\"false\" data-module-id=\"SparkAdSlotModule\"><\/aside>\n<p>Das Bochumer Motorsport-Talent <strong>Lirim Zendeli<\/strong> (Trident) qui signale d&rsquo;abord Sieg dans la Nachwuchsklasse Formel 3 eingefahren. \u00ab\u00a0Oui ! Oui ! Grande ! Grande !\u00a0\u00bb, gr\u00e2ce aux 20 ans de plaisir de la boxe, aux \u00e9missions TV sur Sky et aux \u00e9missions TV. Zendel s&rsquo;est inspir\u00e9 de la tradition belge \u00e0 Spa Francorchamps suite \u00e0 la Pole Position in Racing. \u00ab\u00a0Endlich\u00a0\u00bb, f\u00fcgte er kurze Zeit sp\u00e4ter hinzu. Coll\u00e8ge de l&rsquo;\u00e9quipe des transmissions <strong>David Beckmann<\/strong> \u00e0 Hagen investi sur la route principale sur la Dritten Platz. Deux mots ont \u00e9t\u00e9 \u00e9crits par Franzose Th\u00e9o Pourchaire (ART Grand Prix).<\/p>\n<\/p>\n<div id=\"piano-banner-kampagne\" class=\"mb-4 block\"><\/div>\n<div id=\"piano-reco-widget\" class=\"mb-4 block\"><\/div>\n<\/p>\n<h3>Beckmann aus Hagen nonne sur la Platz trois<\/h3>\n<p>Pour Beckmann war der Sprung auf das Podest auch hinsichtlich der Gesamtwertung wichtig. Le Sauerl\u00e4nder \u00fcberholte Liam Lawson (Hitech) et r\u00e9side dans la religieuse Gesamtwertung sur cette Platz. Pour le Prema-Pilot Oscar Piastri, le chapeau F\u00fchrung im Gesamtklassement von Loga Sargeant \u00fcbernommen. Attendons \u00e9galement avec impatience la Top Team italienne. Pour Beckmann, c&rsquo;est un voyage facile, qui ne pose aucun probl\u00e8me ni aux pilotes ni aux lieutenants. Il y a 109,5 Z\u00e4hler auf dem Konto, der F\u00fchrende 140, Sargeant 135. Zendeli ist mit 69 Punkten auf Platz sieben,<\/p>\n<p><!-- opinary --><\/p>\n<div class=\"w-full bg-background-100\">\n<div id=\"opinary-automation-placeholder\" class=\"w-full\"><\/div>\n<\/p><\/div>\n<\/p>\n<aside class=\"h-ad-600+text lg:h-0 \" data-slot-id=\"pos2_sm\" data-breakpoint=\"sm\" data-hide-ad-text=\"false\" data-module-id=\"SparkAdSlotModule\"><\/aside>\n<\/p>\n<p>Vous avez h\u00e2te que David Schumacher (Bergheim) vous rejoigne dans le futur du team Charouz Racing au Carlin de la Platz 17. Andreas Estner (Warngau), qui se trouve au Spa Sophia Fl\u00f6rsch \u00e0 Campos ersetzte, ach\u00e8te avec un Runde R\u00fcckstand sur la Platz 27.<\/p>\n<h3>L&rsquo;\u00e9v\u00e9nement officiel de 3 semaines se termine par des courses de sprint<\/h3>\n<p>Am Sonntag (9h45) aura lieu \u00e0 Spa ainsi que la course Sprint. Ces premi\u00e8res \u00e9tapes seront prises en compte dans les prochaines \u00e9tapes \u00e0 suivre au d\u00e9part. Zendeli geht aussi vom zehnten Rang ins Rennen, Beckmann knapp davor. (fs avec c\u00f4t\u00e9)<\/p>\n","protected":false},"excerpt":{"rendered":"<p>Lirim Zendeli de Bochum et David Beckmann de Hagen dominent le Formal-3-Rennen \u00e0 Spa Francorchamps. A la fin, les deux sont sur sc\u00e8ne. Das Bochumer<\/p>\n","protected":false},"author":1,"featured_media":331,"comment_status":"closed","ping_status":"","sticky":false,"template":"","format":"standard","meta":{"footnotes":""},"categories":[298],"tags":[518,514,519,513,515,517,516],"class_list":["post-330","post","type-post","status-publish","format-standard","has-post-thumbnail","hentry","category-belgique","tag-beckmann","tag-bochumer","tag-dritter","tag-formel","tag-lirim","tag-siegt","tag-zendeli","generate-columns","tablet-grid-50","mobile-grid-100","grid-parent","grid-33"],"yoast_head":"<!-- This site is optimized with the Yoast SEO plugin v24.0 - https:\/\/yoast.com\/wordpress\/plugins\/seo\/ -->\n<title>Formel 3\u00a0: Bochumer Lirim Zendeli siegt, Beckmann Dritter | Vie Associative<\/title>\n<meta name=\"robots\" content=\"index, follow, max-snippet:-1, max-image-preview:large, max-video-preview:-1\" \/>\n<link rel=\"canonical\" href=\"https:\/\/vieassociative.be\/actualites\/formel-3-bochumer-lirim-zendeli-siegt-beckmann-dritter\/\" \/>\n<meta property=\"og:locale\" content=\"fr_FR\" \/>\n<meta property=\"og:type\" content=\"article\" \/>\n<meta property=\"og:title\" content=\"Formel 3\u00a0: Bochumer Lirim Zendeli siegt, Beckmann Dritter | Vie Associative\" \/>\n<meta property=\"og:description\" content=\"Lirim Zendeli de Bochum et David Beckmann de Hagen dominent le Formal-3-Rennen \u00e0 Spa Francorchamps. A la fin, les deux sont sur sc\u00e8ne. Das Bochumer\" \/>\n<meta property=\"og:url\" content=\"https:\/\/vieassociative.be\/actualites\/formel-3-bochumer-lirim-zendeli-siegt-beckmann-dritter\/\" \/>\n<meta property=\"og:site_name\" content=\"Vie Associative\" \/>\n<meta property=\"article:published_time\" content=\"2024-09-22T21:25:50+00:00\" \/>\n<meta property=\"article:modified_time\" content=\"2024-09-22T21:25:53+00:00\" \/>\n<meta property=\"og:image\" content=\"https:\/\/vieassociative.be\/actualites\/wp-content\/uploads\/2024\/09\/1727040350_Formel-3-Bochumer-Lirim-Zendeli-siegt-Beckmann-Dritter.jpeg\" \/>\n\t<meta property=\"og:image:width\" content=\"1600\" \/>\n\t<meta property=\"og:image:height\" content=\"900\" \/>\n\t<meta property=\"og:image:type\" content=\"image\/jpeg\" \/>\n<meta name=\"author\" content=\"Julien\" \/>\n<meta name=\"twitter:card\" content=\"summary_large_image\" \/>\n<meta name=\"twitter:label1\" content=\"\u00c9crit par\" \/>\n\t<meta name=\"twitter:data1\" content=\"Julien\" \/>\n\t<meta name=\"twitter:label2\" content=\"Dur\u00e9e de lecture est.\" \/>\n\t<meta name=\"twitter:data2\" content=\"2 minutes\" \/>\n<script type=\"application\/ld+json\" class=\"yoast-schema-graph\">{\"@context\":\"https:\/\/schema.org\",\"@graph\":[{\"@type\":\"Article\",\"@id\":\"https:\/\/vieassociative.be\/actualites\/formel-3-bochumer-lirim-zendeli-siegt-beckmann-dritter\/#article\",\"isPartOf\":{\"@id\":\"https:\/\/vieassociative.be\/actualites\/formel-3-bochumer-lirim-zendeli-siegt-beckmann-dritter\/\"},\"author\":{\"name\":\"Julien\",\"@id\":\"https:\/\/vieassociative.be\/actualites\/#\/schema\/person\/b87ac4f82f9d4e7b7cec7395b679edc4\"},\"headline\":\"Formel 3\u00a0: Bochumer Lirim Zendeli siegt, Beckmann Dritter\",\"datePublished\":\"2024-09-22T21:25:50+00:00\",\"dateModified\":\"2024-09-22T21:25:53+00:00\",\"mainEntityOfPage\":{\"@id\":\"https:\/\/vieassociative.be\/actualites\/formel-3-bochumer-lirim-zendeli-siegt-beckmann-dritter\/\"},\"wordCount\":325,\"publisher\":{\"@id\":\"https:\/\/vieassociative.be\/actualites\/#organization\"},\"image\":{\"@id\":\"https:\/\/vieassociative.be\/actualites\/formel-3-bochumer-lirim-zendeli-siegt-beckmann-dritter\/#primaryimage\"},\"thumbnailUrl\":\"https:\/\/vieassociative.be\/actualites\/wp-content\/uploads\/2024\/09\/1727040350_Formel-3-Bochumer-Lirim-Zendeli-siegt-Beckmann-Dritter.jpeg\",\"keywords\":[\"Beckmann\",\"Bochumer\",\"Dritter\",\"Formel\",\"Lirim\",\"siegt\",\"Zendeli\"],\"articleSection\":[\"Belgique\"],\"inLanguage\":\"fr-BE\"},{\"@type\":\"WebPage\",\"@id\":\"https:\/\/vieassociative.be\/actualites\/formel-3-bochumer-lirim-zendeli-siegt-beckmann-dritter\/\",\"url\":\"https:\/\/vieassociative.be\/actualites\/formel-3-bochumer-lirim-zendeli-siegt-beckmann-dritter\/\",\"name\":\"Formel 3\u00a0: Bochumer Lirim Zendeli siegt, Beckmann Dritter | Vie Associative\",\"isPartOf\":{\"@id\":\"https:\/\/vieassociative.be\/actualites\/#website\"},\"primaryImageOfPage\":{\"@id\":\"https:\/\/vieassociative.be\/actualites\/formel-3-bochumer-lirim-zendeli-siegt-beckmann-dritter\/#primaryimage\"},\"image\":{\"@id\":\"https:\/\/vieassociative.be\/actualites\/formel-3-bochumer-lirim-zendeli-siegt-beckmann-dritter\/#primaryimage\"},\"thumbnailUrl\":\"https:\/\/vieassociative.be\/actualites\/wp-content\/uploads\/2024\/09\/1727040350_Formel-3-Bochumer-Lirim-Zendeli-siegt-Beckmann-Dritter.jpeg\",\"datePublished\":\"2024-09-22T21:25:50+00:00\",\"dateModified\":\"2024-09-22T21:25:53+00:00\",\"breadcrumb\":{\"@id\":\"https:\/\/vieassociative.be\/actualites\/formel-3-bochumer-lirim-zendeli-siegt-beckmann-dritter\/#breadcrumb\"},\"inLanguage\":\"fr-BE\",\"potentialAction\":[{\"@type\":\"ReadAction\",\"target\":[\"https:\/\/vieassociative.be\/actualites\/formel-3-bochumer-lirim-zendeli-siegt-beckmann-dritter\/\"]}]},{\"@type\":\"ImageObject\",\"inLanguage\":\"fr-BE\",\"@id\":\"https:\/\/vieassociative.be\/actualites\/formel-3-bochumer-lirim-zendeli-siegt-beckmann-dritter\/#primaryimage\",\"url\":\"https:\/\/vieassociative.be\/actualites\/wp-content\/uploads\/2024\/09\/1727040350_Formel-3-Bochumer-Lirim-Zendeli-siegt-Beckmann-Dritter.jpeg\",\"contentUrl\":\"https:\/\/vieassociative.be\/actualites\/wp-content\/uploads\/2024\/09\/1727040350_Formel-3-Bochumer-Lirim-Zendeli-siegt-Beckmann-Dritter.jpeg\",\"width\":1600,\"height\":900,\"caption\":\"Formel 3\u00a0: Bochumer Lirim Zendeli siegt, Beckmann Dritter\"},{\"@type\":\"BreadcrumbList\",\"@id\":\"https:\/\/vieassociative.be\/actualites\/formel-3-bochumer-lirim-zendeli-siegt-beckmann-dritter\/#breadcrumb\",\"itemListElement\":[{\"@type\":\"ListItem\",\"position\":1,\"name\":\"Accueil\",\"item\":\"https:\/\/vieassociative.be\/actualites\/\"},{\"@type\":\"ListItem\",\"position\":2,\"name\":\"Formel 3\u00a0: Bochumer Lirim Zendeli siegt, Beckmann Dritter\"}]},{\"@type\":\"WebSite\",\"@id\":\"https:\/\/vieassociative.be\/actualites\/#website\",\"url\":\"https:\/\/vieassociative.be\/actualites\/\",\"name\":\"Vie Associative\",\"description\":\"\",\"publisher\":{\"@id\":\"https:\/\/vieassociative.be\/actualites\/#organization\"},\"potentialAction\":[{\"@type\":\"SearchAction\",\"target\":{\"@type\":\"EntryPoint\",\"urlTemplate\":\"https:\/\/vieassociative.be\/actualites\/?s={search_term_string}\"},\"query-input\":{\"@type\":\"PropertyValueSpecification\",\"valueRequired\":true,\"valueName\":\"search_term_string\"}}],\"inLanguage\":\"fr-BE\"},{\"@type\":\"Organization\",\"@id\":\"https:\/\/vieassociative.be\/actualites\/#organization\",\"name\":\"Vie Associative\",\"url\":\"https:\/\/vieassociative.be\/actualites\/\",\"logo\":{\"@type\":\"ImageObject\",\"inLanguage\":\"fr-BE\",\"@id\":\"https:\/\/vieassociative.be\/actualites\/#\/schema\/logo\/image\/\",\"url\":\"https:\/\/vieassociative.be\/actualites\/wp-content\/uploads\/2024\/09\/cropped-vieassociative_favicon.ico.png\",\"contentUrl\":\"https:\/\/vieassociative.be\/actualites\/wp-content\/uploads\/2024\/09\/cropped-vieassociative_favicon.ico.png\",\"width\":512,\"height\":512,\"caption\":\"Vie Associative\"},\"image\":{\"@id\":\"https:\/\/vieassociative.be\/actualites\/#\/schema\/logo\/image\/\"}},{\"@type\":\"Person\",\"@id\":\"https:\/\/vieassociative.be\/actualites\/#\/schema\/person\/b87ac4f82f9d4e7b7cec7395b679edc4\",\"name\":\"Julien\",\"image\":{\"@type\":\"ImageObject\",\"inLanguage\":\"fr-BE\",\"@id\":\"https:\/\/vieassociative.be\/actualites\/#\/schema\/person\/image\/\",\"url\":\"https:\/\/vieassociative.be\/actualites\/wp-content\/uploads\/2024\/09\/vie-associative-1-150x150.jpg\",\"contentUrl\":\"https:\/\/vieassociative.be\/actualites\/wp-content\/uploads\/2024\/09\/vie-associative-1-150x150.jpg\",\"caption\":\"Julien\"},\"description\":\"Je suis Julien, r\u00e9dacteur pour Vie Associative. Passionn\u00e9 par le monde associatif depuis plus de 10 ans, j'ai \u00e0 c\u0153ur de partager des histoires inspirantes et de mettre en lumi\u00e8re les initiatives locales. Mon objectif est de sensibiliser et d'encourager l'engagement communautaire \u00e0 travers mes articles.\",\"sameAs\":[\"https:\/\/vieassociative.be\/\"]}]}<\/script>\n<!-- \/ Yoast SEO plugin. -->","yoast_head_json":{"title":"Formel 3\u00a0: Bochumer Lirim Zendeli siegt, Beckmann Dritter | Vie Associative","robots":{"index":"index","follow":"follow","max-snippet":"max-snippet:-1","max-image-preview":"max-image-preview:large","max-video-preview":"max-video-preview:-1"},"canonical":"https:\/\/vieassociative.be\/actualites\/formel-3-bochumer-lirim-zendeli-siegt-beckmann-dritter\/","og_locale":"fr_FR","og_type":"article","og_title":"Formel 3\u00a0: Bochumer Lirim Zendeli siegt, Beckmann Dritter | Vie Associative","og_description":"Lirim Zendeli de Bochum et David Beckmann de Hagen dominent le Formal-3-Rennen \u00e0 Spa Francorchamps. A la fin, les deux sont sur sc\u00e8ne. Das Bochumer","og_url":"https:\/\/vieassociative.be\/actualites\/formel-3-bochumer-lirim-zendeli-siegt-beckmann-dritter\/","og_site_name":"Vie Associative","article_published_time":"2024-09-22T21:25:50+00:00","article_modified_time":"2024-09-22T21:25:53+00:00","og_image":[{"width":1600,"height":900,"url":"https:\/\/vieassociative.be\/actualites\/wp-content\/uploads\/2024\/09\/1727040350_Formel-3-Bochumer-Lirim-Zendeli-siegt-Beckmann-Dritter.jpeg","type":"image\/jpeg"}],"author":"Julien","twitter_card":"summary_large_image","twitter_misc":{"\u00c9crit par":"Julien","Dur\u00e9e de lecture est.":"2 minutes"},"schema":{"@context":"https:\/\/schema.org","@graph":[{"@type":"Article","@id":"https:\/\/vieassociative.be\/actualites\/formel-3-bochumer-lirim-zendeli-siegt-beckmann-dritter\/#article","isPartOf":{"@id":"https:\/\/vieassociative.be\/actualites\/formel-3-bochumer-lirim-zendeli-siegt-beckmann-dritter\/"},"author":{"name":"Julien","@id":"https:\/\/vieassociative.be\/actualites\/#\/schema\/person\/b87ac4f82f9d4e7b7cec7395b679edc4"},"headline":"Formel 3\u00a0: Bochumer Lirim Zendeli siegt, Beckmann Dritter","datePublished":"2024-09-22T21:25:50+00:00","dateModified":"2024-09-22T21:25:53+00:00","mainEntityOfPage":{"@id":"https:\/\/vieassociative.be\/actualites\/formel-3-bochumer-lirim-zendeli-siegt-beckmann-dritter\/"},"wordCount":325,"publisher":{"@id":"https:\/\/vieassociative.be\/actualites\/#organization"},"image":{"@id":"https:\/\/vieassociative.be\/actualites\/formel-3-bochumer-lirim-zendeli-siegt-beckmann-dritter\/#primaryimage"},"thumbnailUrl":"https:\/\/vieassociative.be\/actualites\/wp-content\/uploads\/2024\/09\/1727040350_Formel-3-Bochumer-Lirim-Zendeli-siegt-Beckmann-Dritter.jpeg","keywords":["Beckmann","Bochumer","Dritter","Formel","Lirim","siegt","Zendeli"],"articleSection":["Belgique"],"inLanguage":"fr-BE"},{"@type":"WebPage","@id":"https:\/\/vieassociative.be\/actualites\/formel-3-bochumer-lirim-zendeli-siegt-beckmann-dritter\/","url":"https:\/\/vieassociative.be\/actualites\/formel-3-bochumer-lirim-zendeli-siegt-beckmann-dritter\/","name":"Formel 3\u00a0: Bochumer Lirim Zendeli siegt, Beckmann Dritter | Vie Associative","isPartOf":{"@id":"https:\/\/vieassociative.be\/actualites\/#website"},"primaryImageOfPage":{"@id":"https:\/\/vieassociative.be\/actualites\/formel-3-bochumer-lirim-zendeli-siegt-beckmann-dritter\/#primaryimage"},"image":{"@id":"https:\/\/vieassociative.be\/actualites\/formel-3-bochumer-lirim-zendeli-siegt-beckmann-dritter\/#primaryimage"},"thumbnailUrl":"https:\/\/vieassociative.be\/actualites\/wp-content\/uploads\/2024\/09\/1727040350_Formel-3-Bochumer-Lirim-Zendeli-siegt-Beckmann-Dritter.jpeg","datePublished":"2024-09-22T21:25:50+00:00","dateModified":"2024-09-22T21:25:53+00:00","breadcrumb":{"@id":"https:\/\/vieassociative.be\/actualites\/formel-3-bochumer-lirim-zendeli-siegt-beckmann-dritter\/#breadcrumb"},"inLanguage":"fr-BE","potentialAction":[{"@type":"ReadAction","target":["https:\/\/vieassociative.be\/actualites\/formel-3-bochumer-lirim-zendeli-siegt-beckmann-dritter\/"]}]},{"@type":"ImageObject","inLanguage":"fr-BE","@id":"https:\/\/vieassociative.be\/actualites\/formel-3-bochumer-lirim-zendeli-siegt-beckmann-dritter\/#primaryimage","url":"https:\/\/vieassociative.be\/actualites\/wp-content\/uploads\/2024\/09\/1727040350_Formel-3-Bochumer-Lirim-Zendeli-siegt-Beckmann-Dritter.jpeg","contentUrl":"https:\/\/vieassociative.be\/actualites\/wp-content\/uploads\/2024\/09\/1727040350_Formel-3-Bochumer-Lirim-Zendeli-siegt-Beckmann-Dritter.jpeg","width":1600,"height":900,"caption":"Formel 3\u00a0: Bochumer Lirim Zendeli siegt, Beckmann Dritter"},{"@type":"BreadcrumbList","@id":"https:\/\/vieassociative.be\/actualites\/formel-3-bochumer-lirim-zendeli-siegt-beckmann-dritter\/#breadcrumb","itemListElement":[{"@type":"ListItem","position":1,"name":"Accueil","item":"https:\/\/vieassociative.be\/actualites\/"},{"@type":"ListItem","position":2,"name":"Formel 3\u00a0: Bochumer Lirim Zendeli siegt, Beckmann Dritter"}]},{"@type":"WebSite","@id":"https:\/\/vieassociative.be\/actualites\/#website","url":"https:\/\/vieassociative.be\/actualites\/","name":"Vie Associative","description":"","publisher":{"@id":"https:\/\/vieassociative.be\/actualites\/#organization"},"potentialAction":[{"@type":"SearchAction","target":{"@type":"EntryPoint","urlTemplate":"https:\/\/vieassociative.be\/actualites\/?s={search_term_string}"},"query-input":{"@type":"PropertyValueSpecification","valueRequired":true,"valueName":"search_term_string"}}],"inLanguage":"fr-BE"},{"@type":"Organization","@id":"https:\/\/vieassociative.be\/actualites\/#organization","name":"Vie Associative","url":"https:\/\/vieassociative.be\/actualites\/","logo":{"@type":"ImageObject","inLanguage":"fr-BE","@id":"https:\/\/vieassociative.be\/actualites\/#\/schema\/logo\/image\/","url":"https:\/\/vieassociative.be\/actualites\/wp-content\/uploads\/2024\/09\/cropped-vieassociative_favicon.ico.png","contentUrl":"https:\/\/vieassociative.be\/actualites\/wp-content\/uploads\/2024\/09\/cropped-vieassociative_favicon.ico.png","width":512,"height":512,"caption":"Vie Associative"},"image":{"@id":"https:\/\/vieassociative.be\/actualites\/#\/schema\/logo\/image\/"}},{"@type":"Person","@id":"https:\/\/vieassociative.be\/actualites\/#\/schema\/person\/b87ac4f82f9d4e7b7cec7395b679edc4","name":"Julien","image":{"@type":"ImageObject","inLanguage":"fr-BE","@id":"https:\/\/vieassociative.be\/actualites\/#\/schema\/person\/image\/","url":"https:\/\/vieassociative.be\/actualites\/wp-content\/uploads\/2024\/09\/vie-associative-1-150x150.jpg","contentUrl":"https:\/\/vieassociative.be\/actualites\/wp-content\/uploads\/2024\/09\/vie-associative-1-150x150.jpg","caption":"Julien"},"description":"Je suis Julien, r\u00e9dacteur pour Vie Associative. Passionn\u00e9 par le monde associatif depuis plus de 10 ans, j'ai \u00e0 c\u0153ur de partager des histoires inspirantes et de mettre en lumi\u00e8re les initiatives locales. Mon objectif est de sensibiliser et d'encourager l'engagement communautaire \u00e0 travers mes articles.","sameAs":["https:\/\/vieassociative.be\/"]}]}},"_links":{"self":[{"href":"https:\/\/vieassociative.be\/actualites\/wp-json\/wp\/v2\/posts\/330"}],"collection":[{"href":"https:\/\/vieassociative.be\/actualites\/wp-json\/wp\/v2\/posts"}],"about":[{"href":"https:\/\/vieassociative.be\/actualites\/wp-json\/wp\/v2\/types\/post"}],"author":[{"embeddable":true,"href":"https:\/\/vieassociative.be\/actualites\/wp-json\/wp\/v2\/users\/1"}],"replies":[{"embeddable":true,"href":"https:\/\/vieassociative.be\/actualites\/wp-json\/wp\/v2\/comments?post=330"}],"version-history":[{"count":1,"href":"https:\/\/vieassociative.be\/actualites\/wp-json\/wp\/v2\/posts\/330\/revisions"}],"predecessor-version":[{"id":332,"href":"https:\/\/vieassociative.be\/actualites\/wp-json\/wp\/v2\/posts\/330\/revisions\/332"}],"wp:featuredmedia":[{"embeddable":true,"href":"https:\/\/vieassociative.be\/actualites\/wp-json\/wp\/v2\/media\/331"}],"wp:attachment":[{"href":"https:\/\/vieassociative.be\/actualites\/wp-json\/wp\/v2\/media?parent=330"}],"wp:term":[{"taxonomy":"category","embeddable":true,"href":"https:\/\/vieassociative.be\/actualites\/wp-json\/wp\/v2\/categories?post=330"},{"taxonomy":"post_tag","embeddable":true,"href":"https:\/\/vieassociative.be\/actualites\/wp-json\/wp\/v2\/tags?post=330"}],"curies":[{"name":"wp","href":"https:\/\/api.w.org\/{rel}","templated":true}]}}