{"id":3299,"date":"2024-12-11T21:17:47","date_gmt":"2024-12-11T20:17:47","guid":{"rendered":"https:\/\/vieassociative.be\/actualites\/un-demi-siecle-de-cyclisme-le-patron-de-lequipe-patrick-lefevere-sen-va\/"},"modified":"2024-12-11T21:17:47","modified_gmt":"2024-12-11T20:17:47","slug":"un-demi-siecle-de-cyclisme-le-patron-de-lequipe-patrick-lefevere-sen-va","status":"publish","type":"post","link":"https:\/\/vieassociative.be\/actualites\/un-demi-siecle-de-cyclisme-le-patron-de-lequipe-patrick-lefevere-sen-va\/","title":{"rendered":"Un demi-si\u00e8cle de cyclisme : le patron de l&rsquo;\u00e9quipe Patrick Lefevere s&rsquo;en va"},"content":{"rendered":"<p><strong>L\u2019une des figures les plus color\u00e9es du cyclisme prend sa retraite. Patrick Lefevere, manager de longue date et actuellement chef d&rsquo;\u00e9quipe du double champion olympique Remco Evenepoel, quittera l&rsquo;\u00e9quipe de course \u00e0 succ\u00e8s Soudal-Quick Step \u00e0 la fin de l&rsquo;ann\u00e9e.<\/strong><\/p>\n<p><span id=\"more-403887\"><\/span>\u00ab Apr\u00e8s 55 ans de cyclisme, il est temps de c\u00e9der ma place. Ce n\u2019est pas un d\u00e9part contraint qui a \u00e9t\u00e9 d\u00e9cid\u00e9 hier ou avant-hier. Il est \u00e9galement ind\u00e9niable que physiquement, je ne suis plus la m\u00eame personne qu&rsquo;il y a 20 ans\u00a0\u00bb, a d\u00e9clar\u00e9 l&rsquo;homme de 69 ans lors d&rsquo;une conf\u00e9rence de presse.<\/p>\n<p>Lefevere, qui c\u00e8de la responsabilit\u00e9 \u00e0 son ancien directeur des op\u00e9rations Jurgen For\u00e9, a fa\u00e7onn\u00e9 le cyclisme en tant que manager pas comme les autres. Apr\u00e8s diverses activit\u00e9s en tant que directeur sportif, le Flamand a fond\u00e9 son \u00e9quipe de course Quick-Step avec d&rsquo;autres partenaires commerciaux et a men\u00e9 l&rsquo;\u00e9quipe au sommet mondial avec pr\u00e8s de 1 000 victoires.<\/p>\n<p>L&rsquo;\u00e9quipe compos\u00e9e de stars comme Paolo Bettini et Tom Boonen a remport\u00e9 de grandes victoires, notamment dans les classiques. Mais des sprinteurs de classe mondiale comme Mark Cavendish et Marcel Kittel et le champion du monde de contre-la-montre Tony Martin ont \u00e9galement encourag\u00e9 son \u00e9quipe. Plus r\u00e9cemment, le double champion du monde Julian Alaphilippe et la jeune star Evenepoel ont fa\u00e7onn\u00e9 l&rsquo;\u00e9quipe.<\/p>\n<p>Avec son style de leadership autoritaire, Lefevere \u00e9tait un homme aux paroles claires, m\u00eame s\u2019il n\u2019\u00e9tait pas sans controverse. En d\u00e9but d&rsquo;ann\u00e9e, il s&rsquo;en prend vivement au Fran\u00e7ais Alaphilippe, qui a quitt\u00e9 l&rsquo;\u00e9quipe en fin de saison. Il a accus\u00e9 son coureur vedette fran\u00e7ais de \u00ab trop faire la f\u00eate, de trop boire \u00bb et d\u2019avoir \u00e9t\u00e9 fortement influenc\u00e9 par sa partenaire et directrice du Tour de France, Marion Rousse. Il s&rsquo;\u00e9tait \u00e9galement d\u00e9j\u00e0 disput\u00e9 avec le p\u00e8re d&rsquo;Evenepoel, Patrick, lors d&rsquo;un changement d&rsquo;\u00e9quipe pr\u00e9coce.<\/p>\n<p>Contrairement \u00e0 beaucoup de ses compagnons, Lefevere a surv\u00e9cu presque indemne \u00e0 la sombre \u00e9poque du dopage dans le cyclisme. Lorsqu&rsquo;un journal lan\u00e7ait un jour de graves accusations dans un article, le Belge intentait une action en justice &#8211; et gagnait. (dpa)<\/p>\n","protected":false},"excerpt":{"rendered":"<p>L\u2019une des figures les plus color\u00e9es du cyclisme prend sa retraite. Patrick Lefevere, manager de longue date et actuellement chef d&rsquo;\u00e9quipe du double champion olympique<\/p>\n","protected":false},"author":1,"featured_media":3300,"comment_status":"","ping_status":"","sticky":false,"template":"","format":"standard","meta":{"footnotes":""},"categories":[298],"tags":[3010,3952,3955,537,3954,3953,3956],"class_list":["post-3299","post","type-post","status-publish","format-standard","has-post-thumbnail","hentry","category-belgique","tag-cyclisme","tag-demisiecle","tag-lefevere","tag-lequipe","tag-patrick","tag-patron","tag-sen","generate-columns","tablet-grid-50","mobile-grid-100","grid-parent","grid-33"],"yoast_head":"<!-- This site is optimized with the Yoast SEO plugin v24.0 - https:\/\/yoast.com\/wordpress\/plugins\/seo\/ -->\n<title>Un demi-si\u00e8cle de cyclisme : le patron de l&#039;\u00e9quipe Patrick Lefevere s&#039;en va | Vie Associative<\/title>\n<meta name=\"robots\" content=\"index, follow, max-snippet:-1, max-image-preview:large, max-video-preview:-1\" \/>\n<link rel=\"canonical\" href=\"https:\/\/vieassociative.be\/actualites\/un-demi-siecle-de-cyclisme-le-patron-de-lequipe-patrick-lefevere-sen-va\/\" \/>\n<meta property=\"og:locale\" content=\"fr_FR\" \/>\n<meta property=\"og:type\" content=\"article\" \/>\n<meta property=\"og:title\" content=\"Un demi-si\u00e8cle de cyclisme : le patron de l&#039;\u00e9quipe Patrick Lefevere s&#039;en va | Vie Associative\" \/>\n<meta property=\"og:description\" content=\"L\u2019une des figures les plus color\u00e9es du cyclisme prend sa retraite. Patrick Lefevere, manager de longue date et actuellement chef d&rsquo;\u00e9quipe du double champion olympique\" \/>\n<meta property=\"og:url\" content=\"https:\/\/vieassociative.be\/actualites\/un-demi-siecle-de-cyclisme-le-patron-de-lequipe-patrick-lefevere-sen-va\/\" \/>\n<meta property=\"og:site_name\" content=\"Vie Associative\" \/>\n<meta property=\"article:published_time\" content=\"2024-12-11T20:17:47+00:00\" \/>\n<meta property=\"og:image\" content=\"https:\/\/vieassociative.be\/actualites\/wp-content\/uploads\/2024\/09\/header_backgroundk-01-e1726694325946.png\" \/>\n\t<meta property=\"og:image:width\" content=\"279\" \/>\n\t<meta property=\"og:image:height\" content=\"92\" \/>\n\t<meta property=\"og:image:type\" content=\"image\/png\" \/>\n<meta name=\"author\" content=\"Julien\" \/>\n<meta name=\"twitter:card\" content=\"summary_large_image\" \/>\n<meta name=\"twitter:label1\" content=\"\u00c9crit par\" \/>\n\t<meta name=\"twitter:data1\" content=\"Julien\" \/>\n\t<meta name=\"twitter:label2\" content=\"Dur\u00e9e de lecture est.\" \/>\n\t<meta name=\"twitter:data2\" content=\"2 minutes\" \/>\n<script type=\"application\/ld+json\" class=\"yoast-schema-graph\">{\"@context\":\"https:\/\/schema.org\",\"@graph\":[{\"@type\":\"Article\",\"@id\":\"https:\/\/vieassociative.be\/actualites\/un-demi-siecle-de-cyclisme-le-patron-de-lequipe-patrick-lefevere-sen-va\/#article\",\"isPartOf\":{\"@id\":\"https:\/\/vieassociative.be\/actualites\/un-demi-siecle-de-cyclisme-le-patron-de-lequipe-patrick-lefevere-sen-va\/\"},\"author\":{\"name\":\"Julien\",\"@id\":\"https:\/\/vieassociative.be\/actualites\/#\/schema\/person\/b87ac4f82f9d4e7b7cec7395b679edc4\"},\"headline\":\"Un demi-si\u00e8cle de cyclisme : le patron de l&rsquo;\u00e9quipe Patrick Lefevere s&rsquo;en va\",\"datePublished\":\"2024-12-11T20:17:47+00:00\",\"dateModified\":\"2024-12-11T20:17:47+00:00\",\"mainEntityOfPage\":{\"@id\":\"https:\/\/vieassociative.be\/actualites\/un-demi-siecle-de-cyclisme-le-patron-de-lequipe-patrick-lefevere-sen-va\/\"},\"wordCount\":399,\"publisher\":{\"@id\":\"https:\/\/vieassociative.be\/actualites\/#organization\"},\"image\":{\"@id\":\"https:\/\/vieassociative.be\/actualites\/un-demi-siecle-de-cyclisme-le-patron-de-lequipe-patrick-lefevere-sen-va\/#primaryimage\"},\"thumbnailUrl\":\"https:\/\/vieassociative.be\/actualites\/wp-content\/uploads\/2024\/12\/Un-demi-siecle-de-cyclisme-le-patron-de-lequipe-Patrick.jpg\",\"keywords\":[\"cyclisme\",\"demisi\u00e8cle\",\"Lefevere\",\"l\u00e9quipe\",\"Patrick\",\"patron\",\"sen\"],\"articleSection\":[\"Belgique\"],\"inLanguage\":\"fr-BE\"},{\"@type\":\"WebPage\",\"@id\":\"https:\/\/vieassociative.be\/actualites\/un-demi-siecle-de-cyclisme-le-patron-de-lequipe-patrick-lefevere-sen-va\/\",\"url\":\"https:\/\/vieassociative.be\/actualites\/un-demi-siecle-de-cyclisme-le-patron-de-lequipe-patrick-lefevere-sen-va\/\",\"name\":\"Un demi-si\u00e8cle de cyclisme : le patron de l'\u00e9quipe Patrick Lefevere s'en va | Vie Associative\",\"isPartOf\":{\"@id\":\"https:\/\/vieassociative.be\/actualites\/#website\"},\"primaryImageOfPage\":{\"@id\":\"https:\/\/vieassociative.be\/actualites\/un-demi-siecle-de-cyclisme-le-patron-de-lequipe-patrick-lefevere-sen-va\/#primaryimage\"},\"image\":{\"@id\":\"https:\/\/vieassociative.be\/actualites\/un-demi-siecle-de-cyclisme-le-patron-de-lequipe-patrick-lefevere-sen-va\/#primaryimage\"},\"thumbnailUrl\":\"https:\/\/vieassociative.be\/actualites\/wp-content\/uploads\/2024\/12\/Un-demi-siecle-de-cyclisme-le-patron-de-lequipe-Patrick.jpg\",\"datePublished\":\"2024-12-11T20:17:47+00:00\",\"dateModified\":\"2024-12-11T20:17:47+00:00\",\"breadcrumb\":{\"@id\":\"https:\/\/vieassociative.be\/actualites\/un-demi-siecle-de-cyclisme-le-patron-de-lequipe-patrick-lefevere-sen-va\/#breadcrumb\"},\"inLanguage\":\"fr-BE\",\"potentialAction\":[{\"@type\":\"ReadAction\",\"target\":[\"https:\/\/vieassociative.be\/actualites\/un-demi-siecle-de-cyclisme-le-patron-de-lequipe-patrick-lefevere-sen-va\/\"]}]},{\"@type\":\"ImageObject\",\"inLanguage\":\"fr-BE\",\"@id\":\"https:\/\/vieassociative.be\/actualites\/un-demi-siecle-de-cyclisme-le-patron-de-lequipe-patrick-lefevere-sen-va\/#primaryimage\",\"url\":\"https:\/\/vieassociative.be\/actualites\/wp-content\/uploads\/2024\/12\/Un-demi-siecle-de-cyclisme-le-patron-de-lequipe-Patrick.jpg\",\"contentUrl\":\"https:\/\/vieassociative.be\/actualites\/wp-content\/uploads\/2024\/12\/Un-demi-siecle-de-cyclisme-le-patron-de-lequipe-Patrick.jpg\",\"width\":800,\"height\":1200,\"caption\":\"Un demi-si\u00e8cle de cyclisme : le patron de l'\u00e9quipe Patrick Lefevere s'en va\"},{\"@type\":\"BreadcrumbList\",\"@id\":\"https:\/\/vieassociative.be\/actualites\/un-demi-siecle-de-cyclisme-le-patron-de-lequipe-patrick-lefevere-sen-va\/#breadcrumb\",\"itemListElement\":[{\"@type\":\"ListItem\",\"position\":1,\"name\":\"Accueil\",\"item\":\"https:\/\/vieassociative.be\/actualites\/\"},{\"@type\":\"ListItem\",\"position\":2,\"name\":\"Un demi-si\u00e8cle de cyclisme : le patron de l&rsquo;\u00e9quipe Patrick Lefevere s&rsquo;en va\"}]},{\"@type\":\"WebSite\",\"@id\":\"https:\/\/vieassociative.be\/actualites\/#website\",\"url\":\"https:\/\/vieassociative.be\/actualites\/\",\"name\":\"Vie Associative\",\"description\":\"\",\"publisher\":{\"@id\":\"https:\/\/vieassociative.be\/actualites\/#organization\"},\"potentialAction\":[{\"@type\":\"SearchAction\",\"target\":{\"@type\":\"EntryPoint\",\"urlTemplate\":\"https:\/\/vieassociative.be\/actualites\/?s={search_term_string}\"},\"query-input\":{\"@type\":\"PropertyValueSpecification\",\"valueRequired\":true,\"valueName\":\"search_term_string\"}}],\"inLanguage\":\"fr-BE\"},{\"@type\":\"Organization\",\"@id\":\"https:\/\/vieassociative.be\/actualites\/#organization\",\"name\":\"Vie Associative\",\"url\":\"https:\/\/vieassociative.be\/actualites\/\",\"logo\":{\"@type\":\"ImageObject\",\"inLanguage\":\"fr-BE\",\"@id\":\"https:\/\/vieassociative.be\/actualites\/#\/schema\/logo\/image\/\",\"url\":\"https:\/\/vieassociative.be\/actualites\/wp-content\/uploads\/2024\/09\/cropped-vieassociative_favicon.ico.png\",\"contentUrl\":\"https:\/\/vieassociative.be\/actualites\/wp-content\/uploads\/2024\/09\/cropped-vieassociative_favicon.ico.png\",\"width\":512,\"height\":512,\"caption\":\"Vie Associative\"},\"image\":{\"@id\":\"https:\/\/vieassociative.be\/actualites\/#\/schema\/logo\/image\/\"}},{\"@type\":\"Person\",\"@id\":\"https:\/\/vieassociative.be\/actualites\/#\/schema\/person\/b87ac4f82f9d4e7b7cec7395b679edc4\",\"name\":\"Julien\",\"image\":{\"@type\":\"ImageObject\",\"inLanguage\":\"fr-BE\",\"@id\":\"https:\/\/vieassociative.be\/actualites\/#\/schema\/person\/image\/\",\"url\":\"https:\/\/vieassociative.be\/actualites\/wp-content\/uploads\/2024\/09\/vie-associative-1-150x150.jpg\",\"contentUrl\":\"https:\/\/vieassociative.be\/actualites\/wp-content\/uploads\/2024\/09\/vie-associative-1-150x150.jpg\",\"caption\":\"Julien\"},\"description\":\"Je suis Julien, r\u00e9dacteur pour Vie Associative. Passionn\u00e9 par le monde associatif depuis plus de 10 ans, j'ai \u00e0 c\u0153ur de partager des histoires inspirantes et de mettre en lumi\u00e8re les initiatives locales. Mon objectif est de sensibiliser et d'encourager l'engagement communautaire \u00e0 travers mes articles.\",\"sameAs\":[\"https:\/\/vieassociative.be\/\"]}]}<\/script>\n<!-- \/ Yoast SEO plugin. -->","yoast_head_json":{"title":"Un demi-si\u00e8cle de cyclisme : le patron de l'\u00e9quipe Patrick Lefevere s'en va | Vie Associative","robots":{"index":"index","follow":"follow","max-snippet":"max-snippet:-1","max-image-preview":"max-image-preview:large","max-video-preview":"max-video-preview:-1"},"canonical":"https:\/\/vieassociative.be\/actualites\/un-demi-siecle-de-cyclisme-le-patron-de-lequipe-patrick-lefevere-sen-va\/","og_locale":"fr_FR","og_type":"article","og_title":"Un demi-si\u00e8cle de cyclisme : le patron de l'\u00e9quipe Patrick Lefevere s'en va | Vie Associative","og_description":"L\u2019une des figures les plus color\u00e9es du cyclisme prend sa retraite. Patrick Lefevere, manager de longue date et actuellement chef d&rsquo;\u00e9quipe du double champion olympique","og_url":"https:\/\/vieassociative.be\/actualites\/un-demi-siecle-de-cyclisme-le-patron-de-lequipe-patrick-lefevere-sen-va\/","og_site_name":"Vie Associative","article_published_time":"2024-12-11T20:17:47+00:00","og_image":[{"width":279,"height":92,"url":"https:\/\/vieassociative.be\/actualites\/wp-content\/uploads\/2024\/09\/header_backgroundk-01-e1726694325946.png","type":"image\/png"}],"author":"Julien","twitter_card":"summary_large_image","twitter_misc":{"\u00c9crit par":"Julien","Dur\u00e9e de lecture est.":"2 minutes"},"schema":{"@context":"https:\/\/schema.org","@graph":[{"@type":"Article","@id":"https:\/\/vieassociative.be\/actualites\/un-demi-siecle-de-cyclisme-le-patron-de-lequipe-patrick-lefevere-sen-va\/#article","isPartOf":{"@id":"https:\/\/vieassociative.be\/actualites\/un-demi-siecle-de-cyclisme-le-patron-de-lequipe-patrick-lefevere-sen-va\/"},"author":{"name":"Julien","@id":"https:\/\/vieassociative.be\/actualites\/#\/schema\/person\/b87ac4f82f9d4e7b7cec7395b679edc4"},"headline":"Un demi-si\u00e8cle de cyclisme : le patron de l&rsquo;\u00e9quipe Patrick Lefevere s&rsquo;en va","datePublished":"2024-12-11T20:17:47+00:00","dateModified":"2024-12-11T20:17:47+00:00","mainEntityOfPage":{"@id":"https:\/\/vieassociative.be\/actualites\/un-demi-siecle-de-cyclisme-le-patron-de-lequipe-patrick-lefevere-sen-va\/"},"wordCount":399,"publisher":{"@id":"https:\/\/vieassociative.be\/actualites\/#organization"},"image":{"@id":"https:\/\/vieassociative.be\/actualites\/un-demi-siecle-de-cyclisme-le-patron-de-lequipe-patrick-lefevere-sen-va\/#primaryimage"},"thumbnailUrl":"https:\/\/vieassociative.be\/actualites\/wp-content\/uploads\/2024\/12\/Un-demi-siecle-de-cyclisme-le-patron-de-lequipe-Patrick.jpg","keywords":["cyclisme","demisi\u00e8cle","Lefevere","l\u00e9quipe","Patrick","patron","sen"],"articleSection":["Belgique"],"inLanguage":"fr-BE"},{"@type":"WebPage","@id":"https:\/\/vieassociative.be\/actualites\/un-demi-siecle-de-cyclisme-le-patron-de-lequipe-patrick-lefevere-sen-va\/","url":"https:\/\/vieassociative.be\/actualites\/un-demi-siecle-de-cyclisme-le-patron-de-lequipe-patrick-lefevere-sen-va\/","name":"Un demi-si\u00e8cle de cyclisme : le patron de l'\u00e9quipe Patrick Lefevere s'en va | Vie Associative","isPartOf":{"@id":"https:\/\/vieassociative.be\/actualites\/#website"},"primaryImageOfPage":{"@id":"https:\/\/vieassociative.be\/actualites\/un-demi-siecle-de-cyclisme-le-patron-de-lequipe-patrick-lefevere-sen-va\/#primaryimage"},"image":{"@id":"https:\/\/vieassociative.be\/actualites\/un-demi-siecle-de-cyclisme-le-patron-de-lequipe-patrick-lefevere-sen-va\/#primaryimage"},"thumbnailUrl":"https:\/\/vieassociative.be\/actualites\/wp-content\/uploads\/2024\/12\/Un-demi-siecle-de-cyclisme-le-patron-de-lequipe-Patrick.jpg","datePublished":"2024-12-11T20:17:47+00:00","dateModified":"2024-12-11T20:17:47+00:00","breadcrumb":{"@id":"https:\/\/vieassociative.be\/actualites\/un-demi-siecle-de-cyclisme-le-patron-de-lequipe-patrick-lefevere-sen-va\/#breadcrumb"},"inLanguage":"fr-BE","potentialAction":[{"@type":"ReadAction","target":["https:\/\/vieassociative.be\/actualites\/un-demi-siecle-de-cyclisme-le-patron-de-lequipe-patrick-lefevere-sen-va\/"]}]},{"@type":"ImageObject","inLanguage":"fr-BE","@id":"https:\/\/vieassociative.be\/actualites\/un-demi-siecle-de-cyclisme-le-patron-de-lequipe-patrick-lefevere-sen-va\/#primaryimage","url":"https:\/\/vieassociative.be\/actualites\/wp-content\/uploads\/2024\/12\/Un-demi-siecle-de-cyclisme-le-patron-de-lequipe-Patrick.jpg","contentUrl":"https:\/\/vieassociative.be\/actualites\/wp-content\/uploads\/2024\/12\/Un-demi-siecle-de-cyclisme-le-patron-de-lequipe-Patrick.jpg","width":800,"height":1200,"caption":"Un demi-si\u00e8cle de cyclisme : le patron de l'\u00e9quipe Patrick Lefevere s'en va"},{"@type":"BreadcrumbList","@id":"https:\/\/vieassociative.be\/actualites\/un-demi-siecle-de-cyclisme-le-patron-de-lequipe-patrick-lefevere-sen-va\/#breadcrumb","itemListElement":[{"@type":"ListItem","position":1,"name":"Accueil","item":"https:\/\/vieassociative.be\/actualites\/"},{"@type":"ListItem","position":2,"name":"Un demi-si\u00e8cle de cyclisme : le patron de l&rsquo;\u00e9quipe Patrick Lefevere s&rsquo;en va"}]},{"@type":"WebSite","@id":"https:\/\/vieassociative.be\/actualites\/#website","url":"https:\/\/vieassociative.be\/actualites\/","name":"Vie Associative","description":"","publisher":{"@id":"https:\/\/vieassociative.be\/actualites\/#organization"},"potentialAction":[{"@type":"SearchAction","target":{"@type":"EntryPoint","urlTemplate":"https:\/\/vieassociative.be\/actualites\/?s={search_term_string}"},"query-input":{"@type":"PropertyValueSpecification","valueRequired":true,"valueName":"search_term_string"}}],"inLanguage":"fr-BE"},{"@type":"Organization","@id":"https:\/\/vieassociative.be\/actualites\/#organization","name":"Vie Associative","url":"https:\/\/vieassociative.be\/actualites\/","logo":{"@type":"ImageObject","inLanguage":"fr-BE","@id":"https:\/\/vieassociative.be\/actualites\/#\/schema\/logo\/image\/","url":"https:\/\/vieassociative.be\/actualites\/wp-content\/uploads\/2024\/09\/cropped-vieassociative_favicon.ico.png","contentUrl":"https:\/\/vieassociative.be\/actualites\/wp-content\/uploads\/2024\/09\/cropped-vieassociative_favicon.ico.png","width":512,"height":512,"caption":"Vie Associative"},"image":{"@id":"https:\/\/vieassociative.be\/actualites\/#\/schema\/logo\/image\/"}},{"@type":"Person","@id":"https:\/\/vieassociative.be\/actualites\/#\/schema\/person\/b87ac4f82f9d4e7b7cec7395b679edc4","name":"Julien","image":{"@type":"ImageObject","inLanguage":"fr-BE","@id":"https:\/\/vieassociative.be\/actualites\/#\/schema\/person\/image\/","url":"https:\/\/vieassociative.be\/actualites\/wp-content\/uploads\/2024\/09\/vie-associative-1-150x150.jpg","contentUrl":"https:\/\/vieassociative.be\/actualites\/wp-content\/uploads\/2024\/09\/vie-associative-1-150x150.jpg","caption":"Julien"},"description":"Je suis Julien, r\u00e9dacteur pour Vie Associative. Passionn\u00e9 par le monde associatif depuis plus de 10 ans, j'ai \u00e0 c\u0153ur de partager des histoires inspirantes et de mettre en lumi\u00e8re les initiatives locales. Mon objectif est de sensibiliser et d'encourager l'engagement communautaire \u00e0 travers mes articles.","sameAs":["https:\/\/vieassociative.be\/"]}]}},"_links":{"self":[{"href":"https:\/\/vieassociative.be\/actualites\/wp-json\/wp\/v2\/posts\/3299"}],"collection":[{"href":"https:\/\/vieassociative.be\/actualites\/wp-json\/wp\/v2\/posts"}],"about":[{"href":"https:\/\/vieassociative.be\/actualites\/wp-json\/wp\/v2\/types\/post"}],"author":[{"embeddable":true,"href":"https:\/\/vieassociative.be\/actualites\/wp-json\/wp\/v2\/users\/1"}],"replies":[{"embeddable":true,"href":"https:\/\/vieassociative.be\/actualites\/wp-json\/wp\/v2\/comments?post=3299"}],"version-history":[{"count":0,"href":"https:\/\/vieassociative.be\/actualites\/wp-json\/wp\/v2\/posts\/3299\/revisions"}],"wp:featuredmedia":[{"embeddable":true,"href":"https:\/\/vieassociative.be\/actualites\/wp-json\/wp\/v2\/media\/3300"}],"wp:attachment":[{"href":"https:\/\/vieassociative.be\/actualites\/wp-json\/wp\/v2\/media?parent=3299"}],"wp:term":[{"taxonomy":"category","embeddable":true,"href":"https:\/\/vieassociative.be\/actualites\/wp-json\/wp\/v2\/categories?post=3299"},{"taxonomy":"post_tag","embeddable":true,"href":"https:\/\/vieassociative.be\/actualites\/wp-json\/wp\/v2\/tags?post=3299"}],"curies":[{"name":"wp","href":"https:\/\/api.w.org\/{rel}","templated":true}]}}