{"id":3294,"date":"2024-12-11T18:24:47","date_gmt":"2024-12-11T17:24:47","guid":{"rendered":"https:\/\/vieassociative.be\/actualites\/comment-reconnaitre-les-signes-dun-trouble-de-lalimentation-chez-les-enfants-et-les-adolescents\/"},"modified":"2024-12-11T18:24:47","modified_gmt":"2024-12-11T17:24:47","slug":"comment-reconnaitre-les-signes-dun-trouble-de-lalimentation-chez-les-enfants-et-les-adolescents","status":"publish","type":"post","link":"https:\/\/vieassociative.be\/actualites\/comment-reconnaitre-les-signes-dun-trouble-de-lalimentation-chez-les-enfants-et-les-adolescents\/","title":{"rendered":"Comment reconna\u00eetre les signes d&rsquo;un trouble de l&rsquo;alimentation chez les enfants et les adolescents"},"content":{"rendered":"<div class=\"mt-4 leading-6 md:mb-8\">Les troubles alimentaires chez les enfants et les adolescents sont en augmentation. Voici comment rep\u00e9rer les signes.<\/div>\n<p><\/p>\n<p>Les troubles de l\u2019alimentation chez les enfants et les adolescents sont en augmentation deux ans apr\u00e8s le d\u00e9but de la pand\u00e9mie de COVID-19, avec des taux d\u2019hospitalisation trois fois plus \u00e9lev\u00e9s qu\u2019auparavant. M\u00eame les enfants \u00e2g\u00e9s d&rsquo;\u00e0 peine huit ou neuf ans sont touch\u00e9s, selon une \u00e9tude men\u00e9e dans six h\u00f4pitaux canadiens.<\/p>\n<p>\u00ab\u00a0Le plus souvent, nous constatons (des troubles de l&rsquo;alimentation) chez les jeunes adolescents, mais nous les constatons chez les enfants de 8, 9 ou 10 ans, plus que ce que nous avons vu dans le pass\u00e9\u00a0\u00bb, a d\u00e9clar\u00e9 Catherine Gordon, pr\u00e9sidente de p\u00e9diatrie au Baylor College of Medicine et p\u00e9diatre en chef au Texas Children&rsquo;s Hospital. <\/p>\n<p>Dans cette optique, il est important d\u2019\u00eatre conscient des signes d\u2019un trouble de l\u2019alimentation, car une d\u00e9tection pr\u00e9coce peut aider \u00e0 pr\u00e9venir des complications plus graves \u00e0 long terme. Si vous d\u00e9tectez tr\u00e8s t\u00f4t le trouble alimentaire naissant chez un enfant, a d\u00e9clar\u00e9 Gordon, \u00ab vous pouvez l&rsquo;amener \u00e0 se sentir mieux dans sa peau et dans son alimentation, et \u00e0 \u00e9viter certaines (complications) \u00e0 long terme. \u00bb<\/p>\n<h2 id=\"warning-signs-of-an-eating-disorder\"><strong>Signes avant-coureurs d&rsquo;un trouble de l&rsquo;alimentation<\/strong> <\/h2>\n<p>Certains des signes d\u2019un trouble de l\u2019alimentation comprennent\u00a0:  <\/p>\n<ul>\n<li>\n<p>sauter des repas <\/p>\n<\/li>\n<li>\n<p>exercice compulsif, surtout apr\u00e8s avoir mang\u00e9 <\/p>\n<\/li>\n<li>\n<p>des habitudes alimentaires tr\u00e8s restreintes, comme \u00e9liminer des groupes entiers d&rsquo;aliments ou ne manger qu&rsquo;\u00e0 des moments tr\u00e8s pr\u00e9cis <\/p>\n<\/li>\n<li>\n<p>parler de manger mais seulement choisir aux repas <\/p>\n<\/li>\n<li>\n<p>consommer des boissons tr\u00e8s caf\u00e9in\u00e9es comme coupe-faim <\/p>\n<\/li>\n<\/ul>\n<p>\u00ab\u00a0Le besoin de faire de l&rsquo;exercice tous les jours ou apr\u00e8s les repas peut \u00eatre un signe d&rsquo;avertissement\u00a0\u00bb, a d\u00e9clar\u00e9 Gordon. \u00ab\u00a0Un enfant ou un adolescent qui mangeait bien, qui ne mange plus bien ou qui trouve beaucoup d&rsquo;excuses pour ne pas manger, c&rsquo;est souvent un signal d&rsquo;alarme.\u00a0\u00bb  <\/p>\n<p>Elle a ajout\u00e9 : \u00ab La plupart des patients que j\u2019ai trait\u00e9s pour des troubles de l\u2019alimentation pr\u00e9sentent un \u00e9l\u00e9ment d\u2019anxi\u00e9t\u00e9, de d\u00e9pression ou les deux. \u00bb Recherchez des signes d&rsquo;anxi\u00e9t\u00e9 et de d\u00e9pression, comme un comportement renferm\u00e9 ou une perte d&rsquo;int\u00e9r\u00eat pour le plaisir.<\/p>\n<h2 id=\"how-to-talk-with-your-child-about-what-is-going-on\"><strong>Comment parler avec votre enfant de ce qui se passe<\/strong> <\/h2>\n<p>Si votre enfant commence \u00e0 montrer des signes d\u2019un trouble de l\u2019alimentation, il est important d\u2019\u00eatre proactif. Les recommandations de Gordon sont de passer d&rsquo;abord du temps \u00e0 parler patiemment avec votre enfant de ce qui se passe dans sa vie. <\/p>\n<p>\u00ab Asseyez-vous avec eux et posez des questions ouvertes. Cela peut vraiment prendre du temps pour qu\u2019ils s\u2019ouvrent et vous r\u00e9v\u00e8lent ce qu\u2019ils ressentent \u00bb, a d\u00e9clar\u00e9 Gordon. \u00ab\u00a0Plus vous validez leurs sentiments, plus ils se sentiront \u00e0 l&rsquo;aise de s&rsquo;ouvrir.\u00a0\u00bb Si votre enfant a du mal \u00e0 s&rsquo;ouvrir \u00e0 vous, envisagez de trouver quelqu&rsquo;un d&rsquo;autre avec qui il se sent \u00e0 l&rsquo;aise pour parler, comme un conseiller scolaire, un th\u00e9rapeute ou votre p\u00e9diatre.  <\/p>\n<p>Si votre enfant souffre d\u2019un trouble de l\u2019alimentation, demandez l\u2019aide de professionnels exp\u00e9riment\u00e9s. Votre p\u00e9diatre est un bon point de d\u00e9part, car il peut vous orienter vers des sp\u00e9cialistes et rechercher plus de ressources aupr\u00e8s de la National Eating Disorders Association. <\/p>\n","protected":false},"excerpt":{"rendered":"<p>Les troubles alimentaires chez les enfants et les adolescents sont en augmentation. Voici comment rep\u00e9rer les signes. Les troubles de l\u2019alimentation chez les enfants et<\/p>\n","protected":false},"author":1,"featured_media":3295,"comment_status":"","ping_status":"","sticky":false,"template":"","format":"standard","meta":{"footnotes":""},"categories":[37],"tags":[869,1287,44,354,324,3951,14,1285,1140,2722],"class_list":["post-3294","post","type-post","status-publish","format-standard","has-post-thumbnail","hentry","category-famille","tag-adolescents","tag-chez","tag-comment","tag-dun","tag-enfants","tag-lalimentation","tag-les","tag-reconnaitre","tag-signes","tag-trouble","generate-columns","tablet-grid-50","mobile-grid-100","grid-parent","grid-33"],"yoast_head":"<!-- This site is optimized with the Yoast SEO plugin v24.0 - https:\/\/yoast.com\/wordpress\/plugins\/seo\/ -->\n<title>Comment reconna\u00eetre les signes d&#039;un trouble de l&#039;alimentation chez les enfants et les adolescents | Vie Associative<\/title>\n<meta name=\"robots\" content=\"index, follow, max-snippet:-1, max-image-preview:large, max-video-preview:-1\" \/>\n<link rel=\"canonical\" href=\"https:\/\/vieassociative.be\/actualites\/comment-reconnaitre-les-signes-dun-trouble-de-lalimentation-chez-les-enfants-et-les-adolescents\/\" \/>\n<meta property=\"og:locale\" content=\"fr_FR\" \/>\n<meta property=\"og:type\" content=\"article\" \/>\n<meta property=\"og:title\" content=\"Comment reconna\u00eetre les signes d&#039;un trouble de l&#039;alimentation chez les enfants et les adolescents | Vie Associative\" \/>\n<meta property=\"og:description\" content=\"Les troubles alimentaires chez les enfants et les adolescents sont en augmentation. Voici comment rep\u00e9rer les signes. Les troubles de l\u2019alimentation chez les enfants et\" \/>\n<meta property=\"og:url\" content=\"https:\/\/vieassociative.be\/actualites\/comment-reconnaitre-les-signes-dun-trouble-de-lalimentation-chez-les-enfants-et-les-adolescents\/\" \/>\n<meta property=\"og:site_name\" content=\"Vie Associative\" \/>\n<meta property=\"article:published_time\" content=\"2024-12-11T17:24:47+00:00\" \/>\n<meta property=\"og:image\" content=\"https:\/\/vieassociative.be\/actualites\/wp-content\/uploads\/2024\/09\/header_backgroundk-01-e1726694325946.png\" \/>\n\t<meta property=\"og:image:width\" content=\"279\" \/>\n\t<meta property=\"og:image:height\" content=\"92\" \/>\n\t<meta property=\"og:image:type\" content=\"image\/png\" \/>\n<meta name=\"author\" content=\"Julien\" \/>\n<meta name=\"twitter:card\" content=\"summary_large_image\" \/>\n<meta name=\"twitter:label1\" content=\"\u00c9crit par\" \/>\n\t<meta name=\"twitter:data1\" content=\"Julien\" \/>\n\t<meta name=\"twitter:label2\" content=\"Dur\u00e9e de lecture est.\" \/>\n\t<meta name=\"twitter:data2\" content=\"3 minutes\" \/>\n<script type=\"application\/ld+json\" class=\"yoast-schema-graph\">{\"@context\":\"https:\/\/schema.org\",\"@graph\":[{\"@type\":\"Article\",\"@id\":\"https:\/\/vieassociative.be\/actualites\/comment-reconnaitre-les-signes-dun-trouble-de-lalimentation-chez-les-enfants-et-les-adolescents\/#article\",\"isPartOf\":{\"@id\":\"https:\/\/vieassociative.be\/actualites\/comment-reconnaitre-les-signes-dun-trouble-de-lalimentation-chez-les-enfants-et-les-adolescents\/\"},\"author\":{\"name\":\"Julien\",\"@id\":\"https:\/\/vieassociative.be\/actualites\/#\/schema\/person\/b87ac4f82f9d4e7b7cec7395b679edc4\"},\"headline\":\"Comment reconna\u00eetre les signes d&rsquo;un trouble de l&rsquo;alimentation chez les enfants et les adolescents\",\"datePublished\":\"2024-12-11T17:24:47+00:00\",\"dateModified\":\"2024-12-11T17:24:47+00:00\",\"mainEntityOfPage\":{\"@id\":\"https:\/\/vieassociative.be\/actualites\/comment-reconnaitre-les-signes-dun-trouble-de-lalimentation-chez-les-enfants-et-les-adolescents\/\"},\"wordCount\":595,\"publisher\":{\"@id\":\"https:\/\/vieassociative.be\/actualites\/#organization\"},\"image\":{\"@id\":\"https:\/\/vieassociative.be\/actualites\/comment-reconnaitre-les-signes-dun-trouble-de-lalimentation-chez-les-enfants-et-les-adolescents\/#primaryimage\"},\"thumbnailUrl\":\"https:\/\/vieassociative.be\/actualites\/wp-content\/uploads\/2024\/12\/Comment-reconnaitre-les-signes-dun-trouble-de-lalimentation-chez-les.jpg\",\"keywords\":[\"adolescents\",\"chez\",\"Comment\",\"dun\",\"enfants\",\"lalimentation\",\"Les\",\"reconna\u00eetre\",\"signes\",\"trouble\"],\"articleSection\":[\"Famille\"],\"inLanguage\":\"fr-BE\"},{\"@type\":\"WebPage\",\"@id\":\"https:\/\/vieassociative.be\/actualites\/comment-reconnaitre-les-signes-dun-trouble-de-lalimentation-chez-les-enfants-et-les-adolescents\/\",\"url\":\"https:\/\/vieassociative.be\/actualites\/comment-reconnaitre-les-signes-dun-trouble-de-lalimentation-chez-les-enfants-et-les-adolescents\/\",\"name\":\"Comment reconna\u00eetre les signes d'un trouble de l'alimentation chez les enfants et les adolescents | Vie Associative\",\"isPartOf\":{\"@id\":\"https:\/\/vieassociative.be\/actualites\/#website\"},\"primaryImageOfPage\":{\"@id\":\"https:\/\/vieassociative.be\/actualites\/comment-reconnaitre-les-signes-dun-trouble-de-lalimentation-chez-les-enfants-et-les-adolescents\/#primaryimage\"},\"image\":{\"@id\":\"https:\/\/vieassociative.be\/actualites\/comment-reconnaitre-les-signes-dun-trouble-de-lalimentation-chez-les-enfants-et-les-adolescents\/#primaryimage\"},\"thumbnailUrl\":\"https:\/\/vieassociative.be\/actualites\/wp-content\/uploads\/2024\/12\/Comment-reconnaitre-les-signes-dun-trouble-de-lalimentation-chez-les.jpg\",\"datePublished\":\"2024-12-11T17:24:47+00:00\",\"dateModified\":\"2024-12-11T17:24:47+00:00\",\"breadcrumb\":{\"@id\":\"https:\/\/vieassociative.be\/actualites\/comment-reconnaitre-les-signes-dun-trouble-de-lalimentation-chez-les-enfants-et-les-adolescents\/#breadcrumb\"},\"inLanguage\":\"fr-BE\",\"potentialAction\":[{\"@type\":\"ReadAction\",\"target\":[\"https:\/\/vieassociative.be\/actualites\/comment-reconnaitre-les-signes-dun-trouble-de-lalimentation-chez-les-enfants-et-les-adolescents\/\"]}]},{\"@type\":\"ImageObject\",\"inLanguage\":\"fr-BE\",\"@id\":\"https:\/\/vieassociative.be\/actualites\/comment-reconnaitre-les-signes-dun-trouble-de-lalimentation-chez-les-enfants-et-les-adolescents\/#primaryimage\",\"url\":\"https:\/\/vieassociative.be\/actualites\/wp-content\/uploads\/2024\/12\/Comment-reconnaitre-les-signes-dun-trouble-de-lalimentation-chez-les.jpg\",\"contentUrl\":\"https:\/\/vieassociative.be\/actualites\/wp-content\/uploads\/2024\/12\/Comment-reconnaitre-les-signes-dun-trouble-de-lalimentation-chez-les.jpg\",\"width\":1199,\"height\":675,\"caption\":\"Comment reconna\u00eetre les signes d'un trouble de l'alimentation chez les enfants et les adolescents\"},{\"@type\":\"BreadcrumbList\",\"@id\":\"https:\/\/vieassociative.be\/actualites\/comment-reconnaitre-les-signes-dun-trouble-de-lalimentation-chez-les-enfants-et-les-adolescents\/#breadcrumb\",\"itemListElement\":[{\"@type\":\"ListItem\",\"position\":1,\"name\":\"Accueil\",\"item\":\"https:\/\/vieassociative.be\/actualites\/\"},{\"@type\":\"ListItem\",\"position\":2,\"name\":\"Comment reconna\u00eetre les signes d&rsquo;un trouble de l&rsquo;alimentation chez les enfants et les adolescents\"}]},{\"@type\":\"WebSite\",\"@id\":\"https:\/\/vieassociative.be\/actualites\/#website\",\"url\":\"https:\/\/vieassociative.be\/actualites\/\",\"name\":\"Vie Associative\",\"description\":\"\",\"publisher\":{\"@id\":\"https:\/\/vieassociative.be\/actualites\/#organization\"},\"potentialAction\":[{\"@type\":\"SearchAction\",\"target\":{\"@type\":\"EntryPoint\",\"urlTemplate\":\"https:\/\/vieassociative.be\/actualites\/?s={search_term_string}\"},\"query-input\":{\"@type\":\"PropertyValueSpecification\",\"valueRequired\":true,\"valueName\":\"search_term_string\"}}],\"inLanguage\":\"fr-BE\"},{\"@type\":\"Organization\",\"@id\":\"https:\/\/vieassociative.be\/actualites\/#organization\",\"name\":\"Vie Associative\",\"url\":\"https:\/\/vieassociative.be\/actualites\/\",\"logo\":{\"@type\":\"ImageObject\",\"inLanguage\":\"fr-BE\",\"@id\":\"https:\/\/vieassociative.be\/actualites\/#\/schema\/logo\/image\/\",\"url\":\"https:\/\/vieassociative.be\/actualites\/wp-content\/uploads\/2024\/09\/cropped-vieassociative_favicon.ico.png\",\"contentUrl\":\"https:\/\/vieassociative.be\/actualites\/wp-content\/uploads\/2024\/09\/cropped-vieassociative_favicon.ico.png\",\"width\":512,\"height\":512,\"caption\":\"Vie Associative\"},\"image\":{\"@id\":\"https:\/\/vieassociative.be\/actualites\/#\/schema\/logo\/image\/\"}},{\"@type\":\"Person\",\"@id\":\"https:\/\/vieassociative.be\/actualites\/#\/schema\/person\/b87ac4f82f9d4e7b7cec7395b679edc4\",\"name\":\"Julien\",\"image\":{\"@type\":\"ImageObject\",\"inLanguage\":\"fr-BE\",\"@id\":\"https:\/\/vieassociative.be\/actualites\/#\/schema\/person\/image\/\",\"url\":\"https:\/\/vieassociative.be\/actualites\/wp-content\/uploads\/2024\/09\/vie-associative-1-150x150.jpg\",\"contentUrl\":\"https:\/\/vieassociative.be\/actualites\/wp-content\/uploads\/2024\/09\/vie-associative-1-150x150.jpg\",\"caption\":\"Julien\"},\"description\":\"Je suis Julien, r\u00e9dacteur pour Vie Associative. Passionn\u00e9 par le monde associatif depuis plus de 10 ans, j'ai \u00e0 c\u0153ur de partager des histoires inspirantes et de mettre en lumi\u00e8re les initiatives locales. Mon objectif est de sensibiliser et d'encourager l'engagement communautaire \u00e0 travers mes articles.\",\"sameAs\":[\"https:\/\/vieassociative.be\/\"]}]}<\/script>\n<!-- \/ Yoast SEO plugin. -->","yoast_head_json":{"title":"Comment reconna\u00eetre les signes d'un trouble de l'alimentation chez les enfants et les adolescents | Vie Associative","robots":{"index":"index","follow":"follow","max-snippet":"max-snippet:-1","max-image-preview":"max-image-preview:large","max-video-preview":"max-video-preview:-1"},"canonical":"https:\/\/vieassociative.be\/actualites\/comment-reconnaitre-les-signes-dun-trouble-de-lalimentation-chez-les-enfants-et-les-adolescents\/","og_locale":"fr_FR","og_type":"article","og_title":"Comment reconna\u00eetre les signes d'un trouble de l'alimentation chez les enfants et les adolescents | Vie Associative","og_description":"Les troubles alimentaires chez les enfants et les adolescents sont en augmentation. Voici comment rep\u00e9rer les signes. Les troubles de l\u2019alimentation chez les enfants et","og_url":"https:\/\/vieassociative.be\/actualites\/comment-reconnaitre-les-signes-dun-trouble-de-lalimentation-chez-les-enfants-et-les-adolescents\/","og_site_name":"Vie Associative","article_published_time":"2024-12-11T17:24:47+00:00","og_image":[{"width":279,"height":92,"url":"https:\/\/vieassociative.be\/actualites\/wp-content\/uploads\/2024\/09\/header_backgroundk-01-e1726694325946.png","type":"image\/png"}],"author":"Julien","twitter_card":"summary_large_image","twitter_misc":{"\u00c9crit par":"Julien","Dur\u00e9e de lecture est.":"3 minutes"},"schema":{"@context":"https:\/\/schema.org","@graph":[{"@type":"Article","@id":"https:\/\/vieassociative.be\/actualites\/comment-reconnaitre-les-signes-dun-trouble-de-lalimentation-chez-les-enfants-et-les-adolescents\/#article","isPartOf":{"@id":"https:\/\/vieassociative.be\/actualites\/comment-reconnaitre-les-signes-dun-trouble-de-lalimentation-chez-les-enfants-et-les-adolescents\/"},"author":{"name":"Julien","@id":"https:\/\/vieassociative.be\/actualites\/#\/schema\/person\/b87ac4f82f9d4e7b7cec7395b679edc4"},"headline":"Comment reconna\u00eetre les signes d&rsquo;un trouble de l&rsquo;alimentation chez les enfants et les adolescents","datePublished":"2024-12-11T17:24:47+00:00","dateModified":"2024-12-11T17:24:47+00:00","mainEntityOfPage":{"@id":"https:\/\/vieassociative.be\/actualites\/comment-reconnaitre-les-signes-dun-trouble-de-lalimentation-chez-les-enfants-et-les-adolescents\/"},"wordCount":595,"publisher":{"@id":"https:\/\/vieassociative.be\/actualites\/#organization"},"image":{"@id":"https:\/\/vieassociative.be\/actualites\/comment-reconnaitre-les-signes-dun-trouble-de-lalimentation-chez-les-enfants-et-les-adolescents\/#primaryimage"},"thumbnailUrl":"https:\/\/vieassociative.be\/actualites\/wp-content\/uploads\/2024\/12\/Comment-reconnaitre-les-signes-dun-trouble-de-lalimentation-chez-les.jpg","keywords":["adolescents","chez","Comment","dun","enfants","lalimentation","Les","reconna\u00eetre","signes","trouble"],"articleSection":["Famille"],"inLanguage":"fr-BE"},{"@type":"WebPage","@id":"https:\/\/vieassociative.be\/actualites\/comment-reconnaitre-les-signes-dun-trouble-de-lalimentation-chez-les-enfants-et-les-adolescents\/","url":"https:\/\/vieassociative.be\/actualites\/comment-reconnaitre-les-signes-dun-trouble-de-lalimentation-chez-les-enfants-et-les-adolescents\/","name":"Comment reconna\u00eetre les signes d'un trouble de l'alimentation chez les enfants et les adolescents | Vie Associative","isPartOf":{"@id":"https:\/\/vieassociative.be\/actualites\/#website"},"primaryImageOfPage":{"@id":"https:\/\/vieassociative.be\/actualites\/comment-reconnaitre-les-signes-dun-trouble-de-lalimentation-chez-les-enfants-et-les-adolescents\/#primaryimage"},"image":{"@id":"https:\/\/vieassociative.be\/actualites\/comment-reconnaitre-les-signes-dun-trouble-de-lalimentation-chez-les-enfants-et-les-adolescents\/#primaryimage"},"thumbnailUrl":"https:\/\/vieassociative.be\/actualites\/wp-content\/uploads\/2024\/12\/Comment-reconnaitre-les-signes-dun-trouble-de-lalimentation-chez-les.jpg","datePublished":"2024-12-11T17:24:47+00:00","dateModified":"2024-12-11T17:24:47+00:00","breadcrumb":{"@id":"https:\/\/vieassociative.be\/actualites\/comment-reconnaitre-les-signes-dun-trouble-de-lalimentation-chez-les-enfants-et-les-adolescents\/#breadcrumb"},"inLanguage":"fr-BE","potentialAction":[{"@type":"ReadAction","target":["https:\/\/vieassociative.be\/actualites\/comment-reconnaitre-les-signes-dun-trouble-de-lalimentation-chez-les-enfants-et-les-adolescents\/"]}]},{"@type":"ImageObject","inLanguage":"fr-BE","@id":"https:\/\/vieassociative.be\/actualites\/comment-reconnaitre-les-signes-dun-trouble-de-lalimentation-chez-les-enfants-et-les-adolescents\/#primaryimage","url":"https:\/\/vieassociative.be\/actualites\/wp-content\/uploads\/2024\/12\/Comment-reconnaitre-les-signes-dun-trouble-de-lalimentation-chez-les.jpg","contentUrl":"https:\/\/vieassociative.be\/actualites\/wp-content\/uploads\/2024\/12\/Comment-reconnaitre-les-signes-dun-trouble-de-lalimentation-chez-les.jpg","width":1199,"height":675,"caption":"Comment reconna\u00eetre les signes d'un trouble de l'alimentation chez les enfants et les adolescents"},{"@type":"BreadcrumbList","@id":"https:\/\/vieassociative.be\/actualites\/comment-reconnaitre-les-signes-dun-trouble-de-lalimentation-chez-les-enfants-et-les-adolescents\/#breadcrumb","itemListElement":[{"@type":"ListItem","position":1,"name":"Accueil","item":"https:\/\/vieassociative.be\/actualites\/"},{"@type":"ListItem","position":2,"name":"Comment reconna\u00eetre les signes d&rsquo;un trouble de l&rsquo;alimentation chez les enfants et les adolescents"}]},{"@type":"WebSite","@id":"https:\/\/vieassociative.be\/actualites\/#website","url":"https:\/\/vieassociative.be\/actualites\/","name":"Vie Associative","description":"","publisher":{"@id":"https:\/\/vieassociative.be\/actualites\/#organization"},"potentialAction":[{"@type":"SearchAction","target":{"@type":"EntryPoint","urlTemplate":"https:\/\/vieassociative.be\/actualites\/?s={search_term_string}"},"query-input":{"@type":"PropertyValueSpecification","valueRequired":true,"valueName":"search_term_string"}}],"inLanguage":"fr-BE"},{"@type":"Organization","@id":"https:\/\/vieassociative.be\/actualites\/#organization","name":"Vie Associative","url":"https:\/\/vieassociative.be\/actualites\/","logo":{"@type":"ImageObject","inLanguage":"fr-BE","@id":"https:\/\/vieassociative.be\/actualites\/#\/schema\/logo\/image\/","url":"https:\/\/vieassociative.be\/actualites\/wp-content\/uploads\/2024\/09\/cropped-vieassociative_favicon.ico.png","contentUrl":"https:\/\/vieassociative.be\/actualites\/wp-content\/uploads\/2024\/09\/cropped-vieassociative_favicon.ico.png","width":512,"height":512,"caption":"Vie Associative"},"image":{"@id":"https:\/\/vieassociative.be\/actualites\/#\/schema\/logo\/image\/"}},{"@type":"Person","@id":"https:\/\/vieassociative.be\/actualites\/#\/schema\/person\/b87ac4f82f9d4e7b7cec7395b679edc4","name":"Julien","image":{"@type":"ImageObject","inLanguage":"fr-BE","@id":"https:\/\/vieassociative.be\/actualites\/#\/schema\/person\/image\/","url":"https:\/\/vieassociative.be\/actualites\/wp-content\/uploads\/2024\/09\/vie-associative-1-150x150.jpg","contentUrl":"https:\/\/vieassociative.be\/actualites\/wp-content\/uploads\/2024\/09\/vie-associative-1-150x150.jpg","caption":"Julien"},"description":"Je suis Julien, r\u00e9dacteur pour Vie Associative. Passionn\u00e9 par le monde associatif depuis plus de 10 ans, j'ai \u00e0 c\u0153ur de partager des histoires inspirantes et de mettre en lumi\u00e8re les initiatives locales. Mon objectif est de sensibiliser et d'encourager l'engagement communautaire \u00e0 travers mes articles.","sameAs":["https:\/\/vieassociative.be\/"]}]}},"_links":{"self":[{"href":"https:\/\/vieassociative.be\/actualites\/wp-json\/wp\/v2\/posts\/3294"}],"collection":[{"href":"https:\/\/vieassociative.be\/actualites\/wp-json\/wp\/v2\/posts"}],"about":[{"href":"https:\/\/vieassociative.be\/actualites\/wp-json\/wp\/v2\/types\/post"}],"author":[{"embeddable":true,"href":"https:\/\/vieassociative.be\/actualites\/wp-json\/wp\/v2\/users\/1"}],"replies":[{"embeddable":true,"href":"https:\/\/vieassociative.be\/actualites\/wp-json\/wp\/v2\/comments?post=3294"}],"version-history":[{"count":0,"href":"https:\/\/vieassociative.be\/actualites\/wp-json\/wp\/v2\/posts\/3294\/revisions"}],"wp:featuredmedia":[{"embeddable":true,"href":"https:\/\/vieassociative.be\/actualites\/wp-json\/wp\/v2\/media\/3295"}],"wp:attachment":[{"href":"https:\/\/vieassociative.be\/actualites\/wp-json\/wp\/v2\/media?parent=3294"}],"wp:term":[{"taxonomy":"category","embeddable":true,"href":"https:\/\/vieassociative.be\/actualites\/wp-json\/wp\/v2\/categories?post=3294"},{"taxonomy":"post_tag","embeddable":true,"href":"https:\/\/vieassociative.be\/actualites\/wp-json\/wp\/v2\/tags?post=3294"}],"curies":[{"name":"wp","href":"https:\/\/api.w.org\/{rel}","templated":true}]}}